{"id":10016,"date":"2021-10-07T00:01:00","date_gmt":"2021-10-06T23:01:00","guid":{"rendered":"https:\/\/lasentinelle.dz\/?p=10016"},"modified":"2021-10-06T15:41:30","modified_gmt":"2021-10-06T14:41:30","slug":"a-j-1-du-match-face-au-niger-pleine-determination-chez-les-joueurs","status":"publish","type":"post","link":"https:\/\/lasentinelle.dz\/index.php\/2021\/10\/07\/a-j-1-du-match-face-au-niger-pleine-determination-chez-les-joueurs\/","title":{"rendered":"A J-1 du match face au Niger : Pleine d\u00e9termination chez les joueurs"},"content":{"rendered":"\n<p>Vendredi soir, l\u2019Alg\u00e9rie accueillera le Niger, dans le cadre de la 3<sup>e<\/sup>journ\u00e9e des \u00c9liminatoires du Mondial-2022 au Qatar.<\/p>\n\n\n\n<p>La d\u00e9termination ne manque pas chez les joueurs de l\u2019\u00c9quipe nationale d\u2019Alg\u00e9rie, \u00e0 quelques heures de son match face au Niger. Un match comptant pour la 3e journ\u00e9e des \u00c9liminatoires du Mondial Qatar2022. Malgr\u00e9 les absences que le groupe enregistrera, demain, et l\u2019incertitude qui plane autour de la participation de quelques \u00e9l\u00e9ments, pour cause de blessure, ceux appel\u00e9s par le coach Djamel Belmadi veulent lui donner raison de les avoir convoqu\u00e9s. C\u2019est le cas de le dire pour Ilan Ka\u00efs Kebbal, qui honore sa premi\u00e8re s\u00e9lection. Celle-ci est amplement m\u00e9rit\u00e9e, de par les avis unanimes, au vu de ses prestations avec le Stade Reims. \u00ab J&rsquo;ai accueilli cette premi\u00e8re convocation en \u00e9quipe nationale avec beaucoup de fiert\u00e9 et un peu de surprise, car je ne m&rsquo;attendais pas \u00e0 \u00eatre appel\u00e9 en \u00e9quipe premi\u00e8re aussi t\u00f4t, mais je suis pr\u00eat \u00e0 relever le d\u00e9fi et travailler dur pour garder ma place en s\u00e9lection. Nous pr\u00e9parons le match face au Niger du mieux que possible, en analysant notamment le jeu de notre adversaire pour trouver les solutions sur le terrain le jour J \u00bb, a-t-il dit en zone mixte, repris par l\u2019Agence APS. M\u00eame son de cloche chez l\u2019autre \u00ab nouveau \u00bb, Mohamed Amine Amoura. L\u2019ancien buteur de l\u2019ES S\u00e9tif, actuellement pensionnaire du FC Lugano, (Suisse) affirme qu\u2019il attendait&nbsp; cette s\u00e9lection, notamment apr\u00e8s mon parcours la saison pass\u00e9e. \u00ab Cela prouve que le travail paye toujours \u00bb, se r\u00e9jouit-il, en ajoutant : \u00ab J&rsquo;ai \u00e9t\u00e9 tr\u00e8s bien accueilli par les autres joueurs et mon int\u00e9gration dans le groupe se passe tr\u00e8s bien. Nous pr\u00e9parons les prochains matchs avec beaucoup de s\u00e9rieux avec l&rsquo;objectif de remporter les deux matchs face au Niger. \u00bb Le groupe retenu par Belmadi a enregistr\u00e9 deux retours, \u00e0 savoir Youcef Atal&nbsp; et Abdeljalil Medioub. Le premier, qui n\u2019a pas \u00e9t\u00e9 \u00e9pargn\u00e9 par les blessures dira : \u00ab Nous nous attendons \u00e0 deux matchs difficiles, apr\u00e8s les r\u00e9sultats des deux premi\u00e8res rencontres en \u00e9liminatoires du Mondial-2022. Nous n&rsquo;avons pas droit \u00e0 l&rsquo;erreur face au Niger et les six points sont indispensables pour augmenter nos chances de qualification \u00e0 la Coupe du monde. \u00bb Il affirme que le regroupement que l\u2019\u00e9quipe effectue actuellement va permettre de corriger les erreurs et aborder la double confrontation face au Niger dans les meilleures conditions. Pour sa part, le d\u00e9fenseur des Girondins de Bordeaux s\u2019est dit \u00ab tr\u00e8s content \u00bb de revenir en EN et d&rsquo;\u00e9voluer \u00ab dans cette atmosph\u00e8re particuli\u00e8re \u00bb avec ses co\u00e9quipiers. \u00ab Nous abordons cette double confrontation face au Niger avec beaucoup de s\u00e9rieux en restant concentr\u00e9s sur notre objectif, qui est de ramener les six points. Pour ma part, je travaille dur et je reste \u00e0 la disposition du coach, s&rsquo;il fait appel \u00e0 moi pour disputer les prochaines rencontres \u00bb, conclut-il.&nbsp; De bon augure !<\/p>\n\n\n\n<p><strong>Abderrahom Mahious<\/strong><\/p>\n","protected":false},"excerpt":{"rendered":"<p>Vendredi soir, l\u2019Alg\u00e9rie accueillera le Niger, dans le cadre de la 3ejourn\u00e9e des \u00c9liminatoires du Mondial-2022 au Qatar. La d\u00e9termination<\/p>\n","protected":false},"author":3,"featured_media":10023,"comment_status":"open","ping_status":"closed","sticky":false,"template":"","format":"standard","meta":{"colormag_page_container_layout":"default_layout","colormag_page_sidebar_layout":"default_layout","om_disable_all_campaigns":false,"_monsterinsights_skip_tracking":false,"_monsterinsights_sitenote_active":false,"_monsterinsights_sitenote_note":"","_monsterinsights_sitenote_category":0,"footnotes":"","_wpscppro_dont_share_socialmedia":false,"_wpscppro_custom_social_share_image":0,"_facebook_share_type":"","_twitter_share_type":"","_linkedin_share_type":"","_pinterest_share_type":"","_linkedin_share_type_page":"","_instagram_share_type":"","_medium_share_type":"","_threads_share_type":"","_google_business_share_type":"","_selected_social_profile":[],"_wpsp_enable_custom_social_template":false,"_wpsp_social_scheduling":{"enabled":false,"datetime":null,"platforms":[],"status":"template_only","dateOption":"today","timeOption":"now","customDays":"","customHours":"","customDate":"","customTime":"","schedulingType":"absolute"},"_wpsp_active_default_template":true},"categories":[33],"tags":[],"class_list":["post-10016","post","type-post","status-publish","format-standard","has-post-thumbnail","hentry","category-sports"],"aioseo_notices":[],"yoast_head":"<!-- This site is optimized with the Yoast SEO plugin v27.5 - https:\/\/yoast.com\/product\/yoast-seo-wordpress\/ -->\n<title>A J-1 du match face au Niger : Pleine d\u00e9termination chez les joueurs - La Sentinelle<\/title>\n<meta name=\"robots\" content=\"index, follow, max-snippet:-1, max-image-preview:large, max-video-preview:-1\" \/>\n<link rel=\"canonical\" href=\"https:\/\/lasentinelle.dz\/index.php\/2021\/10\/07\/a-j-1-du-match-face-au-niger-pleine-determination-chez-les-joueurs\/\" \/>\n<meta property=\"og:locale\" content=\"fr_FR\" \/>\n<meta property=\"og:type\" content=\"article\" \/>\n<meta property=\"og:title\" content=\"A J-1 du match face au Niger : Pleine d\u00e9termination chez les joueurs - La Sentinelle\" \/>\n<meta property=\"og:description\" content=\"Vendredi soir, l\u2019Alg\u00e9rie accueillera le Niger, dans le cadre de la 3ejourn\u00e9e des \u00c9liminatoires du Mondial-2022 au Qatar. La d\u00e9termination\" \/>\n<meta property=\"og:url\" content=\"https:\/\/lasentinelle.dz\/index.php\/2021\/10\/07\/a-j-1-du-match-face-au-niger-pleine-determination-chez-les-joueurs\/\" \/>\n<meta property=\"og:site_name\" content=\"La Sentinelle\" \/>\n<meta property=\"article:publisher\" content=\"https:\/\/www.facebook.com\/La-Sentinelle-104059864394773\" \/>\n<meta property=\"article:published_time\" content=\"2021-10-06T23:01:00+00:00\" \/>\n<meta property=\"og:image\" content=\"https:\/\/lasentinelle.dz\/wp-content\/uploads\/2021\/10\/Groupe.jpg\" \/>\n\t<meta property=\"og:image:width\" content=\"960\" \/>\n\t<meta property=\"og:image:height\" content=\"640\" \/>\n\t<meta property=\"og:image:type\" content=\"image\/jpeg\" \/>\n<meta name=\"author\" content=\"La Sentinelle\" \/>\n<meta name=\"twitter:card\" content=\"summary_large_image\" \/>\n<meta name=\"twitter:label1\" content=\"\u00c9crit par\" \/>\n\t<meta name=\"twitter:data1\" content=\"La Sentinelle\" \/>\n\t<meta name=\"twitter:label2\" content=\"Dur\u00e9e de lecture estim\u00e9e\" \/>\n\t<meta name=\"twitter:data2\" content=\"3 minutes\" \/>\n<script type=\"application\/ld+json\" class=\"yoast-schema-graph\">{\"@context\":\"https:\\\/\\\/schema.org\",\"@graph\":[{\"@type\":\"Article\",\"@id\":\"https:\\\/\\\/lasentinelle.dz\\\/index.php\\\/2021\\\/10\\\/07\\\/a-j-1-du-match-face-au-niger-pleine-determination-chez-les-joueurs\\\/#article\",\"isPartOf\":{\"@id\":\"https:\\\/\\\/lasentinelle.dz\\\/index.php\\\/2021\\\/10\\\/07\\\/a-j-1-du-match-face-au-niger-pleine-determination-chez-les-joueurs\\\/\"},\"author\":{\"name\":\"La Sentinelle\",\"@id\":\"https:\\\/\\\/lasentinelle.dz\\\/#\\\/schema\\\/person\\\/d865044e22e70a75174ce8bcad3acfb3\"},\"headline\":\"A J-1 du match face au Niger : Pleine d\u00e9termination chez les joueurs\",\"datePublished\":\"2021-10-06T23:01:00+00:00\",\"mainEntityOfPage\":{\"@id\":\"https:\\\/\\\/lasentinelle.dz\\\/index.php\\\/2021\\\/10\\\/07\\\/a-j-1-du-match-face-au-niger-pleine-determination-chez-les-joueurs\\\/\"},\"wordCount\":537,\"commentCount\":0,\"publisher\":{\"@id\":\"https:\\\/\\\/lasentinelle.dz\\\/#organization\"},\"image\":{\"@id\":\"https:\\\/\\\/lasentinelle.dz\\\/index.php\\\/2021\\\/10\\\/07\\\/a-j-1-du-match-face-au-niger-pleine-determination-chez-les-joueurs\\\/#primaryimage\"},\"thumbnailUrl\":\"https:\\\/\\\/lasentinelle.dz\\\/wp-content\\\/uploads\\\/2021\\\/10\\\/Groupe.jpg\",\"articleSection\":[\"Sports\"],\"inLanguage\":\"fr-FR\",\"potentialAction\":[{\"@type\":\"CommentAction\",\"name\":\"Comment\",\"target\":[\"https:\\\/\\\/lasentinelle.dz\\\/index.php\\\/2021\\\/10\\\/07\\\/a-j-1-du-match-face-au-niger-pleine-determination-chez-les-joueurs\\\/#respond\"]}]},{\"@type\":\"WebPage\",\"@id\":\"https:\\\/\\\/lasentinelle.dz\\\/index.php\\\/2021\\\/10\\\/07\\\/a-j-1-du-match-face-au-niger-pleine-determination-chez-les-joueurs\\\/\",\"url\":\"https:\\\/\\\/lasentinelle.dz\\\/index.php\\\/2021\\\/10\\\/07\\\/a-j-1-du-match-face-au-niger-pleine-determination-chez-les-joueurs\\\/\",\"name\":\"A J-1 du match face au Niger : Pleine d\u00e9termination chez les joueurs - La Sentinelle\",\"isPartOf\":{\"@id\":\"https:\\\/\\\/lasentinelle.dz\\\/#website\"},\"primaryImageOfPage\":{\"@id\":\"https:\\\/\\\/lasentinelle.dz\\\/index.php\\\/2021\\\/10\\\/07\\\/a-j-1-du-match-face-au-niger-pleine-determination-chez-les-joueurs\\\/#primaryimage\"},\"image\":{\"@id\":\"https:\\\/\\\/lasentinelle.dz\\\/index.php\\\/2021\\\/10\\\/07\\\/a-j-1-du-match-face-au-niger-pleine-determination-chez-les-joueurs\\\/#primaryimage\"},\"thumbnailUrl\":\"https:\\\/\\\/lasentinelle.dz\\\/wp-content\\\/uploads\\\/2021\\\/10\\\/Groupe.jpg\",\"datePublished\":\"2021-10-06T23:01:00+00:00\",\"breadcrumb\":{\"@id\":\"https:\\\/\\\/lasentinelle.dz\\\/index.php\\\/2021\\\/10\\\/07\\\/a-j-1-du-match-face-au-niger-pleine-determination-chez-les-joueurs\\\/#breadcrumb\"},\"inLanguage\":\"fr-FR\",\"potentialAction\":[{\"@type\":\"ReadAction\",\"target\":[\"https:\\\/\\\/lasentinelle.dz\\\/index.php\\\/2021\\\/10\\\/07\\\/a-j-1-du-match-face-au-niger-pleine-determination-chez-les-joueurs\\\/\"]}]},{\"@type\":\"ImageObject\",\"inLanguage\":\"fr-FR\",\"@id\":\"https:\\\/\\\/lasentinelle.dz\\\/index.php\\\/2021\\\/10\\\/07\\\/a-j-1-du-match-face-au-niger-pleine-determination-chez-les-joueurs\\\/#primaryimage\",\"url\":\"https:\\\/\\\/lasentinelle.dz\\\/wp-content\\\/uploads\\\/2021\\\/10\\\/Groupe.jpg\",\"contentUrl\":\"https:\\\/\\\/lasentinelle.dz\\\/wp-content\\\/uploads\\\/2021\\\/10\\\/Groupe.jpg\",\"width\":960,\"height\":640},{\"@type\":\"BreadcrumbList\",\"@id\":\"https:\\\/\\\/lasentinelle.dz\\\/index.php\\\/2021\\\/10\\\/07\\\/a-j-1-du-match-face-au-niger-pleine-determination-chez-les-joueurs\\\/#breadcrumb\",\"itemListElement\":[{\"@type\":\"ListItem\",\"position\":1,\"name\":\"Accueil\",\"item\":\"https:\\\/\\\/lasentinelle.dz\\\/\"},{\"@type\":\"ListItem\",\"position\":2,\"name\":\"A J-1 du match face au Niger : Pleine d\u00e9termination chez les joueurs\"}]},{\"@type\":\"WebSite\",\"@id\":\"https:\\\/\\\/lasentinelle.dz\\\/#website\",\"url\":\"https:\\\/\\\/lasentinelle.dz\\\/\",\"name\":\"La Sentinelle\",\"description\":\"Quotidien national d&#039;information\",\"publisher\":{\"@id\":\"https:\\\/\\\/lasentinelle.dz\\\/#organization\"},\"potentialAction\":[{\"@type\":\"SearchAction\",\"target\":{\"@type\":\"EntryPoint\",\"urlTemplate\":\"https:\\\/\\\/lasentinelle.dz\\\/?s={search_term_string}\"},\"query-input\":{\"@type\":\"PropertyValueSpecification\",\"valueRequired\":true,\"valueName\":\"search_term_string\"}}],\"inLanguage\":\"fr-FR\"},{\"@type\":\"Organization\",\"@id\":\"https:\\\/\\\/lasentinelle.dz\\\/#organization\",\"name\":\"Quotidien La Sentinelle\",\"url\":\"https:\\\/\\\/lasentinelle.dz\\\/\",\"logo\":{\"@type\":\"ImageObject\",\"inLanguage\":\"fr-FR\",\"@id\":\"https:\\\/\\\/lasentinelle.dz\\\/#\\\/schema\\\/logo\\\/image\\\/\",\"url\":\"https:\\\/\\\/lasentinelle.dz\\\/wp-content\\\/uploads\\\/2021\\\/09\\\/logo-sentinelleSLOGAN-1.png\",\"contentUrl\":\"https:\\\/\\\/lasentinelle.dz\\\/wp-content\\\/uploads\\\/2021\\\/09\\\/logo-sentinelleSLOGAN-1.png\",\"width\":615,\"height\":142,\"caption\":\"Quotidien La Sentinelle\"},\"image\":{\"@id\":\"https:\\\/\\\/lasentinelle.dz\\\/#\\\/schema\\\/logo\\\/image\\\/\"},\"sameAs\":[\"https:\\\/\\\/www.facebook.com\\\/La-Sentinelle-104059864394773\"]},{\"@type\":\"Person\",\"@id\":\"https:\\\/\\\/lasentinelle.dz\\\/#\\\/schema\\\/person\\\/d865044e22e70a75174ce8bcad3acfb3\",\"name\":\"La Sentinelle\",\"image\":{\"@type\":\"ImageObject\",\"inLanguage\":\"fr-FR\",\"@id\":\"https:\\\/\\\/secure.gravatar.com\\\/avatar\\\/57de8e5d4b15d43fb361a71fbb36338450fe67865b528a43dd10ef7c51a20392?s=96&d=mm&r=g\",\"url\":\"https:\\\/\\\/secure.gravatar.com\\\/avatar\\\/57de8e5d4b15d43fb361a71fbb36338450fe67865b528a43dd10ef7c51a20392?s=96&d=mm&r=g\",\"contentUrl\":\"https:\\\/\\\/secure.gravatar.com\\\/avatar\\\/57de8e5d4b15d43fb361a71fbb36338450fe67865b528a43dd10ef7c51a20392?s=96&d=mm&r=g\",\"caption\":\"La Sentinelle\"},\"sameAs\":[\"http:\\\/\\\/www.lasentinelle.dz\"],\"url\":\"https:\\\/\\\/lasentinelle.dz\\\/author\\\/redaction\\\/\"}]}<\/script>\n<!-- \/ Yoast SEO plugin. -->","yoast_head_json":{"title":"A J-1 du match face au Niger : Pleine d\u00e9termination chez les joueurs - La Sentinelle","robots":{"index":"index","follow":"follow","max-snippet":"max-snippet:-1","max-image-preview":"max-image-preview:large","max-video-preview":"max-video-preview:-1"},"canonical":"https:\/\/lasentinelle.dz\/index.php\/2021\/10\/07\/a-j-1-du-match-face-au-niger-pleine-determination-chez-les-joueurs\/","og_locale":"fr_FR","og_type":"article","og_title":"A J-1 du match face au Niger : Pleine d\u00e9termination chez les joueurs - La Sentinelle","og_description":"Vendredi soir, l\u2019Alg\u00e9rie accueillera le Niger, dans le cadre de la 3ejourn\u00e9e des \u00c9liminatoires du Mondial-2022 au Qatar. La d\u00e9termination","og_url":"https:\/\/lasentinelle.dz\/index.php\/2021\/10\/07\/a-j-1-du-match-face-au-niger-pleine-determination-chez-les-joueurs\/","og_site_name":"La Sentinelle","article_publisher":"https:\/\/www.facebook.com\/La-Sentinelle-104059864394773","article_published_time":"2021-10-06T23:01:00+00:00","og_image":[{"width":960,"height":640,"url":"https:\/\/lasentinelle.dz\/wp-content\/uploads\/2021\/10\/Groupe.jpg","type":"image\/jpeg"}],"author":"La Sentinelle","twitter_card":"summary_large_image","twitter_misc":{"\u00c9crit par":"La Sentinelle","Dur\u00e9e de lecture estim\u00e9e":"3 minutes"},"schema":{"@context":"https:\/\/schema.org","@graph":[{"@type":"Article","@id":"https:\/\/lasentinelle.dz\/index.php\/2021\/10\/07\/a-j-1-du-match-face-au-niger-pleine-determination-chez-les-joueurs\/#article","isPartOf":{"@id":"https:\/\/lasentinelle.dz\/index.php\/2021\/10\/07\/a-j-1-du-match-face-au-niger-pleine-determination-chez-les-joueurs\/"},"author":{"name":"La Sentinelle","@id":"https:\/\/lasentinelle.dz\/#\/schema\/person\/d865044e22e70a75174ce8bcad3acfb3"},"headline":"A J-1 du match face au Niger : Pleine d\u00e9termination chez les joueurs","datePublished":"2021-10-06T23:01:00+00:00","mainEntityOfPage":{"@id":"https:\/\/lasentinelle.dz\/index.php\/2021\/10\/07\/a-j-1-du-match-face-au-niger-pleine-determination-chez-les-joueurs\/"},"wordCount":537,"commentCount":0,"publisher":{"@id":"https:\/\/lasentinelle.dz\/#organization"},"image":{"@id":"https:\/\/lasentinelle.dz\/index.php\/2021\/10\/07\/a-j-1-du-match-face-au-niger-pleine-determination-chez-les-joueurs\/#primaryimage"},"thumbnailUrl":"https:\/\/lasentinelle.dz\/wp-content\/uploads\/2021\/10\/Groupe.jpg","articleSection":["Sports"],"inLanguage":"fr-FR","potentialAction":[{"@type":"CommentAction","name":"Comment","target":["https:\/\/lasentinelle.dz\/index.php\/2021\/10\/07\/a-j-1-du-match-face-au-niger-pleine-determination-chez-les-joueurs\/#respond"]}]},{"@type":"WebPage","@id":"https:\/\/lasentinelle.dz\/index.php\/2021\/10\/07\/a-j-1-du-match-face-au-niger-pleine-determination-chez-les-joueurs\/","url":"https:\/\/lasentinelle.dz\/index.php\/2021\/10\/07\/a-j-1-du-match-face-au-niger-pleine-determination-chez-les-joueurs\/","name":"A J-1 du match face au Niger : Pleine d\u00e9termination chez les joueurs - La Sentinelle","isPartOf":{"@id":"https:\/\/lasentinelle.dz\/#website"},"primaryImageOfPage":{"@id":"https:\/\/lasentinelle.dz\/index.php\/2021\/10\/07\/a-j-1-du-match-face-au-niger-pleine-determination-chez-les-joueurs\/#primaryimage"},"image":{"@id":"https:\/\/lasentinelle.dz\/index.php\/2021\/10\/07\/a-j-1-du-match-face-au-niger-pleine-determination-chez-les-joueurs\/#primaryimage"},"thumbnailUrl":"https:\/\/lasentinelle.dz\/wp-content\/uploads\/2021\/10\/Groupe.jpg","datePublished":"2021-10-06T23:01:00+00:00","breadcrumb":{"@id":"https:\/\/lasentinelle.dz\/index.php\/2021\/10\/07\/a-j-1-du-match-face-au-niger-pleine-determination-chez-les-joueurs\/#breadcrumb"},"inLanguage":"fr-FR","potentialAction":[{"@type":"ReadAction","target":["https:\/\/lasentinelle.dz\/index.php\/2021\/10\/07\/a-j-1-du-match-face-au-niger-pleine-determination-chez-les-joueurs\/"]}]},{"@type":"ImageObject","inLanguage":"fr-FR","@id":"https:\/\/lasentinelle.dz\/index.php\/2021\/10\/07\/a-j-1-du-match-face-au-niger-pleine-determination-chez-les-joueurs\/#primaryimage","url":"https:\/\/lasentinelle.dz\/wp-content\/uploads\/2021\/10\/Groupe.jpg","contentUrl":"https:\/\/lasentinelle.dz\/wp-content\/uploads\/2021\/10\/Groupe.jpg","width":960,"height":640},{"@type":"BreadcrumbList","@id":"https:\/\/lasentinelle.dz\/index.php\/2021\/10\/07\/a-j-1-du-match-face-au-niger-pleine-determination-chez-les-joueurs\/#breadcrumb","itemListElement":[{"@type":"ListItem","position":1,"name":"Accueil","item":"https:\/\/lasentinelle.dz\/"},{"@type":"ListItem","position":2,"name":"A J-1 du match face au Niger : Pleine d\u00e9termination chez les joueurs"}]},{"@type":"WebSite","@id":"https:\/\/lasentinelle.dz\/#website","url":"https:\/\/lasentinelle.dz\/","name":"La Sentinelle","description":"Quotidien national d&#039;information","publisher":{"@id":"https:\/\/lasentinelle.dz\/#organization"},"potentialAction":[{"@type":"SearchAction","target":{"@type":"EntryPoint","urlTemplate":"https:\/\/lasentinelle.dz\/?s={search_term_string}"},"query-input":{"@type":"PropertyValueSpecification","valueRequired":true,"valueName":"search_term_string"}}],"inLanguage":"fr-FR"},{"@type":"Organization","@id":"https:\/\/lasentinelle.dz\/#organization","name":"Quotidien La Sentinelle","url":"https:\/\/lasentinelle.dz\/","logo":{"@type":"ImageObject","inLanguage":"fr-FR","@id":"https:\/\/lasentinelle.dz\/#\/schema\/logo\/image\/","url":"https:\/\/lasentinelle.dz\/wp-content\/uploads\/2021\/09\/logo-sentinelleSLOGAN-1.png","contentUrl":"https:\/\/lasentinelle.dz\/wp-content\/uploads\/2021\/09\/logo-sentinelleSLOGAN-1.png","width":615,"height":142,"caption":"Quotidien La Sentinelle"},"image":{"@id":"https:\/\/lasentinelle.dz\/#\/schema\/logo\/image\/"},"sameAs":["https:\/\/www.facebook.com\/La-Sentinelle-104059864394773"]},{"@type":"Person","@id":"https:\/\/lasentinelle.dz\/#\/schema\/person\/d865044e22e70a75174ce8bcad3acfb3","name":"La Sentinelle","image":{"@type":"ImageObject","inLanguage":"fr-FR","@id":"https:\/\/secure.gravatar.com\/avatar\/57de8e5d4b15d43fb361a71fbb36338450fe67865b528a43dd10ef7c51a20392?s=96&d=mm&r=g","url":"https:\/\/secure.gravatar.com\/avatar\/57de8e5d4b15d43fb361a71fbb36338450fe67865b528a43dd10ef7c51a20392?s=96&d=mm&r=g","contentUrl":"https:\/\/secure.gravatar.com\/avatar\/57de8e5d4b15d43fb361a71fbb36338450fe67865b528a43dd10ef7c51a20392?s=96&d=mm&r=g","caption":"La Sentinelle"},"sameAs":["http:\/\/www.lasentinelle.dz"],"url":"https:\/\/lasentinelle.dz\/author\/redaction\/"}]}},"_links":{"self":[{"href":"https:\/\/lasentinelle.dz\/index.php\/wp-json\/wp\/v2\/posts\/10016","targetHints":{"allow":["GET"]}}],"collection":[{"href":"https:\/\/lasentinelle.dz\/index.php\/wp-json\/wp\/v2\/posts"}],"about":[{"href":"https:\/\/lasentinelle.dz\/index.php\/wp-json\/wp\/v2\/types\/post"}],"author":[{"embeddable":true,"href":"https:\/\/lasentinelle.dz\/index.php\/wp-json\/wp\/v2\/users\/3"}],"replies":[{"embeddable":true,"href":"https:\/\/lasentinelle.dz\/index.php\/wp-json\/wp\/v2\/comments?post=10016"}],"version-history":[{"count":1,"href":"https:\/\/lasentinelle.dz\/index.php\/wp-json\/wp\/v2\/posts\/10016\/revisions"}],"predecessor-version":[{"id":10024,"href":"https:\/\/lasentinelle.dz\/index.php\/wp-json\/wp\/v2\/posts\/10016\/revisions\/10024"}],"wp:featuredmedia":[{"embeddable":true,"href":"https:\/\/lasentinelle.dz\/index.php\/wp-json\/wp\/v2\/media\/10023"}],"wp:attachment":[{"href":"https:\/\/lasentinelle.dz\/index.php\/wp-json\/wp\/v2\/media?parent=10016"}],"wp:term":[{"taxonomy":"category","embeddable":true,"href":"https:\/\/lasentinelle.dz\/index.php\/wp-json\/wp\/v2\/categories?post=10016"},{"taxonomy":"post_tag","embeddable":true,"href":"https:\/\/lasentinelle.dz\/index.php\/wp-json\/wp\/v2\/tags?post=10016"}],"curies":[{"name":"wp","href":"https:\/\/api.w.org\/{rel}","templated":true}]}}