{"id":10041,"date":"2021-10-07T00:01:00","date_gmt":"2021-10-06T23:01:00","guid":{"rendered":"https:\/\/lasentinelle.dz\/?p=10041"},"modified":"2021-10-06T16:37:13","modified_gmt":"2021-10-06T15:37:13","slug":"flambee-des-prix-des-produits-de-large-consommation-a-annaba-le-diktat-des-speculateurs","status":"publish","type":"post","link":"https:\/\/lasentinelle.dz\/index.php\/2021\/10\/07\/flambee-des-prix-des-produits-de-large-consommation-a-annaba-le-diktat-des-speculateurs\/","title":{"rendered":"Flamb\u00e9e des prix des produits de large consommation \u00e0 Annaba : Le diktat des sp\u00e9culateurs"},"content":{"rendered":"\n<p>La hausse des prix des diff\u00e9rents produits de large consommation a atteint des proportions in\u00e9dites \u00e0 Annaba.<\/p>\n\n\n\n<p>Les prix des fruits et l\u00e9gumes, p\u00e2tes, sucre et caf\u00e9 ainsi que des l\u00e9gumes secs entre autres produits de large consommation, ont flamb\u00e9e et mettent le pouvoir d\u2019achat des m\u00e9nages \u00e0 rude \u00e9preuve, d\u00e9j\u00e0 malmen\u00e9 par la chert\u00e9 du poulet, dont le prix&nbsp; atteint les 500 DA\/kg et la pomme de terre c\u00e9d\u00e9e \u00e0 110 DA\/kg.&nbsp; C\u2019est sans oublier les rumeurs sur une possible p\u00e9nurie de l\u2019huile de table, distill\u00e9es dans le seul objectif de pousser les consommateurs \u00e0 se ruer sur les grandes surfaces et les magasins d\u2019alimentation g\u00e9n\u00e9rale, pour s\u2019approvisionner en ce produit de base pour la cuisine. Une fake news qui a affect\u00e9 la s\u00e9r\u00e9nit\u00e9 des populations. En effet,&nbsp; depuis quelques jours,&nbsp; c\u2019est&nbsp; l\u2019alerte g\u00e9n\u00e9rale&nbsp; \u00e0 Annaba. Il suffit de faire un tour dans les espaces commerciaux de toute la wilaya pour constater l\u2019ampleur de la d\u00e9solation&nbsp; provoqu\u00e9e par la fausse information, sur une pr\u00e9tendue p\u00e9nurie de l\u2019huile de table. Une rumeur aliment\u00e9e \u00e0 dessein dans un objectif purement sp\u00e9culatif. Aussit\u00f4t&nbsp; le prix du bidon de 5L a augment\u00e9 de 50 DA. Idem pour la bouteille de 2L&nbsp; et de 1 L. Une situation qui n\u2019a pas laiss\u00e9 pour autant indiff\u00e9rente, la direction du commerce de la wilaya d\u2019Annaba. Selon un communiqu\u00e9 publi\u00e9 sur sa page Facebook, la DCP d\u2019Annaba a d\u00e9menti l\u2019information et a indiqu\u00e9 que ses services sont \u00e0 pied d\u2019\u0153uvre pour superviser l\u2019approvisionnement du march\u00e9 en tous produits de premi\u00e8re n\u00e9cessit\u00e9. Ces dernierssont disponibles en quantit\u00e9s suffisantes au niveau des stocks, a ajout\u00e9 le m\u00eame communiqu\u00e9. Dans le d\u00e9tail, la m\u00eame source \u00e0 fait \u00e9tat de la situation des stocks pour les deux marques d\u2019huiles, Cevital et La Belle en l\u2019occurrence. Les deux entreprises disposent d\u2019un stock de 31.572 bidons de 5 L . Un stock auquel s&rsquo;ajoutent les milliers de bouteilles de 2L et 1 l. Des r\u00e9serves qui ne peuvent en aucun cas causer une rupture des stocks en raison de la production continue des deux entreprises.<\/p>\n\n\n\n<p><strong>Sofia Chahine<\/strong><\/p>\n","protected":false},"excerpt":{"rendered":"<p>La hausse des prix des diff\u00e9rents produits de large consommation a atteint des proportions in\u00e9dites \u00e0 Annaba. Les prix des<\/p>\n","protected":false},"author":3,"featured_media":10050,"comment_status":"open","ping_status":"closed","sticky":false,"template":"","format":"standard","meta":{"colormag_page_container_layout":"default_layout","colormag_page_sidebar_layout":"default_layout","om_disable_all_campaigns":false,"_monsterinsights_skip_tracking":false,"_monsterinsights_sitenote_active":false,"_monsterinsights_sitenote_note":"","_monsterinsights_sitenote_category":0,"footnotes":"","_wpscppro_dont_share_socialmedia":false,"_wpscppro_custom_social_share_image":0,"_facebook_share_type":"","_twitter_share_type":"","_linkedin_share_type":"","_pinterest_share_type":"","_linkedin_share_type_page":"","_instagram_share_type":"","_medium_share_type":"","_threads_share_type":"","_google_business_share_type":"","_selected_social_profile":[],"_wpsp_enable_custom_social_template":false,"_wpsp_social_scheduling":{"enabled":false,"datetime":null,"platforms":[],"status":"template_only","dateOption":"today","timeOption":"now","customDays":"","customHours":"","customDate":"","customTime":"","schedulingType":"absolute"},"_wpsp_active_default_template":true},"categories":[31],"tags":[],"class_list":["post-10041","post","type-post","status-publish","format-standard","has-post-thumbnail","hentry","category-regions"],"aioseo_notices":[],"yoast_head":"<!-- This site is optimized with the Yoast SEO plugin v27.5 - https:\/\/yoast.com\/product\/yoast-seo-wordpress\/ -->\n<title>Flamb\u00e9e des prix des produits de large consommation \u00e0 Annaba : Le diktat des sp\u00e9culateurs - La Sentinelle<\/title>\n<meta name=\"robots\" content=\"index, follow, max-snippet:-1, max-image-preview:large, max-video-preview:-1\" \/>\n<link rel=\"canonical\" href=\"https:\/\/lasentinelle.dz\/index.php\/2021\/10\/07\/flambee-des-prix-des-produits-de-large-consommation-a-annaba-le-diktat-des-speculateurs\/\" \/>\n<meta property=\"og:locale\" content=\"fr_FR\" \/>\n<meta property=\"og:type\" content=\"article\" \/>\n<meta property=\"og:title\" content=\"Flamb\u00e9e des prix des produits de large consommation \u00e0 Annaba : Le diktat des sp\u00e9culateurs - La Sentinelle\" \/>\n<meta property=\"og:description\" content=\"La hausse des prix des diff\u00e9rents produits de large consommation a atteint des proportions in\u00e9dites \u00e0 Annaba. Les prix des\" \/>\n<meta property=\"og:url\" content=\"https:\/\/lasentinelle.dz\/index.php\/2021\/10\/07\/flambee-des-prix-des-produits-de-large-consommation-a-annaba-le-diktat-des-speculateurs\/\" \/>\n<meta property=\"og:site_name\" content=\"La Sentinelle\" \/>\n<meta property=\"article:publisher\" content=\"https:\/\/www.facebook.com\/La-Sentinelle-104059864394773\" \/>\n<meta property=\"article:published_time\" content=\"2021-10-06T23:01:00+00:00\" \/>\n<meta property=\"og:image\" content=\"https:\/\/lasentinelle.dz\/wp-content\/uploads\/2021\/10\/marche.png\" \/>\n\t<meta property=\"og:image:width\" content=\"592\" \/>\n\t<meta property=\"og:image:height\" content=\"393\" \/>\n\t<meta property=\"og:image:type\" content=\"image\/png\" \/>\n<meta name=\"author\" content=\"La Sentinelle\" \/>\n<meta name=\"twitter:card\" content=\"summary_large_image\" \/>\n<meta name=\"twitter:label1\" content=\"\u00c9crit par\" \/>\n\t<meta name=\"twitter:data1\" content=\"La Sentinelle\" \/>\n\t<meta name=\"twitter:label2\" content=\"Dur\u00e9e de lecture estim\u00e9e\" \/>\n\t<meta name=\"twitter:data2\" content=\"2 minutes\" \/>\n<script type=\"application\/ld+json\" class=\"yoast-schema-graph\">{\"@context\":\"https:\\\/\\\/schema.org\",\"@graph\":[{\"@type\":\"Article\",\"@id\":\"https:\\\/\\\/lasentinelle.dz\\\/index.php\\\/2021\\\/10\\\/07\\\/flambee-des-prix-des-produits-de-large-consommation-a-annaba-le-diktat-des-speculateurs\\\/#article\",\"isPartOf\":{\"@id\":\"https:\\\/\\\/lasentinelle.dz\\\/index.php\\\/2021\\\/10\\\/07\\\/flambee-des-prix-des-produits-de-large-consommation-a-annaba-le-diktat-des-speculateurs\\\/\"},\"author\":{\"name\":\"La Sentinelle\",\"@id\":\"https:\\\/\\\/lasentinelle.dz\\\/#\\\/schema\\\/person\\\/d865044e22e70a75174ce8bcad3acfb3\"},\"headline\":\"Flamb\u00e9e des prix des produits de large consommation \u00e0 Annaba : Le diktat des sp\u00e9culateurs\",\"datePublished\":\"2021-10-06T23:01:00+00:00\",\"mainEntityOfPage\":{\"@id\":\"https:\\\/\\\/lasentinelle.dz\\\/index.php\\\/2021\\\/10\\\/07\\\/flambee-des-prix-des-produits-de-large-consommation-a-annaba-le-diktat-des-speculateurs\\\/\"},\"wordCount\":407,\"commentCount\":0,\"publisher\":{\"@id\":\"https:\\\/\\\/lasentinelle.dz\\\/#organization\"},\"image\":{\"@id\":\"https:\\\/\\\/lasentinelle.dz\\\/index.php\\\/2021\\\/10\\\/07\\\/flambee-des-prix-des-produits-de-large-consommation-a-annaba-le-diktat-des-speculateurs\\\/#primaryimage\"},\"thumbnailUrl\":\"https:\\\/\\\/lasentinelle.dz\\\/wp-content\\\/uploads\\\/2021\\\/10\\\/marche.png\",\"articleSection\":[\"R\u00e9gions\"],\"inLanguage\":\"fr-FR\",\"potentialAction\":[{\"@type\":\"CommentAction\",\"name\":\"Comment\",\"target\":[\"https:\\\/\\\/lasentinelle.dz\\\/index.php\\\/2021\\\/10\\\/07\\\/flambee-des-prix-des-produits-de-large-consommation-a-annaba-le-diktat-des-speculateurs\\\/#respond\"]}]},{\"@type\":\"WebPage\",\"@id\":\"https:\\\/\\\/lasentinelle.dz\\\/index.php\\\/2021\\\/10\\\/07\\\/flambee-des-prix-des-produits-de-large-consommation-a-annaba-le-diktat-des-speculateurs\\\/\",\"url\":\"https:\\\/\\\/lasentinelle.dz\\\/index.php\\\/2021\\\/10\\\/07\\\/flambee-des-prix-des-produits-de-large-consommation-a-annaba-le-diktat-des-speculateurs\\\/\",\"name\":\"Flamb\u00e9e des prix des produits de large consommation \u00e0 Annaba : Le diktat des sp\u00e9culateurs - La Sentinelle\",\"isPartOf\":{\"@id\":\"https:\\\/\\\/lasentinelle.dz\\\/#website\"},\"primaryImageOfPage\":{\"@id\":\"https:\\\/\\\/lasentinelle.dz\\\/index.php\\\/2021\\\/10\\\/07\\\/flambee-des-prix-des-produits-de-large-consommation-a-annaba-le-diktat-des-speculateurs\\\/#primaryimage\"},\"image\":{\"@id\":\"https:\\\/\\\/lasentinelle.dz\\\/index.php\\\/2021\\\/10\\\/07\\\/flambee-des-prix-des-produits-de-large-consommation-a-annaba-le-diktat-des-speculateurs\\\/#primaryimage\"},\"thumbnailUrl\":\"https:\\\/\\\/lasentinelle.dz\\\/wp-content\\\/uploads\\\/2021\\\/10\\\/marche.png\",\"datePublished\":\"2021-10-06T23:01:00+00:00\",\"breadcrumb\":{\"@id\":\"https:\\\/\\\/lasentinelle.dz\\\/index.php\\\/2021\\\/10\\\/07\\\/flambee-des-prix-des-produits-de-large-consommation-a-annaba-le-diktat-des-speculateurs\\\/#breadcrumb\"},\"inLanguage\":\"fr-FR\",\"potentialAction\":[{\"@type\":\"ReadAction\",\"target\":[\"https:\\\/\\\/lasentinelle.dz\\\/index.php\\\/2021\\\/10\\\/07\\\/flambee-des-prix-des-produits-de-large-consommation-a-annaba-le-diktat-des-speculateurs\\\/\"]}]},{\"@type\":\"ImageObject\",\"inLanguage\":\"fr-FR\",\"@id\":\"https:\\\/\\\/lasentinelle.dz\\\/index.php\\\/2021\\\/10\\\/07\\\/flambee-des-prix-des-produits-de-large-consommation-a-annaba-le-diktat-des-speculateurs\\\/#primaryimage\",\"url\":\"https:\\\/\\\/lasentinelle.dz\\\/wp-content\\\/uploads\\\/2021\\\/10\\\/marche.png\",\"contentUrl\":\"https:\\\/\\\/lasentinelle.dz\\\/wp-content\\\/uploads\\\/2021\\\/10\\\/marche.png\",\"width\":592,\"height\":393},{\"@type\":\"BreadcrumbList\",\"@id\":\"https:\\\/\\\/lasentinelle.dz\\\/index.php\\\/2021\\\/10\\\/07\\\/flambee-des-prix-des-produits-de-large-consommation-a-annaba-le-diktat-des-speculateurs\\\/#breadcrumb\",\"itemListElement\":[{\"@type\":\"ListItem\",\"position\":1,\"name\":\"Accueil\",\"item\":\"https:\\\/\\\/lasentinelle.dz\\\/\"},{\"@type\":\"ListItem\",\"position\":2,\"name\":\"Flamb\u00e9e des prix des produits de large consommation \u00e0 Annaba : Le diktat des sp\u00e9culateurs\"}]},{\"@type\":\"WebSite\",\"@id\":\"https:\\\/\\\/lasentinelle.dz\\\/#website\",\"url\":\"https:\\\/\\\/lasentinelle.dz\\\/\",\"name\":\"La Sentinelle\",\"description\":\"Quotidien national d&#039;information\",\"publisher\":{\"@id\":\"https:\\\/\\\/lasentinelle.dz\\\/#organization\"},\"potentialAction\":[{\"@type\":\"SearchAction\",\"target\":{\"@type\":\"EntryPoint\",\"urlTemplate\":\"https:\\\/\\\/lasentinelle.dz\\\/?s={search_term_string}\"},\"query-input\":{\"@type\":\"PropertyValueSpecification\",\"valueRequired\":true,\"valueName\":\"search_term_string\"}}],\"inLanguage\":\"fr-FR\"},{\"@type\":\"Organization\",\"@id\":\"https:\\\/\\\/lasentinelle.dz\\\/#organization\",\"name\":\"Quotidien La Sentinelle\",\"url\":\"https:\\\/\\\/lasentinelle.dz\\\/\",\"logo\":{\"@type\":\"ImageObject\",\"inLanguage\":\"fr-FR\",\"@id\":\"https:\\\/\\\/lasentinelle.dz\\\/#\\\/schema\\\/logo\\\/image\\\/\",\"url\":\"https:\\\/\\\/lasentinelle.dz\\\/wp-content\\\/uploads\\\/2021\\\/09\\\/logo-sentinelleSLOGAN-1.png\",\"contentUrl\":\"https:\\\/\\\/lasentinelle.dz\\\/wp-content\\\/uploads\\\/2021\\\/09\\\/logo-sentinelleSLOGAN-1.png\",\"width\":615,\"height\":142,\"caption\":\"Quotidien La Sentinelle\"},\"image\":{\"@id\":\"https:\\\/\\\/lasentinelle.dz\\\/#\\\/schema\\\/logo\\\/image\\\/\"},\"sameAs\":[\"https:\\\/\\\/www.facebook.com\\\/La-Sentinelle-104059864394773\"]},{\"@type\":\"Person\",\"@id\":\"https:\\\/\\\/lasentinelle.dz\\\/#\\\/schema\\\/person\\\/d865044e22e70a75174ce8bcad3acfb3\",\"name\":\"La Sentinelle\",\"image\":{\"@type\":\"ImageObject\",\"inLanguage\":\"fr-FR\",\"@id\":\"https:\\\/\\\/secure.gravatar.com\\\/avatar\\\/57de8e5d4b15d43fb361a71fbb36338450fe67865b528a43dd10ef7c51a20392?s=96&d=mm&r=g\",\"url\":\"https:\\\/\\\/secure.gravatar.com\\\/avatar\\\/57de8e5d4b15d43fb361a71fbb36338450fe67865b528a43dd10ef7c51a20392?s=96&d=mm&r=g\",\"contentUrl\":\"https:\\\/\\\/secure.gravatar.com\\\/avatar\\\/57de8e5d4b15d43fb361a71fbb36338450fe67865b528a43dd10ef7c51a20392?s=96&d=mm&r=g\",\"caption\":\"La Sentinelle\"},\"sameAs\":[\"http:\\\/\\\/www.lasentinelle.dz\"],\"url\":\"https:\\\/\\\/lasentinelle.dz\\\/author\\\/redaction\\\/\"}]}<\/script>\n<!-- \/ Yoast SEO plugin. -->","yoast_head_json":{"title":"Flamb\u00e9e des prix des produits de large consommation \u00e0 Annaba : Le diktat des sp\u00e9culateurs - La Sentinelle","robots":{"index":"index","follow":"follow","max-snippet":"max-snippet:-1","max-image-preview":"max-image-preview:large","max-video-preview":"max-video-preview:-1"},"canonical":"https:\/\/lasentinelle.dz\/index.php\/2021\/10\/07\/flambee-des-prix-des-produits-de-large-consommation-a-annaba-le-diktat-des-speculateurs\/","og_locale":"fr_FR","og_type":"article","og_title":"Flamb\u00e9e des prix des produits de large consommation \u00e0 Annaba : Le diktat des sp\u00e9culateurs - La Sentinelle","og_description":"La hausse des prix des diff\u00e9rents produits de large consommation a atteint des proportions in\u00e9dites \u00e0 Annaba. Les prix des","og_url":"https:\/\/lasentinelle.dz\/index.php\/2021\/10\/07\/flambee-des-prix-des-produits-de-large-consommation-a-annaba-le-diktat-des-speculateurs\/","og_site_name":"La Sentinelle","article_publisher":"https:\/\/www.facebook.com\/La-Sentinelle-104059864394773","article_published_time":"2021-10-06T23:01:00+00:00","og_image":[{"width":592,"height":393,"url":"https:\/\/lasentinelle.dz\/wp-content\/uploads\/2021\/10\/marche.png","type":"image\/png"}],"author":"La Sentinelle","twitter_card":"summary_large_image","twitter_misc":{"\u00c9crit par":"La Sentinelle","Dur\u00e9e de lecture estim\u00e9e":"2 minutes"},"schema":{"@context":"https:\/\/schema.org","@graph":[{"@type":"Article","@id":"https:\/\/lasentinelle.dz\/index.php\/2021\/10\/07\/flambee-des-prix-des-produits-de-large-consommation-a-annaba-le-diktat-des-speculateurs\/#article","isPartOf":{"@id":"https:\/\/lasentinelle.dz\/index.php\/2021\/10\/07\/flambee-des-prix-des-produits-de-large-consommation-a-annaba-le-diktat-des-speculateurs\/"},"author":{"name":"La Sentinelle","@id":"https:\/\/lasentinelle.dz\/#\/schema\/person\/d865044e22e70a75174ce8bcad3acfb3"},"headline":"Flamb\u00e9e des prix des produits de large consommation \u00e0 Annaba : Le diktat des sp\u00e9culateurs","datePublished":"2021-10-06T23:01:00+00:00","mainEntityOfPage":{"@id":"https:\/\/lasentinelle.dz\/index.php\/2021\/10\/07\/flambee-des-prix-des-produits-de-large-consommation-a-annaba-le-diktat-des-speculateurs\/"},"wordCount":407,"commentCount":0,"publisher":{"@id":"https:\/\/lasentinelle.dz\/#organization"},"image":{"@id":"https:\/\/lasentinelle.dz\/index.php\/2021\/10\/07\/flambee-des-prix-des-produits-de-large-consommation-a-annaba-le-diktat-des-speculateurs\/#primaryimage"},"thumbnailUrl":"https:\/\/lasentinelle.dz\/wp-content\/uploads\/2021\/10\/marche.png","articleSection":["R\u00e9gions"],"inLanguage":"fr-FR","potentialAction":[{"@type":"CommentAction","name":"Comment","target":["https:\/\/lasentinelle.dz\/index.php\/2021\/10\/07\/flambee-des-prix-des-produits-de-large-consommation-a-annaba-le-diktat-des-speculateurs\/#respond"]}]},{"@type":"WebPage","@id":"https:\/\/lasentinelle.dz\/index.php\/2021\/10\/07\/flambee-des-prix-des-produits-de-large-consommation-a-annaba-le-diktat-des-speculateurs\/","url":"https:\/\/lasentinelle.dz\/index.php\/2021\/10\/07\/flambee-des-prix-des-produits-de-large-consommation-a-annaba-le-diktat-des-speculateurs\/","name":"Flamb\u00e9e des prix des produits de large consommation \u00e0 Annaba : Le diktat des sp\u00e9culateurs - La Sentinelle","isPartOf":{"@id":"https:\/\/lasentinelle.dz\/#website"},"primaryImageOfPage":{"@id":"https:\/\/lasentinelle.dz\/index.php\/2021\/10\/07\/flambee-des-prix-des-produits-de-large-consommation-a-annaba-le-diktat-des-speculateurs\/#primaryimage"},"image":{"@id":"https:\/\/lasentinelle.dz\/index.php\/2021\/10\/07\/flambee-des-prix-des-produits-de-large-consommation-a-annaba-le-diktat-des-speculateurs\/#primaryimage"},"thumbnailUrl":"https:\/\/lasentinelle.dz\/wp-content\/uploads\/2021\/10\/marche.png","datePublished":"2021-10-06T23:01:00+00:00","breadcrumb":{"@id":"https:\/\/lasentinelle.dz\/index.php\/2021\/10\/07\/flambee-des-prix-des-produits-de-large-consommation-a-annaba-le-diktat-des-speculateurs\/#breadcrumb"},"inLanguage":"fr-FR","potentialAction":[{"@type":"ReadAction","target":["https:\/\/lasentinelle.dz\/index.php\/2021\/10\/07\/flambee-des-prix-des-produits-de-large-consommation-a-annaba-le-diktat-des-speculateurs\/"]}]},{"@type":"ImageObject","inLanguage":"fr-FR","@id":"https:\/\/lasentinelle.dz\/index.php\/2021\/10\/07\/flambee-des-prix-des-produits-de-large-consommation-a-annaba-le-diktat-des-speculateurs\/#primaryimage","url":"https:\/\/lasentinelle.dz\/wp-content\/uploads\/2021\/10\/marche.png","contentUrl":"https:\/\/lasentinelle.dz\/wp-content\/uploads\/2021\/10\/marche.png","width":592,"height":393},{"@type":"BreadcrumbList","@id":"https:\/\/lasentinelle.dz\/index.php\/2021\/10\/07\/flambee-des-prix-des-produits-de-large-consommation-a-annaba-le-diktat-des-speculateurs\/#breadcrumb","itemListElement":[{"@type":"ListItem","position":1,"name":"Accueil","item":"https:\/\/lasentinelle.dz\/"},{"@type":"ListItem","position":2,"name":"Flamb\u00e9e des prix des produits de large consommation \u00e0 Annaba : Le diktat des sp\u00e9culateurs"}]},{"@type":"WebSite","@id":"https:\/\/lasentinelle.dz\/#website","url":"https:\/\/lasentinelle.dz\/","name":"La Sentinelle","description":"Quotidien national d&#039;information","publisher":{"@id":"https:\/\/lasentinelle.dz\/#organization"},"potentialAction":[{"@type":"SearchAction","target":{"@type":"EntryPoint","urlTemplate":"https:\/\/lasentinelle.dz\/?s={search_term_string}"},"query-input":{"@type":"PropertyValueSpecification","valueRequired":true,"valueName":"search_term_string"}}],"inLanguage":"fr-FR"},{"@type":"Organization","@id":"https:\/\/lasentinelle.dz\/#organization","name":"Quotidien La Sentinelle","url":"https:\/\/lasentinelle.dz\/","logo":{"@type":"ImageObject","inLanguage":"fr-FR","@id":"https:\/\/lasentinelle.dz\/#\/schema\/logo\/image\/","url":"https:\/\/lasentinelle.dz\/wp-content\/uploads\/2021\/09\/logo-sentinelleSLOGAN-1.png","contentUrl":"https:\/\/lasentinelle.dz\/wp-content\/uploads\/2021\/09\/logo-sentinelleSLOGAN-1.png","width":615,"height":142,"caption":"Quotidien La Sentinelle"},"image":{"@id":"https:\/\/lasentinelle.dz\/#\/schema\/logo\/image\/"},"sameAs":["https:\/\/www.facebook.com\/La-Sentinelle-104059864394773"]},{"@type":"Person","@id":"https:\/\/lasentinelle.dz\/#\/schema\/person\/d865044e22e70a75174ce8bcad3acfb3","name":"La Sentinelle","image":{"@type":"ImageObject","inLanguage":"fr-FR","@id":"https:\/\/secure.gravatar.com\/avatar\/57de8e5d4b15d43fb361a71fbb36338450fe67865b528a43dd10ef7c51a20392?s=96&d=mm&r=g","url":"https:\/\/secure.gravatar.com\/avatar\/57de8e5d4b15d43fb361a71fbb36338450fe67865b528a43dd10ef7c51a20392?s=96&d=mm&r=g","contentUrl":"https:\/\/secure.gravatar.com\/avatar\/57de8e5d4b15d43fb361a71fbb36338450fe67865b528a43dd10ef7c51a20392?s=96&d=mm&r=g","caption":"La Sentinelle"},"sameAs":["http:\/\/www.lasentinelle.dz"],"url":"https:\/\/lasentinelle.dz\/author\/redaction\/"}]}},"_links":{"self":[{"href":"https:\/\/lasentinelle.dz\/index.php\/wp-json\/wp\/v2\/posts\/10041","targetHints":{"allow":["GET"]}}],"collection":[{"href":"https:\/\/lasentinelle.dz\/index.php\/wp-json\/wp\/v2\/posts"}],"about":[{"href":"https:\/\/lasentinelle.dz\/index.php\/wp-json\/wp\/v2\/types\/post"}],"author":[{"embeddable":true,"href":"https:\/\/lasentinelle.dz\/index.php\/wp-json\/wp\/v2\/users\/3"}],"replies":[{"embeddable":true,"href":"https:\/\/lasentinelle.dz\/index.php\/wp-json\/wp\/v2\/comments?post=10041"}],"version-history":[{"count":1,"href":"https:\/\/lasentinelle.dz\/index.php\/wp-json\/wp\/v2\/posts\/10041\/revisions"}],"predecessor-version":[{"id":10051,"href":"https:\/\/lasentinelle.dz\/index.php\/wp-json\/wp\/v2\/posts\/10041\/revisions\/10051"}],"wp:featuredmedia":[{"embeddable":true,"href":"https:\/\/lasentinelle.dz\/index.php\/wp-json\/wp\/v2\/media\/10050"}],"wp:attachment":[{"href":"https:\/\/lasentinelle.dz\/index.php\/wp-json\/wp\/v2\/media?parent=10041"}],"wp:term":[{"taxonomy":"category","embeddable":true,"href":"https:\/\/lasentinelle.dz\/index.php\/wp-json\/wp\/v2\/categories?post=10041"},{"taxonomy":"post_tag","embeddable":true,"href":"https:\/\/lasentinelle.dz\/index.php\/wp-json\/wp\/v2\/tags?post=10041"}],"curies":[{"name":"wp","href":"https:\/\/api.w.org\/{rel}","templated":true}]}}