{"id":10075,"date":"2021-10-07T00:05:00","date_gmt":"2021-10-06T23:05:00","guid":{"rendered":"https:\/\/lasentinelle.dz\/?p=10075"},"modified":"2021-10-06T19:13:56","modified_gmt":"2021-10-06T18:13:56","slug":"rentree-universitaire-2021-2022-tres-faible-taux-de-vaccination-dans-les-universites","status":"publish","type":"post","link":"https:\/\/lasentinelle.dz\/index.php\/2021\/10\/07\/rentree-universitaire-2021-2022-tres-faible-taux-de-vaccination-dans-les-universites\/","title":{"rendered":"Rentr\u00e9e universitaire 2021-2022 : Tr\u00e8s faible taux de vaccination dans les universit\u00e9s"},"content":{"rendered":"\n<p>Le taux de vaccination dans nos universit\u00e9s est tr\u00e8s faible, selon&nbsp; le d`Directeur g\u00e9n\u00e9ral de la formation et de l\u2019enseignement sup\u00e9rieurs au minist\u00e8re de l\u2019Enseignement sup\u00e9rieur et de la Recherche scientifique, Boualem Sa\u00efdani.<\/p>\n\n\n\n<p>Le minist\u00e8re de l\u2019Enseignement sup\u00e9rieur et de la Recherche scientifique a mis au point un nouveau protocole sanitaire o\u00f9 sont prises en charge toutes les insuffisances constat\u00e9es durant l\u2019ann\u00e9e universitaire pr\u00e9c\u00e9dente, selon le Directeur g\u00e9n\u00e9ral de la formation et de l\u2019enseignement sup\u00e9rieurs aupr\u00e8s du d\u00e9partement d\u2019AbdelbakiBenziane.<\/p>\n\n\n\n<p>Invit\u00e9 \u00e0 s\u2019exprimer sur les ondes de la Radio alg\u00e9rienne,Boualem Sa\u00efdani a indiqu\u00e9 hier que le secteur a r\u00e9ceptionn\u00e9 quelques 29.000 places p\u00e9dagogiques nouvelles ainsi qu\u2019un grand nombre de r\u00e9sidences universitaires qui seront sans nul doute d\u2019un grand apport dans le chapitre de l\u2019h\u00e9bergement. Il a par ailleurs rappel\u00e9 que l\u2019universit\u00e9 alg\u00e9rienne a accueilli durant cette rentr\u00e9e 2021-2022 un nombre de nouveaux \u00e9tudiants estim\u00e9 \u00e0 330.000 nouveaux bacheliers qui se sont, note-t-il, inscrits via Internet et la plate-forme r\u00e9serv\u00e9e \u00e0 cet effet, pour faire face \u00e0 la nouvelle donne induite par la pand\u00e9mie du Covid 19. \u00ab Les op\u00e9rations d\u2019inscription et des recours ont totalement pris fin et le d\u00e9but des cours en pr\u00e9senciel d\u00e9buteront le 10 du mois d\u2019octobre en cours \u00bb a-t-il fait savoir pr\u00e9cisant que cette ann\u00e9e sera encore marqu\u00e9e par le syst\u00e8me de groupe et le pr\u00e9sentiel mix\u00e9 au syst\u00e8me d\u2019enseignement \u00e0 distance.<\/p>\n\n\n\n<p>Abordant le volet de l\u2019encadrement p\u00e9dagogique, le Directeur g\u00e9n\u00e9ral de la formation et de l\u2019enseignement sup\u00e9rieurs a rappel\u00e9 que le d\u00e9partement a annonc\u00e9 le recrutement de 1.400 nouveaux enseignants en plus des 260 postes budg\u00e9taires d\u00e9gag\u00e9s par le minist\u00e8re de l\u2019Enseignement sup\u00e9rieur \u00e0 travers de nombreuses universit\u00e9s du pays pour permettre \u00e0 d\u2019autres enseignants de venir renforcer les effectifs pr\u00e9sents. Ces efforts consentis permettront, affirme Boualem Sa\u00efdani, \u00e0 l\u2019universit\u00e9 alg\u00e9rienne de dispenser un enseignement de qualit\u00e9.<\/p>\n\n\n\n<p>Du nouveau sera constat\u00e9 \u00e9galement, ajoute-t-il, au chapitre des m\u00e9thodes d\u2019\u00e9valuation des \u00e9tudiants tout en pr\u00e9cisant que les responsables des universit\u00e9s seront cette ann\u00e9e plus regardants sur l\u2019assiduit\u00e9 des \u00e9tudiants apr\u00e8s avoir constat\u00e9 que le volet du transport est ma\u00eetris\u00e9 malgr\u00e9 la persistance de la pand\u00e9mie qui, note-t-il, commence \u00e0 \u00eatre mieux ma\u00eetris\u00e9e.Abordant par ailleurs la r\u00e9ception et l\u2019ouverture des deux universit\u00e9s situ\u00e9es au niveau du p\u00f4le universitaire de Sidi Abdallah, le Directeur g\u00e9n\u00e9ral de la formation et de l\u2019enseignement sup\u00e9rieurs a estim\u00e9 que ce p\u00f4le est caract\u00e9ris\u00e9 par l\u2019excellence des formations prodigu\u00e9es en mati\u00e8re de math\u00e9matiques et d\u2019intelligence artificielle. Ce p\u00f4le d\u2019une capacit\u00e9 de 20.000 places p\u00e9dagogiques accueillera pour cette rentr\u00e9e, deux milles places p\u00e9dagogiques dont mille seront destin\u00e9s \u00e0 l\u2019\u00e9cole sup\u00e9rieure des math\u00e9matiques et mille autres pour l\u2019\u00e9cole sup\u00e9rieure d\u2019intelligence artificielle, pr\u00e9cise-t-il, tout en rappelant que ces deux \u00e9tablissements auront un statut particulier et un programme d\u2019\u00e9tude qui prend en compte les normes internationales. Le m\u00eame responsable insistera sur la n\u00e9cessit\u00e9 de ma\u00eetriser les langues \u00e9trang\u00e8res essentiellement l\u2019Anglais&nbsp; pour pouvoir suivre les cursus dans ces deux \u00e9tablissements de haute qualit\u00e9.<\/p>\n\n\n\n<p>Enfin, M. Sa\u00efdani a d\u00e9plor\u00e9 le taux de vaccination insatisfaisant au sein des universit\u00e9s tout en lan\u00e7ant un appel pour une vaccination massive afin de permettre de g\u00e9n\u00e9raliser les cours en pr\u00e9sentiel.&nbsp;<\/p>\n\n\n\n<p><strong>Akli Amor<\/strong><\/p>\n","protected":false},"excerpt":{"rendered":"<p>Le taux de vaccination dans nos universit\u00e9s est tr\u00e8s faible, selon&nbsp; le d`Directeur g\u00e9n\u00e9ral de la formation et de l\u2019enseignement<\/p>\n","protected":false},"author":3,"featured_media":10081,"comment_status":"open","ping_status":"closed","sticky":false,"template":"","format":"standard","meta":{"colormag_page_container_layout":"default_layout","colormag_page_sidebar_layout":"default_layout","om_disable_all_campaigns":false,"_monsterinsights_skip_tracking":false,"_monsterinsights_sitenote_active":false,"_monsterinsights_sitenote_note":"","_monsterinsights_sitenote_category":0,"footnotes":"","_wpscppro_dont_share_socialmedia":false,"_wpscppro_custom_social_share_image":0,"_facebook_share_type":"","_twitter_share_type":"","_linkedin_share_type":"","_pinterest_share_type":"","_linkedin_share_type_page":"","_instagram_share_type":"","_medium_share_type":"","_threads_share_type":"","_google_business_share_type":"","_selected_social_profile":[],"_wpsp_enable_custom_social_template":false,"_wpsp_social_scheduling":{"enabled":false,"datetime":null,"platforms":[],"status":"template_only","dateOption":"today","timeOption":"now","customDays":"","customHours":"","customDate":"","customTime":"","schedulingType":"absolute"},"_wpsp_active_default_template":true},"categories":[52,27],"tags":[],"class_list":["post-10075","post","type-post","status-publish","format-standard","has-post-thumbnail","hentry","category-a-la-une","category-actualite"],"aioseo_notices":[],"yoast_head":"<!-- This site is optimized with the Yoast SEO plugin v27.5 - https:\/\/yoast.com\/product\/yoast-seo-wordpress\/ -->\n<title>Rentr\u00e9e universitaire 2021-2022 : Tr\u00e8s faible taux de vaccination dans les universit\u00e9s - La Sentinelle<\/title>\n<meta name=\"robots\" content=\"index, follow, max-snippet:-1, max-image-preview:large, max-video-preview:-1\" \/>\n<link rel=\"canonical\" href=\"https:\/\/lasentinelle.dz\/index.php\/2021\/10\/07\/rentree-universitaire-2021-2022-tres-faible-taux-de-vaccination-dans-les-universites\/\" \/>\n<meta property=\"og:locale\" content=\"fr_FR\" \/>\n<meta property=\"og:type\" content=\"article\" \/>\n<meta property=\"og:title\" content=\"Rentr\u00e9e universitaire 2021-2022 : Tr\u00e8s faible taux de vaccination dans les universit\u00e9s - La Sentinelle\" \/>\n<meta property=\"og:description\" content=\"Le taux de vaccination dans nos universit\u00e9s est tr\u00e8s faible, selon&nbsp; le d`Directeur g\u00e9n\u00e9ral de la formation et de l\u2019enseignement\" \/>\n<meta property=\"og:url\" content=\"https:\/\/lasentinelle.dz\/index.php\/2021\/10\/07\/rentree-universitaire-2021-2022-tres-faible-taux-de-vaccination-dans-les-universites\/\" \/>\n<meta property=\"og:site_name\" content=\"La Sentinelle\" \/>\n<meta property=\"article:publisher\" content=\"https:\/\/www.facebook.com\/La-Sentinelle-104059864394773\" \/>\n<meta property=\"article:published_time\" content=\"2021-10-06T23:05:00+00:00\" \/>\n<meta property=\"og:image\" content=\"https:\/\/lasentinelle.dz\/wp-content\/uploads\/2021\/10\/image_2021-10-06_191339.png\" \/>\n\t<meta property=\"og:image:width\" content=\"630\" \/>\n\t<meta property=\"og:image:height\" content=\"354\" \/>\n\t<meta property=\"og:image:type\" content=\"image\/png\" \/>\n<meta name=\"author\" content=\"La Sentinelle\" \/>\n<meta name=\"twitter:card\" content=\"summary_large_image\" \/>\n<meta name=\"twitter:label1\" content=\"\u00c9crit par\" \/>\n\t<meta name=\"twitter:data1\" content=\"La Sentinelle\" \/>\n\t<meta name=\"twitter:label2\" content=\"Dur\u00e9e de lecture estim\u00e9e\" \/>\n\t<meta name=\"twitter:data2\" content=\"3 minutes\" \/>\n<script type=\"application\/ld+json\" class=\"yoast-schema-graph\">{\"@context\":\"https:\\\/\\\/schema.org\",\"@graph\":[{\"@type\":\"Article\",\"@id\":\"https:\\\/\\\/lasentinelle.dz\\\/index.php\\\/2021\\\/10\\\/07\\\/rentree-universitaire-2021-2022-tres-faible-taux-de-vaccination-dans-les-universites\\\/#article\",\"isPartOf\":{\"@id\":\"https:\\\/\\\/lasentinelle.dz\\\/index.php\\\/2021\\\/10\\\/07\\\/rentree-universitaire-2021-2022-tres-faible-taux-de-vaccination-dans-les-universites\\\/\"},\"author\":{\"name\":\"La Sentinelle\",\"@id\":\"https:\\\/\\\/lasentinelle.dz\\\/#\\\/schema\\\/person\\\/d865044e22e70a75174ce8bcad3acfb3\"},\"headline\":\"Rentr\u00e9e universitaire 2021-2022 : Tr\u00e8s faible taux de vaccination dans les universit\u00e9s\",\"datePublished\":\"2021-10-06T23:05:00+00:00\",\"mainEntityOfPage\":{\"@id\":\"https:\\\/\\\/lasentinelle.dz\\\/index.php\\\/2021\\\/10\\\/07\\\/rentree-universitaire-2021-2022-tres-faible-taux-de-vaccination-dans-les-universites\\\/\"},\"wordCount\":645,\"commentCount\":0,\"publisher\":{\"@id\":\"https:\\\/\\\/lasentinelle.dz\\\/#organization\"},\"image\":{\"@id\":\"https:\\\/\\\/lasentinelle.dz\\\/index.php\\\/2021\\\/10\\\/07\\\/rentree-universitaire-2021-2022-tres-faible-taux-de-vaccination-dans-les-universites\\\/#primaryimage\"},\"thumbnailUrl\":\"https:\\\/\\\/lasentinelle.dz\\\/wp-content\\\/uploads\\\/2021\\\/10\\\/image_2021-10-06_191339.png\",\"articleSection\":[\"\u00c0 la Une\",\"Actualit\u00e9\"],\"inLanguage\":\"fr-FR\",\"potentialAction\":[{\"@type\":\"CommentAction\",\"name\":\"Comment\",\"target\":[\"https:\\\/\\\/lasentinelle.dz\\\/index.php\\\/2021\\\/10\\\/07\\\/rentree-universitaire-2021-2022-tres-faible-taux-de-vaccination-dans-les-universites\\\/#respond\"]}]},{\"@type\":\"WebPage\",\"@id\":\"https:\\\/\\\/lasentinelle.dz\\\/index.php\\\/2021\\\/10\\\/07\\\/rentree-universitaire-2021-2022-tres-faible-taux-de-vaccination-dans-les-universites\\\/\",\"url\":\"https:\\\/\\\/lasentinelle.dz\\\/index.php\\\/2021\\\/10\\\/07\\\/rentree-universitaire-2021-2022-tres-faible-taux-de-vaccination-dans-les-universites\\\/\",\"name\":\"Rentr\u00e9e universitaire 2021-2022 : Tr\u00e8s faible taux de vaccination dans les universit\u00e9s - La Sentinelle\",\"isPartOf\":{\"@id\":\"https:\\\/\\\/lasentinelle.dz\\\/#website\"},\"primaryImageOfPage\":{\"@id\":\"https:\\\/\\\/lasentinelle.dz\\\/index.php\\\/2021\\\/10\\\/07\\\/rentree-universitaire-2021-2022-tres-faible-taux-de-vaccination-dans-les-universites\\\/#primaryimage\"},\"image\":{\"@id\":\"https:\\\/\\\/lasentinelle.dz\\\/index.php\\\/2021\\\/10\\\/07\\\/rentree-universitaire-2021-2022-tres-faible-taux-de-vaccination-dans-les-universites\\\/#primaryimage\"},\"thumbnailUrl\":\"https:\\\/\\\/lasentinelle.dz\\\/wp-content\\\/uploads\\\/2021\\\/10\\\/image_2021-10-06_191339.png\",\"datePublished\":\"2021-10-06T23:05:00+00:00\",\"breadcrumb\":{\"@id\":\"https:\\\/\\\/lasentinelle.dz\\\/index.php\\\/2021\\\/10\\\/07\\\/rentree-universitaire-2021-2022-tres-faible-taux-de-vaccination-dans-les-universites\\\/#breadcrumb\"},\"inLanguage\":\"fr-FR\",\"potentialAction\":[{\"@type\":\"ReadAction\",\"target\":[\"https:\\\/\\\/lasentinelle.dz\\\/index.php\\\/2021\\\/10\\\/07\\\/rentree-universitaire-2021-2022-tres-faible-taux-de-vaccination-dans-les-universites\\\/\"]}]},{\"@type\":\"ImageObject\",\"inLanguage\":\"fr-FR\",\"@id\":\"https:\\\/\\\/lasentinelle.dz\\\/index.php\\\/2021\\\/10\\\/07\\\/rentree-universitaire-2021-2022-tres-faible-taux-de-vaccination-dans-les-universites\\\/#primaryimage\",\"url\":\"https:\\\/\\\/lasentinelle.dz\\\/wp-content\\\/uploads\\\/2021\\\/10\\\/image_2021-10-06_191339.png\",\"contentUrl\":\"https:\\\/\\\/lasentinelle.dz\\\/wp-content\\\/uploads\\\/2021\\\/10\\\/image_2021-10-06_191339.png\",\"width\":630,\"height\":354},{\"@type\":\"BreadcrumbList\",\"@id\":\"https:\\\/\\\/lasentinelle.dz\\\/index.php\\\/2021\\\/10\\\/07\\\/rentree-universitaire-2021-2022-tres-faible-taux-de-vaccination-dans-les-universites\\\/#breadcrumb\",\"itemListElement\":[{\"@type\":\"ListItem\",\"position\":1,\"name\":\"Accueil\",\"item\":\"https:\\\/\\\/lasentinelle.dz\\\/\"},{\"@type\":\"ListItem\",\"position\":2,\"name\":\"Rentr\u00e9e universitaire 2021-2022 : Tr\u00e8s faible taux de vaccination dans les universit\u00e9s\"}]},{\"@type\":\"WebSite\",\"@id\":\"https:\\\/\\\/lasentinelle.dz\\\/#website\",\"url\":\"https:\\\/\\\/lasentinelle.dz\\\/\",\"name\":\"La Sentinelle\",\"description\":\"Quotidien national d&#039;information\",\"publisher\":{\"@id\":\"https:\\\/\\\/lasentinelle.dz\\\/#organization\"},\"potentialAction\":[{\"@type\":\"SearchAction\",\"target\":{\"@type\":\"EntryPoint\",\"urlTemplate\":\"https:\\\/\\\/lasentinelle.dz\\\/?s={search_term_string}\"},\"query-input\":{\"@type\":\"PropertyValueSpecification\",\"valueRequired\":true,\"valueName\":\"search_term_string\"}}],\"inLanguage\":\"fr-FR\"},{\"@type\":\"Organization\",\"@id\":\"https:\\\/\\\/lasentinelle.dz\\\/#organization\",\"name\":\"Quotidien La Sentinelle\",\"url\":\"https:\\\/\\\/lasentinelle.dz\\\/\",\"logo\":{\"@type\":\"ImageObject\",\"inLanguage\":\"fr-FR\",\"@id\":\"https:\\\/\\\/lasentinelle.dz\\\/#\\\/schema\\\/logo\\\/image\\\/\",\"url\":\"https:\\\/\\\/lasentinelle.dz\\\/wp-content\\\/uploads\\\/2021\\\/09\\\/logo-sentinelleSLOGAN-1.png\",\"contentUrl\":\"https:\\\/\\\/lasentinelle.dz\\\/wp-content\\\/uploads\\\/2021\\\/09\\\/logo-sentinelleSLOGAN-1.png\",\"width\":615,\"height\":142,\"caption\":\"Quotidien La Sentinelle\"},\"image\":{\"@id\":\"https:\\\/\\\/lasentinelle.dz\\\/#\\\/schema\\\/logo\\\/image\\\/\"},\"sameAs\":[\"https:\\\/\\\/www.facebook.com\\\/La-Sentinelle-104059864394773\"]},{\"@type\":\"Person\",\"@id\":\"https:\\\/\\\/lasentinelle.dz\\\/#\\\/schema\\\/person\\\/d865044e22e70a75174ce8bcad3acfb3\",\"name\":\"La Sentinelle\",\"image\":{\"@type\":\"ImageObject\",\"inLanguage\":\"fr-FR\",\"@id\":\"https:\\\/\\\/secure.gravatar.com\\\/avatar\\\/57de8e5d4b15d43fb361a71fbb36338450fe67865b528a43dd10ef7c51a20392?s=96&d=mm&r=g\",\"url\":\"https:\\\/\\\/secure.gravatar.com\\\/avatar\\\/57de8e5d4b15d43fb361a71fbb36338450fe67865b528a43dd10ef7c51a20392?s=96&d=mm&r=g\",\"contentUrl\":\"https:\\\/\\\/secure.gravatar.com\\\/avatar\\\/57de8e5d4b15d43fb361a71fbb36338450fe67865b528a43dd10ef7c51a20392?s=96&d=mm&r=g\",\"caption\":\"La Sentinelle\"},\"sameAs\":[\"http:\\\/\\\/www.lasentinelle.dz\"],\"url\":\"https:\\\/\\\/lasentinelle.dz\\\/author\\\/redaction\\\/\"}]}<\/script>\n<!-- \/ Yoast SEO plugin. -->","yoast_head_json":{"title":"Rentr\u00e9e universitaire 2021-2022 : Tr\u00e8s faible taux de vaccination dans les universit\u00e9s - La Sentinelle","robots":{"index":"index","follow":"follow","max-snippet":"max-snippet:-1","max-image-preview":"max-image-preview:large","max-video-preview":"max-video-preview:-1"},"canonical":"https:\/\/lasentinelle.dz\/index.php\/2021\/10\/07\/rentree-universitaire-2021-2022-tres-faible-taux-de-vaccination-dans-les-universites\/","og_locale":"fr_FR","og_type":"article","og_title":"Rentr\u00e9e universitaire 2021-2022 : Tr\u00e8s faible taux de vaccination dans les universit\u00e9s - La Sentinelle","og_description":"Le taux de vaccination dans nos universit\u00e9s est tr\u00e8s faible, selon&nbsp; le d`Directeur g\u00e9n\u00e9ral de la formation et de l\u2019enseignement","og_url":"https:\/\/lasentinelle.dz\/index.php\/2021\/10\/07\/rentree-universitaire-2021-2022-tres-faible-taux-de-vaccination-dans-les-universites\/","og_site_name":"La Sentinelle","article_publisher":"https:\/\/www.facebook.com\/La-Sentinelle-104059864394773","article_published_time":"2021-10-06T23:05:00+00:00","og_image":[{"width":630,"height":354,"url":"https:\/\/lasentinelle.dz\/wp-content\/uploads\/2021\/10\/image_2021-10-06_191339.png","type":"image\/png"}],"author":"La Sentinelle","twitter_card":"summary_large_image","twitter_misc":{"\u00c9crit par":"La Sentinelle","Dur\u00e9e de lecture estim\u00e9e":"3 minutes"},"schema":{"@context":"https:\/\/schema.org","@graph":[{"@type":"Article","@id":"https:\/\/lasentinelle.dz\/index.php\/2021\/10\/07\/rentree-universitaire-2021-2022-tres-faible-taux-de-vaccination-dans-les-universites\/#article","isPartOf":{"@id":"https:\/\/lasentinelle.dz\/index.php\/2021\/10\/07\/rentree-universitaire-2021-2022-tres-faible-taux-de-vaccination-dans-les-universites\/"},"author":{"name":"La Sentinelle","@id":"https:\/\/lasentinelle.dz\/#\/schema\/person\/d865044e22e70a75174ce8bcad3acfb3"},"headline":"Rentr\u00e9e universitaire 2021-2022 : Tr\u00e8s faible taux de vaccination dans les universit\u00e9s","datePublished":"2021-10-06T23:05:00+00:00","mainEntityOfPage":{"@id":"https:\/\/lasentinelle.dz\/index.php\/2021\/10\/07\/rentree-universitaire-2021-2022-tres-faible-taux-de-vaccination-dans-les-universites\/"},"wordCount":645,"commentCount":0,"publisher":{"@id":"https:\/\/lasentinelle.dz\/#organization"},"image":{"@id":"https:\/\/lasentinelle.dz\/index.php\/2021\/10\/07\/rentree-universitaire-2021-2022-tres-faible-taux-de-vaccination-dans-les-universites\/#primaryimage"},"thumbnailUrl":"https:\/\/lasentinelle.dz\/wp-content\/uploads\/2021\/10\/image_2021-10-06_191339.png","articleSection":["\u00c0 la Une","Actualit\u00e9"],"inLanguage":"fr-FR","potentialAction":[{"@type":"CommentAction","name":"Comment","target":["https:\/\/lasentinelle.dz\/index.php\/2021\/10\/07\/rentree-universitaire-2021-2022-tres-faible-taux-de-vaccination-dans-les-universites\/#respond"]}]},{"@type":"WebPage","@id":"https:\/\/lasentinelle.dz\/index.php\/2021\/10\/07\/rentree-universitaire-2021-2022-tres-faible-taux-de-vaccination-dans-les-universites\/","url":"https:\/\/lasentinelle.dz\/index.php\/2021\/10\/07\/rentree-universitaire-2021-2022-tres-faible-taux-de-vaccination-dans-les-universites\/","name":"Rentr\u00e9e universitaire 2021-2022 : Tr\u00e8s faible taux de vaccination dans les universit\u00e9s - La Sentinelle","isPartOf":{"@id":"https:\/\/lasentinelle.dz\/#website"},"primaryImageOfPage":{"@id":"https:\/\/lasentinelle.dz\/index.php\/2021\/10\/07\/rentree-universitaire-2021-2022-tres-faible-taux-de-vaccination-dans-les-universites\/#primaryimage"},"image":{"@id":"https:\/\/lasentinelle.dz\/index.php\/2021\/10\/07\/rentree-universitaire-2021-2022-tres-faible-taux-de-vaccination-dans-les-universites\/#primaryimage"},"thumbnailUrl":"https:\/\/lasentinelle.dz\/wp-content\/uploads\/2021\/10\/image_2021-10-06_191339.png","datePublished":"2021-10-06T23:05:00+00:00","breadcrumb":{"@id":"https:\/\/lasentinelle.dz\/index.php\/2021\/10\/07\/rentree-universitaire-2021-2022-tres-faible-taux-de-vaccination-dans-les-universites\/#breadcrumb"},"inLanguage":"fr-FR","potentialAction":[{"@type":"ReadAction","target":["https:\/\/lasentinelle.dz\/index.php\/2021\/10\/07\/rentree-universitaire-2021-2022-tres-faible-taux-de-vaccination-dans-les-universites\/"]}]},{"@type":"ImageObject","inLanguage":"fr-FR","@id":"https:\/\/lasentinelle.dz\/index.php\/2021\/10\/07\/rentree-universitaire-2021-2022-tres-faible-taux-de-vaccination-dans-les-universites\/#primaryimage","url":"https:\/\/lasentinelle.dz\/wp-content\/uploads\/2021\/10\/image_2021-10-06_191339.png","contentUrl":"https:\/\/lasentinelle.dz\/wp-content\/uploads\/2021\/10\/image_2021-10-06_191339.png","width":630,"height":354},{"@type":"BreadcrumbList","@id":"https:\/\/lasentinelle.dz\/index.php\/2021\/10\/07\/rentree-universitaire-2021-2022-tres-faible-taux-de-vaccination-dans-les-universites\/#breadcrumb","itemListElement":[{"@type":"ListItem","position":1,"name":"Accueil","item":"https:\/\/lasentinelle.dz\/"},{"@type":"ListItem","position":2,"name":"Rentr\u00e9e universitaire 2021-2022 : Tr\u00e8s faible taux de vaccination dans les universit\u00e9s"}]},{"@type":"WebSite","@id":"https:\/\/lasentinelle.dz\/#website","url":"https:\/\/lasentinelle.dz\/","name":"La Sentinelle","description":"Quotidien national d&#039;information","publisher":{"@id":"https:\/\/lasentinelle.dz\/#organization"},"potentialAction":[{"@type":"SearchAction","target":{"@type":"EntryPoint","urlTemplate":"https:\/\/lasentinelle.dz\/?s={search_term_string}"},"query-input":{"@type":"PropertyValueSpecification","valueRequired":true,"valueName":"search_term_string"}}],"inLanguage":"fr-FR"},{"@type":"Organization","@id":"https:\/\/lasentinelle.dz\/#organization","name":"Quotidien La Sentinelle","url":"https:\/\/lasentinelle.dz\/","logo":{"@type":"ImageObject","inLanguage":"fr-FR","@id":"https:\/\/lasentinelle.dz\/#\/schema\/logo\/image\/","url":"https:\/\/lasentinelle.dz\/wp-content\/uploads\/2021\/09\/logo-sentinelleSLOGAN-1.png","contentUrl":"https:\/\/lasentinelle.dz\/wp-content\/uploads\/2021\/09\/logo-sentinelleSLOGAN-1.png","width":615,"height":142,"caption":"Quotidien La Sentinelle"},"image":{"@id":"https:\/\/lasentinelle.dz\/#\/schema\/logo\/image\/"},"sameAs":["https:\/\/www.facebook.com\/La-Sentinelle-104059864394773"]},{"@type":"Person","@id":"https:\/\/lasentinelle.dz\/#\/schema\/person\/d865044e22e70a75174ce8bcad3acfb3","name":"La Sentinelle","image":{"@type":"ImageObject","inLanguage":"fr-FR","@id":"https:\/\/secure.gravatar.com\/avatar\/57de8e5d4b15d43fb361a71fbb36338450fe67865b528a43dd10ef7c51a20392?s=96&d=mm&r=g","url":"https:\/\/secure.gravatar.com\/avatar\/57de8e5d4b15d43fb361a71fbb36338450fe67865b528a43dd10ef7c51a20392?s=96&d=mm&r=g","contentUrl":"https:\/\/secure.gravatar.com\/avatar\/57de8e5d4b15d43fb361a71fbb36338450fe67865b528a43dd10ef7c51a20392?s=96&d=mm&r=g","caption":"La Sentinelle"},"sameAs":["http:\/\/www.lasentinelle.dz"],"url":"https:\/\/lasentinelle.dz\/author\/redaction\/"}]}},"_links":{"self":[{"href":"https:\/\/lasentinelle.dz\/index.php\/wp-json\/wp\/v2\/posts\/10075","targetHints":{"allow":["GET"]}}],"collection":[{"href":"https:\/\/lasentinelle.dz\/index.php\/wp-json\/wp\/v2\/posts"}],"about":[{"href":"https:\/\/lasentinelle.dz\/index.php\/wp-json\/wp\/v2\/types\/post"}],"author":[{"embeddable":true,"href":"https:\/\/lasentinelle.dz\/index.php\/wp-json\/wp\/v2\/users\/3"}],"replies":[{"embeddable":true,"href":"https:\/\/lasentinelle.dz\/index.php\/wp-json\/wp\/v2\/comments?post=10075"}],"version-history":[{"count":1,"href":"https:\/\/lasentinelle.dz\/index.php\/wp-json\/wp\/v2\/posts\/10075\/revisions"}],"predecessor-version":[{"id":10082,"href":"https:\/\/lasentinelle.dz\/index.php\/wp-json\/wp\/v2\/posts\/10075\/revisions\/10082"}],"wp:featuredmedia":[{"embeddable":true,"href":"https:\/\/lasentinelle.dz\/index.php\/wp-json\/wp\/v2\/media\/10081"}],"wp:attachment":[{"href":"https:\/\/lasentinelle.dz\/index.php\/wp-json\/wp\/v2\/media?parent=10075"}],"wp:term":[{"taxonomy":"category","embeddable":true,"href":"https:\/\/lasentinelle.dz\/index.php\/wp-json\/wp\/v2\/categories?post=10075"},{"taxonomy":"post_tag","embeddable":true,"href":"https:\/\/lasentinelle.dz\/index.php\/wp-json\/wp\/v2\/tags?post=10075"}],"curies":[{"name":"wp","href":"https:\/\/api.w.org\/{rel}","templated":true}]}}