{"id":10088,"date":"2021-10-07T00:01:00","date_gmt":"2021-10-06T23:01:00","guid":{"rendered":"https:\/\/lasentinelle.dz\/?p=10088"},"modified":"2021-10-06T19:42:18","modified_gmt":"2021-10-06T18:42:18","slug":"reunion-italie-afrique-a-rome-agenda-charge-pour-ramtane-lamamra","status":"publish","type":"post","link":"https:\/\/lasentinelle.dz\/index.php\/2021\/10\/07\/reunion-italie-afrique-a-rome-agenda-charge-pour-ramtane-lamamra\/","title":{"rendered":"R\u00e9union Italie-Afrique \u00e0 Rome : Agenda charg\u00e9 pour Ramtane Lamamra"},"content":{"rendered":"\n<p>Le ministre des Affaires \u00e9trang\u00e8res et de la Communaut\u00e9 nationale \u00e0 l&rsquo;\u00e9tranger,Ramtane Lamamra, effectue une visite de travail depuis hier dans la capitale italienne Rome, \u00e0 l&rsquo;invitation de son homologue italien Luigi di Maio, pour prendre part \u00e0 la 3<sup>e<\/sup>r\u00e9union minist\u00e9rielle \u00ab\u00a0Italie-Afrique\u00a0\u00bb qui d\u00e9butera aujourd\u2019hui. Selon un communiqu\u00e9 du minist\u00e8re des Affaires \u00e9trang\u00e8res et de la Communaut\u00e9 nationale \u00e0 l\u2019\u00e9tranger, cette r\u00e9union sera consacr\u00e9e, cette ann\u00e9e, \u00e0 l&rsquo;examen des d\u00e9fis \u00e9nerg\u00e9tiques et climatiques auxquels fait face l&rsquo;Afrique ainsi que leurs r\u00e9percussions sur le processus de d\u00e9veloppement dans les pays du continent et ce, parall\u00e8lement au triptyque de sa pr\u00e9sidence actuelle du G20 intitul\u00e9 \u00ab&nbsp;Population, Terre et prosp\u00e9rit\u00e9&nbsp;\u00bb.<\/p>\n\n\n\n<p>Lors de cette r\u00e9union pr\u00e9vue les 7 et 8 octobre en cours, pr\u00e9cise le communiqu\u00e9, les ministres africains des affaires \u00e9trang\u00e8res invit\u00e9s et de hauts responsables ainsi que les experts internationaux et r\u00e9gionaux, gouvernementaux et non-gouvernementaux en sus des patrons de soci\u00e9t\u00e9s internationales et d&rsquo;investisseurs priv\u00e9s auront \u00e0 passer en revue \u00ab&nbsp;les voies de mettre en place une approche \u00e0 long terme visant la consolidation des capacit\u00e9s des pays, notamment en voie de d\u00e9veloppement, face aux d\u00e9fis de la pr\u00e9servation de l&rsquo;environnement et du&nbsp; d\u00e9veloppement \u00e9conomique, au vu de la situation actuelle accentu\u00e9e par la pand\u00e9mie de Covid-19&nbsp;\u00bb.<\/p>\n\n\n\n<p>A cette occasion, ajoute le communiqu\u00e9, Ramtane Lamamra pr\u00e9sentera une intervention&nbsp; traitant de \u00ab\u00a0la transition \u00e9nerg\u00e9tique en Alg\u00e9rie\u00a0\u00bb, th\u00e8me consacr\u00e9 dans le programme du pr\u00e9sident de la R\u00e9publique, Abdelmadjid Tebboune, comme une n\u00e9cessit\u00e9 imp\u00e9rieuse et choix strat\u00e9gique pour l&rsquo;Alg\u00e9rie. Le programme de la visite de M. Lamamra comprend \u00e9galement, selon le m\u00eame communiqu\u00e9, des rencontres bilat\u00e9rales attendues avec un nombre de ses homologues africains ainsi que des entretiens avec le ministre italien des Affaires \u00e9trang\u00e8res et de la Coop\u00e9ration internationale, Luigi Di Maio, au sujet des dossiers de coop\u00e9ration et de partenariat entre l&rsquo;Alg\u00e9rie et l&rsquo;Italie, et des consultations sur un nombre de questions r\u00e9gionales et euro-m\u00e9diterran\u00e9ennes.<\/p>\n\n\n\n<p>Pour rappel, les questions relatives aux importantes \u00e9ch\u00e9ances du partenariat bilat\u00e9ral ainsi que la situation dans la r\u00e9gion sah\u00e9lo-saharienne et le Moyen-Orient, et les perspectives du partenariat alg\u00e9ro-europ\u00e9en ont \u00e9t\u00e9 menu d\u2019un appel t\u00e9l\u00e9phonique effectu\u00e9 le mois de juillet de l\u2019ann\u00e9e en cours entre le ministre des Affaires \u00e9trang\u00e8res et de la Communaut\u00e9 nationale \u00e0 l\u2019\u00e9tranger, Ramtane Lamamra et son homologue italien Luigi Di Maio, avait annonc\u00e9 un communiqu\u00e9 du minist\u00e8re des Affaires \u00e9trang\u00e8res o\u00f9 il \u00e9tait pr\u00e9cis\u00e9 que lors de l\u2019entretien, les deux parties ont insist\u00e9 sur le renforcement de la concertation et de la coordination dans tous ces dossiers.<\/p>\n\n\n\n<p><strong>Akli Amor<\/strong><\/p>\n","protected":false},"excerpt":{"rendered":"<p>Le ministre des Affaires \u00e9trang\u00e8res et de la Communaut\u00e9 nationale \u00e0 l&rsquo;\u00e9tranger,Ramtane Lamamra, effectue une visite de travail depuis hier<\/p>\n","protected":false},"author":3,"featured_media":10093,"comment_status":"open","ping_status":"closed","sticky":false,"template":"","format":"standard","meta":{"colormag_page_container_layout":"default_layout","colormag_page_sidebar_layout":"default_layout","om_disable_all_campaigns":false,"_monsterinsights_skip_tracking":false,"_monsterinsights_sitenote_active":false,"_monsterinsights_sitenote_note":"","_monsterinsights_sitenote_category":0,"footnotes":"","_wpscppro_dont_share_socialmedia":false,"_wpscppro_custom_social_share_image":0,"_facebook_share_type":"","_twitter_share_type":"","_linkedin_share_type":"","_pinterest_share_type":"","_linkedin_share_type_page":"","_instagram_share_type":"","_medium_share_type":"","_threads_share_type":"","_google_business_share_type":"","_selected_social_profile":[],"_wpsp_enable_custom_social_template":false,"_wpsp_social_scheduling":{"enabled":false,"datetime":null,"platforms":[],"status":"template_only","dateOption":"today","timeOption":"now","customDays":"","customHours":"","customDate":"","customTime":"","schedulingType":"absolute"},"_wpsp_active_default_template":true},"categories":[27],"tags":[],"class_list":["post-10088","post","type-post","status-publish","format-standard","has-post-thumbnail","hentry","category-actualite"],"aioseo_notices":[],"yoast_head":"<!-- This site is optimized with the Yoast SEO plugin v27.5 - https:\/\/yoast.com\/product\/yoast-seo-wordpress\/ -->\n<title>R\u00e9union Italie-Afrique \u00e0 Rome : Agenda charg\u00e9 pour Ramtane Lamamra - La Sentinelle<\/title>\n<meta name=\"robots\" content=\"index, follow, max-snippet:-1, max-image-preview:large, max-video-preview:-1\" \/>\n<link rel=\"canonical\" href=\"https:\/\/lasentinelle.dz\/index.php\/2021\/10\/07\/reunion-italie-afrique-a-rome-agenda-charge-pour-ramtane-lamamra\/\" \/>\n<meta property=\"og:locale\" content=\"fr_FR\" \/>\n<meta property=\"og:type\" content=\"article\" \/>\n<meta property=\"og:title\" content=\"R\u00e9union Italie-Afrique \u00e0 Rome : Agenda charg\u00e9 pour Ramtane Lamamra - La Sentinelle\" \/>\n<meta property=\"og:description\" content=\"Le ministre des Affaires \u00e9trang\u00e8res et de la Communaut\u00e9 nationale \u00e0 l&rsquo;\u00e9tranger,Ramtane Lamamra, effectue une visite de travail depuis hier\" \/>\n<meta property=\"og:url\" content=\"https:\/\/lasentinelle.dz\/index.php\/2021\/10\/07\/reunion-italie-afrique-a-rome-agenda-charge-pour-ramtane-lamamra\/\" \/>\n<meta property=\"og:site_name\" content=\"La Sentinelle\" \/>\n<meta property=\"article:publisher\" content=\"https:\/\/www.facebook.com\/La-Sentinelle-104059864394773\" \/>\n<meta property=\"article:published_time\" content=\"2021-10-06T23:01:00+00:00\" \/>\n<meta property=\"og:image\" content=\"https:\/\/lasentinelle.dz\/wp-content\/uploads\/2021\/10\/image_2021-10-06_194205.png\" \/>\n\t<meta property=\"og:image:width\" content=\"282\" \/>\n\t<meta property=\"og:image:height\" content=\"211\" \/>\n\t<meta property=\"og:image:type\" content=\"image\/png\" \/>\n<meta name=\"author\" content=\"La Sentinelle\" \/>\n<meta name=\"twitter:card\" content=\"summary_large_image\" \/>\n<meta name=\"twitter:label1\" content=\"\u00c9crit par\" \/>\n\t<meta name=\"twitter:data1\" content=\"La Sentinelle\" \/>\n\t<meta name=\"twitter:label2\" content=\"Dur\u00e9e de lecture estim\u00e9e\" \/>\n\t<meta name=\"twitter:data2\" content=\"2 minutes\" \/>\n<script type=\"application\/ld+json\" class=\"yoast-schema-graph\">{\"@context\":\"https:\\\/\\\/schema.org\",\"@graph\":[{\"@type\":\"Article\",\"@id\":\"https:\\\/\\\/lasentinelle.dz\\\/index.php\\\/2021\\\/10\\\/07\\\/reunion-italie-afrique-a-rome-agenda-charge-pour-ramtane-lamamra\\\/#article\",\"isPartOf\":{\"@id\":\"https:\\\/\\\/lasentinelle.dz\\\/index.php\\\/2021\\\/10\\\/07\\\/reunion-italie-afrique-a-rome-agenda-charge-pour-ramtane-lamamra\\\/\"},\"author\":{\"name\":\"La Sentinelle\",\"@id\":\"https:\\\/\\\/lasentinelle.dz\\\/#\\\/schema\\\/person\\\/d865044e22e70a75174ce8bcad3acfb3\"},\"headline\":\"R\u00e9union Italie-Afrique \u00e0 Rome : Agenda charg\u00e9 pour Ramtane Lamamra\",\"datePublished\":\"2021-10-06T23:01:00+00:00\",\"mainEntityOfPage\":{\"@id\":\"https:\\\/\\\/lasentinelle.dz\\\/index.php\\\/2021\\\/10\\\/07\\\/reunion-italie-afrique-a-rome-agenda-charge-pour-ramtane-lamamra\\\/\"},\"wordCount\":500,\"commentCount\":0,\"publisher\":{\"@id\":\"https:\\\/\\\/lasentinelle.dz\\\/#organization\"},\"image\":{\"@id\":\"https:\\\/\\\/lasentinelle.dz\\\/index.php\\\/2021\\\/10\\\/07\\\/reunion-italie-afrique-a-rome-agenda-charge-pour-ramtane-lamamra\\\/#primaryimage\"},\"thumbnailUrl\":\"https:\\\/\\\/lasentinelle.dz\\\/wp-content\\\/uploads\\\/2021\\\/10\\\/image_2021-10-06_194205.png\",\"articleSection\":[\"Actualit\u00e9\"],\"inLanguage\":\"fr-FR\",\"potentialAction\":[{\"@type\":\"CommentAction\",\"name\":\"Comment\",\"target\":[\"https:\\\/\\\/lasentinelle.dz\\\/index.php\\\/2021\\\/10\\\/07\\\/reunion-italie-afrique-a-rome-agenda-charge-pour-ramtane-lamamra\\\/#respond\"]}]},{\"@type\":\"WebPage\",\"@id\":\"https:\\\/\\\/lasentinelle.dz\\\/index.php\\\/2021\\\/10\\\/07\\\/reunion-italie-afrique-a-rome-agenda-charge-pour-ramtane-lamamra\\\/\",\"url\":\"https:\\\/\\\/lasentinelle.dz\\\/index.php\\\/2021\\\/10\\\/07\\\/reunion-italie-afrique-a-rome-agenda-charge-pour-ramtane-lamamra\\\/\",\"name\":\"R\u00e9union Italie-Afrique \u00e0 Rome : Agenda charg\u00e9 pour Ramtane Lamamra - La Sentinelle\",\"isPartOf\":{\"@id\":\"https:\\\/\\\/lasentinelle.dz\\\/#website\"},\"primaryImageOfPage\":{\"@id\":\"https:\\\/\\\/lasentinelle.dz\\\/index.php\\\/2021\\\/10\\\/07\\\/reunion-italie-afrique-a-rome-agenda-charge-pour-ramtane-lamamra\\\/#primaryimage\"},\"image\":{\"@id\":\"https:\\\/\\\/lasentinelle.dz\\\/index.php\\\/2021\\\/10\\\/07\\\/reunion-italie-afrique-a-rome-agenda-charge-pour-ramtane-lamamra\\\/#primaryimage\"},\"thumbnailUrl\":\"https:\\\/\\\/lasentinelle.dz\\\/wp-content\\\/uploads\\\/2021\\\/10\\\/image_2021-10-06_194205.png\",\"datePublished\":\"2021-10-06T23:01:00+00:00\",\"breadcrumb\":{\"@id\":\"https:\\\/\\\/lasentinelle.dz\\\/index.php\\\/2021\\\/10\\\/07\\\/reunion-italie-afrique-a-rome-agenda-charge-pour-ramtane-lamamra\\\/#breadcrumb\"},\"inLanguage\":\"fr-FR\",\"potentialAction\":[{\"@type\":\"ReadAction\",\"target\":[\"https:\\\/\\\/lasentinelle.dz\\\/index.php\\\/2021\\\/10\\\/07\\\/reunion-italie-afrique-a-rome-agenda-charge-pour-ramtane-lamamra\\\/\"]}]},{\"@type\":\"ImageObject\",\"inLanguage\":\"fr-FR\",\"@id\":\"https:\\\/\\\/lasentinelle.dz\\\/index.php\\\/2021\\\/10\\\/07\\\/reunion-italie-afrique-a-rome-agenda-charge-pour-ramtane-lamamra\\\/#primaryimage\",\"url\":\"https:\\\/\\\/lasentinelle.dz\\\/wp-content\\\/uploads\\\/2021\\\/10\\\/image_2021-10-06_194205.png\",\"contentUrl\":\"https:\\\/\\\/lasentinelle.dz\\\/wp-content\\\/uploads\\\/2021\\\/10\\\/image_2021-10-06_194205.png\",\"width\":282,\"height\":211},{\"@type\":\"BreadcrumbList\",\"@id\":\"https:\\\/\\\/lasentinelle.dz\\\/index.php\\\/2021\\\/10\\\/07\\\/reunion-italie-afrique-a-rome-agenda-charge-pour-ramtane-lamamra\\\/#breadcrumb\",\"itemListElement\":[{\"@type\":\"ListItem\",\"position\":1,\"name\":\"Accueil\",\"item\":\"https:\\\/\\\/lasentinelle.dz\\\/\"},{\"@type\":\"ListItem\",\"position\":2,\"name\":\"R\u00e9union Italie-Afrique \u00e0 Rome : Agenda charg\u00e9 pour Ramtane Lamamra\"}]},{\"@type\":\"WebSite\",\"@id\":\"https:\\\/\\\/lasentinelle.dz\\\/#website\",\"url\":\"https:\\\/\\\/lasentinelle.dz\\\/\",\"name\":\"La Sentinelle\",\"description\":\"Quotidien national d&#039;information\",\"publisher\":{\"@id\":\"https:\\\/\\\/lasentinelle.dz\\\/#organization\"},\"potentialAction\":[{\"@type\":\"SearchAction\",\"target\":{\"@type\":\"EntryPoint\",\"urlTemplate\":\"https:\\\/\\\/lasentinelle.dz\\\/?s={search_term_string}\"},\"query-input\":{\"@type\":\"PropertyValueSpecification\",\"valueRequired\":true,\"valueName\":\"search_term_string\"}}],\"inLanguage\":\"fr-FR\"},{\"@type\":\"Organization\",\"@id\":\"https:\\\/\\\/lasentinelle.dz\\\/#organization\",\"name\":\"Quotidien La Sentinelle\",\"url\":\"https:\\\/\\\/lasentinelle.dz\\\/\",\"logo\":{\"@type\":\"ImageObject\",\"inLanguage\":\"fr-FR\",\"@id\":\"https:\\\/\\\/lasentinelle.dz\\\/#\\\/schema\\\/logo\\\/image\\\/\",\"url\":\"https:\\\/\\\/lasentinelle.dz\\\/wp-content\\\/uploads\\\/2021\\\/09\\\/logo-sentinelleSLOGAN-1.png\",\"contentUrl\":\"https:\\\/\\\/lasentinelle.dz\\\/wp-content\\\/uploads\\\/2021\\\/09\\\/logo-sentinelleSLOGAN-1.png\",\"width\":615,\"height\":142,\"caption\":\"Quotidien La Sentinelle\"},\"image\":{\"@id\":\"https:\\\/\\\/lasentinelle.dz\\\/#\\\/schema\\\/logo\\\/image\\\/\"},\"sameAs\":[\"https:\\\/\\\/www.facebook.com\\\/La-Sentinelle-104059864394773\"]},{\"@type\":\"Person\",\"@id\":\"https:\\\/\\\/lasentinelle.dz\\\/#\\\/schema\\\/person\\\/d865044e22e70a75174ce8bcad3acfb3\",\"name\":\"La Sentinelle\",\"image\":{\"@type\":\"ImageObject\",\"inLanguage\":\"fr-FR\",\"@id\":\"https:\\\/\\\/secure.gravatar.com\\\/avatar\\\/57de8e5d4b15d43fb361a71fbb36338450fe67865b528a43dd10ef7c51a20392?s=96&d=mm&r=g\",\"url\":\"https:\\\/\\\/secure.gravatar.com\\\/avatar\\\/57de8e5d4b15d43fb361a71fbb36338450fe67865b528a43dd10ef7c51a20392?s=96&d=mm&r=g\",\"contentUrl\":\"https:\\\/\\\/secure.gravatar.com\\\/avatar\\\/57de8e5d4b15d43fb361a71fbb36338450fe67865b528a43dd10ef7c51a20392?s=96&d=mm&r=g\",\"caption\":\"La Sentinelle\"},\"sameAs\":[\"http:\\\/\\\/www.lasentinelle.dz\"],\"url\":\"https:\\\/\\\/lasentinelle.dz\\\/author\\\/redaction\\\/\"}]}<\/script>\n<!-- \/ Yoast SEO plugin. -->","yoast_head_json":{"title":"R\u00e9union Italie-Afrique \u00e0 Rome : Agenda charg\u00e9 pour Ramtane Lamamra - La Sentinelle","robots":{"index":"index","follow":"follow","max-snippet":"max-snippet:-1","max-image-preview":"max-image-preview:large","max-video-preview":"max-video-preview:-1"},"canonical":"https:\/\/lasentinelle.dz\/index.php\/2021\/10\/07\/reunion-italie-afrique-a-rome-agenda-charge-pour-ramtane-lamamra\/","og_locale":"fr_FR","og_type":"article","og_title":"R\u00e9union Italie-Afrique \u00e0 Rome : Agenda charg\u00e9 pour Ramtane Lamamra - La Sentinelle","og_description":"Le ministre des Affaires \u00e9trang\u00e8res et de la Communaut\u00e9 nationale \u00e0 l&rsquo;\u00e9tranger,Ramtane Lamamra, effectue une visite de travail depuis hier","og_url":"https:\/\/lasentinelle.dz\/index.php\/2021\/10\/07\/reunion-italie-afrique-a-rome-agenda-charge-pour-ramtane-lamamra\/","og_site_name":"La Sentinelle","article_publisher":"https:\/\/www.facebook.com\/La-Sentinelle-104059864394773","article_published_time":"2021-10-06T23:01:00+00:00","og_image":[{"width":282,"height":211,"url":"https:\/\/lasentinelle.dz\/wp-content\/uploads\/2021\/10\/image_2021-10-06_194205.png","type":"image\/png"}],"author":"La Sentinelle","twitter_card":"summary_large_image","twitter_misc":{"\u00c9crit par":"La Sentinelle","Dur\u00e9e de lecture estim\u00e9e":"2 minutes"},"schema":{"@context":"https:\/\/schema.org","@graph":[{"@type":"Article","@id":"https:\/\/lasentinelle.dz\/index.php\/2021\/10\/07\/reunion-italie-afrique-a-rome-agenda-charge-pour-ramtane-lamamra\/#article","isPartOf":{"@id":"https:\/\/lasentinelle.dz\/index.php\/2021\/10\/07\/reunion-italie-afrique-a-rome-agenda-charge-pour-ramtane-lamamra\/"},"author":{"name":"La Sentinelle","@id":"https:\/\/lasentinelle.dz\/#\/schema\/person\/d865044e22e70a75174ce8bcad3acfb3"},"headline":"R\u00e9union Italie-Afrique \u00e0 Rome : Agenda charg\u00e9 pour Ramtane Lamamra","datePublished":"2021-10-06T23:01:00+00:00","mainEntityOfPage":{"@id":"https:\/\/lasentinelle.dz\/index.php\/2021\/10\/07\/reunion-italie-afrique-a-rome-agenda-charge-pour-ramtane-lamamra\/"},"wordCount":500,"commentCount":0,"publisher":{"@id":"https:\/\/lasentinelle.dz\/#organization"},"image":{"@id":"https:\/\/lasentinelle.dz\/index.php\/2021\/10\/07\/reunion-italie-afrique-a-rome-agenda-charge-pour-ramtane-lamamra\/#primaryimage"},"thumbnailUrl":"https:\/\/lasentinelle.dz\/wp-content\/uploads\/2021\/10\/image_2021-10-06_194205.png","articleSection":["Actualit\u00e9"],"inLanguage":"fr-FR","potentialAction":[{"@type":"CommentAction","name":"Comment","target":["https:\/\/lasentinelle.dz\/index.php\/2021\/10\/07\/reunion-italie-afrique-a-rome-agenda-charge-pour-ramtane-lamamra\/#respond"]}]},{"@type":"WebPage","@id":"https:\/\/lasentinelle.dz\/index.php\/2021\/10\/07\/reunion-italie-afrique-a-rome-agenda-charge-pour-ramtane-lamamra\/","url":"https:\/\/lasentinelle.dz\/index.php\/2021\/10\/07\/reunion-italie-afrique-a-rome-agenda-charge-pour-ramtane-lamamra\/","name":"R\u00e9union Italie-Afrique \u00e0 Rome : Agenda charg\u00e9 pour Ramtane Lamamra - La Sentinelle","isPartOf":{"@id":"https:\/\/lasentinelle.dz\/#website"},"primaryImageOfPage":{"@id":"https:\/\/lasentinelle.dz\/index.php\/2021\/10\/07\/reunion-italie-afrique-a-rome-agenda-charge-pour-ramtane-lamamra\/#primaryimage"},"image":{"@id":"https:\/\/lasentinelle.dz\/index.php\/2021\/10\/07\/reunion-italie-afrique-a-rome-agenda-charge-pour-ramtane-lamamra\/#primaryimage"},"thumbnailUrl":"https:\/\/lasentinelle.dz\/wp-content\/uploads\/2021\/10\/image_2021-10-06_194205.png","datePublished":"2021-10-06T23:01:00+00:00","breadcrumb":{"@id":"https:\/\/lasentinelle.dz\/index.php\/2021\/10\/07\/reunion-italie-afrique-a-rome-agenda-charge-pour-ramtane-lamamra\/#breadcrumb"},"inLanguage":"fr-FR","potentialAction":[{"@type":"ReadAction","target":["https:\/\/lasentinelle.dz\/index.php\/2021\/10\/07\/reunion-italie-afrique-a-rome-agenda-charge-pour-ramtane-lamamra\/"]}]},{"@type":"ImageObject","inLanguage":"fr-FR","@id":"https:\/\/lasentinelle.dz\/index.php\/2021\/10\/07\/reunion-italie-afrique-a-rome-agenda-charge-pour-ramtane-lamamra\/#primaryimage","url":"https:\/\/lasentinelle.dz\/wp-content\/uploads\/2021\/10\/image_2021-10-06_194205.png","contentUrl":"https:\/\/lasentinelle.dz\/wp-content\/uploads\/2021\/10\/image_2021-10-06_194205.png","width":282,"height":211},{"@type":"BreadcrumbList","@id":"https:\/\/lasentinelle.dz\/index.php\/2021\/10\/07\/reunion-italie-afrique-a-rome-agenda-charge-pour-ramtane-lamamra\/#breadcrumb","itemListElement":[{"@type":"ListItem","position":1,"name":"Accueil","item":"https:\/\/lasentinelle.dz\/"},{"@type":"ListItem","position":2,"name":"R\u00e9union Italie-Afrique \u00e0 Rome : Agenda charg\u00e9 pour Ramtane Lamamra"}]},{"@type":"WebSite","@id":"https:\/\/lasentinelle.dz\/#website","url":"https:\/\/lasentinelle.dz\/","name":"La Sentinelle","description":"Quotidien national d&#039;information","publisher":{"@id":"https:\/\/lasentinelle.dz\/#organization"},"potentialAction":[{"@type":"SearchAction","target":{"@type":"EntryPoint","urlTemplate":"https:\/\/lasentinelle.dz\/?s={search_term_string}"},"query-input":{"@type":"PropertyValueSpecification","valueRequired":true,"valueName":"search_term_string"}}],"inLanguage":"fr-FR"},{"@type":"Organization","@id":"https:\/\/lasentinelle.dz\/#organization","name":"Quotidien La Sentinelle","url":"https:\/\/lasentinelle.dz\/","logo":{"@type":"ImageObject","inLanguage":"fr-FR","@id":"https:\/\/lasentinelle.dz\/#\/schema\/logo\/image\/","url":"https:\/\/lasentinelle.dz\/wp-content\/uploads\/2021\/09\/logo-sentinelleSLOGAN-1.png","contentUrl":"https:\/\/lasentinelle.dz\/wp-content\/uploads\/2021\/09\/logo-sentinelleSLOGAN-1.png","width":615,"height":142,"caption":"Quotidien La Sentinelle"},"image":{"@id":"https:\/\/lasentinelle.dz\/#\/schema\/logo\/image\/"},"sameAs":["https:\/\/www.facebook.com\/La-Sentinelle-104059864394773"]},{"@type":"Person","@id":"https:\/\/lasentinelle.dz\/#\/schema\/person\/d865044e22e70a75174ce8bcad3acfb3","name":"La Sentinelle","image":{"@type":"ImageObject","inLanguage":"fr-FR","@id":"https:\/\/secure.gravatar.com\/avatar\/57de8e5d4b15d43fb361a71fbb36338450fe67865b528a43dd10ef7c51a20392?s=96&d=mm&r=g","url":"https:\/\/secure.gravatar.com\/avatar\/57de8e5d4b15d43fb361a71fbb36338450fe67865b528a43dd10ef7c51a20392?s=96&d=mm&r=g","contentUrl":"https:\/\/secure.gravatar.com\/avatar\/57de8e5d4b15d43fb361a71fbb36338450fe67865b528a43dd10ef7c51a20392?s=96&d=mm&r=g","caption":"La Sentinelle"},"sameAs":["http:\/\/www.lasentinelle.dz"],"url":"https:\/\/lasentinelle.dz\/author\/redaction\/"}]}},"_links":{"self":[{"href":"https:\/\/lasentinelle.dz\/index.php\/wp-json\/wp\/v2\/posts\/10088","targetHints":{"allow":["GET"]}}],"collection":[{"href":"https:\/\/lasentinelle.dz\/index.php\/wp-json\/wp\/v2\/posts"}],"about":[{"href":"https:\/\/lasentinelle.dz\/index.php\/wp-json\/wp\/v2\/types\/post"}],"author":[{"embeddable":true,"href":"https:\/\/lasentinelle.dz\/index.php\/wp-json\/wp\/v2\/users\/3"}],"replies":[{"embeddable":true,"href":"https:\/\/lasentinelle.dz\/index.php\/wp-json\/wp\/v2\/comments?post=10088"}],"version-history":[{"count":1,"href":"https:\/\/lasentinelle.dz\/index.php\/wp-json\/wp\/v2\/posts\/10088\/revisions"}],"predecessor-version":[{"id":10094,"href":"https:\/\/lasentinelle.dz\/index.php\/wp-json\/wp\/v2\/posts\/10088\/revisions\/10094"}],"wp:featuredmedia":[{"embeddable":true,"href":"https:\/\/lasentinelle.dz\/index.php\/wp-json\/wp\/v2\/media\/10093"}],"wp:attachment":[{"href":"https:\/\/lasentinelle.dz\/index.php\/wp-json\/wp\/v2\/media?parent=10088"}],"wp:term":[{"taxonomy":"category","embeddable":true,"href":"https:\/\/lasentinelle.dz\/index.php\/wp-json\/wp\/v2\/categories?post=10088"},{"taxonomy":"post_tag","embeddable":true,"href":"https:\/\/lasentinelle.dz\/index.php\/wp-json\/wp\/v2\/tags?post=10088"}],"curies":[{"name":"wp","href":"https:\/\/api.w.org\/{rel}","templated":true}]}}