{"id":10123,"date":"2021-10-09T00:01:46","date_gmt":"2021-10-08T23:01:46","guid":{"rendered":"https:\/\/lasentinelle.dz\/?p=10123"},"modified":"2021-10-08T19:23:06","modified_gmt":"2021-10-08T18:23:06","slug":"deces-de-lartiste-rabah-driassa-le-chantre-de-la-chanson-populaire-tire-sa-reverence","status":"publish","type":"post","link":"https:\/\/lasentinelle.dz\/index.php\/2021\/10\/09\/deces-de-lartiste-rabah-driassa-le-chantre-de-la-chanson-populaire-tire-sa-reverence\/","title":{"rendered":"D\u00e9c\u00e8s de l&rsquo;artiste Rabah Driassa : Le chantre de la chanson populaire tire sa r\u00e9v\u00e9rence"},"content":{"rendered":"\n<p>L&rsquo;artiste Rabah Driassa, l&rsquo;un des chantres de la musique populaire alg\u00e9rienne, est d\u00e9c\u00e9d\u00e9 ce hier matin \u00e0 l&rsquo;\u00e2ge de 87 ans, a annonc\u00e9 le directeur de la culture de la wilaya de Blida, Hadj Meshoub.<\/p>\n\n\n\n<p>Rabah Driassa est d\u00e9c\u00e9d\u00e9 \u00e0 son domicile situ\u00e9 au Boulevard Larbi Tebessi au centre-ville de Blida, a pr\u00e9cis\u00e9 Hadj Meshoub. Le chantre de la chanson alg\u00e9rienne authentique a \u00e9t\u00e9 inhum\u00e9 hier apr\u00e8s-midi au cimeti\u00e8re de Sidi Halou au centre-ville de Blida, a-t-on appris aupr\u00e8s des services de wilaya.Rabah Driassa qui a lanc\u00e9 sa carri\u00e8re artistique en 1953, jouit d&rsquo;une cote populaire importante qui lui voue amour et respect notamment aupr\u00e8s du<\/p>\n\n\n\n<p>peuple alg\u00e9rien.Parmi ses plus grands succ\u00e8s, il y a lieu de citer sa c\u00e9l\u00e8bre chanson \u00ab\u00a0Yahia wlad bladi\u00a0\u00bb (vive les enfants de mon pays), qui a contribu\u00e9 \u00e0 resserrer les rangs des Alg\u00e9riens.Auteur et compositeur de certaines de ses chansons, Driassa a chant\u00e9 la patrie, l&rsquo;amour et la beaut\u00e9 notamment dans ses succ\u00e8s \u00ab\u00a0el Moumarida\u00a0\u00bb, \u00ab\u00a0Ya Mohamed\u00a0\u00bb et \u00ab\u00a0Nedjma Kotbiya\u00a0\u00bb.<\/p>\n\n\n\n<p>Son art premier est la peinture et en particulier la miniature qu&rsquo;il apprend tout seul en s&rsquo;inspirant de Mohamed Racim. Il expose ses \u0153uvres \u00e0 Blida et \u00e0 Alger o\u00f9 il obtient le Prix Jules Ferry, au Salon des artistes Alg\u00e9riens et Orientalistes de Paris et de Metz \u00e0 l&rsquo;occasion du jumelage entre Blida et Metz.Il s&rsquo;int\u00e9resse \u00e0 la chanson en 1953 et commence par \u00e9crire des chansons pour la plupart des vedettes de l&rsquo;\u00e9poque, puis il tente de chanter lui-m\u00eame ses paroles. Il est remarqu\u00e9 par des ma\u00eetres c\u00e9l\u00e8bres de la chanson, tels que Mustapha Skandrani, Abderrahmane Aziz, Mustapha Kechkoul, etc. qui l&rsquo;ont aid\u00e9 dans cette voie.<\/p>\n\n\n\n<p>Le succ\u00e8s est imm\u00e9diat. Il cr\u00e9e ainsi un genre nouveau en m\u00ealant des genres aussi diff\u00e9rents que le Alaoui et le Sahraoui, d\u00e8s lors, son succ\u00e8s ne cesse de grandir aupr\u00e8s du public.<\/p>\n\n\n\n<p>D\u00e8s l&rsquo;ind\u00e9pendance de l&rsquo;Alg\u00e9rie, il participe \u00e0 diff\u00e9rentes tourn\u00e9es \u00e0 la demande de la communaut\u00e9 alg\u00e9rienne en Europe, pour f\u00eater avec lui la joie de l&rsquo;ind\u00e9pendance de l&rsquo;Alg\u00e9rie nouvelle, qui le reconnait comme l&rsquo;un des ambassadeurs de la chanson alg\u00e9rienne. Il participe \u00e0 toutes les semaines culturelles de l&rsquo;Alg\u00e9rie organis\u00e9es en Irak, \u00c9gypte, Syrie, Kowe\u00eft, Arabie Saoudite, \u00c9mirats arabes unis, Liban, ainsi que dans les pays du Maghreb. Il est sollicit\u00e9 pour animer un r\u00e9cital au Festival International de Carthage, o\u00f9 sa chanson Nedjma Kotbia re\u00e7oit un grand succ\u00e8s. Pourvu de grandes qualit\u00e9s morales, po\u00e9tiques et professionnelles, aim\u00e9 pour sa gentillesse, il est reconnu comme l&rsquo;un des meilleurs auteurs-compositeurs de la chanson alg\u00e9rienne.<\/p>\n\n\n\n<p>R.C.<\/p>\n","protected":false},"excerpt":{"rendered":"<p>L&rsquo;artiste Rabah Driassa, l&rsquo;un des chantres de la musique populaire alg\u00e9rienne, est d\u00e9c\u00e9d\u00e9 ce hier matin \u00e0 l&rsquo;\u00e2ge de 87<\/p>\n","protected":false},"author":3,"featured_media":10130,"comment_status":"open","ping_status":"closed","sticky":false,"template":"","format":"standard","meta":{"colormag_page_container_layout":"default_layout","colormag_page_sidebar_layout":"default_layout","om_disable_all_campaigns":false,"_monsterinsights_skip_tracking":false,"_monsterinsights_sitenote_active":false,"_monsterinsights_sitenote_note":"","_monsterinsights_sitenote_category":0,"footnotes":"","_wpscppro_dont_share_socialmedia":false,"_wpscppro_custom_social_share_image":0,"_facebook_share_type":"","_twitter_share_type":"","_linkedin_share_type":"","_pinterest_share_type":"","_linkedin_share_type_page":"","_instagram_share_type":"","_medium_share_type":"","_threads_share_type":"","_google_business_share_type":"","_selected_social_profile":[],"_wpsp_enable_custom_social_template":false,"_wpsp_social_scheduling":{"enabled":false,"datetime":null,"platforms":[],"status":"template_only","dateOption":"today","timeOption":"now","customDays":"","customHours":"","customDate":"","customTime":"","schedulingType":"absolute"},"_wpsp_active_default_template":true},"categories":[52,36],"tags":[],"class_list":["post-10123","post","type-post","status-publish","format-standard","has-post-thumbnail","hentry","category-a-la-une","category-culture"],"aioseo_notices":[],"yoast_head":"<!-- This site is optimized with the Yoast SEO plugin v27.5 - https:\/\/yoast.com\/product\/yoast-seo-wordpress\/ -->\n<title>D\u00e9c\u00e8s de l&#039;artiste Rabah Driassa : Le chantre de la chanson populaire tire sa r\u00e9v\u00e9rence - La Sentinelle<\/title>\n<meta name=\"robots\" content=\"index, follow, max-snippet:-1, max-image-preview:large, max-video-preview:-1\" \/>\n<link rel=\"canonical\" href=\"https:\/\/lasentinelle.dz\/index.php\/2021\/10\/09\/deces-de-lartiste-rabah-driassa-le-chantre-de-la-chanson-populaire-tire-sa-reverence\/\" \/>\n<meta property=\"og:locale\" content=\"fr_FR\" \/>\n<meta property=\"og:type\" content=\"article\" \/>\n<meta property=\"og:title\" content=\"D\u00e9c\u00e8s de l&#039;artiste Rabah Driassa : Le chantre de la chanson populaire tire sa r\u00e9v\u00e9rence - La Sentinelle\" \/>\n<meta property=\"og:description\" content=\"L&rsquo;artiste Rabah Driassa, l&rsquo;un des chantres de la musique populaire alg\u00e9rienne, est d\u00e9c\u00e9d\u00e9 ce hier matin \u00e0 l&rsquo;\u00e2ge de 87\" \/>\n<meta property=\"og:url\" content=\"https:\/\/lasentinelle.dz\/index.php\/2021\/10\/09\/deces-de-lartiste-rabah-driassa-le-chantre-de-la-chanson-populaire-tire-sa-reverence\/\" \/>\n<meta property=\"og:site_name\" content=\"La Sentinelle\" \/>\n<meta property=\"article:publisher\" content=\"https:\/\/www.facebook.com\/La-Sentinelle-104059864394773\" \/>\n<meta property=\"article:published_time\" content=\"2021-10-08T23:01:46+00:00\" \/>\n<meta property=\"og:image\" content=\"https:\/\/lasentinelle.dz\/wp-content\/uploads\/2021\/10\/rabah-driassa.jpeg\" \/>\n\t<meta property=\"og:image:width\" content=\"600\" \/>\n\t<meta property=\"og:image:height\" content=\"505\" \/>\n\t<meta property=\"og:image:type\" content=\"image\/jpeg\" \/>\n<meta name=\"author\" content=\"La Sentinelle\" \/>\n<meta name=\"twitter:card\" content=\"summary_large_image\" \/>\n<meta name=\"twitter:label1\" content=\"\u00c9crit par\" \/>\n\t<meta name=\"twitter:data1\" content=\"La Sentinelle\" \/>\n\t<meta name=\"twitter:label2\" content=\"Dur\u00e9e de lecture estim\u00e9e\" \/>\n\t<meta name=\"twitter:data2\" content=\"2 minutes\" \/>\n<script type=\"application\/ld+json\" class=\"yoast-schema-graph\">{\"@context\":\"https:\\\/\\\/schema.org\",\"@graph\":[{\"@type\":\"Article\",\"@id\":\"https:\\\/\\\/lasentinelle.dz\\\/index.php\\\/2021\\\/10\\\/09\\\/deces-de-lartiste-rabah-driassa-le-chantre-de-la-chanson-populaire-tire-sa-reverence\\\/#article\",\"isPartOf\":{\"@id\":\"https:\\\/\\\/lasentinelle.dz\\\/index.php\\\/2021\\\/10\\\/09\\\/deces-de-lartiste-rabah-driassa-le-chantre-de-la-chanson-populaire-tire-sa-reverence\\\/\"},\"author\":{\"name\":\"La Sentinelle\",\"@id\":\"https:\\\/\\\/lasentinelle.dz\\\/#\\\/schema\\\/person\\\/d865044e22e70a75174ce8bcad3acfb3\"},\"headline\":\"D\u00e9c\u00e8s de l&rsquo;artiste Rabah Driassa : Le chantre de la chanson populaire tire sa r\u00e9v\u00e9rence\",\"datePublished\":\"2021-10-08T23:01:46+00:00\",\"mainEntityOfPage\":{\"@id\":\"https:\\\/\\\/lasentinelle.dz\\\/index.php\\\/2021\\\/10\\\/09\\\/deces-de-lartiste-rabah-driassa-le-chantre-de-la-chanson-populaire-tire-sa-reverence\\\/\"},\"wordCount\":501,\"commentCount\":0,\"publisher\":{\"@id\":\"https:\\\/\\\/lasentinelle.dz\\\/#organization\"},\"image\":{\"@id\":\"https:\\\/\\\/lasentinelle.dz\\\/index.php\\\/2021\\\/10\\\/09\\\/deces-de-lartiste-rabah-driassa-le-chantre-de-la-chanson-populaire-tire-sa-reverence\\\/#primaryimage\"},\"thumbnailUrl\":\"https:\\\/\\\/lasentinelle.dz\\\/wp-content\\\/uploads\\\/2021\\\/10\\\/rabah-driassa.jpeg\",\"articleSection\":[\"\u00c0 la Une\",\"Culture\"],\"inLanguage\":\"fr-FR\",\"potentialAction\":[{\"@type\":\"CommentAction\",\"name\":\"Comment\",\"target\":[\"https:\\\/\\\/lasentinelle.dz\\\/index.php\\\/2021\\\/10\\\/09\\\/deces-de-lartiste-rabah-driassa-le-chantre-de-la-chanson-populaire-tire-sa-reverence\\\/#respond\"]}]},{\"@type\":\"WebPage\",\"@id\":\"https:\\\/\\\/lasentinelle.dz\\\/index.php\\\/2021\\\/10\\\/09\\\/deces-de-lartiste-rabah-driassa-le-chantre-de-la-chanson-populaire-tire-sa-reverence\\\/\",\"url\":\"https:\\\/\\\/lasentinelle.dz\\\/index.php\\\/2021\\\/10\\\/09\\\/deces-de-lartiste-rabah-driassa-le-chantre-de-la-chanson-populaire-tire-sa-reverence\\\/\",\"name\":\"D\u00e9c\u00e8s de l'artiste Rabah Driassa : Le chantre de la chanson populaire tire sa r\u00e9v\u00e9rence - La Sentinelle\",\"isPartOf\":{\"@id\":\"https:\\\/\\\/lasentinelle.dz\\\/#website\"},\"primaryImageOfPage\":{\"@id\":\"https:\\\/\\\/lasentinelle.dz\\\/index.php\\\/2021\\\/10\\\/09\\\/deces-de-lartiste-rabah-driassa-le-chantre-de-la-chanson-populaire-tire-sa-reverence\\\/#primaryimage\"},\"image\":{\"@id\":\"https:\\\/\\\/lasentinelle.dz\\\/index.php\\\/2021\\\/10\\\/09\\\/deces-de-lartiste-rabah-driassa-le-chantre-de-la-chanson-populaire-tire-sa-reverence\\\/#primaryimage\"},\"thumbnailUrl\":\"https:\\\/\\\/lasentinelle.dz\\\/wp-content\\\/uploads\\\/2021\\\/10\\\/rabah-driassa.jpeg\",\"datePublished\":\"2021-10-08T23:01:46+00:00\",\"breadcrumb\":{\"@id\":\"https:\\\/\\\/lasentinelle.dz\\\/index.php\\\/2021\\\/10\\\/09\\\/deces-de-lartiste-rabah-driassa-le-chantre-de-la-chanson-populaire-tire-sa-reverence\\\/#breadcrumb\"},\"inLanguage\":\"fr-FR\",\"potentialAction\":[{\"@type\":\"ReadAction\",\"target\":[\"https:\\\/\\\/lasentinelle.dz\\\/index.php\\\/2021\\\/10\\\/09\\\/deces-de-lartiste-rabah-driassa-le-chantre-de-la-chanson-populaire-tire-sa-reverence\\\/\"]}]},{\"@type\":\"ImageObject\",\"inLanguage\":\"fr-FR\",\"@id\":\"https:\\\/\\\/lasentinelle.dz\\\/index.php\\\/2021\\\/10\\\/09\\\/deces-de-lartiste-rabah-driassa-le-chantre-de-la-chanson-populaire-tire-sa-reverence\\\/#primaryimage\",\"url\":\"https:\\\/\\\/lasentinelle.dz\\\/wp-content\\\/uploads\\\/2021\\\/10\\\/rabah-driassa.jpeg\",\"contentUrl\":\"https:\\\/\\\/lasentinelle.dz\\\/wp-content\\\/uploads\\\/2021\\\/10\\\/rabah-driassa.jpeg\",\"width\":600,\"height\":505},{\"@type\":\"BreadcrumbList\",\"@id\":\"https:\\\/\\\/lasentinelle.dz\\\/index.php\\\/2021\\\/10\\\/09\\\/deces-de-lartiste-rabah-driassa-le-chantre-de-la-chanson-populaire-tire-sa-reverence\\\/#breadcrumb\",\"itemListElement\":[{\"@type\":\"ListItem\",\"position\":1,\"name\":\"Accueil\",\"item\":\"https:\\\/\\\/lasentinelle.dz\\\/\"},{\"@type\":\"ListItem\",\"position\":2,\"name\":\"D\u00e9c\u00e8s de l&rsquo;artiste Rabah Driassa : Le chantre de la chanson populaire tire sa r\u00e9v\u00e9rence\"}]},{\"@type\":\"WebSite\",\"@id\":\"https:\\\/\\\/lasentinelle.dz\\\/#website\",\"url\":\"https:\\\/\\\/lasentinelle.dz\\\/\",\"name\":\"La Sentinelle\",\"description\":\"Quotidien national d&#039;information\",\"publisher\":{\"@id\":\"https:\\\/\\\/lasentinelle.dz\\\/#organization\"},\"potentialAction\":[{\"@type\":\"SearchAction\",\"target\":{\"@type\":\"EntryPoint\",\"urlTemplate\":\"https:\\\/\\\/lasentinelle.dz\\\/?s={search_term_string}\"},\"query-input\":{\"@type\":\"PropertyValueSpecification\",\"valueRequired\":true,\"valueName\":\"search_term_string\"}}],\"inLanguage\":\"fr-FR\"},{\"@type\":\"Organization\",\"@id\":\"https:\\\/\\\/lasentinelle.dz\\\/#organization\",\"name\":\"Quotidien La Sentinelle\",\"url\":\"https:\\\/\\\/lasentinelle.dz\\\/\",\"logo\":{\"@type\":\"ImageObject\",\"inLanguage\":\"fr-FR\",\"@id\":\"https:\\\/\\\/lasentinelle.dz\\\/#\\\/schema\\\/logo\\\/image\\\/\",\"url\":\"https:\\\/\\\/lasentinelle.dz\\\/wp-content\\\/uploads\\\/2021\\\/09\\\/logo-sentinelleSLOGAN-1.png\",\"contentUrl\":\"https:\\\/\\\/lasentinelle.dz\\\/wp-content\\\/uploads\\\/2021\\\/09\\\/logo-sentinelleSLOGAN-1.png\",\"width\":615,\"height\":142,\"caption\":\"Quotidien La Sentinelle\"},\"image\":{\"@id\":\"https:\\\/\\\/lasentinelle.dz\\\/#\\\/schema\\\/logo\\\/image\\\/\"},\"sameAs\":[\"https:\\\/\\\/www.facebook.com\\\/La-Sentinelle-104059864394773\"]},{\"@type\":\"Person\",\"@id\":\"https:\\\/\\\/lasentinelle.dz\\\/#\\\/schema\\\/person\\\/d865044e22e70a75174ce8bcad3acfb3\",\"name\":\"La Sentinelle\",\"image\":{\"@type\":\"ImageObject\",\"inLanguage\":\"fr-FR\",\"@id\":\"https:\\\/\\\/secure.gravatar.com\\\/avatar\\\/57de8e5d4b15d43fb361a71fbb36338450fe67865b528a43dd10ef7c51a20392?s=96&d=mm&r=g\",\"url\":\"https:\\\/\\\/secure.gravatar.com\\\/avatar\\\/57de8e5d4b15d43fb361a71fbb36338450fe67865b528a43dd10ef7c51a20392?s=96&d=mm&r=g\",\"contentUrl\":\"https:\\\/\\\/secure.gravatar.com\\\/avatar\\\/57de8e5d4b15d43fb361a71fbb36338450fe67865b528a43dd10ef7c51a20392?s=96&d=mm&r=g\",\"caption\":\"La Sentinelle\"},\"sameAs\":[\"http:\\\/\\\/www.lasentinelle.dz\"],\"url\":\"https:\\\/\\\/lasentinelle.dz\\\/author\\\/redaction\\\/\"}]}<\/script>\n<!-- \/ Yoast SEO plugin. -->","yoast_head_json":{"title":"D\u00e9c\u00e8s de l'artiste Rabah Driassa : Le chantre de la chanson populaire tire sa r\u00e9v\u00e9rence - La Sentinelle","robots":{"index":"index","follow":"follow","max-snippet":"max-snippet:-1","max-image-preview":"max-image-preview:large","max-video-preview":"max-video-preview:-1"},"canonical":"https:\/\/lasentinelle.dz\/index.php\/2021\/10\/09\/deces-de-lartiste-rabah-driassa-le-chantre-de-la-chanson-populaire-tire-sa-reverence\/","og_locale":"fr_FR","og_type":"article","og_title":"D\u00e9c\u00e8s de l'artiste Rabah Driassa : Le chantre de la chanson populaire tire sa r\u00e9v\u00e9rence - La Sentinelle","og_description":"L&rsquo;artiste Rabah Driassa, l&rsquo;un des chantres de la musique populaire alg\u00e9rienne, est d\u00e9c\u00e9d\u00e9 ce hier matin \u00e0 l&rsquo;\u00e2ge de 87","og_url":"https:\/\/lasentinelle.dz\/index.php\/2021\/10\/09\/deces-de-lartiste-rabah-driassa-le-chantre-de-la-chanson-populaire-tire-sa-reverence\/","og_site_name":"La Sentinelle","article_publisher":"https:\/\/www.facebook.com\/La-Sentinelle-104059864394773","article_published_time":"2021-10-08T23:01:46+00:00","og_image":[{"width":600,"height":505,"url":"https:\/\/lasentinelle.dz\/wp-content\/uploads\/2021\/10\/rabah-driassa.jpeg","type":"image\/jpeg"}],"author":"La Sentinelle","twitter_card":"summary_large_image","twitter_misc":{"\u00c9crit par":"La Sentinelle","Dur\u00e9e de lecture estim\u00e9e":"2 minutes"},"schema":{"@context":"https:\/\/schema.org","@graph":[{"@type":"Article","@id":"https:\/\/lasentinelle.dz\/index.php\/2021\/10\/09\/deces-de-lartiste-rabah-driassa-le-chantre-de-la-chanson-populaire-tire-sa-reverence\/#article","isPartOf":{"@id":"https:\/\/lasentinelle.dz\/index.php\/2021\/10\/09\/deces-de-lartiste-rabah-driassa-le-chantre-de-la-chanson-populaire-tire-sa-reverence\/"},"author":{"name":"La Sentinelle","@id":"https:\/\/lasentinelle.dz\/#\/schema\/person\/d865044e22e70a75174ce8bcad3acfb3"},"headline":"D\u00e9c\u00e8s de l&rsquo;artiste Rabah Driassa : Le chantre de la chanson populaire tire sa r\u00e9v\u00e9rence","datePublished":"2021-10-08T23:01:46+00:00","mainEntityOfPage":{"@id":"https:\/\/lasentinelle.dz\/index.php\/2021\/10\/09\/deces-de-lartiste-rabah-driassa-le-chantre-de-la-chanson-populaire-tire-sa-reverence\/"},"wordCount":501,"commentCount":0,"publisher":{"@id":"https:\/\/lasentinelle.dz\/#organization"},"image":{"@id":"https:\/\/lasentinelle.dz\/index.php\/2021\/10\/09\/deces-de-lartiste-rabah-driassa-le-chantre-de-la-chanson-populaire-tire-sa-reverence\/#primaryimage"},"thumbnailUrl":"https:\/\/lasentinelle.dz\/wp-content\/uploads\/2021\/10\/rabah-driassa.jpeg","articleSection":["\u00c0 la Une","Culture"],"inLanguage":"fr-FR","potentialAction":[{"@type":"CommentAction","name":"Comment","target":["https:\/\/lasentinelle.dz\/index.php\/2021\/10\/09\/deces-de-lartiste-rabah-driassa-le-chantre-de-la-chanson-populaire-tire-sa-reverence\/#respond"]}]},{"@type":"WebPage","@id":"https:\/\/lasentinelle.dz\/index.php\/2021\/10\/09\/deces-de-lartiste-rabah-driassa-le-chantre-de-la-chanson-populaire-tire-sa-reverence\/","url":"https:\/\/lasentinelle.dz\/index.php\/2021\/10\/09\/deces-de-lartiste-rabah-driassa-le-chantre-de-la-chanson-populaire-tire-sa-reverence\/","name":"D\u00e9c\u00e8s de l'artiste Rabah Driassa : Le chantre de la chanson populaire tire sa r\u00e9v\u00e9rence - La Sentinelle","isPartOf":{"@id":"https:\/\/lasentinelle.dz\/#website"},"primaryImageOfPage":{"@id":"https:\/\/lasentinelle.dz\/index.php\/2021\/10\/09\/deces-de-lartiste-rabah-driassa-le-chantre-de-la-chanson-populaire-tire-sa-reverence\/#primaryimage"},"image":{"@id":"https:\/\/lasentinelle.dz\/index.php\/2021\/10\/09\/deces-de-lartiste-rabah-driassa-le-chantre-de-la-chanson-populaire-tire-sa-reverence\/#primaryimage"},"thumbnailUrl":"https:\/\/lasentinelle.dz\/wp-content\/uploads\/2021\/10\/rabah-driassa.jpeg","datePublished":"2021-10-08T23:01:46+00:00","breadcrumb":{"@id":"https:\/\/lasentinelle.dz\/index.php\/2021\/10\/09\/deces-de-lartiste-rabah-driassa-le-chantre-de-la-chanson-populaire-tire-sa-reverence\/#breadcrumb"},"inLanguage":"fr-FR","potentialAction":[{"@type":"ReadAction","target":["https:\/\/lasentinelle.dz\/index.php\/2021\/10\/09\/deces-de-lartiste-rabah-driassa-le-chantre-de-la-chanson-populaire-tire-sa-reverence\/"]}]},{"@type":"ImageObject","inLanguage":"fr-FR","@id":"https:\/\/lasentinelle.dz\/index.php\/2021\/10\/09\/deces-de-lartiste-rabah-driassa-le-chantre-de-la-chanson-populaire-tire-sa-reverence\/#primaryimage","url":"https:\/\/lasentinelle.dz\/wp-content\/uploads\/2021\/10\/rabah-driassa.jpeg","contentUrl":"https:\/\/lasentinelle.dz\/wp-content\/uploads\/2021\/10\/rabah-driassa.jpeg","width":600,"height":505},{"@type":"BreadcrumbList","@id":"https:\/\/lasentinelle.dz\/index.php\/2021\/10\/09\/deces-de-lartiste-rabah-driassa-le-chantre-de-la-chanson-populaire-tire-sa-reverence\/#breadcrumb","itemListElement":[{"@type":"ListItem","position":1,"name":"Accueil","item":"https:\/\/lasentinelle.dz\/"},{"@type":"ListItem","position":2,"name":"D\u00e9c\u00e8s de l&rsquo;artiste Rabah Driassa : Le chantre de la chanson populaire tire sa r\u00e9v\u00e9rence"}]},{"@type":"WebSite","@id":"https:\/\/lasentinelle.dz\/#website","url":"https:\/\/lasentinelle.dz\/","name":"La Sentinelle","description":"Quotidien national d&#039;information","publisher":{"@id":"https:\/\/lasentinelle.dz\/#organization"},"potentialAction":[{"@type":"SearchAction","target":{"@type":"EntryPoint","urlTemplate":"https:\/\/lasentinelle.dz\/?s={search_term_string}"},"query-input":{"@type":"PropertyValueSpecification","valueRequired":true,"valueName":"search_term_string"}}],"inLanguage":"fr-FR"},{"@type":"Organization","@id":"https:\/\/lasentinelle.dz\/#organization","name":"Quotidien La Sentinelle","url":"https:\/\/lasentinelle.dz\/","logo":{"@type":"ImageObject","inLanguage":"fr-FR","@id":"https:\/\/lasentinelle.dz\/#\/schema\/logo\/image\/","url":"https:\/\/lasentinelle.dz\/wp-content\/uploads\/2021\/09\/logo-sentinelleSLOGAN-1.png","contentUrl":"https:\/\/lasentinelle.dz\/wp-content\/uploads\/2021\/09\/logo-sentinelleSLOGAN-1.png","width":615,"height":142,"caption":"Quotidien La Sentinelle"},"image":{"@id":"https:\/\/lasentinelle.dz\/#\/schema\/logo\/image\/"},"sameAs":["https:\/\/www.facebook.com\/La-Sentinelle-104059864394773"]},{"@type":"Person","@id":"https:\/\/lasentinelle.dz\/#\/schema\/person\/d865044e22e70a75174ce8bcad3acfb3","name":"La Sentinelle","image":{"@type":"ImageObject","inLanguage":"fr-FR","@id":"https:\/\/secure.gravatar.com\/avatar\/57de8e5d4b15d43fb361a71fbb36338450fe67865b528a43dd10ef7c51a20392?s=96&d=mm&r=g","url":"https:\/\/secure.gravatar.com\/avatar\/57de8e5d4b15d43fb361a71fbb36338450fe67865b528a43dd10ef7c51a20392?s=96&d=mm&r=g","contentUrl":"https:\/\/secure.gravatar.com\/avatar\/57de8e5d4b15d43fb361a71fbb36338450fe67865b528a43dd10ef7c51a20392?s=96&d=mm&r=g","caption":"La Sentinelle"},"sameAs":["http:\/\/www.lasentinelle.dz"],"url":"https:\/\/lasentinelle.dz\/author\/redaction\/"}]}},"_links":{"self":[{"href":"https:\/\/lasentinelle.dz\/index.php\/wp-json\/wp\/v2\/posts\/10123","targetHints":{"allow":["GET"]}}],"collection":[{"href":"https:\/\/lasentinelle.dz\/index.php\/wp-json\/wp\/v2\/posts"}],"about":[{"href":"https:\/\/lasentinelle.dz\/index.php\/wp-json\/wp\/v2\/types\/post"}],"author":[{"embeddable":true,"href":"https:\/\/lasentinelle.dz\/index.php\/wp-json\/wp\/v2\/users\/3"}],"replies":[{"embeddable":true,"href":"https:\/\/lasentinelle.dz\/index.php\/wp-json\/wp\/v2\/comments?post=10123"}],"version-history":[{"count":1,"href":"https:\/\/lasentinelle.dz\/index.php\/wp-json\/wp\/v2\/posts\/10123\/revisions"}],"predecessor-version":[{"id":10131,"href":"https:\/\/lasentinelle.dz\/index.php\/wp-json\/wp\/v2\/posts\/10123\/revisions\/10131"}],"wp:featuredmedia":[{"embeddable":true,"href":"https:\/\/lasentinelle.dz\/index.php\/wp-json\/wp\/v2\/media\/10130"}],"wp:attachment":[{"href":"https:\/\/lasentinelle.dz\/index.php\/wp-json\/wp\/v2\/media?parent=10123"}],"wp:term":[{"taxonomy":"category","embeddable":true,"href":"https:\/\/lasentinelle.dz\/index.php\/wp-json\/wp\/v2\/categories?post=10123"},{"taxonomy":"post_tag","embeddable":true,"href":"https:\/\/lasentinelle.dz\/index.php\/wp-json\/wp\/v2\/tags?post=10123"}],"curies":[{"name":"wp","href":"https:\/\/api.w.org\/{rel}","templated":true}]}}