{"id":10141,"date":"2021-10-09T00:01:00","date_gmt":"2021-10-08T23:01:00","guid":{"rendered":"https:\/\/lasentinelle.dz\/?p=10141"},"modified":"2021-10-08T16:53:37","modified_gmt":"2021-10-08T15:53:37","slug":"liaison-routiere-annaba-guelma-un-projet-qui-tarde-a-voire-le-jour","status":"publish","type":"post","link":"https:\/\/lasentinelle.dz\/index.php\/2021\/10\/09\/liaison-routiere-annaba-guelma-un-projet-qui-tarde-a-voire-le-jour\/","title":{"rendered":"Liaison routi\u00e8re Annaba\/Guelma : Un projet qui tarde \u00e0 voir le jour"},"content":{"rendered":"\n<p>Lanc\u00e9 en 2014, le projet de r\u00e9alisation d\u2019une voie autorouti\u00e8re sur une longueur de 36,5 km, entre Annaba et Guelma, peine \u00e0 \u00eatre concr\u00e9tis\u00e9.<\/p>\n\n\n\n<p>Au-del\u00e0, le projet de cette double voie r\u00e9clam\u00e9e, depuis des ann\u00e9es par la population, doit mettre fin au calvaire des usagers de la RN21 fortement engorg\u00e9e par l\u2019intense trafic d\u2019automobile et de poids lourds. Confi\u00e9 \u00e0 un consortium d\u2019entreprises nationales pour une enveloppe financi\u00e8re de 36 milliards de DA, le projet d\u2019autoroute dont 25 km doivent \u00eatre r\u00e9alis\u00e9s sur le territoire de la wilaya de Guelma, devait \u00eatre r\u00e9alis\u00e9 dans un d\u00e9lai de 24 mois. Or \u00e0 ce jour, les travaux de r\u00e9alisation de cette p\u00e9n\u00e9trante devant relier la wilaya de Guelma \u00e0 l\u2019autoroute Est-Ouest, au point de jonction sur le territoire de la wilaya d&rsquo;Annaba, accusent un important retard. Avec un taux d\u2019avancement des travaux de 20%, 30 % pour l\u2019am\u00e9nagement de la route et 12% pour les ouvrages d\u2019art, ce retard est retenu , selon certains responsables d\u2019entreprises, \u00e0 l\u2019actif &nbsp;de plusieurs raisons, entre autres, le manque de cr\u00e9dits de paiement (CP), les probl\u00e8mes techniques et g\u00e9otechniques ainsi que les obstacles relatifs au transfert du couloir r\u00e9serv\u00e9 \u00e0 la r\u00e9alisation du projet. Rappelons que, r\u00e9pondant aux questions orales des s\u00e9nateurs, lors d\u2019une s\u00e9ance pl\u00e9ni\u00e8re du Conseil de la nation consacr\u00e9e au retard accus\u00e9 dans certains projets d\u2019autoroutes, l\u2019ancien ministre des Travaux publics, Farouk Chiali a affirm\u00e9, il y a quelques, que &nbsp;les pouvoirs publics ont pris les mesures indispensables, en vue de rattraper ce retard, afin de livrer le projet, dans les plus brefs d\u00e9lais. S\u2019agissant du deuxi\u00e8me volet du projet, \u00e0 savoir la p\u00e9n\u00e9trante reliant Annaba \u00e0 l\u2019autoroute Est-Ouest, il s&rsquo;\u00e9tend sur une distance de 30 km et est g\u00e9r\u00e9 par la wilaya d\u2019Annaba. La cadence des travaux est satisfaisante. Cette partie du projet confi\u00e9e \u00e0 l\u2019Agence nationale des autoroutes (ANA), consiste en la r\u00e9alisation d\u2019une double voie, con\u00e7ue&nbsp;le passage simultan\u00e9 de trois v\u00e9hicules (triple voies). N\u00e9anmoins, le projet du tron\u00e7on de la wilaya d\u2019Annaba fait l\u2019objet de r\u00e9serves. Rappelons par ailleurs que le projet de &nbsp;l\u2019autoroute reliant le port d\u2019Annaba \u00e0 la wilaya de Guelma, &nbsp;s\u2019inscrivait dans le cadre du sch\u00e9ma directeur routier et autoroutier (2005-2025) destin\u00e9 \u00e0 d\u00e9sengorger le trafic au niveau de la route nationale RN21 reliant les deux wilayas. Un projet d\u2019envergure, dont l\u2019ach\u00e8vement demeure tributaire de la disponibilit\u00e9 de l\u2019enveloppe budg\u00e9taire.<\/p>\n\n\n\n<p><strong>Sofia Chahine<\/strong><\/p>\n","protected":false},"excerpt":{"rendered":"<p>Lanc\u00e9 en 2014, le projet de r\u00e9alisation d\u2019une voie autorouti\u00e8re sur une longueur de 36,5 km, entre Annaba et Guelma,<\/p>\n","protected":false},"author":3,"featured_media":10144,"comment_status":"open","ping_status":"closed","sticky":false,"template":"","format":"standard","meta":{"colormag_page_container_layout":"default_layout","colormag_page_sidebar_layout":"default_layout","om_disable_all_campaigns":false,"_monsterinsights_skip_tracking":false,"_monsterinsights_sitenote_active":false,"_monsterinsights_sitenote_note":"","_monsterinsights_sitenote_category":0,"footnotes":"","_wpscppro_dont_share_socialmedia":false,"_wpscppro_custom_social_share_image":0,"_facebook_share_type":"","_twitter_share_type":"","_linkedin_share_type":"","_pinterest_share_type":"","_linkedin_share_type_page":"","_instagram_share_type":"","_medium_share_type":"","_threads_share_type":"","_google_business_share_type":"","_selected_social_profile":[],"_wpsp_enable_custom_social_template":false,"_wpsp_social_scheduling":{"enabled":false,"datetime":null,"platforms":[],"status":"template_only","dateOption":"today","timeOption":"now","customDays":"","customHours":"","customDate":"","customTime":"","schedulingType":"absolute"},"_wpsp_active_default_template":true},"categories":[31],"tags":[],"class_list":["post-10141","post","type-post","status-publish","format-standard","has-post-thumbnail","hentry","category-regions"],"aioseo_notices":[],"yoast_head":"<!-- This site is optimized with the Yoast SEO plugin v27.5 - https:\/\/yoast.com\/product\/yoast-seo-wordpress\/ -->\n<title>Liaison routi\u00e8re Annaba\/Guelma : Un projet qui tarde \u00e0 voir le jour - La Sentinelle<\/title>\n<meta name=\"robots\" content=\"index, follow, max-snippet:-1, max-image-preview:large, max-video-preview:-1\" \/>\n<link rel=\"canonical\" href=\"https:\/\/lasentinelle.dz\/index.php\/2021\/10\/09\/liaison-routiere-annaba-guelma-un-projet-qui-tarde-a-voire-le-jour\/\" \/>\n<meta property=\"og:locale\" content=\"fr_FR\" \/>\n<meta property=\"og:type\" content=\"article\" \/>\n<meta property=\"og:title\" content=\"Liaison routi\u00e8re Annaba\/Guelma : Un projet qui tarde \u00e0 voir le jour - La Sentinelle\" \/>\n<meta property=\"og:description\" content=\"Lanc\u00e9 en 2014, le projet de r\u00e9alisation d\u2019une voie autorouti\u00e8re sur une longueur de 36,5 km, entre Annaba et Guelma,\" \/>\n<meta property=\"og:url\" content=\"https:\/\/lasentinelle.dz\/index.php\/2021\/10\/09\/liaison-routiere-annaba-guelma-un-projet-qui-tarde-a-voire-le-jour\/\" \/>\n<meta property=\"og:site_name\" content=\"La Sentinelle\" \/>\n<meta property=\"article:publisher\" content=\"https:\/\/www.facebook.com\/La-Sentinelle-104059864394773\" \/>\n<meta property=\"article:published_time\" content=\"2021-10-08T23:01:00+00:00\" \/>\n<meta property=\"og:image\" content=\"https:\/\/lasentinelle.dz\/wp-content\/uploads\/2021\/10\/image_2021-10-08_162319.png\" \/>\n\t<meta property=\"og:image:width\" content=\"512\" \/>\n\t<meta property=\"og:image:height\" content=\"309\" \/>\n\t<meta property=\"og:image:type\" content=\"image\/png\" \/>\n<meta name=\"author\" content=\"La Sentinelle\" \/>\n<meta name=\"twitter:card\" content=\"summary_large_image\" \/>\n<meta name=\"twitter:label1\" content=\"\u00c9crit par\" \/>\n\t<meta name=\"twitter:data1\" content=\"La Sentinelle\" \/>\n\t<meta name=\"twitter:label2\" content=\"Dur\u00e9e de lecture estim\u00e9e\" \/>\n\t<meta name=\"twitter:data2\" content=\"2 minutes\" \/>\n<script type=\"application\/ld+json\" class=\"yoast-schema-graph\">{\"@context\":\"https:\\\/\\\/schema.org\",\"@graph\":[{\"@type\":\"Article\",\"@id\":\"https:\\\/\\\/lasentinelle.dz\\\/index.php\\\/2021\\\/10\\\/09\\\/liaison-routiere-annaba-guelma-un-projet-qui-tarde-a-voire-le-jour\\\/#article\",\"isPartOf\":{\"@id\":\"https:\\\/\\\/lasentinelle.dz\\\/index.php\\\/2021\\\/10\\\/09\\\/liaison-routiere-annaba-guelma-un-projet-qui-tarde-a-voire-le-jour\\\/\"},\"author\":{\"name\":\"La Sentinelle\",\"@id\":\"https:\\\/\\\/lasentinelle.dz\\\/#\\\/schema\\\/person\\\/d865044e22e70a75174ce8bcad3acfb3\"},\"headline\":\"Liaison routi\u00e8re Annaba\\\/Guelma : Un projet qui tarde \u00e0 voir le jour\",\"datePublished\":\"2021-10-08T23:01:00+00:00\",\"mainEntityOfPage\":{\"@id\":\"https:\\\/\\\/lasentinelle.dz\\\/index.php\\\/2021\\\/10\\\/09\\\/liaison-routiere-annaba-guelma-un-projet-qui-tarde-a-voire-le-jour\\\/\"},\"wordCount\":463,\"commentCount\":0,\"publisher\":{\"@id\":\"https:\\\/\\\/lasentinelle.dz\\\/#organization\"},\"image\":{\"@id\":\"https:\\\/\\\/lasentinelle.dz\\\/index.php\\\/2021\\\/10\\\/09\\\/liaison-routiere-annaba-guelma-un-projet-qui-tarde-a-voire-le-jour\\\/#primaryimage\"},\"thumbnailUrl\":\"https:\\\/\\\/lasentinelle.dz\\\/wp-content\\\/uploads\\\/2021\\\/10\\\/image_2021-10-08_162319.png\",\"articleSection\":[\"R\u00e9gions\"],\"inLanguage\":\"fr-FR\",\"potentialAction\":[{\"@type\":\"CommentAction\",\"name\":\"Comment\",\"target\":[\"https:\\\/\\\/lasentinelle.dz\\\/index.php\\\/2021\\\/10\\\/09\\\/liaison-routiere-annaba-guelma-un-projet-qui-tarde-a-voire-le-jour\\\/#respond\"]}]},{\"@type\":\"WebPage\",\"@id\":\"https:\\\/\\\/lasentinelle.dz\\\/index.php\\\/2021\\\/10\\\/09\\\/liaison-routiere-annaba-guelma-un-projet-qui-tarde-a-voire-le-jour\\\/\",\"url\":\"https:\\\/\\\/lasentinelle.dz\\\/index.php\\\/2021\\\/10\\\/09\\\/liaison-routiere-annaba-guelma-un-projet-qui-tarde-a-voire-le-jour\\\/\",\"name\":\"Liaison routi\u00e8re Annaba\\\/Guelma : Un projet qui tarde \u00e0 voir le jour - La Sentinelle\",\"isPartOf\":{\"@id\":\"https:\\\/\\\/lasentinelle.dz\\\/#website\"},\"primaryImageOfPage\":{\"@id\":\"https:\\\/\\\/lasentinelle.dz\\\/index.php\\\/2021\\\/10\\\/09\\\/liaison-routiere-annaba-guelma-un-projet-qui-tarde-a-voire-le-jour\\\/#primaryimage\"},\"image\":{\"@id\":\"https:\\\/\\\/lasentinelle.dz\\\/index.php\\\/2021\\\/10\\\/09\\\/liaison-routiere-annaba-guelma-un-projet-qui-tarde-a-voire-le-jour\\\/#primaryimage\"},\"thumbnailUrl\":\"https:\\\/\\\/lasentinelle.dz\\\/wp-content\\\/uploads\\\/2021\\\/10\\\/image_2021-10-08_162319.png\",\"datePublished\":\"2021-10-08T23:01:00+00:00\",\"breadcrumb\":{\"@id\":\"https:\\\/\\\/lasentinelle.dz\\\/index.php\\\/2021\\\/10\\\/09\\\/liaison-routiere-annaba-guelma-un-projet-qui-tarde-a-voire-le-jour\\\/#breadcrumb\"},\"inLanguage\":\"fr-FR\",\"potentialAction\":[{\"@type\":\"ReadAction\",\"target\":[\"https:\\\/\\\/lasentinelle.dz\\\/index.php\\\/2021\\\/10\\\/09\\\/liaison-routiere-annaba-guelma-un-projet-qui-tarde-a-voire-le-jour\\\/\"]}]},{\"@type\":\"ImageObject\",\"inLanguage\":\"fr-FR\",\"@id\":\"https:\\\/\\\/lasentinelle.dz\\\/index.php\\\/2021\\\/10\\\/09\\\/liaison-routiere-annaba-guelma-un-projet-qui-tarde-a-voire-le-jour\\\/#primaryimage\",\"url\":\"https:\\\/\\\/lasentinelle.dz\\\/wp-content\\\/uploads\\\/2021\\\/10\\\/image_2021-10-08_162319.png\",\"contentUrl\":\"https:\\\/\\\/lasentinelle.dz\\\/wp-content\\\/uploads\\\/2021\\\/10\\\/image_2021-10-08_162319.png\",\"width\":512,\"height\":309},{\"@type\":\"BreadcrumbList\",\"@id\":\"https:\\\/\\\/lasentinelle.dz\\\/index.php\\\/2021\\\/10\\\/09\\\/liaison-routiere-annaba-guelma-un-projet-qui-tarde-a-voire-le-jour\\\/#breadcrumb\",\"itemListElement\":[{\"@type\":\"ListItem\",\"position\":1,\"name\":\"Accueil\",\"item\":\"https:\\\/\\\/lasentinelle.dz\\\/\"},{\"@type\":\"ListItem\",\"position\":2,\"name\":\"Liaison routi\u00e8re Annaba\\\/Guelma : Un projet qui tarde \u00e0 voir le jour\"}]},{\"@type\":\"WebSite\",\"@id\":\"https:\\\/\\\/lasentinelle.dz\\\/#website\",\"url\":\"https:\\\/\\\/lasentinelle.dz\\\/\",\"name\":\"La Sentinelle\",\"description\":\"Quotidien national d&#039;information\",\"publisher\":{\"@id\":\"https:\\\/\\\/lasentinelle.dz\\\/#organization\"},\"potentialAction\":[{\"@type\":\"SearchAction\",\"target\":{\"@type\":\"EntryPoint\",\"urlTemplate\":\"https:\\\/\\\/lasentinelle.dz\\\/?s={search_term_string}\"},\"query-input\":{\"@type\":\"PropertyValueSpecification\",\"valueRequired\":true,\"valueName\":\"search_term_string\"}}],\"inLanguage\":\"fr-FR\"},{\"@type\":\"Organization\",\"@id\":\"https:\\\/\\\/lasentinelle.dz\\\/#organization\",\"name\":\"Quotidien La Sentinelle\",\"url\":\"https:\\\/\\\/lasentinelle.dz\\\/\",\"logo\":{\"@type\":\"ImageObject\",\"inLanguage\":\"fr-FR\",\"@id\":\"https:\\\/\\\/lasentinelle.dz\\\/#\\\/schema\\\/logo\\\/image\\\/\",\"url\":\"https:\\\/\\\/lasentinelle.dz\\\/wp-content\\\/uploads\\\/2021\\\/09\\\/logo-sentinelleSLOGAN-1.png\",\"contentUrl\":\"https:\\\/\\\/lasentinelle.dz\\\/wp-content\\\/uploads\\\/2021\\\/09\\\/logo-sentinelleSLOGAN-1.png\",\"width\":615,\"height\":142,\"caption\":\"Quotidien La Sentinelle\"},\"image\":{\"@id\":\"https:\\\/\\\/lasentinelle.dz\\\/#\\\/schema\\\/logo\\\/image\\\/\"},\"sameAs\":[\"https:\\\/\\\/www.facebook.com\\\/La-Sentinelle-104059864394773\"]},{\"@type\":\"Person\",\"@id\":\"https:\\\/\\\/lasentinelle.dz\\\/#\\\/schema\\\/person\\\/d865044e22e70a75174ce8bcad3acfb3\",\"name\":\"La Sentinelle\",\"image\":{\"@type\":\"ImageObject\",\"inLanguage\":\"fr-FR\",\"@id\":\"https:\\\/\\\/secure.gravatar.com\\\/avatar\\\/57de8e5d4b15d43fb361a71fbb36338450fe67865b528a43dd10ef7c51a20392?s=96&d=mm&r=g\",\"url\":\"https:\\\/\\\/secure.gravatar.com\\\/avatar\\\/57de8e5d4b15d43fb361a71fbb36338450fe67865b528a43dd10ef7c51a20392?s=96&d=mm&r=g\",\"contentUrl\":\"https:\\\/\\\/secure.gravatar.com\\\/avatar\\\/57de8e5d4b15d43fb361a71fbb36338450fe67865b528a43dd10ef7c51a20392?s=96&d=mm&r=g\",\"caption\":\"La Sentinelle\"},\"sameAs\":[\"http:\\\/\\\/www.lasentinelle.dz\"],\"url\":\"https:\\\/\\\/lasentinelle.dz\\\/author\\\/redaction\\\/\"}]}<\/script>\n<!-- \/ Yoast SEO plugin. -->","yoast_head_json":{"title":"Liaison routi\u00e8re Annaba\/Guelma : Un projet qui tarde \u00e0 voir le jour - La Sentinelle","robots":{"index":"index","follow":"follow","max-snippet":"max-snippet:-1","max-image-preview":"max-image-preview:large","max-video-preview":"max-video-preview:-1"},"canonical":"https:\/\/lasentinelle.dz\/index.php\/2021\/10\/09\/liaison-routiere-annaba-guelma-un-projet-qui-tarde-a-voire-le-jour\/","og_locale":"fr_FR","og_type":"article","og_title":"Liaison routi\u00e8re Annaba\/Guelma : Un projet qui tarde \u00e0 voir le jour - La Sentinelle","og_description":"Lanc\u00e9 en 2014, le projet de r\u00e9alisation d\u2019une voie autorouti\u00e8re sur une longueur de 36,5 km, entre Annaba et Guelma,","og_url":"https:\/\/lasentinelle.dz\/index.php\/2021\/10\/09\/liaison-routiere-annaba-guelma-un-projet-qui-tarde-a-voire-le-jour\/","og_site_name":"La Sentinelle","article_publisher":"https:\/\/www.facebook.com\/La-Sentinelle-104059864394773","article_published_time":"2021-10-08T23:01:00+00:00","og_image":[{"width":512,"height":309,"url":"https:\/\/lasentinelle.dz\/wp-content\/uploads\/2021\/10\/image_2021-10-08_162319.png","type":"image\/png"}],"author":"La Sentinelle","twitter_card":"summary_large_image","twitter_misc":{"\u00c9crit par":"La Sentinelle","Dur\u00e9e de lecture estim\u00e9e":"2 minutes"},"schema":{"@context":"https:\/\/schema.org","@graph":[{"@type":"Article","@id":"https:\/\/lasentinelle.dz\/index.php\/2021\/10\/09\/liaison-routiere-annaba-guelma-un-projet-qui-tarde-a-voire-le-jour\/#article","isPartOf":{"@id":"https:\/\/lasentinelle.dz\/index.php\/2021\/10\/09\/liaison-routiere-annaba-guelma-un-projet-qui-tarde-a-voire-le-jour\/"},"author":{"name":"La Sentinelle","@id":"https:\/\/lasentinelle.dz\/#\/schema\/person\/d865044e22e70a75174ce8bcad3acfb3"},"headline":"Liaison routi\u00e8re Annaba\/Guelma : Un projet qui tarde \u00e0 voir le jour","datePublished":"2021-10-08T23:01:00+00:00","mainEntityOfPage":{"@id":"https:\/\/lasentinelle.dz\/index.php\/2021\/10\/09\/liaison-routiere-annaba-guelma-un-projet-qui-tarde-a-voire-le-jour\/"},"wordCount":463,"commentCount":0,"publisher":{"@id":"https:\/\/lasentinelle.dz\/#organization"},"image":{"@id":"https:\/\/lasentinelle.dz\/index.php\/2021\/10\/09\/liaison-routiere-annaba-guelma-un-projet-qui-tarde-a-voire-le-jour\/#primaryimage"},"thumbnailUrl":"https:\/\/lasentinelle.dz\/wp-content\/uploads\/2021\/10\/image_2021-10-08_162319.png","articleSection":["R\u00e9gions"],"inLanguage":"fr-FR","potentialAction":[{"@type":"CommentAction","name":"Comment","target":["https:\/\/lasentinelle.dz\/index.php\/2021\/10\/09\/liaison-routiere-annaba-guelma-un-projet-qui-tarde-a-voire-le-jour\/#respond"]}]},{"@type":"WebPage","@id":"https:\/\/lasentinelle.dz\/index.php\/2021\/10\/09\/liaison-routiere-annaba-guelma-un-projet-qui-tarde-a-voire-le-jour\/","url":"https:\/\/lasentinelle.dz\/index.php\/2021\/10\/09\/liaison-routiere-annaba-guelma-un-projet-qui-tarde-a-voire-le-jour\/","name":"Liaison routi\u00e8re Annaba\/Guelma : Un projet qui tarde \u00e0 voir le jour - La Sentinelle","isPartOf":{"@id":"https:\/\/lasentinelle.dz\/#website"},"primaryImageOfPage":{"@id":"https:\/\/lasentinelle.dz\/index.php\/2021\/10\/09\/liaison-routiere-annaba-guelma-un-projet-qui-tarde-a-voire-le-jour\/#primaryimage"},"image":{"@id":"https:\/\/lasentinelle.dz\/index.php\/2021\/10\/09\/liaison-routiere-annaba-guelma-un-projet-qui-tarde-a-voire-le-jour\/#primaryimage"},"thumbnailUrl":"https:\/\/lasentinelle.dz\/wp-content\/uploads\/2021\/10\/image_2021-10-08_162319.png","datePublished":"2021-10-08T23:01:00+00:00","breadcrumb":{"@id":"https:\/\/lasentinelle.dz\/index.php\/2021\/10\/09\/liaison-routiere-annaba-guelma-un-projet-qui-tarde-a-voire-le-jour\/#breadcrumb"},"inLanguage":"fr-FR","potentialAction":[{"@type":"ReadAction","target":["https:\/\/lasentinelle.dz\/index.php\/2021\/10\/09\/liaison-routiere-annaba-guelma-un-projet-qui-tarde-a-voire-le-jour\/"]}]},{"@type":"ImageObject","inLanguage":"fr-FR","@id":"https:\/\/lasentinelle.dz\/index.php\/2021\/10\/09\/liaison-routiere-annaba-guelma-un-projet-qui-tarde-a-voire-le-jour\/#primaryimage","url":"https:\/\/lasentinelle.dz\/wp-content\/uploads\/2021\/10\/image_2021-10-08_162319.png","contentUrl":"https:\/\/lasentinelle.dz\/wp-content\/uploads\/2021\/10\/image_2021-10-08_162319.png","width":512,"height":309},{"@type":"BreadcrumbList","@id":"https:\/\/lasentinelle.dz\/index.php\/2021\/10\/09\/liaison-routiere-annaba-guelma-un-projet-qui-tarde-a-voire-le-jour\/#breadcrumb","itemListElement":[{"@type":"ListItem","position":1,"name":"Accueil","item":"https:\/\/lasentinelle.dz\/"},{"@type":"ListItem","position":2,"name":"Liaison routi\u00e8re Annaba\/Guelma : Un projet qui tarde \u00e0 voir le jour"}]},{"@type":"WebSite","@id":"https:\/\/lasentinelle.dz\/#website","url":"https:\/\/lasentinelle.dz\/","name":"La Sentinelle","description":"Quotidien national d&#039;information","publisher":{"@id":"https:\/\/lasentinelle.dz\/#organization"},"potentialAction":[{"@type":"SearchAction","target":{"@type":"EntryPoint","urlTemplate":"https:\/\/lasentinelle.dz\/?s={search_term_string}"},"query-input":{"@type":"PropertyValueSpecification","valueRequired":true,"valueName":"search_term_string"}}],"inLanguage":"fr-FR"},{"@type":"Organization","@id":"https:\/\/lasentinelle.dz\/#organization","name":"Quotidien La Sentinelle","url":"https:\/\/lasentinelle.dz\/","logo":{"@type":"ImageObject","inLanguage":"fr-FR","@id":"https:\/\/lasentinelle.dz\/#\/schema\/logo\/image\/","url":"https:\/\/lasentinelle.dz\/wp-content\/uploads\/2021\/09\/logo-sentinelleSLOGAN-1.png","contentUrl":"https:\/\/lasentinelle.dz\/wp-content\/uploads\/2021\/09\/logo-sentinelleSLOGAN-1.png","width":615,"height":142,"caption":"Quotidien La Sentinelle"},"image":{"@id":"https:\/\/lasentinelle.dz\/#\/schema\/logo\/image\/"},"sameAs":["https:\/\/www.facebook.com\/La-Sentinelle-104059864394773"]},{"@type":"Person","@id":"https:\/\/lasentinelle.dz\/#\/schema\/person\/d865044e22e70a75174ce8bcad3acfb3","name":"La Sentinelle","image":{"@type":"ImageObject","inLanguage":"fr-FR","@id":"https:\/\/secure.gravatar.com\/avatar\/57de8e5d4b15d43fb361a71fbb36338450fe67865b528a43dd10ef7c51a20392?s=96&d=mm&r=g","url":"https:\/\/secure.gravatar.com\/avatar\/57de8e5d4b15d43fb361a71fbb36338450fe67865b528a43dd10ef7c51a20392?s=96&d=mm&r=g","contentUrl":"https:\/\/secure.gravatar.com\/avatar\/57de8e5d4b15d43fb361a71fbb36338450fe67865b528a43dd10ef7c51a20392?s=96&d=mm&r=g","caption":"La Sentinelle"},"sameAs":["http:\/\/www.lasentinelle.dz"],"url":"https:\/\/lasentinelle.dz\/author\/redaction\/"}]}},"_links":{"self":[{"href":"https:\/\/lasentinelle.dz\/index.php\/wp-json\/wp\/v2\/posts\/10141","targetHints":{"allow":["GET"]}}],"collection":[{"href":"https:\/\/lasentinelle.dz\/index.php\/wp-json\/wp\/v2\/posts"}],"about":[{"href":"https:\/\/lasentinelle.dz\/index.php\/wp-json\/wp\/v2\/types\/post"}],"author":[{"embeddable":true,"href":"https:\/\/lasentinelle.dz\/index.php\/wp-json\/wp\/v2\/users\/3"}],"replies":[{"embeddable":true,"href":"https:\/\/lasentinelle.dz\/index.php\/wp-json\/wp\/v2\/comments?post=10141"}],"version-history":[{"count":2,"href":"https:\/\/lasentinelle.dz\/index.php\/wp-json\/wp\/v2\/posts\/10141\/revisions"}],"predecessor-version":[{"id":10157,"href":"https:\/\/lasentinelle.dz\/index.php\/wp-json\/wp\/v2\/posts\/10141\/revisions\/10157"}],"wp:featuredmedia":[{"embeddable":true,"href":"https:\/\/lasentinelle.dz\/index.php\/wp-json\/wp\/v2\/media\/10144"}],"wp:attachment":[{"href":"https:\/\/lasentinelle.dz\/index.php\/wp-json\/wp\/v2\/media?parent=10141"}],"wp:term":[{"taxonomy":"category","embeddable":true,"href":"https:\/\/lasentinelle.dz\/index.php\/wp-json\/wp\/v2\/categories?post=10141"},{"taxonomy":"post_tag","embeddable":true,"href":"https:\/\/lasentinelle.dz\/index.php\/wp-json\/wp\/v2\/tags?post=10141"}],"curies":[{"name":"wp","href":"https:\/\/api.w.org\/{rel}","templated":true}]}}