{"id":10177,"date":"2021-10-09T00:01:00","date_gmt":"2021-10-08T23:01:00","guid":{"rendered":"https:\/\/lasentinelle.dz\/?p=10177"},"modified":"2021-10-08T18:54:20","modified_gmt":"2021-10-08T17:54:20","slug":"conference-economique-et-sociale-du-ffs-la-situation-socioeconomique-passee-au-crible","status":"publish","type":"post","link":"https:\/\/lasentinelle.dz\/index.php\/2021\/10\/09\/conference-economique-et-sociale-du-ffs-la-situation-socioeconomique-passee-au-crible\/","title":{"rendered":"Conf\u00e9rence \u00e9conomique et sociale du FFS : La situation socio\u00e9conomique pass\u00e9e au crible"},"content":{"rendered":"\n<p>Le Front des forces socialistes a organis\u00e9, hier au sein du si\u00e8ge du parti \u00e0 Alger, sa conf\u00e9rence \u00e9conomique et sociale. L\u2019occasion pour des syndicalistes et des \u00e9conomistes de dresser un \u00e9tat des lieux de la situation \u00e9conomique et sociale du pays.<\/p>\n\n\n\n<p>Intervenant dans une conjoncture marqu\u00e9e par la persistance des effets de la pand\u00e9mie du Covid 19 sur l\u2019\u00e9conomie nationale, l\u2019augmentation des prix de tous les produits, la conf\u00e9rence \u00e9conomique et sociale, la conf\u00e9rence a \u00e9t\u00e9 l\u2019occasion pour de nombreux experts d\u2019aborder un panel de th\u00e9matiques. Des experts qui ont \u00e9t\u00e9 sans concessions dans leurs analyses et dont les interventions \u00e9taient riches en recommandations \u00e0 m\u00eame d\u2019enrichir la mise en pratique du plan d\u2019action du gouvernement dans un climat serein \u00e9loign\u00e9 des tensions sociales qui risquent de se produire si nombre de probl\u00e8mes, signal\u00e9e d\u2019ailleurs par les intervenants, ne sont pas s\u00e9rieusement en charge.&nbsp;&nbsp;<\/p>\n\n\n\n<p>Premier intervenant \u00e0 prendre la parole, Noureddine Bouderba, sp\u00e9cialiste des questions sociales, a abord\u00e9 les th\u00e9matiques relatives aux pouvoir d\u2019achat, \u00e0 la politique fiscale et les transferts sociaux. Pour le sp\u00e9cialiste, la redistribution des richesses joue un r\u00f4le important dans les politiques \u00e9conomiques et sociales d\u2019un \u00c9tat, citant l\u2019OCDE qui indique dans ses rapports que les disparit\u00e9s sociales ne sont combattues par les \u00c9tats gr\u00e2ce \u00e0 ces transferts sociaux. Des questions, recommande-t-il, qui doivent \u00eatre au centre d\u2019int\u00e9r\u00eat de l\u2019Etat afin d\u2019am\u00e9liorer le niveau de vie des citoyens.<\/p>\n\n\n\n<p>Pour sa part, Messaoud Boudiba a insist\u00e9 dans son intervention sur la revalorisation des salaires qui est, ajoute-t-il, le point nodal de toute politique sociale et \u00e9conomique. Depuis plusieurs d\u00e9cennies, rappelle-t-il, le Cnapest a fait de cette n\u00e9cessit\u00e9 l\u2019une de ses principales revendications sociales parce que \u00ab&nbsp;la revalorisation des salaires est l\u2019une des conditions pour le d\u00e9veloppement \u00e9conomique qui prenne en compte les conditions sociales des citoyens essentiellement des cat\u00e9gories d\u00e9favoris\u00e9es dont les salaires ne r\u00e9pondent pas aux besoins les plus \u00e9l\u00e9mentaires&nbsp;\u00bb.&nbsp;&nbsp; M. Boudiba alertera par ailleurs sur le recul de la protection sociale durant ces derni\u00e8res ann\u00e9es. Un recul, ajoute-t-il, \u00ab&nbsp;facilement constat\u00e9 sur le terrain avec la hausse des prix des produits de premi\u00e8re n\u00e9cessit\u00e9 \u00bb, regrettant l\u2019absence de volont\u00e9 depuis 2003 de r\u00e9gler d\u00e9finitivement le probl\u00e8me des salaires, engendrant ainsi le recul drastique du pouvoir d\u2019achat des Alg\u00e9riens.<\/p>\n\n\n\n<p>L\u2019\u00e9conomiste Mourad Goumiri a, de son c\u00f4t\u00e9, abord\u00e9 la question du financement des collectivit\u00e9s locales \u00ab&nbsp;qui a n lien \u00e9troit avec la n\u00e9cessit\u00e9 de renforcer le pouvoir des \u00e9lus locaux&nbsp;\u00bb. Pour Goumiri, \u00ab&nbsp;l\u2019Alg\u00e9rie qui n\u2019arrive pas encore \u00e0 d\u00e9passer l\u2019h\u00e9ritage colonial du Jacobinisme confort\u00e9&nbsp;\u00bb, explique-t-il, par les ordonnances de 1967 qui \u00ab&nbsp;ont consacr\u00e9 ce dernier par le renforcement du pouvoir des walis et des chefs de da\u00efra au d\u00e9triment des \u00e9lus locaux&nbsp;\u00bb. Un syst\u00e8me qui a fait que l\u2019organisation fiscale de la wilaya d\u2019Alger est rest\u00e9e similaire \u00e0 l\u2019organisation fiscale de la wilaya d\u2019Illizi \u00e0 cause de la centralisation de la d\u00e9cision.<\/p>\n\n\n\n<p>Pour sa part, Mustapha M\u00e9kid\u00e8che, \u00e9conomiste et ancien vice-pr\u00e9sident du Cnes, insisterasur la n\u00e9cessit\u00e9 d\u2019une transition \u00e9nerg\u00e9tique tout en d\u00e9plorant le paradoxe faisant qu\u2019\u00e0 \u00ab&nbsp;chaque fois qu\u2019il y a une embellie du p\u00e9trole, on oublie les r\u00e9formes et on nous ressort cette question d\u00e8s qu\u2019il y a situation de crise&nbsp;\u00bb.<\/p>\n\n\n\n<p><strong>Akli Amor<\/strong><\/p>\n","protected":false},"excerpt":{"rendered":"<p>Le Front des forces socialistes a organis\u00e9, hier au sein du si\u00e8ge du parti \u00e0 Alger, sa conf\u00e9rence \u00e9conomique et<\/p>\n","protected":false},"author":3,"featured_media":10182,"comment_status":"open","ping_status":"closed","sticky":false,"template":"","format":"standard","meta":{"colormag_page_container_layout":"default_layout","colormag_page_sidebar_layout":"default_layout","om_disable_all_campaigns":false,"_monsterinsights_skip_tracking":false,"_monsterinsights_sitenote_active":false,"_monsterinsights_sitenote_note":"","_monsterinsights_sitenote_category":0,"footnotes":"","_wpscppro_dont_share_socialmedia":false,"_wpscppro_custom_social_share_image":0,"_facebook_share_type":"","_twitter_share_type":"","_linkedin_share_type":"","_pinterest_share_type":"","_linkedin_share_type_page":"","_instagram_share_type":"","_medium_share_type":"","_threads_share_type":"","_google_business_share_type":"","_selected_social_profile":[],"_wpsp_enable_custom_social_template":false,"_wpsp_social_scheduling":{"enabled":false,"datetime":null,"platforms":[],"status":"template_only","dateOption":"today","timeOption":"now","customDays":"","customHours":"","customDate":"","customTime":"","schedulingType":"absolute"},"_wpsp_active_default_template":true},"categories":[27],"tags":[],"class_list":["post-10177","post","type-post","status-publish","format-standard","has-post-thumbnail","hentry","category-actualite"],"aioseo_notices":[],"yoast_head":"<!-- This site is optimized with the Yoast SEO plugin v27.5 - https:\/\/yoast.com\/product\/yoast-seo-wordpress\/ -->\n<title>Conf\u00e9rence \u00e9conomique et sociale du FFS : La situation socio\u00e9conomique pass\u00e9e au crible - La Sentinelle<\/title>\n<meta name=\"robots\" content=\"index, follow, max-snippet:-1, max-image-preview:large, max-video-preview:-1\" \/>\n<link rel=\"canonical\" href=\"https:\/\/lasentinelle.dz\/index.php\/2021\/10\/09\/conference-economique-et-sociale-du-ffs-la-situation-socioeconomique-passee-au-crible\/\" \/>\n<meta property=\"og:locale\" content=\"fr_FR\" \/>\n<meta property=\"og:type\" content=\"article\" \/>\n<meta property=\"og:title\" content=\"Conf\u00e9rence \u00e9conomique et sociale du FFS : La situation socio\u00e9conomique pass\u00e9e au crible - La Sentinelle\" \/>\n<meta property=\"og:description\" content=\"Le Front des forces socialistes a organis\u00e9, hier au sein du si\u00e8ge du parti \u00e0 Alger, sa conf\u00e9rence \u00e9conomique et\" \/>\n<meta property=\"og:url\" content=\"https:\/\/lasentinelle.dz\/index.php\/2021\/10\/09\/conference-economique-et-sociale-du-ffs-la-situation-socioeconomique-passee-au-crible\/\" \/>\n<meta property=\"og:site_name\" content=\"La Sentinelle\" \/>\n<meta property=\"article:publisher\" content=\"https:\/\/www.facebook.com\/La-Sentinelle-104059864394773\" \/>\n<meta property=\"article:published_time\" content=\"2021-10-08T23:01:00+00:00\" \/>\n<meta property=\"og:image\" content=\"https:\/\/lasentinelle.dz\/wp-content\/uploads\/2021\/10\/image_2021-10-08_185413.png\" \/>\n\t<meta property=\"og:image:width\" content=\"620\" \/>\n\t<meta property=\"og:image:height\" content=\"330\" \/>\n\t<meta property=\"og:image:type\" content=\"image\/png\" \/>\n<meta name=\"author\" content=\"La Sentinelle\" \/>\n<meta name=\"twitter:card\" content=\"summary_large_image\" \/>\n<meta name=\"twitter:label1\" content=\"\u00c9crit par\" \/>\n\t<meta name=\"twitter:data1\" content=\"La Sentinelle\" \/>\n\t<meta name=\"twitter:label2\" content=\"Dur\u00e9e de lecture estim\u00e9e\" \/>\n\t<meta name=\"twitter:data2\" content=\"3 minutes\" \/>\n<script type=\"application\/ld+json\" class=\"yoast-schema-graph\">{\"@context\":\"https:\\\/\\\/schema.org\",\"@graph\":[{\"@type\":\"Article\",\"@id\":\"https:\\\/\\\/lasentinelle.dz\\\/index.php\\\/2021\\\/10\\\/09\\\/conference-economique-et-sociale-du-ffs-la-situation-socioeconomique-passee-au-crible\\\/#article\",\"isPartOf\":{\"@id\":\"https:\\\/\\\/lasentinelle.dz\\\/index.php\\\/2021\\\/10\\\/09\\\/conference-economique-et-sociale-du-ffs-la-situation-socioeconomique-passee-au-crible\\\/\"},\"author\":{\"name\":\"La Sentinelle\",\"@id\":\"https:\\\/\\\/lasentinelle.dz\\\/#\\\/schema\\\/person\\\/d865044e22e70a75174ce8bcad3acfb3\"},\"headline\":\"Conf\u00e9rence \u00e9conomique et sociale du FFS : La situation socio\u00e9conomique pass\u00e9e au crible\",\"datePublished\":\"2021-10-08T23:01:00+00:00\",\"mainEntityOfPage\":{\"@id\":\"https:\\\/\\\/lasentinelle.dz\\\/index.php\\\/2021\\\/10\\\/09\\\/conference-economique-et-sociale-du-ffs-la-situation-socioeconomique-passee-au-crible\\\/\"},\"wordCount\":630,\"commentCount\":0,\"publisher\":{\"@id\":\"https:\\\/\\\/lasentinelle.dz\\\/#organization\"},\"image\":{\"@id\":\"https:\\\/\\\/lasentinelle.dz\\\/index.php\\\/2021\\\/10\\\/09\\\/conference-economique-et-sociale-du-ffs-la-situation-socioeconomique-passee-au-crible\\\/#primaryimage\"},\"thumbnailUrl\":\"https:\\\/\\\/lasentinelle.dz\\\/wp-content\\\/uploads\\\/2021\\\/10\\\/image_2021-10-08_185413.png\",\"articleSection\":[\"Actualit\u00e9\"],\"inLanguage\":\"fr-FR\",\"potentialAction\":[{\"@type\":\"CommentAction\",\"name\":\"Comment\",\"target\":[\"https:\\\/\\\/lasentinelle.dz\\\/index.php\\\/2021\\\/10\\\/09\\\/conference-economique-et-sociale-du-ffs-la-situation-socioeconomique-passee-au-crible\\\/#respond\"]}]},{\"@type\":\"WebPage\",\"@id\":\"https:\\\/\\\/lasentinelle.dz\\\/index.php\\\/2021\\\/10\\\/09\\\/conference-economique-et-sociale-du-ffs-la-situation-socioeconomique-passee-au-crible\\\/\",\"url\":\"https:\\\/\\\/lasentinelle.dz\\\/index.php\\\/2021\\\/10\\\/09\\\/conference-economique-et-sociale-du-ffs-la-situation-socioeconomique-passee-au-crible\\\/\",\"name\":\"Conf\u00e9rence \u00e9conomique et sociale du FFS : La situation socio\u00e9conomique pass\u00e9e au crible - La Sentinelle\",\"isPartOf\":{\"@id\":\"https:\\\/\\\/lasentinelle.dz\\\/#website\"},\"primaryImageOfPage\":{\"@id\":\"https:\\\/\\\/lasentinelle.dz\\\/index.php\\\/2021\\\/10\\\/09\\\/conference-economique-et-sociale-du-ffs-la-situation-socioeconomique-passee-au-crible\\\/#primaryimage\"},\"image\":{\"@id\":\"https:\\\/\\\/lasentinelle.dz\\\/index.php\\\/2021\\\/10\\\/09\\\/conference-economique-et-sociale-du-ffs-la-situation-socioeconomique-passee-au-crible\\\/#primaryimage\"},\"thumbnailUrl\":\"https:\\\/\\\/lasentinelle.dz\\\/wp-content\\\/uploads\\\/2021\\\/10\\\/image_2021-10-08_185413.png\",\"datePublished\":\"2021-10-08T23:01:00+00:00\",\"breadcrumb\":{\"@id\":\"https:\\\/\\\/lasentinelle.dz\\\/index.php\\\/2021\\\/10\\\/09\\\/conference-economique-et-sociale-du-ffs-la-situation-socioeconomique-passee-au-crible\\\/#breadcrumb\"},\"inLanguage\":\"fr-FR\",\"potentialAction\":[{\"@type\":\"ReadAction\",\"target\":[\"https:\\\/\\\/lasentinelle.dz\\\/index.php\\\/2021\\\/10\\\/09\\\/conference-economique-et-sociale-du-ffs-la-situation-socioeconomique-passee-au-crible\\\/\"]}]},{\"@type\":\"ImageObject\",\"inLanguage\":\"fr-FR\",\"@id\":\"https:\\\/\\\/lasentinelle.dz\\\/index.php\\\/2021\\\/10\\\/09\\\/conference-economique-et-sociale-du-ffs-la-situation-socioeconomique-passee-au-crible\\\/#primaryimage\",\"url\":\"https:\\\/\\\/lasentinelle.dz\\\/wp-content\\\/uploads\\\/2021\\\/10\\\/image_2021-10-08_185413.png\",\"contentUrl\":\"https:\\\/\\\/lasentinelle.dz\\\/wp-content\\\/uploads\\\/2021\\\/10\\\/image_2021-10-08_185413.png\",\"width\":620,\"height\":330},{\"@type\":\"BreadcrumbList\",\"@id\":\"https:\\\/\\\/lasentinelle.dz\\\/index.php\\\/2021\\\/10\\\/09\\\/conference-economique-et-sociale-du-ffs-la-situation-socioeconomique-passee-au-crible\\\/#breadcrumb\",\"itemListElement\":[{\"@type\":\"ListItem\",\"position\":1,\"name\":\"Accueil\",\"item\":\"https:\\\/\\\/lasentinelle.dz\\\/\"},{\"@type\":\"ListItem\",\"position\":2,\"name\":\"Conf\u00e9rence \u00e9conomique et sociale du FFS : La situation socio\u00e9conomique pass\u00e9e au crible\"}]},{\"@type\":\"WebSite\",\"@id\":\"https:\\\/\\\/lasentinelle.dz\\\/#website\",\"url\":\"https:\\\/\\\/lasentinelle.dz\\\/\",\"name\":\"La Sentinelle\",\"description\":\"Quotidien national d&#039;information\",\"publisher\":{\"@id\":\"https:\\\/\\\/lasentinelle.dz\\\/#organization\"},\"potentialAction\":[{\"@type\":\"SearchAction\",\"target\":{\"@type\":\"EntryPoint\",\"urlTemplate\":\"https:\\\/\\\/lasentinelle.dz\\\/?s={search_term_string}\"},\"query-input\":{\"@type\":\"PropertyValueSpecification\",\"valueRequired\":true,\"valueName\":\"search_term_string\"}}],\"inLanguage\":\"fr-FR\"},{\"@type\":\"Organization\",\"@id\":\"https:\\\/\\\/lasentinelle.dz\\\/#organization\",\"name\":\"Quotidien La Sentinelle\",\"url\":\"https:\\\/\\\/lasentinelle.dz\\\/\",\"logo\":{\"@type\":\"ImageObject\",\"inLanguage\":\"fr-FR\",\"@id\":\"https:\\\/\\\/lasentinelle.dz\\\/#\\\/schema\\\/logo\\\/image\\\/\",\"url\":\"https:\\\/\\\/lasentinelle.dz\\\/wp-content\\\/uploads\\\/2021\\\/09\\\/logo-sentinelleSLOGAN-1.png\",\"contentUrl\":\"https:\\\/\\\/lasentinelle.dz\\\/wp-content\\\/uploads\\\/2021\\\/09\\\/logo-sentinelleSLOGAN-1.png\",\"width\":615,\"height\":142,\"caption\":\"Quotidien La Sentinelle\"},\"image\":{\"@id\":\"https:\\\/\\\/lasentinelle.dz\\\/#\\\/schema\\\/logo\\\/image\\\/\"},\"sameAs\":[\"https:\\\/\\\/www.facebook.com\\\/La-Sentinelle-104059864394773\"]},{\"@type\":\"Person\",\"@id\":\"https:\\\/\\\/lasentinelle.dz\\\/#\\\/schema\\\/person\\\/d865044e22e70a75174ce8bcad3acfb3\",\"name\":\"La Sentinelle\",\"image\":{\"@type\":\"ImageObject\",\"inLanguage\":\"fr-FR\",\"@id\":\"https:\\\/\\\/secure.gravatar.com\\\/avatar\\\/57de8e5d4b15d43fb361a71fbb36338450fe67865b528a43dd10ef7c51a20392?s=96&d=mm&r=g\",\"url\":\"https:\\\/\\\/secure.gravatar.com\\\/avatar\\\/57de8e5d4b15d43fb361a71fbb36338450fe67865b528a43dd10ef7c51a20392?s=96&d=mm&r=g\",\"contentUrl\":\"https:\\\/\\\/secure.gravatar.com\\\/avatar\\\/57de8e5d4b15d43fb361a71fbb36338450fe67865b528a43dd10ef7c51a20392?s=96&d=mm&r=g\",\"caption\":\"La Sentinelle\"},\"sameAs\":[\"http:\\\/\\\/www.lasentinelle.dz\"],\"url\":\"https:\\\/\\\/lasentinelle.dz\\\/author\\\/redaction\\\/\"}]}<\/script>\n<!-- \/ Yoast SEO plugin. -->","yoast_head_json":{"title":"Conf\u00e9rence \u00e9conomique et sociale du FFS : La situation socio\u00e9conomique pass\u00e9e au crible - La Sentinelle","robots":{"index":"index","follow":"follow","max-snippet":"max-snippet:-1","max-image-preview":"max-image-preview:large","max-video-preview":"max-video-preview:-1"},"canonical":"https:\/\/lasentinelle.dz\/index.php\/2021\/10\/09\/conference-economique-et-sociale-du-ffs-la-situation-socioeconomique-passee-au-crible\/","og_locale":"fr_FR","og_type":"article","og_title":"Conf\u00e9rence \u00e9conomique et sociale du FFS : La situation socio\u00e9conomique pass\u00e9e au crible - La Sentinelle","og_description":"Le Front des forces socialistes a organis\u00e9, hier au sein du si\u00e8ge du parti \u00e0 Alger, sa conf\u00e9rence \u00e9conomique et","og_url":"https:\/\/lasentinelle.dz\/index.php\/2021\/10\/09\/conference-economique-et-sociale-du-ffs-la-situation-socioeconomique-passee-au-crible\/","og_site_name":"La Sentinelle","article_publisher":"https:\/\/www.facebook.com\/La-Sentinelle-104059864394773","article_published_time":"2021-10-08T23:01:00+00:00","og_image":[{"width":620,"height":330,"url":"https:\/\/lasentinelle.dz\/wp-content\/uploads\/2021\/10\/image_2021-10-08_185413.png","type":"image\/png"}],"author":"La Sentinelle","twitter_card":"summary_large_image","twitter_misc":{"\u00c9crit par":"La Sentinelle","Dur\u00e9e de lecture estim\u00e9e":"3 minutes"},"schema":{"@context":"https:\/\/schema.org","@graph":[{"@type":"Article","@id":"https:\/\/lasentinelle.dz\/index.php\/2021\/10\/09\/conference-economique-et-sociale-du-ffs-la-situation-socioeconomique-passee-au-crible\/#article","isPartOf":{"@id":"https:\/\/lasentinelle.dz\/index.php\/2021\/10\/09\/conference-economique-et-sociale-du-ffs-la-situation-socioeconomique-passee-au-crible\/"},"author":{"name":"La Sentinelle","@id":"https:\/\/lasentinelle.dz\/#\/schema\/person\/d865044e22e70a75174ce8bcad3acfb3"},"headline":"Conf\u00e9rence \u00e9conomique et sociale du FFS : La situation socio\u00e9conomique pass\u00e9e au crible","datePublished":"2021-10-08T23:01:00+00:00","mainEntityOfPage":{"@id":"https:\/\/lasentinelle.dz\/index.php\/2021\/10\/09\/conference-economique-et-sociale-du-ffs-la-situation-socioeconomique-passee-au-crible\/"},"wordCount":630,"commentCount":0,"publisher":{"@id":"https:\/\/lasentinelle.dz\/#organization"},"image":{"@id":"https:\/\/lasentinelle.dz\/index.php\/2021\/10\/09\/conference-economique-et-sociale-du-ffs-la-situation-socioeconomique-passee-au-crible\/#primaryimage"},"thumbnailUrl":"https:\/\/lasentinelle.dz\/wp-content\/uploads\/2021\/10\/image_2021-10-08_185413.png","articleSection":["Actualit\u00e9"],"inLanguage":"fr-FR","potentialAction":[{"@type":"CommentAction","name":"Comment","target":["https:\/\/lasentinelle.dz\/index.php\/2021\/10\/09\/conference-economique-et-sociale-du-ffs-la-situation-socioeconomique-passee-au-crible\/#respond"]}]},{"@type":"WebPage","@id":"https:\/\/lasentinelle.dz\/index.php\/2021\/10\/09\/conference-economique-et-sociale-du-ffs-la-situation-socioeconomique-passee-au-crible\/","url":"https:\/\/lasentinelle.dz\/index.php\/2021\/10\/09\/conference-economique-et-sociale-du-ffs-la-situation-socioeconomique-passee-au-crible\/","name":"Conf\u00e9rence \u00e9conomique et sociale du FFS : La situation socio\u00e9conomique pass\u00e9e au crible - La Sentinelle","isPartOf":{"@id":"https:\/\/lasentinelle.dz\/#website"},"primaryImageOfPage":{"@id":"https:\/\/lasentinelle.dz\/index.php\/2021\/10\/09\/conference-economique-et-sociale-du-ffs-la-situation-socioeconomique-passee-au-crible\/#primaryimage"},"image":{"@id":"https:\/\/lasentinelle.dz\/index.php\/2021\/10\/09\/conference-economique-et-sociale-du-ffs-la-situation-socioeconomique-passee-au-crible\/#primaryimage"},"thumbnailUrl":"https:\/\/lasentinelle.dz\/wp-content\/uploads\/2021\/10\/image_2021-10-08_185413.png","datePublished":"2021-10-08T23:01:00+00:00","breadcrumb":{"@id":"https:\/\/lasentinelle.dz\/index.php\/2021\/10\/09\/conference-economique-et-sociale-du-ffs-la-situation-socioeconomique-passee-au-crible\/#breadcrumb"},"inLanguage":"fr-FR","potentialAction":[{"@type":"ReadAction","target":["https:\/\/lasentinelle.dz\/index.php\/2021\/10\/09\/conference-economique-et-sociale-du-ffs-la-situation-socioeconomique-passee-au-crible\/"]}]},{"@type":"ImageObject","inLanguage":"fr-FR","@id":"https:\/\/lasentinelle.dz\/index.php\/2021\/10\/09\/conference-economique-et-sociale-du-ffs-la-situation-socioeconomique-passee-au-crible\/#primaryimage","url":"https:\/\/lasentinelle.dz\/wp-content\/uploads\/2021\/10\/image_2021-10-08_185413.png","contentUrl":"https:\/\/lasentinelle.dz\/wp-content\/uploads\/2021\/10\/image_2021-10-08_185413.png","width":620,"height":330},{"@type":"BreadcrumbList","@id":"https:\/\/lasentinelle.dz\/index.php\/2021\/10\/09\/conference-economique-et-sociale-du-ffs-la-situation-socioeconomique-passee-au-crible\/#breadcrumb","itemListElement":[{"@type":"ListItem","position":1,"name":"Accueil","item":"https:\/\/lasentinelle.dz\/"},{"@type":"ListItem","position":2,"name":"Conf\u00e9rence \u00e9conomique et sociale du FFS : La situation socio\u00e9conomique pass\u00e9e au crible"}]},{"@type":"WebSite","@id":"https:\/\/lasentinelle.dz\/#website","url":"https:\/\/lasentinelle.dz\/","name":"La Sentinelle","description":"Quotidien national d&#039;information","publisher":{"@id":"https:\/\/lasentinelle.dz\/#organization"},"potentialAction":[{"@type":"SearchAction","target":{"@type":"EntryPoint","urlTemplate":"https:\/\/lasentinelle.dz\/?s={search_term_string}"},"query-input":{"@type":"PropertyValueSpecification","valueRequired":true,"valueName":"search_term_string"}}],"inLanguage":"fr-FR"},{"@type":"Organization","@id":"https:\/\/lasentinelle.dz\/#organization","name":"Quotidien La Sentinelle","url":"https:\/\/lasentinelle.dz\/","logo":{"@type":"ImageObject","inLanguage":"fr-FR","@id":"https:\/\/lasentinelle.dz\/#\/schema\/logo\/image\/","url":"https:\/\/lasentinelle.dz\/wp-content\/uploads\/2021\/09\/logo-sentinelleSLOGAN-1.png","contentUrl":"https:\/\/lasentinelle.dz\/wp-content\/uploads\/2021\/09\/logo-sentinelleSLOGAN-1.png","width":615,"height":142,"caption":"Quotidien La Sentinelle"},"image":{"@id":"https:\/\/lasentinelle.dz\/#\/schema\/logo\/image\/"},"sameAs":["https:\/\/www.facebook.com\/La-Sentinelle-104059864394773"]},{"@type":"Person","@id":"https:\/\/lasentinelle.dz\/#\/schema\/person\/d865044e22e70a75174ce8bcad3acfb3","name":"La Sentinelle","image":{"@type":"ImageObject","inLanguage":"fr-FR","@id":"https:\/\/secure.gravatar.com\/avatar\/57de8e5d4b15d43fb361a71fbb36338450fe67865b528a43dd10ef7c51a20392?s=96&d=mm&r=g","url":"https:\/\/secure.gravatar.com\/avatar\/57de8e5d4b15d43fb361a71fbb36338450fe67865b528a43dd10ef7c51a20392?s=96&d=mm&r=g","contentUrl":"https:\/\/secure.gravatar.com\/avatar\/57de8e5d4b15d43fb361a71fbb36338450fe67865b528a43dd10ef7c51a20392?s=96&d=mm&r=g","caption":"La Sentinelle"},"sameAs":["http:\/\/www.lasentinelle.dz"],"url":"https:\/\/lasentinelle.dz\/author\/redaction\/"}]}},"_links":{"self":[{"href":"https:\/\/lasentinelle.dz\/index.php\/wp-json\/wp\/v2\/posts\/10177","targetHints":{"allow":["GET"]}}],"collection":[{"href":"https:\/\/lasentinelle.dz\/index.php\/wp-json\/wp\/v2\/posts"}],"about":[{"href":"https:\/\/lasentinelle.dz\/index.php\/wp-json\/wp\/v2\/types\/post"}],"author":[{"embeddable":true,"href":"https:\/\/lasentinelle.dz\/index.php\/wp-json\/wp\/v2\/users\/3"}],"replies":[{"embeddable":true,"href":"https:\/\/lasentinelle.dz\/index.php\/wp-json\/wp\/v2\/comments?post=10177"}],"version-history":[{"count":1,"href":"https:\/\/lasentinelle.dz\/index.php\/wp-json\/wp\/v2\/posts\/10177\/revisions"}],"predecessor-version":[{"id":10183,"href":"https:\/\/lasentinelle.dz\/index.php\/wp-json\/wp\/v2\/posts\/10177\/revisions\/10183"}],"wp:featuredmedia":[{"embeddable":true,"href":"https:\/\/lasentinelle.dz\/index.php\/wp-json\/wp\/v2\/media\/10182"}],"wp:attachment":[{"href":"https:\/\/lasentinelle.dz\/index.php\/wp-json\/wp\/v2\/media?parent=10177"}],"wp:term":[{"taxonomy":"category","embeddable":true,"href":"https:\/\/lasentinelle.dz\/index.php\/wp-json\/wp\/v2\/categories?post=10177"},{"taxonomy":"post_tag","embeddable":true,"href":"https:\/\/lasentinelle.dz\/index.php\/wp-json\/wp\/v2\/tags?post=10177"}],"curies":[{"name":"wp","href":"https:\/\/api.w.org\/{rel}","templated":true}]}}