{"id":10236,"date":"2021-10-10T00:01:00","date_gmt":"2021-10-09T23:01:00","guid":{"rendered":"https:\/\/lasentinelle.dz\/?p=10236"},"modified":"2021-10-09T18:23:42","modified_gmt":"2021-10-09T17:23:42","slug":"pr-seddik-larkeche-expert-en-gestion-strategique-des-risques-macron-est-toujours-dans-le-deni-de-la-barbarie-coloniale","status":"publish","type":"post","link":"https:\/\/lasentinelle.dz\/index.php\/2021\/10\/10\/pr-seddik-larkeche-expert-en-gestion-strategique-des-risques-macron-est-toujours-dans-le-deni-de-la-barbarie-coloniale\/","title":{"rendered":"Pr: Seddik Larkeche, expert en gestion strat\u00e9gique des risques : Macron est toujours dans le \u00ab d\u00e9ni de la barbarie coloniale \u00bb"},"content":{"rendered":"\n<p>Les d\u00e9clarations du pr\u00e9sident fran\u00e7ais Emmanuel Macron du 30 septembre ont \u00ab\u00a0r\u00e9v\u00e9l\u00e9 au grand jour une analyse opportuniste et tronqu\u00e9e\u00a0\u00bb de l&rsquo;histoire pass\u00e9e et pr\u00e9sente de l&rsquo;Alg\u00e9rie qui ont conduit \u00e0 son \u00ab\u00a0\u00e9chec\u00a0\u00bb sur la question m\u00e9morielle car se pla\u00e7ant toujours dans le \u00ab\u00a0d\u00e9ni de la barbarie coloniale\u00a0\u00bb, estime le Pr Seddik Larkeche, expert international en gestion strat\u00e9gique des risques.Dans une contribution parvenue \u00e0 l&rsquo;APS, cet universitaire franco-alg\u00e9rien rel\u00e8ve que Macron a \u00e9t\u00e9 \u00ab\u00a0vex\u00e9\u00a0\u00bb de n&rsquo;avoir pas pu obtenir de l&rsquo;Alg\u00e9rie ce qu&rsquo;il voulait, notant que sa \u00ab\u00a0strat\u00e9gie d&rsquo;influence (&#8230;) a \u00e9t\u00e9 d\u00e9busqu\u00e9e malgr\u00e9 lui par ses propos arrogants \u00e0 l&rsquo;\u00e9gard de la nation alg\u00e9rienne, allant jusqu&rsquo;\u00e0 impliquer d&rsquo;une mani\u00e8re outrageante la Turquie pour esp\u00e9rer se d\u00e9douaner de la trag\u00e9die coloniale fran\u00e7aise en Alg\u00e9rie\u00a0\u00bb.<\/p>\n\n\n\n<p>Le Pr Larkeche met ensuite en \u00e9vidence le paradoxe d&rsquo;un candidat Macron \u00e0 la pr\u00e9sidentielle en 2017 qui avait fait un \u00ab\u00a0pas significatif en reconnaissant les crimes contre l&rsquo;humanit\u00e9 et le devoir de repentance envers les victimes alg\u00e9riennes\u00a0\u00bb, mais qui, devenu Pr\u00e9sident, d\u00e9veloppera une strat\u00e9gie contraire facile \u00e0 d\u00e9masquer: conc\u00e9der des \u00e9l\u00e9ments mineurs avec une politique de petits pas soutenus par des historiens politiques et ne rien conc\u00e9der sur le principal c&rsquo;est-\u00e0-dire la reconnaissance-r\u00e9paration des crimes coloniaux\u00a0\u00bb.Il pointe, \u00e0 ce propos, \u00ab\u00a0l&rsquo;\u00e9chec du pr\u00e9sident Macron sur la question m\u00e9morielle. \u00ab\u00a0Son bilan est \u00e9difiant: pas de repentance, pas d&rsquo;excuses, pas de restitution des archives, pas de nettoyage des sites nucl\u00e9aires et chimiques pollu\u00e9s, pas d&rsquo;indemnisation des victimes des effets nucl\u00e9aires, pas de r\u00e9paration si ce n&rsquo;est quelques mesurettes pour masquer l&rsquo;essentiel\u00a0\u00bb, fait-il remarquerEvoquant la futur loi de reconnaissance et de r\u00e9paration aux b\u00e9n\u00e9fice des harkis, le Pr Larkeche note que \u00ab\u00a0la France aura finalement reconnu, amnisti\u00e9 ou r\u00e9par\u00e9 l&rsquo;ensemble des acteurs ayant particip\u00e9 \u00e0 la colonisation et \u00e0 la guerre d&rsquo;Alg\u00e9rie (rapatri\u00e9s, militaires, activistes de l&rsquo;OAS, harkis) sauf les principales victimes, les Alg\u00e9riens qui ont subi dans leurs chairs la barbarie coloniale de 1830 \u00e0 1962, avec pr\u00e8s d&rsquo;un tiers de la population d\u00e9cim\u00e9e et des crimes contre l&rsquo;humanit\u00e9 et des pratiques qui furent pires que celles du nazisme\u00a0\u00bb.En questionnant l&rsquo;existence d&rsquo;une nation alg\u00e9rienne avant la colonisation fran\u00e7aise, le Pr Larkeche consid\u00e8re que Macron commet une \u00ab\u00a0offense caract\u00e9ris\u00e9e \u00e0 la m\u00e9moire de nos Chouhada qui ont sacrifi\u00e9 leurs vies pour que l&rsquo;Alg\u00e9rie redevienne une nation libre et ind\u00e9pendante comme elle l&rsquo;\u00e9tait avant la conqu\u00eate fran\u00e7aise\u00a0\u00bb.Quant \u00e0 la \u00ab\u00a0rente m\u00e9morielle\u00a0\u00bb, mentionn\u00e9e par Macron, et sur laquelle se serait construite l&rsquo;Alg\u00e9rie apr\u00e8s son ind\u00e9pendance, l&rsquo;auteur souligne que \u00ab\u00a0la m\u00e9moire collective alg\u00e9rienne n&rsquo;est pas falsifi\u00e9e par une rente m\u00e9morielle\u00a0\u00bb et repose sur \u00ab\u00a0la demande incompressible de d\u00e9fendre la dignit\u00e9 et le respect de millions d&rsquo;Alg\u00e9riens qui ont subi le joug colonial fran\u00e7ais\u00a0\u00bb.Sur l&rsquo;affirmation de Macron sur un \u00ab\u00a0syst\u00e8me alg\u00e9rien (&#8230;) fatigu\u00e9 (&#8230;) fragilis\u00e9\u00a0\u00bb par le Hirak, le Pr Larkeche rappelle que le pr\u00e9sident fran\u00e7ais \u00ab\u00a0n&rsquo;a jamais soutenu ce mouvement populaire, massif et pacifiste\u00a0\u00bb et les slogans contre l&rsquo;ing\u00e9rence de la France et anti Macron lors des marches suffisent pour s&rsquo;en convaincre.Ensuite, \u00e0 la question est-ce que \u00ab\u00a0le Hirak a fragilis\u00e9 le syst\u00e8me en place\u00a0\u00bb, il rappelle que \u00ab\u00a0ce n&rsquo;est pas l&rsquo;objet de ce mouvement qui a r\u00e9v\u00e9l\u00e9 pour des millions d&rsquo;Alg\u00e9riens le besoin de rupture et d&rsquo;une nouvelle Alg\u00e9rie y compris dans ses rapports avec la France\u00a0\u00bb, ajoutant que Macron tente d'\u00a0\u00bbutiliser\u00a0\u00bb le Hirak pour exercer une influence en Alg\u00e9rie mais sans succ\u00e8s.\u00a0\u00bbSurprise pour le pr\u00e9sident Macron qui ne s&rsquo;attendait pas \u00e0 une telle r\u00e9sistance de l&rsquo;Alg\u00e9rie, prouvant toujours un peu plus qu&rsquo;il ne conna\u00eet pas vraiment l&rsquo;\u00e2me de la nation alg\u00e9rienne\u00a0\u00bb, affirme encore l&rsquo;auteur.<\/p>\n\n\n\n<p>R.N.<\/p>\n","protected":false},"excerpt":{"rendered":"<p>Les d\u00e9clarations du pr\u00e9sident fran\u00e7ais Emmanuel Macron du 30 septembre ont \u00ab\u00a0r\u00e9v\u00e9l\u00e9 au grand jour une analyse opportuniste et tronqu\u00e9e\u00a0\u00bb<\/p>\n","protected":false},"author":3,"featured_media":10256,"comment_status":"open","ping_status":"closed","sticky":false,"template":"","format":"standard","meta":{"colormag_page_container_layout":"default_layout","colormag_page_sidebar_layout":"default_layout","om_disable_all_campaigns":false,"_monsterinsights_skip_tracking":false,"_monsterinsights_sitenote_active":false,"_monsterinsights_sitenote_note":"","_monsterinsights_sitenote_category":0,"footnotes":"","_wpscppro_dont_share_socialmedia":false,"_wpscppro_custom_social_share_image":0,"_facebook_share_type":"","_twitter_share_type":"","_linkedin_share_type":"","_pinterest_share_type":"","_linkedin_share_type_page":"","_instagram_share_type":"","_medium_share_type":"","_threads_share_type":"","_google_business_share_type":"","_selected_social_profile":[],"_wpsp_enable_custom_social_template":false,"_wpsp_social_scheduling":{"enabled":false,"datetime":null,"platforms":[],"status":"template_only","dateOption":"today","timeOption":"now","customDays":"","customHours":"","customDate":"","customTime":"","schedulingType":"absolute"},"_wpsp_active_default_template":true},"categories":[27],"tags":[],"class_list":["post-10236","post","type-post","status-publish","format-standard","has-post-thumbnail","hentry","category-actualite"],"aioseo_notices":[],"yoast_head":"<!-- This site is optimized with the Yoast SEO plugin v27.5 - https:\/\/yoast.com\/product\/yoast-seo-wordpress\/ -->\n<title>Pr: Seddik Larkeche, expert en gestion strat\u00e9gique des risques : Macron est toujours dans le \u00ab d\u00e9ni de la barbarie coloniale \u00bb - La Sentinelle<\/title>\n<meta name=\"robots\" content=\"index, follow, max-snippet:-1, max-image-preview:large, max-video-preview:-1\" \/>\n<link rel=\"canonical\" href=\"https:\/\/lasentinelle.dz\/index.php\/2021\/10\/10\/pr-seddik-larkeche-expert-en-gestion-strategique-des-risques-macron-est-toujours-dans-le-deni-de-la-barbarie-coloniale\/\" \/>\n<meta property=\"og:locale\" content=\"fr_FR\" \/>\n<meta property=\"og:type\" content=\"article\" \/>\n<meta property=\"og:title\" content=\"Pr: Seddik Larkeche, expert en gestion strat\u00e9gique des risques : Macron est toujours dans le \u00ab d\u00e9ni de la barbarie coloniale \u00bb - La Sentinelle\" \/>\n<meta property=\"og:description\" content=\"Les d\u00e9clarations du pr\u00e9sident fran\u00e7ais Emmanuel Macron du 30 septembre ont \u00ab\u00a0r\u00e9v\u00e9l\u00e9 au grand jour une analyse opportuniste et tronqu\u00e9e\u00a0\u00bb\" \/>\n<meta property=\"og:url\" content=\"https:\/\/lasentinelle.dz\/index.php\/2021\/10\/10\/pr-seddik-larkeche-expert-en-gestion-strategique-des-risques-macron-est-toujours-dans-le-deni-de-la-barbarie-coloniale\/\" \/>\n<meta property=\"og:site_name\" content=\"La Sentinelle\" \/>\n<meta property=\"article:publisher\" content=\"https:\/\/www.facebook.com\/La-Sentinelle-104059864394773\" \/>\n<meta property=\"article:published_time\" content=\"2021-10-09T23:01:00+00:00\" \/>\n<meta property=\"og:image\" content=\"https:\/\/lasentinelle.dz\/wp-content\/uploads\/2021\/10\/image_2021-10-09_182335.png\" \/>\n\t<meta property=\"og:image:width\" content=\"532\" \/>\n\t<meta property=\"og:image:height\" content=\"304\" \/>\n\t<meta property=\"og:image:type\" content=\"image\/png\" \/>\n<meta name=\"author\" content=\"La Sentinelle\" \/>\n<meta name=\"twitter:card\" content=\"summary_large_image\" \/>\n<meta name=\"twitter:label1\" content=\"\u00c9crit par\" \/>\n\t<meta name=\"twitter:data1\" content=\"La Sentinelle\" \/>\n\t<meta name=\"twitter:label2\" content=\"Dur\u00e9e de lecture estim\u00e9e\" \/>\n\t<meta name=\"twitter:data2\" content=\"3 minutes\" \/>\n<script type=\"application\/ld+json\" class=\"yoast-schema-graph\">{\"@context\":\"https:\\\/\\\/schema.org\",\"@graph\":[{\"@type\":\"Article\",\"@id\":\"https:\\\/\\\/lasentinelle.dz\\\/index.php\\\/2021\\\/10\\\/10\\\/pr-seddik-larkeche-expert-en-gestion-strategique-des-risques-macron-est-toujours-dans-le-deni-de-la-barbarie-coloniale\\\/#article\",\"isPartOf\":{\"@id\":\"https:\\\/\\\/lasentinelle.dz\\\/index.php\\\/2021\\\/10\\\/10\\\/pr-seddik-larkeche-expert-en-gestion-strategique-des-risques-macron-est-toujours-dans-le-deni-de-la-barbarie-coloniale\\\/\"},\"author\":{\"name\":\"La Sentinelle\",\"@id\":\"https:\\\/\\\/lasentinelle.dz\\\/#\\\/schema\\\/person\\\/d865044e22e70a75174ce8bcad3acfb3\"},\"headline\":\"Pr: Seddik Larkeche, expert en gestion strat\u00e9gique des risques : Macron est toujours dans le \u00ab d\u00e9ni de la barbarie coloniale \u00bb\",\"datePublished\":\"2021-10-09T23:01:00+00:00\",\"mainEntityOfPage\":{\"@id\":\"https:\\\/\\\/lasentinelle.dz\\\/index.php\\\/2021\\\/10\\\/10\\\/pr-seddik-larkeche-expert-en-gestion-strategique-des-risques-macron-est-toujours-dans-le-deni-de-la-barbarie-coloniale\\\/\"},\"wordCount\":731,\"commentCount\":0,\"publisher\":{\"@id\":\"https:\\\/\\\/lasentinelle.dz\\\/#organization\"},\"image\":{\"@id\":\"https:\\\/\\\/lasentinelle.dz\\\/index.php\\\/2021\\\/10\\\/10\\\/pr-seddik-larkeche-expert-en-gestion-strategique-des-risques-macron-est-toujours-dans-le-deni-de-la-barbarie-coloniale\\\/#primaryimage\"},\"thumbnailUrl\":\"https:\\\/\\\/lasentinelle.dz\\\/wp-content\\\/uploads\\\/2021\\\/10\\\/image_2021-10-09_182335.png\",\"articleSection\":[\"Actualit\u00e9\"],\"inLanguage\":\"fr-FR\",\"potentialAction\":[{\"@type\":\"CommentAction\",\"name\":\"Comment\",\"target\":[\"https:\\\/\\\/lasentinelle.dz\\\/index.php\\\/2021\\\/10\\\/10\\\/pr-seddik-larkeche-expert-en-gestion-strategique-des-risques-macron-est-toujours-dans-le-deni-de-la-barbarie-coloniale\\\/#respond\"]}]},{\"@type\":\"WebPage\",\"@id\":\"https:\\\/\\\/lasentinelle.dz\\\/index.php\\\/2021\\\/10\\\/10\\\/pr-seddik-larkeche-expert-en-gestion-strategique-des-risques-macron-est-toujours-dans-le-deni-de-la-barbarie-coloniale\\\/\",\"url\":\"https:\\\/\\\/lasentinelle.dz\\\/index.php\\\/2021\\\/10\\\/10\\\/pr-seddik-larkeche-expert-en-gestion-strategique-des-risques-macron-est-toujours-dans-le-deni-de-la-barbarie-coloniale\\\/\",\"name\":\"Pr: Seddik Larkeche, expert en gestion strat\u00e9gique des risques : Macron est toujours dans le \u00ab d\u00e9ni de la barbarie coloniale \u00bb - La Sentinelle\",\"isPartOf\":{\"@id\":\"https:\\\/\\\/lasentinelle.dz\\\/#website\"},\"primaryImageOfPage\":{\"@id\":\"https:\\\/\\\/lasentinelle.dz\\\/index.php\\\/2021\\\/10\\\/10\\\/pr-seddik-larkeche-expert-en-gestion-strategique-des-risques-macron-est-toujours-dans-le-deni-de-la-barbarie-coloniale\\\/#primaryimage\"},\"image\":{\"@id\":\"https:\\\/\\\/lasentinelle.dz\\\/index.php\\\/2021\\\/10\\\/10\\\/pr-seddik-larkeche-expert-en-gestion-strategique-des-risques-macron-est-toujours-dans-le-deni-de-la-barbarie-coloniale\\\/#primaryimage\"},\"thumbnailUrl\":\"https:\\\/\\\/lasentinelle.dz\\\/wp-content\\\/uploads\\\/2021\\\/10\\\/image_2021-10-09_182335.png\",\"datePublished\":\"2021-10-09T23:01:00+00:00\",\"breadcrumb\":{\"@id\":\"https:\\\/\\\/lasentinelle.dz\\\/index.php\\\/2021\\\/10\\\/10\\\/pr-seddik-larkeche-expert-en-gestion-strategique-des-risques-macron-est-toujours-dans-le-deni-de-la-barbarie-coloniale\\\/#breadcrumb\"},\"inLanguage\":\"fr-FR\",\"potentialAction\":[{\"@type\":\"ReadAction\",\"target\":[\"https:\\\/\\\/lasentinelle.dz\\\/index.php\\\/2021\\\/10\\\/10\\\/pr-seddik-larkeche-expert-en-gestion-strategique-des-risques-macron-est-toujours-dans-le-deni-de-la-barbarie-coloniale\\\/\"]}]},{\"@type\":\"ImageObject\",\"inLanguage\":\"fr-FR\",\"@id\":\"https:\\\/\\\/lasentinelle.dz\\\/index.php\\\/2021\\\/10\\\/10\\\/pr-seddik-larkeche-expert-en-gestion-strategique-des-risques-macron-est-toujours-dans-le-deni-de-la-barbarie-coloniale\\\/#primaryimage\",\"url\":\"https:\\\/\\\/lasentinelle.dz\\\/wp-content\\\/uploads\\\/2021\\\/10\\\/image_2021-10-09_182335.png\",\"contentUrl\":\"https:\\\/\\\/lasentinelle.dz\\\/wp-content\\\/uploads\\\/2021\\\/10\\\/image_2021-10-09_182335.png\",\"width\":532,\"height\":304},{\"@type\":\"BreadcrumbList\",\"@id\":\"https:\\\/\\\/lasentinelle.dz\\\/index.php\\\/2021\\\/10\\\/10\\\/pr-seddik-larkeche-expert-en-gestion-strategique-des-risques-macron-est-toujours-dans-le-deni-de-la-barbarie-coloniale\\\/#breadcrumb\",\"itemListElement\":[{\"@type\":\"ListItem\",\"position\":1,\"name\":\"Accueil\",\"item\":\"https:\\\/\\\/lasentinelle.dz\\\/\"},{\"@type\":\"ListItem\",\"position\":2,\"name\":\"Pr: Seddik Larkeche, expert en gestion strat\u00e9gique des risques : Macron est toujours dans le \u00ab d\u00e9ni de la barbarie coloniale \u00bb\"}]},{\"@type\":\"WebSite\",\"@id\":\"https:\\\/\\\/lasentinelle.dz\\\/#website\",\"url\":\"https:\\\/\\\/lasentinelle.dz\\\/\",\"name\":\"La Sentinelle\",\"description\":\"Quotidien national d&#039;information\",\"publisher\":{\"@id\":\"https:\\\/\\\/lasentinelle.dz\\\/#organization\"},\"potentialAction\":[{\"@type\":\"SearchAction\",\"target\":{\"@type\":\"EntryPoint\",\"urlTemplate\":\"https:\\\/\\\/lasentinelle.dz\\\/?s={search_term_string}\"},\"query-input\":{\"@type\":\"PropertyValueSpecification\",\"valueRequired\":true,\"valueName\":\"search_term_string\"}}],\"inLanguage\":\"fr-FR\"},{\"@type\":\"Organization\",\"@id\":\"https:\\\/\\\/lasentinelle.dz\\\/#organization\",\"name\":\"Quotidien La Sentinelle\",\"url\":\"https:\\\/\\\/lasentinelle.dz\\\/\",\"logo\":{\"@type\":\"ImageObject\",\"inLanguage\":\"fr-FR\",\"@id\":\"https:\\\/\\\/lasentinelle.dz\\\/#\\\/schema\\\/logo\\\/image\\\/\",\"url\":\"https:\\\/\\\/lasentinelle.dz\\\/wp-content\\\/uploads\\\/2021\\\/09\\\/logo-sentinelleSLOGAN-1.png\",\"contentUrl\":\"https:\\\/\\\/lasentinelle.dz\\\/wp-content\\\/uploads\\\/2021\\\/09\\\/logo-sentinelleSLOGAN-1.png\",\"width\":615,\"height\":142,\"caption\":\"Quotidien La Sentinelle\"},\"image\":{\"@id\":\"https:\\\/\\\/lasentinelle.dz\\\/#\\\/schema\\\/logo\\\/image\\\/\"},\"sameAs\":[\"https:\\\/\\\/www.facebook.com\\\/La-Sentinelle-104059864394773\"]},{\"@type\":\"Person\",\"@id\":\"https:\\\/\\\/lasentinelle.dz\\\/#\\\/schema\\\/person\\\/d865044e22e70a75174ce8bcad3acfb3\",\"name\":\"La Sentinelle\",\"image\":{\"@type\":\"ImageObject\",\"inLanguage\":\"fr-FR\",\"@id\":\"https:\\\/\\\/secure.gravatar.com\\\/avatar\\\/57de8e5d4b15d43fb361a71fbb36338450fe67865b528a43dd10ef7c51a20392?s=96&d=mm&r=g\",\"url\":\"https:\\\/\\\/secure.gravatar.com\\\/avatar\\\/57de8e5d4b15d43fb361a71fbb36338450fe67865b528a43dd10ef7c51a20392?s=96&d=mm&r=g\",\"contentUrl\":\"https:\\\/\\\/secure.gravatar.com\\\/avatar\\\/57de8e5d4b15d43fb361a71fbb36338450fe67865b528a43dd10ef7c51a20392?s=96&d=mm&r=g\",\"caption\":\"La Sentinelle\"},\"sameAs\":[\"http:\\\/\\\/www.lasentinelle.dz\"],\"url\":\"https:\\\/\\\/lasentinelle.dz\\\/author\\\/redaction\\\/\"}]}<\/script>\n<!-- \/ Yoast SEO plugin. -->","yoast_head_json":{"title":"Pr: Seddik Larkeche, expert en gestion strat\u00e9gique des risques : Macron est toujours dans le \u00ab d\u00e9ni de la barbarie coloniale \u00bb - La Sentinelle","robots":{"index":"index","follow":"follow","max-snippet":"max-snippet:-1","max-image-preview":"max-image-preview:large","max-video-preview":"max-video-preview:-1"},"canonical":"https:\/\/lasentinelle.dz\/index.php\/2021\/10\/10\/pr-seddik-larkeche-expert-en-gestion-strategique-des-risques-macron-est-toujours-dans-le-deni-de-la-barbarie-coloniale\/","og_locale":"fr_FR","og_type":"article","og_title":"Pr: Seddik Larkeche, expert en gestion strat\u00e9gique des risques : Macron est toujours dans le \u00ab d\u00e9ni de la barbarie coloniale \u00bb - La Sentinelle","og_description":"Les d\u00e9clarations du pr\u00e9sident fran\u00e7ais Emmanuel Macron du 30 septembre ont \u00ab\u00a0r\u00e9v\u00e9l\u00e9 au grand jour une analyse opportuniste et tronqu\u00e9e\u00a0\u00bb","og_url":"https:\/\/lasentinelle.dz\/index.php\/2021\/10\/10\/pr-seddik-larkeche-expert-en-gestion-strategique-des-risques-macron-est-toujours-dans-le-deni-de-la-barbarie-coloniale\/","og_site_name":"La Sentinelle","article_publisher":"https:\/\/www.facebook.com\/La-Sentinelle-104059864394773","article_published_time":"2021-10-09T23:01:00+00:00","og_image":[{"width":532,"height":304,"url":"https:\/\/lasentinelle.dz\/wp-content\/uploads\/2021\/10\/image_2021-10-09_182335.png","type":"image\/png"}],"author":"La Sentinelle","twitter_card":"summary_large_image","twitter_misc":{"\u00c9crit par":"La Sentinelle","Dur\u00e9e de lecture estim\u00e9e":"3 minutes"},"schema":{"@context":"https:\/\/schema.org","@graph":[{"@type":"Article","@id":"https:\/\/lasentinelle.dz\/index.php\/2021\/10\/10\/pr-seddik-larkeche-expert-en-gestion-strategique-des-risques-macron-est-toujours-dans-le-deni-de-la-barbarie-coloniale\/#article","isPartOf":{"@id":"https:\/\/lasentinelle.dz\/index.php\/2021\/10\/10\/pr-seddik-larkeche-expert-en-gestion-strategique-des-risques-macron-est-toujours-dans-le-deni-de-la-barbarie-coloniale\/"},"author":{"name":"La Sentinelle","@id":"https:\/\/lasentinelle.dz\/#\/schema\/person\/d865044e22e70a75174ce8bcad3acfb3"},"headline":"Pr: Seddik Larkeche, expert en gestion strat\u00e9gique des risques : Macron est toujours dans le \u00ab d\u00e9ni de la barbarie coloniale \u00bb","datePublished":"2021-10-09T23:01:00+00:00","mainEntityOfPage":{"@id":"https:\/\/lasentinelle.dz\/index.php\/2021\/10\/10\/pr-seddik-larkeche-expert-en-gestion-strategique-des-risques-macron-est-toujours-dans-le-deni-de-la-barbarie-coloniale\/"},"wordCount":731,"commentCount":0,"publisher":{"@id":"https:\/\/lasentinelle.dz\/#organization"},"image":{"@id":"https:\/\/lasentinelle.dz\/index.php\/2021\/10\/10\/pr-seddik-larkeche-expert-en-gestion-strategique-des-risques-macron-est-toujours-dans-le-deni-de-la-barbarie-coloniale\/#primaryimage"},"thumbnailUrl":"https:\/\/lasentinelle.dz\/wp-content\/uploads\/2021\/10\/image_2021-10-09_182335.png","articleSection":["Actualit\u00e9"],"inLanguage":"fr-FR","potentialAction":[{"@type":"CommentAction","name":"Comment","target":["https:\/\/lasentinelle.dz\/index.php\/2021\/10\/10\/pr-seddik-larkeche-expert-en-gestion-strategique-des-risques-macron-est-toujours-dans-le-deni-de-la-barbarie-coloniale\/#respond"]}]},{"@type":"WebPage","@id":"https:\/\/lasentinelle.dz\/index.php\/2021\/10\/10\/pr-seddik-larkeche-expert-en-gestion-strategique-des-risques-macron-est-toujours-dans-le-deni-de-la-barbarie-coloniale\/","url":"https:\/\/lasentinelle.dz\/index.php\/2021\/10\/10\/pr-seddik-larkeche-expert-en-gestion-strategique-des-risques-macron-est-toujours-dans-le-deni-de-la-barbarie-coloniale\/","name":"Pr: Seddik Larkeche, expert en gestion strat\u00e9gique des risques : Macron est toujours dans le \u00ab d\u00e9ni de la barbarie coloniale \u00bb - La Sentinelle","isPartOf":{"@id":"https:\/\/lasentinelle.dz\/#website"},"primaryImageOfPage":{"@id":"https:\/\/lasentinelle.dz\/index.php\/2021\/10\/10\/pr-seddik-larkeche-expert-en-gestion-strategique-des-risques-macron-est-toujours-dans-le-deni-de-la-barbarie-coloniale\/#primaryimage"},"image":{"@id":"https:\/\/lasentinelle.dz\/index.php\/2021\/10\/10\/pr-seddik-larkeche-expert-en-gestion-strategique-des-risques-macron-est-toujours-dans-le-deni-de-la-barbarie-coloniale\/#primaryimage"},"thumbnailUrl":"https:\/\/lasentinelle.dz\/wp-content\/uploads\/2021\/10\/image_2021-10-09_182335.png","datePublished":"2021-10-09T23:01:00+00:00","breadcrumb":{"@id":"https:\/\/lasentinelle.dz\/index.php\/2021\/10\/10\/pr-seddik-larkeche-expert-en-gestion-strategique-des-risques-macron-est-toujours-dans-le-deni-de-la-barbarie-coloniale\/#breadcrumb"},"inLanguage":"fr-FR","potentialAction":[{"@type":"ReadAction","target":["https:\/\/lasentinelle.dz\/index.php\/2021\/10\/10\/pr-seddik-larkeche-expert-en-gestion-strategique-des-risques-macron-est-toujours-dans-le-deni-de-la-barbarie-coloniale\/"]}]},{"@type":"ImageObject","inLanguage":"fr-FR","@id":"https:\/\/lasentinelle.dz\/index.php\/2021\/10\/10\/pr-seddik-larkeche-expert-en-gestion-strategique-des-risques-macron-est-toujours-dans-le-deni-de-la-barbarie-coloniale\/#primaryimage","url":"https:\/\/lasentinelle.dz\/wp-content\/uploads\/2021\/10\/image_2021-10-09_182335.png","contentUrl":"https:\/\/lasentinelle.dz\/wp-content\/uploads\/2021\/10\/image_2021-10-09_182335.png","width":532,"height":304},{"@type":"BreadcrumbList","@id":"https:\/\/lasentinelle.dz\/index.php\/2021\/10\/10\/pr-seddik-larkeche-expert-en-gestion-strategique-des-risques-macron-est-toujours-dans-le-deni-de-la-barbarie-coloniale\/#breadcrumb","itemListElement":[{"@type":"ListItem","position":1,"name":"Accueil","item":"https:\/\/lasentinelle.dz\/"},{"@type":"ListItem","position":2,"name":"Pr: Seddik Larkeche, expert en gestion strat\u00e9gique des risques : Macron est toujours dans le \u00ab d\u00e9ni de la barbarie coloniale \u00bb"}]},{"@type":"WebSite","@id":"https:\/\/lasentinelle.dz\/#website","url":"https:\/\/lasentinelle.dz\/","name":"La Sentinelle","description":"Quotidien national d&#039;information","publisher":{"@id":"https:\/\/lasentinelle.dz\/#organization"},"potentialAction":[{"@type":"SearchAction","target":{"@type":"EntryPoint","urlTemplate":"https:\/\/lasentinelle.dz\/?s={search_term_string}"},"query-input":{"@type":"PropertyValueSpecification","valueRequired":true,"valueName":"search_term_string"}}],"inLanguage":"fr-FR"},{"@type":"Organization","@id":"https:\/\/lasentinelle.dz\/#organization","name":"Quotidien La Sentinelle","url":"https:\/\/lasentinelle.dz\/","logo":{"@type":"ImageObject","inLanguage":"fr-FR","@id":"https:\/\/lasentinelle.dz\/#\/schema\/logo\/image\/","url":"https:\/\/lasentinelle.dz\/wp-content\/uploads\/2021\/09\/logo-sentinelleSLOGAN-1.png","contentUrl":"https:\/\/lasentinelle.dz\/wp-content\/uploads\/2021\/09\/logo-sentinelleSLOGAN-1.png","width":615,"height":142,"caption":"Quotidien La Sentinelle"},"image":{"@id":"https:\/\/lasentinelle.dz\/#\/schema\/logo\/image\/"},"sameAs":["https:\/\/www.facebook.com\/La-Sentinelle-104059864394773"]},{"@type":"Person","@id":"https:\/\/lasentinelle.dz\/#\/schema\/person\/d865044e22e70a75174ce8bcad3acfb3","name":"La Sentinelle","image":{"@type":"ImageObject","inLanguage":"fr-FR","@id":"https:\/\/secure.gravatar.com\/avatar\/57de8e5d4b15d43fb361a71fbb36338450fe67865b528a43dd10ef7c51a20392?s=96&d=mm&r=g","url":"https:\/\/secure.gravatar.com\/avatar\/57de8e5d4b15d43fb361a71fbb36338450fe67865b528a43dd10ef7c51a20392?s=96&d=mm&r=g","contentUrl":"https:\/\/secure.gravatar.com\/avatar\/57de8e5d4b15d43fb361a71fbb36338450fe67865b528a43dd10ef7c51a20392?s=96&d=mm&r=g","caption":"La Sentinelle"},"sameAs":["http:\/\/www.lasentinelle.dz"],"url":"https:\/\/lasentinelle.dz\/author\/redaction\/"}]}},"_links":{"self":[{"href":"https:\/\/lasentinelle.dz\/index.php\/wp-json\/wp\/v2\/posts\/10236","targetHints":{"allow":["GET"]}}],"collection":[{"href":"https:\/\/lasentinelle.dz\/index.php\/wp-json\/wp\/v2\/posts"}],"about":[{"href":"https:\/\/lasentinelle.dz\/index.php\/wp-json\/wp\/v2\/types\/post"}],"author":[{"embeddable":true,"href":"https:\/\/lasentinelle.dz\/index.php\/wp-json\/wp\/v2\/users\/3"}],"replies":[{"embeddable":true,"href":"https:\/\/lasentinelle.dz\/index.php\/wp-json\/wp\/v2\/comments?post=10236"}],"version-history":[{"count":1,"href":"https:\/\/lasentinelle.dz\/index.php\/wp-json\/wp\/v2\/posts\/10236\/revisions"}],"predecessor-version":[{"id":10257,"href":"https:\/\/lasentinelle.dz\/index.php\/wp-json\/wp\/v2\/posts\/10236\/revisions\/10257"}],"wp:featuredmedia":[{"embeddable":true,"href":"https:\/\/lasentinelle.dz\/index.php\/wp-json\/wp\/v2\/media\/10256"}],"wp:attachment":[{"href":"https:\/\/lasentinelle.dz\/index.php\/wp-json\/wp\/v2\/media?parent=10236"}],"wp:term":[{"taxonomy":"category","embeddable":true,"href":"https:\/\/lasentinelle.dz\/index.php\/wp-json\/wp\/v2\/categories?post=10236"},{"taxonomy":"post_tag","embeddable":true,"href":"https:\/\/lasentinelle.dz\/index.php\/wp-json\/wp\/v2\/tags?post=10236"}],"curies":[{"name":"wp","href":"https:\/\/api.w.org\/{rel}","templated":true}]}}