{"id":10294,"date":"2021-10-11T00:01:00","date_gmt":"2021-10-10T23:01:00","guid":{"rendered":"https:\/\/lasentinelle.dz\/?p=10294"},"modified":"2021-10-10T15:19:34","modified_gmt":"2021-10-10T14:19:34","slug":"equipe-nationale-les-verts-des-aujourdhui-a-niamey","status":"publish","type":"post","link":"https:\/\/lasentinelle.dz\/index.php\/2021\/10\/11\/equipe-nationale-les-verts-des-aujourdhui-a-niamey\/","title":{"rendered":"Equipe nationale : Les Verts d\u00e8s aujourd\u2019hui \u00e0 Niamey"},"content":{"rendered":"\n<p>Apr\u00e8s avoir pris le meilleur sur le Niger (6-1), sur une pelouse, pour le moins que l\u2019on puisse dire, impraticable, du stade Mustapha-Tchaker de Blida, l\u2019Equipe nationale alg\u00e9rienne de football se projette sur l\u2019avenir.<\/p>\n\n\n\n<p>Cet avenir n\u2019est que proche, puisque demain, les co\u00e9quipiers d\u2019Islam Slimani, devenu meilleur buteur de l\u2019Equipe nationale, d\u00e9fieront le m\u00eame adversaire, cette fois-ci \u00e0 Niamey, dans le cadre de la 4e journ\u00e9e des Eliminatoires du Mondial-2022 au Qatar. Hier, les Verts se sont d\u00e9plac\u00e9s vers la capitale nig\u00e9rienne, avec un moral gonfl\u00e9 \u00e0 bloc. Cet \u00e9tat d\u2019esprit va pousser les Alg\u00e9riens \u00e0 tout mettre en \u0153uvre pour aligner une 31e rencontre sans d\u00e9faite, et surtout une 24e victoire dans cette s\u00e9rie. Le succ\u00e8s est d\u2019autant plus important, puisque les points vaudront leur pesant d\u2019or dans cette qu\u00eate de qualification pour le rendez-vous plan\u00e9taire, sachant qu\u2019en m\u00eame temps, l\u2019autre co-leader, \u00e0 savoir le Burkina Faso, jouera face \u00e0 Djibouti, le maillon faible du groupe et qui est d\u2019ores et d\u00e9j\u00e0 \u00e9limin\u00e9 de la course. Belmadi et ses prot\u00e9g\u00e9s savent que la mission ne sera pas facile, sur une nouvelle pelouse impraticable, mais surtout dans des conditions climatiques diff\u00e9rentes, sachant que le coup d\u2019envoi de la rencontre sera donn\u00e9 \u00e0 17h. Mais les champions d\u2019Afrique se disent pr\u00eats \u00e0 faire face \u00e0 toutes les situations, comme ils l\u2019ont bien fait jusque-l\u00e0. Pour ce match, le driver national pourrait r\u00e9cup\u00e9rer quelques \u00e9l\u00e9ments bless\u00e9s, \u00e0 l\u2019image de Ramy Bensebaini et Djamel Benlamri. Malgr\u00e9 les efforts consentis au match-aller par leurs rempla\u00e7ants, \u00e0 savoir Mohamed Far\u00e8s et Abdelkader Bedrane, il n\u2019en demeure pas moins que les absences des deux premiers, consid\u00e9r\u00e9s comme des cadres de l\u2019\u00e9quipe, s\u2019est faite ressentir, notamment lors des moments forts des Nig\u00e9riens. Ces derniers, cette fois-ci, ne rendront pas facile la mission des Alg\u00e9riens, et se placeront, \u00e0 coup s\u00fbr, comme un dur morceau. Ainsi donc, le match de demain ne ressemblera aucunement \u00e0 celui de Blida, et les joueurs, qui ne veulent pas s\u2019arr\u00eater en si bon chemin, feront tout ce qui leur est possible afin de revenir avec le butin complet et continuer \u00e0 faire r\u00eaver leurs fans, qui ne cherchent surtout pas \u00e0 descendre de leur nuage.<\/p>\n\n\n\n<p>Abderrahim Mahious<\/p>\n","protected":false},"excerpt":{"rendered":"<p>Apr\u00e8s avoir pris le meilleur sur le Niger (6-1), sur une pelouse, pour le moins que l\u2019on puisse dire, impraticable,<\/p>\n","protected":false},"author":3,"featured_media":10300,"comment_status":"open","ping_status":"closed","sticky":false,"template":"","format":"standard","meta":{"colormag_page_container_layout":"default_layout","colormag_page_sidebar_layout":"default_layout","om_disable_all_campaigns":false,"_monsterinsights_skip_tracking":false,"_monsterinsights_sitenote_active":false,"_monsterinsights_sitenote_note":"","_monsterinsights_sitenote_category":0,"footnotes":"","_wpscppro_dont_share_socialmedia":false,"_wpscppro_custom_social_share_image":0,"_facebook_share_type":"","_twitter_share_type":"","_linkedin_share_type":"","_pinterest_share_type":"","_linkedin_share_type_page":"","_instagram_share_type":"","_medium_share_type":"","_threads_share_type":"","_google_business_share_type":"","_selected_social_profile":[],"_wpsp_enable_custom_social_template":false,"_wpsp_social_scheduling":{"enabled":false,"datetime":null,"platforms":[],"status":"template_only","dateOption":"today","timeOption":"now","customDays":"","customHours":"","customDate":"","customTime":"","schedulingType":"absolute"},"_wpsp_active_default_template":true},"categories":[52,33],"tags":[],"class_list":["post-10294","post","type-post","status-publish","format-standard","has-post-thumbnail","hentry","category-a-la-une","category-sports"],"aioseo_notices":[],"yoast_head":"<!-- This site is optimized with the Yoast SEO plugin v27.5 - https:\/\/yoast.com\/product\/yoast-seo-wordpress\/ -->\n<title>Equipe nationale : Les Verts d\u00e8s aujourd\u2019hui \u00e0 Niamey - La Sentinelle<\/title>\n<meta name=\"robots\" content=\"index, follow, max-snippet:-1, max-image-preview:large, max-video-preview:-1\" \/>\n<link rel=\"canonical\" href=\"https:\/\/lasentinelle.dz\/index.php\/2021\/10\/11\/equipe-nationale-les-verts-des-aujourdhui-a-niamey\/\" \/>\n<meta property=\"og:locale\" content=\"fr_FR\" \/>\n<meta property=\"og:type\" content=\"article\" \/>\n<meta property=\"og:title\" content=\"Equipe nationale : Les Verts d\u00e8s aujourd\u2019hui \u00e0 Niamey - La Sentinelle\" \/>\n<meta property=\"og:description\" content=\"Apr\u00e8s avoir pris le meilleur sur le Niger (6-1), sur une pelouse, pour le moins que l\u2019on puisse dire, impraticable,\" \/>\n<meta property=\"og:url\" content=\"https:\/\/lasentinelle.dz\/index.php\/2021\/10\/11\/equipe-nationale-les-verts-des-aujourdhui-a-niamey\/\" \/>\n<meta property=\"og:site_name\" content=\"La Sentinelle\" \/>\n<meta property=\"article:publisher\" content=\"https:\/\/www.facebook.com\/La-Sentinelle-104059864394773\" \/>\n<meta property=\"article:published_time\" content=\"2021-10-10T23:01:00+00:00\" \/>\n<meta property=\"og:image\" content=\"https:\/\/lasentinelle.dz\/wp-content\/uploads\/2021\/10\/Algerie-222-scaled.jpg\" \/>\n\t<meta property=\"og:image:width\" content=\"2560\" \/>\n\t<meta property=\"og:image:height\" content=\"1707\" \/>\n\t<meta property=\"og:image:type\" content=\"image\/jpeg\" \/>\n<meta name=\"author\" content=\"La Sentinelle\" \/>\n<meta name=\"twitter:card\" content=\"summary_large_image\" \/>\n<meta name=\"twitter:label1\" content=\"\u00c9crit par\" \/>\n\t<meta name=\"twitter:data1\" content=\"La Sentinelle\" \/>\n\t<meta name=\"twitter:label2\" content=\"Dur\u00e9e de lecture estim\u00e9e\" \/>\n\t<meta name=\"twitter:data2\" content=\"2 minutes\" \/>\n<script type=\"application\/ld+json\" class=\"yoast-schema-graph\">{\"@context\":\"https:\\\/\\\/schema.org\",\"@graph\":[{\"@type\":\"Article\",\"@id\":\"https:\\\/\\\/lasentinelle.dz\\\/index.php\\\/2021\\\/10\\\/11\\\/equipe-nationale-les-verts-des-aujourdhui-a-niamey\\\/#article\",\"isPartOf\":{\"@id\":\"https:\\\/\\\/lasentinelle.dz\\\/index.php\\\/2021\\\/10\\\/11\\\/equipe-nationale-les-verts-des-aujourdhui-a-niamey\\\/\"},\"author\":{\"name\":\"La Sentinelle\",\"@id\":\"https:\\\/\\\/lasentinelle.dz\\\/#\\\/schema\\\/person\\\/d865044e22e70a75174ce8bcad3acfb3\"},\"headline\":\"Equipe nationale : Les Verts d\u00e8s aujourd\u2019hui \u00e0 Niamey\",\"datePublished\":\"2021-10-10T23:01:00+00:00\",\"mainEntityOfPage\":{\"@id\":\"https:\\\/\\\/lasentinelle.dz\\\/index.php\\\/2021\\\/10\\\/11\\\/equipe-nationale-les-verts-des-aujourdhui-a-niamey\\\/\"},\"wordCount\":414,\"commentCount\":0,\"publisher\":{\"@id\":\"https:\\\/\\\/lasentinelle.dz\\\/#organization\"},\"image\":{\"@id\":\"https:\\\/\\\/lasentinelle.dz\\\/index.php\\\/2021\\\/10\\\/11\\\/equipe-nationale-les-verts-des-aujourdhui-a-niamey\\\/#primaryimage\"},\"thumbnailUrl\":\"https:\\\/\\\/lasentinelle.dz\\\/wp-content\\\/uploads\\\/2021\\\/10\\\/Algerie-222-scaled.jpg\",\"articleSection\":[\"\u00c0 la Une\",\"Sports\"],\"inLanguage\":\"fr-FR\",\"potentialAction\":[{\"@type\":\"CommentAction\",\"name\":\"Comment\",\"target\":[\"https:\\\/\\\/lasentinelle.dz\\\/index.php\\\/2021\\\/10\\\/11\\\/equipe-nationale-les-verts-des-aujourdhui-a-niamey\\\/#respond\"]}]},{\"@type\":\"WebPage\",\"@id\":\"https:\\\/\\\/lasentinelle.dz\\\/index.php\\\/2021\\\/10\\\/11\\\/equipe-nationale-les-verts-des-aujourdhui-a-niamey\\\/\",\"url\":\"https:\\\/\\\/lasentinelle.dz\\\/index.php\\\/2021\\\/10\\\/11\\\/equipe-nationale-les-verts-des-aujourdhui-a-niamey\\\/\",\"name\":\"Equipe nationale : Les Verts d\u00e8s aujourd\u2019hui \u00e0 Niamey - La Sentinelle\",\"isPartOf\":{\"@id\":\"https:\\\/\\\/lasentinelle.dz\\\/#website\"},\"primaryImageOfPage\":{\"@id\":\"https:\\\/\\\/lasentinelle.dz\\\/index.php\\\/2021\\\/10\\\/11\\\/equipe-nationale-les-verts-des-aujourdhui-a-niamey\\\/#primaryimage\"},\"image\":{\"@id\":\"https:\\\/\\\/lasentinelle.dz\\\/index.php\\\/2021\\\/10\\\/11\\\/equipe-nationale-les-verts-des-aujourdhui-a-niamey\\\/#primaryimage\"},\"thumbnailUrl\":\"https:\\\/\\\/lasentinelle.dz\\\/wp-content\\\/uploads\\\/2021\\\/10\\\/Algerie-222-scaled.jpg\",\"datePublished\":\"2021-10-10T23:01:00+00:00\",\"breadcrumb\":{\"@id\":\"https:\\\/\\\/lasentinelle.dz\\\/index.php\\\/2021\\\/10\\\/11\\\/equipe-nationale-les-verts-des-aujourdhui-a-niamey\\\/#breadcrumb\"},\"inLanguage\":\"fr-FR\",\"potentialAction\":[{\"@type\":\"ReadAction\",\"target\":[\"https:\\\/\\\/lasentinelle.dz\\\/index.php\\\/2021\\\/10\\\/11\\\/equipe-nationale-les-verts-des-aujourdhui-a-niamey\\\/\"]}]},{\"@type\":\"ImageObject\",\"inLanguage\":\"fr-FR\",\"@id\":\"https:\\\/\\\/lasentinelle.dz\\\/index.php\\\/2021\\\/10\\\/11\\\/equipe-nationale-les-verts-des-aujourdhui-a-niamey\\\/#primaryimage\",\"url\":\"https:\\\/\\\/lasentinelle.dz\\\/wp-content\\\/uploads\\\/2021\\\/10\\\/Algerie-222-scaled.jpg\",\"contentUrl\":\"https:\\\/\\\/lasentinelle.dz\\\/wp-content\\\/uploads\\\/2021\\\/10\\\/Algerie-222-scaled.jpg\",\"width\":2560,\"height\":1707},{\"@type\":\"BreadcrumbList\",\"@id\":\"https:\\\/\\\/lasentinelle.dz\\\/index.php\\\/2021\\\/10\\\/11\\\/equipe-nationale-les-verts-des-aujourdhui-a-niamey\\\/#breadcrumb\",\"itemListElement\":[{\"@type\":\"ListItem\",\"position\":1,\"name\":\"Accueil\",\"item\":\"https:\\\/\\\/lasentinelle.dz\\\/\"},{\"@type\":\"ListItem\",\"position\":2,\"name\":\"Equipe nationale : Les Verts d\u00e8s aujourd\u2019hui \u00e0 Niamey\"}]},{\"@type\":\"WebSite\",\"@id\":\"https:\\\/\\\/lasentinelle.dz\\\/#website\",\"url\":\"https:\\\/\\\/lasentinelle.dz\\\/\",\"name\":\"La Sentinelle\",\"description\":\"Quotidien national d&#039;information\",\"publisher\":{\"@id\":\"https:\\\/\\\/lasentinelle.dz\\\/#organization\"},\"potentialAction\":[{\"@type\":\"SearchAction\",\"target\":{\"@type\":\"EntryPoint\",\"urlTemplate\":\"https:\\\/\\\/lasentinelle.dz\\\/?s={search_term_string}\"},\"query-input\":{\"@type\":\"PropertyValueSpecification\",\"valueRequired\":true,\"valueName\":\"search_term_string\"}}],\"inLanguage\":\"fr-FR\"},{\"@type\":\"Organization\",\"@id\":\"https:\\\/\\\/lasentinelle.dz\\\/#organization\",\"name\":\"Quotidien La Sentinelle\",\"url\":\"https:\\\/\\\/lasentinelle.dz\\\/\",\"logo\":{\"@type\":\"ImageObject\",\"inLanguage\":\"fr-FR\",\"@id\":\"https:\\\/\\\/lasentinelle.dz\\\/#\\\/schema\\\/logo\\\/image\\\/\",\"url\":\"https:\\\/\\\/lasentinelle.dz\\\/wp-content\\\/uploads\\\/2021\\\/09\\\/logo-sentinelleSLOGAN-1.png\",\"contentUrl\":\"https:\\\/\\\/lasentinelle.dz\\\/wp-content\\\/uploads\\\/2021\\\/09\\\/logo-sentinelleSLOGAN-1.png\",\"width\":615,\"height\":142,\"caption\":\"Quotidien La Sentinelle\"},\"image\":{\"@id\":\"https:\\\/\\\/lasentinelle.dz\\\/#\\\/schema\\\/logo\\\/image\\\/\"},\"sameAs\":[\"https:\\\/\\\/www.facebook.com\\\/La-Sentinelle-104059864394773\"]},{\"@type\":\"Person\",\"@id\":\"https:\\\/\\\/lasentinelle.dz\\\/#\\\/schema\\\/person\\\/d865044e22e70a75174ce8bcad3acfb3\",\"name\":\"La Sentinelle\",\"image\":{\"@type\":\"ImageObject\",\"inLanguage\":\"fr-FR\",\"@id\":\"https:\\\/\\\/secure.gravatar.com\\\/avatar\\\/57de8e5d4b15d43fb361a71fbb36338450fe67865b528a43dd10ef7c51a20392?s=96&d=mm&r=g\",\"url\":\"https:\\\/\\\/secure.gravatar.com\\\/avatar\\\/57de8e5d4b15d43fb361a71fbb36338450fe67865b528a43dd10ef7c51a20392?s=96&d=mm&r=g\",\"contentUrl\":\"https:\\\/\\\/secure.gravatar.com\\\/avatar\\\/57de8e5d4b15d43fb361a71fbb36338450fe67865b528a43dd10ef7c51a20392?s=96&d=mm&r=g\",\"caption\":\"La Sentinelle\"},\"sameAs\":[\"http:\\\/\\\/www.lasentinelle.dz\"],\"url\":\"https:\\\/\\\/lasentinelle.dz\\\/author\\\/redaction\\\/\"}]}<\/script>\n<!-- \/ Yoast SEO plugin. -->","yoast_head_json":{"title":"Equipe nationale : Les Verts d\u00e8s aujourd\u2019hui \u00e0 Niamey - La Sentinelle","robots":{"index":"index","follow":"follow","max-snippet":"max-snippet:-1","max-image-preview":"max-image-preview:large","max-video-preview":"max-video-preview:-1"},"canonical":"https:\/\/lasentinelle.dz\/index.php\/2021\/10\/11\/equipe-nationale-les-verts-des-aujourdhui-a-niamey\/","og_locale":"fr_FR","og_type":"article","og_title":"Equipe nationale : Les Verts d\u00e8s aujourd\u2019hui \u00e0 Niamey - La Sentinelle","og_description":"Apr\u00e8s avoir pris le meilleur sur le Niger (6-1), sur une pelouse, pour le moins que l\u2019on puisse dire, impraticable,","og_url":"https:\/\/lasentinelle.dz\/index.php\/2021\/10\/11\/equipe-nationale-les-verts-des-aujourdhui-a-niamey\/","og_site_name":"La Sentinelle","article_publisher":"https:\/\/www.facebook.com\/La-Sentinelle-104059864394773","article_published_time":"2021-10-10T23:01:00+00:00","og_image":[{"width":2560,"height":1707,"url":"https:\/\/lasentinelle.dz\/wp-content\/uploads\/2021\/10\/Algerie-222-scaled.jpg","type":"image\/jpeg"}],"author":"La Sentinelle","twitter_card":"summary_large_image","twitter_misc":{"\u00c9crit par":"La Sentinelle","Dur\u00e9e de lecture estim\u00e9e":"2 minutes"},"schema":{"@context":"https:\/\/schema.org","@graph":[{"@type":"Article","@id":"https:\/\/lasentinelle.dz\/index.php\/2021\/10\/11\/equipe-nationale-les-verts-des-aujourdhui-a-niamey\/#article","isPartOf":{"@id":"https:\/\/lasentinelle.dz\/index.php\/2021\/10\/11\/equipe-nationale-les-verts-des-aujourdhui-a-niamey\/"},"author":{"name":"La Sentinelle","@id":"https:\/\/lasentinelle.dz\/#\/schema\/person\/d865044e22e70a75174ce8bcad3acfb3"},"headline":"Equipe nationale : Les Verts d\u00e8s aujourd\u2019hui \u00e0 Niamey","datePublished":"2021-10-10T23:01:00+00:00","mainEntityOfPage":{"@id":"https:\/\/lasentinelle.dz\/index.php\/2021\/10\/11\/equipe-nationale-les-verts-des-aujourdhui-a-niamey\/"},"wordCount":414,"commentCount":0,"publisher":{"@id":"https:\/\/lasentinelle.dz\/#organization"},"image":{"@id":"https:\/\/lasentinelle.dz\/index.php\/2021\/10\/11\/equipe-nationale-les-verts-des-aujourdhui-a-niamey\/#primaryimage"},"thumbnailUrl":"https:\/\/lasentinelle.dz\/wp-content\/uploads\/2021\/10\/Algerie-222-scaled.jpg","articleSection":["\u00c0 la Une","Sports"],"inLanguage":"fr-FR","potentialAction":[{"@type":"CommentAction","name":"Comment","target":["https:\/\/lasentinelle.dz\/index.php\/2021\/10\/11\/equipe-nationale-les-verts-des-aujourdhui-a-niamey\/#respond"]}]},{"@type":"WebPage","@id":"https:\/\/lasentinelle.dz\/index.php\/2021\/10\/11\/equipe-nationale-les-verts-des-aujourdhui-a-niamey\/","url":"https:\/\/lasentinelle.dz\/index.php\/2021\/10\/11\/equipe-nationale-les-verts-des-aujourdhui-a-niamey\/","name":"Equipe nationale : Les Verts d\u00e8s aujourd\u2019hui \u00e0 Niamey - La Sentinelle","isPartOf":{"@id":"https:\/\/lasentinelle.dz\/#website"},"primaryImageOfPage":{"@id":"https:\/\/lasentinelle.dz\/index.php\/2021\/10\/11\/equipe-nationale-les-verts-des-aujourdhui-a-niamey\/#primaryimage"},"image":{"@id":"https:\/\/lasentinelle.dz\/index.php\/2021\/10\/11\/equipe-nationale-les-verts-des-aujourdhui-a-niamey\/#primaryimage"},"thumbnailUrl":"https:\/\/lasentinelle.dz\/wp-content\/uploads\/2021\/10\/Algerie-222-scaled.jpg","datePublished":"2021-10-10T23:01:00+00:00","breadcrumb":{"@id":"https:\/\/lasentinelle.dz\/index.php\/2021\/10\/11\/equipe-nationale-les-verts-des-aujourdhui-a-niamey\/#breadcrumb"},"inLanguage":"fr-FR","potentialAction":[{"@type":"ReadAction","target":["https:\/\/lasentinelle.dz\/index.php\/2021\/10\/11\/equipe-nationale-les-verts-des-aujourdhui-a-niamey\/"]}]},{"@type":"ImageObject","inLanguage":"fr-FR","@id":"https:\/\/lasentinelle.dz\/index.php\/2021\/10\/11\/equipe-nationale-les-verts-des-aujourdhui-a-niamey\/#primaryimage","url":"https:\/\/lasentinelle.dz\/wp-content\/uploads\/2021\/10\/Algerie-222-scaled.jpg","contentUrl":"https:\/\/lasentinelle.dz\/wp-content\/uploads\/2021\/10\/Algerie-222-scaled.jpg","width":2560,"height":1707},{"@type":"BreadcrumbList","@id":"https:\/\/lasentinelle.dz\/index.php\/2021\/10\/11\/equipe-nationale-les-verts-des-aujourdhui-a-niamey\/#breadcrumb","itemListElement":[{"@type":"ListItem","position":1,"name":"Accueil","item":"https:\/\/lasentinelle.dz\/"},{"@type":"ListItem","position":2,"name":"Equipe nationale : Les Verts d\u00e8s aujourd\u2019hui \u00e0 Niamey"}]},{"@type":"WebSite","@id":"https:\/\/lasentinelle.dz\/#website","url":"https:\/\/lasentinelle.dz\/","name":"La Sentinelle","description":"Quotidien national d&#039;information","publisher":{"@id":"https:\/\/lasentinelle.dz\/#organization"},"potentialAction":[{"@type":"SearchAction","target":{"@type":"EntryPoint","urlTemplate":"https:\/\/lasentinelle.dz\/?s={search_term_string}"},"query-input":{"@type":"PropertyValueSpecification","valueRequired":true,"valueName":"search_term_string"}}],"inLanguage":"fr-FR"},{"@type":"Organization","@id":"https:\/\/lasentinelle.dz\/#organization","name":"Quotidien La Sentinelle","url":"https:\/\/lasentinelle.dz\/","logo":{"@type":"ImageObject","inLanguage":"fr-FR","@id":"https:\/\/lasentinelle.dz\/#\/schema\/logo\/image\/","url":"https:\/\/lasentinelle.dz\/wp-content\/uploads\/2021\/09\/logo-sentinelleSLOGAN-1.png","contentUrl":"https:\/\/lasentinelle.dz\/wp-content\/uploads\/2021\/09\/logo-sentinelleSLOGAN-1.png","width":615,"height":142,"caption":"Quotidien La Sentinelle"},"image":{"@id":"https:\/\/lasentinelle.dz\/#\/schema\/logo\/image\/"},"sameAs":["https:\/\/www.facebook.com\/La-Sentinelle-104059864394773"]},{"@type":"Person","@id":"https:\/\/lasentinelle.dz\/#\/schema\/person\/d865044e22e70a75174ce8bcad3acfb3","name":"La Sentinelle","image":{"@type":"ImageObject","inLanguage":"fr-FR","@id":"https:\/\/secure.gravatar.com\/avatar\/57de8e5d4b15d43fb361a71fbb36338450fe67865b528a43dd10ef7c51a20392?s=96&d=mm&r=g","url":"https:\/\/secure.gravatar.com\/avatar\/57de8e5d4b15d43fb361a71fbb36338450fe67865b528a43dd10ef7c51a20392?s=96&d=mm&r=g","contentUrl":"https:\/\/secure.gravatar.com\/avatar\/57de8e5d4b15d43fb361a71fbb36338450fe67865b528a43dd10ef7c51a20392?s=96&d=mm&r=g","caption":"La Sentinelle"},"sameAs":["http:\/\/www.lasentinelle.dz"],"url":"https:\/\/lasentinelle.dz\/author\/redaction\/"}]}},"_links":{"self":[{"href":"https:\/\/lasentinelle.dz\/index.php\/wp-json\/wp\/v2\/posts\/10294","targetHints":{"allow":["GET"]}}],"collection":[{"href":"https:\/\/lasentinelle.dz\/index.php\/wp-json\/wp\/v2\/posts"}],"about":[{"href":"https:\/\/lasentinelle.dz\/index.php\/wp-json\/wp\/v2\/types\/post"}],"author":[{"embeddable":true,"href":"https:\/\/lasentinelle.dz\/index.php\/wp-json\/wp\/v2\/users\/3"}],"replies":[{"embeddable":true,"href":"https:\/\/lasentinelle.dz\/index.php\/wp-json\/wp\/v2\/comments?post=10294"}],"version-history":[{"count":1,"href":"https:\/\/lasentinelle.dz\/index.php\/wp-json\/wp\/v2\/posts\/10294\/revisions"}],"predecessor-version":[{"id":10301,"href":"https:\/\/lasentinelle.dz\/index.php\/wp-json\/wp\/v2\/posts\/10294\/revisions\/10301"}],"wp:featuredmedia":[{"embeddable":true,"href":"https:\/\/lasentinelle.dz\/index.php\/wp-json\/wp\/v2\/media\/10300"}],"wp:attachment":[{"href":"https:\/\/lasentinelle.dz\/index.php\/wp-json\/wp\/v2\/media?parent=10294"}],"wp:term":[{"taxonomy":"category","embeddable":true,"href":"https:\/\/lasentinelle.dz\/index.php\/wp-json\/wp\/v2\/categories?post=10294"},{"taxonomy":"post_tag","embeddable":true,"href":"https:\/\/lasentinelle.dz\/index.php\/wp-json\/wp\/v2\/tags?post=10294"}],"curies":[{"name":"wp","href":"https:\/\/api.w.org\/{rel}","templated":true}]}}