{"id":10399,"date":"2021-10-11T00:05:00","date_gmt":"2021-10-10T23:05:00","guid":{"rendered":"https:\/\/lasentinelle.dz\/?p=10399"},"modified":"2021-10-10T20:19:52","modified_gmt":"2021-10-10T19:19:52","slug":"avant-projets-de-lois-sur-linformation-et-laudiovisuel-lactivite-des-web-radio-et-web-tv-sous-controle","status":"publish","type":"post","link":"https:\/\/lasentinelle.dz\/index.php\/2021\/10\/11\/avant-projets-de-lois-sur-linformation-et-laudiovisuel-lactivite-des-web-radio-et-web-tv-sous-controle\/","title":{"rendered":"Avant-projets de lois sur l\u2019information et l\u2019audiovisuel : L\u2019activit\u00e9 des web radio et web TV sous contr\u00f4le"},"content":{"rendered":"\n<p>Le ministre de la Communication, Ammar Belhimer a pr\u00e9sent\u00e9, samedi lors de la r\u00e9union du conseil du gouvernement deux communications portant notamment sur le projet de loi sur l\u2019information et le projet de loi sur l\u2019activit\u00e9 audiovisuel.<\/p>\n\n\n\n<p>En effet, le ministre de la Communication a fait un expos\u00e9, selon nos sources, sur la deuxi\u00e8me mouture de ces deux textes de loi qui ont \u00e9t\u00e9 examin\u00e9 en Conseil des ministres. Selon nos sources, cette deuxi\u00e8me mouture renforce davantage le r\u00f4le du minist\u00e8re de la Communication dans le contr\u00f4le et le suivi des activit\u00e9s du secteur de l\u2019information et l\u2019audiovisuel. Et pour cause, les dispositions du projet de loi sur l\u2019information stipulent que les membres du conseil national de la presse, une instance de r\u00e9gulation qui remplace l\u2019autorit\u00e9 de r\u00e9gulation de la presse \u00e9crite, seront nomm\u00e9s par un arr\u00eat\u00e9 sign\u00e9 par le ministre de la Communication. Ce dernier d\u00e9signe, selon la m\u00eame source, cinq membres parmi les comp\u00e9tences nationales dans le secteur de l\u2019information alors que la premi\u00e8re mouture de ce texte a propos\u00e9e la nomination de cinq membres de ce conseil par le Pr\u00e9sident de la R\u00e9publique. Ceci dit, ce texte loi a pr\u00e9vu plusieurs dispositions pour la r\u00e9gulation et le contr\u00f4le de l\u2019activit\u00e9 de la presse \u00e9crite \u00e9lectronique ainsi que les web radio et les web TV. Autrement dit, le minist\u00e8re de la Communication a d\u00e9cid\u00e9 de nettoyer les \u00e9curies d\u2019Augias en se penchant s\u00e9rieusement sur l\u2019activit\u00e9 des sites d\u2019information \u00e9lectronique et les web radios et web TV dont la cr\u00e9ation est soumise, selon nos sources, \u00e0 une autorisation pr\u00e9alable d\u00e9livr\u00e9e par le conseil nationale de la presse. Et pour cause, cette activit\u00e9 s\u2019est distingu\u00e9e par le d\u00e9veloppement d\u2019une floraison de sites d\u2019information dont certains n\u2019apportent aucune valeur ajout\u00e9e sur la sc\u00e8ne m\u00e9diatique nationale. Pis encore, ces sites sont cr\u00e9es par des personnes qui n\u2019ont aucune relation avec le monde de la presse. Selon les sp\u00e9cialistes, les nouveaut\u00e9s introduites dans ces deux projets de loi permettront de \u00abmettre de l\u2019ordre dans un march\u00e9 m\u00e9diatique qui a \u00e9t\u00e9 empest\u00e9 par les oligarques et les pseudo-journalistes dont les yeux sont rest\u00e9s riv\u00e9s sur la manne publicitaire de l\u2019ANEP\u00bb. Par ailleurs, ce texte de loi pr\u00e9voit la mise en place d\u2019une commission nationale de l\u2019\u00e9thique et de la d\u00e9ontologie de la presse compos\u00e9es notamment des repr\u00e9sentants des journalistes et des \u00e9diteurs de presse. Cette commission veillera, selon nos sources, sur le respect des r\u00e8gles de l\u2019\u00e9thique et de la d\u00e9ontologie&nbsp; r\u00e9gissant la profession journalistique. Aussi, ces deux projets de lois ont introduit des dispositions pour interdire le recours au financement \u00e9tranger de l\u2019activit\u00e9 de la presse \u00e9crite, \u00e9lectronique et audiovisuelle. Ce qui permettra, selon les sp\u00e9cialistes, de mettre un terme \u00e0 l\u2019activit\u00e9 de certains sites qui ont b\u00e9n\u00e9fici\u00e9 de financement ext\u00e9rieur. En outre, le projet de loi sur l\u2019activit\u00e9 audiovisuelle a pr\u00e9vu, selon la m\u00eame source, une disposition interdisant la d\u00e9tention de plus de 33% du capital d\u2019une soci\u00e9t\u00e9 dans le domaine audiovisuelle. Une mani\u00e8re \u00e0 peine voil\u00e9e d\u2019interdire le monopole ou le contr\u00f4le du secteur de l\u2019information et l\u2019activit\u00e9 audiovisuelle par les oligarques et les hommes d\u2019affaires v\u00e9reux.&nbsp;&nbsp;<\/p>\n\n\n\n<p><strong>Fai\u00e7al Bedjaoui<\/strong><\/p>\n","protected":false},"excerpt":{"rendered":"<p>Le ministre de la Communication, Ammar Belhimer a pr\u00e9sent\u00e9, samedi lors de la r\u00e9union du conseil du gouvernement deux communications<\/p>\n","protected":false},"author":3,"featured_media":10405,"comment_status":"open","ping_status":"closed","sticky":false,"template":"","format":"standard","meta":{"colormag_page_container_layout":"default_layout","colormag_page_sidebar_layout":"default_layout","om_disable_all_campaigns":false,"_monsterinsights_skip_tracking":false,"_monsterinsights_sitenote_active":false,"_monsterinsights_sitenote_note":"","_monsterinsights_sitenote_category":0,"footnotes":"","_wpscppro_dont_share_socialmedia":false,"_wpscppro_custom_social_share_image":0,"_facebook_share_type":"","_twitter_share_type":"","_linkedin_share_type":"","_pinterest_share_type":"","_linkedin_share_type_page":"","_instagram_share_type":"","_medium_share_type":"","_threads_share_type":"","_google_business_share_type":"","_selected_social_profile":[],"_wpsp_enable_custom_social_template":false,"_wpsp_social_scheduling":{"enabled":false,"datetime":null,"platforms":[],"status":"template_only","dateOption":"today","timeOption":"now","customDays":"","customHours":"","customDate":"","customTime":"","schedulingType":"absolute"},"_wpsp_active_default_template":true},"categories":[52,27],"tags":[],"class_list":["post-10399","post","type-post","status-publish","format-standard","has-post-thumbnail","hentry","category-a-la-une","category-actualite"],"aioseo_notices":[],"yoast_head":"<!-- This site is optimized with the Yoast SEO plugin v27.5 - https:\/\/yoast.com\/product\/yoast-seo-wordpress\/ -->\n<title>Avant-projets de lois sur l\u2019information et l\u2019audiovisuel : L\u2019activit\u00e9 des web radio et web TV sous contr\u00f4le - La Sentinelle<\/title>\n<meta name=\"robots\" content=\"index, follow, max-snippet:-1, max-image-preview:large, max-video-preview:-1\" \/>\n<link rel=\"canonical\" href=\"https:\/\/lasentinelle.dz\/index.php\/2021\/10\/11\/avant-projets-de-lois-sur-linformation-et-laudiovisuel-lactivite-des-web-radio-et-web-tv-sous-controle\/\" \/>\n<meta property=\"og:locale\" content=\"fr_FR\" \/>\n<meta property=\"og:type\" content=\"article\" \/>\n<meta property=\"og:title\" content=\"Avant-projets de lois sur l\u2019information et l\u2019audiovisuel : L\u2019activit\u00e9 des web radio et web TV sous contr\u00f4le - La Sentinelle\" \/>\n<meta property=\"og:description\" content=\"Le ministre de la Communication, Ammar Belhimer a pr\u00e9sent\u00e9, samedi lors de la r\u00e9union du conseil du gouvernement deux communications\" \/>\n<meta property=\"og:url\" content=\"https:\/\/lasentinelle.dz\/index.php\/2021\/10\/11\/avant-projets-de-lois-sur-linformation-et-laudiovisuel-lactivite-des-web-radio-et-web-tv-sous-controle\/\" \/>\n<meta property=\"og:site_name\" content=\"La Sentinelle\" \/>\n<meta property=\"article:publisher\" content=\"https:\/\/www.facebook.com\/La-Sentinelle-104059864394773\" \/>\n<meta property=\"article:published_time\" content=\"2021-10-10T23:05:00+00:00\" \/>\n<meta property=\"og:image\" content=\"https:\/\/lasentinelle.dz\/wp-content\/uploads\/2021\/10\/radio.jpg\" \/>\n\t<meta property=\"og:image:width\" content=\"2560\" \/>\n\t<meta property=\"og:image:height\" content=\"1600\" \/>\n\t<meta property=\"og:image:type\" content=\"image\/jpeg\" \/>\n<meta name=\"author\" content=\"La Sentinelle\" \/>\n<meta name=\"twitter:card\" content=\"summary_large_image\" \/>\n<meta name=\"twitter:label1\" content=\"\u00c9crit par\" \/>\n\t<meta name=\"twitter:data1\" content=\"La Sentinelle\" \/>\n\t<meta name=\"twitter:label2\" content=\"Dur\u00e9e de lecture estim\u00e9e\" \/>\n\t<meta name=\"twitter:data2\" content=\"3 minutes\" \/>\n<script type=\"application\/ld+json\" class=\"yoast-schema-graph\">{\"@context\":\"https:\\\/\\\/schema.org\",\"@graph\":[{\"@type\":\"Article\",\"@id\":\"https:\\\/\\\/lasentinelle.dz\\\/index.php\\\/2021\\\/10\\\/11\\\/avant-projets-de-lois-sur-linformation-et-laudiovisuel-lactivite-des-web-radio-et-web-tv-sous-controle\\\/#article\",\"isPartOf\":{\"@id\":\"https:\\\/\\\/lasentinelle.dz\\\/index.php\\\/2021\\\/10\\\/11\\\/avant-projets-de-lois-sur-linformation-et-laudiovisuel-lactivite-des-web-radio-et-web-tv-sous-controle\\\/\"},\"author\":{\"name\":\"La Sentinelle\",\"@id\":\"https:\\\/\\\/lasentinelle.dz\\\/#\\\/schema\\\/person\\\/d865044e22e70a75174ce8bcad3acfb3\"},\"headline\":\"Avant-projets de lois sur l\u2019information et l\u2019audiovisuel : L\u2019activit\u00e9 des web radio et web TV sous contr\u00f4le\",\"datePublished\":\"2021-10-10T23:05:00+00:00\",\"mainEntityOfPage\":{\"@id\":\"https:\\\/\\\/lasentinelle.dz\\\/index.php\\\/2021\\\/10\\\/11\\\/avant-projets-de-lois-sur-linformation-et-laudiovisuel-lactivite-des-web-radio-et-web-tv-sous-controle\\\/\"},\"wordCount\":626,\"commentCount\":0,\"publisher\":{\"@id\":\"https:\\\/\\\/lasentinelle.dz\\\/#organization\"},\"image\":{\"@id\":\"https:\\\/\\\/lasentinelle.dz\\\/index.php\\\/2021\\\/10\\\/11\\\/avant-projets-de-lois-sur-linformation-et-laudiovisuel-lactivite-des-web-radio-et-web-tv-sous-controle\\\/#primaryimage\"},\"thumbnailUrl\":\"https:\\\/\\\/lasentinelle.dz\\\/wp-content\\\/uploads\\\/2021\\\/10\\\/radio.jpg\",\"articleSection\":[\"\u00c0 la Une\",\"Actualit\u00e9\"],\"inLanguage\":\"fr-FR\",\"potentialAction\":[{\"@type\":\"CommentAction\",\"name\":\"Comment\",\"target\":[\"https:\\\/\\\/lasentinelle.dz\\\/index.php\\\/2021\\\/10\\\/11\\\/avant-projets-de-lois-sur-linformation-et-laudiovisuel-lactivite-des-web-radio-et-web-tv-sous-controle\\\/#respond\"]}]},{\"@type\":\"WebPage\",\"@id\":\"https:\\\/\\\/lasentinelle.dz\\\/index.php\\\/2021\\\/10\\\/11\\\/avant-projets-de-lois-sur-linformation-et-laudiovisuel-lactivite-des-web-radio-et-web-tv-sous-controle\\\/\",\"url\":\"https:\\\/\\\/lasentinelle.dz\\\/index.php\\\/2021\\\/10\\\/11\\\/avant-projets-de-lois-sur-linformation-et-laudiovisuel-lactivite-des-web-radio-et-web-tv-sous-controle\\\/\",\"name\":\"Avant-projets de lois sur l\u2019information et l\u2019audiovisuel : L\u2019activit\u00e9 des web radio et web TV sous contr\u00f4le - La Sentinelle\",\"isPartOf\":{\"@id\":\"https:\\\/\\\/lasentinelle.dz\\\/#website\"},\"primaryImageOfPage\":{\"@id\":\"https:\\\/\\\/lasentinelle.dz\\\/index.php\\\/2021\\\/10\\\/11\\\/avant-projets-de-lois-sur-linformation-et-laudiovisuel-lactivite-des-web-radio-et-web-tv-sous-controle\\\/#primaryimage\"},\"image\":{\"@id\":\"https:\\\/\\\/lasentinelle.dz\\\/index.php\\\/2021\\\/10\\\/11\\\/avant-projets-de-lois-sur-linformation-et-laudiovisuel-lactivite-des-web-radio-et-web-tv-sous-controle\\\/#primaryimage\"},\"thumbnailUrl\":\"https:\\\/\\\/lasentinelle.dz\\\/wp-content\\\/uploads\\\/2021\\\/10\\\/radio.jpg\",\"datePublished\":\"2021-10-10T23:05:00+00:00\",\"breadcrumb\":{\"@id\":\"https:\\\/\\\/lasentinelle.dz\\\/index.php\\\/2021\\\/10\\\/11\\\/avant-projets-de-lois-sur-linformation-et-laudiovisuel-lactivite-des-web-radio-et-web-tv-sous-controle\\\/#breadcrumb\"},\"inLanguage\":\"fr-FR\",\"potentialAction\":[{\"@type\":\"ReadAction\",\"target\":[\"https:\\\/\\\/lasentinelle.dz\\\/index.php\\\/2021\\\/10\\\/11\\\/avant-projets-de-lois-sur-linformation-et-laudiovisuel-lactivite-des-web-radio-et-web-tv-sous-controle\\\/\"]}]},{\"@type\":\"ImageObject\",\"inLanguage\":\"fr-FR\",\"@id\":\"https:\\\/\\\/lasentinelle.dz\\\/index.php\\\/2021\\\/10\\\/11\\\/avant-projets-de-lois-sur-linformation-et-laudiovisuel-lactivite-des-web-radio-et-web-tv-sous-controle\\\/#primaryimage\",\"url\":\"https:\\\/\\\/lasentinelle.dz\\\/wp-content\\\/uploads\\\/2021\\\/10\\\/radio.jpg\",\"contentUrl\":\"https:\\\/\\\/lasentinelle.dz\\\/wp-content\\\/uploads\\\/2021\\\/10\\\/radio.jpg\",\"width\":2560,\"height\":1600},{\"@type\":\"BreadcrumbList\",\"@id\":\"https:\\\/\\\/lasentinelle.dz\\\/index.php\\\/2021\\\/10\\\/11\\\/avant-projets-de-lois-sur-linformation-et-laudiovisuel-lactivite-des-web-radio-et-web-tv-sous-controle\\\/#breadcrumb\",\"itemListElement\":[{\"@type\":\"ListItem\",\"position\":1,\"name\":\"Accueil\",\"item\":\"https:\\\/\\\/lasentinelle.dz\\\/\"},{\"@type\":\"ListItem\",\"position\":2,\"name\":\"Avant-projets de lois sur l\u2019information et l\u2019audiovisuel : L\u2019activit\u00e9 des web radio et web TV sous contr\u00f4le\"}]},{\"@type\":\"WebSite\",\"@id\":\"https:\\\/\\\/lasentinelle.dz\\\/#website\",\"url\":\"https:\\\/\\\/lasentinelle.dz\\\/\",\"name\":\"La Sentinelle\",\"description\":\"Quotidien national d&#039;information\",\"publisher\":{\"@id\":\"https:\\\/\\\/lasentinelle.dz\\\/#organization\"},\"potentialAction\":[{\"@type\":\"SearchAction\",\"target\":{\"@type\":\"EntryPoint\",\"urlTemplate\":\"https:\\\/\\\/lasentinelle.dz\\\/?s={search_term_string}\"},\"query-input\":{\"@type\":\"PropertyValueSpecification\",\"valueRequired\":true,\"valueName\":\"search_term_string\"}}],\"inLanguage\":\"fr-FR\"},{\"@type\":\"Organization\",\"@id\":\"https:\\\/\\\/lasentinelle.dz\\\/#organization\",\"name\":\"Quotidien La Sentinelle\",\"url\":\"https:\\\/\\\/lasentinelle.dz\\\/\",\"logo\":{\"@type\":\"ImageObject\",\"inLanguage\":\"fr-FR\",\"@id\":\"https:\\\/\\\/lasentinelle.dz\\\/#\\\/schema\\\/logo\\\/image\\\/\",\"url\":\"https:\\\/\\\/lasentinelle.dz\\\/wp-content\\\/uploads\\\/2021\\\/09\\\/logo-sentinelleSLOGAN-1.png\",\"contentUrl\":\"https:\\\/\\\/lasentinelle.dz\\\/wp-content\\\/uploads\\\/2021\\\/09\\\/logo-sentinelleSLOGAN-1.png\",\"width\":615,\"height\":142,\"caption\":\"Quotidien La Sentinelle\"},\"image\":{\"@id\":\"https:\\\/\\\/lasentinelle.dz\\\/#\\\/schema\\\/logo\\\/image\\\/\"},\"sameAs\":[\"https:\\\/\\\/www.facebook.com\\\/La-Sentinelle-104059864394773\"]},{\"@type\":\"Person\",\"@id\":\"https:\\\/\\\/lasentinelle.dz\\\/#\\\/schema\\\/person\\\/d865044e22e70a75174ce8bcad3acfb3\",\"name\":\"La Sentinelle\",\"image\":{\"@type\":\"ImageObject\",\"inLanguage\":\"fr-FR\",\"@id\":\"https:\\\/\\\/secure.gravatar.com\\\/avatar\\\/57de8e5d4b15d43fb361a71fbb36338450fe67865b528a43dd10ef7c51a20392?s=96&d=mm&r=g\",\"url\":\"https:\\\/\\\/secure.gravatar.com\\\/avatar\\\/57de8e5d4b15d43fb361a71fbb36338450fe67865b528a43dd10ef7c51a20392?s=96&d=mm&r=g\",\"contentUrl\":\"https:\\\/\\\/secure.gravatar.com\\\/avatar\\\/57de8e5d4b15d43fb361a71fbb36338450fe67865b528a43dd10ef7c51a20392?s=96&d=mm&r=g\",\"caption\":\"La Sentinelle\"},\"sameAs\":[\"http:\\\/\\\/www.lasentinelle.dz\"],\"url\":\"https:\\\/\\\/lasentinelle.dz\\\/author\\\/redaction\\\/\"}]}<\/script>\n<!-- \/ Yoast SEO plugin. -->","yoast_head_json":{"title":"Avant-projets de lois sur l\u2019information et l\u2019audiovisuel : L\u2019activit\u00e9 des web radio et web TV sous contr\u00f4le - La Sentinelle","robots":{"index":"index","follow":"follow","max-snippet":"max-snippet:-1","max-image-preview":"max-image-preview:large","max-video-preview":"max-video-preview:-1"},"canonical":"https:\/\/lasentinelle.dz\/index.php\/2021\/10\/11\/avant-projets-de-lois-sur-linformation-et-laudiovisuel-lactivite-des-web-radio-et-web-tv-sous-controle\/","og_locale":"fr_FR","og_type":"article","og_title":"Avant-projets de lois sur l\u2019information et l\u2019audiovisuel : L\u2019activit\u00e9 des web radio et web TV sous contr\u00f4le - La Sentinelle","og_description":"Le ministre de la Communication, Ammar Belhimer a pr\u00e9sent\u00e9, samedi lors de la r\u00e9union du conseil du gouvernement deux communications","og_url":"https:\/\/lasentinelle.dz\/index.php\/2021\/10\/11\/avant-projets-de-lois-sur-linformation-et-laudiovisuel-lactivite-des-web-radio-et-web-tv-sous-controle\/","og_site_name":"La Sentinelle","article_publisher":"https:\/\/www.facebook.com\/La-Sentinelle-104059864394773","article_published_time":"2021-10-10T23:05:00+00:00","og_image":[{"width":2560,"height":1600,"url":"https:\/\/lasentinelle.dz\/wp-content\/uploads\/2021\/10\/radio.jpg","type":"image\/jpeg"}],"author":"La Sentinelle","twitter_card":"summary_large_image","twitter_misc":{"\u00c9crit par":"La Sentinelle","Dur\u00e9e de lecture estim\u00e9e":"3 minutes"},"schema":{"@context":"https:\/\/schema.org","@graph":[{"@type":"Article","@id":"https:\/\/lasentinelle.dz\/index.php\/2021\/10\/11\/avant-projets-de-lois-sur-linformation-et-laudiovisuel-lactivite-des-web-radio-et-web-tv-sous-controle\/#article","isPartOf":{"@id":"https:\/\/lasentinelle.dz\/index.php\/2021\/10\/11\/avant-projets-de-lois-sur-linformation-et-laudiovisuel-lactivite-des-web-radio-et-web-tv-sous-controle\/"},"author":{"name":"La Sentinelle","@id":"https:\/\/lasentinelle.dz\/#\/schema\/person\/d865044e22e70a75174ce8bcad3acfb3"},"headline":"Avant-projets de lois sur l\u2019information et l\u2019audiovisuel : L\u2019activit\u00e9 des web radio et web TV sous contr\u00f4le","datePublished":"2021-10-10T23:05:00+00:00","mainEntityOfPage":{"@id":"https:\/\/lasentinelle.dz\/index.php\/2021\/10\/11\/avant-projets-de-lois-sur-linformation-et-laudiovisuel-lactivite-des-web-radio-et-web-tv-sous-controle\/"},"wordCount":626,"commentCount":0,"publisher":{"@id":"https:\/\/lasentinelle.dz\/#organization"},"image":{"@id":"https:\/\/lasentinelle.dz\/index.php\/2021\/10\/11\/avant-projets-de-lois-sur-linformation-et-laudiovisuel-lactivite-des-web-radio-et-web-tv-sous-controle\/#primaryimage"},"thumbnailUrl":"https:\/\/lasentinelle.dz\/wp-content\/uploads\/2021\/10\/radio.jpg","articleSection":["\u00c0 la Une","Actualit\u00e9"],"inLanguage":"fr-FR","potentialAction":[{"@type":"CommentAction","name":"Comment","target":["https:\/\/lasentinelle.dz\/index.php\/2021\/10\/11\/avant-projets-de-lois-sur-linformation-et-laudiovisuel-lactivite-des-web-radio-et-web-tv-sous-controle\/#respond"]}]},{"@type":"WebPage","@id":"https:\/\/lasentinelle.dz\/index.php\/2021\/10\/11\/avant-projets-de-lois-sur-linformation-et-laudiovisuel-lactivite-des-web-radio-et-web-tv-sous-controle\/","url":"https:\/\/lasentinelle.dz\/index.php\/2021\/10\/11\/avant-projets-de-lois-sur-linformation-et-laudiovisuel-lactivite-des-web-radio-et-web-tv-sous-controle\/","name":"Avant-projets de lois sur l\u2019information et l\u2019audiovisuel : L\u2019activit\u00e9 des web radio et web TV sous contr\u00f4le - La Sentinelle","isPartOf":{"@id":"https:\/\/lasentinelle.dz\/#website"},"primaryImageOfPage":{"@id":"https:\/\/lasentinelle.dz\/index.php\/2021\/10\/11\/avant-projets-de-lois-sur-linformation-et-laudiovisuel-lactivite-des-web-radio-et-web-tv-sous-controle\/#primaryimage"},"image":{"@id":"https:\/\/lasentinelle.dz\/index.php\/2021\/10\/11\/avant-projets-de-lois-sur-linformation-et-laudiovisuel-lactivite-des-web-radio-et-web-tv-sous-controle\/#primaryimage"},"thumbnailUrl":"https:\/\/lasentinelle.dz\/wp-content\/uploads\/2021\/10\/radio.jpg","datePublished":"2021-10-10T23:05:00+00:00","breadcrumb":{"@id":"https:\/\/lasentinelle.dz\/index.php\/2021\/10\/11\/avant-projets-de-lois-sur-linformation-et-laudiovisuel-lactivite-des-web-radio-et-web-tv-sous-controle\/#breadcrumb"},"inLanguage":"fr-FR","potentialAction":[{"@type":"ReadAction","target":["https:\/\/lasentinelle.dz\/index.php\/2021\/10\/11\/avant-projets-de-lois-sur-linformation-et-laudiovisuel-lactivite-des-web-radio-et-web-tv-sous-controle\/"]}]},{"@type":"ImageObject","inLanguage":"fr-FR","@id":"https:\/\/lasentinelle.dz\/index.php\/2021\/10\/11\/avant-projets-de-lois-sur-linformation-et-laudiovisuel-lactivite-des-web-radio-et-web-tv-sous-controle\/#primaryimage","url":"https:\/\/lasentinelle.dz\/wp-content\/uploads\/2021\/10\/radio.jpg","contentUrl":"https:\/\/lasentinelle.dz\/wp-content\/uploads\/2021\/10\/radio.jpg","width":2560,"height":1600},{"@type":"BreadcrumbList","@id":"https:\/\/lasentinelle.dz\/index.php\/2021\/10\/11\/avant-projets-de-lois-sur-linformation-et-laudiovisuel-lactivite-des-web-radio-et-web-tv-sous-controle\/#breadcrumb","itemListElement":[{"@type":"ListItem","position":1,"name":"Accueil","item":"https:\/\/lasentinelle.dz\/"},{"@type":"ListItem","position":2,"name":"Avant-projets de lois sur l\u2019information et l\u2019audiovisuel : L\u2019activit\u00e9 des web radio et web TV sous contr\u00f4le"}]},{"@type":"WebSite","@id":"https:\/\/lasentinelle.dz\/#website","url":"https:\/\/lasentinelle.dz\/","name":"La Sentinelle","description":"Quotidien national d&#039;information","publisher":{"@id":"https:\/\/lasentinelle.dz\/#organization"},"potentialAction":[{"@type":"SearchAction","target":{"@type":"EntryPoint","urlTemplate":"https:\/\/lasentinelle.dz\/?s={search_term_string}"},"query-input":{"@type":"PropertyValueSpecification","valueRequired":true,"valueName":"search_term_string"}}],"inLanguage":"fr-FR"},{"@type":"Organization","@id":"https:\/\/lasentinelle.dz\/#organization","name":"Quotidien La Sentinelle","url":"https:\/\/lasentinelle.dz\/","logo":{"@type":"ImageObject","inLanguage":"fr-FR","@id":"https:\/\/lasentinelle.dz\/#\/schema\/logo\/image\/","url":"https:\/\/lasentinelle.dz\/wp-content\/uploads\/2021\/09\/logo-sentinelleSLOGAN-1.png","contentUrl":"https:\/\/lasentinelle.dz\/wp-content\/uploads\/2021\/09\/logo-sentinelleSLOGAN-1.png","width":615,"height":142,"caption":"Quotidien La Sentinelle"},"image":{"@id":"https:\/\/lasentinelle.dz\/#\/schema\/logo\/image\/"},"sameAs":["https:\/\/www.facebook.com\/La-Sentinelle-104059864394773"]},{"@type":"Person","@id":"https:\/\/lasentinelle.dz\/#\/schema\/person\/d865044e22e70a75174ce8bcad3acfb3","name":"La Sentinelle","image":{"@type":"ImageObject","inLanguage":"fr-FR","@id":"https:\/\/secure.gravatar.com\/avatar\/57de8e5d4b15d43fb361a71fbb36338450fe67865b528a43dd10ef7c51a20392?s=96&d=mm&r=g","url":"https:\/\/secure.gravatar.com\/avatar\/57de8e5d4b15d43fb361a71fbb36338450fe67865b528a43dd10ef7c51a20392?s=96&d=mm&r=g","contentUrl":"https:\/\/secure.gravatar.com\/avatar\/57de8e5d4b15d43fb361a71fbb36338450fe67865b528a43dd10ef7c51a20392?s=96&d=mm&r=g","caption":"La Sentinelle"},"sameAs":["http:\/\/www.lasentinelle.dz"],"url":"https:\/\/lasentinelle.dz\/author\/redaction\/"}]}},"_links":{"self":[{"href":"https:\/\/lasentinelle.dz\/index.php\/wp-json\/wp\/v2\/posts\/10399","targetHints":{"allow":["GET"]}}],"collection":[{"href":"https:\/\/lasentinelle.dz\/index.php\/wp-json\/wp\/v2\/posts"}],"about":[{"href":"https:\/\/lasentinelle.dz\/index.php\/wp-json\/wp\/v2\/types\/post"}],"author":[{"embeddable":true,"href":"https:\/\/lasentinelle.dz\/index.php\/wp-json\/wp\/v2\/users\/3"}],"replies":[{"embeddable":true,"href":"https:\/\/lasentinelle.dz\/index.php\/wp-json\/wp\/v2\/comments?post=10399"}],"version-history":[{"count":1,"href":"https:\/\/lasentinelle.dz\/index.php\/wp-json\/wp\/v2\/posts\/10399\/revisions"}],"predecessor-version":[{"id":10406,"href":"https:\/\/lasentinelle.dz\/index.php\/wp-json\/wp\/v2\/posts\/10399\/revisions\/10406"}],"wp:featuredmedia":[{"embeddable":true,"href":"https:\/\/lasentinelle.dz\/index.php\/wp-json\/wp\/v2\/media\/10405"}],"wp:attachment":[{"href":"https:\/\/lasentinelle.dz\/index.php\/wp-json\/wp\/v2\/media?parent=10399"}],"wp:term":[{"taxonomy":"category","embeddable":true,"href":"https:\/\/lasentinelle.dz\/index.php\/wp-json\/wp\/v2\/categories?post=10399"},{"taxonomy":"post_tag","embeddable":true,"href":"https:\/\/lasentinelle.dz\/index.php\/wp-json\/wp\/v2\/tags?post=10399"}],"curies":[{"name":"wp","href":"https:\/\/api.w.org\/{rel}","templated":true}]}}