{"id":1049,"date":"2021-07-13T12:31:25","date_gmt":"2021-07-13T11:31:25","guid":{"rendered":"https:\/\/lasentinelle.dz\/?p=1049"},"modified":"2021-07-13T12:34:42","modified_gmt":"2021-07-13T11:34:42","slug":"feux-de-forets-plusieurs-hectares-ravages-a-annaba","status":"publish","type":"post","link":"https:\/\/lasentinelle.dz\/index.php\/2021\/07\/13\/feux-de-forets-plusieurs-hectares-ravages-a-annaba\/","title":{"rendered":"Feux de for\u00eats \/ Plusieurs hectares ravag\u00e9s \u00e0 Annaba"},"content":{"rendered":"\n<p>La wilaya d\u2019Annaba vient d&rsquo;enregistrer son premier feu de for\u00eat de la saison, au niveau&nbsp; de la zone ouest de la ville o\u00f9 plusieurs dizaines d\u2019hectares de la for\u00eat \u00ab&nbsp;Les s\u0153urs&nbsp;\u00bb ont \u00e9t\u00e9 ravag\u00e9s, durant&nbsp; la semaine en cours, par les flammes. Ces derni\u00e8res sont accentu\u00e9es par les rafales de de vent qui ont souffl\u00e9 sur Annaba, occasionnant la propagation de l\u2019incendie jusqu\u2019\u00e0 la cit\u00e9 Ryme. Tous les moyens humains et mat\u00e9riels ont \u00e9t\u00e9 mobilis\u00e9s par la direction de la protection civile de la wilaya d\u2019Annaba, pour circonscrire l\u2019incendie. Bien qu\u2019aucune perte humaine n\u2019a \u00e9t\u00e9 enregistr\u00e9e mais, on d\u00e9plore la perte d\u2019une grande partie de la for\u00eat, que les flammes&nbsp; ont ravag\u00e9 sur leur passage.&nbsp; Selon un communiqu\u00e9 de la protection civile d\u2019Annaba, l\u2019incendie s\u2019est d\u00e9clar\u00e9 \u00e0 21 heures et a pu \u00eatre&nbsp; ma\u00eetris\u00e9 \u00e0 23 heures.&nbsp; Une enqu\u00eate a \u00e9t\u00e9 ouverte&nbsp; pour d\u00e9terminer les raisons de l\u2019incendie. Une probabilit\u00e9 tr\u00e8s plausible, quant on sait que habitants de la zone ouest de la ville d\u2019Annaba, ont index\u00e9 l&rsquo;activit\u00e9 humaine qui est en relation&nbsp; directe avec cet incendie, dont la fabrication du charbon. Une activit\u00e9 qui s\u2019intensifie notamment \u00e0 l\u2019approche de la c\u00e9l\u00e9bration de l\u2019A\u00efd El Adha. Par ailleurs, il est utile de rappeler que, les incendies qu\u2019enregistre la wilaya d\u2019Annaba, en pareille p\u00e9riode, se d\u00e9clarent dans les for\u00eats de l\u2019Edough, Ain Barbar et Romanettes dans la station baln\u00e9aire de S\u00e9raidi , ainsi que toutes les for\u00eats situ\u00e9es sur les hauteurs du relief maritime montagneux de la wilaya,&nbsp; Ain Achir et Sidi A\u00efssa, entre autres.&nbsp; Rappelons qu\u2019en 2020, la wilaya d\u2019Annaba avait enregistr\u00e9 durant les deux jours de l&rsquo;A\u00efd El Adha, quatre foyers&nbsp; d\u2019incendies occasionnant la calcination de dizaines d&rsquo;hectares de for\u00eats, de brousses et de maquis. Sofia Chahine<\/p>\n","protected":false},"excerpt":{"rendered":"<p>La wilaya d\u2019Annaba vient d&rsquo;enregistrer son premier feu de for\u00eat de la saison, au niveau&nbsp; de la zone ouest de<\/p>\n","protected":false},"author":3,"featured_media":1051,"comment_status":"open","ping_status":"closed","sticky":false,"template":"","format":"standard","meta":{"colormag_page_container_layout":"default_layout","colormag_page_sidebar_layout":"default_layout","om_disable_all_campaigns":false,"_monsterinsights_skip_tracking":false,"_monsterinsights_sitenote_active":false,"_monsterinsights_sitenote_note":"","_monsterinsights_sitenote_category":0,"footnotes":"","_wpscppro_dont_share_socialmedia":false,"_wpscppro_custom_social_share_image":0,"_facebook_share_type":"","_twitter_share_type":"","_linkedin_share_type":"","_pinterest_share_type":"","_linkedin_share_type_page":"","_instagram_share_type":"","_medium_share_type":"","_threads_share_type":"","_google_business_share_type":"","_selected_social_profile":[],"_wpsp_enable_custom_social_template":false,"_wpsp_social_scheduling":{"enabled":false,"datetime":null,"platforms":[],"status":"template_only","dateOption":"today","timeOption":"now","customDays":"","customHours":"","customDate":"","customTime":"","schedulingType":"absolute"},"_wpsp_active_default_template":true},"categories":[31],"tags":[],"class_list":["post-1049","post","type-post","status-publish","format-standard","has-post-thumbnail","hentry","category-regions"],"aioseo_notices":[],"yoast_head":"<!-- This site is optimized with the Yoast SEO plugin v27.5 - https:\/\/yoast.com\/product\/yoast-seo-wordpress\/ -->\n<title>Feux de for\u00eats \/ Plusieurs hectares ravag\u00e9s \u00e0 Annaba - La Sentinelle<\/title>\n<meta name=\"robots\" content=\"index, follow, max-snippet:-1, max-image-preview:large, max-video-preview:-1\" \/>\n<link rel=\"canonical\" href=\"https:\/\/lasentinelle.dz\/index.php\/2021\/07\/13\/feux-de-forets-plusieurs-hectares-ravages-a-annaba\/\" \/>\n<meta property=\"og:locale\" content=\"fr_FR\" \/>\n<meta property=\"og:type\" content=\"article\" \/>\n<meta property=\"og:title\" content=\"Feux de for\u00eats \/ Plusieurs hectares ravag\u00e9s \u00e0 Annaba - La Sentinelle\" \/>\n<meta property=\"og:description\" content=\"La wilaya d\u2019Annaba vient d&rsquo;enregistrer son premier feu de for\u00eat de la saison, au niveau&nbsp; de la zone ouest de\" \/>\n<meta property=\"og:url\" content=\"https:\/\/lasentinelle.dz\/index.php\/2021\/07\/13\/feux-de-forets-plusieurs-hectares-ravages-a-annaba\/\" \/>\n<meta property=\"og:site_name\" content=\"La Sentinelle\" \/>\n<meta property=\"article:publisher\" content=\"https:\/\/www.facebook.com\/La-Sentinelle-104059864394773\" \/>\n<meta property=\"article:published_time\" content=\"2021-07-13T11:31:25+00:00\" \/>\n<meta property=\"article:modified_time\" content=\"2021-07-13T11:34:42+00:00\" \/>\n<meta property=\"og:image\" content=\"https:\/\/lasentinelle.dz\/wp-content\/uploads\/2021\/07\/Feux-de-foret-1024x630.png\" \/>\n\t<meta property=\"og:image:width\" content=\"1024\" \/>\n\t<meta property=\"og:image:height\" content=\"630\" \/>\n\t<meta property=\"og:image:type\" content=\"image\/png\" \/>\n<meta name=\"author\" content=\"La Sentinelle\" \/>\n<meta name=\"twitter:card\" content=\"summary_large_image\" \/>\n<meta name=\"twitter:label1\" content=\"\u00c9crit par\" \/>\n\t<meta name=\"twitter:data1\" content=\"La Sentinelle\" \/>\n\t<meta name=\"twitter:label2\" content=\"Dur\u00e9e de lecture estim\u00e9e\" \/>\n\t<meta name=\"twitter:data2\" content=\"2 minutes\" \/>\n<script type=\"application\/ld+json\" class=\"yoast-schema-graph\">{\"@context\":\"https:\\\/\\\/schema.org\",\"@graph\":[{\"@type\":\"Article\",\"@id\":\"https:\\\/\\\/lasentinelle.dz\\\/index.php\\\/2021\\\/07\\\/13\\\/feux-de-forets-plusieurs-hectares-ravages-a-annaba\\\/#article\",\"isPartOf\":{\"@id\":\"https:\\\/\\\/lasentinelle.dz\\\/index.php\\\/2021\\\/07\\\/13\\\/feux-de-forets-plusieurs-hectares-ravages-a-annaba\\\/\"},\"author\":{\"name\":\"La Sentinelle\",\"@id\":\"https:\\\/\\\/lasentinelle.dz\\\/#\\\/schema\\\/person\\\/d865044e22e70a75174ce8bcad3acfb3\"},\"headline\":\"Feux de for\u00eats \\\/ Plusieurs hectares ravag\u00e9s \u00e0 Annaba\",\"datePublished\":\"2021-07-13T11:31:25+00:00\",\"dateModified\":\"2021-07-13T11:34:42+00:00\",\"mainEntityOfPage\":{\"@id\":\"https:\\\/\\\/lasentinelle.dz\\\/index.php\\\/2021\\\/07\\\/13\\\/feux-de-forets-plusieurs-hectares-ravages-a-annaba\\\/\"},\"wordCount\":358,\"commentCount\":0,\"publisher\":{\"@id\":\"https:\\\/\\\/lasentinelle.dz\\\/#organization\"},\"image\":{\"@id\":\"https:\\\/\\\/lasentinelle.dz\\\/index.php\\\/2021\\\/07\\\/13\\\/feux-de-forets-plusieurs-hectares-ravages-a-annaba\\\/#primaryimage\"},\"thumbnailUrl\":\"https:\\\/\\\/lasentinelle.dz\\\/wp-content\\\/uploads\\\/2021\\\/07\\\/Feux-de-foret.png\",\"articleSection\":[\"R\u00e9gions\"],\"inLanguage\":\"fr-FR\",\"potentialAction\":[{\"@type\":\"CommentAction\",\"name\":\"Comment\",\"target\":[\"https:\\\/\\\/lasentinelle.dz\\\/index.php\\\/2021\\\/07\\\/13\\\/feux-de-forets-plusieurs-hectares-ravages-a-annaba\\\/#respond\"]}]},{\"@type\":\"WebPage\",\"@id\":\"https:\\\/\\\/lasentinelle.dz\\\/index.php\\\/2021\\\/07\\\/13\\\/feux-de-forets-plusieurs-hectares-ravages-a-annaba\\\/\",\"url\":\"https:\\\/\\\/lasentinelle.dz\\\/index.php\\\/2021\\\/07\\\/13\\\/feux-de-forets-plusieurs-hectares-ravages-a-annaba\\\/\",\"name\":\"Feux de for\u00eats \\\/ Plusieurs hectares ravag\u00e9s \u00e0 Annaba - La Sentinelle\",\"isPartOf\":{\"@id\":\"https:\\\/\\\/lasentinelle.dz\\\/#website\"},\"primaryImageOfPage\":{\"@id\":\"https:\\\/\\\/lasentinelle.dz\\\/index.php\\\/2021\\\/07\\\/13\\\/feux-de-forets-plusieurs-hectares-ravages-a-annaba\\\/#primaryimage\"},\"image\":{\"@id\":\"https:\\\/\\\/lasentinelle.dz\\\/index.php\\\/2021\\\/07\\\/13\\\/feux-de-forets-plusieurs-hectares-ravages-a-annaba\\\/#primaryimage\"},\"thumbnailUrl\":\"https:\\\/\\\/lasentinelle.dz\\\/wp-content\\\/uploads\\\/2021\\\/07\\\/Feux-de-foret.png\",\"datePublished\":\"2021-07-13T11:31:25+00:00\",\"dateModified\":\"2021-07-13T11:34:42+00:00\",\"breadcrumb\":{\"@id\":\"https:\\\/\\\/lasentinelle.dz\\\/index.php\\\/2021\\\/07\\\/13\\\/feux-de-forets-plusieurs-hectares-ravages-a-annaba\\\/#breadcrumb\"},\"inLanguage\":\"fr-FR\",\"potentialAction\":[{\"@type\":\"ReadAction\",\"target\":[\"https:\\\/\\\/lasentinelle.dz\\\/index.php\\\/2021\\\/07\\\/13\\\/feux-de-forets-plusieurs-hectares-ravages-a-annaba\\\/\"]}]},{\"@type\":\"ImageObject\",\"inLanguage\":\"fr-FR\",\"@id\":\"https:\\\/\\\/lasentinelle.dz\\\/index.php\\\/2021\\\/07\\\/13\\\/feux-de-forets-plusieurs-hectares-ravages-a-annaba\\\/#primaryimage\",\"url\":\"https:\\\/\\\/lasentinelle.dz\\\/wp-content\\\/uploads\\\/2021\\\/07\\\/Feux-de-foret.png\",\"contentUrl\":\"https:\\\/\\\/lasentinelle.dz\\\/wp-content\\\/uploads\\\/2021\\\/07\\\/Feux-de-foret.png\",\"width\":1464,\"height\":900},{\"@type\":\"BreadcrumbList\",\"@id\":\"https:\\\/\\\/lasentinelle.dz\\\/index.php\\\/2021\\\/07\\\/13\\\/feux-de-forets-plusieurs-hectares-ravages-a-annaba\\\/#breadcrumb\",\"itemListElement\":[{\"@type\":\"ListItem\",\"position\":1,\"name\":\"Accueil\",\"item\":\"https:\\\/\\\/lasentinelle.dz\\\/\"},{\"@type\":\"ListItem\",\"position\":2,\"name\":\"Feux de for\u00eats \\\/ Plusieurs hectares ravag\u00e9s \u00e0 Annaba\"}]},{\"@type\":\"WebSite\",\"@id\":\"https:\\\/\\\/lasentinelle.dz\\\/#website\",\"url\":\"https:\\\/\\\/lasentinelle.dz\\\/\",\"name\":\"La Sentinelle\",\"description\":\"Quotidien national d&#039;information\",\"publisher\":{\"@id\":\"https:\\\/\\\/lasentinelle.dz\\\/#organization\"},\"potentialAction\":[{\"@type\":\"SearchAction\",\"target\":{\"@type\":\"EntryPoint\",\"urlTemplate\":\"https:\\\/\\\/lasentinelle.dz\\\/?s={search_term_string}\"},\"query-input\":{\"@type\":\"PropertyValueSpecification\",\"valueRequired\":true,\"valueName\":\"search_term_string\"}}],\"inLanguage\":\"fr-FR\"},{\"@type\":\"Organization\",\"@id\":\"https:\\\/\\\/lasentinelle.dz\\\/#organization\",\"name\":\"Quotidien La Sentinelle\",\"url\":\"https:\\\/\\\/lasentinelle.dz\\\/\",\"logo\":{\"@type\":\"ImageObject\",\"inLanguage\":\"fr-FR\",\"@id\":\"https:\\\/\\\/lasentinelle.dz\\\/#\\\/schema\\\/logo\\\/image\\\/\",\"url\":\"https:\\\/\\\/lasentinelle.dz\\\/wp-content\\\/uploads\\\/2021\\\/09\\\/logo-sentinelleSLOGAN-1.png\",\"contentUrl\":\"https:\\\/\\\/lasentinelle.dz\\\/wp-content\\\/uploads\\\/2021\\\/09\\\/logo-sentinelleSLOGAN-1.png\",\"width\":615,\"height\":142,\"caption\":\"Quotidien La Sentinelle\"},\"image\":{\"@id\":\"https:\\\/\\\/lasentinelle.dz\\\/#\\\/schema\\\/logo\\\/image\\\/\"},\"sameAs\":[\"https:\\\/\\\/www.facebook.com\\\/La-Sentinelle-104059864394773\"]},{\"@type\":\"Person\",\"@id\":\"https:\\\/\\\/lasentinelle.dz\\\/#\\\/schema\\\/person\\\/d865044e22e70a75174ce8bcad3acfb3\",\"name\":\"La Sentinelle\",\"image\":{\"@type\":\"ImageObject\",\"inLanguage\":\"fr-FR\",\"@id\":\"https:\\\/\\\/secure.gravatar.com\\\/avatar\\\/57de8e5d4b15d43fb361a71fbb36338450fe67865b528a43dd10ef7c51a20392?s=96&d=mm&r=g\",\"url\":\"https:\\\/\\\/secure.gravatar.com\\\/avatar\\\/57de8e5d4b15d43fb361a71fbb36338450fe67865b528a43dd10ef7c51a20392?s=96&d=mm&r=g\",\"contentUrl\":\"https:\\\/\\\/secure.gravatar.com\\\/avatar\\\/57de8e5d4b15d43fb361a71fbb36338450fe67865b528a43dd10ef7c51a20392?s=96&d=mm&r=g\",\"caption\":\"La Sentinelle\"},\"sameAs\":[\"http:\\\/\\\/www.lasentinelle.dz\"],\"url\":\"https:\\\/\\\/lasentinelle.dz\\\/author\\\/redaction\\\/\"}]}<\/script>\n<!-- \/ Yoast SEO plugin. -->","yoast_head_json":{"title":"Feux de for\u00eats \/ Plusieurs hectares ravag\u00e9s \u00e0 Annaba - La Sentinelle","robots":{"index":"index","follow":"follow","max-snippet":"max-snippet:-1","max-image-preview":"max-image-preview:large","max-video-preview":"max-video-preview:-1"},"canonical":"https:\/\/lasentinelle.dz\/index.php\/2021\/07\/13\/feux-de-forets-plusieurs-hectares-ravages-a-annaba\/","og_locale":"fr_FR","og_type":"article","og_title":"Feux de for\u00eats \/ Plusieurs hectares ravag\u00e9s \u00e0 Annaba - La Sentinelle","og_description":"La wilaya d\u2019Annaba vient d&rsquo;enregistrer son premier feu de for\u00eat de la saison, au niveau&nbsp; de la zone ouest de","og_url":"https:\/\/lasentinelle.dz\/index.php\/2021\/07\/13\/feux-de-forets-plusieurs-hectares-ravages-a-annaba\/","og_site_name":"La Sentinelle","article_publisher":"https:\/\/www.facebook.com\/La-Sentinelle-104059864394773","article_published_time":"2021-07-13T11:31:25+00:00","article_modified_time":"2021-07-13T11:34:42+00:00","og_image":[{"width":1024,"height":630,"url":"https:\/\/lasentinelle.dz\/wp-content\/uploads\/2021\/07\/Feux-de-foret-1024x630.png","type":"image\/png"}],"author":"La Sentinelle","twitter_card":"summary_large_image","twitter_misc":{"\u00c9crit par":"La Sentinelle","Dur\u00e9e de lecture estim\u00e9e":"2 minutes"},"schema":{"@context":"https:\/\/schema.org","@graph":[{"@type":"Article","@id":"https:\/\/lasentinelle.dz\/index.php\/2021\/07\/13\/feux-de-forets-plusieurs-hectares-ravages-a-annaba\/#article","isPartOf":{"@id":"https:\/\/lasentinelle.dz\/index.php\/2021\/07\/13\/feux-de-forets-plusieurs-hectares-ravages-a-annaba\/"},"author":{"name":"La Sentinelle","@id":"https:\/\/lasentinelle.dz\/#\/schema\/person\/d865044e22e70a75174ce8bcad3acfb3"},"headline":"Feux de for\u00eats \/ Plusieurs hectares ravag\u00e9s \u00e0 Annaba","datePublished":"2021-07-13T11:31:25+00:00","dateModified":"2021-07-13T11:34:42+00:00","mainEntityOfPage":{"@id":"https:\/\/lasentinelle.dz\/index.php\/2021\/07\/13\/feux-de-forets-plusieurs-hectares-ravages-a-annaba\/"},"wordCount":358,"commentCount":0,"publisher":{"@id":"https:\/\/lasentinelle.dz\/#organization"},"image":{"@id":"https:\/\/lasentinelle.dz\/index.php\/2021\/07\/13\/feux-de-forets-plusieurs-hectares-ravages-a-annaba\/#primaryimage"},"thumbnailUrl":"https:\/\/lasentinelle.dz\/wp-content\/uploads\/2021\/07\/Feux-de-foret.png","articleSection":["R\u00e9gions"],"inLanguage":"fr-FR","potentialAction":[{"@type":"CommentAction","name":"Comment","target":["https:\/\/lasentinelle.dz\/index.php\/2021\/07\/13\/feux-de-forets-plusieurs-hectares-ravages-a-annaba\/#respond"]}]},{"@type":"WebPage","@id":"https:\/\/lasentinelle.dz\/index.php\/2021\/07\/13\/feux-de-forets-plusieurs-hectares-ravages-a-annaba\/","url":"https:\/\/lasentinelle.dz\/index.php\/2021\/07\/13\/feux-de-forets-plusieurs-hectares-ravages-a-annaba\/","name":"Feux de for\u00eats \/ Plusieurs hectares ravag\u00e9s \u00e0 Annaba - La Sentinelle","isPartOf":{"@id":"https:\/\/lasentinelle.dz\/#website"},"primaryImageOfPage":{"@id":"https:\/\/lasentinelle.dz\/index.php\/2021\/07\/13\/feux-de-forets-plusieurs-hectares-ravages-a-annaba\/#primaryimage"},"image":{"@id":"https:\/\/lasentinelle.dz\/index.php\/2021\/07\/13\/feux-de-forets-plusieurs-hectares-ravages-a-annaba\/#primaryimage"},"thumbnailUrl":"https:\/\/lasentinelle.dz\/wp-content\/uploads\/2021\/07\/Feux-de-foret.png","datePublished":"2021-07-13T11:31:25+00:00","dateModified":"2021-07-13T11:34:42+00:00","breadcrumb":{"@id":"https:\/\/lasentinelle.dz\/index.php\/2021\/07\/13\/feux-de-forets-plusieurs-hectares-ravages-a-annaba\/#breadcrumb"},"inLanguage":"fr-FR","potentialAction":[{"@type":"ReadAction","target":["https:\/\/lasentinelle.dz\/index.php\/2021\/07\/13\/feux-de-forets-plusieurs-hectares-ravages-a-annaba\/"]}]},{"@type":"ImageObject","inLanguage":"fr-FR","@id":"https:\/\/lasentinelle.dz\/index.php\/2021\/07\/13\/feux-de-forets-plusieurs-hectares-ravages-a-annaba\/#primaryimage","url":"https:\/\/lasentinelle.dz\/wp-content\/uploads\/2021\/07\/Feux-de-foret.png","contentUrl":"https:\/\/lasentinelle.dz\/wp-content\/uploads\/2021\/07\/Feux-de-foret.png","width":1464,"height":900},{"@type":"BreadcrumbList","@id":"https:\/\/lasentinelle.dz\/index.php\/2021\/07\/13\/feux-de-forets-plusieurs-hectares-ravages-a-annaba\/#breadcrumb","itemListElement":[{"@type":"ListItem","position":1,"name":"Accueil","item":"https:\/\/lasentinelle.dz\/"},{"@type":"ListItem","position":2,"name":"Feux de for\u00eats \/ Plusieurs hectares ravag\u00e9s \u00e0 Annaba"}]},{"@type":"WebSite","@id":"https:\/\/lasentinelle.dz\/#website","url":"https:\/\/lasentinelle.dz\/","name":"La Sentinelle","description":"Quotidien national d&#039;information","publisher":{"@id":"https:\/\/lasentinelle.dz\/#organization"},"potentialAction":[{"@type":"SearchAction","target":{"@type":"EntryPoint","urlTemplate":"https:\/\/lasentinelle.dz\/?s={search_term_string}"},"query-input":{"@type":"PropertyValueSpecification","valueRequired":true,"valueName":"search_term_string"}}],"inLanguage":"fr-FR"},{"@type":"Organization","@id":"https:\/\/lasentinelle.dz\/#organization","name":"Quotidien La Sentinelle","url":"https:\/\/lasentinelle.dz\/","logo":{"@type":"ImageObject","inLanguage":"fr-FR","@id":"https:\/\/lasentinelle.dz\/#\/schema\/logo\/image\/","url":"https:\/\/lasentinelle.dz\/wp-content\/uploads\/2021\/09\/logo-sentinelleSLOGAN-1.png","contentUrl":"https:\/\/lasentinelle.dz\/wp-content\/uploads\/2021\/09\/logo-sentinelleSLOGAN-1.png","width":615,"height":142,"caption":"Quotidien La Sentinelle"},"image":{"@id":"https:\/\/lasentinelle.dz\/#\/schema\/logo\/image\/"},"sameAs":["https:\/\/www.facebook.com\/La-Sentinelle-104059864394773"]},{"@type":"Person","@id":"https:\/\/lasentinelle.dz\/#\/schema\/person\/d865044e22e70a75174ce8bcad3acfb3","name":"La Sentinelle","image":{"@type":"ImageObject","inLanguage":"fr-FR","@id":"https:\/\/secure.gravatar.com\/avatar\/57de8e5d4b15d43fb361a71fbb36338450fe67865b528a43dd10ef7c51a20392?s=96&d=mm&r=g","url":"https:\/\/secure.gravatar.com\/avatar\/57de8e5d4b15d43fb361a71fbb36338450fe67865b528a43dd10ef7c51a20392?s=96&d=mm&r=g","contentUrl":"https:\/\/secure.gravatar.com\/avatar\/57de8e5d4b15d43fb361a71fbb36338450fe67865b528a43dd10ef7c51a20392?s=96&d=mm&r=g","caption":"La Sentinelle"},"sameAs":["http:\/\/www.lasentinelle.dz"],"url":"https:\/\/lasentinelle.dz\/author\/redaction\/"}]}},"_links":{"self":[{"href":"https:\/\/lasentinelle.dz\/index.php\/wp-json\/wp\/v2\/posts\/1049","targetHints":{"allow":["GET"]}}],"collection":[{"href":"https:\/\/lasentinelle.dz\/index.php\/wp-json\/wp\/v2\/posts"}],"about":[{"href":"https:\/\/lasentinelle.dz\/index.php\/wp-json\/wp\/v2\/types\/post"}],"author":[{"embeddable":true,"href":"https:\/\/lasentinelle.dz\/index.php\/wp-json\/wp\/v2\/users\/3"}],"replies":[{"embeddable":true,"href":"https:\/\/lasentinelle.dz\/index.php\/wp-json\/wp\/v2\/comments?post=1049"}],"version-history":[{"count":1,"href":"https:\/\/lasentinelle.dz\/index.php\/wp-json\/wp\/v2\/posts\/1049\/revisions"}],"predecessor-version":[{"id":1052,"href":"https:\/\/lasentinelle.dz\/index.php\/wp-json\/wp\/v2\/posts\/1049\/revisions\/1052"}],"wp:featuredmedia":[{"embeddable":true,"href":"https:\/\/lasentinelle.dz\/index.php\/wp-json\/wp\/v2\/media\/1051"}],"wp:attachment":[{"href":"https:\/\/lasentinelle.dz\/index.php\/wp-json\/wp\/v2\/media?parent=1049"}],"wp:term":[{"taxonomy":"category","embeddable":true,"href":"https:\/\/lasentinelle.dz\/index.php\/wp-json\/wp\/v2\/categories?post=1049"},{"taxonomy":"post_tag","embeddable":true,"href":"https:\/\/lasentinelle.dz\/index.php\/wp-json\/wp\/v2\/tags?post=1049"}],"curies":[{"name":"wp","href":"https:\/\/api.w.org\/{rel}","templated":true}]}}