{"id":10634,"date":"2021-10-14T00:01:00","date_gmt":"2021-10-13T23:01:00","guid":{"rendered":"https:\/\/lasentinelle.dz\/?p=10634"},"modified":"2021-10-13T18:53:07","modified_gmt":"2021-10-13T17:53:07","slug":"assurances-automobiles-pas-de-reduction-de-plus-de-50","status":"publish","type":"post","link":"https:\/\/lasentinelle.dz\/index.php\/2021\/10\/14\/assurances-automobiles-pas-de-reduction-de-plus-de-50\/","title":{"rendered":"Assurances automobiles : Pas de r\u00e9duction de plus de 50%"},"content":{"rendered":"\n<p>Le PDG de la Soci\u00e9t\u00e9 alg\u00e9rienne des Assurances (SAA), Nacer Sais, a d\u00e9voil\u00e9 que les compagnies d\u2019assurance ne peuvent pas accorder de r\u00e9duction de plus de 50% sur le service automobile. Une affirmation qui intervient au moment ou les assureurs revendiquent une baisse des tarifs d\u2019assurance notamment la police d\u2019assurance automobile. Et pour cause, cette derni\u00e8re repr\u00e9sente, selon les sp\u00e9cialistes, une part importante du chiffre d\u2019affaires des compagnies d\u2019assurance en Alg\u00e9rie. S\u2019exprimant en marge du lancement de la nouvelle plateforme \u00e9lectronique de la Soci\u00e9t\u00e9 alg\u00e9rienne des Assurances (SAA), son pr\u00e9sident directeur g\u00e9n\u00e9ral, Nacer Sais a r\u00e9v\u00e9l\u00e9 que \u00abla r\u00e9duction appliqu\u00e9e sur l\u2019assurance automobile ne va pas d\u00e9passer les 50% en Alg\u00e9rie. Plus explicite, le premier responsable de la SAA a pr\u00e9cis\u00e9 qu\u2019 \u00abun protocole sous la tutelle du minist\u00e8re des Finances a \u00e9t\u00e9 approuv\u00e9 par les diff\u00e9rentes compagnies d\u2019assurance. Celui-ci interdit \u00e0 ces entreprises d\u2019accorder des rabais sur l\u2019assurance voiture qui vont au-del\u00e0 du taux de 50%\u00bb. En sus, l\u2019intervenant a \u00e9galement a soulign\u00e9 que \u00abce march\u00e9 subit une vraie pression en termes des baisses de prix accord\u00e9es. D\u2019autant plus que la concurrence a cass\u00e9 tous les records. Ce qui a conduit les propri\u00e9taires de ces compagnies \u00e0 se disputer les parts de march\u00e9 en cassant les tarifs\u00bb.<\/p>\n\n\n\n<p>Il est utile de rappeler que la question des r\u00e9ductions excessives des prix sur les primes d\u2019assurance fait pol\u00e9mique depuis quelques ann\u00e9es, certains op\u00e9rateurs du secteur consid\u00e9rant les promotions de ce type comme \u00e9tant des pratiques anticoncurrentielles. Les assureurs avaient d\u2019ailleurs adress\u00e9 une correspondance en 2017 l\u2019ancien ministre de Finances \u00e0 ce propos afin de recadrer les pratiques du secteur. Il faut noter que face \u00e0 ces r\u00e9ductions qui peuvent parfois aller jusqu\u2019\u00e0 90% dans le secteur de l\u2019assurance automobile, les autorit\u00e9s comp\u00e9tentes ont d\u00e9cid\u00e9 de r\u00e9agir. Cela, en plafonnant ces taux \u00e0 50% maximum et en faisant signer ces compagnies un protocole. Au fait, le premier responsable de la SAA s\u2019est prononc\u00e9 \u00e0 ce sujet. Il a indiqu\u00e9 que tous les op\u00e9rateurs dans ce secteur ont conscience que si on n\u2019arrive pas \u00e0 mettre fin \u00e0 ce processus de discrimination par les prix, leurs entreprises rencontreront de vrais probl\u00e8mes. Il a \u00e9galement pr\u00e9cis\u00e9 que le protocole mis en place ne fixe en aucun cas les prix, ajoutent-ils.<\/p>\n\n\n\n<p><strong>Samira Ghrib<\/strong><\/p>\n","protected":false},"excerpt":{"rendered":"<p>Le PDG de la Soci\u00e9t\u00e9 alg\u00e9rienne des Assurances (SAA), Nacer Sais, a d\u00e9voil\u00e9 que les compagnies d\u2019assurance ne peuvent pas<\/p>\n","protected":false},"author":3,"featured_media":10687,"comment_status":"open","ping_status":"closed","sticky":false,"template":"","format":"standard","meta":{"colormag_page_container_layout":"default_layout","colormag_page_sidebar_layout":"default_layout","om_disable_all_campaigns":false,"_monsterinsights_skip_tracking":false,"_monsterinsights_sitenote_active":false,"_monsterinsights_sitenote_note":"","_monsterinsights_sitenote_category":0,"footnotes":"","_wpscppro_dont_share_socialmedia":false,"_wpscppro_custom_social_share_image":0,"_facebook_share_type":"","_twitter_share_type":"","_linkedin_share_type":"","_pinterest_share_type":"","_linkedin_share_type_page":"","_instagram_share_type":"","_medium_share_type":"","_threads_share_type":"","_google_business_share_type":"","_selected_social_profile":[],"_wpsp_enable_custom_social_template":false,"_wpsp_social_scheduling":{"enabled":false,"datetime":null,"platforms":[],"status":"template_only","dateOption":"today","timeOption":"now","customDays":"","customHours":"","customDate":"","customTime":"","schedulingType":"absolute"},"_wpsp_active_default_template":true},"categories":[27],"tags":[],"class_list":["post-10634","post","type-post","status-publish","format-standard","has-post-thumbnail","hentry","category-actualite"],"aioseo_notices":[],"yoast_head":"<!-- This site is optimized with the Yoast SEO plugin v27.5 - https:\/\/yoast.com\/product\/yoast-seo-wordpress\/ -->\n<title>Assurances automobiles : Pas de r\u00e9duction de plus de 50% - La Sentinelle<\/title>\n<meta name=\"robots\" content=\"index, follow, max-snippet:-1, max-image-preview:large, max-video-preview:-1\" \/>\n<link rel=\"canonical\" href=\"https:\/\/lasentinelle.dz\/index.php\/2021\/10\/14\/assurances-automobiles-pas-de-reduction-de-plus-de-50\/\" \/>\n<meta property=\"og:locale\" content=\"fr_FR\" \/>\n<meta property=\"og:type\" content=\"article\" \/>\n<meta property=\"og:title\" content=\"Assurances automobiles : Pas de r\u00e9duction de plus de 50% - La Sentinelle\" \/>\n<meta property=\"og:description\" content=\"Le PDG de la Soci\u00e9t\u00e9 alg\u00e9rienne des Assurances (SAA), Nacer Sais, a d\u00e9voil\u00e9 que les compagnies d\u2019assurance ne peuvent pas\" \/>\n<meta property=\"og:url\" content=\"https:\/\/lasentinelle.dz\/index.php\/2021\/10\/14\/assurances-automobiles-pas-de-reduction-de-plus-de-50\/\" \/>\n<meta property=\"og:site_name\" content=\"La Sentinelle\" \/>\n<meta property=\"article:publisher\" content=\"https:\/\/www.facebook.com\/La-Sentinelle-104059864394773\" \/>\n<meta property=\"article:published_time\" content=\"2021-10-13T23:01:00+00:00\" \/>\n<meta property=\"og:image\" content=\"https:\/\/lasentinelle.dz\/wp-content\/uploads\/2021\/10\/image_2021-10-13_185255.png\" \/>\n\t<meta property=\"og:image:width\" content=\"1240\" \/>\n\t<meta property=\"og:image:height\" content=\"698\" \/>\n\t<meta property=\"og:image:type\" content=\"image\/png\" \/>\n<meta name=\"author\" content=\"La Sentinelle\" \/>\n<meta name=\"twitter:card\" content=\"summary_large_image\" \/>\n<meta name=\"twitter:label1\" content=\"\u00c9crit par\" \/>\n\t<meta name=\"twitter:data1\" content=\"La Sentinelle\" \/>\n\t<meta name=\"twitter:label2\" content=\"Dur\u00e9e de lecture estim\u00e9e\" \/>\n\t<meta name=\"twitter:data2\" content=\"2 minutes\" \/>\n<script type=\"application\/ld+json\" class=\"yoast-schema-graph\">{\"@context\":\"https:\\\/\\\/schema.org\",\"@graph\":[{\"@type\":\"Article\",\"@id\":\"https:\\\/\\\/lasentinelle.dz\\\/index.php\\\/2021\\\/10\\\/14\\\/assurances-automobiles-pas-de-reduction-de-plus-de-50\\\/#article\",\"isPartOf\":{\"@id\":\"https:\\\/\\\/lasentinelle.dz\\\/index.php\\\/2021\\\/10\\\/14\\\/assurances-automobiles-pas-de-reduction-de-plus-de-50\\\/\"},\"author\":{\"name\":\"La Sentinelle\",\"@id\":\"https:\\\/\\\/lasentinelle.dz\\\/#\\\/schema\\\/person\\\/d865044e22e70a75174ce8bcad3acfb3\"},\"headline\":\"Assurances automobiles : Pas de r\u00e9duction de plus de 50%\",\"datePublished\":\"2021-10-13T23:01:00+00:00\",\"mainEntityOfPage\":{\"@id\":\"https:\\\/\\\/lasentinelle.dz\\\/index.php\\\/2021\\\/10\\\/14\\\/assurances-automobiles-pas-de-reduction-de-plus-de-50\\\/\"},\"wordCount\":428,\"commentCount\":0,\"publisher\":{\"@id\":\"https:\\\/\\\/lasentinelle.dz\\\/#organization\"},\"image\":{\"@id\":\"https:\\\/\\\/lasentinelle.dz\\\/index.php\\\/2021\\\/10\\\/14\\\/assurances-automobiles-pas-de-reduction-de-plus-de-50\\\/#primaryimage\"},\"thumbnailUrl\":\"https:\\\/\\\/lasentinelle.dz\\\/wp-content\\\/uploads\\\/2021\\\/10\\\/image_2021-10-13_185255.png\",\"articleSection\":[\"Actualit\u00e9\"],\"inLanguage\":\"fr-FR\",\"potentialAction\":[{\"@type\":\"CommentAction\",\"name\":\"Comment\",\"target\":[\"https:\\\/\\\/lasentinelle.dz\\\/index.php\\\/2021\\\/10\\\/14\\\/assurances-automobiles-pas-de-reduction-de-plus-de-50\\\/#respond\"]}]},{\"@type\":\"WebPage\",\"@id\":\"https:\\\/\\\/lasentinelle.dz\\\/index.php\\\/2021\\\/10\\\/14\\\/assurances-automobiles-pas-de-reduction-de-plus-de-50\\\/\",\"url\":\"https:\\\/\\\/lasentinelle.dz\\\/index.php\\\/2021\\\/10\\\/14\\\/assurances-automobiles-pas-de-reduction-de-plus-de-50\\\/\",\"name\":\"Assurances automobiles : Pas de r\u00e9duction de plus de 50% - La Sentinelle\",\"isPartOf\":{\"@id\":\"https:\\\/\\\/lasentinelle.dz\\\/#website\"},\"primaryImageOfPage\":{\"@id\":\"https:\\\/\\\/lasentinelle.dz\\\/index.php\\\/2021\\\/10\\\/14\\\/assurances-automobiles-pas-de-reduction-de-plus-de-50\\\/#primaryimage\"},\"image\":{\"@id\":\"https:\\\/\\\/lasentinelle.dz\\\/index.php\\\/2021\\\/10\\\/14\\\/assurances-automobiles-pas-de-reduction-de-plus-de-50\\\/#primaryimage\"},\"thumbnailUrl\":\"https:\\\/\\\/lasentinelle.dz\\\/wp-content\\\/uploads\\\/2021\\\/10\\\/image_2021-10-13_185255.png\",\"datePublished\":\"2021-10-13T23:01:00+00:00\",\"breadcrumb\":{\"@id\":\"https:\\\/\\\/lasentinelle.dz\\\/index.php\\\/2021\\\/10\\\/14\\\/assurances-automobiles-pas-de-reduction-de-plus-de-50\\\/#breadcrumb\"},\"inLanguage\":\"fr-FR\",\"potentialAction\":[{\"@type\":\"ReadAction\",\"target\":[\"https:\\\/\\\/lasentinelle.dz\\\/index.php\\\/2021\\\/10\\\/14\\\/assurances-automobiles-pas-de-reduction-de-plus-de-50\\\/\"]}]},{\"@type\":\"ImageObject\",\"inLanguage\":\"fr-FR\",\"@id\":\"https:\\\/\\\/lasentinelle.dz\\\/index.php\\\/2021\\\/10\\\/14\\\/assurances-automobiles-pas-de-reduction-de-plus-de-50\\\/#primaryimage\",\"url\":\"https:\\\/\\\/lasentinelle.dz\\\/wp-content\\\/uploads\\\/2021\\\/10\\\/image_2021-10-13_185255.png\",\"contentUrl\":\"https:\\\/\\\/lasentinelle.dz\\\/wp-content\\\/uploads\\\/2021\\\/10\\\/image_2021-10-13_185255.png\",\"width\":1240,\"height\":698},{\"@type\":\"BreadcrumbList\",\"@id\":\"https:\\\/\\\/lasentinelle.dz\\\/index.php\\\/2021\\\/10\\\/14\\\/assurances-automobiles-pas-de-reduction-de-plus-de-50\\\/#breadcrumb\",\"itemListElement\":[{\"@type\":\"ListItem\",\"position\":1,\"name\":\"Accueil\",\"item\":\"https:\\\/\\\/lasentinelle.dz\\\/\"},{\"@type\":\"ListItem\",\"position\":2,\"name\":\"Assurances automobiles : Pas de r\u00e9duction de plus de 50%\"}]},{\"@type\":\"WebSite\",\"@id\":\"https:\\\/\\\/lasentinelle.dz\\\/#website\",\"url\":\"https:\\\/\\\/lasentinelle.dz\\\/\",\"name\":\"La Sentinelle\",\"description\":\"Quotidien national d&#039;information\",\"publisher\":{\"@id\":\"https:\\\/\\\/lasentinelle.dz\\\/#organization\"},\"potentialAction\":[{\"@type\":\"SearchAction\",\"target\":{\"@type\":\"EntryPoint\",\"urlTemplate\":\"https:\\\/\\\/lasentinelle.dz\\\/?s={search_term_string}\"},\"query-input\":{\"@type\":\"PropertyValueSpecification\",\"valueRequired\":true,\"valueName\":\"search_term_string\"}}],\"inLanguage\":\"fr-FR\"},{\"@type\":\"Organization\",\"@id\":\"https:\\\/\\\/lasentinelle.dz\\\/#organization\",\"name\":\"Quotidien La Sentinelle\",\"url\":\"https:\\\/\\\/lasentinelle.dz\\\/\",\"logo\":{\"@type\":\"ImageObject\",\"inLanguage\":\"fr-FR\",\"@id\":\"https:\\\/\\\/lasentinelle.dz\\\/#\\\/schema\\\/logo\\\/image\\\/\",\"url\":\"https:\\\/\\\/lasentinelle.dz\\\/wp-content\\\/uploads\\\/2021\\\/09\\\/logo-sentinelleSLOGAN-1.png\",\"contentUrl\":\"https:\\\/\\\/lasentinelle.dz\\\/wp-content\\\/uploads\\\/2021\\\/09\\\/logo-sentinelleSLOGAN-1.png\",\"width\":615,\"height\":142,\"caption\":\"Quotidien La Sentinelle\"},\"image\":{\"@id\":\"https:\\\/\\\/lasentinelle.dz\\\/#\\\/schema\\\/logo\\\/image\\\/\"},\"sameAs\":[\"https:\\\/\\\/www.facebook.com\\\/La-Sentinelle-104059864394773\"]},{\"@type\":\"Person\",\"@id\":\"https:\\\/\\\/lasentinelle.dz\\\/#\\\/schema\\\/person\\\/d865044e22e70a75174ce8bcad3acfb3\",\"name\":\"La Sentinelle\",\"image\":{\"@type\":\"ImageObject\",\"inLanguage\":\"fr-FR\",\"@id\":\"https:\\\/\\\/secure.gravatar.com\\\/avatar\\\/57de8e5d4b15d43fb361a71fbb36338450fe67865b528a43dd10ef7c51a20392?s=96&d=mm&r=g\",\"url\":\"https:\\\/\\\/secure.gravatar.com\\\/avatar\\\/57de8e5d4b15d43fb361a71fbb36338450fe67865b528a43dd10ef7c51a20392?s=96&d=mm&r=g\",\"contentUrl\":\"https:\\\/\\\/secure.gravatar.com\\\/avatar\\\/57de8e5d4b15d43fb361a71fbb36338450fe67865b528a43dd10ef7c51a20392?s=96&d=mm&r=g\",\"caption\":\"La Sentinelle\"},\"sameAs\":[\"http:\\\/\\\/www.lasentinelle.dz\"],\"url\":\"https:\\\/\\\/lasentinelle.dz\\\/author\\\/redaction\\\/\"}]}<\/script>\n<!-- \/ Yoast SEO plugin. -->","yoast_head_json":{"title":"Assurances automobiles : Pas de r\u00e9duction de plus de 50% - La Sentinelle","robots":{"index":"index","follow":"follow","max-snippet":"max-snippet:-1","max-image-preview":"max-image-preview:large","max-video-preview":"max-video-preview:-1"},"canonical":"https:\/\/lasentinelle.dz\/index.php\/2021\/10\/14\/assurances-automobiles-pas-de-reduction-de-plus-de-50\/","og_locale":"fr_FR","og_type":"article","og_title":"Assurances automobiles : Pas de r\u00e9duction de plus de 50% - La Sentinelle","og_description":"Le PDG de la Soci\u00e9t\u00e9 alg\u00e9rienne des Assurances (SAA), Nacer Sais, a d\u00e9voil\u00e9 que les compagnies d\u2019assurance ne peuvent pas","og_url":"https:\/\/lasentinelle.dz\/index.php\/2021\/10\/14\/assurances-automobiles-pas-de-reduction-de-plus-de-50\/","og_site_name":"La Sentinelle","article_publisher":"https:\/\/www.facebook.com\/La-Sentinelle-104059864394773","article_published_time":"2021-10-13T23:01:00+00:00","og_image":[{"width":1240,"height":698,"url":"https:\/\/lasentinelle.dz\/wp-content\/uploads\/2021\/10\/image_2021-10-13_185255.png","type":"image\/png"}],"author":"La Sentinelle","twitter_card":"summary_large_image","twitter_misc":{"\u00c9crit par":"La Sentinelle","Dur\u00e9e de lecture estim\u00e9e":"2 minutes"},"schema":{"@context":"https:\/\/schema.org","@graph":[{"@type":"Article","@id":"https:\/\/lasentinelle.dz\/index.php\/2021\/10\/14\/assurances-automobiles-pas-de-reduction-de-plus-de-50\/#article","isPartOf":{"@id":"https:\/\/lasentinelle.dz\/index.php\/2021\/10\/14\/assurances-automobiles-pas-de-reduction-de-plus-de-50\/"},"author":{"name":"La Sentinelle","@id":"https:\/\/lasentinelle.dz\/#\/schema\/person\/d865044e22e70a75174ce8bcad3acfb3"},"headline":"Assurances automobiles : Pas de r\u00e9duction de plus de 50%","datePublished":"2021-10-13T23:01:00+00:00","mainEntityOfPage":{"@id":"https:\/\/lasentinelle.dz\/index.php\/2021\/10\/14\/assurances-automobiles-pas-de-reduction-de-plus-de-50\/"},"wordCount":428,"commentCount":0,"publisher":{"@id":"https:\/\/lasentinelle.dz\/#organization"},"image":{"@id":"https:\/\/lasentinelle.dz\/index.php\/2021\/10\/14\/assurances-automobiles-pas-de-reduction-de-plus-de-50\/#primaryimage"},"thumbnailUrl":"https:\/\/lasentinelle.dz\/wp-content\/uploads\/2021\/10\/image_2021-10-13_185255.png","articleSection":["Actualit\u00e9"],"inLanguage":"fr-FR","potentialAction":[{"@type":"CommentAction","name":"Comment","target":["https:\/\/lasentinelle.dz\/index.php\/2021\/10\/14\/assurances-automobiles-pas-de-reduction-de-plus-de-50\/#respond"]}]},{"@type":"WebPage","@id":"https:\/\/lasentinelle.dz\/index.php\/2021\/10\/14\/assurances-automobiles-pas-de-reduction-de-plus-de-50\/","url":"https:\/\/lasentinelle.dz\/index.php\/2021\/10\/14\/assurances-automobiles-pas-de-reduction-de-plus-de-50\/","name":"Assurances automobiles : Pas de r\u00e9duction de plus de 50% - La Sentinelle","isPartOf":{"@id":"https:\/\/lasentinelle.dz\/#website"},"primaryImageOfPage":{"@id":"https:\/\/lasentinelle.dz\/index.php\/2021\/10\/14\/assurances-automobiles-pas-de-reduction-de-plus-de-50\/#primaryimage"},"image":{"@id":"https:\/\/lasentinelle.dz\/index.php\/2021\/10\/14\/assurances-automobiles-pas-de-reduction-de-plus-de-50\/#primaryimage"},"thumbnailUrl":"https:\/\/lasentinelle.dz\/wp-content\/uploads\/2021\/10\/image_2021-10-13_185255.png","datePublished":"2021-10-13T23:01:00+00:00","breadcrumb":{"@id":"https:\/\/lasentinelle.dz\/index.php\/2021\/10\/14\/assurances-automobiles-pas-de-reduction-de-plus-de-50\/#breadcrumb"},"inLanguage":"fr-FR","potentialAction":[{"@type":"ReadAction","target":["https:\/\/lasentinelle.dz\/index.php\/2021\/10\/14\/assurances-automobiles-pas-de-reduction-de-plus-de-50\/"]}]},{"@type":"ImageObject","inLanguage":"fr-FR","@id":"https:\/\/lasentinelle.dz\/index.php\/2021\/10\/14\/assurances-automobiles-pas-de-reduction-de-plus-de-50\/#primaryimage","url":"https:\/\/lasentinelle.dz\/wp-content\/uploads\/2021\/10\/image_2021-10-13_185255.png","contentUrl":"https:\/\/lasentinelle.dz\/wp-content\/uploads\/2021\/10\/image_2021-10-13_185255.png","width":1240,"height":698},{"@type":"BreadcrumbList","@id":"https:\/\/lasentinelle.dz\/index.php\/2021\/10\/14\/assurances-automobiles-pas-de-reduction-de-plus-de-50\/#breadcrumb","itemListElement":[{"@type":"ListItem","position":1,"name":"Accueil","item":"https:\/\/lasentinelle.dz\/"},{"@type":"ListItem","position":2,"name":"Assurances automobiles : Pas de r\u00e9duction de plus de 50%"}]},{"@type":"WebSite","@id":"https:\/\/lasentinelle.dz\/#website","url":"https:\/\/lasentinelle.dz\/","name":"La Sentinelle","description":"Quotidien national d&#039;information","publisher":{"@id":"https:\/\/lasentinelle.dz\/#organization"},"potentialAction":[{"@type":"SearchAction","target":{"@type":"EntryPoint","urlTemplate":"https:\/\/lasentinelle.dz\/?s={search_term_string}"},"query-input":{"@type":"PropertyValueSpecification","valueRequired":true,"valueName":"search_term_string"}}],"inLanguage":"fr-FR"},{"@type":"Organization","@id":"https:\/\/lasentinelle.dz\/#organization","name":"Quotidien La Sentinelle","url":"https:\/\/lasentinelle.dz\/","logo":{"@type":"ImageObject","inLanguage":"fr-FR","@id":"https:\/\/lasentinelle.dz\/#\/schema\/logo\/image\/","url":"https:\/\/lasentinelle.dz\/wp-content\/uploads\/2021\/09\/logo-sentinelleSLOGAN-1.png","contentUrl":"https:\/\/lasentinelle.dz\/wp-content\/uploads\/2021\/09\/logo-sentinelleSLOGAN-1.png","width":615,"height":142,"caption":"Quotidien La Sentinelle"},"image":{"@id":"https:\/\/lasentinelle.dz\/#\/schema\/logo\/image\/"},"sameAs":["https:\/\/www.facebook.com\/La-Sentinelle-104059864394773"]},{"@type":"Person","@id":"https:\/\/lasentinelle.dz\/#\/schema\/person\/d865044e22e70a75174ce8bcad3acfb3","name":"La Sentinelle","image":{"@type":"ImageObject","inLanguage":"fr-FR","@id":"https:\/\/secure.gravatar.com\/avatar\/57de8e5d4b15d43fb361a71fbb36338450fe67865b528a43dd10ef7c51a20392?s=96&d=mm&r=g","url":"https:\/\/secure.gravatar.com\/avatar\/57de8e5d4b15d43fb361a71fbb36338450fe67865b528a43dd10ef7c51a20392?s=96&d=mm&r=g","contentUrl":"https:\/\/secure.gravatar.com\/avatar\/57de8e5d4b15d43fb361a71fbb36338450fe67865b528a43dd10ef7c51a20392?s=96&d=mm&r=g","caption":"La Sentinelle"},"sameAs":["http:\/\/www.lasentinelle.dz"],"url":"https:\/\/lasentinelle.dz\/author\/redaction\/"}]}},"_links":{"self":[{"href":"https:\/\/lasentinelle.dz\/index.php\/wp-json\/wp\/v2\/posts\/10634","targetHints":{"allow":["GET"]}}],"collection":[{"href":"https:\/\/lasentinelle.dz\/index.php\/wp-json\/wp\/v2\/posts"}],"about":[{"href":"https:\/\/lasentinelle.dz\/index.php\/wp-json\/wp\/v2\/types\/post"}],"author":[{"embeddable":true,"href":"https:\/\/lasentinelle.dz\/index.php\/wp-json\/wp\/v2\/users\/3"}],"replies":[{"embeddable":true,"href":"https:\/\/lasentinelle.dz\/index.php\/wp-json\/wp\/v2\/comments?post=10634"}],"version-history":[{"count":1,"href":"https:\/\/lasentinelle.dz\/index.php\/wp-json\/wp\/v2\/posts\/10634\/revisions"}],"predecessor-version":[{"id":10688,"href":"https:\/\/lasentinelle.dz\/index.php\/wp-json\/wp\/v2\/posts\/10634\/revisions\/10688"}],"wp:featuredmedia":[{"embeddable":true,"href":"https:\/\/lasentinelle.dz\/index.php\/wp-json\/wp\/v2\/media\/10687"}],"wp:attachment":[{"href":"https:\/\/lasentinelle.dz\/index.php\/wp-json\/wp\/v2\/media?parent=10634"}],"wp:term":[{"taxonomy":"category","embeddable":true,"href":"https:\/\/lasentinelle.dz\/index.php\/wp-json\/wp\/v2\/categories?post=10634"},{"taxonomy":"post_tag","embeddable":true,"href":"https:\/\/lasentinelle.dz\/index.php\/wp-json\/wp\/v2\/tags?post=10634"}],"curies":[{"name":"wp","href":"https:\/\/api.w.org\/{rel}","templated":true}]}}