{"id":10668,"date":"2021-10-14T00:01:00","date_gmt":"2021-10-13T23:01:00","guid":{"rendered":"https:\/\/lasentinelle.dz\/?p=10668"},"modified":"2021-10-13T16:46:30","modified_gmt":"2021-10-13T15:46:30","slug":"constantine-disrupt-ouverture-de-la-conference-regionale-sur-les-startups","status":"publish","type":"post","link":"https:\/\/lasentinelle.dz\/index.php\/2021\/10\/14\/constantine-disrupt-ouverture-de-la-conference-regionale-sur-les-startups\/","title":{"rendered":"Constantine Disrupt : Ouverture de la conf\u00e9rence r\u00e9gionale sur les Startups"},"content":{"rendered":"\n<p>La conf\u00e9rence r\u00e9gionale sur les start-ups s\u2019est ouverte mardi \u00e0 Constantine.<\/p>\n\n\n\n<p>Annonc\u00e9, il y\u2019a quelques jours par le minist\u00e8re d\u00e9l\u00e9gu\u00e9 aupr\u00e8s du Premier ministre charg\u00e9 de l\u2019\u00e9conomie de la connaissance et des startups,&nbsp;\u00ab&nbsp;Constantine Disrupt&nbsp;\u00bb&nbsp; est un \u00e9v\u00e9nement consacr\u00e9 exclusivement aux startups, aux porteurs de projets innovants et aux experts en technologie ainsi qu\u2019aux \u00e9tudiants.&nbsp; Les travaux de cette conf\u00e9rence r\u00e9gionale qu\u2019abrite&nbsp; la salle Z\u00e9nith de Constantine,&nbsp; visent \u00e0 stimuler l&rsquo;\u00e9cosyst\u00e8me de l&rsquo;innovation au niveau de la r\u00e9gion&nbsp; l&rsquo;Est du pays. Un programme riche en th\u00e9matiques, dont la biotechnologie, l&rsquo;intelligence artificielle et l&rsquo;Internet des objets (IoT\/ Industry 4.0), entre autres a \u00e9t\u00e9 \u00e9labor\u00e9 pour cet \u00e9v\u00e8nement. Des th\u00e8mes qui feront l\u2019objet de conf\u00e9rences, anim\u00e9es par des experts alg\u00e9riens et \u00e9trangers, convi\u00e9s pour l\u2019occasion. En marge de cette conf\u00e9rence, une exposition d\u00e9di\u00e9e aux startups activant dans l\u2019Est alg\u00e9rien et un concours autour des th\u00e8mes pr\u00e9cit\u00e9s, seront organis\u00e9s. Il est \u00e0 noter quecette conf\u00e9rence organis\u00e9e&nbsp; dans la wilaya de Constantine, en faveur des startups de la r\u00e9gion Est du pays, est la troisi\u00e8me du genre. Elle intervient, convient-il de le rappeler, apr\u00e8s deux conf\u00e9rences r\u00e9gionales, organis\u00e9es d\u00e9j\u00e0, par le minist\u00e8re d\u00e9l\u00e9gu\u00e9 aupr\u00e8s du Premier ministre charg\u00e9 de l&rsquo;\u00e9conomie de la connaissance et des startups&nbsp; dans la zone Ouest du pays \u00e0 Oran et le dans le Sud \u00e0&nbsp; Gharda\u00efa. Il faut noter que ces conf\u00e9rences qui s\u2019inscrivent dans le cadre de la concr\u00e9tisation des objectifs du plan d\u2019action. Le gouvernement s\u2019est engag\u00e9 \u00e0 travers&nbsp; l\u2019\u00e9laboration d\u2019une loi-cadre sur l&rsquo;\u00e9conomie de la connaissance, \u00e0 la mise en place d\u2019une strat\u00e9gie nationale de transfert technologique ainsi que la mise en place des m\u00e9canismes pour le financement des travaux de prototypage et de recherche et d\u00e9veloppement au profit des startups. Outre cela, le m\u00eame plan d\u2019action porte aussi sur la mise en place d&rsquo;incitations fiscales, pour encourager les entreprises \u00e0 investir dans la recherche et d\u00e9veloppement, la mise en place d\u2019un cadre r\u00e9glementaire r\u00e9gissant les d\u00e9penses, qui peuvent \u00eatre qualifi\u00e9es de d\u00e9penses R et D en entreprise, ainsi que la mise en place de mesures incitatives pour encourager les th\u00e8ses de recherche en entreprise. Au-del\u00e0, il s\u2019agit \u00e9galement de renforcer l&rsquo;\u00e9conomie de la connaissance. Ainsi le plan pr\u00e9voit la mise en place d\u2019un m\u00e9canisme pour soutenir le d\u00e9p\u00f4t de brevet \u00e0 l\u2019international, l\u2019encouragement du recrutement de main-d&rsquo;\u0153uvre hautement qualifi\u00e9e dans les entreprises, la cr\u00e9ation du statut de chercheur en entreprise et la digitalisation des proc\u00e9dures de d\u00e9p\u00f4t de brevets, la cr\u00e9ation d\u2019un r\u00e9seau national de \u00ab\u00a0Business Angels\u00a0\u00bb,&nbsp; de repr\u00e9sentations r\u00e9gionales du \u00ab\u00a0Algerian Startup Fund\u00a0\u00bb et le lancement du programme d&rsquo;acc\u00e9l\u00e9ration des startups via l\u2019acc\u00e9l\u00e9rateur public \u00ab\u00a0Algeria venture\u00a0\u00bb, entre autres. En somme,&nbsp; le gouvernement s\u2019engage, \u00e0 travers son plan d&rsquo;action, \u00e0 promouvoir l\u2019\u00e9cosyst\u00e8me des startups compte tenu de son r\u00f4le cl\u00e9 dans le d\u00e9veloppement de l\u2019\u00e9conomie num\u00e9rique.<\/p>\n\n\n\n<p><strong>Sofia Chahine<\/strong><\/p>\n","protected":false},"excerpt":{"rendered":"<p>La conf\u00e9rence r\u00e9gionale sur les start-ups s\u2019est ouverte mardi \u00e0 Constantine. Annonc\u00e9, il y\u2019a quelques jours par le minist\u00e8re d\u00e9l\u00e9gu\u00e9<\/p>\n","protected":false},"author":3,"featured_media":10678,"comment_status":"open","ping_status":"closed","sticky":false,"template":"","format":"standard","meta":{"colormag_page_container_layout":"default_layout","colormag_page_sidebar_layout":"default_layout","om_disable_all_campaigns":false,"_monsterinsights_skip_tracking":false,"_monsterinsights_sitenote_active":false,"_monsterinsights_sitenote_note":"","_monsterinsights_sitenote_category":0,"footnotes":"","_wpscppro_dont_share_socialmedia":false,"_wpscppro_custom_social_share_image":0,"_facebook_share_type":"","_twitter_share_type":"","_linkedin_share_type":"","_pinterest_share_type":"","_linkedin_share_type_page":"","_instagram_share_type":"","_medium_share_type":"","_threads_share_type":"","_google_business_share_type":"","_selected_social_profile":[],"_wpsp_enable_custom_social_template":false,"_wpsp_social_scheduling":{"enabled":false,"datetime":null,"platforms":[],"status":"template_only","dateOption":"today","timeOption":"now","customDays":"","customHours":"","customDate":"","customTime":"","schedulingType":"absolute"},"_wpsp_active_default_template":true},"categories":[31],"tags":[],"class_list":["post-10668","post","type-post","status-publish","format-standard","has-post-thumbnail","hentry","category-regions"],"aioseo_notices":[],"yoast_head":"<!-- This site is optimized with the Yoast SEO plugin v27.5 - https:\/\/yoast.com\/product\/yoast-seo-wordpress\/ -->\n<title>Constantine Disrupt : Ouverture de la conf\u00e9rence r\u00e9gionale sur les Startups - La Sentinelle<\/title>\n<meta name=\"robots\" content=\"index, follow, max-snippet:-1, max-image-preview:large, max-video-preview:-1\" \/>\n<link rel=\"canonical\" href=\"https:\/\/lasentinelle.dz\/index.php\/2021\/10\/14\/constantine-disrupt-ouverture-de-la-conference-regionale-sur-les-startups\/\" \/>\n<meta property=\"og:locale\" content=\"fr_FR\" \/>\n<meta property=\"og:type\" content=\"article\" \/>\n<meta property=\"og:title\" content=\"Constantine Disrupt : Ouverture de la conf\u00e9rence r\u00e9gionale sur les Startups - La Sentinelle\" \/>\n<meta property=\"og:description\" content=\"La conf\u00e9rence r\u00e9gionale sur les start-ups s\u2019est ouverte mardi \u00e0 Constantine. Annonc\u00e9, il y\u2019a quelques jours par le minist\u00e8re d\u00e9l\u00e9gu\u00e9\" \/>\n<meta property=\"og:url\" content=\"https:\/\/lasentinelle.dz\/index.php\/2021\/10\/14\/constantine-disrupt-ouverture-de-la-conference-regionale-sur-les-startups\/\" \/>\n<meta property=\"og:site_name\" content=\"La Sentinelle\" \/>\n<meta property=\"article:publisher\" content=\"https:\/\/www.facebook.com\/La-Sentinelle-104059864394773\" \/>\n<meta property=\"article:published_time\" content=\"2021-10-13T23:01:00+00:00\" \/>\n<meta property=\"og:image\" content=\"https:\/\/lasentinelle.dz\/wp-content\/uploads\/2021\/10\/startups.jpeg\" \/>\n\t<meta property=\"og:image:width\" content=\"512\" \/>\n\t<meta property=\"og:image:height\" content=\"341\" \/>\n\t<meta property=\"og:image:type\" content=\"image\/jpeg\" \/>\n<meta name=\"author\" content=\"La Sentinelle\" \/>\n<meta name=\"twitter:card\" content=\"summary_large_image\" \/>\n<meta name=\"twitter:label1\" content=\"\u00c9crit par\" \/>\n\t<meta name=\"twitter:data1\" content=\"La Sentinelle\" \/>\n\t<meta name=\"twitter:label2\" content=\"Dur\u00e9e de lecture estim\u00e9e\" \/>\n\t<meta name=\"twitter:data2\" content=\"3 minutes\" \/>\n<script type=\"application\/ld+json\" class=\"yoast-schema-graph\">{\"@context\":\"https:\\\/\\\/schema.org\",\"@graph\":[{\"@type\":\"Article\",\"@id\":\"https:\\\/\\\/lasentinelle.dz\\\/index.php\\\/2021\\\/10\\\/14\\\/constantine-disrupt-ouverture-de-la-conference-regionale-sur-les-startups\\\/#article\",\"isPartOf\":{\"@id\":\"https:\\\/\\\/lasentinelle.dz\\\/index.php\\\/2021\\\/10\\\/14\\\/constantine-disrupt-ouverture-de-la-conference-regionale-sur-les-startups\\\/\"},\"author\":{\"name\":\"La Sentinelle\",\"@id\":\"https:\\\/\\\/lasentinelle.dz\\\/#\\\/schema\\\/person\\\/d865044e22e70a75174ce8bcad3acfb3\"},\"headline\":\"Constantine Disrupt : Ouverture de la conf\u00e9rence r\u00e9gionale sur les Startups\",\"datePublished\":\"2021-10-13T23:01:00+00:00\",\"mainEntityOfPage\":{\"@id\":\"https:\\\/\\\/lasentinelle.dz\\\/index.php\\\/2021\\\/10\\\/14\\\/constantine-disrupt-ouverture-de-la-conference-regionale-sur-les-startups\\\/\"},\"wordCount\":589,\"commentCount\":0,\"publisher\":{\"@id\":\"https:\\\/\\\/lasentinelle.dz\\\/#organization\"},\"image\":{\"@id\":\"https:\\\/\\\/lasentinelle.dz\\\/index.php\\\/2021\\\/10\\\/14\\\/constantine-disrupt-ouverture-de-la-conference-regionale-sur-les-startups\\\/#primaryimage\"},\"thumbnailUrl\":\"https:\\\/\\\/lasentinelle.dz\\\/wp-content\\\/uploads\\\/2021\\\/10\\\/startups.jpeg\",\"articleSection\":[\"R\u00e9gions\"],\"inLanguage\":\"fr-FR\",\"potentialAction\":[{\"@type\":\"CommentAction\",\"name\":\"Comment\",\"target\":[\"https:\\\/\\\/lasentinelle.dz\\\/index.php\\\/2021\\\/10\\\/14\\\/constantine-disrupt-ouverture-de-la-conference-regionale-sur-les-startups\\\/#respond\"]}]},{\"@type\":\"WebPage\",\"@id\":\"https:\\\/\\\/lasentinelle.dz\\\/index.php\\\/2021\\\/10\\\/14\\\/constantine-disrupt-ouverture-de-la-conference-regionale-sur-les-startups\\\/\",\"url\":\"https:\\\/\\\/lasentinelle.dz\\\/index.php\\\/2021\\\/10\\\/14\\\/constantine-disrupt-ouverture-de-la-conference-regionale-sur-les-startups\\\/\",\"name\":\"Constantine Disrupt : Ouverture de la conf\u00e9rence r\u00e9gionale sur les Startups - La Sentinelle\",\"isPartOf\":{\"@id\":\"https:\\\/\\\/lasentinelle.dz\\\/#website\"},\"primaryImageOfPage\":{\"@id\":\"https:\\\/\\\/lasentinelle.dz\\\/index.php\\\/2021\\\/10\\\/14\\\/constantine-disrupt-ouverture-de-la-conference-regionale-sur-les-startups\\\/#primaryimage\"},\"image\":{\"@id\":\"https:\\\/\\\/lasentinelle.dz\\\/index.php\\\/2021\\\/10\\\/14\\\/constantine-disrupt-ouverture-de-la-conference-regionale-sur-les-startups\\\/#primaryimage\"},\"thumbnailUrl\":\"https:\\\/\\\/lasentinelle.dz\\\/wp-content\\\/uploads\\\/2021\\\/10\\\/startups.jpeg\",\"datePublished\":\"2021-10-13T23:01:00+00:00\",\"breadcrumb\":{\"@id\":\"https:\\\/\\\/lasentinelle.dz\\\/index.php\\\/2021\\\/10\\\/14\\\/constantine-disrupt-ouverture-de-la-conference-regionale-sur-les-startups\\\/#breadcrumb\"},\"inLanguage\":\"fr-FR\",\"potentialAction\":[{\"@type\":\"ReadAction\",\"target\":[\"https:\\\/\\\/lasentinelle.dz\\\/index.php\\\/2021\\\/10\\\/14\\\/constantine-disrupt-ouverture-de-la-conference-regionale-sur-les-startups\\\/\"]}]},{\"@type\":\"ImageObject\",\"inLanguage\":\"fr-FR\",\"@id\":\"https:\\\/\\\/lasentinelle.dz\\\/index.php\\\/2021\\\/10\\\/14\\\/constantine-disrupt-ouverture-de-la-conference-regionale-sur-les-startups\\\/#primaryimage\",\"url\":\"https:\\\/\\\/lasentinelle.dz\\\/wp-content\\\/uploads\\\/2021\\\/10\\\/startups.jpeg\",\"contentUrl\":\"https:\\\/\\\/lasentinelle.dz\\\/wp-content\\\/uploads\\\/2021\\\/10\\\/startups.jpeg\",\"width\":512,\"height\":341},{\"@type\":\"BreadcrumbList\",\"@id\":\"https:\\\/\\\/lasentinelle.dz\\\/index.php\\\/2021\\\/10\\\/14\\\/constantine-disrupt-ouverture-de-la-conference-regionale-sur-les-startups\\\/#breadcrumb\",\"itemListElement\":[{\"@type\":\"ListItem\",\"position\":1,\"name\":\"Accueil\",\"item\":\"https:\\\/\\\/lasentinelle.dz\\\/\"},{\"@type\":\"ListItem\",\"position\":2,\"name\":\"Constantine Disrupt : Ouverture de la conf\u00e9rence r\u00e9gionale sur les Startups\"}]},{\"@type\":\"WebSite\",\"@id\":\"https:\\\/\\\/lasentinelle.dz\\\/#website\",\"url\":\"https:\\\/\\\/lasentinelle.dz\\\/\",\"name\":\"La Sentinelle\",\"description\":\"Quotidien national d&#039;information\",\"publisher\":{\"@id\":\"https:\\\/\\\/lasentinelle.dz\\\/#organization\"},\"potentialAction\":[{\"@type\":\"SearchAction\",\"target\":{\"@type\":\"EntryPoint\",\"urlTemplate\":\"https:\\\/\\\/lasentinelle.dz\\\/?s={search_term_string}\"},\"query-input\":{\"@type\":\"PropertyValueSpecification\",\"valueRequired\":true,\"valueName\":\"search_term_string\"}}],\"inLanguage\":\"fr-FR\"},{\"@type\":\"Organization\",\"@id\":\"https:\\\/\\\/lasentinelle.dz\\\/#organization\",\"name\":\"Quotidien La Sentinelle\",\"url\":\"https:\\\/\\\/lasentinelle.dz\\\/\",\"logo\":{\"@type\":\"ImageObject\",\"inLanguage\":\"fr-FR\",\"@id\":\"https:\\\/\\\/lasentinelle.dz\\\/#\\\/schema\\\/logo\\\/image\\\/\",\"url\":\"https:\\\/\\\/lasentinelle.dz\\\/wp-content\\\/uploads\\\/2021\\\/09\\\/logo-sentinelleSLOGAN-1.png\",\"contentUrl\":\"https:\\\/\\\/lasentinelle.dz\\\/wp-content\\\/uploads\\\/2021\\\/09\\\/logo-sentinelleSLOGAN-1.png\",\"width\":615,\"height\":142,\"caption\":\"Quotidien La Sentinelle\"},\"image\":{\"@id\":\"https:\\\/\\\/lasentinelle.dz\\\/#\\\/schema\\\/logo\\\/image\\\/\"},\"sameAs\":[\"https:\\\/\\\/www.facebook.com\\\/La-Sentinelle-104059864394773\"]},{\"@type\":\"Person\",\"@id\":\"https:\\\/\\\/lasentinelle.dz\\\/#\\\/schema\\\/person\\\/d865044e22e70a75174ce8bcad3acfb3\",\"name\":\"La Sentinelle\",\"image\":{\"@type\":\"ImageObject\",\"inLanguage\":\"fr-FR\",\"@id\":\"https:\\\/\\\/secure.gravatar.com\\\/avatar\\\/57de8e5d4b15d43fb361a71fbb36338450fe67865b528a43dd10ef7c51a20392?s=96&d=mm&r=g\",\"url\":\"https:\\\/\\\/secure.gravatar.com\\\/avatar\\\/57de8e5d4b15d43fb361a71fbb36338450fe67865b528a43dd10ef7c51a20392?s=96&d=mm&r=g\",\"contentUrl\":\"https:\\\/\\\/secure.gravatar.com\\\/avatar\\\/57de8e5d4b15d43fb361a71fbb36338450fe67865b528a43dd10ef7c51a20392?s=96&d=mm&r=g\",\"caption\":\"La Sentinelle\"},\"sameAs\":[\"http:\\\/\\\/www.lasentinelle.dz\"],\"url\":\"https:\\\/\\\/lasentinelle.dz\\\/author\\\/redaction\\\/\"}]}<\/script>\n<!-- \/ Yoast SEO plugin. -->","yoast_head_json":{"title":"Constantine Disrupt : Ouverture de la conf\u00e9rence r\u00e9gionale sur les Startups - La Sentinelle","robots":{"index":"index","follow":"follow","max-snippet":"max-snippet:-1","max-image-preview":"max-image-preview:large","max-video-preview":"max-video-preview:-1"},"canonical":"https:\/\/lasentinelle.dz\/index.php\/2021\/10\/14\/constantine-disrupt-ouverture-de-la-conference-regionale-sur-les-startups\/","og_locale":"fr_FR","og_type":"article","og_title":"Constantine Disrupt : Ouverture de la conf\u00e9rence r\u00e9gionale sur les Startups - La Sentinelle","og_description":"La conf\u00e9rence r\u00e9gionale sur les start-ups s\u2019est ouverte mardi \u00e0 Constantine. Annonc\u00e9, il y\u2019a quelques jours par le minist\u00e8re d\u00e9l\u00e9gu\u00e9","og_url":"https:\/\/lasentinelle.dz\/index.php\/2021\/10\/14\/constantine-disrupt-ouverture-de-la-conference-regionale-sur-les-startups\/","og_site_name":"La Sentinelle","article_publisher":"https:\/\/www.facebook.com\/La-Sentinelle-104059864394773","article_published_time":"2021-10-13T23:01:00+00:00","og_image":[{"width":512,"height":341,"url":"https:\/\/lasentinelle.dz\/wp-content\/uploads\/2021\/10\/startups.jpeg","type":"image\/jpeg"}],"author":"La Sentinelle","twitter_card":"summary_large_image","twitter_misc":{"\u00c9crit par":"La Sentinelle","Dur\u00e9e de lecture estim\u00e9e":"3 minutes"},"schema":{"@context":"https:\/\/schema.org","@graph":[{"@type":"Article","@id":"https:\/\/lasentinelle.dz\/index.php\/2021\/10\/14\/constantine-disrupt-ouverture-de-la-conference-regionale-sur-les-startups\/#article","isPartOf":{"@id":"https:\/\/lasentinelle.dz\/index.php\/2021\/10\/14\/constantine-disrupt-ouverture-de-la-conference-regionale-sur-les-startups\/"},"author":{"name":"La Sentinelle","@id":"https:\/\/lasentinelle.dz\/#\/schema\/person\/d865044e22e70a75174ce8bcad3acfb3"},"headline":"Constantine Disrupt : Ouverture de la conf\u00e9rence r\u00e9gionale sur les Startups","datePublished":"2021-10-13T23:01:00+00:00","mainEntityOfPage":{"@id":"https:\/\/lasentinelle.dz\/index.php\/2021\/10\/14\/constantine-disrupt-ouverture-de-la-conference-regionale-sur-les-startups\/"},"wordCount":589,"commentCount":0,"publisher":{"@id":"https:\/\/lasentinelle.dz\/#organization"},"image":{"@id":"https:\/\/lasentinelle.dz\/index.php\/2021\/10\/14\/constantine-disrupt-ouverture-de-la-conference-regionale-sur-les-startups\/#primaryimage"},"thumbnailUrl":"https:\/\/lasentinelle.dz\/wp-content\/uploads\/2021\/10\/startups.jpeg","articleSection":["R\u00e9gions"],"inLanguage":"fr-FR","potentialAction":[{"@type":"CommentAction","name":"Comment","target":["https:\/\/lasentinelle.dz\/index.php\/2021\/10\/14\/constantine-disrupt-ouverture-de-la-conference-regionale-sur-les-startups\/#respond"]}]},{"@type":"WebPage","@id":"https:\/\/lasentinelle.dz\/index.php\/2021\/10\/14\/constantine-disrupt-ouverture-de-la-conference-regionale-sur-les-startups\/","url":"https:\/\/lasentinelle.dz\/index.php\/2021\/10\/14\/constantine-disrupt-ouverture-de-la-conference-regionale-sur-les-startups\/","name":"Constantine Disrupt : Ouverture de la conf\u00e9rence r\u00e9gionale sur les Startups - La Sentinelle","isPartOf":{"@id":"https:\/\/lasentinelle.dz\/#website"},"primaryImageOfPage":{"@id":"https:\/\/lasentinelle.dz\/index.php\/2021\/10\/14\/constantine-disrupt-ouverture-de-la-conference-regionale-sur-les-startups\/#primaryimage"},"image":{"@id":"https:\/\/lasentinelle.dz\/index.php\/2021\/10\/14\/constantine-disrupt-ouverture-de-la-conference-regionale-sur-les-startups\/#primaryimage"},"thumbnailUrl":"https:\/\/lasentinelle.dz\/wp-content\/uploads\/2021\/10\/startups.jpeg","datePublished":"2021-10-13T23:01:00+00:00","breadcrumb":{"@id":"https:\/\/lasentinelle.dz\/index.php\/2021\/10\/14\/constantine-disrupt-ouverture-de-la-conference-regionale-sur-les-startups\/#breadcrumb"},"inLanguage":"fr-FR","potentialAction":[{"@type":"ReadAction","target":["https:\/\/lasentinelle.dz\/index.php\/2021\/10\/14\/constantine-disrupt-ouverture-de-la-conference-regionale-sur-les-startups\/"]}]},{"@type":"ImageObject","inLanguage":"fr-FR","@id":"https:\/\/lasentinelle.dz\/index.php\/2021\/10\/14\/constantine-disrupt-ouverture-de-la-conference-regionale-sur-les-startups\/#primaryimage","url":"https:\/\/lasentinelle.dz\/wp-content\/uploads\/2021\/10\/startups.jpeg","contentUrl":"https:\/\/lasentinelle.dz\/wp-content\/uploads\/2021\/10\/startups.jpeg","width":512,"height":341},{"@type":"BreadcrumbList","@id":"https:\/\/lasentinelle.dz\/index.php\/2021\/10\/14\/constantine-disrupt-ouverture-de-la-conference-regionale-sur-les-startups\/#breadcrumb","itemListElement":[{"@type":"ListItem","position":1,"name":"Accueil","item":"https:\/\/lasentinelle.dz\/"},{"@type":"ListItem","position":2,"name":"Constantine Disrupt : Ouverture de la conf\u00e9rence r\u00e9gionale sur les Startups"}]},{"@type":"WebSite","@id":"https:\/\/lasentinelle.dz\/#website","url":"https:\/\/lasentinelle.dz\/","name":"La Sentinelle","description":"Quotidien national d&#039;information","publisher":{"@id":"https:\/\/lasentinelle.dz\/#organization"},"potentialAction":[{"@type":"SearchAction","target":{"@type":"EntryPoint","urlTemplate":"https:\/\/lasentinelle.dz\/?s={search_term_string}"},"query-input":{"@type":"PropertyValueSpecification","valueRequired":true,"valueName":"search_term_string"}}],"inLanguage":"fr-FR"},{"@type":"Organization","@id":"https:\/\/lasentinelle.dz\/#organization","name":"Quotidien La Sentinelle","url":"https:\/\/lasentinelle.dz\/","logo":{"@type":"ImageObject","inLanguage":"fr-FR","@id":"https:\/\/lasentinelle.dz\/#\/schema\/logo\/image\/","url":"https:\/\/lasentinelle.dz\/wp-content\/uploads\/2021\/09\/logo-sentinelleSLOGAN-1.png","contentUrl":"https:\/\/lasentinelle.dz\/wp-content\/uploads\/2021\/09\/logo-sentinelleSLOGAN-1.png","width":615,"height":142,"caption":"Quotidien La Sentinelle"},"image":{"@id":"https:\/\/lasentinelle.dz\/#\/schema\/logo\/image\/"},"sameAs":["https:\/\/www.facebook.com\/La-Sentinelle-104059864394773"]},{"@type":"Person","@id":"https:\/\/lasentinelle.dz\/#\/schema\/person\/d865044e22e70a75174ce8bcad3acfb3","name":"La Sentinelle","image":{"@type":"ImageObject","inLanguage":"fr-FR","@id":"https:\/\/secure.gravatar.com\/avatar\/57de8e5d4b15d43fb361a71fbb36338450fe67865b528a43dd10ef7c51a20392?s=96&d=mm&r=g","url":"https:\/\/secure.gravatar.com\/avatar\/57de8e5d4b15d43fb361a71fbb36338450fe67865b528a43dd10ef7c51a20392?s=96&d=mm&r=g","contentUrl":"https:\/\/secure.gravatar.com\/avatar\/57de8e5d4b15d43fb361a71fbb36338450fe67865b528a43dd10ef7c51a20392?s=96&d=mm&r=g","caption":"La Sentinelle"},"sameAs":["http:\/\/www.lasentinelle.dz"],"url":"https:\/\/lasentinelle.dz\/author\/redaction\/"}]}},"_links":{"self":[{"href":"https:\/\/lasentinelle.dz\/index.php\/wp-json\/wp\/v2\/posts\/10668","targetHints":{"allow":["GET"]}}],"collection":[{"href":"https:\/\/lasentinelle.dz\/index.php\/wp-json\/wp\/v2\/posts"}],"about":[{"href":"https:\/\/lasentinelle.dz\/index.php\/wp-json\/wp\/v2\/types\/post"}],"author":[{"embeddable":true,"href":"https:\/\/lasentinelle.dz\/index.php\/wp-json\/wp\/v2\/users\/3"}],"replies":[{"embeddable":true,"href":"https:\/\/lasentinelle.dz\/index.php\/wp-json\/wp\/v2\/comments?post=10668"}],"version-history":[{"count":1,"href":"https:\/\/lasentinelle.dz\/index.php\/wp-json\/wp\/v2\/posts\/10668\/revisions"}],"predecessor-version":[{"id":10679,"href":"https:\/\/lasentinelle.dz\/index.php\/wp-json\/wp\/v2\/posts\/10668\/revisions\/10679"}],"wp:featuredmedia":[{"embeddable":true,"href":"https:\/\/lasentinelle.dz\/index.php\/wp-json\/wp\/v2\/media\/10678"}],"wp:attachment":[{"href":"https:\/\/lasentinelle.dz\/index.php\/wp-json\/wp\/v2\/media?parent=10668"}],"wp:term":[{"taxonomy":"category","embeddable":true,"href":"https:\/\/lasentinelle.dz\/index.php\/wp-json\/wp\/v2\/categories?post=10668"},{"taxonomy":"post_tag","embeddable":true,"href":"https:\/\/lasentinelle.dz\/index.php\/wp-json\/wp\/v2\/tags?post=10668"}],"curies":[{"name":"wp","href":"https:\/\/api.w.org\/{rel}","templated":true}]}}