{"id":10675,"date":"2021-10-14T00:01:00","date_gmt":"2021-10-13T23:01:00","guid":{"rendered":"https:\/\/lasentinelle.dz\/?p=10675"},"modified":"2021-10-13T16:47:37","modified_gmt":"2021-10-13T15:47:37","slug":"dispositif-de-lutte-contre-les-inondations-el-bouni-prend-les-devants","status":"publish","type":"post","link":"https:\/\/lasentinelle.dz\/index.php\/2021\/10\/14\/dispositif-de-lutte-contre-les-inondations-el-bouni-prend-les-devants\/","title":{"rendered":"Dispositif de lutte contre les inondations : El Bouni prend les devants"},"content":{"rendered":"\n<p>La saison des pluies&nbsp; s\u2019est d\u00e9j\u00e0 install\u00e9e et avec elle les risques d\u2019inondations. Un spectre qui plane sur tout le territoire de la wilaya d\u2019Annaba, la commune d\u2019El Bouni entre autres.&nbsp; Les responsables locaux de cette commune, ont d\u00e9cid\u00e9 pour cette ann\u00e9e, d\u2019anticiper en \u00e9laborant un plan d\u2019action en pr\u00e9vision d\u2019\u00e9ventuels sinistres.&nbsp; Il faut souligner que la wilaya d\u2019Annaba, garde encore les s\u00e9quelles des inondations&nbsp; de 2019 qui ont touch\u00e9 de plein fouet la wilaya, affectant notamment les communes de Sidi Amar, El Hadjar et El Bouni. Des zones entre autres situ\u00e9es en Basse-Terre et qui sont au c\u0153ur du r\u00e9seau de canaux d\u2019\u00e9vacuation des eaux pluviales. Une position qui les rend d\u2019autant plus vuln\u00e9rables et sujettes aux inondations. Le plan d\u2019urgence contre les inondations de la wilaya \u00e9tant partiellement inadapt\u00e9 \u00e0 la nature du terrain et en pr\u00e9vision des conditions climatiques impr\u00e9visibles, la commune d\u2019El Bouni a pris toutes les dispositions afin de mettre en place un programme sp\u00e9cifique pour pallier aux catastrophes naturelles. Un listing des zones \u00e0 risque a \u00e9t\u00e9&nbsp; dress\u00e9, permettant aux responsables de la commune d\u2019El Bouni de lancer une s\u00e9rie de travaux d\u2019am\u00e9nagement, afin&nbsp; de pr\u00e9venir les inondations et dans le meilleur des cas endiguer les risques.&nbsp; D\u2019importants moyens humains et mat\u00e9riels sont, depuis plusieurs jours mobilis\u00e9s, pour le curage des avaloirs et de tous les r\u00e9seaux d\u2019\u00e9vacuation des eaux de pluies. Au-del\u00e0, des dizaines de camions, des engins de d\u00e9blayage et des ambulances ont \u00e9t\u00e9 r\u00e9serv\u00e9s exclusivement, pour faire face \u00e0 toute \u00e9ventualit\u00e9. Selon les explications apport\u00e9es par le P\/APC de cette commune \u00ab&nbsp;rien ne doit \u00eatre laiss\u00e9 au hasard.&nbsp; Tout un personnel op\u00e9rationnel&nbsp; est sur place et un syst\u00e8me de rel\u00e8ve 24H\/ 24 est mis en place afin d\u2019intervenir en temps r\u00e9el, en cas d\u2019incident&nbsp;\u00bb. Selon le pr\u00e9sident de l\u2019APC de la plus grande commune de la wilaya d\u2019Annaba, \u00ab&nbsp;\u00e0&nbsp; travers ce double plan&nbsp; d\u2019action et de secours, l\u2019APC&nbsp; est d\u00e9sormais en mesure de mieux g\u00e9rer ses ressources humaines et techniques en cas de catastrophe&nbsp;\u00bb.&nbsp; Pour notre interlocuteur, l\u2019organisation de mani\u00e8re rapide et efficace des op\u00e9rations de secours, leur fait gagner du temps et par cons\u00e9quent, permet d\u2019intervenir plus rapidement en cas de catastrophe ( Inondation). Ce dispositif de lutte contre les inondations et autres risques li\u00e9s&nbsp; aux conditions climatiques, sera maintenu tout le long de la p\u00e9riode hivernale. Un travail coordonn\u00e9 \u00e9videmment&nbsp; par une cellule d\u2019urgence compos\u00e9e des repr\u00e9sentants de l\u2019APC, la Protection civile, l\u2019Alg\u00e9rienne des eaux (ADE) et l\u2019Office national de l&rsquo;assainissement (ONA), ont pr\u00e9cis\u00e9 les m\u00eames sources. Pour rappel, les mauvaises conditions climatiques qui ont caract\u00e9ris\u00e9es en 2019 et 2020 dans la wilaya d\u2019Annaba, ont caus\u00e9 la mort d\u2019une femme&nbsp; et de sa fille qui ont \u00e9t\u00e9 emport\u00e9es par les eaux de pluies \u00e0 El Kalitoussa.&nbsp; Pendant qu\u2019un homme&nbsp; a&nbsp; \u00e9t\u00e9 emport\u00e9 par les eaux de l\u2019oued en cru quia inond\u00e9 les habitations \u00e0 El Bouni. Les eaux de l\u2019oued ont aussi inond\u00e9 le complexe El Hadjar, occasionnant l\u2019arr\u00eat du HFn\u00b02. Les fortes pluies qui s\u2019\u00e9taient accompagn\u00e9es de&nbsp; violents vents, ont occasionn\u00e9 d&rsquo;importants d\u00e9g\u00e2ts, dont l\u2019effondrement d\u2019un pyl\u00f4ne et la destruction d&rsquo;une cabine du t\u00e9l\u00e9ph\u00e9rique, reliant la commune de S\u00e9raidi \u00e0 Annaba. Cet \u00e9quipement de transport est jusqu\u2019\u00e0 aujourd\u2019hui \u00e0 l\u2019arr\u00eat.<\/p>\n\n\n\n<p><strong>S. Chahine<\/strong><\/p>\n","protected":false},"excerpt":{"rendered":"<p>La saison des pluies&nbsp; s\u2019est d\u00e9j\u00e0 install\u00e9e et avec elle les risques d\u2019inondations. Un spectre qui plane sur tout le<\/p>\n","protected":false},"author":3,"featured_media":10680,"comment_status":"open","ping_status":"closed","sticky":false,"template":"","format":"standard","meta":{"colormag_page_container_layout":"default_layout","colormag_page_sidebar_layout":"default_layout","om_disable_all_campaigns":false,"_monsterinsights_skip_tracking":false,"_monsterinsights_sitenote_active":false,"_monsterinsights_sitenote_note":"","_monsterinsights_sitenote_category":0,"footnotes":"","_wpscppro_dont_share_socialmedia":false,"_wpscppro_custom_social_share_image":0,"_facebook_share_type":"","_twitter_share_type":"","_linkedin_share_type":"","_pinterest_share_type":"","_linkedin_share_type_page":"","_instagram_share_type":"","_medium_share_type":"","_threads_share_type":"","_google_business_share_type":"","_selected_social_profile":[],"_wpsp_enable_custom_social_template":false,"_wpsp_social_scheduling":{"enabled":false,"datetime":null,"platforms":[],"status":"template_only","dateOption":"today","timeOption":"now","customDays":"","customHours":"","customDate":"","customTime":"","schedulingType":"absolute"},"_wpsp_active_default_template":true},"categories":[31],"tags":[],"class_list":["post-10675","post","type-post","status-publish","format-standard","has-post-thumbnail","hentry","category-regions"],"aioseo_notices":[],"yoast_head":"<!-- This site is optimized with the Yoast SEO plugin v27.5 - https:\/\/yoast.com\/product\/yoast-seo-wordpress\/ -->\n<title>Dispositif de lutte contre les inondations : El Bouni prend les devants - La Sentinelle<\/title>\n<meta name=\"robots\" content=\"index, follow, max-snippet:-1, max-image-preview:large, max-video-preview:-1\" \/>\n<link rel=\"canonical\" href=\"https:\/\/lasentinelle.dz\/index.php\/2021\/10\/14\/dispositif-de-lutte-contre-les-inondations-el-bouni-prend-les-devants\/\" \/>\n<meta property=\"og:locale\" content=\"fr_FR\" \/>\n<meta property=\"og:type\" content=\"article\" \/>\n<meta property=\"og:title\" content=\"Dispositif de lutte contre les inondations : El Bouni prend les devants - La Sentinelle\" \/>\n<meta property=\"og:description\" content=\"La saison des pluies&nbsp; s\u2019est d\u00e9j\u00e0 install\u00e9e et avec elle les risques d\u2019inondations. Un spectre qui plane sur tout le\" \/>\n<meta property=\"og:url\" content=\"https:\/\/lasentinelle.dz\/index.php\/2021\/10\/14\/dispositif-de-lutte-contre-les-inondations-el-bouni-prend-les-devants\/\" \/>\n<meta property=\"og:site_name\" content=\"La Sentinelle\" \/>\n<meta property=\"article:publisher\" content=\"https:\/\/www.facebook.com\/La-Sentinelle-104059864394773\" \/>\n<meta property=\"article:published_time\" content=\"2021-10-13T23:01:00+00:00\" \/>\n<meta property=\"og:image\" content=\"https:\/\/lasentinelle.dz\/wp-content\/uploads\/2021\/10\/image_2021-10-13_164723.png\" \/>\n\t<meta property=\"og:image:width\" content=\"812\" \/>\n\t<meta property=\"og:image:height\" content=\"540\" \/>\n\t<meta property=\"og:image:type\" content=\"image\/png\" \/>\n<meta name=\"author\" content=\"La Sentinelle\" \/>\n<meta name=\"twitter:card\" content=\"summary_large_image\" \/>\n<meta name=\"twitter:label1\" content=\"\u00c9crit par\" \/>\n\t<meta name=\"twitter:data1\" content=\"La Sentinelle\" \/>\n\t<meta name=\"twitter:label2\" content=\"Dur\u00e9e de lecture estim\u00e9e\" \/>\n\t<meta name=\"twitter:data2\" content=\"3 minutes\" \/>\n<script type=\"application\/ld+json\" class=\"yoast-schema-graph\">{\"@context\":\"https:\\\/\\\/schema.org\",\"@graph\":[{\"@type\":\"Article\",\"@id\":\"https:\\\/\\\/lasentinelle.dz\\\/index.php\\\/2021\\\/10\\\/14\\\/dispositif-de-lutte-contre-les-inondations-el-bouni-prend-les-devants\\\/#article\",\"isPartOf\":{\"@id\":\"https:\\\/\\\/lasentinelle.dz\\\/index.php\\\/2021\\\/10\\\/14\\\/dispositif-de-lutte-contre-les-inondations-el-bouni-prend-les-devants\\\/\"},\"author\":{\"name\":\"La Sentinelle\",\"@id\":\"https:\\\/\\\/lasentinelle.dz\\\/#\\\/schema\\\/person\\\/d865044e22e70a75174ce8bcad3acfb3\"},\"headline\":\"Dispositif de lutte contre les inondations : El Bouni prend les devants\",\"datePublished\":\"2021-10-13T23:01:00+00:00\",\"mainEntityOfPage\":{\"@id\":\"https:\\\/\\\/lasentinelle.dz\\\/index.php\\\/2021\\\/10\\\/14\\\/dispositif-de-lutte-contre-les-inondations-el-bouni-prend-les-devants\\\/\"},\"wordCount\":652,\"commentCount\":0,\"publisher\":{\"@id\":\"https:\\\/\\\/lasentinelle.dz\\\/#organization\"},\"image\":{\"@id\":\"https:\\\/\\\/lasentinelle.dz\\\/index.php\\\/2021\\\/10\\\/14\\\/dispositif-de-lutte-contre-les-inondations-el-bouni-prend-les-devants\\\/#primaryimage\"},\"thumbnailUrl\":\"https:\\\/\\\/lasentinelle.dz\\\/wp-content\\\/uploads\\\/2021\\\/10\\\/image_2021-10-13_164723.png\",\"articleSection\":[\"R\u00e9gions\"],\"inLanguage\":\"fr-FR\",\"potentialAction\":[{\"@type\":\"CommentAction\",\"name\":\"Comment\",\"target\":[\"https:\\\/\\\/lasentinelle.dz\\\/index.php\\\/2021\\\/10\\\/14\\\/dispositif-de-lutte-contre-les-inondations-el-bouni-prend-les-devants\\\/#respond\"]}]},{\"@type\":\"WebPage\",\"@id\":\"https:\\\/\\\/lasentinelle.dz\\\/index.php\\\/2021\\\/10\\\/14\\\/dispositif-de-lutte-contre-les-inondations-el-bouni-prend-les-devants\\\/\",\"url\":\"https:\\\/\\\/lasentinelle.dz\\\/index.php\\\/2021\\\/10\\\/14\\\/dispositif-de-lutte-contre-les-inondations-el-bouni-prend-les-devants\\\/\",\"name\":\"Dispositif de lutte contre les inondations : El Bouni prend les devants - La Sentinelle\",\"isPartOf\":{\"@id\":\"https:\\\/\\\/lasentinelle.dz\\\/#website\"},\"primaryImageOfPage\":{\"@id\":\"https:\\\/\\\/lasentinelle.dz\\\/index.php\\\/2021\\\/10\\\/14\\\/dispositif-de-lutte-contre-les-inondations-el-bouni-prend-les-devants\\\/#primaryimage\"},\"image\":{\"@id\":\"https:\\\/\\\/lasentinelle.dz\\\/index.php\\\/2021\\\/10\\\/14\\\/dispositif-de-lutte-contre-les-inondations-el-bouni-prend-les-devants\\\/#primaryimage\"},\"thumbnailUrl\":\"https:\\\/\\\/lasentinelle.dz\\\/wp-content\\\/uploads\\\/2021\\\/10\\\/image_2021-10-13_164723.png\",\"datePublished\":\"2021-10-13T23:01:00+00:00\",\"breadcrumb\":{\"@id\":\"https:\\\/\\\/lasentinelle.dz\\\/index.php\\\/2021\\\/10\\\/14\\\/dispositif-de-lutte-contre-les-inondations-el-bouni-prend-les-devants\\\/#breadcrumb\"},\"inLanguage\":\"fr-FR\",\"potentialAction\":[{\"@type\":\"ReadAction\",\"target\":[\"https:\\\/\\\/lasentinelle.dz\\\/index.php\\\/2021\\\/10\\\/14\\\/dispositif-de-lutte-contre-les-inondations-el-bouni-prend-les-devants\\\/\"]}]},{\"@type\":\"ImageObject\",\"inLanguage\":\"fr-FR\",\"@id\":\"https:\\\/\\\/lasentinelle.dz\\\/index.php\\\/2021\\\/10\\\/14\\\/dispositif-de-lutte-contre-les-inondations-el-bouni-prend-les-devants\\\/#primaryimage\",\"url\":\"https:\\\/\\\/lasentinelle.dz\\\/wp-content\\\/uploads\\\/2021\\\/10\\\/image_2021-10-13_164723.png\",\"contentUrl\":\"https:\\\/\\\/lasentinelle.dz\\\/wp-content\\\/uploads\\\/2021\\\/10\\\/image_2021-10-13_164723.png\",\"width\":812,\"height\":540},{\"@type\":\"BreadcrumbList\",\"@id\":\"https:\\\/\\\/lasentinelle.dz\\\/index.php\\\/2021\\\/10\\\/14\\\/dispositif-de-lutte-contre-les-inondations-el-bouni-prend-les-devants\\\/#breadcrumb\",\"itemListElement\":[{\"@type\":\"ListItem\",\"position\":1,\"name\":\"Accueil\",\"item\":\"https:\\\/\\\/lasentinelle.dz\\\/\"},{\"@type\":\"ListItem\",\"position\":2,\"name\":\"Dispositif de lutte contre les inondations : El Bouni prend les devants\"}]},{\"@type\":\"WebSite\",\"@id\":\"https:\\\/\\\/lasentinelle.dz\\\/#website\",\"url\":\"https:\\\/\\\/lasentinelle.dz\\\/\",\"name\":\"La Sentinelle\",\"description\":\"Quotidien national d&#039;information\",\"publisher\":{\"@id\":\"https:\\\/\\\/lasentinelle.dz\\\/#organization\"},\"potentialAction\":[{\"@type\":\"SearchAction\",\"target\":{\"@type\":\"EntryPoint\",\"urlTemplate\":\"https:\\\/\\\/lasentinelle.dz\\\/?s={search_term_string}\"},\"query-input\":{\"@type\":\"PropertyValueSpecification\",\"valueRequired\":true,\"valueName\":\"search_term_string\"}}],\"inLanguage\":\"fr-FR\"},{\"@type\":\"Organization\",\"@id\":\"https:\\\/\\\/lasentinelle.dz\\\/#organization\",\"name\":\"Quotidien La Sentinelle\",\"url\":\"https:\\\/\\\/lasentinelle.dz\\\/\",\"logo\":{\"@type\":\"ImageObject\",\"inLanguage\":\"fr-FR\",\"@id\":\"https:\\\/\\\/lasentinelle.dz\\\/#\\\/schema\\\/logo\\\/image\\\/\",\"url\":\"https:\\\/\\\/lasentinelle.dz\\\/wp-content\\\/uploads\\\/2021\\\/09\\\/logo-sentinelleSLOGAN-1.png\",\"contentUrl\":\"https:\\\/\\\/lasentinelle.dz\\\/wp-content\\\/uploads\\\/2021\\\/09\\\/logo-sentinelleSLOGAN-1.png\",\"width\":615,\"height\":142,\"caption\":\"Quotidien La Sentinelle\"},\"image\":{\"@id\":\"https:\\\/\\\/lasentinelle.dz\\\/#\\\/schema\\\/logo\\\/image\\\/\"},\"sameAs\":[\"https:\\\/\\\/www.facebook.com\\\/La-Sentinelle-104059864394773\"]},{\"@type\":\"Person\",\"@id\":\"https:\\\/\\\/lasentinelle.dz\\\/#\\\/schema\\\/person\\\/d865044e22e70a75174ce8bcad3acfb3\",\"name\":\"La Sentinelle\",\"image\":{\"@type\":\"ImageObject\",\"inLanguage\":\"fr-FR\",\"@id\":\"https:\\\/\\\/secure.gravatar.com\\\/avatar\\\/57de8e5d4b15d43fb361a71fbb36338450fe67865b528a43dd10ef7c51a20392?s=96&d=mm&r=g\",\"url\":\"https:\\\/\\\/secure.gravatar.com\\\/avatar\\\/57de8e5d4b15d43fb361a71fbb36338450fe67865b528a43dd10ef7c51a20392?s=96&d=mm&r=g\",\"contentUrl\":\"https:\\\/\\\/secure.gravatar.com\\\/avatar\\\/57de8e5d4b15d43fb361a71fbb36338450fe67865b528a43dd10ef7c51a20392?s=96&d=mm&r=g\",\"caption\":\"La Sentinelle\"},\"sameAs\":[\"http:\\\/\\\/www.lasentinelle.dz\"],\"url\":\"https:\\\/\\\/lasentinelle.dz\\\/author\\\/redaction\\\/\"}]}<\/script>\n<!-- \/ Yoast SEO plugin. -->","yoast_head_json":{"title":"Dispositif de lutte contre les inondations : El Bouni prend les devants - La Sentinelle","robots":{"index":"index","follow":"follow","max-snippet":"max-snippet:-1","max-image-preview":"max-image-preview:large","max-video-preview":"max-video-preview:-1"},"canonical":"https:\/\/lasentinelle.dz\/index.php\/2021\/10\/14\/dispositif-de-lutte-contre-les-inondations-el-bouni-prend-les-devants\/","og_locale":"fr_FR","og_type":"article","og_title":"Dispositif de lutte contre les inondations : El Bouni prend les devants - La Sentinelle","og_description":"La saison des pluies&nbsp; s\u2019est d\u00e9j\u00e0 install\u00e9e et avec elle les risques d\u2019inondations. Un spectre qui plane sur tout le","og_url":"https:\/\/lasentinelle.dz\/index.php\/2021\/10\/14\/dispositif-de-lutte-contre-les-inondations-el-bouni-prend-les-devants\/","og_site_name":"La Sentinelle","article_publisher":"https:\/\/www.facebook.com\/La-Sentinelle-104059864394773","article_published_time":"2021-10-13T23:01:00+00:00","og_image":[{"width":812,"height":540,"url":"https:\/\/lasentinelle.dz\/wp-content\/uploads\/2021\/10\/image_2021-10-13_164723.png","type":"image\/png"}],"author":"La Sentinelle","twitter_card":"summary_large_image","twitter_misc":{"\u00c9crit par":"La Sentinelle","Dur\u00e9e de lecture estim\u00e9e":"3 minutes"},"schema":{"@context":"https:\/\/schema.org","@graph":[{"@type":"Article","@id":"https:\/\/lasentinelle.dz\/index.php\/2021\/10\/14\/dispositif-de-lutte-contre-les-inondations-el-bouni-prend-les-devants\/#article","isPartOf":{"@id":"https:\/\/lasentinelle.dz\/index.php\/2021\/10\/14\/dispositif-de-lutte-contre-les-inondations-el-bouni-prend-les-devants\/"},"author":{"name":"La Sentinelle","@id":"https:\/\/lasentinelle.dz\/#\/schema\/person\/d865044e22e70a75174ce8bcad3acfb3"},"headline":"Dispositif de lutte contre les inondations : El Bouni prend les devants","datePublished":"2021-10-13T23:01:00+00:00","mainEntityOfPage":{"@id":"https:\/\/lasentinelle.dz\/index.php\/2021\/10\/14\/dispositif-de-lutte-contre-les-inondations-el-bouni-prend-les-devants\/"},"wordCount":652,"commentCount":0,"publisher":{"@id":"https:\/\/lasentinelle.dz\/#organization"},"image":{"@id":"https:\/\/lasentinelle.dz\/index.php\/2021\/10\/14\/dispositif-de-lutte-contre-les-inondations-el-bouni-prend-les-devants\/#primaryimage"},"thumbnailUrl":"https:\/\/lasentinelle.dz\/wp-content\/uploads\/2021\/10\/image_2021-10-13_164723.png","articleSection":["R\u00e9gions"],"inLanguage":"fr-FR","potentialAction":[{"@type":"CommentAction","name":"Comment","target":["https:\/\/lasentinelle.dz\/index.php\/2021\/10\/14\/dispositif-de-lutte-contre-les-inondations-el-bouni-prend-les-devants\/#respond"]}]},{"@type":"WebPage","@id":"https:\/\/lasentinelle.dz\/index.php\/2021\/10\/14\/dispositif-de-lutte-contre-les-inondations-el-bouni-prend-les-devants\/","url":"https:\/\/lasentinelle.dz\/index.php\/2021\/10\/14\/dispositif-de-lutte-contre-les-inondations-el-bouni-prend-les-devants\/","name":"Dispositif de lutte contre les inondations : El Bouni prend les devants - La Sentinelle","isPartOf":{"@id":"https:\/\/lasentinelle.dz\/#website"},"primaryImageOfPage":{"@id":"https:\/\/lasentinelle.dz\/index.php\/2021\/10\/14\/dispositif-de-lutte-contre-les-inondations-el-bouni-prend-les-devants\/#primaryimage"},"image":{"@id":"https:\/\/lasentinelle.dz\/index.php\/2021\/10\/14\/dispositif-de-lutte-contre-les-inondations-el-bouni-prend-les-devants\/#primaryimage"},"thumbnailUrl":"https:\/\/lasentinelle.dz\/wp-content\/uploads\/2021\/10\/image_2021-10-13_164723.png","datePublished":"2021-10-13T23:01:00+00:00","breadcrumb":{"@id":"https:\/\/lasentinelle.dz\/index.php\/2021\/10\/14\/dispositif-de-lutte-contre-les-inondations-el-bouni-prend-les-devants\/#breadcrumb"},"inLanguage":"fr-FR","potentialAction":[{"@type":"ReadAction","target":["https:\/\/lasentinelle.dz\/index.php\/2021\/10\/14\/dispositif-de-lutte-contre-les-inondations-el-bouni-prend-les-devants\/"]}]},{"@type":"ImageObject","inLanguage":"fr-FR","@id":"https:\/\/lasentinelle.dz\/index.php\/2021\/10\/14\/dispositif-de-lutte-contre-les-inondations-el-bouni-prend-les-devants\/#primaryimage","url":"https:\/\/lasentinelle.dz\/wp-content\/uploads\/2021\/10\/image_2021-10-13_164723.png","contentUrl":"https:\/\/lasentinelle.dz\/wp-content\/uploads\/2021\/10\/image_2021-10-13_164723.png","width":812,"height":540},{"@type":"BreadcrumbList","@id":"https:\/\/lasentinelle.dz\/index.php\/2021\/10\/14\/dispositif-de-lutte-contre-les-inondations-el-bouni-prend-les-devants\/#breadcrumb","itemListElement":[{"@type":"ListItem","position":1,"name":"Accueil","item":"https:\/\/lasentinelle.dz\/"},{"@type":"ListItem","position":2,"name":"Dispositif de lutte contre les inondations : El Bouni prend les devants"}]},{"@type":"WebSite","@id":"https:\/\/lasentinelle.dz\/#website","url":"https:\/\/lasentinelle.dz\/","name":"La Sentinelle","description":"Quotidien national d&#039;information","publisher":{"@id":"https:\/\/lasentinelle.dz\/#organization"},"potentialAction":[{"@type":"SearchAction","target":{"@type":"EntryPoint","urlTemplate":"https:\/\/lasentinelle.dz\/?s={search_term_string}"},"query-input":{"@type":"PropertyValueSpecification","valueRequired":true,"valueName":"search_term_string"}}],"inLanguage":"fr-FR"},{"@type":"Organization","@id":"https:\/\/lasentinelle.dz\/#organization","name":"Quotidien La Sentinelle","url":"https:\/\/lasentinelle.dz\/","logo":{"@type":"ImageObject","inLanguage":"fr-FR","@id":"https:\/\/lasentinelle.dz\/#\/schema\/logo\/image\/","url":"https:\/\/lasentinelle.dz\/wp-content\/uploads\/2021\/09\/logo-sentinelleSLOGAN-1.png","contentUrl":"https:\/\/lasentinelle.dz\/wp-content\/uploads\/2021\/09\/logo-sentinelleSLOGAN-1.png","width":615,"height":142,"caption":"Quotidien La Sentinelle"},"image":{"@id":"https:\/\/lasentinelle.dz\/#\/schema\/logo\/image\/"},"sameAs":["https:\/\/www.facebook.com\/La-Sentinelle-104059864394773"]},{"@type":"Person","@id":"https:\/\/lasentinelle.dz\/#\/schema\/person\/d865044e22e70a75174ce8bcad3acfb3","name":"La Sentinelle","image":{"@type":"ImageObject","inLanguage":"fr-FR","@id":"https:\/\/secure.gravatar.com\/avatar\/57de8e5d4b15d43fb361a71fbb36338450fe67865b528a43dd10ef7c51a20392?s=96&d=mm&r=g","url":"https:\/\/secure.gravatar.com\/avatar\/57de8e5d4b15d43fb361a71fbb36338450fe67865b528a43dd10ef7c51a20392?s=96&d=mm&r=g","contentUrl":"https:\/\/secure.gravatar.com\/avatar\/57de8e5d4b15d43fb361a71fbb36338450fe67865b528a43dd10ef7c51a20392?s=96&d=mm&r=g","caption":"La Sentinelle"},"sameAs":["http:\/\/www.lasentinelle.dz"],"url":"https:\/\/lasentinelle.dz\/author\/redaction\/"}]}},"_links":{"self":[{"href":"https:\/\/lasentinelle.dz\/index.php\/wp-json\/wp\/v2\/posts\/10675","targetHints":{"allow":["GET"]}}],"collection":[{"href":"https:\/\/lasentinelle.dz\/index.php\/wp-json\/wp\/v2\/posts"}],"about":[{"href":"https:\/\/lasentinelle.dz\/index.php\/wp-json\/wp\/v2\/types\/post"}],"author":[{"embeddable":true,"href":"https:\/\/lasentinelle.dz\/index.php\/wp-json\/wp\/v2\/users\/3"}],"replies":[{"embeddable":true,"href":"https:\/\/lasentinelle.dz\/index.php\/wp-json\/wp\/v2\/comments?post=10675"}],"version-history":[{"count":1,"href":"https:\/\/lasentinelle.dz\/index.php\/wp-json\/wp\/v2\/posts\/10675\/revisions"}],"predecessor-version":[{"id":10681,"href":"https:\/\/lasentinelle.dz\/index.php\/wp-json\/wp\/v2\/posts\/10675\/revisions\/10681"}],"wp:featuredmedia":[{"embeddable":true,"href":"https:\/\/lasentinelle.dz\/index.php\/wp-json\/wp\/v2\/media\/10680"}],"wp:attachment":[{"href":"https:\/\/lasentinelle.dz\/index.php\/wp-json\/wp\/v2\/media?parent=10675"}],"wp:term":[{"taxonomy":"category","embeddable":true,"href":"https:\/\/lasentinelle.dz\/index.php\/wp-json\/wp\/v2\/categories?post=10675"},{"taxonomy":"post_tag","embeddable":true,"href":"https:\/\/lasentinelle.dz\/index.php\/wp-json\/wp\/v2\/tags?post=10675"}],"curies":[{"name":"wp","href":"https:\/\/api.w.org\/{rel}","templated":true}]}}