{"id":10676,"date":"2021-10-14T00:01:00","date_gmt":"2021-10-13T23:01:00","guid":{"rendered":"https:\/\/lasentinelle.dz\/?p=10676"},"modified":"2021-10-13T17:40:10","modified_gmt":"2021-10-13T16:40:10","slug":"maroc-debut-du-proces-en-appel-du-journaliste-soulaimanraissouni","status":"publish","type":"post","link":"https:\/\/lasentinelle.dz\/index.php\/2021\/10\/14\/maroc-debut-du-proces-en-appel-du-journaliste-soulaimanraissouni\/","title":{"rendered":"Maroc : D\u00e9but du proc\u00e8s en appel du journaliste SoulaimanRaissouni"},"content":{"rendered":"\n<p>Le proc\u00e8s en appel du journaliste marocain, SoulaimanRaissouni, condamn\u00e9 \u00e0 5 ans de prison par le Tribunal de premi\u00e8re instance de Casablanca, s\u2019est ouvert hier sur fond d&rsquo;appels incessants \u00e0 sa lib\u00e9ration.<\/p>\n\n\n\n<p>Dans ce contexte, le Comit\u00e9 de soutien aux journalistes et militants marocains Ma\u00e2tiMonjib, Omar Radi et SoulaimanRaissouni, avait annonc\u00e9 la tenue d&rsquo;un sit-in de solidarit\u00e9 en faveur des&nbsp; d\u00e9tenus d&rsquo;opinion au Maroc, devant la chambre criminelle de la Cour d&rsquo;appel de Casablanca.&nbsp; En juillet dernier, la justice marocaine avait condamn\u00e9 le journaliste&nbsp; SoulaimaneRaissouni \u00e0 cinq ans de prison pour ses opinions acerbes \u00e0 l&rsquo;encontre du r\u00e9gime marocain, alors qu&rsquo;il \u00e9tait en gr\u00e8ve de la faim depuis 93 jours.Plusieurs ONG ont appel\u00e9 \u00e0 la lib\u00e9ration de Raissouni sans conditions et sans d\u00e9lai afin qu&rsquo;il puisse, entre autres, assurer sa d\u00e9fense.<\/p>\n\n\n\n<p>Dans un communiqu\u00e9 rendu public lundi, le comit\u00e9 France de soutien \u00e0 Ma\u00e2tiMonjib, Omar Radi et SoulaimanRaissouni a exprim\u00e9 toute sa solidarit\u00e9 au journaliste \u00e0 l&rsquo;occasion du jugement en appel qui aura lieu ce mercredi.\u00a0\u00bbEn raison du refus du juge de donner les moyens \u00e0 SoulaimanRaissouni d&rsquo;\u00eatre pr\u00e9sent \u00e0 l&rsquo;audience de son proc\u00e8s, ce dernier s&rsquo;est vu condamn\u00e9 \u00e0&nbsp; cinq ans de prison ferme sans avoir pu assurer sa d\u00e9fense, ses avocats ayant boycott\u00e9 l&rsquo;audience pour protester contre les m\u00e9thodes de la justice fortement pr\u00e9judiciables au journaliste\u00a0\u00bb, indique le Comit\u00e9 dans un communiqu\u00e9.Il a dit esp\u00e9rer qu\u00a0\u00bb&lsquo;apr\u00e8s les 122 jours de gr\u00e8ve de la faim qu&rsquo;il a men\u00e9e pour d\u00e9noncer ce proc\u00e8s qu&rsquo;il qualifie de politique et d&rsquo;arbitraire, il aura les moyens et la force physique d&rsquo;assurer sa d\u00e9fense afin de prouver son innocence\u00a0\u00bb.Selon le Comit\u00e9, le journaliste emprisonn\u00e9 depuis plus de seize mois, est d\u00e9tenu dans des conditions de d\u00e9tention cruelles et inhumaines.<\/p>\n\n\n\n<p>De son c\u00f4t\u00e9, l&rsquo;organisation Reporters sans fronti\u00e8res (RSF) a demand\u00e9, que \u00ab\u00a0l&rsquo;ancien r\u00e9dacteur en chef emprisonn\u00e9, encore tr\u00e8s affaibli par une longue gr\u00e8ve de la faim, puisse b\u00e9n\u00e9ficier d&rsquo;un proc\u00e8s juste et \u00e9quitable\u00a0\u00bb. Dans un communiqu\u00e9 publi\u00e9 mardi, RSF rappelle que le journaliste, accus\u00e9&nbsp; d&rsquo;agression sexuelle qu&rsquo;il a toujours ni\u00e9e, a \u00e9t\u00e9 condamn\u00e9, le 10 juillet, \u00e0 cinq ans de prison au terme d&rsquo;un proc\u00e8s de quatre mois, \u00ab\u00a0entach\u00e9 d&rsquo;irr\u00e9gularit\u00e9s manifestes\u00a0\u00bb.\u00a0\u00bbCe nouveau proc\u00e8s est une occasion unique de compenser les nombreuses irr\u00e9gularit\u00e9s de proc\u00e9dure qui ont \u00e9t\u00e9 jusqu&rsquo;\u00e0 pr\u00e9sent constat\u00e9es\u00a0\u00bb, a&nbsp; d\u00e9clar\u00e9SouhaiebKhayati, responsable du bureau Afrique du Nord de RSF. \u00ab\u00a0Permettre \u00e0 SoulaimanRaissouni de b\u00e9n\u00e9ficier d&rsquo;un proc\u00e8s juste et \u00e9quitable, alors que son \u00e9tat de sant\u00e9 est toujours extr\u00eamement pr\u00e9occupant, est une n\u00e9cessit\u00e9 qui s&rsquo;impose. La place de SoulaimanRaissouni n&rsquo;est pas en prison\u00a0\u00bb, rel\u00e8ve SouhaiebKhayati.L&rsquo;ONG rappelle, en outre, que lors de son premier proc\u00e8s \u00ab\u00a0Raissouni n&rsquo;\u00e9tait pas pr\u00e9sent au tribunal pour entendre le jugement parce qu&rsquo;il \u00e9tait&nbsp; extr\u00eamement faible \u00e0 cause de sa gr\u00e8ve de la faim et qu&rsquo;il s&rsquo;est vu refuser sa demande d&rsquo;\u00eatre emmen\u00e9 au tribunal dans une ambulance et d&rsquo;avoir un fauteuil roulant\u00a0\u00bb.&nbsp;<\/p>\n\n\n\n<p><strong>R.I.<\/strong><\/p>\n","protected":false},"excerpt":{"rendered":"<p>Le proc\u00e8s en appel du journaliste marocain, SoulaimanRaissouni, condamn\u00e9 \u00e0 5 ans de prison par le Tribunal de premi\u00e8re instance<\/p>\n","protected":false},"author":3,"featured_media":10683,"comment_status":"open","ping_status":"closed","sticky":false,"template":"","format":"standard","meta":{"colormag_page_container_layout":"default_layout","colormag_page_sidebar_layout":"default_layout","om_disable_all_campaigns":false,"_monsterinsights_skip_tracking":false,"_monsterinsights_sitenote_active":false,"_monsterinsights_sitenote_note":"","_monsterinsights_sitenote_category":0,"footnotes":"","_wpscppro_dont_share_socialmedia":false,"_wpscppro_custom_social_share_image":0,"_facebook_share_type":"","_twitter_share_type":"","_linkedin_share_type":"","_pinterest_share_type":"","_linkedin_share_type_page":"","_instagram_share_type":"","_medium_share_type":"","_threads_share_type":"","_google_business_share_type":"","_selected_social_profile":[],"_wpsp_enable_custom_social_template":false,"_wpsp_social_scheduling":{"enabled":false,"datetime":null,"platforms":[],"status":"template_only","dateOption":"today","timeOption":"now","customDays":"","customHours":"","customDate":"","customTime":"","schedulingType":"absolute"},"_wpsp_active_default_template":true},"categories":[37],"tags":[],"class_list":["post-10676","post","type-post","status-publish","format-standard","has-post-thumbnail","hentry","category-monde"],"aioseo_notices":[],"yoast_head":"<!-- This site is optimized with the Yoast SEO plugin v27.5 - https:\/\/yoast.com\/product\/yoast-seo-wordpress\/ -->\n<title>Maroc : D\u00e9but du proc\u00e8s en appel du journaliste SoulaimanRaissouni - La Sentinelle<\/title>\n<meta name=\"robots\" content=\"index, follow, max-snippet:-1, max-image-preview:large, max-video-preview:-1\" \/>\n<link rel=\"canonical\" href=\"https:\/\/lasentinelle.dz\/index.php\/2021\/10\/14\/maroc-debut-du-proces-en-appel-du-journaliste-soulaimanraissouni\/\" \/>\n<meta property=\"og:locale\" content=\"fr_FR\" \/>\n<meta property=\"og:type\" content=\"article\" \/>\n<meta property=\"og:title\" content=\"Maroc : D\u00e9but du proc\u00e8s en appel du journaliste SoulaimanRaissouni - La Sentinelle\" \/>\n<meta property=\"og:description\" content=\"Le proc\u00e8s en appel du journaliste marocain, SoulaimanRaissouni, condamn\u00e9 \u00e0 5 ans de prison par le Tribunal de premi\u00e8re instance\" \/>\n<meta property=\"og:url\" content=\"https:\/\/lasentinelle.dz\/index.php\/2021\/10\/14\/maroc-debut-du-proces-en-appel-du-journaliste-soulaimanraissouni\/\" \/>\n<meta property=\"og:site_name\" content=\"La Sentinelle\" \/>\n<meta property=\"article:publisher\" content=\"https:\/\/www.facebook.com\/La-Sentinelle-104059864394773\" \/>\n<meta property=\"article:published_time\" content=\"2021-10-13T23:01:00+00:00\" \/>\n<meta property=\"og:image\" content=\"https:\/\/lasentinelle.dz\/wp-content\/uploads\/2021\/10\/image_2021-10-13_174000.png\" \/>\n\t<meta property=\"og:image:width\" content=\"650\" \/>\n\t<meta property=\"og:image:height\" content=\"340\" \/>\n\t<meta property=\"og:image:type\" content=\"image\/png\" \/>\n<meta name=\"author\" content=\"La Sentinelle\" \/>\n<meta name=\"twitter:card\" content=\"summary_large_image\" \/>\n<meta name=\"twitter:label1\" content=\"\u00c9crit par\" \/>\n\t<meta name=\"twitter:data1\" content=\"La Sentinelle\" \/>\n\t<meta name=\"twitter:label2\" content=\"Dur\u00e9e de lecture estim\u00e9e\" \/>\n\t<meta name=\"twitter:data2\" content=\"3 minutes\" \/>\n<script type=\"application\/ld+json\" class=\"yoast-schema-graph\">{\"@context\":\"https:\\\/\\\/schema.org\",\"@graph\":[{\"@type\":\"Article\",\"@id\":\"https:\\\/\\\/lasentinelle.dz\\\/index.php\\\/2021\\\/10\\\/14\\\/maroc-debut-du-proces-en-appel-du-journaliste-soulaimanraissouni\\\/#article\",\"isPartOf\":{\"@id\":\"https:\\\/\\\/lasentinelle.dz\\\/index.php\\\/2021\\\/10\\\/14\\\/maroc-debut-du-proces-en-appel-du-journaliste-soulaimanraissouni\\\/\"},\"author\":{\"name\":\"La Sentinelle\",\"@id\":\"https:\\\/\\\/lasentinelle.dz\\\/#\\\/schema\\\/person\\\/d865044e22e70a75174ce8bcad3acfb3\"},\"headline\":\"Maroc : D\u00e9but du proc\u00e8s en appel du journaliste SoulaimanRaissouni\",\"datePublished\":\"2021-10-13T23:01:00+00:00\",\"mainEntityOfPage\":{\"@id\":\"https:\\\/\\\/lasentinelle.dz\\\/index.php\\\/2021\\\/10\\\/14\\\/maroc-debut-du-proces-en-appel-du-journaliste-soulaimanraissouni\\\/\"},\"wordCount\":572,\"commentCount\":0,\"publisher\":{\"@id\":\"https:\\\/\\\/lasentinelle.dz\\\/#organization\"},\"image\":{\"@id\":\"https:\\\/\\\/lasentinelle.dz\\\/index.php\\\/2021\\\/10\\\/14\\\/maroc-debut-du-proces-en-appel-du-journaliste-soulaimanraissouni\\\/#primaryimage\"},\"thumbnailUrl\":\"https:\\\/\\\/lasentinelle.dz\\\/wp-content\\\/uploads\\\/2021\\\/10\\\/image_2021-10-13_174000.png\",\"articleSection\":[\"Monde\"],\"inLanguage\":\"fr-FR\",\"potentialAction\":[{\"@type\":\"CommentAction\",\"name\":\"Comment\",\"target\":[\"https:\\\/\\\/lasentinelle.dz\\\/index.php\\\/2021\\\/10\\\/14\\\/maroc-debut-du-proces-en-appel-du-journaliste-soulaimanraissouni\\\/#respond\"]}]},{\"@type\":\"WebPage\",\"@id\":\"https:\\\/\\\/lasentinelle.dz\\\/index.php\\\/2021\\\/10\\\/14\\\/maroc-debut-du-proces-en-appel-du-journaliste-soulaimanraissouni\\\/\",\"url\":\"https:\\\/\\\/lasentinelle.dz\\\/index.php\\\/2021\\\/10\\\/14\\\/maroc-debut-du-proces-en-appel-du-journaliste-soulaimanraissouni\\\/\",\"name\":\"Maroc : D\u00e9but du proc\u00e8s en appel du journaliste SoulaimanRaissouni - La Sentinelle\",\"isPartOf\":{\"@id\":\"https:\\\/\\\/lasentinelle.dz\\\/#website\"},\"primaryImageOfPage\":{\"@id\":\"https:\\\/\\\/lasentinelle.dz\\\/index.php\\\/2021\\\/10\\\/14\\\/maroc-debut-du-proces-en-appel-du-journaliste-soulaimanraissouni\\\/#primaryimage\"},\"image\":{\"@id\":\"https:\\\/\\\/lasentinelle.dz\\\/index.php\\\/2021\\\/10\\\/14\\\/maroc-debut-du-proces-en-appel-du-journaliste-soulaimanraissouni\\\/#primaryimage\"},\"thumbnailUrl\":\"https:\\\/\\\/lasentinelle.dz\\\/wp-content\\\/uploads\\\/2021\\\/10\\\/image_2021-10-13_174000.png\",\"datePublished\":\"2021-10-13T23:01:00+00:00\",\"breadcrumb\":{\"@id\":\"https:\\\/\\\/lasentinelle.dz\\\/index.php\\\/2021\\\/10\\\/14\\\/maroc-debut-du-proces-en-appel-du-journaliste-soulaimanraissouni\\\/#breadcrumb\"},\"inLanguage\":\"fr-FR\",\"potentialAction\":[{\"@type\":\"ReadAction\",\"target\":[\"https:\\\/\\\/lasentinelle.dz\\\/index.php\\\/2021\\\/10\\\/14\\\/maroc-debut-du-proces-en-appel-du-journaliste-soulaimanraissouni\\\/\"]}]},{\"@type\":\"ImageObject\",\"inLanguage\":\"fr-FR\",\"@id\":\"https:\\\/\\\/lasentinelle.dz\\\/index.php\\\/2021\\\/10\\\/14\\\/maroc-debut-du-proces-en-appel-du-journaliste-soulaimanraissouni\\\/#primaryimage\",\"url\":\"https:\\\/\\\/lasentinelle.dz\\\/wp-content\\\/uploads\\\/2021\\\/10\\\/image_2021-10-13_174000.png\",\"contentUrl\":\"https:\\\/\\\/lasentinelle.dz\\\/wp-content\\\/uploads\\\/2021\\\/10\\\/image_2021-10-13_174000.png\",\"width\":650,\"height\":340},{\"@type\":\"BreadcrumbList\",\"@id\":\"https:\\\/\\\/lasentinelle.dz\\\/index.php\\\/2021\\\/10\\\/14\\\/maroc-debut-du-proces-en-appel-du-journaliste-soulaimanraissouni\\\/#breadcrumb\",\"itemListElement\":[{\"@type\":\"ListItem\",\"position\":1,\"name\":\"Accueil\",\"item\":\"https:\\\/\\\/lasentinelle.dz\\\/\"},{\"@type\":\"ListItem\",\"position\":2,\"name\":\"Maroc : D\u00e9but du proc\u00e8s en appel du journaliste SoulaimanRaissouni\"}]},{\"@type\":\"WebSite\",\"@id\":\"https:\\\/\\\/lasentinelle.dz\\\/#website\",\"url\":\"https:\\\/\\\/lasentinelle.dz\\\/\",\"name\":\"La Sentinelle\",\"description\":\"Quotidien national d&#039;information\",\"publisher\":{\"@id\":\"https:\\\/\\\/lasentinelle.dz\\\/#organization\"},\"potentialAction\":[{\"@type\":\"SearchAction\",\"target\":{\"@type\":\"EntryPoint\",\"urlTemplate\":\"https:\\\/\\\/lasentinelle.dz\\\/?s={search_term_string}\"},\"query-input\":{\"@type\":\"PropertyValueSpecification\",\"valueRequired\":true,\"valueName\":\"search_term_string\"}}],\"inLanguage\":\"fr-FR\"},{\"@type\":\"Organization\",\"@id\":\"https:\\\/\\\/lasentinelle.dz\\\/#organization\",\"name\":\"Quotidien La Sentinelle\",\"url\":\"https:\\\/\\\/lasentinelle.dz\\\/\",\"logo\":{\"@type\":\"ImageObject\",\"inLanguage\":\"fr-FR\",\"@id\":\"https:\\\/\\\/lasentinelle.dz\\\/#\\\/schema\\\/logo\\\/image\\\/\",\"url\":\"https:\\\/\\\/lasentinelle.dz\\\/wp-content\\\/uploads\\\/2021\\\/09\\\/logo-sentinelleSLOGAN-1.png\",\"contentUrl\":\"https:\\\/\\\/lasentinelle.dz\\\/wp-content\\\/uploads\\\/2021\\\/09\\\/logo-sentinelleSLOGAN-1.png\",\"width\":615,\"height\":142,\"caption\":\"Quotidien La Sentinelle\"},\"image\":{\"@id\":\"https:\\\/\\\/lasentinelle.dz\\\/#\\\/schema\\\/logo\\\/image\\\/\"},\"sameAs\":[\"https:\\\/\\\/www.facebook.com\\\/La-Sentinelle-104059864394773\"]},{\"@type\":\"Person\",\"@id\":\"https:\\\/\\\/lasentinelle.dz\\\/#\\\/schema\\\/person\\\/d865044e22e70a75174ce8bcad3acfb3\",\"name\":\"La Sentinelle\",\"image\":{\"@type\":\"ImageObject\",\"inLanguage\":\"fr-FR\",\"@id\":\"https:\\\/\\\/secure.gravatar.com\\\/avatar\\\/57de8e5d4b15d43fb361a71fbb36338450fe67865b528a43dd10ef7c51a20392?s=96&d=mm&r=g\",\"url\":\"https:\\\/\\\/secure.gravatar.com\\\/avatar\\\/57de8e5d4b15d43fb361a71fbb36338450fe67865b528a43dd10ef7c51a20392?s=96&d=mm&r=g\",\"contentUrl\":\"https:\\\/\\\/secure.gravatar.com\\\/avatar\\\/57de8e5d4b15d43fb361a71fbb36338450fe67865b528a43dd10ef7c51a20392?s=96&d=mm&r=g\",\"caption\":\"La Sentinelle\"},\"sameAs\":[\"http:\\\/\\\/www.lasentinelle.dz\"],\"url\":\"https:\\\/\\\/lasentinelle.dz\\\/author\\\/redaction\\\/\"}]}<\/script>\n<!-- \/ Yoast SEO plugin. -->","yoast_head_json":{"title":"Maroc : D\u00e9but du proc\u00e8s en appel du journaliste SoulaimanRaissouni - La Sentinelle","robots":{"index":"index","follow":"follow","max-snippet":"max-snippet:-1","max-image-preview":"max-image-preview:large","max-video-preview":"max-video-preview:-1"},"canonical":"https:\/\/lasentinelle.dz\/index.php\/2021\/10\/14\/maroc-debut-du-proces-en-appel-du-journaliste-soulaimanraissouni\/","og_locale":"fr_FR","og_type":"article","og_title":"Maroc : D\u00e9but du proc\u00e8s en appel du journaliste SoulaimanRaissouni - La Sentinelle","og_description":"Le proc\u00e8s en appel du journaliste marocain, SoulaimanRaissouni, condamn\u00e9 \u00e0 5 ans de prison par le Tribunal de premi\u00e8re instance","og_url":"https:\/\/lasentinelle.dz\/index.php\/2021\/10\/14\/maroc-debut-du-proces-en-appel-du-journaliste-soulaimanraissouni\/","og_site_name":"La Sentinelle","article_publisher":"https:\/\/www.facebook.com\/La-Sentinelle-104059864394773","article_published_time":"2021-10-13T23:01:00+00:00","og_image":[{"width":650,"height":340,"url":"https:\/\/lasentinelle.dz\/wp-content\/uploads\/2021\/10\/image_2021-10-13_174000.png","type":"image\/png"}],"author":"La Sentinelle","twitter_card":"summary_large_image","twitter_misc":{"\u00c9crit par":"La Sentinelle","Dur\u00e9e de lecture estim\u00e9e":"3 minutes"},"schema":{"@context":"https:\/\/schema.org","@graph":[{"@type":"Article","@id":"https:\/\/lasentinelle.dz\/index.php\/2021\/10\/14\/maroc-debut-du-proces-en-appel-du-journaliste-soulaimanraissouni\/#article","isPartOf":{"@id":"https:\/\/lasentinelle.dz\/index.php\/2021\/10\/14\/maroc-debut-du-proces-en-appel-du-journaliste-soulaimanraissouni\/"},"author":{"name":"La Sentinelle","@id":"https:\/\/lasentinelle.dz\/#\/schema\/person\/d865044e22e70a75174ce8bcad3acfb3"},"headline":"Maroc : D\u00e9but du proc\u00e8s en appel du journaliste SoulaimanRaissouni","datePublished":"2021-10-13T23:01:00+00:00","mainEntityOfPage":{"@id":"https:\/\/lasentinelle.dz\/index.php\/2021\/10\/14\/maroc-debut-du-proces-en-appel-du-journaliste-soulaimanraissouni\/"},"wordCount":572,"commentCount":0,"publisher":{"@id":"https:\/\/lasentinelle.dz\/#organization"},"image":{"@id":"https:\/\/lasentinelle.dz\/index.php\/2021\/10\/14\/maroc-debut-du-proces-en-appel-du-journaliste-soulaimanraissouni\/#primaryimage"},"thumbnailUrl":"https:\/\/lasentinelle.dz\/wp-content\/uploads\/2021\/10\/image_2021-10-13_174000.png","articleSection":["Monde"],"inLanguage":"fr-FR","potentialAction":[{"@type":"CommentAction","name":"Comment","target":["https:\/\/lasentinelle.dz\/index.php\/2021\/10\/14\/maroc-debut-du-proces-en-appel-du-journaliste-soulaimanraissouni\/#respond"]}]},{"@type":"WebPage","@id":"https:\/\/lasentinelle.dz\/index.php\/2021\/10\/14\/maroc-debut-du-proces-en-appel-du-journaliste-soulaimanraissouni\/","url":"https:\/\/lasentinelle.dz\/index.php\/2021\/10\/14\/maroc-debut-du-proces-en-appel-du-journaliste-soulaimanraissouni\/","name":"Maroc : D\u00e9but du proc\u00e8s en appel du journaliste SoulaimanRaissouni - La Sentinelle","isPartOf":{"@id":"https:\/\/lasentinelle.dz\/#website"},"primaryImageOfPage":{"@id":"https:\/\/lasentinelle.dz\/index.php\/2021\/10\/14\/maroc-debut-du-proces-en-appel-du-journaliste-soulaimanraissouni\/#primaryimage"},"image":{"@id":"https:\/\/lasentinelle.dz\/index.php\/2021\/10\/14\/maroc-debut-du-proces-en-appel-du-journaliste-soulaimanraissouni\/#primaryimage"},"thumbnailUrl":"https:\/\/lasentinelle.dz\/wp-content\/uploads\/2021\/10\/image_2021-10-13_174000.png","datePublished":"2021-10-13T23:01:00+00:00","breadcrumb":{"@id":"https:\/\/lasentinelle.dz\/index.php\/2021\/10\/14\/maroc-debut-du-proces-en-appel-du-journaliste-soulaimanraissouni\/#breadcrumb"},"inLanguage":"fr-FR","potentialAction":[{"@type":"ReadAction","target":["https:\/\/lasentinelle.dz\/index.php\/2021\/10\/14\/maroc-debut-du-proces-en-appel-du-journaliste-soulaimanraissouni\/"]}]},{"@type":"ImageObject","inLanguage":"fr-FR","@id":"https:\/\/lasentinelle.dz\/index.php\/2021\/10\/14\/maroc-debut-du-proces-en-appel-du-journaliste-soulaimanraissouni\/#primaryimage","url":"https:\/\/lasentinelle.dz\/wp-content\/uploads\/2021\/10\/image_2021-10-13_174000.png","contentUrl":"https:\/\/lasentinelle.dz\/wp-content\/uploads\/2021\/10\/image_2021-10-13_174000.png","width":650,"height":340},{"@type":"BreadcrumbList","@id":"https:\/\/lasentinelle.dz\/index.php\/2021\/10\/14\/maroc-debut-du-proces-en-appel-du-journaliste-soulaimanraissouni\/#breadcrumb","itemListElement":[{"@type":"ListItem","position":1,"name":"Accueil","item":"https:\/\/lasentinelle.dz\/"},{"@type":"ListItem","position":2,"name":"Maroc : D\u00e9but du proc\u00e8s en appel du journaliste SoulaimanRaissouni"}]},{"@type":"WebSite","@id":"https:\/\/lasentinelle.dz\/#website","url":"https:\/\/lasentinelle.dz\/","name":"La Sentinelle","description":"Quotidien national d&#039;information","publisher":{"@id":"https:\/\/lasentinelle.dz\/#organization"},"potentialAction":[{"@type":"SearchAction","target":{"@type":"EntryPoint","urlTemplate":"https:\/\/lasentinelle.dz\/?s={search_term_string}"},"query-input":{"@type":"PropertyValueSpecification","valueRequired":true,"valueName":"search_term_string"}}],"inLanguage":"fr-FR"},{"@type":"Organization","@id":"https:\/\/lasentinelle.dz\/#organization","name":"Quotidien La Sentinelle","url":"https:\/\/lasentinelle.dz\/","logo":{"@type":"ImageObject","inLanguage":"fr-FR","@id":"https:\/\/lasentinelle.dz\/#\/schema\/logo\/image\/","url":"https:\/\/lasentinelle.dz\/wp-content\/uploads\/2021\/09\/logo-sentinelleSLOGAN-1.png","contentUrl":"https:\/\/lasentinelle.dz\/wp-content\/uploads\/2021\/09\/logo-sentinelleSLOGAN-1.png","width":615,"height":142,"caption":"Quotidien La Sentinelle"},"image":{"@id":"https:\/\/lasentinelle.dz\/#\/schema\/logo\/image\/"},"sameAs":["https:\/\/www.facebook.com\/La-Sentinelle-104059864394773"]},{"@type":"Person","@id":"https:\/\/lasentinelle.dz\/#\/schema\/person\/d865044e22e70a75174ce8bcad3acfb3","name":"La Sentinelle","image":{"@type":"ImageObject","inLanguage":"fr-FR","@id":"https:\/\/secure.gravatar.com\/avatar\/57de8e5d4b15d43fb361a71fbb36338450fe67865b528a43dd10ef7c51a20392?s=96&d=mm&r=g","url":"https:\/\/secure.gravatar.com\/avatar\/57de8e5d4b15d43fb361a71fbb36338450fe67865b528a43dd10ef7c51a20392?s=96&d=mm&r=g","contentUrl":"https:\/\/secure.gravatar.com\/avatar\/57de8e5d4b15d43fb361a71fbb36338450fe67865b528a43dd10ef7c51a20392?s=96&d=mm&r=g","caption":"La Sentinelle"},"sameAs":["http:\/\/www.lasentinelle.dz"],"url":"https:\/\/lasentinelle.dz\/author\/redaction\/"}]}},"_links":{"self":[{"href":"https:\/\/lasentinelle.dz\/index.php\/wp-json\/wp\/v2\/posts\/10676","targetHints":{"allow":["GET"]}}],"collection":[{"href":"https:\/\/lasentinelle.dz\/index.php\/wp-json\/wp\/v2\/posts"}],"about":[{"href":"https:\/\/lasentinelle.dz\/index.php\/wp-json\/wp\/v2\/types\/post"}],"author":[{"embeddable":true,"href":"https:\/\/lasentinelle.dz\/index.php\/wp-json\/wp\/v2\/users\/3"}],"replies":[{"embeddable":true,"href":"https:\/\/lasentinelle.dz\/index.php\/wp-json\/wp\/v2\/comments?post=10676"}],"version-history":[{"count":1,"href":"https:\/\/lasentinelle.dz\/index.php\/wp-json\/wp\/v2\/posts\/10676\/revisions"}],"predecessor-version":[{"id":10684,"href":"https:\/\/lasentinelle.dz\/index.php\/wp-json\/wp\/v2\/posts\/10676\/revisions\/10684"}],"wp:featuredmedia":[{"embeddable":true,"href":"https:\/\/lasentinelle.dz\/index.php\/wp-json\/wp\/v2\/media\/10683"}],"wp:attachment":[{"href":"https:\/\/lasentinelle.dz\/index.php\/wp-json\/wp\/v2\/media?parent=10676"}],"wp:term":[{"taxonomy":"category","embeddable":true,"href":"https:\/\/lasentinelle.dz\/index.php\/wp-json\/wp\/v2\/categories?post=10676"},{"taxonomy":"post_tag","embeddable":true,"href":"https:\/\/lasentinelle.dz\/index.php\/wp-json\/wp\/v2\/tags?post=10676"}],"curies":[{"name":"wp","href":"https:\/\/api.w.org\/{rel}","templated":true}]}}