{"id":10772,"date":"2021-10-16T00:01:00","date_gmt":"2021-10-15T23:01:00","guid":{"rendered":"https:\/\/lasentinelle.dz\/?p=10772"},"modified":"2021-10-15T16:07:43","modified_gmt":"2021-10-15T15:07:43","slug":"faire-evoluer-le-discours-sur-la-demographie-de-lafrique","status":"publish","type":"post","link":"https:\/\/lasentinelle.dz\/index.php\/2021\/10\/16\/faire-evoluer-le-discours-sur-la-demographie-de-lafrique\/","title":{"rendered":"Faire \u00e9voluer le discours sur la d\u00e9mographie de l\u2019Afrique"},"content":{"rendered":"\n<p><\/p>\n\n\n\n<p><strong>Par Hippolyte Fofack<\/strong><\/p>\n\n\n\n<figure class=\"wp-block-image size-large is-resized\"><img decoding=\"async\" src=\"https:\/\/lasentinelle.dz\/wp-content\/uploads\/2021\/10\/Hippolyte-Fofack-edited.jpeg\" alt=\"\" class=\"wp-image-10774\" width=\"174\" srcset=\"https:\/\/lasentinelle.dz\/wp-content\/uploads\/2021\/10\/Hippolyte-Fofack-edited.jpeg 512w, https:\/\/lasentinelle.dz\/wp-content\/uploads\/2021\/10\/Hippolyte-Fofack-edited-300x169.jpeg 300w\" sizes=\"(max-width: 512px) 100vw, 512px\" \/><figcaption><strong>Hippolyte Fofack<\/strong> est \u00e9conomiste en chef et directeur de recherche au sein de la Banque africaine d\u2019import-export (Afreximbank).<\/figcaption><\/figure>\n\n\n\n<p>Les d\u00e9bats de politique \u00e9conomique autour de l\u2019Afrique sont trop souvent obscurcis par les appels au contr\u00f4le de la d\u00e9mographie ainsi qu\u2019\u00e0 la r\u00e9duction des taux de natalit\u00e9.<\/p>\n\n\n\n<p>Les Nations Unies alimentent la pol\u00e9mique en parlant d\u2019une multiplication par deux d\u2019ici 2050 de la population africaine. En r\u00e9alit\u00e9, les taux de natalit\u00e9 en Afrique ont diminu\u00e9 de plus de 36&nbsp;% depuis 1979, pour atteindre 4,2 enfants par femme, et devraient passer \u00e0 2,1 enfants par femme d\u2019ici la fin de ce si\u00e8cle.<\/p>\n\n\n\n<p>Il est d\u2019ailleurs troublant que tant de commentateurs recommandent un contr\u00f4le de la population dans une r\u00e9gion dont les peuples ont \u00e9t\u00e9 d\u00e9cim\u00e9s pendant des si\u00e8cles par l\u2019esclavage et la colonisation. C\u2019est en partie \u00e0 cause de cet h\u00e9ritage que l\u2019Afrique pr\u00e9sente la plus faible densit\u00e9 de population au monde, avec 46&nbsp;habitants par kilom\u00e8tre carr\u00e9, contre 150 en Asie, et 112 en Europe.<\/p>\n\n\n\n<p>Statistique beaucoup plus significative, l\u2019Afrique se d\u00e9marque comme le plus jeune continent de la plan\u00e8te, plus de 70&nbsp;% de ses habitants \u00e9tant \u00e2g\u00e9s de moins de 30&nbsp;ans. Exploiter le potentiel de cette jeune cohorte constitue \u00e0 la fois un d\u00e9fi majeur et une formidable opportunit\u00e9.<\/p>\n\n\n\n<p>Pour ce faire, l\u2019Africa Progress Group, dirig\u00e9 par l\u2019ancien pr\u00e9sident nig\u00e9rian Olusegun Obasanjo, a publi\u00e9 cette ann\u00e9e un rapport intitul\u00e9 \u00ab&nbsp;Faire de la population africaine un atout&nbsp;\u00bb. Cette \u00e9tude contribue utilement aux discussions sur la relation entre la d\u00e9mographie du continent et son d\u00e9veloppement.<\/p>\n\n\n\n<p>L\u2019incapacit\u00e9 pass\u00e9e de l\u2019Afrique \u00e0 investir durablement dans sa jeunesse, ainsi qu\u2019\u00e0 mobiliser efficacement ses jeunes pour r\u00e9pondre aux d\u00e9fis majeurs du d\u00e9veloppement, se r\u00e9v\u00e8le extr\u00eamement co\u00fbteuse. \u00c0 titre d\u2019illustration, malgr\u00e9 des taux de ch\u00f4mage qui se situent \u00e0 des niveaux de Grande D\u00e9pression depuis plusieurs d\u00e9cennies, les gouvernements n\u2019ont cess\u00e9 de faire appel \u00e0 des partenaires internationaux pour b\u00e2tir les infrastructures, plut\u00f4t que d\u2019entreprendre des programmes de travaux publics propices aux opportunit\u00e9s d\u2019emploi pour les jeunes. Cette erreur entrave l\u2019apprentissage par la pratique, marginalise les jeunes Africains, et exacerbe les risques de pi\u00e8ge de la dette associ\u00e9s \u00e0 un mod\u00e8le de croissance hautement d\u00e9pendant de l\u2019ext\u00e9rieur.<\/p>\n\n\n\n<p>Les contraintes de capital humain peuvent \u00e9galement entra\u00eener des cons\u00e9quences pour la sant\u00e9 des Africains, comme le d\u00e9montre la pand\u00e9mie de covid-19. Ceux des pays du monde qui avaient investi dans leur population, et d\u00e9velopp\u00e9 des infrastructures nationales en mati\u00e8re de recherche et d\u2019\u00e9conomie, ont \u00e9t\u00e9 capables de produire des vaccins s\u00fbrs et efficaces en un temps record. Les \u00c9tats africains, qui n\u2019ont m\u00eame pas pris part \u00e0 la course mondiale au d\u00e9veloppement de vaccins contre le covid-19, sont par cons\u00e9quent rest\u00e9s sur la touche dans la ru\u00e9e plan\u00e9taire vers les doses. L\u2019Afrique enregistre ainsi le taux de vaccination le plus lent au monde, seulement 7,2&nbsp;% de sa population ayant re\u00e7u au moins une dose de vaccin, bien en dessous de la moyenne mondiale de 48,8&nbsp;%.<\/p>\n\n\n\n<p>Les cons\u00e9quences de cette incapacit\u00e9 \u00e0 capitaliser sur la population africaine sont tout aussi frappantes dans le domaine de la s\u00e9curit\u00e9. Comptant environ 1,4&nbsp;milliard d\u2019habitants, et confront\u00e9 \u00e0 des r\u00e9seaux terroristes transnationaux, le continent choisit de s\u2019en remettre principalement aux anciennes puissances coloniales pour assurer ses imp\u00e9ratifs de s\u00e9curit\u00e9.<\/p>\n\n\n\n<p>L\u2019explosion d\u00e9mographique de la jeunesse africaine repr\u00e9sente davantage d\u2019opportunit\u00e9s que de risques. \u00c9videmment, si l\u2019importante cohorte actuelle des jeunes d\u2019Afrique ne peut b\u00e9n\u00e9ficier d\u2019emplois r\u00e9mun\u00e9rateurs et de revenus satisfaisants, le risque de bombe d\u00e9mographique \u00e0 retardement sera r\u00e9el. Les travailleurs priv\u00e9s d\u2019emploi deviendront des migrants \u00e9conomiques, avec pour cons\u00e9quences une fuite des cerveaux \u00e0 long terme, et la disponibilit\u00e9 de cibles facilement recrutables par les r\u00e9seaux terroristes transnationaux. En revanche, si l\u2019Afrique parvient \u00e0 former correctement sa jeunesse, et \u00e0 cr\u00e9er suffisamment d\u2019opportunit\u00e9s pour permettre aux jeunes d\u2019alimenter une croissance endog\u00e8ne, alors la r\u00e9gion en tirera un dividende d\u00e9mographique immense.<\/p>\n\n\n\n<p>L\u2019histoire d\u00e9montre combien l\u2019investissement dans les populations constitue le chemin le plus efficace vers des transitions d\u00e9mographiques r\u00e9ussies, avec des retours hautement b\u00e9n\u00e9fiques et la possibilit\u00e9 de positionner les pays sur une solide trajectoire de croissance \u00e0 long terme. Les dividendes d\u00e9mographiques ont ainsi repr\u00e9sent\u00e9 pr\u00e8s d\u2019un tiers, voire jusqu\u2019\u00e0 40&nbsp;%, de la remarquable croissance \u00e9conomique des pays d\u2019Asie de l\u2019Est entre 1960 et&nbsp;1990. \u00c9l\u00e9ment essentiel, les gouvernements successifs de cette r\u00e9gion ont su cr\u00e9er un environnement d\u2019affaires et r\u00e9glementaire favorable, afin d\u2019exploiter le capital humain de leurs pays. Ce faisant, ils ont multipli\u00e9 les opportunit\u00e9s d\u2019emploi, acc\u00e9l\u00e9r\u00e9 la convergence des revenus avec les pays d\u00e9velopp\u00e9s, et renforc\u00e9 leur propri\u00e9t\u00e9 sur les processus nationaux de d\u00e9veloppement.<\/p>\n\n\n\n<p>Au fil du temps, diminution de la pauvret\u00e9 et augmentation de l\u2019esp\u00e9rance de vie ont acc\u00e9l\u00e9r\u00e9 la transition depuis la quantit\u00e9 vers la qualit\u00e9 des d\u00e9cisions procr\u00e9atives, avec pour effet une diminution r\u00e9guli\u00e8re des taux de natalit\u00e9 en Asie de l\u2019Est. Lorsqu\u2019un pays devient plus riche, son taux de natalit\u00e9 se r\u00e9duit quasi-syst\u00e9matiquement. Dans l\u2019Afrique d\u2019aujourd\u2019hui, les diff\u00e9rences entre zones urbaines et zones rurales en termes de taux de natalit\u00e9 (taux significativement moins \u00e9lev\u00e9s dans les zones construites) sont hautement corr\u00e9l\u00e9es avec les disparit\u00e9s de revenus et de bien-\u00eatre.<\/p>\n\n\n\n<p>Les pr\u00e9visions d\u00e9mographiques les plus alarmistes se sont d\u00e9j\u00e0 tromp\u00e9es par le pass\u00e9. Dans son ouvrage de 1968 intitul\u00e9 Le drame de l\u2019Asie&nbsp;: enqu\u00eate sur la pauvret\u00e9 des nations, l\u2019\u00e9conomiste nob\u00e9lis\u00e9 Gunnar Myrdal pr\u00e9voyait ainsi pour l\u2019Afrique des perspectives de croissance bien meilleures que celles d\u2019une Asie surpeupl\u00e9e. Comme beaucoup \u00e0 l\u2019\u00e9poque, Myrdal consid\u00e9rait l\u2019explosion d\u00e9mographique des jeunes d\u2019Asie comme une bombe \u00e0 retardement. Or, en investissant de mani\u00e8re soutenue dans le capital humain pour augmenter la productivit\u00e9, et en se positionnant comme un aimant \u00e0 investissements directs \u00e9trangers, l\u2019Asie est devenue \u00ab&nbsp;l\u2019usine du monde&nbsp;\u00bb, et a rapidement converg\u00e9 en direction des niveaux de revenus des \u00e9conomies d\u00e9velopp\u00e9es.<\/p>\n\n\n\n<p>La population africaine peut jouer un r\u00f4le similaire au cours de ce si\u00e8cle, \u00e0 condition que ses dirigeants politiques la consid\u00e8rent et la g\u00e8rent comme un actif pr\u00e9cieux. Cela signifie investir efficacement dans les qualifications des jeunes afin d\u2019accro\u00eetre la valeur ajout\u00e9e locale, plut\u00f4t que de maintenir une co\u00fbteuse int\u00e9gration aux cha\u00eenes de valeur mondiales, en tant que fournisseurs de mati\u00e8res premiers pour des cha\u00eenes de valeur extrar\u00e9gionales. Sur le long terme, \u00e0 mesure que le niveau de vie augmentera dans le cadre d\u2019un mod\u00e8le de croissance endog\u00e8ne facilit\u00e9 par un investissement soutenu dans le capital humain, la natalit\u00e9 en milieu rural, ainsi que les \u00e9carts en termes de revenus et de bien-\u00eatre, se r\u00e9duiront eux aussi n\u00e9cessairement.<\/p>\n\n\n\n<p><strong>Traduit de l\u2019anglais par Martin Morel<\/strong><\/p>\n\n\n\n<p><strong>Copyright: Project Syndicate, 2021.<\/strong><strong>\u2028<\/strong><strong><\/strong><\/p>\n\n\n\n<p><strong>www.project-syndicate.org<\/strong><\/p>\n\n\n\n<p><\/p>\n","protected":false},"excerpt":{"rendered":"<p>Par Hippolyte Fofack Les d\u00e9bats de politique \u00e9conomique autour de l\u2019Afrique sont trop souvent obscurcis par les appels au contr\u00f4le<\/p>\n","protected":false},"author":3,"featured_media":10775,"comment_status":"open","ping_status":"closed","sticky":false,"template":"","format":"standard","meta":{"colormag_page_container_layout":"default_layout","colormag_page_sidebar_layout":"default_layout","om_disable_all_campaigns":false,"_monsterinsights_skip_tracking":false,"_monsterinsights_sitenote_active":false,"_monsterinsights_sitenote_note":"","_monsterinsights_sitenote_category":0,"footnotes":"","_wpscppro_dont_share_socialmedia":false,"_wpscppro_custom_social_share_image":0,"_facebook_share_type":"","_twitter_share_type":"","_linkedin_share_type":"","_pinterest_share_type":"","_linkedin_share_type_page":"","_instagram_share_type":"","_medium_share_type":"","_threads_share_type":"","_google_business_share_type":"","_selected_social_profile":[],"_wpsp_enable_custom_social_template":false,"_wpsp_social_scheduling":{"enabled":false,"datetime":null,"platforms":[],"status":"template_only","dateOption":"today","timeOption":"now","customDays":"","customHours":"","customDate":"","customTime":"","schedulingType":"absolute"},"_wpsp_active_default_template":true},"categories":[38],"tags":[],"class_list":["post-10772","post","type-post","status-publish","format-standard","has-post-thumbnail","hentry","category-debats"],"aioseo_notices":[],"yoast_head":"<!-- This site is optimized with the Yoast SEO plugin v27.5 - https:\/\/yoast.com\/product\/yoast-seo-wordpress\/ -->\n<title>Faire \u00e9voluer le discours sur la d\u00e9mographie de l\u2019Afrique - La Sentinelle<\/title>\n<meta name=\"robots\" content=\"index, follow, max-snippet:-1, max-image-preview:large, max-video-preview:-1\" \/>\n<link rel=\"canonical\" href=\"https:\/\/lasentinelle.dz\/index.php\/2021\/10\/16\/faire-evoluer-le-discours-sur-la-demographie-de-lafrique\/\" \/>\n<meta property=\"og:locale\" content=\"fr_FR\" \/>\n<meta property=\"og:type\" content=\"article\" \/>\n<meta property=\"og:title\" content=\"Faire \u00e9voluer le discours sur la d\u00e9mographie de l\u2019Afrique - La Sentinelle\" \/>\n<meta property=\"og:description\" content=\"Par Hippolyte Fofack Les d\u00e9bats de politique \u00e9conomique autour de l\u2019Afrique sont trop souvent obscurcis par les appels au contr\u00f4le\" \/>\n<meta property=\"og:url\" content=\"https:\/\/lasentinelle.dz\/index.php\/2021\/10\/16\/faire-evoluer-le-discours-sur-la-demographie-de-lafrique\/\" \/>\n<meta property=\"og:site_name\" content=\"La Sentinelle\" \/>\n<meta property=\"article:publisher\" content=\"https:\/\/www.facebook.com\/La-Sentinelle-104059864394773\" \/>\n<meta property=\"article:published_time\" content=\"2021-10-15T23:01:00+00:00\" \/>\n<meta property=\"og:image\" content=\"https:\/\/lasentinelle.dz\/wp-content\/uploads\/2021\/10\/demographoe-afrique.jpeg\" \/>\n\t<meta property=\"og:image:width\" content=\"570\" \/>\n\t<meta property=\"og:image:height\" content=\"380\" \/>\n\t<meta property=\"og:image:type\" content=\"image\/jpeg\" \/>\n<meta name=\"author\" content=\"La Sentinelle\" \/>\n<meta name=\"twitter:card\" content=\"summary_large_image\" \/>\n<meta name=\"twitter:label1\" content=\"\u00c9crit par\" \/>\n\t<meta name=\"twitter:data1\" content=\"La Sentinelle\" \/>\n\t<meta name=\"twitter:label2\" content=\"Dur\u00e9e de lecture estim\u00e9e\" \/>\n\t<meta name=\"twitter:data2\" content=\"5 minutes\" \/>\n<script type=\"application\/ld+json\" class=\"yoast-schema-graph\">{\"@context\":\"https:\\\/\\\/schema.org\",\"@graph\":[{\"@type\":\"Article\",\"@id\":\"https:\\\/\\\/lasentinelle.dz\\\/index.php\\\/2021\\\/10\\\/16\\\/faire-evoluer-le-discours-sur-la-demographie-de-lafrique\\\/#article\",\"isPartOf\":{\"@id\":\"https:\\\/\\\/lasentinelle.dz\\\/index.php\\\/2021\\\/10\\\/16\\\/faire-evoluer-le-discours-sur-la-demographie-de-lafrique\\\/\"},\"author\":{\"name\":\"La Sentinelle\",\"@id\":\"https:\\\/\\\/lasentinelle.dz\\\/#\\\/schema\\\/person\\\/d865044e22e70a75174ce8bcad3acfb3\"},\"headline\":\"Faire \u00e9voluer le discours sur la d\u00e9mographie de l\u2019Afrique\",\"datePublished\":\"2021-10-15T23:01:00+00:00\",\"mainEntityOfPage\":{\"@id\":\"https:\\\/\\\/lasentinelle.dz\\\/index.php\\\/2021\\\/10\\\/16\\\/faire-evoluer-le-discours-sur-la-demographie-de-lafrique\\\/\"},\"wordCount\":1276,\"commentCount\":0,\"publisher\":{\"@id\":\"https:\\\/\\\/lasentinelle.dz\\\/#organization\"},\"image\":{\"@id\":\"https:\\\/\\\/lasentinelle.dz\\\/index.php\\\/2021\\\/10\\\/16\\\/faire-evoluer-le-discours-sur-la-demographie-de-lafrique\\\/#primaryimage\"},\"thumbnailUrl\":\"https:\\\/\\\/lasentinelle.dz\\\/wp-content\\\/uploads\\\/2021\\\/10\\\/demographoe-afrique.jpeg\",\"articleSection\":[\"D\u00e9bats\"],\"inLanguage\":\"fr-FR\",\"potentialAction\":[{\"@type\":\"CommentAction\",\"name\":\"Comment\",\"target\":[\"https:\\\/\\\/lasentinelle.dz\\\/index.php\\\/2021\\\/10\\\/16\\\/faire-evoluer-le-discours-sur-la-demographie-de-lafrique\\\/#respond\"]}]},{\"@type\":\"WebPage\",\"@id\":\"https:\\\/\\\/lasentinelle.dz\\\/index.php\\\/2021\\\/10\\\/16\\\/faire-evoluer-le-discours-sur-la-demographie-de-lafrique\\\/\",\"url\":\"https:\\\/\\\/lasentinelle.dz\\\/index.php\\\/2021\\\/10\\\/16\\\/faire-evoluer-le-discours-sur-la-demographie-de-lafrique\\\/\",\"name\":\"Faire \u00e9voluer le discours sur la d\u00e9mographie de l\u2019Afrique - La Sentinelle\",\"isPartOf\":{\"@id\":\"https:\\\/\\\/lasentinelle.dz\\\/#website\"},\"primaryImageOfPage\":{\"@id\":\"https:\\\/\\\/lasentinelle.dz\\\/index.php\\\/2021\\\/10\\\/16\\\/faire-evoluer-le-discours-sur-la-demographie-de-lafrique\\\/#primaryimage\"},\"image\":{\"@id\":\"https:\\\/\\\/lasentinelle.dz\\\/index.php\\\/2021\\\/10\\\/16\\\/faire-evoluer-le-discours-sur-la-demographie-de-lafrique\\\/#primaryimage\"},\"thumbnailUrl\":\"https:\\\/\\\/lasentinelle.dz\\\/wp-content\\\/uploads\\\/2021\\\/10\\\/demographoe-afrique.jpeg\",\"datePublished\":\"2021-10-15T23:01:00+00:00\",\"breadcrumb\":{\"@id\":\"https:\\\/\\\/lasentinelle.dz\\\/index.php\\\/2021\\\/10\\\/16\\\/faire-evoluer-le-discours-sur-la-demographie-de-lafrique\\\/#breadcrumb\"},\"inLanguage\":\"fr-FR\",\"potentialAction\":[{\"@type\":\"ReadAction\",\"target\":[\"https:\\\/\\\/lasentinelle.dz\\\/index.php\\\/2021\\\/10\\\/16\\\/faire-evoluer-le-discours-sur-la-demographie-de-lafrique\\\/\"]}]},{\"@type\":\"ImageObject\",\"inLanguage\":\"fr-FR\",\"@id\":\"https:\\\/\\\/lasentinelle.dz\\\/index.php\\\/2021\\\/10\\\/16\\\/faire-evoluer-le-discours-sur-la-demographie-de-lafrique\\\/#primaryimage\",\"url\":\"https:\\\/\\\/lasentinelle.dz\\\/wp-content\\\/uploads\\\/2021\\\/10\\\/demographoe-afrique.jpeg\",\"contentUrl\":\"https:\\\/\\\/lasentinelle.dz\\\/wp-content\\\/uploads\\\/2021\\\/10\\\/demographoe-afrique.jpeg\",\"width\":570,\"height\":380},{\"@type\":\"BreadcrumbList\",\"@id\":\"https:\\\/\\\/lasentinelle.dz\\\/index.php\\\/2021\\\/10\\\/16\\\/faire-evoluer-le-discours-sur-la-demographie-de-lafrique\\\/#breadcrumb\",\"itemListElement\":[{\"@type\":\"ListItem\",\"position\":1,\"name\":\"Accueil\",\"item\":\"https:\\\/\\\/lasentinelle.dz\\\/\"},{\"@type\":\"ListItem\",\"position\":2,\"name\":\"Faire \u00e9voluer le discours sur la d\u00e9mographie de l\u2019Afrique\"}]},{\"@type\":\"WebSite\",\"@id\":\"https:\\\/\\\/lasentinelle.dz\\\/#website\",\"url\":\"https:\\\/\\\/lasentinelle.dz\\\/\",\"name\":\"La Sentinelle\",\"description\":\"Quotidien national d&#039;information\",\"publisher\":{\"@id\":\"https:\\\/\\\/lasentinelle.dz\\\/#organization\"},\"potentialAction\":[{\"@type\":\"SearchAction\",\"target\":{\"@type\":\"EntryPoint\",\"urlTemplate\":\"https:\\\/\\\/lasentinelle.dz\\\/?s={search_term_string}\"},\"query-input\":{\"@type\":\"PropertyValueSpecification\",\"valueRequired\":true,\"valueName\":\"search_term_string\"}}],\"inLanguage\":\"fr-FR\"},{\"@type\":\"Organization\",\"@id\":\"https:\\\/\\\/lasentinelle.dz\\\/#organization\",\"name\":\"Quotidien La Sentinelle\",\"url\":\"https:\\\/\\\/lasentinelle.dz\\\/\",\"logo\":{\"@type\":\"ImageObject\",\"inLanguage\":\"fr-FR\",\"@id\":\"https:\\\/\\\/lasentinelle.dz\\\/#\\\/schema\\\/logo\\\/image\\\/\",\"url\":\"https:\\\/\\\/lasentinelle.dz\\\/wp-content\\\/uploads\\\/2021\\\/09\\\/logo-sentinelleSLOGAN-1.png\",\"contentUrl\":\"https:\\\/\\\/lasentinelle.dz\\\/wp-content\\\/uploads\\\/2021\\\/09\\\/logo-sentinelleSLOGAN-1.png\",\"width\":615,\"height\":142,\"caption\":\"Quotidien La Sentinelle\"},\"image\":{\"@id\":\"https:\\\/\\\/lasentinelle.dz\\\/#\\\/schema\\\/logo\\\/image\\\/\"},\"sameAs\":[\"https:\\\/\\\/www.facebook.com\\\/La-Sentinelle-104059864394773\"]},{\"@type\":\"Person\",\"@id\":\"https:\\\/\\\/lasentinelle.dz\\\/#\\\/schema\\\/person\\\/d865044e22e70a75174ce8bcad3acfb3\",\"name\":\"La Sentinelle\",\"image\":{\"@type\":\"ImageObject\",\"inLanguage\":\"fr-FR\",\"@id\":\"https:\\\/\\\/secure.gravatar.com\\\/avatar\\\/57de8e5d4b15d43fb361a71fbb36338450fe67865b528a43dd10ef7c51a20392?s=96&d=mm&r=g\",\"url\":\"https:\\\/\\\/secure.gravatar.com\\\/avatar\\\/57de8e5d4b15d43fb361a71fbb36338450fe67865b528a43dd10ef7c51a20392?s=96&d=mm&r=g\",\"contentUrl\":\"https:\\\/\\\/secure.gravatar.com\\\/avatar\\\/57de8e5d4b15d43fb361a71fbb36338450fe67865b528a43dd10ef7c51a20392?s=96&d=mm&r=g\",\"caption\":\"La Sentinelle\"},\"sameAs\":[\"http:\\\/\\\/www.lasentinelle.dz\"],\"url\":\"https:\\\/\\\/lasentinelle.dz\\\/author\\\/redaction\\\/\"}]}<\/script>\n<!-- \/ Yoast SEO plugin. -->","yoast_head_json":{"title":"Faire \u00e9voluer le discours sur la d\u00e9mographie de l\u2019Afrique - La Sentinelle","robots":{"index":"index","follow":"follow","max-snippet":"max-snippet:-1","max-image-preview":"max-image-preview:large","max-video-preview":"max-video-preview:-1"},"canonical":"https:\/\/lasentinelle.dz\/index.php\/2021\/10\/16\/faire-evoluer-le-discours-sur-la-demographie-de-lafrique\/","og_locale":"fr_FR","og_type":"article","og_title":"Faire \u00e9voluer le discours sur la d\u00e9mographie de l\u2019Afrique - La Sentinelle","og_description":"Par Hippolyte Fofack Les d\u00e9bats de politique \u00e9conomique autour de l\u2019Afrique sont trop souvent obscurcis par les appels au contr\u00f4le","og_url":"https:\/\/lasentinelle.dz\/index.php\/2021\/10\/16\/faire-evoluer-le-discours-sur-la-demographie-de-lafrique\/","og_site_name":"La Sentinelle","article_publisher":"https:\/\/www.facebook.com\/La-Sentinelle-104059864394773","article_published_time":"2021-10-15T23:01:00+00:00","og_image":[{"width":570,"height":380,"url":"https:\/\/lasentinelle.dz\/wp-content\/uploads\/2021\/10\/demographoe-afrique.jpeg","type":"image\/jpeg"}],"author":"La Sentinelle","twitter_card":"summary_large_image","twitter_misc":{"\u00c9crit par":"La Sentinelle","Dur\u00e9e de lecture estim\u00e9e":"5 minutes"},"schema":{"@context":"https:\/\/schema.org","@graph":[{"@type":"Article","@id":"https:\/\/lasentinelle.dz\/index.php\/2021\/10\/16\/faire-evoluer-le-discours-sur-la-demographie-de-lafrique\/#article","isPartOf":{"@id":"https:\/\/lasentinelle.dz\/index.php\/2021\/10\/16\/faire-evoluer-le-discours-sur-la-demographie-de-lafrique\/"},"author":{"name":"La Sentinelle","@id":"https:\/\/lasentinelle.dz\/#\/schema\/person\/d865044e22e70a75174ce8bcad3acfb3"},"headline":"Faire \u00e9voluer le discours sur la d\u00e9mographie de l\u2019Afrique","datePublished":"2021-10-15T23:01:00+00:00","mainEntityOfPage":{"@id":"https:\/\/lasentinelle.dz\/index.php\/2021\/10\/16\/faire-evoluer-le-discours-sur-la-demographie-de-lafrique\/"},"wordCount":1276,"commentCount":0,"publisher":{"@id":"https:\/\/lasentinelle.dz\/#organization"},"image":{"@id":"https:\/\/lasentinelle.dz\/index.php\/2021\/10\/16\/faire-evoluer-le-discours-sur-la-demographie-de-lafrique\/#primaryimage"},"thumbnailUrl":"https:\/\/lasentinelle.dz\/wp-content\/uploads\/2021\/10\/demographoe-afrique.jpeg","articleSection":["D\u00e9bats"],"inLanguage":"fr-FR","potentialAction":[{"@type":"CommentAction","name":"Comment","target":["https:\/\/lasentinelle.dz\/index.php\/2021\/10\/16\/faire-evoluer-le-discours-sur-la-demographie-de-lafrique\/#respond"]}]},{"@type":"WebPage","@id":"https:\/\/lasentinelle.dz\/index.php\/2021\/10\/16\/faire-evoluer-le-discours-sur-la-demographie-de-lafrique\/","url":"https:\/\/lasentinelle.dz\/index.php\/2021\/10\/16\/faire-evoluer-le-discours-sur-la-demographie-de-lafrique\/","name":"Faire \u00e9voluer le discours sur la d\u00e9mographie de l\u2019Afrique - La Sentinelle","isPartOf":{"@id":"https:\/\/lasentinelle.dz\/#website"},"primaryImageOfPage":{"@id":"https:\/\/lasentinelle.dz\/index.php\/2021\/10\/16\/faire-evoluer-le-discours-sur-la-demographie-de-lafrique\/#primaryimage"},"image":{"@id":"https:\/\/lasentinelle.dz\/index.php\/2021\/10\/16\/faire-evoluer-le-discours-sur-la-demographie-de-lafrique\/#primaryimage"},"thumbnailUrl":"https:\/\/lasentinelle.dz\/wp-content\/uploads\/2021\/10\/demographoe-afrique.jpeg","datePublished":"2021-10-15T23:01:00+00:00","breadcrumb":{"@id":"https:\/\/lasentinelle.dz\/index.php\/2021\/10\/16\/faire-evoluer-le-discours-sur-la-demographie-de-lafrique\/#breadcrumb"},"inLanguage":"fr-FR","potentialAction":[{"@type":"ReadAction","target":["https:\/\/lasentinelle.dz\/index.php\/2021\/10\/16\/faire-evoluer-le-discours-sur-la-demographie-de-lafrique\/"]}]},{"@type":"ImageObject","inLanguage":"fr-FR","@id":"https:\/\/lasentinelle.dz\/index.php\/2021\/10\/16\/faire-evoluer-le-discours-sur-la-demographie-de-lafrique\/#primaryimage","url":"https:\/\/lasentinelle.dz\/wp-content\/uploads\/2021\/10\/demographoe-afrique.jpeg","contentUrl":"https:\/\/lasentinelle.dz\/wp-content\/uploads\/2021\/10\/demographoe-afrique.jpeg","width":570,"height":380},{"@type":"BreadcrumbList","@id":"https:\/\/lasentinelle.dz\/index.php\/2021\/10\/16\/faire-evoluer-le-discours-sur-la-demographie-de-lafrique\/#breadcrumb","itemListElement":[{"@type":"ListItem","position":1,"name":"Accueil","item":"https:\/\/lasentinelle.dz\/"},{"@type":"ListItem","position":2,"name":"Faire \u00e9voluer le discours sur la d\u00e9mographie de l\u2019Afrique"}]},{"@type":"WebSite","@id":"https:\/\/lasentinelle.dz\/#website","url":"https:\/\/lasentinelle.dz\/","name":"La Sentinelle","description":"Quotidien national d&#039;information","publisher":{"@id":"https:\/\/lasentinelle.dz\/#organization"},"potentialAction":[{"@type":"SearchAction","target":{"@type":"EntryPoint","urlTemplate":"https:\/\/lasentinelle.dz\/?s={search_term_string}"},"query-input":{"@type":"PropertyValueSpecification","valueRequired":true,"valueName":"search_term_string"}}],"inLanguage":"fr-FR"},{"@type":"Organization","@id":"https:\/\/lasentinelle.dz\/#organization","name":"Quotidien La Sentinelle","url":"https:\/\/lasentinelle.dz\/","logo":{"@type":"ImageObject","inLanguage":"fr-FR","@id":"https:\/\/lasentinelle.dz\/#\/schema\/logo\/image\/","url":"https:\/\/lasentinelle.dz\/wp-content\/uploads\/2021\/09\/logo-sentinelleSLOGAN-1.png","contentUrl":"https:\/\/lasentinelle.dz\/wp-content\/uploads\/2021\/09\/logo-sentinelleSLOGAN-1.png","width":615,"height":142,"caption":"Quotidien La Sentinelle"},"image":{"@id":"https:\/\/lasentinelle.dz\/#\/schema\/logo\/image\/"},"sameAs":["https:\/\/www.facebook.com\/La-Sentinelle-104059864394773"]},{"@type":"Person","@id":"https:\/\/lasentinelle.dz\/#\/schema\/person\/d865044e22e70a75174ce8bcad3acfb3","name":"La Sentinelle","image":{"@type":"ImageObject","inLanguage":"fr-FR","@id":"https:\/\/secure.gravatar.com\/avatar\/57de8e5d4b15d43fb361a71fbb36338450fe67865b528a43dd10ef7c51a20392?s=96&d=mm&r=g","url":"https:\/\/secure.gravatar.com\/avatar\/57de8e5d4b15d43fb361a71fbb36338450fe67865b528a43dd10ef7c51a20392?s=96&d=mm&r=g","contentUrl":"https:\/\/secure.gravatar.com\/avatar\/57de8e5d4b15d43fb361a71fbb36338450fe67865b528a43dd10ef7c51a20392?s=96&d=mm&r=g","caption":"La Sentinelle"},"sameAs":["http:\/\/www.lasentinelle.dz"],"url":"https:\/\/lasentinelle.dz\/author\/redaction\/"}]}},"_links":{"self":[{"href":"https:\/\/lasentinelle.dz\/index.php\/wp-json\/wp\/v2\/posts\/10772","targetHints":{"allow":["GET"]}}],"collection":[{"href":"https:\/\/lasentinelle.dz\/index.php\/wp-json\/wp\/v2\/posts"}],"about":[{"href":"https:\/\/lasentinelle.dz\/index.php\/wp-json\/wp\/v2\/types\/post"}],"author":[{"embeddable":true,"href":"https:\/\/lasentinelle.dz\/index.php\/wp-json\/wp\/v2\/users\/3"}],"replies":[{"embeddable":true,"href":"https:\/\/lasentinelle.dz\/index.php\/wp-json\/wp\/v2\/comments?post=10772"}],"version-history":[{"count":1,"href":"https:\/\/lasentinelle.dz\/index.php\/wp-json\/wp\/v2\/posts\/10772\/revisions"}],"predecessor-version":[{"id":10776,"href":"https:\/\/lasentinelle.dz\/index.php\/wp-json\/wp\/v2\/posts\/10772\/revisions\/10776"}],"wp:featuredmedia":[{"embeddable":true,"href":"https:\/\/lasentinelle.dz\/index.php\/wp-json\/wp\/v2\/media\/10775"}],"wp:attachment":[{"href":"https:\/\/lasentinelle.dz\/index.php\/wp-json\/wp\/v2\/media?parent=10772"}],"wp:term":[{"taxonomy":"category","embeddable":true,"href":"https:\/\/lasentinelle.dz\/index.php\/wp-json\/wp\/v2\/categories?post=10772"},{"taxonomy":"post_tag","embeddable":true,"href":"https:\/\/lasentinelle.dz\/index.php\/wp-json\/wp\/v2\/tags?post=10772"}],"curies":[{"name":"wp","href":"https:\/\/api.w.org\/{rel}","templated":true}]}}