{"id":1079,"date":"2021-07-13T15:25:46","date_gmt":"2021-07-13T14:25:46","guid":{"rendered":"https:\/\/lasentinelle.dz\/?p=1079"},"modified":"2021-07-13T15:26:17","modified_gmt":"2021-07-13T14:26:17","slug":"sahara-occidental-le-retour-au-statu-quo-nest-plus-envisageable","status":"publish","type":"post","link":"https:\/\/lasentinelle.dz\/index.php\/2021\/07\/13\/sahara-occidental-le-retour-au-statu-quo-nest-plus-envisageable\/","title":{"rendered":"Sahara occidental \/ Le retour au statu quo \u00ab n\u2019est plus envisageable \u00bb"},"content":{"rendered":"\n<p>Le ministre sahraoui des Affaires \u00e9trang\u00e8res, Mohamed Salem Ould Salek a d\u00e9clar\u00e9 que le retour au statu quo au Sahara occidental \u00ab\u00a0n\u2019est plus envisageable\u00a0\u00bb et que les Etats-Unis ne seraient pas en mesure de conserver leur statut de porte-plume au Conseil de s\u00e9curit\u00e9 sur la question sahraouie sans rompre avec la proclamation faite par Trump en d\u00e9cembre dernier.<\/p>\n\n\n\n<p>Dans une interview accord\u00e9e \u00e0 L\u2019Intelligent d\u2019Abidjan, parue lundi, M. Ould Salek, a indiqu\u00e9 qu&rsquo;avec le retour de la guerre au Sahara occidental, suite \u00e0 la violation par le Maroc du cessez-le-feu, le 13 novembre dernier, \u00ab\u00a0les Nations unies sont face \u00e0 leurs responsabilit\u00e9s. Le peuple sahraoui a attendu 30 ans un r\u00e9f\u00e9rendum d\u2019autod\u00e9termination, il est donc n\u00e9cessaire de situer les responsabilit\u00e9s et le retour au statu quo n\u2019est plus envisageable\u00a0\u00bb. La situation s\u00e9curitaire au Sahara occidental occup\u00e9 est celle d\u2019un pays en guerre, a soulign\u00e9 le ministre, d\u00e9non\u00e7ant \u00ab\u00a0une r\u00e9pression sans pr\u00e9c\u00e9dent. Toutes les organisations des droits de l\u2019Homme en parlent et \u00e9mettent des communiqu\u00e9s de condamnation et des appels \u00e0 la cessation de la torture et des violations flagrantes commises par l\u2019occupant (marocain)\u00a0\u00bb.<\/p>\n\n\n\n<p>Au niveau diplomatique, le ministre sahraoui a soutenu que \u00ab\u00a0le Maroc bloque l\u2019application de l\u2019accord de paix et veut changer la nature du conflit, enterrer les r\u00e9solutions et les d\u00e9cisions des organisations internationales, confisquer les droits du peuple sahraoui et l\u00e9gitimer son occupation ill\u00e9gale\u00a0\u00bb. Pour lui, \u00ab\u00a0l\u2019heure est \u00e0 la confrontation. A moins que le Conseil de s\u00e9curit\u00e9 (&#8230;) d\u00e9cide de mettre les pendules \u00e0 l\u2019heure\u00a0\u00bb. \u00ab\u00a0La R\u00e9publique Sahraouie doit prendre la place qui lui revient au sein du concert des nations. C\u2019est cela le droit, et c&rsquo;est cela la justice. Jouer aux prolongations revient \u00e0 envoyer un message erron\u00e9 au peuple sahraoui, \u00e0 la r\u00e9gion et \u00e0 la Communaut\u00e9 Internationale\u00a0\u00bb, a-t-il insist\u00e9. Dans cet entretien, le ministre a demand\u00e9 \u00ab\u00a0que la v\u00e9rit\u00e9 soit \u00e9tablie, et rien que la v\u00e9rit\u00e9\u00a0\u00bb. Il a critiqu\u00e9 en effet l&rsquo;inaction du Conseil de s\u00e9curit\u00e9 \u00e9tant le garant de l\u2019application du plan de r\u00e8glement, les encouragements apport\u00e9s par certains de ses membres permanents au Maroc qui \u00ab\u00a0renie ses engagements d\u00fbment sign\u00e9s avec la partie sahraouie\u00a0\u00bb.<\/p>\n\n\n\n<p>Concernant la proclamation faite en d\u00e9cembre dernier par l&rsquo;ex-pr\u00e9sident am\u00e9ricain, Donald Trump qui a reconnu la pr\u00e9tendue souverainet\u00e9 marocaine sur le Sahara occidental, M. Ould Salek a d\u00e9clar\u00e9 que les dirigeants sahraouis ont communiqu\u00e9 \u00e0 l&rsquo;administration de Biden \u00ab\u00a0la condamnation \u00e9nergique\u00a0\u00bb du peuple sahraoui de cette d\u00e9claration \u00ab\u00a0ill\u00e9gale\u00a0\u00bb et \u00ab\u00a0inopportune\u00a0\u00bb. \u00ab\u00a0Nous avons constat\u00e9 que le D\u00e9partement d&rsquo;Etat r\u00e9p\u00e9tait \u00e0 chaque fois que la nouvelle administration est en voie de r\u00e9viser cette transaction qui nous rappelle d\u2019ailleurs la loi de la jungle. On ne peut pas offrir un peuple, un pays \u00e0 un autre contre un service quelconque. C\u2019est invraisemblable. Ca c\u2019est le chaos mondial\u00a0\u00bb, a-t-il poursuivi. D&rsquo;apr\u00e8s lui, la D\u00e9claration de Trump, \u00ab\u00a0est nulle et non avenue\u00a0\u00bb. \u00ab\u00a0Elle n\u2019a aucune valeur juridique, politique ou morale. C\u2019est une transaction. Un troc\u00a0\u00bb, a-t-il jug\u00e9. \u00ab\u00a0La D\u00e9claration de Trump viole le droit international, la charte des Nations unies, l\u2019avis de la Cour Internationale de Justice, et elle va m\u00eame dans le sens contraire de la position traditionnelle des Etats-Unis et leur r\u00f4le au Conseil de S\u00e9curit\u00e9 o\u00f9 ils sont le Pen Holder (porte-plume) des r\u00e9solutions sur le Sahara Occidental.<\/p>\n\n\n\n<p>Pour sa part, le Repr\u00e9sentant du Front Polisario aupr\u00e8s des Nations unies, Mohamed Sidi Omar, a rappel\u00e9 que l&rsquo;Assembl\u00e9e g\u00e9n\u00e9rale de l&rsquo;ONU a reconnu la Repr\u00e9sentation du Front en tant que mouvement de lib\u00e9ration nationale avec son statut juridique depuis les ann\u00e9es 1970, contrairement aux fausses all\u00e9gations propag\u00e9es par le repr\u00e9sentant de l&rsquo;Etat occupant marocain. Dans une lettre adress\u00e9e vendredi aux Repr\u00e9sentants permanents des Etats membres \u00e0 l&rsquo;ONU, \u00ab\u00a0en r\u00e9ponse \u00e0 un message de d\u00e9sinformation diffus\u00e9 r\u00e9cemment par l&rsquo;ambassadeur de l&rsquo;Etat occupant du Maroc, dans lequel il remet en question le statut du Repr\u00e9sentant du Front Polisario aupr\u00e8s des Nations Unies et affirme qu&rsquo;il n&rsquo;a aucune accr\u00e9ditation aupr\u00e8s des Nations Unies, le qualifiant de groupe arm\u00e9\u00a0\u00bb, M. Sidi Omar a soutenu que \u00ab\u00a0ceci est un autre exemple de la capacit\u00e9 illimit\u00e9e de cet individu \u00e0 faire sans vergogne les affirmations les plus absurdes qui sont une insulte \u00e0 l&rsquo;intelligence de chacun\u00a0\u00bb. \u00ab\u00a0Vous aurez re\u00e7u une lettre de l&rsquo;ambassadeur de l&rsquo;Etat occupant du Maroc dans laquelle il se livre \u00e0 nouveau \u00e0 son exercice habituel consistant \u00e0 tenter en vain d&rsquo;induire en erreur les Etats membres des Nations Unies sur le statut du Front Polisario, le mouvement de lib\u00e9ration nationale des pays occidentaux Sahara et ses repr\u00e9sentants aux Nations Unies\u00a0\u00bb, a soulign\u00e9 M. Sidi Omar, expliquant que cette lettre de l&rsquo;ambassadeur marocain \u00ab\u00a0se veut une r\u00e9ponse \u00e0 notre lettre qui vous a \u00e9t\u00e9 adress\u00e9e le 27 juin 2021 dans laquelle nous r\u00e9futons avec des arguments solides et document\u00e9s chacune des affirmations infond\u00e9es qu&rsquo;il a formul\u00e9es avant la derni\u00e8re session du Comit\u00e9 sp\u00e9cial sur la d\u00e9colonisation (C-24) concernant la nature juridique internationalement reconnue de la question du Sahara occidental\u00a0\u00bb. \u00ab\u00a0Personne ne peut nier que le Front Polisario est le repr\u00e9sentant l\u00e9gitime internationalement reconnu du peuple sahraoui conform\u00e9ment aux r\u00e9solutions de l&rsquo;Assembl\u00e9e g\u00e9n\u00e9rale. Nul ne peut \u00e9galement nier que le Front Polisario est \u00e9galement reconnu par l&rsquo;Assembl\u00e9e g\u00e9n\u00e9rale et le Conseil de s\u00e9curit\u00e9 comme l&rsquo;une des deux parties au conflit du Sahara occidental conform\u00e9ment \u00e0 leurs r\u00e9solutions respectives\u00a0\u00bb, a \u00e9crit Sidi Omar dans sa lettre. Il a rappel\u00e9 que le Front Polisario est repr\u00e9sent\u00e9 aux Nations Unies depuis les ann\u00e9es 1970. C&rsquo;est dans ce contexte, souligne le diplomate sahraoui, que, le 22 juin 1979, le Conseil de s\u00e9curit\u00e9 a invit\u00e9 le repr\u00e9sentant du Front Polisario \u00e0 s&rsquo;adresser au Conseil sur la question du Sahara occidental. Le diplomate sahraoui a \u00e9galement soulign\u00e9 que \u00ab\u00a0les tentatives de l&rsquo;ambassadeur marocain de nier l&rsquo;existence du Front Polisario et d&rsquo;\u00e9viter de le mentionner nomm\u00e9ment ne changeront rien au fait qu&rsquo;il est l&rsquo;une des deux parties au conflit, et que l&rsquo;Etat occupant du Maroc si\u00e8ge aux c\u00f4t\u00e9s de la R\u00e9publique sahraouie au sein de l&rsquo;Union africaine en tant que deux Etats membres de l&rsquo;organisation continentale\u00a0\u00bb. \u00ab\u00a0L&rsquo;Etat occupant du Maroc ne peut nier qu&rsquo;il si\u00e8ge aujourd&rsquo;hui aux c\u00f4t\u00e9s de la R\u00e9publique sahraouie (RASD), membre fondateur de l&rsquo;Union africaine (UA) \u00e0 laquelle le Maroc a \u00e9t\u00e9 admis en 2017 apr\u00e8s avoir sign\u00e9 et ratifi\u00e9, sans aucune r\u00e9serve l&rsquo;Acte constitutif de l&rsquo;UA et adh\u00e9rant ainsi \u00e0 ses principes fondamentaux, notamment le respect des fronti\u00e8res existant lors de l&rsquo;accession \u00e0 l&rsquo;ind\u00e9pendance\u00a0\u00bb, rappelle M. Sidi Omar.\u00a0\u00bbCe sont des faits \u00e9tablis que l&rsquo;Etat occupant marocain ne peut nier\u00a0\u00bb, a-t-il soutenu.<\/p>\n\n\n\n<p>R.I. avec APS<\/p>\n\n\n\n<p><strong>Libye<\/strong><\/p>\n\n\n\n<p><strong>2,3 millions d&rsquo;\u00e9lecteurs inscrits dans le nouveau fichier \u00e9lectoral<\/strong><\/p>\n\n\n\n<p>Quelque 2, 3 millions de Libyens se sont inscrits dans le fichier \u00e9lectoral, depuis le d\u00e9but de sa mise \u00e0 jour le 4 juillet en cours, en vue de voter lors des prochaines \u00e9lections g\u00e9n\u00e9rales pr\u00e9vues \u00e0 priori le 24 d\u00e9cembre prochain, a fait savoir ,dimanche, la Haute commission \u00e9lectorale libyenne (HNEC). \u00ab\u00a0Le taux d&rsquo;inscription a atteint jusque-l\u00e0 48,62 %\u00a0\u00bb, a pr\u00e9cis\u00e9 la HNEC, soulignant que \u00ab\u00a0l&rsquo;op\u00e9ration des inscriptions&nbsp; se poursuivra jusqu&rsquo;au 31 de ce mois\u00a0\u00bb. Selon la HNEC, plus de 5 millions de Libyens sont concern\u00e9s par les prochaines \u00e9lections.<\/p>\n\n\n\n<p>La mise \u00e0 jour du fichier \u00e9lectoral a \u00e9t\u00e9 largement salu\u00e9e par les nouvelles autorit\u00e9s libyennes et l&rsquo;ONU. Le pr\u00e9sident du Conseil pr\u00e9sidentiel libyen, Mohamed Al-Manfi, a qualifi\u00e9 cette \u00e9tape comme \u00e9tant \u00ab\u00a0un pas important en pr\u00e9lude de la tenue des \u00e9lections g\u00e9n\u00e9rales \u00e0 la date pr\u00e9vue\u00a0\u00bb, a-t-il indiqu\u00e9, la semaine \u00e9coul\u00e9e, en marge de sa rencontre avec Moussa Al-Kouni, membre du parlement, \u00e0 Tobrouk. Pour sa part, la Mission d&rsquo;appui des Nations Unies en Libye (MANUL) a consid\u00e9r\u00e9 \u00ab\u00a0cet \u00e9v\u00e9nement comme une \u00e9tape cl\u00e9 vers la concr\u00e9tisation de la demande \u00e9crasante du peuple libyen pour les \u00e9lections nationales pr\u00e9vues le 24 d\u00e9cembre 2021\u00a0\u00bb.&nbsp; \u00ab\u00a0Apr\u00e8s des ann\u00e9es de conflit et de division, apr\u00e8s plus de sept ans sans \u00e9lections nationales, il y a une nouvelle opportunit\u00e9 d&rsquo;aller de l&rsquo;avant et, pour les Libyens, d&rsquo;exercer l&rsquo;un de leurs droits les plus fondamentaux\u00a0\u00bb, a not\u00e9 la secr\u00e9taire g\u00e9n\u00e9rale adjointe de l&rsquo;ONU Georgette Gagnon, coordonnatrice r\u00e9sidente et coordonnatrice humanitaire de l&rsquo;ONU pour la Libye. La tenue des \u00e9lections g\u00e9n\u00e9rales&nbsp; \u00e0 la date pr\u00e9vue reste, toutefois, suspendue \u00e0&nbsp; l&rsquo;adoption d&rsquo;une nouvelle base constitutionnelle, a fait observer r\u00e9cemment le pr\u00e9sident de la HNEC, Imad Al-Sayah. \u00ab\u00a0La base constitutionnelle est le fondement de l&rsquo;op\u00e9ration \u00e9lectorale. Nous ne pouvons en aucun cas organiser des \u00e9lections g\u00e9n\u00e9rales sans une base constitutionnelle consensuelle\u00a0\u00bb, a affirm\u00e9 M. Al Sayah en marge d&rsquo;un colloque scientifique sur l&rsquo;op\u00e9ration \u00e9lectorale, tenu \u00e0 Tripoli, esp\u00e9rant que \u00ab\u00a0les Libyens parviendront tr\u00e8s prochainement \u00e0 se procurer cette base constitutionnelle.<\/p>\n\n\n\n<p>Notons qu\u2019un responsable militaire,cit\u00e9 par des m\u00e9dias libyens a r\u00e9cemment indiqu\u00e9 que le retrait des mercenaires \u00e9trangers et la s\u00e9curisation de la route c\u00f4ti\u00e8re ont \u00e9t\u00e9 les principaux th\u00e8mes qui ont \u00e9t\u00e9 abord\u00e9s, samedi, lors de la r\u00e9union regroupant l&rsquo;envoy\u00e9 sp\u00e9cial de l&rsquo;ONU en Libye, Jan Kubis, et le Comit\u00e9 militaire 5+5 dans la ville de Benghazi. \u00ab\u00a0Lors de la r\u00e9union il a \u00e9t\u00e9 aussi question de d\u00e9sarmement des milices et du payement des salaires des unit\u00e9s de l&rsquo;arm\u00e9e libyenne par le gouvernement de l&rsquo;unit\u00e9 nationale\u00a0\u00bb, a pr\u00e9cis\u00e9 le directeur de l&rsquo;administration de l&rsquo;appui moral aupr\u00e8s du Comit\u00e9 militaire, le colonel Khaled Al-Mahdjoub.<\/p>\n\n\n\n<p>L&rsquo;int\u00e9gration des milices dans les institutions civils, s\u00e9curitaires et militaires de l&rsquo;Etat a \u00e9t\u00e9, pour rappel, l&rsquo;une des recommandations de la Conf\u00e9rence internationale sur la Libye Berlin2, tenue r\u00e9cemment en Allemagne.<\/p>\n\n\n\n<p>R.I. avec APS<\/p>\n\n\n\n<p><strong>Esclavage et colonisation<\/strong><\/p>\n\n\n\n<p><strong>L&rsquo;ONU demande des mesures de r\u00e9paration<\/strong><\/p>\n\n\n\n<p>L&rsquo;ONU s&rsquo;est prononc\u00e9 lundi 12 juillet pour une \u00ab\u00a0justice r\u00e9paratrice\u00a0\u00bb pour s&rsquo;attaquer aux \u00ab\u00a0s\u00e9quelles\u00a0\u00bb de l&rsquo;esclavagisme et du colonialisme. Des pays africains ont pr\u00e9sent\u00e9 dans la foul\u00e9e une r\u00e9solution pour cr\u00e9er un groupe d&rsquo;experts sur le racisme et les violences polici\u00e8res. S&rsquo;exprimant devant le Conseil des droits de l&rsquo;homme (CDH) \u00e0 Gen\u00e8ve (Suisse), la Haute-Commissaire de l&rsquo;ONU aux droits de l&rsquo;homme, Michelle Bachelet, a demand\u00e9 la mise en place d&rsquo;un m\u00e9canisme, assorti d&rsquo;un calendrier, pour faire progresser \u00ab\u00a0la justice et l&rsquo;\u00e9galit\u00e9 raciales\u00a0\u00bb. Sa demande a \u00e9t\u00e9 entendue par les pays africains, qui ont pr\u00e9sent\u00e9 hier un projet de r\u00e9solution sur la protection des droits et des libert\u00e9s fondamentales des personnes d&rsquo;ascendance africaine face aux violences polici\u00e8res. Le texte propose la cr\u00e9ation d'\u00a0\u00bbun m\u00e9canisme d&rsquo;experts ind\u00e9pendants qui pourraient se concentrer plus clairement sur le probl\u00e8me du racisme syst\u00e9mique au sein des forces de l&rsquo;ordre et du syst\u00e8me de justice p\u00e9nale\u00a0\u00bb, a expliqu\u00e9 un repr\u00e9sentant camerounais, C\u00f4me Awoumou, au nom des pays africains.<\/p>\n\n\n\n<p>Lors des d\u00e9bats, Michelle Bachelet a pr\u00e9sent\u00e9 son rapport sur les violences polici\u00e8res \u00e0 l&rsquo;\u00e9gard des personnes d&rsquo;ascendance africaine , publi\u00e9 fin juin, quelques jours apr\u00e8s la condamnation aux \u00c9tats-Unis du policier qui a tu\u00e9 George Floyd, dont le meurtre avait d\u00e9clench\u00e9 un mouvement de protestation d&rsquo;ampleur mondiale. \u00ab\u00a0Derri\u00e8re le racisme syst\u00e9mique et la violence raciale d&rsquo;aujourd&rsquo;hui se cache l&rsquo;absence de reconnaissance formelle des responsabilit\u00e9s des \u00c9tats et des autres acteurs qui ont particip\u00e9 ou profit\u00e9 de l&rsquo;esclavage, de la traite transatlantique des esclaves africains et du colonialisme &#8211; ainsi que de ceux qui continuent \u00e0 profiter de cet h\u00e9ritage\u00a0\u00bb, a-t-elle d\u00e9clar\u00e9.<\/p>\n\n\n\n<p>R.I. avec AFP<\/p>\n","protected":false},"excerpt":{"rendered":"<p>Le ministre sahraoui des Affaires \u00e9trang\u00e8res, Mohamed Salem Ould Salek a d\u00e9clar\u00e9 que le retour au statu quo au Sahara<\/p>\n","protected":false},"author":3,"featured_media":1085,"comment_status":"open","ping_status":"closed","sticky":false,"template":"","format":"standard","meta":{"colormag_page_container_layout":"default_layout","colormag_page_sidebar_layout":"default_layout","om_disable_all_campaigns":false,"_monsterinsights_skip_tracking":false,"_monsterinsights_sitenote_active":false,"_monsterinsights_sitenote_note":"","_monsterinsights_sitenote_category":0,"footnotes":"","_wpscppro_dont_share_socialmedia":false,"_wpscppro_custom_social_share_image":0,"_facebook_share_type":"","_twitter_share_type":"","_linkedin_share_type":"","_pinterest_share_type":"","_linkedin_share_type_page":"","_instagram_share_type":"","_medium_share_type":"","_threads_share_type":"","_google_business_share_type":"","_selected_social_profile":[],"_wpsp_enable_custom_social_template":false,"_wpsp_social_scheduling":{"enabled":false,"datetime":null,"platforms":[],"status":"template_only","dateOption":"today","timeOption":"now","customDays":"","customHours":"","customDate":"","customTime":"","schedulingType":"absolute"},"_wpsp_active_default_template":true},"categories":[37],"tags":[],"class_list":["post-1079","post","type-post","status-publish","format-standard","has-post-thumbnail","hentry","category-monde"],"aioseo_notices":[],"yoast_head":"<!-- This site is optimized with the Yoast SEO plugin v27.5 - https:\/\/yoast.com\/product\/yoast-seo-wordpress\/ -->\n<title>Sahara occidental \/ Le retour au statu quo \u00ab n\u2019est plus envisageable \u00bb - La Sentinelle<\/title>\n<meta name=\"robots\" content=\"index, follow, max-snippet:-1, max-image-preview:large, max-video-preview:-1\" \/>\n<link rel=\"canonical\" href=\"https:\/\/lasentinelle.dz\/index.php\/2021\/07\/13\/sahara-occidental-le-retour-au-statu-quo-nest-plus-envisageable\/\" \/>\n<meta property=\"og:locale\" content=\"fr_FR\" \/>\n<meta property=\"og:type\" content=\"article\" \/>\n<meta property=\"og:title\" content=\"Sahara occidental \/ Le retour au statu quo \u00ab n\u2019est plus envisageable \u00bb - La Sentinelle\" \/>\n<meta property=\"og:description\" content=\"Le ministre sahraoui des Affaires \u00e9trang\u00e8res, Mohamed Salem Ould Salek a d\u00e9clar\u00e9 que le retour au statu quo au Sahara\" \/>\n<meta property=\"og:url\" content=\"https:\/\/lasentinelle.dz\/index.php\/2021\/07\/13\/sahara-occidental-le-retour-au-statu-quo-nest-plus-envisageable\/\" \/>\n<meta property=\"og:site_name\" content=\"La Sentinelle\" \/>\n<meta property=\"article:publisher\" content=\"https:\/\/www.facebook.com\/La-Sentinelle-104059864394773\" \/>\n<meta property=\"article:published_time\" content=\"2021-07-13T14:25:46+00:00\" \/>\n<meta property=\"article:modified_time\" content=\"2021-07-13T14:26:17+00:00\" \/>\n<meta property=\"og:image\" content=\"https:\/\/lasentinelle.dz\/wp-content\/uploads\/2021\/07\/sahara-occidental.png\" \/>\n\t<meta property=\"og:image:width\" content=\"1351\" \/>\n\t<meta property=\"og:image:height\" content=\"900\" \/>\n\t<meta property=\"og:image:type\" content=\"image\/png\" \/>\n<meta name=\"author\" content=\"La Sentinelle\" \/>\n<meta name=\"twitter:card\" content=\"summary_large_image\" \/>\n<meta name=\"twitter:label1\" content=\"\u00c9crit par\" \/>\n\t<meta name=\"twitter:data1\" content=\"La Sentinelle\" \/>\n\t<meta name=\"twitter:label2\" content=\"Dur\u00e9e de lecture estim\u00e9e\" \/>\n\t<meta name=\"twitter:data2\" content=\"9 minutes\" \/>\n<script type=\"application\/ld+json\" class=\"yoast-schema-graph\">{\"@context\":\"https:\\\/\\\/schema.org\",\"@graph\":[{\"@type\":\"Article\",\"@id\":\"https:\\\/\\\/lasentinelle.dz\\\/index.php\\\/2021\\\/07\\\/13\\\/sahara-occidental-le-retour-au-statu-quo-nest-plus-envisageable\\\/#article\",\"isPartOf\":{\"@id\":\"https:\\\/\\\/lasentinelle.dz\\\/index.php\\\/2021\\\/07\\\/13\\\/sahara-occidental-le-retour-au-statu-quo-nest-plus-envisageable\\\/\"},\"author\":{\"name\":\"La Sentinelle\",\"@id\":\"https:\\\/\\\/lasentinelle.dz\\\/#\\\/schema\\\/person\\\/d865044e22e70a75174ce8bcad3acfb3\"},\"headline\":\"Sahara occidental \\\/ Le retour au statu quo \u00ab n\u2019est plus envisageable \u00bb\",\"datePublished\":\"2021-07-13T14:25:46+00:00\",\"dateModified\":\"2021-07-13T14:26:17+00:00\",\"mainEntityOfPage\":{\"@id\":\"https:\\\/\\\/lasentinelle.dz\\\/index.php\\\/2021\\\/07\\\/13\\\/sahara-occidental-le-retour-au-statu-quo-nest-plus-envisageable\\\/\"},\"wordCount\":2113,\"commentCount\":0,\"publisher\":{\"@id\":\"https:\\\/\\\/lasentinelle.dz\\\/#organization\"},\"image\":{\"@id\":\"https:\\\/\\\/lasentinelle.dz\\\/index.php\\\/2021\\\/07\\\/13\\\/sahara-occidental-le-retour-au-statu-quo-nest-plus-envisageable\\\/#primaryimage\"},\"thumbnailUrl\":\"https:\\\/\\\/lasentinelle.dz\\\/wp-content\\\/uploads\\\/2021\\\/07\\\/sahara-occidental.png\",\"articleSection\":[\"Monde\"],\"inLanguage\":\"fr-FR\",\"potentialAction\":[{\"@type\":\"CommentAction\",\"name\":\"Comment\",\"target\":[\"https:\\\/\\\/lasentinelle.dz\\\/index.php\\\/2021\\\/07\\\/13\\\/sahara-occidental-le-retour-au-statu-quo-nest-plus-envisageable\\\/#respond\"]}]},{\"@type\":\"WebPage\",\"@id\":\"https:\\\/\\\/lasentinelle.dz\\\/index.php\\\/2021\\\/07\\\/13\\\/sahara-occidental-le-retour-au-statu-quo-nest-plus-envisageable\\\/\",\"url\":\"https:\\\/\\\/lasentinelle.dz\\\/index.php\\\/2021\\\/07\\\/13\\\/sahara-occidental-le-retour-au-statu-quo-nest-plus-envisageable\\\/\",\"name\":\"Sahara occidental \\\/ Le retour au statu quo \u00ab n\u2019est plus envisageable \u00bb - La Sentinelle\",\"isPartOf\":{\"@id\":\"https:\\\/\\\/lasentinelle.dz\\\/#website\"},\"primaryImageOfPage\":{\"@id\":\"https:\\\/\\\/lasentinelle.dz\\\/index.php\\\/2021\\\/07\\\/13\\\/sahara-occidental-le-retour-au-statu-quo-nest-plus-envisageable\\\/#primaryimage\"},\"image\":{\"@id\":\"https:\\\/\\\/lasentinelle.dz\\\/index.php\\\/2021\\\/07\\\/13\\\/sahara-occidental-le-retour-au-statu-quo-nest-plus-envisageable\\\/#primaryimage\"},\"thumbnailUrl\":\"https:\\\/\\\/lasentinelle.dz\\\/wp-content\\\/uploads\\\/2021\\\/07\\\/sahara-occidental.png\",\"datePublished\":\"2021-07-13T14:25:46+00:00\",\"dateModified\":\"2021-07-13T14:26:17+00:00\",\"breadcrumb\":{\"@id\":\"https:\\\/\\\/lasentinelle.dz\\\/index.php\\\/2021\\\/07\\\/13\\\/sahara-occidental-le-retour-au-statu-quo-nest-plus-envisageable\\\/#breadcrumb\"},\"inLanguage\":\"fr-FR\",\"potentialAction\":[{\"@type\":\"ReadAction\",\"target\":[\"https:\\\/\\\/lasentinelle.dz\\\/index.php\\\/2021\\\/07\\\/13\\\/sahara-occidental-le-retour-au-statu-quo-nest-plus-envisageable\\\/\"]}]},{\"@type\":\"ImageObject\",\"inLanguage\":\"fr-FR\",\"@id\":\"https:\\\/\\\/lasentinelle.dz\\\/index.php\\\/2021\\\/07\\\/13\\\/sahara-occidental-le-retour-au-statu-quo-nest-plus-envisageable\\\/#primaryimage\",\"url\":\"https:\\\/\\\/lasentinelle.dz\\\/wp-content\\\/uploads\\\/2021\\\/07\\\/sahara-occidental.png\",\"contentUrl\":\"https:\\\/\\\/lasentinelle.dz\\\/wp-content\\\/uploads\\\/2021\\\/07\\\/sahara-occidental.png\",\"width\":1351,\"height\":900},{\"@type\":\"BreadcrumbList\",\"@id\":\"https:\\\/\\\/lasentinelle.dz\\\/index.php\\\/2021\\\/07\\\/13\\\/sahara-occidental-le-retour-au-statu-quo-nest-plus-envisageable\\\/#breadcrumb\",\"itemListElement\":[{\"@type\":\"ListItem\",\"position\":1,\"name\":\"Accueil\",\"item\":\"https:\\\/\\\/lasentinelle.dz\\\/\"},{\"@type\":\"ListItem\",\"position\":2,\"name\":\"Sahara occidental \\\/ Le retour au statu quo \u00ab n\u2019est plus envisageable \u00bb\"}]},{\"@type\":\"WebSite\",\"@id\":\"https:\\\/\\\/lasentinelle.dz\\\/#website\",\"url\":\"https:\\\/\\\/lasentinelle.dz\\\/\",\"name\":\"La Sentinelle\",\"description\":\"Quotidien national d&#039;information\",\"publisher\":{\"@id\":\"https:\\\/\\\/lasentinelle.dz\\\/#organization\"},\"potentialAction\":[{\"@type\":\"SearchAction\",\"target\":{\"@type\":\"EntryPoint\",\"urlTemplate\":\"https:\\\/\\\/lasentinelle.dz\\\/?s={search_term_string}\"},\"query-input\":{\"@type\":\"PropertyValueSpecification\",\"valueRequired\":true,\"valueName\":\"search_term_string\"}}],\"inLanguage\":\"fr-FR\"},{\"@type\":\"Organization\",\"@id\":\"https:\\\/\\\/lasentinelle.dz\\\/#organization\",\"name\":\"Quotidien La Sentinelle\",\"url\":\"https:\\\/\\\/lasentinelle.dz\\\/\",\"logo\":{\"@type\":\"ImageObject\",\"inLanguage\":\"fr-FR\",\"@id\":\"https:\\\/\\\/lasentinelle.dz\\\/#\\\/schema\\\/logo\\\/image\\\/\",\"url\":\"https:\\\/\\\/lasentinelle.dz\\\/wp-content\\\/uploads\\\/2021\\\/09\\\/logo-sentinelleSLOGAN-1.png\",\"contentUrl\":\"https:\\\/\\\/lasentinelle.dz\\\/wp-content\\\/uploads\\\/2021\\\/09\\\/logo-sentinelleSLOGAN-1.png\",\"width\":615,\"height\":142,\"caption\":\"Quotidien La Sentinelle\"},\"image\":{\"@id\":\"https:\\\/\\\/lasentinelle.dz\\\/#\\\/schema\\\/logo\\\/image\\\/\"},\"sameAs\":[\"https:\\\/\\\/www.facebook.com\\\/La-Sentinelle-104059864394773\"]},{\"@type\":\"Person\",\"@id\":\"https:\\\/\\\/lasentinelle.dz\\\/#\\\/schema\\\/person\\\/d865044e22e70a75174ce8bcad3acfb3\",\"name\":\"La Sentinelle\",\"image\":{\"@type\":\"ImageObject\",\"inLanguage\":\"fr-FR\",\"@id\":\"https:\\\/\\\/secure.gravatar.com\\\/avatar\\\/57de8e5d4b15d43fb361a71fbb36338450fe67865b528a43dd10ef7c51a20392?s=96&d=mm&r=g\",\"url\":\"https:\\\/\\\/secure.gravatar.com\\\/avatar\\\/57de8e5d4b15d43fb361a71fbb36338450fe67865b528a43dd10ef7c51a20392?s=96&d=mm&r=g\",\"contentUrl\":\"https:\\\/\\\/secure.gravatar.com\\\/avatar\\\/57de8e5d4b15d43fb361a71fbb36338450fe67865b528a43dd10ef7c51a20392?s=96&d=mm&r=g\",\"caption\":\"La Sentinelle\"},\"sameAs\":[\"http:\\\/\\\/www.lasentinelle.dz\"],\"url\":\"https:\\\/\\\/lasentinelle.dz\\\/author\\\/redaction\\\/\"}]}<\/script>\n<!-- \/ Yoast SEO plugin. -->","yoast_head_json":{"title":"Sahara occidental \/ Le retour au statu quo \u00ab n\u2019est plus envisageable \u00bb - La Sentinelle","robots":{"index":"index","follow":"follow","max-snippet":"max-snippet:-1","max-image-preview":"max-image-preview:large","max-video-preview":"max-video-preview:-1"},"canonical":"https:\/\/lasentinelle.dz\/index.php\/2021\/07\/13\/sahara-occidental-le-retour-au-statu-quo-nest-plus-envisageable\/","og_locale":"fr_FR","og_type":"article","og_title":"Sahara occidental \/ Le retour au statu quo \u00ab n\u2019est plus envisageable \u00bb - La Sentinelle","og_description":"Le ministre sahraoui des Affaires \u00e9trang\u00e8res, Mohamed Salem Ould Salek a d\u00e9clar\u00e9 que le retour au statu quo au Sahara","og_url":"https:\/\/lasentinelle.dz\/index.php\/2021\/07\/13\/sahara-occidental-le-retour-au-statu-quo-nest-plus-envisageable\/","og_site_name":"La Sentinelle","article_publisher":"https:\/\/www.facebook.com\/La-Sentinelle-104059864394773","article_published_time":"2021-07-13T14:25:46+00:00","article_modified_time":"2021-07-13T14:26:17+00:00","og_image":[{"width":1351,"height":900,"url":"https:\/\/lasentinelle.dz\/wp-content\/uploads\/2021\/07\/sahara-occidental.png","type":"image\/png"}],"author":"La Sentinelle","twitter_card":"summary_large_image","twitter_misc":{"\u00c9crit par":"La Sentinelle","Dur\u00e9e de lecture estim\u00e9e":"9 minutes"},"schema":{"@context":"https:\/\/schema.org","@graph":[{"@type":"Article","@id":"https:\/\/lasentinelle.dz\/index.php\/2021\/07\/13\/sahara-occidental-le-retour-au-statu-quo-nest-plus-envisageable\/#article","isPartOf":{"@id":"https:\/\/lasentinelle.dz\/index.php\/2021\/07\/13\/sahara-occidental-le-retour-au-statu-quo-nest-plus-envisageable\/"},"author":{"name":"La Sentinelle","@id":"https:\/\/lasentinelle.dz\/#\/schema\/person\/d865044e22e70a75174ce8bcad3acfb3"},"headline":"Sahara occidental \/ Le retour au statu quo \u00ab n\u2019est plus envisageable \u00bb","datePublished":"2021-07-13T14:25:46+00:00","dateModified":"2021-07-13T14:26:17+00:00","mainEntityOfPage":{"@id":"https:\/\/lasentinelle.dz\/index.php\/2021\/07\/13\/sahara-occidental-le-retour-au-statu-quo-nest-plus-envisageable\/"},"wordCount":2113,"commentCount":0,"publisher":{"@id":"https:\/\/lasentinelle.dz\/#organization"},"image":{"@id":"https:\/\/lasentinelle.dz\/index.php\/2021\/07\/13\/sahara-occidental-le-retour-au-statu-quo-nest-plus-envisageable\/#primaryimage"},"thumbnailUrl":"https:\/\/lasentinelle.dz\/wp-content\/uploads\/2021\/07\/sahara-occidental.png","articleSection":["Monde"],"inLanguage":"fr-FR","potentialAction":[{"@type":"CommentAction","name":"Comment","target":["https:\/\/lasentinelle.dz\/index.php\/2021\/07\/13\/sahara-occidental-le-retour-au-statu-quo-nest-plus-envisageable\/#respond"]}]},{"@type":"WebPage","@id":"https:\/\/lasentinelle.dz\/index.php\/2021\/07\/13\/sahara-occidental-le-retour-au-statu-quo-nest-plus-envisageable\/","url":"https:\/\/lasentinelle.dz\/index.php\/2021\/07\/13\/sahara-occidental-le-retour-au-statu-quo-nest-plus-envisageable\/","name":"Sahara occidental \/ Le retour au statu quo \u00ab n\u2019est plus envisageable \u00bb - La Sentinelle","isPartOf":{"@id":"https:\/\/lasentinelle.dz\/#website"},"primaryImageOfPage":{"@id":"https:\/\/lasentinelle.dz\/index.php\/2021\/07\/13\/sahara-occidental-le-retour-au-statu-quo-nest-plus-envisageable\/#primaryimage"},"image":{"@id":"https:\/\/lasentinelle.dz\/index.php\/2021\/07\/13\/sahara-occidental-le-retour-au-statu-quo-nest-plus-envisageable\/#primaryimage"},"thumbnailUrl":"https:\/\/lasentinelle.dz\/wp-content\/uploads\/2021\/07\/sahara-occidental.png","datePublished":"2021-07-13T14:25:46+00:00","dateModified":"2021-07-13T14:26:17+00:00","breadcrumb":{"@id":"https:\/\/lasentinelle.dz\/index.php\/2021\/07\/13\/sahara-occidental-le-retour-au-statu-quo-nest-plus-envisageable\/#breadcrumb"},"inLanguage":"fr-FR","potentialAction":[{"@type":"ReadAction","target":["https:\/\/lasentinelle.dz\/index.php\/2021\/07\/13\/sahara-occidental-le-retour-au-statu-quo-nest-plus-envisageable\/"]}]},{"@type":"ImageObject","inLanguage":"fr-FR","@id":"https:\/\/lasentinelle.dz\/index.php\/2021\/07\/13\/sahara-occidental-le-retour-au-statu-quo-nest-plus-envisageable\/#primaryimage","url":"https:\/\/lasentinelle.dz\/wp-content\/uploads\/2021\/07\/sahara-occidental.png","contentUrl":"https:\/\/lasentinelle.dz\/wp-content\/uploads\/2021\/07\/sahara-occidental.png","width":1351,"height":900},{"@type":"BreadcrumbList","@id":"https:\/\/lasentinelle.dz\/index.php\/2021\/07\/13\/sahara-occidental-le-retour-au-statu-quo-nest-plus-envisageable\/#breadcrumb","itemListElement":[{"@type":"ListItem","position":1,"name":"Accueil","item":"https:\/\/lasentinelle.dz\/"},{"@type":"ListItem","position":2,"name":"Sahara occidental \/ Le retour au statu quo \u00ab n\u2019est plus envisageable \u00bb"}]},{"@type":"WebSite","@id":"https:\/\/lasentinelle.dz\/#website","url":"https:\/\/lasentinelle.dz\/","name":"La Sentinelle","description":"Quotidien national d&#039;information","publisher":{"@id":"https:\/\/lasentinelle.dz\/#organization"},"potentialAction":[{"@type":"SearchAction","target":{"@type":"EntryPoint","urlTemplate":"https:\/\/lasentinelle.dz\/?s={search_term_string}"},"query-input":{"@type":"PropertyValueSpecification","valueRequired":true,"valueName":"search_term_string"}}],"inLanguage":"fr-FR"},{"@type":"Organization","@id":"https:\/\/lasentinelle.dz\/#organization","name":"Quotidien La Sentinelle","url":"https:\/\/lasentinelle.dz\/","logo":{"@type":"ImageObject","inLanguage":"fr-FR","@id":"https:\/\/lasentinelle.dz\/#\/schema\/logo\/image\/","url":"https:\/\/lasentinelle.dz\/wp-content\/uploads\/2021\/09\/logo-sentinelleSLOGAN-1.png","contentUrl":"https:\/\/lasentinelle.dz\/wp-content\/uploads\/2021\/09\/logo-sentinelleSLOGAN-1.png","width":615,"height":142,"caption":"Quotidien La Sentinelle"},"image":{"@id":"https:\/\/lasentinelle.dz\/#\/schema\/logo\/image\/"},"sameAs":["https:\/\/www.facebook.com\/La-Sentinelle-104059864394773"]},{"@type":"Person","@id":"https:\/\/lasentinelle.dz\/#\/schema\/person\/d865044e22e70a75174ce8bcad3acfb3","name":"La Sentinelle","image":{"@type":"ImageObject","inLanguage":"fr-FR","@id":"https:\/\/secure.gravatar.com\/avatar\/57de8e5d4b15d43fb361a71fbb36338450fe67865b528a43dd10ef7c51a20392?s=96&d=mm&r=g","url":"https:\/\/secure.gravatar.com\/avatar\/57de8e5d4b15d43fb361a71fbb36338450fe67865b528a43dd10ef7c51a20392?s=96&d=mm&r=g","contentUrl":"https:\/\/secure.gravatar.com\/avatar\/57de8e5d4b15d43fb361a71fbb36338450fe67865b528a43dd10ef7c51a20392?s=96&d=mm&r=g","caption":"La Sentinelle"},"sameAs":["http:\/\/www.lasentinelle.dz"],"url":"https:\/\/lasentinelle.dz\/author\/redaction\/"}]}},"_links":{"self":[{"href":"https:\/\/lasentinelle.dz\/index.php\/wp-json\/wp\/v2\/posts\/1079","targetHints":{"allow":["GET"]}}],"collection":[{"href":"https:\/\/lasentinelle.dz\/index.php\/wp-json\/wp\/v2\/posts"}],"about":[{"href":"https:\/\/lasentinelle.dz\/index.php\/wp-json\/wp\/v2\/types\/post"}],"author":[{"embeddable":true,"href":"https:\/\/lasentinelle.dz\/index.php\/wp-json\/wp\/v2\/users\/3"}],"replies":[{"embeddable":true,"href":"https:\/\/lasentinelle.dz\/index.php\/wp-json\/wp\/v2\/comments?post=1079"}],"version-history":[{"count":1,"href":"https:\/\/lasentinelle.dz\/index.php\/wp-json\/wp\/v2\/posts\/1079\/revisions"}],"predecessor-version":[{"id":1086,"href":"https:\/\/lasentinelle.dz\/index.php\/wp-json\/wp\/v2\/posts\/1079\/revisions\/1086"}],"wp:featuredmedia":[{"embeddable":true,"href":"https:\/\/lasentinelle.dz\/index.php\/wp-json\/wp\/v2\/media\/1085"}],"wp:attachment":[{"href":"https:\/\/lasentinelle.dz\/index.php\/wp-json\/wp\/v2\/media?parent=1079"}],"wp:term":[{"taxonomy":"category","embeddable":true,"href":"https:\/\/lasentinelle.dz\/index.php\/wp-json\/wp\/v2\/categories?post=1079"},{"taxonomy":"post_tag","embeddable":true,"href":"https:\/\/lasentinelle.dz\/index.php\/wp-json\/wp\/v2\/tags?post=1079"}],"curies":[{"name":"wp","href":"https:\/\/api.w.org\/{rel}","templated":true}]}}