{"id":10961,"date":"2021-10-18T00:01:00","date_gmt":"2021-10-17T23:01:00","guid":{"rendered":"https:\/\/lasentinelle.dz\/?p=10961"},"modified":"2021-10-17T15:25:06","modified_gmt":"2021-10-17T14:25:06","slug":"cr-belouizdad-la-delegation-malmenee-a-abidjan","status":"publish","type":"post","link":"https:\/\/lasentinelle.dz\/index.php\/2021\/10\/18\/cr-belouizdad-la-delegation-malmenee-a-abidjan\/","title":{"rendered":"CR Belouizdad : La d\u00e9l\u00e9gation malmen\u00e9e \u00e0 Abidjan"},"content":{"rendered":"\n<p>Le champion d\u2019Alg\u00e9rie en titre est all\u00e9 s\u2019incliner en C\u00f4te d\u2019Ivoire face \u00e0 l\u2019ASEC Mimosas, en LDC (1-3).<\/p>\n\n\n\n<p>Les supporters du CR Belouizdad gardaient espoir de voir leur \u00e9quipe revenir avec un r\u00e9sultat probant d&rsquo;Abidjan, face \u00e0 l&rsquo;ASEC Mimosa, dans le cadre du match aller du premier tour de la Champions League. Mais au finish, ils ont \u00e9t\u00e9 d\u00e9\u00e7us au plus haut point. Leur \u00e9quipe s&rsquo;est inclin\u00e9e sur le score de (3-1) au stade Stade Robert Champroux.&nbsp; En d\u00e9pit du score et la difficult\u00e9 de la mission au match retour, c\u2019est surtout ce qui s\u2019est pass\u00e9 peu avant le match qui a marqu\u00e9 les esprits des membres de la d\u00e9l\u00e9gation. Alors que tout se d\u00e9roulait bien, depuis l&rsquo;arriv\u00e9e de cette derni\u00e8re \u00e0 Abidjan, cela n&rsquo;a pas \u00e9t\u00e9 le cas, quelques heures avant le coup d&rsquo;envoi de la partie. Cela a commenc\u00e9 par l&rsquo;histoire des tests PCR pour d\u00e9tecter d&rsquo;\u00e9ventuelles contaminations par le Covid-19. Peu avant le coup d\u2019envoi du match, la direction du Chabab a publi\u00e9 sur sa page officielle sur Facebook que ces tests ont fait d\u00e9tecter deux cas positifs, \u00e0 savoir le capitaine Chemseddine Nessakh et l\u2019entra\u00eeneur adjoint, Ahmed Benkablia. Ainsi, les deux \u00e9l\u00e9ments en question n\u2019\u00e9taient pas autoris\u00e9s \u00e0 \u00eatre sur la pelouse. Apr\u00e8s cette annonce, la direction du Chabab ajoute que des tests antig\u00e9niques ont \u00e9t\u00e9 effectu\u00e9s. Ceux-ci ont confirm\u00e9, toujours selon la m\u00eame source, que les deux \u00e9l\u00e9ments en question n\u2019\u00e9taient pas contamin\u00e9s. L\u2019ambassadeur de l\u2019Alg\u00e9rie \u00e0 Abidjan a effectu\u00e9 les proc\u00e9dures n\u00e9cessaires aupr\u00e8s des autorit\u00e9s locales pour que Nessakh et Benkablia soient sur le terrain, en vain. Les Belouizdadis soup\u00e7onnent une falsification des tests, d\u2019autant plus que cela a touch\u00e9 le capitaine ainsi que l\u2019adjoint, lequel joue aussi le r\u00f4le d\u2019interpr\u00e8te entre le coach Paqueta et les joueurs. Et ce n&rsquo;est pas tout, une fois arriv\u00e9e au Stade Robert Champroux, la d\u00e9l\u00e9gation du Chabab a \u00e9t\u00e9 malmen\u00e9e \u00e0 l\u2019entr\u00e9e. Les agents de s\u00e9curit\u00e9 ont refus\u00e9 d\u2019ouvrir aux Alg\u00e9riens les portes menant aux vestiaires, ce qui a provoqu\u00e9 la col\u00e8re de ces derniers, surtout qu\u2019ils avaient pr\u00e9sent\u00e9 les badges leur permettant d\u2019acc\u00e9der. Il a fallu l\u2019intervention muscl\u00e9e de quelques membres pour forcer l\u2019entr\u00e9e aux vestiaires. Selon des sources, un rapport d\u00e9taill\u00e9 de ce qui a \u00e9t\u00e9 fait, \u00ab preuves \u00e0 l\u2019appui \u00bb sera envoy\u00e9 \u00e0 la Conf\u00e9d\u00e9ration africaine de football.<\/p>\n\n\n\n<p><strong>Abderrahim Mahious&nbsp;<\/strong><\/p>\n","protected":false},"excerpt":{"rendered":"<p>Le champion d\u2019Alg\u00e9rie en titre est all\u00e9 s\u2019incliner en C\u00f4te d\u2019Ivoire face \u00e0 l\u2019ASEC Mimosas, en LDC (1-3). Les supporters<\/p>\n","protected":false},"author":3,"featured_media":10964,"comment_status":"open","ping_status":"closed","sticky":false,"template":"","format":"standard","meta":{"colormag_page_container_layout":"default_layout","colormag_page_sidebar_layout":"default_layout","om_disable_all_campaigns":false,"_monsterinsights_skip_tracking":false,"_monsterinsights_sitenote_active":false,"_monsterinsights_sitenote_note":"","_monsterinsights_sitenote_category":0,"footnotes":"","_wpscppro_dont_share_socialmedia":false,"_wpscppro_custom_social_share_image":0,"_facebook_share_type":"","_twitter_share_type":"","_linkedin_share_type":"","_pinterest_share_type":"","_linkedin_share_type_page":"","_instagram_share_type":"","_medium_share_type":"","_threads_share_type":"","_google_business_share_type":"","_selected_social_profile":[],"_wpsp_enable_custom_social_template":false,"_wpsp_social_scheduling":{"enabled":false,"datetime":null,"platforms":[],"status":"template_only","dateOption":"today","timeOption":"now","customDays":"","customHours":"","customDate":"","customTime":"","schedulingType":"absolute"},"_wpsp_active_default_template":true},"categories":[33],"tags":[],"class_list":["post-10961","post","type-post","status-publish","format-standard","has-post-thumbnail","hentry","category-sports"],"aioseo_notices":[],"yoast_head":"<!-- This site is optimized with the Yoast SEO plugin v27.5 - https:\/\/yoast.com\/product\/yoast-seo-wordpress\/ -->\n<title>CR Belouizdad : La d\u00e9l\u00e9gation malmen\u00e9e \u00e0 Abidjan - La Sentinelle<\/title>\n<meta name=\"robots\" content=\"index, follow, max-snippet:-1, max-image-preview:large, max-video-preview:-1\" \/>\n<link rel=\"canonical\" href=\"https:\/\/lasentinelle.dz\/index.php\/2021\/10\/18\/cr-belouizdad-la-delegation-malmenee-a-abidjan\/\" \/>\n<meta property=\"og:locale\" content=\"fr_FR\" \/>\n<meta property=\"og:type\" content=\"article\" \/>\n<meta property=\"og:title\" content=\"CR Belouizdad : La d\u00e9l\u00e9gation malmen\u00e9e \u00e0 Abidjan - La Sentinelle\" \/>\n<meta property=\"og:description\" content=\"Le champion d\u2019Alg\u00e9rie en titre est all\u00e9 s\u2019incliner en C\u00f4te d\u2019Ivoire face \u00e0 l\u2019ASEC Mimosas, en LDC (1-3). Les supporters\" \/>\n<meta property=\"og:url\" content=\"https:\/\/lasentinelle.dz\/index.php\/2021\/10\/18\/cr-belouizdad-la-delegation-malmenee-a-abidjan\/\" \/>\n<meta property=\"og:site_name\" content=\"La Sentinelle\" \/>\n<meta property=\"article:publisher\" content=\"https:\/\/www.facebook.com\/La-Sentinelle-104059864394773\" \/>\n<meta property=\"article:published_time\" content=\"2021-10-17T23:01:00+00:00\" \/>\n<meta property=\"og:image\" content=\"https:\/\/lasentinelle.dz\/wp-content\/uploads\/2021\/10\/CRB-2.jpg\" \/>\n\t<meta property=\"og:image:width\" content=\"1613\" \/>\n\t<meta property=\"og:image:height\" content=\"1280\" \/>\n\t<meta property=\"og:image:type\" content=\"image\/jpeg\" \/>\n<meta name=\"author\" content=\"La Sentinelle\" \/>\n<meta name=\"twitter:card\" content=\"summary_large_image\" \/>\n<meta name=\"twitter:label1\" content=\"\u00c9crit par\" \/>\n\t<meta name=\"twitter:data1\" content=\"La Sentinelle\" \/>\n\t<meta name=\"twitter:label2\" content=\"Dur\u00e9e de lecture estim\u00e9e\" \/>\n\t<meta name=\"twitter:data2\" content=\"2 minutes\" \/>\n<script type=\"application\/ld+json\" class=\"yoast-schema-graph\">{\"@context\":\"https:\\\/\\\/schema.org\",\"@graph\":[{\"@type\":\"Article\",\"@id\":\"https:\\\/\\\/lasentinelle.dz\\\/index.php\\\/2021\\\/10\\\/18\\\/cr-belouizdad-la-delegation-malmenee-a-abidjan\\\/#article\",\"isPartOf\":{\"@id\":\"https:\\\/\\\/lasentinelle.dz\\\/index.php\\\/2021\\\/10\\\/18\\\/cr-belouizdad-la-delegation-malmenee-a-abidjan\\\/\"},\"author\":{\"name\":\"La Sentinelle\",\"@id\":\"https:\\\/\\\/lasentinelle.dz\\\/#\\\/schema\\\/person\\\/d865044e22e70a75174ce8bcad3acfb3\"},\"headline\":\"CR Belouizdad : La d\u00e9l\u00e9gation malmen\u00e9e \u00e0 Abidjan\",\"datePublished\":\"2021-10-17T23:01:00+00:00\",\"mainEntityOfPage\":{\"@id\":\"https:\\\/\\\/lasentinelle.dz\\\/index.php\\\/2021\\\/10\\\/18\\\/cr-belouizdad-la-delegation-malmenee-a-abidjan\\\/\"},\"wordCount\":463,\"commentCount\":0,\"publisher\":{\"@id\":\"https:\\\/\\\/lasentinelle.dz\\\/#organization\"},\"image\":{\"@id\":\"https:\\\/\\\/lasentinelle.dz\\\/index.php\\\/2021\\\/10\\\/18\\\/cr-belouizdad-la-delegation-malmenee-a-abidjan\\\/#primaryimage\"},\"thumbnailUrl\":\"https:\\\/\\\/lasentinelle.dz\\\/wp-content\\\/uploads\\\/2021\\\/10\\\/CRB-2.jpg\",\"articleSection\":[\"Sports\"],\"inLanguage\":\"fr-FR\",\"potentialAction\":[{\"@type\":\"CommentAction\",\"name\":\"Comment\",\"target\":[\"https:\\\/\\\/lasentinelle.dz\\\/index.php\\\/2021\\\/10\\\/18\\\/cr-belouizdad-la-delegation-malmenee-a-abidjan\\\/#respond\"]}]},{\"@type\":\"WebPage\",\"@id\":\"https:\\\/\\\/lasentinelle.dz\\\/index.php\\\/2021\\\/10\\\/18\\\/cr-belouizdad-la-delegation-malmenee-a-abidjan\\\/\",\"url\":\"https:\\\/\\\/lasentinelle.dz\\\/index.php\\\/2021\\\/10\\\/18\\\/cr-belouizdad-la-delegation-malmenee-a-abidjan\\\/\",\"name\":\"CR Belouizdad : La d\u00e9l\u00e9gation malmen\u00e9e \u00e0 Abidjan - La Sentinelle\",\"isPartOf\":{\"@id\":\"https:\\\/\\\/lasentinelle.dz\\\/#website\"},\"primaryImageOfPage\":{\"@id\":\"https:\\\/\\\/lasentinelle.dz\\\/index.php\\\/2021\\\/10\\\/18\\\/cr-belouizdad-la-delegation-malmenee-a-abidjan\\\/#primaryimage\"},\"image\":{\"@id\":\"https:\\\/\\\/lasentinelle.dz\\\/index.php\\\/2021\\\/10\\\/18\\\/cr-belouizdad-la-delegation-malmenee-a-abidjan\\\/#primaryimage\"},\"thumbnailUrl\":\"https:\\\/\\\/lasentinelle.dz\\\/wp-content\\\/uploads\\\/2021\\\/10\\\/CRB-2.jpg\",\"datePublished\":\"2021-10-17T23:01:00+00:00\",\"breadcrumb\":{\"@id\":\"https:\\\/\\\/lasentinelle.dz\\\/index.php\\\/2021\\\/10\\\/18\\\/cr-belouizdad-la-delegation-malmenee-a-abidjan\\\/#breadcrumb\"},\"inLanguage\":\"fr-FR\",\"potentialAction\":[{\"@type\":\"ReadAction\",\"target\":[\"https:\\\/\\\/lasentinelle.dz\\\/index.php\\\/2021\\\/10\\\/18\\\/cr-belouizdad-la-delegation-malmenee-a-abidjan\\\/\"]}]},{\"@type\":\"ImageObject\",\"inLanguage\":\"fr-FR\",\"@id\":\"https:\\\/\\\/lasentinelle.dz\\\/index.php\\\/2021\\\/10\\\/18\\\/cr-belouizdad-la-delegation-malmenee-a-abidjan\\\/#primaryimage\",\"url\":\"https:\\\/\\\/lasentinelle.dz\\\/wp-content\\\/uploads\\\/2021\\\/10\\\/CRB-2.jpg\",\"contentUrl\":\"https:\\\/\\\/lasentinelle.dz\\\/wp-content\\\/uploads\\\/2021\\\/10\\\/CRB-2.jpg\",\"width\":1613,\"height\":1280},{\"@type\":\"BreadcrumbList\",\"@id\":\"https:\\\/\\\/lasentinelle.dz\\\/index.php\\\/2021\\\/10\\\/18\\\/cr-belouizdad-la-delegation-malmenee-a-abidjan\\\/#breadcrumb\",\"itemListElement\":[{\"@type\":\"ListItem\",\"position\":1,\"name\":\"Accueil\",\"item\":\"https:\\\/\\\/lasentinelle.dz\\\/\"},{\"@type\":\"ListItem\",\"position\":2,\"name\":\"CR Belouizdad : La d\u00e9l\u00e9gation malmen\u00e9e \u00e0 Abidjan\"}]},{\"@type\":\"WebSite\",\"@id\":\"https:\\\/\\\/lasentinelle.dz\\\/#website\",\"url\":\"https:\\\/\\\/lasentinelle.dz\\\/\",\"name\":\"La Sentinelle\",\"description\":\"Quotidien national d&#039;information\",\"publisher\":{\"@id\":\"https:\\\/\\\/lasentinelle.dz\\\/#organization\"},\"potentialAction\":[{\"@type\":\"SearchAction\",\"target\":{\"@type\":\"EntryPoint\",\"urlTemplate\":\"https:\\\/\\\/lasentinelle.dz\\\/?s={search_term_string}\"},\"query-input\":{\"@type\":\"PropertyValueSpecification\",\"valueRequired\":true,\"valueName\":\"search_term_string\"}}],\"inLanguage\":\"fr-FR\"},{\"@type\":\"Organization\",\"@id\":\"https:\\\/\\\/lasentinelle.dz\\\/#organization\",\"name\":\"Quotidien La Sentinelle\",\"url\":\"https:\\\/\\\/lasentinelle.dz\\\/\",\"logo\":{\"@type\":\"ImageObject\",\"inLanguage\":\"fr-FR\",\"@id\":\"https:\\\/\\\/lasentinelle.dz\\\/#\\\/schema\\\/logo\\\/image\\\/\",\"url\":\"https:\\\/\\\/lasentinelle.dz\\\/wp-content\\\/uploads\\\/2021\\\/09\\\/logo-sentinelleSLOGAN-1.png\",\"contentUrl\":\"https:\\\/\\\/lasentinelle.dz\\\/wp-content\\\/uploads\\\/2021\\\/09\\\/logo-sentinelleSLOGAN-1.png\",\"width\":615,\"height\":142,\"caption\":\"Quotidien La Sentinelle\"},\"image\":{\"@id\":\"https:\\\/\\\/lasentinelle.dz\\\/#\\\/schema\\\/logo\\\/image\\\/\"},\"sameAs\":[\"https:\\\/\\\/www.facebook.com\\\/La-Sentinelle-104059864394773\"]},{\"@type\":\"Person\",\"@id\":\"https:\\\/\\\/lasentinelle.dz\\\/#\\\/schema\\\/person\\\/d865044e22e70a75174ce8bcad3acfb3\",\"name\":\"La Sentinelle\",\"image\":{\"@type\":\"ImageObject\",\"inLanguage\":\"fr-FR\",\"@id\":\"https:\\\/\\\/secure.gravatar.com\\\/avatar\\\/57de8e5d4b15d43fb361a71fbb36338450fe67865b528a43dd10ef7c51a20392?s=96&d=mm&r=g\",\"url\":\"https:\\\/\\\/secure.gravatar.com\\\/avatar\\\/57de8e5d4b15d43fb361a71fbb36338450fe67865b528a43dd10ef7c51a20392?s=96&d=mm&r=g\",\"contentUrl\":\"https:\\\/\\\/secure.gravatar.com\\\/avatar\\\/57de8e5d4b15d43fb361a71fbb36338450fe67865b528a43dd10ef7c51a20392?s=96&d=mm&r=g\",\"caption\":\"La Sentinelle\"},\"sameAs\":[\"http:\\\/\\\/www.lasentinelle.dz\"],\"url\":\"https:\\\/\\\/lasentinelle.dz\\\/author\\\/redaction\\\/\"}]}<\/script>\n<!-- \/ Yoast SEO plugin. -->","yoast_head_json":{"title":"CR Belouizdad : La d\u00e9l\u00e9gation malmen\u00e9e \u00e0 Abidjan - La Sentinelle","robots":{"index":"index","follow":"follow","max-snippet":"max-snippet:-1","max-image-preview":"max-image-preview:large","max-video-preview":"max-video-preview:-1"},"canonical":"https:\/\/lasentinelle.dz\/index.php\/2021\/10\/18\/cr-belouizdad-la-delegation-malmenee-a-abidjan\/","og_locale":"fr_FR","og_type":"article","og_title":"CR Belouizdad : La d\u00e9l\u00e9gation malmen\u00e9e \u00e0 Abidjan - La Sentinelle","og_description":"Le champion d\u2019Alg\u00e9rie en titre est all\u00e9 s\u2019incliner en C\u00f4te d\u2019Ivoire face \u00e0 l\u2019ASEC Mimosas, en LDC (1-3). Les supporters","og_url":"https:\/\/lasentinelle.dz\/index.php\/2021\/10\/18\/cr-belouizdad-la-delegation-malmenee-a-abidjan\/","og_site_name":"La Sentinelle","article_publisher":"https:\/\/www.facebook.com\/La-Sentinelle-104059864394773","article_published_time":"2021-10-17T23:01:00+00:00","og_image":[{"width":1613,"height":1280,"url":"https:\/\/lasentinelle.dz\/wp-content\/uploads\/2021\/10\/CRB-2.jpg","type":"image\/jpeg"}],"author":"La Sentinelle","twitter_card":"summary_large_image","twitter_misc":{"\u00c9crit par":"La Sentinelle","Dur\u00e9e de lecture estim\u00e9e":"2 minutes"},"schema":{"@context":"https:\/\/schema.org","@graph":[{"@type":"Article","@id":"https:\/\/lasentinelle.dz\/index.php\/2021\/10\/18\/cr-belouizdad-la-delegation-malmenee-a-abidjan\/#article","isPartOf":{"@id":"https:\/\/lasentinelle.dz\/index.php\/2021\/10\/18\/cr-belouizdad-la-delegation-malmenee-a-abidjan\/"},"author":{"name":"La Sentinelle","@id":"https:\/\/lasentinelle.dz\/#\/schema\/person\/d865044e22e70a75174ce8bcad3acfb3"},"headline":"CR Belouizdad : La d\u00e9l\u00e9gation malmen\u00e9e \u00e0 Abidjan","datePublished":"2021-10-17T23:01:00+00:00","mainEntityOfPage":{"@id":"https:\/\/lasentinelle.dz\/index.php\/2021\/10\/18\/cr-belouizdad-la-delegation-malmenee-a-abidjan\/"},"wordCount":463,"commentCount":0,"publisher":{"@id":"https:\/\/lasentinelle.dz\/#organization"},"image":{"@id":"https:\/\/lasentinelle.dz\/index.php\/2021\/10\/18\/cr-belouizdad-la-delegation-malmenee-a-abidjan\/#primaryimage"},"thumbnailUrl":"https:\/\/lasentinelle.dz\/wp-content\/uploads\/2021\/10\/CRB-2.jpg","articleSection":["Sports"],"inLanguage":"fr-FR","potentialAction":[{"@type":"CommentAction","name":"Comment","target":["https:\/\/lasentinelle.dz\/index.php\/2021\/10\/18\/cr-belouizdad-la-delegation-malmenee-a-abidjan\/#respond"]}]},{"@type":"WebPage","@id":"https:\/\/lasentinelle.dz\/index.php\/2021\/10\/18\/cr-belouizdad-la-delegation-malmenee-a-abidjan\/","url":"https:\/\/lasentinelle.dz\/index.php\/2021\/10\/18\/cr-belouizdad-la-delegation-malmenee-a-abidjan\/","name":"CR Belouizdad : La d\u00e9l\u00e9gation malmen\u00e9e \u00e0 Abidjan - La Sentinelle","isPartOf":{"@id":"https:\/\/lasentinelle.dz\/#website"},"primaryImageOfPage":{"@id":"https:\/\/lasentinelle.dz\/index.php\/2021\/10\/18\/cr-belouizdad-la-delegation-malmenee-a-abidjan\/#primaryimage"},"image":{"@id":"https:\/\/lasentinelle.dz\/index.php\/2021\/10\/18\/cr-belouizdad-la-delegation-malmenee-a-abidjan\/#primaryimage"},"thumbnailUrl":"https:\/\/lasentinelle.dz\/wp-content\/uploads\/2021\/10\/CRB-2.jpg","datePublished":"2021-10-17T23:01:00+00:00","breadcrumb":{"@id":"https:\/\/lasentinelle.dz\/index.php\/2021\/10\/18\/cr-belouizdad-la-delegation-malmenee-a-abidjan\/#breadcrumb"},"inLanguage":"fr-FR","potentialAction":[{"@type":"ReadAction","target":["https:\/\/lasentinelle.dz\/index.php\/2021\/10\/18\/cr-belouizdad-la-delegation-malmenee-a-abidjan\/"]}]},{"@type":"ImageObject","inLanguage":"fr-FR","@id":"https:\/\/lasentinelle.dz\/index.php\/2021\/10\/18\/cr-belouizdad-la-delegation-malmenee-a-abidjan\/#primaryimage","url":"https:\/\/lasentinelle.dz\/wp-content\/uploads\/2021\/10\/CRB-2.jpg","contentUrl":"https:\/\/lasentinelle.dz\/wp-content\/uploads\/2021\/10\/CRB-2.jpg","width":1613,"height":1280},{"@type":"BreadcrumbList","@id":"https:\/\/lasentinelle.dz\/index.php\/2021\/10\/18\/cr-belouizdad-la-delegation-malmenee-a-abidjan\/#breadcrumb","itemListElement":[{"@type":"ListItem","position":1,"name":"Accueil","item":"https:\/\/lasentinelle.dz\/"},{"@type":"ListItem","position":2,"name":"CR Belouizdad : La d\u00e9l\u00e9gation malmen\u00e9e \u00e0 Abidjan"}]},{"@type":"WebSite","@id":"https:\/\/lasentinelle.dz\/#website","url":"https:\/\/lasentinelle.dz\/","name":"La Sentinelle","description":"Quotidien national d&#039;information","publisher":{"@id":"https:\/\/lasentinelle.dz\/#organization"},"potentialAction":[{"@type":"SearchAction","target":{"@type":"EntryPoint","urlTemplate":"https:\/\/lasentinelle.dz\/?s={search_term_string}"},"query-input":{"@type":"PropertyValueSpecification","valueRequired":true,"valueName":"search_term_string"}}],"inLanguage":"fr-FR"},{"@type":"Organization","@id":"https:\/\/lasentinelle.dz\/#organization","name":"Quotidien La Sentinelle","url":"https:\/\/lasentinelle.dz\/","logo":{"@type":"ImageObject","inLanguage":"fr-FR","@id":"https:\/\/lasentinelle.dz\/#\/schema\/logo\/image\/","url":"https:\/\/lasentinelle.dz\/wp-content\/uploads\/2021\/09\/logo-sentinelleSLOGAN-1.png","contentUrl":"https:\/\/lasentinelle.dz\/wp-content\/uploads\/2021\/09\/logo-sentinelleSLOGAN-1.png","width":615,"height":142,"caption":"Quotidien La Sentinelle"},"image":{"@id":"https:\/\/lasentinelle.dz\/#\/schema\/logo\/image\/"},"sameAs":["https:\/\/www.facebook.com\/La-Sentinelle-104059864394773"]},{"@type":"Person","@id":"https:\/\/lasentinelle.dz\/#\/schema\/person\/d865044e22e70a75174ce8bcad3acfb3","name":"La Sentinelle","image":{"@type":"ImageObject","inLanguage":"fr-FR","@id":"https:\/\/secure.gravatar.com\/avatar\/57de8e5d4b15d43fb361a71fbb36338450fe67865b528a43dd10ef7c51a20392?s=96&d=mm&r=g","url":"https:\/\/secure.gravatar.com\/avatar\/57de8e5d4b15d43fb361a71fbb36338450fe67865b528a43dd10ef7c51a20392?s=96&d=mm&r=g","contentUrl":"https:\/\/secure.gravatar.com\/avatar\/57de8e5d4b15d43fb361a71fbb36338450fe67865b528a43dd10ef7c51a20392?s=96&d=mm&r=g","caption":"La Sentinelle"},"sameAs":["http:\/\/www.lasentinelle.dz"],"url":"https:\/\/lasentinelle.dz\/author\/redaction\/"}]}},"_links":{"self":[{"href":"https:\/\/lasentinelle.dz\/index.php\/wp-json\/wp\/v2\/posts\/10961","targetHints":{"allow":["GET"]}}],"collection":[{"href":"https:\/\/lasentinelle.dz\/index.php\/wp-json\/wp\/v2\/posts"}],"about":[{"href":"https:\/\/lasentinelle.dz\/index.php\/wp-json\/wp\/v2\/types\/post"}],"author":[{"embeddable":true,"href":"https:\/\/lasentinelle.dz\/index.php\/wp-json\/wp\/v2\/users\/3"}],"replies":[{"embeddable":true,"href":"https:\/\/lasentinelle.dz\/index.php\/wp-json\/wp\/v2\/comments?post=10961"}],"version-history":[{"count":1,"href":"https:\/\/lasentinelle.dz\/index.php\/wp-json\/wp\/v2\/posts\/10961\/revisions"}],"predecessor-version":[{"id":10965,"href":"https:\/\/lasentinelle.dz\/index.php\/wp-json\/wp\/v2\/posts\/10961\/revisions\/10965"}],"wp:featuredmedia":[{"embeddable":true,"href":"https:\/\/lasentinelle.dz\/index.php\/wp-json\/wp\/v2\/media\/10964"}],"wp:attachment":[{"href":"https:\/\/lasentinelle.dz\/index.php\/wp-json\/wp\/v2\/media?parent=10961"}],"wp:term":[{"taxonomy":"category","embeddable":true,"href":"https:\/\/lasentinelle.dz\/index.php\/wp-json\/wp\/v2\/categories?post=10961"},{"taxonomy":"post_tag","embeddable":true,"href":"https:\/\/lasentinelle.dz\/index.php\/wp-json\/wp\/v2\/tags?post=10961"}],"curies":[{"name":"wp","href":"https:\/\/api.w.org\/{rel}","templated":true}]}}