{"id":10985,"date":"2021-10-18T00:01:00","date_gmt":"2021-10-17T23:01:00","guid":{"rendered":"https:\/\/lasentinelle.dz\/?p=10985"},"modified":"2021-10-17T18:24:48","modified_gmt":"2021-10-17T17:24:48","slug":"maitre-benbraham-souligne-que-le-17-octobre-est-un-crime-detat-la-necessite-dacceder-aux-archives","status":"publish","type":"post","link":"https:\/\/lasentinelle.dz\/index.php\/2021\/10\/18\/maitre-benbraham-souligne-que-le-17-octobre-est-un-crime-detat-la-necessite-dacceder-aux-archives\/","title":{"rendered":"Ma\u00eetre Benbraham souligne que le 17 octobre est un crime d\u2019\u00c9tat : La n\u00e9cessit\u00e9 d\u2019acc\u00e9der aux archives"},"content":{"rendered":"\n<p>60 ans apr\u00e8s les massacres du 17 octobre 1961 \u00e0 Paris, l\u2019ouverture des archives permettra de lever l\u2019omerta impos\u00e9e par la France officielle sur un crime d\u2019\u00c9tat.<\/p>\n\n\n\n<p>C\u2019est dans ce contexte que Fatma Zohra,Benbraham avocate au barreau d&rsquo;Alger et chercheuse en droit de l&rsquo;Histoire, a insist\u00e9 hier sur la n\u00e9cessit\u00e9 de se manifester d\u00e8s aujourd\u2019hui et de demander l\u2019acc\u00e8s aux archives. Invit\u00e9e \u00e0 s\u2019exprimer hier sur les ondes de la Radio alg\u00e9rienne, \u00e0 l\u2019occasion de la comm\u00e9moration des massacres du 17 octobre, Mme Benbraham a mis en avant que les diff\u00e9rents t\u00e9moignages des survivants de la r\u00e9pression sauvage des Alg\u00e9riens, venus manifester pacifiquement contre le couvre-feu qui leur avait \u00e9t\u00e9 impos\u00e9 d\u00e9montrent le massacre et le crime d\u2019\u00c9tat. Fatma Zohra Benbraham a estim\u00e9 que \u00ab&nbsp;&lsquo;est par la base de ces t\u00e9moignages que juridiquement on a consacr\u00e9 le mot de massacre pour qualifier ce qui s&rsquo;\u00e9tait pass\u00e9 le 17 octobre 1961&nbsp;\u00bb.<\/p>\n\n\n\n<p>Des t\u00e9moignages qui d\u00e9voil\u00e9 un crime et un mensonge d\u2019\u00c9tat explique l\u2019avocate qui rappelle d\u2019ailleurs comment le militant anticolonialiste Jean-Luc Einaudi avait r\u00e9ussi \u00e0 d\u00e9voiler et \u00e0 \u00ab&nbsp;faire basculer la fausse e l&rsquo;Etat fran\u00e7ais&nbsp;\u00bb. \u00ab&nbsp;Jean Luc Einaudi a livr\u00e9 des t\u00e9moignages d\u2019employ\u00e9s des archives lors de son proc\u00e8s contre le pr\u00e9fet de police de l&rsquo;\u00e9poque des \u00e9v\u00e8nements Maurice Papon&nbsp;\u00bb, a expliqu\u00e9 Mme Benbraham. \u00ab&nbsp;Maurice Papon l&rsquo;a d&rsquo;ailleurs qualifi\u00e9 de menteur&nbsp;\u00bb, pr\u00e9cise-t-elle. L&rsquo;avocate qui a fait remarquer l&rsquo;existence de \u00ab&nbsp;t\u00e9moins alg\u00e9riens et de t\u00e9moins fran\u00e7ais dont deux t\u00e9moins sont des archivistes fran\u00e7ais qui sont venus dire la v\u00e9rit\u00e9&nbsp;\u00bb mais qui seront, pr\u00e9cise-t-elle, \u00e9cart\u00e9s ainsi que deux autres enqu\u00eateurs fran\u00e7ais qui ont attest\u00e9 de l&rsquo;existences de victimes dans ce massacre que la France officielle continue de nier.Aussi, il devient clair que \u00ab\u00a0c&rsquo;est sur la base de ces t\u00e9moignages que juridiquement on a consacr\u00e9 le mot \u00ab\u00a0massacre\u00a0\u00bb pour qualifier ce qui s&rsquo;\u00e9tait pass\u00e9 le 17 octobre, a ainsi affirm\u00e9 Mr Benbraham qui a estim\u00e9 que \u00ab&nbsp;juridiquement, si on a le complice on doit bien avoir l&rsquo;auteur qui, dans ce cas,&nbsp; n\u2019est pas un \u00eatrehumain mais un gouvernement ou l&rsquo;Etat fran\u00e7ais qui n&rsquo;a, devant ces t\u00e9moignages,&nbsp; plus les moyens de nier ou dissimuler sa volont\u00e9 express de massacrer&nbsp; des groupes de citoyens qui manifestaient pacifiquement dans les rues parisiennes&nbsp;\u00bb.<\/p>\n\n\n\n<p>C\u2019est dans ce contexte que ma\u00eetre Benbraham a mis en avant l\u2019importance de l\u2019acc\u00e8s aux archives. Elle d\u00e9nonce ainsi la volont\u00e9 de l\u2019\u00c9tat au plus haut niveau d\u2019entretenir le mensonge et le secret. Elle explique que \u00ab&nbsp;la volont\u00e9 manifeste de la France officielle de prot\u00e9ger ses agents qui ont perp\u00e9tr\u00e9 ces crimes mais aussi de se pr\u00e9server de toute poursuite, l\u2019a pouss\u00e9 \u00e0 fermer l\u2019acc\u00e8s aux archives&nbsp;\u00bb. Elle rappelle ainsi la loi de 1979 qui impose la non-communicabilit\u00e9 des archives pendant 60 ans. Une, pr\u00e9cise-t-elle, devaient servir en fait \u00e0 prot\u00e9ger les complices et l&rsquo;auteur du crime commis le 17 octobre 1961.<\/p>\n\n\n\n<p>Elle rappelle ainsi qu\u2019au bout soixante ans, \u00ab&nbsp;nous sommes d\u00e9li\u00e9s de la r\u00e8gle de non-communicabilit\u00e9 des archives d\u00e8s le 18 octobre (aujourd\u2019hui, NDLR)&nbsp;\u00bb. L\u2019avocate estime qu\u2019il est aujourd\u2019hui \u00ab&nbsp;n\u00e9cessaire de se manifester&nbsp;\u00bb et indique qu\u2019elle a bien l\u2019intention d\u2019adresser une correspondance au chef d\u2019\u00c9tat fran\u00e7ais pour acc\u00e9der aux archives. Elle met, cependant, en doute la pr\u00e9disposition de la France \u00e0 respecter ses propres lois, d\u2019autant qu\u2019il y a des pr\u00e9c\u00e9dents. Elle rappelle ainsi la mani\u00e8re dont Nicolars Sarkozy a ferm\u00e9 l\u2019acc\u00e8s aux archives des explosions nucl\u00e9aires men\u00e9es dans le Sud alg\u00e9rien. L\u2019avocate \u00e9met m\u00eame des doutes sur les motivations r\u00e9elles des restrictions sur les visas impos\u00e9es \u00e0 la veille de la lev\u00e9e de la non-communicabilit\u00e9 des archives. Elle estime que cela pourrait \u00eatre motiv\u00e9 par la volont\u00e9 d\u2019obstruer le travail des chercheurs historiens alg\u00e9riens, m\u00eame si elle rappelle que la communaut\u00e9 alg\u00e9rienne en France compte 6 millions de ressortissants. Des Alg\u00e9riens qui sont aujourd\u2019hui invit\u00e9s \u00e0 contribuer \u00e0 ce travail de m\u00e9moire.<\/p>\n\n\n\n<p>Mr Benbraham rappellera par ailleurs que \u00ab\u00a0le choix de la date du 17 octobree pour organiser cette manifestation pacifique&nbsp; n&rsquo;\u00e9tait pas, comme le croyaient les Fran\u00e7ais, anodin. Bien au contraire, le FLN a bien choisi la date parce qu&rsquo;\u00e0&nbsp; l&rsquo;Onu il y avait en ce moment un d\u00e9bat sur le droit des peuples \u00e0 l&rsquo;autod\u00e9termination. Et les Alg\u00e9riens ont ainsi voulu dire au monde entier qu&rsquo;ils ne sont pas des Fran\u00e7ais et qu&rsquo;ils ne veulent plus rester sous la tutelle de la France\u00a0\u00bb.<\/p>\n\n\n\n<p>Akli Amor<\/p>\n","protected":false},"excerpt":{"rendered":"<p>60 ans apr\u00e8s les massacres du 17 octobre 1961 \u00e0 Paris, l\u2019ouverture des archives permettra de lever l\u2019omerta impos\u00e9e par<\/p>\n","protected":false},"author":3,"featured_media":10993,"comment_status":"open","ping_status":"closed","sticky":false,"template":"","format":"standard","meta":{"colormag_page_container_layout":"default_layout","colormag_page_sidebar_layout":"default_layout","om_disable_all_campaigns":false,"_monsterinsights_skip_tracking":false,"_monsterinsights_sitenote_active":false,"_monsterinsights_sitenote_note":"","_monsterinsights_sitenote_category":0,"footnotes":"","_wpscppro_dont_share_socialmedia":false,"_wpscppro_custom_social_share_image":0,"_facebook_share_type":"","_twitter_share_type":"","_linkedin_share_type":"","_pinterest_share_type":"","_linkedin_share_type_page":"","_instagram_share_type":"","_medium_share_type":"","_threads_share_type":"","_google_business_share_type":"","_selected_social_profile":[],"_wpsp_enable_custom_social_template":false,"_wpsp_social_scheduling":{"enabled":false,"datetime":null,"platforms":[],"status":"template_only","dateOption":"today","timeOption":"now","customDays":"","customHours":"","customDate":"","customTime":"","schedulingType":"absolute"},"_wpsp_active_default_template":true},"categories":[27],"tags":[],"class_list":["post-10985","post","type-post","status-publish","format-standard","has-post-thumbnail","hentry","category-actualite"],"aioseo_notices":[],"yoast_head":"<!-- This site is optimized with the Yoast SEO plugin v27.5 - https:\/\/yoast.com\/product\/yoast-seo-wordpress\/ -->\n<title>Ma\u00eetre Benbraham souligne que le 17 octobre est un crime d\u2019\u00c9tat : La n\u00e9cessit\u00e9 d\u2019acc\u00e9der aux archives - La Sentinelle<\/title>\n<meta name=\"robots\" content=\"index, follow, max-snippet:-1, max-image-preview:large, max-video-preview:-1\" \/>\n<link rel=\"canonical\" href=\"https:\/\/lasentinelle.dz\/index.php\/2021\/10\/18\/maitre-benbraham-souligne-que-le-17-octobre-est-un-crime-detat-la-necessite-dacceder-aux-archives\/\" \/>\n<meta property=\"og:locale\" content=\"fr_FR\" \/>\n<meta property=\"og:type\" content=\"article\" \/>\n<meta property=\"og:title\" content=\"Ma\u00eetre Benbraham souligne que le 17 octobre est un crime d\u2019\u00c9tat : La n\u00e9cessit\u00e9 d\u2019acc\u00e9der aux archives - La Sentinelle\" \/>\n<meta property=\"og:description\" content=\"60 ans apr\u00e8s les massacres du 17 octobre 1961 \u00e0 Paris, l\u2019ouverture des archives permettra de lever l\u2019omerta impos\u00e9e par\" \/>\n<meta property=\"og:url\" content=\"https:\/\/lasentinelle.dz\/index.php\/2021\/10\/18\/maitre-benbraham-souligne-que-le-17-octobre-est-un-crime-detat-la-necessite-dacceder-aux-archives\/\" \/>\n<meta property=\"og:site_name\" content=\"La Sentinelle\" \/>\n<meta property=\"article:publisher\" content=\"https:\/\/www.facebook.com\/La-Sentinelle-104059864394773\" \/>\n<meta property=\"article:published_time\" content=\"2021-10-17T23:01:00+00:00\" \/>\n<meta property=\"og:image\" content=\"https:\/\/lasentinelle.dz\/wp-content\/uploads\/2021\/10\/image_2021-10-17_182157.png\" \/>\n\t<meta property=\"og:image:width\" content=\"745\" \/>\n\t<meta property=\"og:image:height\" content=\"470\" \/>\n\t<meta property=\"og:image:type\" content=\"image\/png\" \/>\n<meta name=\"author\" content=\"La Sentinelle\" \/>\n<meta name=\"twitter:card\" content=\"summary_large_image\" \/>\n<meta name=\"twitter:label1\" content=\"\u00c9crit par\" \/>\n\t<meta name=\"twitter:data1\" content=\"La Sentinelle\" \/>\n\t<meta name=\"twitter:label2\" content=\"Dur\u00e9e de lecture estim\u00e9e\" \/>\n\t<meta name=\"twitter:data2\" content=\"4 minutes\" \/>\n<script type=\"application\/ld+json\" class=\"yoast-schema-graph\">{\"@context\":\"https:\\\/\\\/schema.org\",\"@graph\":[{\"@type\":\"Article\",\"@id\":\"https:\\\/\\\/lasentinelle.dz\\\/index.php\\\/2021\\\/10\\\/18\\\/maitre-benbraham-souligne-que-le-17-octobre-est-un-crime-detat-la-necessite-dacceder-aux-archives\\\/#article\",\"isPartOf\":{\"@id\":\"https:\\\/\\\/lasentinelle.dz\\\/index.php\\\/2021\\\/10\\\/18\\\/maitre-benbraham-souligne-que-le-17-octobre-est-un-crime-detat-la-necessite-dacceder-aux-archives\\\/\"},\"author\":{\"name\":\"La Sentinelle\",\"@id\":\"https:\\\/\\\/lasentinelle.dz\\\/#\\\/schema\\\/person\\\/d865044e22e70a75174ce8bcad3acfb3\"},\"headline\":\"Ma\u00eetre Benbraham souligne que le 17 octobre est un crime d\u2019\u00c9tat : La n\u00e9cessit\u00e9 d\u2019acc\u00e9der aux archives\",\"datePublished\":\"2021-10-17T23:01:00+00:00\",\"mainEntityOfPage\":{\"@id\":\"https:\\\/\\\/lasentinelle.dz\\\/index.php\\\/2021\\\/10\\\/18\\\/maitre-benbraham-souligne-que-le-17-octobre-est-un-crime-detat-la-necessite-dacceder-aux-archives\\\/\"},\"wordCount\":868,\"commentCount\":0,\"publisher\":{\"@id\":\"https:\\\/\\\/lasentinelle.dz\\\/#organization\"},\"image\":{\"@id\":\"https:\\\/\\\/lasentinelle.dz\\\/index.php\\\/2021\\\/10\\\/18\\\/maitre-benbraham-souligne-que-le-17-octobre-est-un-crime-detat-la-necessite-dacceder-aux-archives\\\/#primaryimage\"},\"thumbnailUrl\":\"https:\\\/\\\/lasentinelle.dz\\\/wp-content\\\/uploads\\\/2021\\\/10\\\/image_2021-10-17_182157.png\",\"articleSection\":[\"Actualit\u00e9\"],\"inLanguage\":\"fr-FR\",\"potentialAction\":[{\"@type\":\"CommentAction\",\"name\":\"Comment\",\"target\":[\"https:\\\/\\\/lasentinelle.dz\\\/index.php\\\/2021\\\/10\\\/18\\\/maitre-benbraham-souligne-que-le-17-octobre-est-un-crime-detat-la-necessite-dacceder-aux-archives\\\/#respond\"]}]},{\"@type\":\"WebPage\",\"@id\":\"https:\\\/\\\/lasentinelle.dz\\\/index.php\\\/2021\\\/10\\\/18\\\/maitre-benbraham-souligne-que-le-17-octobre-est-un-crime-detat-la-necessite-dacceder-aux-archives\\\/\",\"url\":\"https:\\\/\\\/lasentinelle.dz\\\/index.php\\\/2021\\\/10\\\/18\\\/maitre-benbraham-souligne-que-le-17-octobre-est-un-crime-detat-la-necessite-dacceder-aux-archives\\\/\",\"name\":\"Ma\u00eetre Benbraham souligne que le 17 octobre est un crime d\u2019\u00c9tat : La n\u00e9cessit\u00e9 d\u2019acc\u00e9der aux archives - La Sentinelle\",\"isPartOf\":{\"@id\":\"https:\\\/\\\/lasentinelle.dz\\\/#website\"},\"primaryImageOfPage\":{\"@id\":\"https:\\\/\\\/lasentinelle.dz\\\/index.php\\\/2021\\\/10\\\/18\\\/maitre-benbraham-souligne-que-le-17-octobre-est-un-crime-detat-la-necessite-dacceder-aux-archives\\\/#primaryimage\"},\"image\":{\"@id\":\"https:\\\/\\\/lasentinelle.dz\\\/index.php\\\/2021\\\/10\\\/18\\\/maitre-benbraham-souligne-que-le-17-octobre-est-un-crime-detat-la-necessite-dacceder-aux-archives\\\/#primaryimage\"},\"thumbnailUrl\":\"https:\\\/\\\/lasentinelle.dz\\\/wp-content\\\/uploads\\\/2021\\\/10\\\/image_2021-10-17_182157.png\",\"datePublished\":\"2021-10-17T23:01:00+00:00\",\"breadcrumb\":{\"@id\":\"https:\\\/\\\/lasentinelle.dz\\\/index.php\\\/2021\\\/10\\\/18\\\/maitre-benbraham-souligne-que-le-17-octobre-est-un-crime-detat-la-necessite-dacceder-aux-archives\\\/#breadcrumb\"},\"inLanguage\":\"fr-FR\",\"potentialAction\":[{\"@type\":\"ReadAction\",\"target\":[\"https:\\\/\\\/lasentinelle.dz\\\/index.php\\\/2021\\\/10\\\/18\\\/maitre-benbraham-souligne-que-le-17-octobre-est-un-crime-detat-la-necessite-dacceder-aux-archives\\\/\"]}]},{\"@type\":\"ImageObject\",\"inLanguage\":\"fr-FR\",\"@id\":\"https:\\\/\\\/lasentinelle.dz\\\/index.php\\\/2021\\\/10\\\/18\\\/maitre-benbraham-souligne-que-le-17-octobre-est-un-crime-detat-la-necessite-dacceder-aux-archives\\\/#primaryimage\",\"url\":\"https:\\\/\\\/lasentinelle.dz\\\/wp-content\\\/uploads\\\/2021\\\/10\\\/image_2021-10-17_182157.png\",\"contentUrl\":\"https:\\\/\\\/lasentinelle.dz\\\/wp-content\\\/uploads\\\/2021\\\/10\\\/image_2021-10-17_182157.png\",\"width\":745,\"height\":470},{\"@type\":\"BreadcrumbList\",\"@id\":\"https:\\\/\\\/lasentinelle.dz\\\/index.php\\\/2021\\\/10\\\/18\\\/maitre-benbraham-souligne-que-le-17-octobre-est-un-crime-detat-la-necessite-dacceder-aux-archives\\\/#breadcrumb\",\"itemListElement\":[{\"@type\":\"ListItem\",\"position\":1,\"name\":\"Accueil\",\"item\":\"https:\\\/\\\/lasentinelle.dz\\\/\"},{\"@type\":\"ListItem\",\"position\":2,\"name\":\"Ma\u00eetre Benbraham souligne que le 17 octobre est un crime d\u2019\u00c9tat : La n\u00e9cessit\u00e9 d\u2019acc\u00e9der aux archives\"}]},{\"@type\":\"WebSite\",\"@id\":\"https:\\\/\\\/lasentinelle.dz\\\/#website\",\"url\":\"https:\\\/\\\/lasentinelle.dz\\\/\",\"name\":\"La Sentinelle\",\"description\":\"Quotidien national d&#039;information\",\"publisher\":{\"@id\":\"https:\\\/\\\/lasentinelle.dz\\\/#organization\"},\"potentialAction\":[{\"@type\":\"SearchAction\",\"target\":{\"@type\":\"EntryPoint\",\"urlTemplate\":\"https:\\\/\\\/lasentinelle.dz\\\/?s={search_term_string}\"},\"query-input\":{\"@type\":\"PropertyValueSpecification\",\"valueRequired\":true,\"valueName\":\"search_term_string\"}}],\"inLanguage\":\"fr-FR\"},{\"@type\":\"Organization\",\"@id\":\"https:\\\/\\\/lasentinelle.dz\\\/#organization\",\"name\":\"Quotidien La Sentinelle\",\"url\":\"https:\\\/\\\/lasentinelle.dz\\\/\",\"logo\":{\"@type\":\"ImageObject\",\"inLanguage\":\"fr-FR\",\"@id\":\"https:\\\/\\\/lasentinelle.dz\\\/#\\\/schema\\\/logo\\\/image\\\/\",\"url\":\"https:\\\/\\\/lasentinelle.dz\\\/wp-content\\\/uploads\\\/2021\\\/09\\\/logo-sentinelleSLOGAN-1.png\",\"contentUrl\":\"https:\\\/\\\/lasentinelle.dz\\\/wp-content\\\/uploads\\\/2021\\\/09\\\/logo-sentinelleSLOGAN-1.png\",\"width\":615,\"height\":142,\"caption\":\"Quotidien La Sentinelle\"},\"image\":{\"@id\":\"https:\\\/\\\/lasentinelle.dz\\\/#\\\/schema\\\/logo\\\/image\\\/\"},\"sameAs\":[\"https:\\\/\\\/www.facebook.com\\\/La-Sentinelle-104059864394773\"]},{\"@type\":\"Person\",\"@id\":\"https:\\\/\\\/lasentinelle.dz\\\/#\\\/schema\\\/person\\\/d865044e22e70a75174ce8bcad3acfb3\",\"name\":\"La Sentinelle\",\"image\":{\"@type\":\"ImageObject\",\"inLanguage\":\"fr-FR\",\"@id\":\"https:\\\/\\\/secure.gravatar.com\\\/avatar\\\/57de8e5d4b15d43fb361a71fbb36338450fe67865b528a43dd10ef7c51a20392?s=96&d=mm&r=g\",\"url\":\"https:\\\/\\\/secure.gravatar.com\\\/avatar\\\/57de8e5d4b15d43fb361a71fbb36338450fe67865b528a43dd10ef7c51a20392?s=96&d=mm&r=g\",\"contentUrl\":\"https:\\\/\\\/secure.gravatar.com\\\/avatar\\\/57de8e5d4b15d43fb361a71fbb36338450fe67865b528a43dd10ef7c51a20392?s=96&d=mm&r=g\",\"caption\":\"La Sentinelle\"},\"sameAs\":[\"http:\\\/\\\/www.lasentinelle.dz\"],\"url\":\"https:\\\/\\\/lasentinelle.dz\\\/author\\\/redaction\\\/\"}]}<\/script>\n<!-- \/ Yoast SEO plugin. -->","yoast_head_json":{"title":"Ma\u00eetre Benbraham souligne que le 17 octobre est un crime d\u2019\u00c9tat : La n\u00e9cessit\u00e9 d\u2019acc\u00e9der aux archives - La Sentinelle","robots":{"index":"index","follow":"follow","max-snippet":"max-snippet:-1","max-image-preview":"max-image-preview:large","max-video-preview":"max-video-preview:-1"},"canonical":"https:\/\/lasentinelle.dz\/index.php\/2021\/10\/18\/maitre-benbraham-souligne-que-le-17-octobre-est-un-crime-detat-la-necessite-dacceder-aux-archives\/","og_locale":"fr_FR","og_type":"article","og_title":"Ma\u00eetre Benbraham souligne que le 17 octobre est un crime d\u2019\u00c9tat : La n\u00e9cessit\u00e9 d\u2019acc\u00e9der aux archives - La Sentinelle","og_description":"60 ans apr\u00e8s les massacres du 17 octobre 1961 \u00e0 Paris, l\u2019ouverture des archives permettra de lever l\u2019omerta impos\u00e9e par","og_url":"https:\/\/lasentinelle.dz\/index.php\/2021\/10\/18\/maitre-benbraham-souligne-que-le-17-octobre-est-un-crime-detat-la-necessite-dacceder-aux-archives\/","og_site_name":"La Sentinelle","article_publisher":"https:\/\/www.facebook.com\/La-Sentinelle-104059864394773","article_published_time":"2021-10-17T23:01:00+00:00","og_image":[{"width":745,"height":470,"url":"https:\/\/lasentinelle.dz\/wp-content\/uploads\/2021\/10\/image_2021-10-17_182157.png","type":"image\/png"}],"author":"La Sentinelle","twitter_card":"summary_large_image","twitter_misc":{"\u00c9crit par":"La Sentinelle","Dur\u00e9e de lecture estim\u00e9e":"4 minutes"},"schema":{"@context":"https:\/\/schema.org","@graph":[{"@type":"Article","@id":"https:\/\/lasentinelle.dz\/index.php\/2021\/10\/18\/maitre-benbraham-souligne-que-le-17-octobre-est-un-crime-detat-la-necessite-dacceder-aux-archives\/#article","isPartOf":{"@id":"https:\/\/lasentinelle.dz\/index.php\/2021\/10\/18\/maitre-benbraham-souligne-que-le-17-octobre-est-un-crime-detat-la-necessite-dacceder-aux-archives\/"},"author":{"name":"La Sentinelle","@id":"https:\/\/lasentinelle.dz\/#\/schema\/person\/d865044e22e70a75174ce8bcad3acfb3"},"headline":"Ma\u00eetre Benbraham souligne que le 17 octobre est un crime d\u2019\u00c9tat : La n\u00e9cessit\u00e9 d\u2019acc\u00e9der aux archives","datePublished":"2021-10-17T23:01:00+00:00","mainEntityOfPage":{"@id":"https:\/\/lasentinelle.dz\/index.php\/2021\/10\/18\/maitre-benbraham-souligne-que-le-17-octobre-est-un-crime-detat-la-necessite-dacceder-aux-archives\/"},"wordCount":868,"commentCount":0,"publisher":{"@id":"https:\/\/lasentinelle.dz\/#organization"},"image":{"@id":"https:\/\/lasentinelle.dz\/index.php\/2021\/10\/18\/maitre-benbraham-souligne-que-le-17-octobre-est-un-crime-detat-la-necessite-dacceder-aux-archives\/#primaryimage"},"thumbnailUrl":"https:\/\/lasentinelle.dz\/wp-content\/uploads\/2021\/10\/image_2021-10-17_182157.png","articleSection":["Actualit\u00e9"],"inLanguage":"fr-FR","potentialAction":[{"@type":"CommentAction","name":"Comment","target":["https:\/\/lasentinelle.dz\/index.php\/2021\/10\/18\/maitre-benbraham-souligne-que-le-17-octobre-est-un-crime-detat-la-necessite-dacceder-aux-archives\/#respond"]}]},{"@type":"WebPage","@id":"https:\/\/lasentinelle.dz\/index.php\/2021\/10\/18\/maitre-benbraham-souligne-que-le-17-octobre-est-un-crime-detat-la-necessite-dacceder-aux-archives\/","url":"https:\/\/lasentinelle.dz\/index.php\/2021\/10\/18\/maitre-benbraham-souligne-que-le-17-octobre-est-un-crime-detat-la-necessite-dacceder-aux-archives\/","name":"Ma\u00eetre Benbraham souligne que le 17 octobre est un crime d\u2019\u00c9tat : La n\u00e9cessit\u00e9 d\u2019acc\u00e9der aux archives - La Sentinelle","isPartOf":{"@id":"https:\/\/lasentinelle.dz\/#website"},"primaryImageOfPage":{"@id":"https:\/\/lasentinelle.dz\/index.php\/2021\/10\/18\/maitre-benbraham-souligne-que-le-17-octobre-est-un-crime-detat-la-necessite-dacceder-aux-archives\/#primaryimage"},"image":{"@id":"https:\/\/lasentinelle.dz\/index.php\/2021\/10\/18\/maitre-benbraham-souligne-que-le-17-octobre-est-un-crime-detat-la-necessite-dacceder-aux-archives\/#primaryimage"},"thumbnailUrl":"https:\/\/lasentinelle.dz\/wp-content\/uploads\/2021\/10\/image_2021-10-17_182157.png","datePublished":"2021-10-17T23:01:00+00:00","breadcrumb":{"@id":"https:\/\/lasentinelle.dz\/index.php\/2021\/10\/18\/maitre-benbraham-souligne-que-le-17-octobre-est-un-crime-detat-la-necessite-dacceder-aux-archives\/#breadcrumb"},"inLanguage":"fr-FR","potentialAction":[{"@type":"ReadAction","target":["https:\/\/lasentinelle.dz\/index.php\/2021\/10\/18\/maitre-benbraham-souligne-que-le-17-octobre-est-un-crime-detat-la-necessite-dacceder-aux-archives\/"]}]},{"@type":"ImageObject","inLanguage":"fr-FR","@id":"https:\/\/lasentinelle.dz\/index.php\/2021\/10\/18\/maitre-benbraham-souligne-que-le-17-octobre-est-un-crime-detat-la-necessite-dacceder-aux-archives\/#primaryimage","url":"https:\/\/lasentinelle.dz\/wp-content\/uploads\/2021\/10\/image_2021-10-17_182157.png","contentUrl":"https:\/\/lasentinelle.dz\/wp-content\/uploads\/2021\/10\/image_2021-10-17_182157.png","width":745,"height":470},{"@type":"BreadcrumbList","@id":"https:\/\/lasentinelle.dz\/index.php\/2021\/10\/18\/maitre-benbraham-souligne-que-le-17-octobre-est-un-crime-detat-la-necessite-dacceder-aux-archives\/#breadcrumb","itemListElement":[{"@type":"ListItem","position":1,"name":"Accueil","item":"https:\/\/lasentinelle.dz\/"},{"@type":"ListItem","position":2,"name":"Ma\u00eetre Benbraham souligne que le 17 octobre est un crime d\u2019\u00c9tat : La n\u00e9cessit\u00e9 d\u2019acc\u00e9der aux archives"}]},{"@type":"WebSite","@id":"https:\/\/lasentinelle.dz\/#website","url":"https:\/\/lasentinelle.dz\/","name":"La Sentinelle","description":"Quotidien national d&#039;information","publisher":{"@id":"https:\/\/lasentinelle.dz\/#organization"},"potentialAction":[{"@type":"SearchAction","target":{"@type":"EntryPoint","urlTemplate":"https:\/\/lasentinelle.dz\/?s={search_term_string}"},"query-input":{"@type":"PropertyValueSpecification","valueRequired":true,"valueName":"search_term_string"}}],"inLanguage":"fr-FR"},{"@type":"Organization","@id":"https:\/\/lasentinelle.dz\/#organization","name":"Quotidien La Sentinelle","url":"https:\/\/lasentinelle.dz\/","logo":{"@type":"ImageObject","inLanguage":"fr-FR","@id":"https:\/\/lasentinelle.dz\/#\/schema\/logo\/image\/","url":"https:\/\/lasentinelle.dz\/wp-content\/uploads\/2021\/09\/logo-sentinelleSLOGAN-1.png","contentUrl":"https:\/\/lasentinelle.dz\/wp-content\/uploads\/2021\/09\/logo-sentinelleSLOGAN-1.png","width":615,"height":142,"caption":"Quotidien La Sentinelle"},"image":{"@id":"https:\/\/lasentinelle.dz\/#\/schema\/logo\/image\/"},"sameAs":["https:\/\/www.facebook.com\/La-Sentinelle-104059864394773"]},{"@type":"Person","@id":"https:\/\/lasentinelle.dz\/#\/schema\/person\/d865044e22e70a75174ce8bcad3acfb3","name":"La Sentinelle","image":{"@type":"ImageObject","inLanguage":"fr-FR","@id":"https:\/\/secure.gravatar.com\/avatar\/57de8e5d4b15d43fb361a71fbb36338450fe67865b528a43dd10ef7c51a20392?s=96&d=mm&r=g","url":"https:\/\/secure.gravatar.com\/avatar\/57de8e5d4b15d43fb361a71fbb36338450fe67865b528a43dd10ef7c51a20392?s=96&d=mm&r=g","contentUrl":"https:\/\/secure.gravatar.com\/avatar\/57de8e5d4b15d43fb361a71fbb36338450fe67865b528a43dd10ef7c51a20392?s=96&d=mm&r=g","caption":"La Sentinelle"},"sameAs":["http:\/\/www.lasentinelle.dz"],"url":"https:\/\/lasentinelle.dz\/author\/redaction\/"}]}},"_links":{"self":[{"href":"https:\/\/lasentinelle.dz\/index.php\/wp-json\/wp\/v2\/posts\/10985","targetHints":{"allow":["GET"]}}],"collection":[{"href":"https:\/\/lasentinelle.dz\/index.php\/wp-json\/wp\/v2\/posts"}],"about":[{"href":"https:\/\/lasentinelle.dz\/index.php\/wp-json\/wp\/v2\/types\/post"}],"author":[{"embeddable":true,"href":"https:\/\/lasentinelle.dz\/index.php\/wp-json\/wp\/v2\/users\/3"}],"replies":[{"embeddable":true,"href":"https:\/\/lasentinelle.dz\/index.php\/wp-json\/wp\/v2\/comments?post=10985"}],"version-history":[{"count":1,"href":"https:\/\/lasentinelle.dz\/index.php\/wp-json\/wp\/v2\/posts\/10985\/revisions"}],"predecessor-version":[{"id":10994,"href":"https:\/\/lasentinelle.dz\/index.php\/wp-json\/wp\/v2\/posts\/10985\/revisions\/10994"}],"wp:featuredmedia":[{"embeddable":true,"href":"https:\/\/lasentinelle.dz\/index.php\/wp-json\/wp\/v2\/media\/10993"}],"wp:attachment":[{"href":"https:\/\/lasentinelle.dz\/index.php\/wp-json\/wp\/v2\/media?parent=10985"}],"wp:term":[{"taxonomy":"category","embeddable":true,"href":"https:\/\/lasentinelle.dz\/index.php\/wp-json\/wp\/v2\/categories?post=10985"},{"taxonomy":"post_tag","embeddable":true,"href":"https:\/\/lasentinelle.dz\/index.php\/wp-json\/wp\/v2\/tags?post=10985"}],"curies":[{"name":"wp","href":"https:\/\/api.w.org\/{rel}","templated":true}]}}