{"id":11010,"date":"2021-10-18T00:05:00","date_gmt":"2021-10-17T23:05:00","guid":{"rendered":"https:\/\/lasentinelle.dz\/?p=11010"},"modified":"2021-10-17T20:05:01","modified_gmt":"2021-10-17T19:05:01","slug":"un-nouveau-texte-au-menu-du-conseil-des-ministres-la-perpetuite-pour-les-speculateurs","status":"publish","type":"post","link":"https:\/\/lasentinelle.dz\/index.php\/2021\/10\/18\/un-nouveau-texte-au-menu-du-conseil-des-ministres-la-perpetuite-pour-les-speculateurs\/","title":{"rendered":"Un nouveau texte au menu du Conseil des ministres : La perp\u00e9tuit\u00e9 pour les sp\u00e9culateurs"},"content":{"rendered":"\n<p>Les sp\u00e9culateurs encourront d\u00e9sormais de lourdes peines d\u2019emprisonnement qui peuvent aller jusqu\u2019\u00e0 la perp\u00e9tuit\u00e9.<\/p>\n\n\n\n<p>Le ton a \u00e9t\u00e9 donn\u00e9 par le pr\u00e9sident de la R\u00e9publique. Hier, alors qu\u2019il pr\u00e9sidait la r\u00e9union p\u00e9riodique du Conseil des ministres, le pr\u00e9sident de la R\u00e9publique, Abdelmadjid Tebboune, a ordonn\u00e9 une r\u00e9vision du Code p\u00e9nal pour imposer des peines d\u2019emprisonnement allant de 30 ans \u00e0 la perp\u00e9tuit\u00e9 pour les sp\u00e9culateurs. C\u2019est dire la gravit\u00e9 de l\u2019acte au regard du pr\u00e9sident de la R\u00e9publique lequel a qualifi\u00e9 \u00e0 plusieurs reprises les sp\u00e9culateurs de \u00ab parasites \u00bb, qui s\u2019amusent \u00e0 \u00ab jouer avec le pain des Alg\u00e9riens \u00bb. Un acte criminel de premier ordre derri\u00e8re lequel \u00ab se cachent des motivations politiques \u00bb avait tenu \u00e0 souligner le Pr\u00e9sident Tebboune, lors de sa derni\u00e8re rencontre avec les repr\u00e9sentants de la presse nationale.<\/p>\n\n\n\n<p>Ce sera donc tol\u00e9rance z\u00e9ro pour les sp\u00e9culateurs, d\u2019autant que le ph\u00e9nom\u00e8ne a atteint des proportions in\u00e9dites. Les p\u00e9nuries organis\u00e9es et les hausses des prix ayant r\u00e9ussi \u00e0 limiter l\u2019impact des mesures prises afin de rehausser le pouvoir d\u2019achat des m\u00e9nages alg\u00e9riens ont atteint leur paroxysme. Aussi, et au moment o\u00f9 les pouvoirs publics s\u2019appr\u00eatent \u00e0 prendre de nouvelles mesures, dans le cadre du projet de loi de finances pour 2022, afin d\u2019am\u00e9liorer le pouvoir d\u2019achat des m\u00e9nages via une r\u00e9vision \u00e0 la hausse des salaires de la fonction publique et une baisse de l\u2019IRG des salari\u00e9s, des mesures sont prises en amont afin d\u2019\u00e9viter que cela ne soit mis \u00e0 profit par les sp\u00e9culateurs pour alimenter une nouvelle hausse des prix. C\u2019est ce qui justifie d\u2019ailleurs le durcissement des sanctions contre ces derniers sp\u00e9culateurs. Cela doit s\u2019accompagner par une d\u00e9marche p\u00e9dagogique. En ce sens, le pr\u00e9sident de la R\u00e9publique a instruit le ministre du Commerce et de la Promotion des exportations de lancer une op\u00e9ration de sensibilisation , \u00e0 travers les m\u00e9dias, en direction de la soci\u00e9t\u00e9 civile, les citoyens et les commer\u00e7ants quant aux dispositions de la nouvelle loi sur la lutte contre la sp\u00e9culation et les risques encourus, mais aussi de mieux expliquer les diff\u00e9rences entre le stockage organis\u00e9es \u00e0 des fins commerciales, et le stockage, dans le but de cr\u00e9er la raret\u00e9 ou de faire monter les prix . Il a \u00e9galement soulign\u00e9 le r\u00f4le central de la soci\u00e9t\u00e9 civile et des m\u00e9dias dans la lutte contre les pratiques commerciales d\u00e9loyales, de m\u00eame qu\u2019il recommand\u00e9 de promouvoir une approche p\u00e9dagogique centr\u00e9e sur les habitudes de consommation rationnelle afin de mieux lutter contre \u00ab les parasites qui cherchent \u00e0 faire monter les prix pour semer le chaos et cr\u00e9er le d\u00e9sespoir \u00bb, pr\u00e9cise le communiqu\u00e9 des services de la pr\u00e9sidence de la R\u00e9publique qui a sanctionn\u00e9 les travaux du Conseil des ministres.<\/p>\n\n\n\n<p>Notons par ailleurs que le Conseil des ministres a approuv\u00e9 une proposition soumise par le ministre des Affaires \u00e9trang\u00e8res et de la Communaut\u00e9 nationale \u00e0 l&rsquo;\u00e9tranger, de mettre en place un num\u00e9ro vert au niveau des ambassades et consulats \u00e0 la disposition des membres de la communaut\u00e9 nationale afin de leur assurer une protection permanente et imm\u00e9diate, et d&rsquo;\u00eatre \u00e0 l&rsquo;\u00e9coute de leurs pr\u00e9occupations en cas de harc\u00e8lement ext\u00e9rieur. Il a \u00e9galement examin\u00e9 le dossier relatif \u00e0 l&rsquo;organisation de la Mosqu\u00e9e d&rsquo;Alger, ainsi que les dispositions particuli\u00e8res relatives \u00e0 la rentr\u00e9e universitaire et la rentr\u00e9e de la formation professionnelle.<\/p>\n\n\n\n<p><strong>Samira Ghrib<\/strong><\/p>\n","protected":false},"excerpt":{"rendered":"<p>Les sp\u00e9culateurs encourront d\u00e9sormais de lourdes peines d\u2019emprisonnement qui peuvent aller jusqu\u2019\u00e0 la perp\u00e9tuit\u00e9. Le ton a \u00e9t\u00e9 donn\u00e9 par<\/p>\n","protected":false},"author":3,"featured_media":11021,"comment_status":"open","ping_status":"closed","sticky":false,"template":"","format":"standard","meta":{"colormag_page_container_layout":"default_layout","colormag_page_sidebar_layout":"default_layout","om_disable_all_campaigns":false,"_monsterinsights_skip_tracking":false,"_monsterinsights_sitenote_active":false,"_monsterinsights_sitenote_note":"","_monsterinsights_sitenote_category":0,"footnotes":"","_wpscppro_dont_share_socialmedia":false,"_wpscppro_custom_social_share_image":0,"_facebook_share_type":"","_twitter_share_type":"","_linkedin_share_type":"","_pinterest_share_type":"","_linkedin_share_type_page":"","_instagram_share_type":"","_medium_share_type":"","_threads_share_type":"","_google_business_share_type":"","_selected_social_profile":[],"_wpsp_enable_custom_social_template":false,"_wpsp_social_scheduling":{"enabled":false,"datetime":null,"platforms":[],"status":"template_only","dateOption":"today","timeOption":"now","customDays":"","customHours":"","customDate":"","customTime":"","schedulingType":"absolute"},"_wpsp_active_default_template":true},"categories":[27],"tags":[],"class_list":["post-11010","post","type-post","status-publish","format-standard","has-post-thumbnail","hentry","category-actualite"],"aioseo_notices":[],"yoast_head":"<!-- This site is optimized with the Yoast SEO plugin v27.5 - https:\/\/yoast.com\/product\/yoast-seo-wordpress\/ -->\n<title>Un nouveau texte au menu du Conseil des ministres : La perp\u00e9tuit\u00e9 pour les sp\u00e9culateurs - La Sentinelle<\/title>\n<meta name=\"robots\" content=\"index, follow, max-snippet:-1, max-image-preview:large, max-video-preview:-1\" \/>\n<link rel=\"canonical\" href=\"https:\/\/lasentinelle.dz\/index.php\/2021\/10\/18\/un-nouveau-texte-au-menu-du-conseil-des-ministres-la-perpetuite-pour-les-speculateurs\/\" \/>\n<meta property=\"og:locale\" content=\"fr_FR\" \/>\n<meta property=\"og:type\" content=\"article\" \/>\n<meta property=\"og:title\" content=\"Un nouveau texte au menu du Conseil des ministres : La perp\u00e9tuit\u00e9 pour les sp\u00e9culateurs - La Sentinelle\" \/>\n<meta property=\"og:description\" content=\"Les sp\u00e9culateurs encourront d\u00e9sormais de lourdes peines d\u2019emprisonnement qui peuvent aller jusqu\u2019\u00e0 la perp\u00e9tuit\u00e9. Le ton a \u00e9t\u00e9 donn\u00e9 par\" \/>\n<meta property=\"og:url\" content=\"https:\/\/lasentinelle.dz\/index.php\/2021\/10\/18\/un-nouveau-texte-au-menu-du-conseil-des-ministres-la-perpetuite-pour-les-speculateurs\/\" \/>\n<meta property=\"og:site_name\" content=\"La Sentinelle\" \/>\n<meta property=\"article:publisher\" content=\"https:\/\/www.facebook.com\/La-Sentinelle-104059864394773\" \/>\n<meta property=\"article:published_time\" content=\"2021-10-17T23:05:00+00:00\" \/>\n<meta property=\"og:image\" content=\"https:\/\/lasentinelle.dz\/wp-content\/uploads\/2021\/10\/stockage-pomme-de-terre.jpg\" \/>\n\t<meta property=\"og:image:width\" content=\"1003\" \/>\n\t<meta property=\"og:image:height\" content=\"669\" \/>\n\t<meta property=\"og:image:type\" content=\"image\/jpeg\" \/>\n<meta name=\"author\" content=\"La Sentinelle\" \/>\n<meta name=\"twitter:card\" content=\"summary_large_image\" \/>\n<meta name=\"twitter:label1\" content=\"\u00c9crit par\" \/>\n\t<meta name=\"twitter:data1\" content=\"La Sentinelle\" \/>\n\t<meta name=\"twitter:label2\" content=\"Dur\u00e9e de lecture estim\u00e9e\" \/>\n\t<meta name=\"twitter:data2\" content=\"3 minutes\" \/>\n<script type=\"application\/ld+json\" class=\"yoast-schema-graph\">{\"@context\":\"https:\\\/\\\/schema.org\",\"@graph\":[{\"@type\":\"Article\",\"@id\":\"https:\\\/\\\/lasentinelle.dz\\\/index.php\\\/2021\\\/10\\\/18\\\/un-nouveau-texte-au-menu-du-conseil-des-ministres-la-perpetuite-pour-les-speculateurs\\\/#article\",\"isPartOf\":{\"@id\":\"https:\\\/\\\/lasentinelle.dz\\\/index.php\\\/2021\\\/10\\\/18\\\/un-nouveau-texte-au-menu-du-conseil-des-ministres-la-perpetuite-pour-les-speculateurs\\\/\"},\"author\":{\"name\":\"La Sentinelle\",\"@id\":\"https:\\\/\\\/lasentinelle.dz\\\/#\\\/schema\\\/person\\\/d865044e22e70a75174ce8bcad3acfb3\"},\"headline\":\"Un nouveau texte au menu du Conseil des ministres : La perp\u00e9tuit\u00e9 pour les sp\u00e9culateurs\",\"datePublished\":\"2021-10-17T23:05:00+00:00\",\"mainEntityOfPage\":{\"@id\":\"https:\\\/\\\/lasentinelle.dz\\\/index.php\\\/2021\\\/10\\\/18\\\/un-nouveau-texte-au-menu-du-conseil-des-ministres-la-perpetuite-pour-les-speculateurs\\\/\"},\"wordCount\":636,\"commentCount\":0,\"publisher\":{\"@id\":\"https:\\\/\\\/lasentinelle.dz\\\/#organization\"},\"image\":{\"@id\":\"https:\\\/\\\/lasentinelle.dz\\\/index.php\\\/2021\\\/10\\\/18\\\/un-nouveau-texte-au-menu-du-conseil-des-ministres-la-perpetuite-pour-les-speculateurs\\\/#primaryimage\"},\"thumbnailUrl\":\"https:\\\/\\\/lasentinelle.dz\\\/wp-content\\\/uploads\\\/2021\\\/10\\\/stockage-pomme-de-terre.jpg\",\"articleSection\":[\"Actualit\u00e9\"],\"inLanguage\":\"fr-FR\",\"potentialAction\":[{\"@type\":\"CommentAction\",\"name\":\"Comment\",\"target\":[\"https:\\\/\\\/lasentinelle.dz\\\/index.php\\\/2021\\\/10\\\/18\\\/un-nouveau-texte-au-menu-du-conseil-des-ministres-la-perpetuite-pour-les-speculateurs\\\/#respond\"]}]},{\"@type\":\"WebPage\",\"@id\":\"https:\\\/\\\/lasentinelle.dz\\\/index.php\\\/2021\\\/10\\\/18\\\/un-nouveau-texte-au-menu-du-conseil-des-ministres-la-perpetuite-pour-les-speculateurs\\\/\",\"url\":\"https:\\\/\\\/lasentinelle.dz\\\/index.php\\\/2021\\\/10\\\/18\\\/un-nouveau-texte-au-menu-du-conseil-des-ministres-la-perpetuite-pour-les-speculateurs\\\/\",\"name\":\"Un nouveau texte au menu du Conseil des ministres : La perp\u00e9tuit\u00e9 pour les sp\u00e9culateurs - La Sentinelle\",\"isPartOf\":{\"@id\":\"https:\\\/\\\/lasentinelle.dz\\\/#website\"},\"primaryImageOfPage\":{\"@id\":\"https:\\\/\\\/lasentinelle.dz\\\/index.php\\\/2021\\\/10\\\/18\\\/un-nouveau-texte-au-menu-du-conseil-des-ministres-la-perpetuite-pour-les-speculateurs\\\/#primaryimage\"},\"image\":{\"@id\":\"https:\\\/\\\/lasentinelle.dz\\\/index.php\\\/2021\\\/10\\\/18\\\/un-nouveau-texte-au-menu-du-conseil-des-ministres-la-perpetuite-pour-les-speculateurs\\\/#primaryimage\"},\"thumbnailUrl\":\"https:\\\/\\\/lasentinelle.dz\\\/wp-content\\\/uploads\\\/2021\\\/10\\\/stockage-pomme-de-terre.jpg\",\"datePublished\":\"2021-10-17T23:05:00+00:00\",\"breadcrumb\":{\"@id\":\"https:\\\/\\\/lasentinelle.dz\\\/index.php\\\/2021\\\/10\\\/18\\\/un-nouveau-texte-au-menu-du-conseil-des-ministres-la-perpetuite-pour-les-speculateurs\\\/#breadcrumb\"},\"inLanguage\":\"fr-FR\",\"potentialAction\":[{\"@type\":\"ReadAction\",\"target\":[\"https:\\\/\\\/lasentinelle.dz\\\/index.php\\\/2021\\\/10\\\/18\\\/un-nouveau-texte-au-menu-du-conseil-des-ministres-la-perpetuite-pour-les-speculateurs\\\/\"]}]},{\"@type\":\"ImageObject\",\"inLanguage\":\"fr-FR\",\"@id\":\"https:\\\/\\\/lasentinelle.dz\\\/index.php\\\/2021\\\/10\\\/18\\\/un-nouveau-texte-au-menu-du-conseil-des-ministres-la-perpetuite-pour-les-speculateurs\\\/#primaryimage\",\"url\":\"https:\\\/\\\/lasentinelle.dz\\\/wp-content\\\/uploads\\\/2021\\\/10\\\/stockage-pomme-de-terre.jpg\",\"contentUrl\":\"https:\\\/\\\/lasentinelle.dz\\\/wp-content\\\/uploads\\\/2021\\\/10\\\/stockage-pomme-de-terre.jpg\",\"width\":1003,\"height\":669},{\"@type\":\"BreadcrumbList\",\"@id\":\"https:\\\/\\\/lasentinelle.dz\\\/index.php\\\/2021\\\/10\\\/18\\\/un-nouveau-texte-au-menu-du-conseil-des-ministres-la-perpetuite-pour-les-speculateurs\\\/#breadcrumb\",\"itemListElement\":[{\"@type\":\"ListItem\",\"position\":1,\"name\":\"Accueil\",\"item\":\"https:\\\/\\\/lasentinelle.dz\\\/\"},{\"@type\":\"ListItem\",\"position\":2,\"name\":\"Un nouveau texte au menu du Conseil des ministres : La perp\u00e9tuit\u00e9 pour les sp\u00e9culateurs\"}]},{\"@type\":\"WebSite\",\"@id\":\"https:\\\/\\\/lasentinelle.dz\\\/#website\",\"url\":\"https:\\\/\\\/lasentinelle.dz\\\/\",\"name\":\"La Sentinelle\",\"description\":\"Quotidien national d&#039;information\",\"publisher\":{\"@id\":\"https:\\\/\\\/lasentinelle.dz\\\/#organization\"},\"potentialAction\":[{\"@type\":\"SearchAction\",\"target\":{\"@type\":\"EntryPoint\",\"urlTemplate\":\"https:\\\/\\\/lasentinelle.dz\\\/?s={search_term_string}\"},\"query-input\":{\"@type\":\"PropertyValueSpecification\",\"valueRequired\":true,\"valueName\":\"search_term_string\"}}],\"inLanguage\":\"fr-FR\"},{\"@type\":\"Organization\",\"@id\":\"https:\\\/\\\/lasentinelle.dz\\\/#organization\",\"name\":\"Quotidien La Sentinelle\",\"url\":\"https:\\\/\\\/lasentinelle.dz\\\/\",\"logo\":{\"@type\":\"ImageObject\",\"inLanguage\":\"fr-FR\",\"@id\":\"https:\\\/\\\/lasentinelle.dz\\\/#\\\/schema\\\/logo\\\/image\\\/\",\"url\":\"https:\\\/\\\/lasentinelle.dz\\\/wp-content\\\/uploads\\\/2021\\\/09\\\/logo-sentinelleSLOGAN-1.png\",\"contentUrl\":\"https:\\\/\\\/lasentinelle.dz\\\/wp-content\\\/uploads\\\/2021\\\/09\\\/logo-sentinelleSLOGAN-1.png\",\"width\":615,\"height\":142,\"caption\":\"Quotidien La Sentinelle\"},\"image\":{\"@id\":\"https:\\\/\\\/lasentinelle.dz\\\/#\\\/schema\\\/logo\\\/image\\\/\"},\"sameAs\":[\"https:\\\/\\\/www.facebook.com\\\/La-Sentinelle-104059864394773\"]},{\"@type\":\"Person\",\"@id\":\"https:\\\/\\\/lasentinelle.dz\\\/#\\\/schema\\\/person\\\/d865044e22e70a75174ce8bcad3acfb3\",\"name\":\"La Sentinelle\",\"image\":{\"@type\":\"ImageObject\",\"inLanguage\":\"fr-FR\",\"@id\":\"https:\\\/\\\/secure.gravatar.com\\\/avatar\\\/57de8e5d4b15d43fb361a71fbb36338450fe67865b528a43dd10ef7c51a20392?s=96&d=mm&r=g\",\"url\":\"https:\\\/\\\/secure.gravatar.com\\\/avatar\\\/57de8e5d4b15d43fb361a71fbb36338450fe67865b528a43dd10ef7c51a20392?s=96&d=mm&r=g\",\"contentUrl\":\"https:\\\/\\\/secure.gravatar.com\\\/avatar\\\/57de8e5d4b15d43fb361a71fbb36338450fe67865b528a43dd10ef7c51a20392?s=96&d=mm&r=g\",\"caption\":\"La Sentinelle\"},\"sameAs\":[\"http:\\\/\\\/www.lasentinelle.dz\"],\"url\":\"https:\\\/\\\/lasentinelle.dz\\\/author\\\/redaction\\\/\"}]}<\/script>\n<!-- \/ Yoast SEO plugin. -->","yoast_head_json":{"title":"Un nouveau texte au menu du Conseil des ministres : La perp\u00e9tuit\u00e9 pour les sp\u00e9culateurs - La Sentinelle","robots":{"index":"index","follow":"follow","max-snippet":"max-snippet:-1","max-image-preview":"max-image-preview:large","max-video-preview":"max-video-preview:-1"},"canonical":"https:\/\/lasentinelle.dz\/index.php\/2021\/10\/18\/un-nouveau-texte-au-menu-du-conseil-des-ministres-la-perpetuite-pour-les-speculateurs\/","og_locale":"fr_FR","og_type":"article","og_title":"Un nouveau texte au menu du Conseil des ministres : La perp\u00e9tuit\u00e9 pour les sp\u00e9culateurs - La Sentinelle","og_description":"Les sp\u00e9culateurs encourront d\u00e9sormais de lourdes peines d\u2019emprisonnement qui peuvent aller jusqu\u2019\u00e0 la perp\u00e9tuit\u00e9. Le ton a \u00e9t\u00e9 donn\u00e9 par","og_url":"https:\/\/lasentinelle.dz\/index.php\/2021\/10\/18\/un-nouveau-texte-au-menu-du-conseil-des-ministres-la-perpetuite-pour-les-speculateurs\/","og_site_name":"La Sentinelle","article_publisher":"https:\/\/www.facebook.com\/La-Sentinelle-104059864394773","article_published_time":"2021-10-17T23:05:00+00:00","og_image":[{"width":1003,"height":669,"url":"https:\/\/lasentinelle.dz\/wp-content\/uploads\/2021\/10\/stockage-pomme-de-terre.jpg","type":"image\/jpeg"}],"author":"La Sentinelle","twitter_card":"summary_large_image","twitter_misc":{"\u00c9crit par":"La Sentinelle","Dur\u00e9e de lecture estim\u00e9e":"3 minutes"},"schema":{"@context":"https:\/\/schema.org","@graph":[{"@type":"Article","@id":"https:\/\/lasentinelle.dz\/index.php\/2021\/10\/18\/un-nouveau-texte-au-menu-du-conseil-des-ministres-la-perpetuite-pour-les-speculateurs\/#article","isPartOf":{"@id":"https:\/\/lasentinelle.dz\/index.php\/2021\/10\/18\/un-nouveau-texte-au-menu-du-conseil-des-ministres-la-perpetuite-pour-les-speculateurs\/"},"author":{"name":"La Sentinelle","@id":"https:\/\/lasentinelle.dz\/#\/schema\/person\/d865044e22e70a75174ce8bcad3acfb3"},"headline":"Un nouveau texte au menu du Conseil des ministres : La perp\u00e9tuit\u00e9 pour les sp\u00e9culateurs","datePublished":"2021-10-17T23:05:00+00:00","mainEntityOfPage":{"@id":"https:\/\/lasentinelle.dz\/index.php\/2021\/10\/18\/un-nouveau-texte-au-menu-du-conseil-des-ministres-la-perpetuite-pour-les-speculateurs\/"},"wordCount":636,"commentCount":0,"publisher":{"@id":"https:\/\/lasentinelle.dz\/#organization"},"image":{"@id":"https:\/\/lasentinelle.dz\/index.php\/2021\/10\/18\/un-nouveau-texte-au-menu-du-conseil-des-ministres-la-perpetuite-pour-les-speculateurs\/#primaryimage"},"thumbnailUrl":"https:\/\/lasentinelle.dz\/wp-content\/uploads\/2021\/10\/stockage-pomme-de-terre.jpg","articleSection":["Actualit\u00e9"],"inLanguage":"fr-FR","potentialAction":[{"@type":"CommentAction","name":"Comment","target":["https:\/\/lasentinelle.dz\/index.php\/2021\/10\/18\/un-nouveau-texte-au-menu-du-conseil-des-ministres-la-perpetuite-pour-les-speculateurs\/#respond"]}]},{"@type":"WebPage","@id":"https:\/\/lasentinelle.dz\/index.php\/2021\/10\/18\/un-nouveau-texte-au-menu-du-conseil-des-ministres-la-perpetuite-pour-les-speculateurs\/","url":"https:\/\/lasentinelle.dz\/index.php\/2021\/10\/18\/un-nouveau-texte-au-menu-du-conseil-des-ministres-la-perpetuite-pour-les-speculateurs\/","name":"Un nouveau texte au menu du Conseil des ministres : La perp\u00e9tuit\u00e9 pour les sp\u00e9culateurs - La Sentinelle","isPartOf":{"@id":"https:\/\/lasentinelle.dz\/#website"},"primaryImageOfPage":{"@id":"https:\/\/lasentinelle.dz\/index.php\/2021\/10\/18\/un-nouveau-texte-au-menu-du-conseil-des-ministres-la-perpetuite-pour-les-speculateurs\/#primaryimage"},"image":{"@id":"https:\/\/lasentinelle.dz\/index.php\/2021\/10\/18\/un-nouveau-texte-au-menu-du-conseil-des-ministres-la-perpetuite-pour-les-speculateurs\/#primaryimage"},"thumbnailUrl":"https:\/\/lasentinelle.dz\/wp-content\/uploads\/2021\/10\/stockage-pomme-de-terre.jpg","datePublished":"2021-10-17T23:05:00+00:00","breadcrumb":{"@id":"https:\/\/lasentinelle.dz\/index.php\/2021\/10\/18\/un-nouveau-texte-au-menu-du-conseil-des-ministres-la-perpetuite-pour-les-speculateurs\/#breadcrumb"},"inLanguage":"fr-FR","potentialAction":[{"@type":"ReadAction","target":["https:\/\/lasentinelle.dz\/index.php\/2021\/10\/18\/un-nouveau-texte-au-menu-du-conseil-des-ministres-la-perpetuite-pour-les-speculateurs\/"]}]},{"@type":"ImageObject","inLanguage":"fr-FR","@id":"https:\/\/lasentinelle.dz\/index.php\/2021\/10\/18\/un-nouveau-texte-au-menu-du-conseil-des-ministres-la-perpetuite-pour-les-speculateurs\/#primaryimage","url":"https:\/\/lasentinelle.dz\/wp-content\/uploads\/2021\/10\/stockage-pomme-de-terre.jpg","contentUrl":"https:\/\/lasentinelle.dz\/wp-content\/uploads\/2021\/10\/stockage-pomme-de-terre.jpg","width":1003,"height":669},{"@type":"BreadcrumbList","@id":"https:\/\/lasentinelle.dz\/index.php\/2021\/10\/18\/un-nouveau-texte-au-menu-du-conseil-des-ministres-la-perpetuite-pour-les-speculateurs\/#breadcrumb","itemListElement":[{"@type":"ListItem","position":1,"name":"Accueil","item":"https:\/\/lasentinelle.dz\/"},{"@type":"ListItem","position":2,"name":"Un nouveau texte au menu du Conseil des ministres : La perp\u00e9tuit\u00e9 pour les sp\u00e9culateurs"}]},{"@type":"WebSite","@id":"https:\/\/lasentinelle.dz\/#website","url":"https:\/\/lasentinelle.dz\/","name":"La Sentinelle","description":"Quotidien national d&#039;information","publisher":{"@id":"https:\/\/lasentinelle.dz\/#organization"},"potentialAction":[{"@type":"SearchAction","target":{"@type":"EntryPoint","urlTemplate":"https:\/\/lasentinelle.dz\/?s={search_term_string}"},"query-input":{"@type":"PropertyValueSpecification","valueRequired":true,"valueName":"search_term_string"}}],"inLanguage":"fr-FR"},{"@type":"Organization","@id":"https:\/\/lasentinelle.dz\/#organization","name":"Quotidien La Sentinelle","url":"https:\/\/lasentinelle.dz\/","logo":{"@type":"ImageObject","inLanguage":"fr-FR","@id":"https:\/\/lasentinelle.dz\/#\/schema\/logo\/image\/","url":"https:\/\/lasentinelle.dz\/wp-content\/uploads\/2021\/09\/logo-sentinelleSLOGAN-1.png","contentUrl":"https:\/\/lasentinelle.dz\/wp-content\/uploads\/2021\/09\/logo-sentinelleSLOGAN-1.png","width":615,"height":142,"caption":"Quotidien La Sentinelle"},"image":{"@id":"https:\/\/lasentinelle.dz\/#\/schema\/logo\/image\/"},"sameAs":["https:\/\/www.facebook.com\/La-Sentinelle-104059864394773"]},{"@type":"Person","@id":"https:\/\/lasentinelle.dz\/#\/schema\/person\/d865044e22e70a75174ce8bcad3acfb3","name":"La Sentinelle","image":{"@type":"ImageObject","inLanguage":"fr-FR","@id":"https:\/\/secure.gravatar.com\/avatar\/57de8e5d4b15d43fb361a71fbb36338450fe67865b528a43dd10ef7c51a20392?s=96&d=mm&r=g","url":"https:\/\/secure.gravatar.com\/avatar\/57de8e5d4b15d43fb361a71fbb36338450fe67865b528a43dd10ef7c51a20392?s=96&d=mm&r=g","contentUrl":"https:\/\/secure.gravatar.com\/avatar\/57de8e5d4b15d43fb361a71fbb36338450fe67865b528a43dd10ef7c51a20392?s=96&d=mm&r=g","caption":"La Sentinelle"},"sameAs":["http:\/\/www.lasentinelle.dz"],"url":"https:\/\/lasentinelle.dz\/author\/redaction\/"}]}},"_links":{"self":[{"href":"https:\/\/lasentinelle.dz\/index.php\/wp-json\/wp\/v2\/posts\/11010","targetHints":{"allow":["GET"]}}],"collection":[{"href":"https:\/\/lasentinelle.dz\/index.php\/wp-json\/wp\/v2\/posts"}],"about":[{"href":"https:\/\/lasentinelle.dz\/index.php\/wp-json\/wp\/v2\/types\/post"}],"author":[{"embeddable":true,"href":"https:\/\/lasentinelle.dz\/index.php\/wp-json\/wp\/v2\/users\/3"}],"replies":[{"embeddable":true,"href":"https:\/\/lasentinelle.dz\/index.php\/wp-json\/wp\/v2\/comments?post=11010"}],"version-history":[{"count":1,"href":"https:\/\/lasentinelle.dz\/index.php\/wp-json\/wp\/v2\/posts\/11010\/revisions"}],"predecessor-version":[{"id":11022,"href":"https:\/\/lasentinelle.dz\/index.php\/wp-json\/wp\/v2\/posts\/11010\/revisions\/11022"}],"wp:featuredmedia":[{"embeddable":true,"href":"https:\/\/lasentinelle.dz\/index.php\/wp-json\/wp\/v2\/media\/11021"}],"wp:attachment":[{"href":"https:\/\/lasentinelle.dz\/index.php\/wp-json\/wp\/v2\/media?parent=11010"}],"wp:term":[{"taxonomy":"category","embeddable":true,"href":"https:\/\/lasentinelle.dz\/index.php\/wp-json\/wp\/v2\/categories?post=11010"},{"taxonomy":"post_tag","embeddable":true,"href":"https:\/\/lasentinelle.dz\/index.php\/wp-json\/wp\/v2\/tags?post=11010"}],"curies":[{"name":"wp","href":"https:\/\/api.w.org\/{rel}","templated":true}]}}