{"id":1114,"date":"2021-07-14T00:01:00","date_gmt":"2021-07-13T23:01:00","guid":{"rendered":"https:\/\/lasentinelle.dz\/?p=1114"},"modified":"2021-07-13T16:08:40","modified_gmt":"2021-07-13T15:08:40","slug":"cyclisme-nibali-quitte-le-tour-de-france-pour-les-jo","status":"publish","type":"post","link":"https:\/\/lasentinelle.dz\/index.php\/2021\/07\/14\/cyclisme-nibali-quitte-le-tour-de-france-pour-les-jo\/","title":{"rendered":"Cyclisme \/ Nibali quitte le Tour de France pour les JO"},"content":{"rendered":"\n<p>L&rsquo;Italien Vincenzo Nibali, vainqueur du Tour de France 2014, a quitt\u00e9 l&rsquo;\u00e9dition 2021 comme pr\u00e9vu, lundi, lors de la seconde journ\u00e9e de repos, dans l&rsquo;optique des Jeux olympiques de Tokyo (23 juillet &#8211; 8 ao\u00fbt). Seule une course avec le prestige des Jeux olympiques peut \u00e9loigner un coureur du Tour et Tokyo est un objectif important pour Nibali cette ann\u00e9e, a expliqu\u00e9 son \u00e9quipe Trek. Le \u00ab\u00a0Requin de Messine\u00a0\u00bb s&rsquo;est montr\u00e9 \u00e0 l&rsquo;avant de la course, dimanche, dans la 15e \u00e9tape dont il a pris la 11e place \u00e0 Andorre-la-Vieille. \u00ab\u00a0J&rsquo;ai couru un Tour diff\u00e9rent de mon exp\u00e9rience pass\u00e9e mais similaire \u00e0 2016 avant Rio\u00a0\u00bb, a estim\u00e9 Nibali, qui n&rsquo;a pas cherch\u00e9 \u00e0 se placer au classement g\u00e9n\u00e9ral (33e), avant d&rsquo;ajouter: \u00ab\u00a0C&rsquo;\u00e9tait le moyen id\u00e9al pour moi d&rsquo;atteindre la meilleure forme pour Tokyo.\u00a0\u00bb \u00ab\u00a0J&rsquo;ai de bonnes sensations mais, pour une course comme celle des JO, il faut que toute l&rsquo;\u00e9quipe soit au top\u00a0\u00bb, a ajout\u00e9 le Sicilien. Nibali participera \u00e0 l&rsquo;\u00e2ge de 36 ans \u00e0 ses quatri\u00e8mes JO apr\u00e8s P\u00e9kin, Londres et Rio. Dans la s\u00e9lection italienne, il retrouvera l&rsquo;un de ses co\u00e9quipiers habituels, le grimpeur Giulio Ciccone, absent sur le Tour. La course sur route des JO est pr\u00e9vue le 24 juillet, six jours apr\u00e8s l&rsquo;arriv\u00e9e du Tour de France.&nbsp;<\/p>\n\n\n\n<p><strong>R. S.<\/strong><\/p>\n\n\n\n<p><strong>Athl\u00e9tisme<\/strong><\/p>\n\n\n\n<p><strong>Omar McLeod crie \u00e0 l\u2019injustice<\/strong><\/p>\n\n\n\n<p>Le champion olympique en titre du 110 m haies, Omar McLeod, a \u00e9tal\u00e9 toute sa rage contre sa f\u00e9d\u00e9ration lundi lors de la conf\u00e9rence de presse qui pr\u00e9c\u00e8de le meeting de Ligue de diamant de Gateshead. \u00ab J&rsquo;ai toujours le c\u0153ur bris\u00e9. J&rsquo;ai l&rsquo;impression de ne pas avoir eu une opportunit\u00e9 juste de me qualifier avec ce calendrier ridicule, le pire que je n&rsquo;ai jamais vu, lors des Trials jama\u00efcains \u00bb, a-t-il indiqu\u00e9. Omar McLeod avait compl\u00e8tement rat\u00e9 \u00e0 la surprise g\u00e9n\u00e9rale la finale des s\u00e9lections jama\u00efcaines le 27 juin (8e et dernier apr\u00e8s avoir tap\u00e9 la premi\u00e8re haie), et n&rsquo;avait pas \u00e9t\u00e9 rep\u00each\u00e9 par sa f\u00e9d\u00e9ration. \u00ab Nous avons eu les demi-finales tard le soir, puis le pays appliquant un couvre-feu nous n&rsquo;avons pas r\u00e9ussi \u00e0 trouver de la nourriture avant de rentrer \u00e0 l&rsquo;h\u00f4tel, o\u00f9 nous avons juste trouv\u00e9 une salade et une soupe avant de revenir au stade \u00e0 05h du matin pour la finale \u00e0 08h. C&rsquo;est tellement stupide. Tu ne traites pas de cette fa\u00e7on une \u00e9preuve qui a donn\u00e9 au pays un champion olympique\u00a0\u00bb, s&rsquo;est insurg\u00e9 le champion de Rio.<\/p>\n\n\n\n<p><strong>R. S.<\/strong><\/p>\n","protected":false},"excerpt":{"rendered":"<p>L&rsquo;Italien Vincenzo Nibali, vainqueur du Tour de France 2014, a quitt\u00e9 l&rsquo;\u00e9dition 2021 comme pr\u00e9vu, lundi, lors de la seconde<\/p>\n","protected":false},"author":3,"featured_media":0,"comment_status":"open","ping_status":"closed","sticky":false,"template":"","format":"standard","meta":{"colormag_page_container_layout":"default_layout","colormag_page_sidebar_layout":"default_layout","om_disable_all_campaigns":false,"_monsterinsights_skip_tracking":false,"_monsterinsights_sitenote_active":false,"_monsterinsights_sitenote_note":"","_monsterinsights_sitenote_category":0,"footnotes":"","_wpscppro_dont_share_socialmedia":false,"_wpscppro_custom_social_share_image":0,"_facebook_share_type":"","_twitter_share_type":"","_linkedin_share_type":"","_pinterest_share_type":"","_linkedin_share_type_page":"","_instagram_share_type":"","_medium_share_type":"","_threads_share_type":"","_google_business_share_type":"","_selected_social_profile":[],"_wpsp_enable_custom_social_template":false,"_wpsp_social_scheduling":{"enabled":false,"datetime":null,"platforms":[],"status":"template_only","dateOption":"today","timeOption":"now","customDays":"","customHours":"","customDate":"","customTime":"","schedulingType":"absolute"},"_wpsp_active_default_template":true},"categories":[33],"tags":[],"class_list":["post-1114","post","type-post","status-publish","format-standard","hentry","category-sports"],"aioseo_notices":[],"yoast_head":"<!-- This site is optimized with the Yoast SEO plugin v27.5 - https:\/\/yoast.com\/product\/yoast-seo-wordpress\/ -->\n<title>Cyclisme \/ Nibali quitte le Tour de France pour les JO - La Sentinelle<\/title>\n<meta name=\"robots\" content=\"index, follow, max-snippet:-1, max-image-preview:large, max-video-preview:-1\" \/>\n<link rel=\"canonical\" href=\"https:\/\/lasentinelle.dz\/index.php\/2021\/07\/14\/cyclisme-nibali-quitte-le-tour-de-france-pour-les-jo\/\" \/>\n<meta property=\"og:locale\" content=\"fr_FR\" \/>\n<meta property=\"og:type\" content=\"article\" \/>\n<meta property=\"og:title\" content=\"Cyclisme \/ Nibali quitte le Tour de France pour les JO - La Sentinelle\" \/>\n<meta property=\"og:description\" content=\"L&rsquo;Italien Vincenzo Nibali, vainqueur du Tour de France 2014, a quitt\u00e9 l&rsquo;\u00e9dition 2021 comme pr\u00e9vu, lundi, lors de la seconde\" \/>\n<meta property=\"og:url\" content=\"https:\/\/lasentinelle.dz\/index.php\/2021\/07\/14\/cyclisme-nibali-quitte-le-tour-de-france-pour-les-jo\/\" \/>\n<meta property=\"og:site_name\" content=\"La Sentinelle\" \/>\n<meta property=\"article:publisher\" content=\"https:\/\/www.facebook.com\/La-Sentinelle-104059864394773\" \/>\n<meta property=\"article:published_time\" content=\"2021-07-13T23:01:00+00:00\" \/>\n<meta name=\"author\" content=\"La Sentinelle\" \/>\n<meta name=\"twitter:card\" content=\"summary_large_image\" \/>\n<meta name=\"twitter:label1\" content=\"\u00c9crit par\" \/>\n\t<meta name=\"twitter:data1\" content=\"La Sentinelle\" \/>\n\t<meta name=\"twitter:label2\" content=\"Dur\u00e9e de lecture estim\u00e9e\" \/>\n\t<meta name=\"twitter:data2\" content=\"2 minutes\" \/>\n<script type=\"application\/ld+json\" class=\"yoast-schema-graph\">{\"@context\":\"https:\\\/\\\/schema.org\",\"@graph\":[{\"@type\":\"Article\",\"@id\":\"https:\\\/\\\/lasentinelle.dz\\\/index.php\\\/2021\\\/07\\\/14\\\/cyclisme-nibali-quitte-le-tour-de-france-pour-les-jo\\\/#article\",\"isPartOf\":{\"@id\":\"https:\\\/\\\/lasentinelle.dz\\\/index.php\\\/2021\\\/07\\\/14\\\/cyclisme-nibali-quitte-le-tour-de-france-pour-les-jo\\\/\"},\"author\":{\"name\":\"La Sentinelle\",\"@id\":\"https:\\\/\\\/lasentinelle.dz\\\/#\\\/schema\\\/person\\\/d865044e22e70a75174ce8bcad3acfb3\"},\"headline\":\"Cyclisme \\\/ Nibali quitte le Tour de France pour les JO\",\"datePublished\":\"2021-07-13T23:01:00+00:00\",\"mainEntityOfPage\":{\"@id\":\"https:\\\/\\\/lasentinelle.dz\\\/index.php\\\/2021\\\/07\\\/14\\\/cyclisme-nibali-quitte-le-tour-de-france-pour-les-jo\\\/\"},\"wordCount\":458,\"commentCount\":0,\"publisher\":{\"@id\":\"https:\\\/\\\/lasentinelle.dz\\\/#organization\"},\"articleSection\":[\"Sports\"],\"inLanguage\":\"fr-FR\",\"potentialAction\":[{\"@type\":\"CommentAction\",\"name\":\"Comment\",\"target\":[\"https:\\\/\\\/lasentinelle.dz\\\/index.php\\\/2021\\\/07\\\/14\\\/cyclisme-nibali-quitte-le-tour-de-france-pour-les-jo\\\/#respond\"]}]},{\"@type\":\"WebPage\",\"@id\":\"https:\\\/\\\/lasentinelle.dz\\\/index.php\\\/2021\\\/07\\\/14\\\/cyclisme-nibali-quitte-le-tour-de-france-pour-les-jo\\\/\",\"url\":\"https:\\\/\\\/lasentinelle.dz\\\/index.php\\\/2021\\\/07\\\/14\\\/cyclisme-nibali-quitte-le-tour-de-france-pour-les-jo\\\/\",\"name\":\"Cyclisme \\\/ Nibali quitte le Tour de France pour les JO - La Sentinelle\",\"isPartOf\":{\"@id\":\"https:\\\/\\\/lasentinelle.dz\\\/#website\"},\"datePublished\":\"2021-07-13T23:01:00+00:00\",\"breadcrumb\":{\"@id\":\"https:\\\/\\\/lasentinelle.dz\\\/index.php\\\/2021\\\/07\\\/14\\\/cyclisme-nibali-quitte-le-tour-de-france-pour-les-jo\\\/#breadcrumb\"},\"inLanguage\":\"fr-FR\",\"potentialAction\":[{\"@type\":\"ReadAction\",\"target\":[\"https:\\\/\\\/lasentinelle.dz\\\/index.php\\\/2021\\\/07\\\/14\\\/cyclisme-nibali-quitte-le-tour-de-france-pour-les-jo\\\/\"]}]},{\"@type\":\"BreadcrumbList\",\"@id\":\"https:\\\/\\\/lasentinelle.dz\\\/index.php\\\/2021\\\/07\\\/14\\\/cyclisme-nibali-quitte-le-tour-de-france-pour-les-jo\\\/#breadcrumb\",\"itemListElement\":[{\"@type\":\"ListItem\",\"position\":1,\"name\":\"Accueil\",\"item\":\"https:\\\/\\\/lasentinelle.dz\\\/\"},{\"@type\":\"ListItem\",\"position\":2,\"name\":\"Cyclisme \\\/ Nibali quitte le Tour de France pour les JO\"}]},{\"@type\":\"WebSite\",\"@id\":\"https:\\\/\\\/lasentinelle.dz\\\/#website\",\"url\":\"https:\\\/\\\/lasentinelle.dz\\\/\",\"name\":\"La Sentinelle\",\"description\":\"Quotidien national d&#039;information\",\"publisher\":{\"@id\":\"https:\\\/\\\/lasentinelle.dz\\\/#organization\"},\"potentialAction\":[{\"@type\":\"SearchAction\",\"target\":{\"@type\":\"EntryPoint\",\"urlTemplate\":\"https:\\\/\\\/lasentinelle.dz\\\/?s={search_term_string}\"},\"query-input\":{\"@type\":\"PropertyValueSpecification\",\"valueRequired\":true,\"valueName\":\"search_term_string\"}}],\"inLanguage\":\"fr-FR\"},{\"@type\":\"Organization\",\"@id\":\"https:\\\/\\\/lasentinelle.dz\\\/#organization\",\"name\":\"Quotidien La Sentinelle\",\"url\":\"https:\\\/\\\/lasentinelle.dz\\\/\",\"logo\":{\"@type\":\"ImageObject\",\"inLanguage\":\"fr-FR\",\"@id\":\"https:\\\/\\\/lasentinelle.dz\\\/#\\\/schema\\\/logo\\\/image\\\/\",\"url\":\"https:\\\/\\\/lasentinelle.dz\\\/wp-content\\\/uploads\\\/2021\\\/09\\\/logo-sentinelleSLOGAN-1.png\",\"contentUrl\":\"https:\\\/\\\/lasentinelle.dz\\\/wp-content\\\/uploads\\\/2021\\\/09\\\/logo-sentinelleSLOGAN-1.png\",\"width\":615,\"height\":142,\"caption\":\"Quotidien La Sentinelle\"},\"image\":{\"@id\":\"https:\\\/\\\/lasentinelle.dz\\\/#\\\/schema\\\/logo\\\/image\\\/\"},\"sameAs\":[\"https:\\\/\\\/www.facebook.com\\\/La-Sentinelle-104059864394773\"]},{\"@type\":\"Person\",\"@id\":\"https:\\\/\\\/lasentinelle.dz\\\/#\\\/schema\\\/person\\\/d865044e22e70a75174ce8bcad3acfb3\",\"name\":\"La Sentinelle\",\"image\":{\"@type\":\"ImageObject\",\"inLanguage\":\"fr-FR\",\"@id\":\"https:\\\/\\\/secure.gravatar.com\\\/avatar\\\/57de8e5d4b15d43fb361a71fbb36338450fe67865b528a43dd10ef7c51a20392?s=96&d=mm&r=g\",\"url\":\"https:\\\/\\\/secure.gravatar.com\\\/avatar\\\/57de8e5d4b15d43fb361a71fbb36338450fe67865b528a43dd10ef7c51a20392?s=96&d=mm&r=g\",\"contentUrl\":\"https:\\\/\\\/secure.gravatar.com\\\/avatar\\\/57de8e5d4b15d43fb361a71fbb36338450fe67865b528a43dd10ef7c51a20392?s=96&d=mm&r=g\",\"caption\":\"La Sentinelle\"},\"sameAs\":[\"http:\\\/\\\/www.lasentinelle.dz\"],\"url\":\"https:\\\/\\\/lasentinelle.dz\\\/author\\\/redaction\\\/\"}]}<\/script>\n<!-- \/ Yoast SEO plugin. -->","yoast_head_json":{"title":"Cyclisme \/ Nibali quitte le Tour de France pour les JO - La Sentinelle","robots":{"index":"index","follow":"follow","max-snippet":"max-snippet:-1","max-image-preview":"max-image-preview:large","max-video-preview":"max-video-preview:-1"},"canonical":"https:\/\/lasentinelle.dz\/index.php\/2021\/07\/14\/cyclisme-nibali-quitte-le-tour-de-france-pour-les-jo\/","og_locale":"fr_FR","og_type":"article","og_title":"Cyclisme \/ Nibali quitte le Tour de France pour les JO - La Sentinelle","og_description":"L&rsquo;Italien Vincenzo Nibali, vainqueur du Tour de France 2014, a quitt\u00e9 l&rsquo;\u00e9dition 2021 comme pr\u00e9vu, lundi, lors de la seconde","og_url":"https:\/\/lasentinelle.dz\/index.php\/2021\/07\/14\/cyclisme-nibali-quitte-le-tour-de-france-pour-les-jo\/","og_site_name":"La Sentinelle","article_publisher":"https:\/\/www.facebook.com\/La-Sentinelle-104059864394773","article_published_time":"2021-07-13T23:01:00+00:00","author":"La Sentinelle","twitter_card":"summary_large_image","twitter_misc":{"\u00c9crit par":"La Sentinelle","Dur\u00e9e de lecture estim\u00e9e":"2 minutes"},"schema":{"@context":"https:\/\/schema.org","@graph":[{"@type":"Article","@id":"https:\/\/lasentinelle.dz\/index.php\/2021\/07\/14\/cyclisme-nibali-quitte-le-tour-de-france-pour-les-jo\/#article","isPartOf":{"@id":"https:\/\/lasentinelle.dz\/index.php\/2021\/07\/14\/cyclisme-nibali-quitte-le-tour-de-france-pour-les-jo\/"},"author":{"name":"La Sentinelle","@id":"https:\/\/lasentinelle.dz\/#\/schema\/person\/d865044e22e70a75174ce8bcad3acfb3"},"headline":"Cyclisme \/ Nibali quitte le Tour de France pour les JO","datePublished":"2021-07-13T23:01:00+00:00","mainEntityOfPage":{"@id":"https:\/\/lasentinelle.dz\/index.php\/2021\/07\/14\/cyclisme-nibali-quitte-le-tour-de-france-pour-les-jo\/"},"wordCount":458,"commentCount":0,"publisher":{"@id":"https:\/\/lasentinelle.dz\/#organization"},"articleSection":["Sports"],"inLanguage":"fr-FR","potentialAction":[{"@type":"CommentAction","name":"Comment","target":["https:\/\/lasentinelle.dz\/index.php\/2021\/07\/14\/cyclisme-nibali-quitte-le-tour-de-france-pour-les-jo\/#respond"]}]},{"@type":"WebPage","@id":"https:\/\/lasentinelle.dz\/index.php\/2021\/07\/14\/cyclisme-nibali-quitte-le-tour-de-france-pour-les-jo\/","url":"https:\/\/lasentinelle.dz\/index.php\/2021\/07\/14\/cyclisme-nibali-quitte-le-tour-de-france-pour-les-jo\/","name":"Cyclisme \/ Nibali quitte le Tour de France pour les JO - La Sentinelle","isPartOf":{"@id":"https:\/\/lasentinelle.dz\/#website"},"datePublished":"2021-07-13T23:01:00+00:00","breadcrumb":{"@id":"https:\/\/lasentinelle.dz\/index.php\/2021\/07\/14\/cyclisme-nibali-quitte-le-tour-de-france-pour-les-jo\/#breadcrumb"},"inLanguage":"fr-FR","potentialAction":[{"@type":"ReadAction","target":["https:\/\/lasentinelle.dz\/index.php\/2021\/07\/14\/cyclisme-nibali-quitte-le-tour-de-france-pour-les-jo\/"]}]},{"@type":"BreadcrumbList","@id":"https:\/\/lasentinelle.dz\/index.php\/2021\/07\/14\/cyclisme-nibali-quitte-le-tour-de-france-pour-les-jo\/#breadcrumb","itemListElement":[{"@type":"ListItem","position":1,"name":"Accueil","item":"https:\/\/lasentinelle.dz\/"},{"@type":"ListItem","position":2,"name":"Cyclisme \/ Nibali quitte le Tour de France pour les JO"}]},{"@type":"WebSite","@id":"https:\/\/lasentinelle.dz\/#website","url":"https:\/\/lasentinelle.dz\/","name":"La Sentinelle","description":"Quotidien national d&#039;information","publisher":{"@id":"https:\/\/lasentinelle.dz\/#organization"},"potentialAction":[{"@type":"SearchAction","target":{"@type":"EntryPoint","urlTemplate":"https:\/\/lasentinelle.dz\/?s={search_term_string}"},"query-input":{"@type":"PropertyValueSpecification","valueRequired":true,"valueName":"search_term_string"}}],"inLanguage":"fr-FR"},{"@type":"Organization","@id":"https:\/\/lasentinelle.dz\/#organization","name":"Quotidien La Sentinelle","url":"https:\/\/lasentinelle.dz\/","logo":{"@type":"ImageObject","inLanguage":"fr-FR","@id":"https:\/\/lasentinelle.dz\/#\/schema\/logo\/image\/","url":"https:\/\/lasentinelle.dz\/wp-content\/uploads\/2021\/09\/logo-sentinelleSLOGAN-1.png","contentUrl":"https:\/\/lasentinelle.dz\/wp-content\/uploads\/2021\/09\/logo-sentinelleSLOGAN-1.png","width":615,"height":142,"caption":"Quotidien La Sentinelle"},"image":{"@id":"https:\/\/lasentinelle.dz\/#\/schema\/logo\/image\/"},"sameAs":["https:\/\/www.facebook.com\/La-Sentinelle-104059864394773"]},{"@type":"Person","@id":"https:\/\/lasentinelle.dz\/#\/schema\/person\/d865044e22e70a75174ce8bcad3acfb3","name":"La Sentinelle","image":{"@type":"ImageObject","inLanguage":"fr-FR","@id":"https:\/\/secure.gravatar.com\/avatar\/57de8e5d4b15d43fb361a71fbb36338450fe67865b528a43dd10ef7c51a20392?s=96&d=mm&r=g","url":"https:\/\/secure.gravatar.com\/avatar\/57de8e5d4b15d43fb361a71fbb36338450fe67865b528a43dd10ef7c51a20392?s=96&d=mm&r=g","contentUrl":"https:\/\/secure.gravatar.com\/avatar\/57de8e5d4b15d43fb361a71fbb36338450fe67865b528a43dd10ef7c51a20392?s=96&d=mm&r=g","caption":"La Sentinelle"},"sameAs":["http:\/\/www.lasentinelle.dz"],"url":"https:\/\/lasentinelle.dz\/author\/redaction\/"}]}},"_links":{"self":[{"href":"https:\/\/lasentinelle.dz\/index.php\/wp-json\/wp\/v2\/posts\/1114","targetHints":{"allow":["GET"]}}],"collection":[{"href":"https:\/\/lasentinelle.dz\/index.php\/wp-json\/wp\/v2\/posts"}],"about":[{"href":"https:\/\/lasentinelle.dz\/index.php\/wp-json\/wp\/v2\/types\/post"}],"author":[{"embeddable":true,"href":"https:\/\/lasentinelle.dz\/index.php\/wp-json\/wp\/v2\/users\/3"}],"replies":[{"embeddable":true,"href":"https:\/\/lasentinelle.dz\/index.php\/wp-json\/wp\/v2\/comments?post=1114"}],"version-history":[{"count":1,"href":"https:\/\/lasentinelle.dz\/index.php\/wp-json\/wp\/v2\/posts\/1114\/revisions"}],"predecessor-version":[{"id":1121,"href":"https:\/\/lasentinelle.dz\/index.php\/wp-json\/wp\/v2\/posts\/1114\/revisions\/1121"}],"wp:attachment":[{"href":"https:\/\/lasentinelle.dz\/index.php\/wp-json\/wp\/v2\/media?parent=1114"}],"wp:term":[{"taxonomy":"category","embeddable":true,"href":"https:\/\/lasentinelle.dz\/index.php\/wp-json\/wp\/v2\/categories?post=1114"},{"taxonomy":"post_tag","embeddable":true,"href":"https:\/\/lasentinelle.dz\/index.php\/wp-json\/wp\/v2\/tags?post=1114"}],"curies":[{"name":"wp","href":"https:\/\/api.w.org\/{rel}","templated":true}]}}