{"id":11157,"date":"2021-10-21T00:01:00","date_gmt":"2021-10-20T23:01:00","guid":{"rendered":"https:\/\/lasentinelle.dz\/?p=11157"},"modified":"2021-10-20T19:40:09","modified_gmt":"2021-10-20T18:40:09","slug":"elections-locales-le-nombre-de-listes-retenues-sera-connu-le-7-novembre","status":"publish","type":"post","link":"https:\/\/lasentinelle.dz\/index.php\/2021\/10\/21\/elections-locales-le-nombre-de-listes-retenues-sera-connu-le-7-novembre\/","title":{"rendered":"Elections locales  : Le nombre de listes retenues sera connu le 7 novembre"},"content":{"rendered":"\n<p>&nbsp;Il faudra attendre le 7 du mois prochain, pour connaitre avec exactitude le nombre de listes retenues \u00e0 B\u00e9ja\u00efa pour prendre part aux prochaines \u00e9lections locales, pr\u00e9vues pour le 27 novembre. C\u2019est ce qui qu\u2019a affirm\u00e9 lundi&nbsp; le repr\u00e9sentant de l\u2019ANIE au niveau de la wilaya de Bejaia, \u00e0 travers un communiqu\u00e9 lu sur les ondes de la radio locale, pr\u00e9cisant qu\u2019en ce qui concerne les listes pour l\u2019assembl\u00e9e de wilaya, cette instance ind\u00e9pendante fait \u00e9tat de six listes d\u00e9pos\u00e9es, trois ind\u00e9pendantes et trois autres sous l\u2019\u00e9tendards de partis politiques, FFS, FLN et RND. Concernant, les listes postulant pour les assembl\u00e9es communales, elle en a enregistr\u00e9 109, dont 57 partisanes et 52 sans \u00e9tiquettes politiques.<\/p>\n\n\n\n<p>Afin de connaitre le nombre exact des listes retenues, le repr\u00e9sentant de l\u2019Anie a jug\u00e9 utile d\u2019attendre le 7 novembre, le temps que la chambre administrative puisse rendre son verdict au sujet des multiples recours d\u00e9pos\u00e9s par ceux qui ont vu leurs dossiers de candidatures rejet\u00e9s par cette instance ind\u00e9pendante et parmi ces rejets, certaines sources parlent de l\u2019exclusion de deux anciens maires, ceux de B\u00e9ja\u00efa et de Tichy en raison de d\u00e9m\u00eal\u00e9s avec la Justice. Il s\u2019agit \u00e9galement des candidats qui ont pr\u00e9sent\u00e9 des dossiers administratifs incomplets.&nbsp; Il est \u00e0 rappeler que les communes de Toudja, M\u2019Cisna et Akbou, sont les communes ou aucun dossier pour une liste pouvant les repr\u00e9senter n\u2019a \u00e9t\u00e9 d\u00e9pos\u00e9e.&nbsp;<\/p>\n\n\n\n<p><strong>Des communes g\u00e9r\u00e9es par leurs SG&nbsp;?<\/strong><\/p>\n\n\n\n<p>Une situation in\u00e9dite et qui incite certains observateurs \u00e0 ne pas \u00e9carter l\u2019octroi de la gestion de ces communes \u00e0 leurs secr\u00e9taires g\u00e9n\u00e9raux comme ce fut le cas dans la commune de Boudjelil suite \u00e0 l\u2019annulation du vote de 2017 apr\u00e8s que les urnes aient \u00e9t\u00e9 saccag\u00e9es par des citoyens m\u00e9contents des r\u00e9sultats du vote.<\/p>\n\n\n\n<p>Une chose semble certaine au regard de l\u2019int\u00e9r\u00eat que suscite ces \u00e9lections du 27 novembre prochain au sein de la population locale, contrairement aux derni\u00e8res l\u00e9gislatives marqu\u00e9es par une abstention jamais atteinte, le taux de participation sera plus important comme le laissent entendre les commentaires sur dans les lieux publics et la toile, au motif que le prochain rendez-vous \u00e9lectoral est directement li\u00e9 \u00e0 la gestion quotidienne et&nbsp; directe des affaires des citoyens. C\u2019est en tous les cas, ce que nous allons voir lors de la prochaine campagne \u00e9lectorale \u00e0 travers laquelle les pr\u00e9tendants aux postes d\u2019\u00e9lus locaux seront appel\u00e9s \u00e0 prouver leur volont\u00e9 \u00e0 mieux g\u00e9rer les affaires de la cit\u00e9.<\/p>\n\n\n\n<p><strong>B. Amrani<\/strong><\/p>\n","protected":false},"excerpt":{"rendered":"<p>&nbsp;Il faudra attendre le 7 du mois prochain, pour connaitre avec exactitude le nombre de listes retenues \u00e0 B\u00e9ja\u00efa pour<\/p>\n","protected":false},"author":3,"featured_media":11168,"comment_status":"open","ping_status":"closed","sticky":false,"template":"","format":"standard","meta":{"colormag_page_container_layout":"default_layout","colormag_page_sidebar_layout":"default_layout","om_disable_all_campaigns":false,"_monsterinsights_skip_tracking":false,"_monsterinsights_sitenote_active":false,"_monsterinsights_sitenote_note":"","_monsterinsights_sitenote_category":0,"footnotes":"","_wpscppro_dont_share_socialmedia":false,"_wpscppro_custom_social_share_image":0,"_facebook_share_type":"","_twitter_share_type":"","_linkedin_share_type":"","_pinterest_share_type":"","_linkedin_share_type_page":"","_instagram_share_type":"","_medium_share_type":"","_threads_share_type":"","_google_business_share_type":"","_selected_social_profile":[],"_wpsp_enable_custom_social_template":false,"_wpsp_social_scheduling":{"enabled":false,"datetime":null,"platforms":[],"status":"template_only","dateOption":"today","timeOption":"now","customDays":"","customHours":"","customDate":"","customTime":"","schedulingType":"absolute"},"_wpsp_active_default_template":true},"categories":[27],"tags":[],"class_list":["post-11157","post","type-post","status-publish","format-standard","has-post-thumbnail","hentry","category-actualite"],"aioseo_notices":[],"yoast_head":"<!-- This site is optimized with the Yoast SEO plugin v27.5 - https:\/\/yoast.com\/product\/yoast-seo-wordpress\/ -->\n<title>Elections locales : Le nombre de listes retenues sera connu le 7 novembre - La Sentinelle<\/title>\n<meta name=\"robots\" content=\"index, follow, max-snippet:-1, max-image-preview:large, max-video-preview:-1\" \/>\n<link rel=\"canonical\" href=\"https:\/\/lasentinelle.dz\/index.php\/2021\/10\/21\/elections-locales-le-nombre-de-listes-retenues-sera-connu-le-7-novembre\/\" \/>\n<meta property=\"og:locale\" content=\"fr_FR\" \/>\n<meta property=\"og:type\" content=\"article\" \/>\n<meta property=\"og:title\" content=\"Elections locales : Le nombre de listes retenues sera connu le 7 novembre - La Sentinelle\" \/>\n<meta property=\"og:description\" content=\"&nbsp;Il faudra attendre le 7 du mois prochain, pour connaitre avec exactitude le nombre de listes retenues \u00e0 B\u00e9ja\u00efa pour\" \/>\n<meta property=\"og:url\" content=\"https:\/\/lasentinelle.dz\/index.php\/2021\/10\/21\/elections-locales-le-nombre-de-listes-retenues-sera-connu-le-7-novembre\/\" \/>\n<meta property=\"og:site_name\" content=\"La Sentinelle\" \/>\n<meta property=\"article:publisher\" content=\"https:\/\/www.facebook.com\/La-Sentinelle-104059864394773\" \/>\n<meta property=\"article:published_time\" content=\"2021-10-20T23:01:00+00:00\" \/>\n<meta property=\"og:image\" content=\"https:\/\/lasentinelle.dz\/wp-content\/uploads\/2021\/10\/image_2021-10-20_193958.png\" \/>\n\t<meta property=\"og:image:width\" content=\"619\" \/>\n\t<meta property=\"og:image:height\" content=\"413\" \/>\n\t<meta property=\"og:image:type\" content=\"image\/png\" \/>\n<meta name=\"author\" content=\"La Sentinelle\" \/>\n<meta name=\"twitter:card\" content=\"summary_large_image\" \/>\n<meta name=\"twitter:label1\" content=\"\u00c9crit par\" \/>\n\t<meta name=\"twitter:data1\" content=\"La Sentinelle\" \/>\n\t<meta name=\"twitter:label2\" content=\"Dur\u00e9e de lecture estim\u00e9e\" \/>\n\t<meta name=\"twitter:data2\" content=\"2 minutes\" \/>\n<script type=\"application\/ld+json\" class=\"yoast-schema-graph\">{\"@context\":\"https:\\\/\\\/schema.org\",\"@graph\":[{\"@type\":\"Article\",\"@id\":\"https:\\\/\\\/lasentinelle.dz\\\/index.php\\\/2021\\\/10\\\/21\\\/elections-locales-le-nombre-de-listes-retenues-sera-connu-le-7-novembre\\\/#article\",\"isPartOf\":{\"@id\":\"https:\\\/\\\/lasentinelle.dz\\\/index.php\\\/2021\\\/10\\\/21\\\/elections-locales-le-nombre-de-listes-retenues-sera-connu-le-7-novembre\\\/\"},\"author\":{\"name\":\"La Sentinelle\",\"@id\":\"https:\\\/\\\/lasentinelle.dz\\\/#\\\/schema\\\/person\\\/d865044e22e70a75174ce8bcad3acfb3\"},\"headline\":\"Elections locales : Le nombre de listes retenues sera connu le 7 novembre\",\"datePublished\":\"2021-10-20T23:01:00+00:00\",\"mainEntityOfPage\":{\"@id\":\"https:\\\/\\\/lasentinelle.dz\\\/index.php\\\/2021\\\/10\\\/21\\\/elections-locales-le-nombre-de-listes-retenues-sera-connu-le-7-novembre\\\/\"},\"wordCount\":464,\"commentCount\":0,\"publisher\":{\"@id\":\"https:\\\/\\\/lasentinelle.dz\\\/#organization\"},\"image\":{\"@id\":\"https:\\\/\\\/lasentinelle.dz\\\/index.php\\\/2021\\\/10\\\/21\\\/elections-locales-le-nombre-de-listes-retenues-sera-connu-le-7-novembre\\\/#primaryimage\"},\"thumbnailUrl\":\"https:\\\/\\\/lasentinelle.dz\\\/wp-content\\\/uploads\\\/2021\\\/10\\\/image_2021-10-20_193958.png\",\"articleSection\":[\"Actualit\u00e9\"],\"inLanguage\":\"fr-FR\",\"potentialAction\":[{\"@type\":\"CommentAction\",\"name\":\"Comment\",\"target\":[\"https:\\\/\\\/lasentinelle.dz\\\/index.php\\\/2021\\\/10\\\/21\\\/elections-locales-le-nombre-de-listes-retenues-sera-connu-le-7-novembre\\\/#respond\"]}]},{\"@type\":\"WebPage\",\"@id\":\"https:\\\/\\\/lasentinelle.dz\\\/index.php\\\/2021\\\/10\\\/21\\\/elections-locales-le-nombre-de-listes-retenues-sera-connu-le-7-novembre\\\/\",\"url\":\"https:\\\/\\\/lasentinelle.dz\\\/index.php\\\/2021\\\/10\\\/21\\\/elections-locales-le-nombre-de-listes-retenues-sera-connu-le-7-novembre\\\/\",\"name\":\"Elections locales : Le nombre de listes retenues sera connu le 7 novembre - La Sentinelle\",\"isPartOf\":{\"@id\":\"https:\\\/\\\/lasentinelle.dz\\\/#website\"},\"primaryImageOfPage\":{\"@id\":\"https:\\\/\\\/lasentinelle.dz\\\/index.php\\\/2021\\\/10\\\/21\\\/elections-locales-le-nombre-de-listes-retenues-sera-connu-le-7-novembre\\\/#primaryimage\"},\"image\":{\"@id\":\"https:\\\/\\\/lasentinelle.dz\\\/index.php\\\/2021\\\/10\\\/21\\\/elections-locales-le-nombre-de-listes-retenues-sera-connu-le-7-novembre\\\/#primaryimage\"},\"thumbnailUrl\":\"https:\\\/\\\/lasentinelle.dz\\\/wp-content\\\/uploads\\\/2021\\\/10\\\/image_2021-10-20_193958.png\",\"datePublished\":\"2021-10-20T23:01:00+00:00\",\"breadcrumb\":{\"@id\":\"https:\\\/\\\/lasentinelle.dz\\\/index.php\\\/2021\\\/10\\\/21\\\/elections-locales-le-nombre-de-listes-retenues-sera-connu-le-7-novembre\\\/#breadcrumb\"},\"inLanguage\":\"fr-FR\",\"potentialAction\":[{\"@type\":\"ReadAction\",\"target\":[\"https:\\\/\\\/lasentinelle.dz\\\/index.php\\\/2021\\\/10\\\/21\\\/elections-locales-le-nombre-de-listes-retenues-sera-connu-le-7-novembre\\\/\"]}]},{\"@type\":\"ImageObject\",\"inLanguage\":\"fr-FR\",\"@id\":\"https:\\\/\\\/lasentinelle.dz\\\/index.php\\\/2021\\\/10\\\/21\\\/elections-locales-le-nombre-de-listes-retenues-sera-connu-le-7-novembre\\\/#primaryimage\",\"url\":\"https:\\\/\\\/lasentinelle.dz\\\/wp-content\\\/uploads\\\/2021\\\/10\\\/image_2021-10-20_193958.png\",\"contentUrl\":\"https:\\\/\\\/lasentinelle.dz\\\/wp-content\\\/uploads\\\/2021\\\/10\\\/image_2021-10-20_193958.png\",\"width\":619,\"height\":413},{\"@type\":\"BreadcrumbList\",\"@id\":\"https:\\\/\\\/lasentinelle.dz\\\/index.php\\\/2021\\\/10\\\/21\\\/elections-locales-le-nombre-de-listes-retenues-sera-connu-le-7-novembre\\\/#breadcrumb\",\"itemListElement\":[{\"@type\":\"ListItem\",\"position\":1,\"name\":\"Accueil\",\"item\":\"https:\\\/\\\/lasentinelle.dz\\\/\"},{\"@type\":\"ListItem\",\"position\":2,\"name\":\"Elections locales : Le nombre de listes retenues sera connu le 7 novembre\"}]},{\"@type\":\"WebSite\",\"@id\":\"https:\\\/\\\/lasentinelle.dz\\\/#website\",\"url\":\"https:\\\/\\\/lasentinelle.dz\\\/\",\"name\":\"La Sentinelle\",\"description\":\"Quotidien national d&#039;information\",\"publisher\":{\"@id\":\"https:\\\/\\\/lasentinelle.dz\\\/#organization\"},\"potentialAction\":[{\"@type\":\"SearchAction\",\"target\":{\"@type\":\"EntryPoint\",\"urlTemplate\":\"https:\\\/\\\/lasentinelle.dz\\\/?s={search_term_string}\"},\"query-input\":{\"@type\":\"PropertyValueSpecification\",\"valueRequired\":true,\"valueName\":\"search_term_string\"}}],\"inLanguage\":\"fr-FR\"},{\"@type\":\"Organization\",\"@id\":\"https:\\\/\\\/lasentinelle.dz\\\/#organization\",\"name\":\"Quotidien La Sentinelle\",\"url\":\"https:\\\/\\\/lasentinelle.dz\\\/\",\"logo\":{\"@type\":\"ImageObject\",\"inLanguage\":\"fr-FR\",\"@id\":\"https:\\\/\\\/lasentinelle.dz\\\/#\\\/schema\\\/logo\\\/image\\\/\",\"url\":\"https:\\\/\\\/lasentinelle.dz\\\/wp-content\\\/uploads\\\/2021\\\/09\\\/logo-sentinelleSLOGAN-1.png\",\"contentUrl\":\"https:\\\/\\\/lasentinelle.dz\\\/wp-content\\\/uploads\\\/2021\\\/09\\\/logo-sentinelleSLOGAN-1.png\",\"width\":615,\"height\":142,\"caption\":\"Quotidien La Sentinelle\"},\"image\":{\"@id\":\"https:\\\/\\\/lasentinelle.dz\\\/#\\\/schema\\\/logo\\\/image\\\/\"},\"sameAs\":[\"https:\\\/\\\/www.facebook.com\\\/La-Sentinelle-104059864394773\"]},{\"@type\":\"Person\",\"@id\":\"https:\\\/\\\/lasentinelle.dz\\\/#\\\/schema\\\/person\\\/d865044e22e70a75174ce8bcad3acfb3\",\"name\":\"La Sentinelle\",\"image\":{\"@type\":\"ImageObject\",\"inLanguage\":\"fr-FR\",\"@id\":\"https:\\\/\\\/secure.gravatar.com\\\/avatar\\\/57de8e5d4b15d43fb361a71fbb36338450fe67865b528a43dd10ef7c51a20392?s=96&d=mm&r=g\",\"url\":\"https:\\\/\\\/secure.gravatar.com\\\/avatar\\\/57de8e5d4b15d43fb361a71fbb36338450fe67865b528a43dd10ef7c51a20392?s=96&d=mm&r=g\",\"contentUrl\":\"https:\\\/\\\/secure.gravatar.com\\\/avatar\\\/57de8e5d4b15d43fb361a71fbb36338450fe67865b528a43dd10ef7c51a20392?s=96&d=mm&r=g\",\"caption\":\"La Sentinelle\"},\"sameAs\":[\"http:\\\/\\\/www.lasentinelle.dz\"],\"url\":\"https:\\\/\\\/lasentinelle.dz\\\/author\\\/redaction\\\/\"}]}<\/script>\n<!-- \/ Yoast SEO plugin. -->","yoast_head_json":{"title":"Elections locales : Le nombre de listes retenues sera connu le 7 novembre - La Sentinelle","robots":{"index":"index","follow":"follow","max-snippet":"max-snippet:-1","max-image-preview":"max-image-preview:large","max-video-preview":"max-video-preview:-1"},"canonical":"https:\/\/lasentinelle.dz\/index.php\/2021\/10\/21\/elections-locales-le-nombre-de-listes-retenues-sera-connu-le-7-novembre\/","og_locale":"fr_FR","og_type":"article","og_title":"Elections locales : Le nombre de listes retenues sera connu le 7 novembre - La Sentinelle","og_description":"&nbsp;Il faudra attendre le 7 du mois prochain, pour connaitre avec exactitude le nombre de listes retenues \u00e0 B\u00e9ja\u00efa pour","og_url":"https:\/\/lasentinelle.dz\/index.php\/2021\/10\/21\/elections-locales-le-nombre-de-listes-retenues-sera-connu-le-7-novembre\/","og_site_name":"La Sentinelle","article_publisher":"https:\/\/www.facebook.com\/La-Sentinelle-104059864394773","article_published_time":"2021-10-20T23:01:00+00:00","og_image":[{"width":619,"height":413,"url":"https:\/\/lasentinelle.dz\/wp-content\/uploads\/2021\/10\/image_2021-10-20_193958.png","type":"image\/png"}],"author":"La Sentinelle","twitter_card":"summary_large_image","twitter_misc":{"\u00c9crit par":"La Sentinelle","Dur\u00e9e de lecture estim\u00e9e":"2 minutes"},"schema":{"@context":"https:\/\/schema.org","@graph":[{"@type":"Article","@id":"https:\/\/lasentinelle.dz\/index.php\/2021\/10\/21\/elections-locales-le-nombre-de-listes-retenues-sera-connu-le-7-novembre\/#article","isPartOf":{"@id":"https:\/\/lasentinelle.dz\/index.php\/2021\/10\/21\/elections-locales-le-nombre-de-listes-retenues-sera-connu-le-7-novembre\/"},"author":{"name":"La Sentinelle","@id":"https:\/\/lasentinelle.dz\/#\/schema\/person\/d865044e22e70a75174ce8bcad3acfb3"},"headline":"Elections locales : Le nombre de listes retenues sera connu le 7 novembre","datePublished":"2021-10-20T23:01:00+00:00","mainEntityOfPage":{"@id":"https:\/\/lasentinelle.dz\/index.php\/2021\/10\/21\/elections-locales-le-nombre-de-listes-retenues-sera-connu-le-7-novembre\/"},"wordCount":464,"commentCount":0,"publisher":{"@id":"https:\/\/lasentinelle.dz\/#organization"},"image":{"@id":"https:\/\/lasentinelle.dz\/index.php\/2021\/10\/21\/elections-locales-le-nombre-de-listes-retenues-sera-connu-le-7-novembre\/#primaryimage"},"thumbnailUrl":"https:\/\/lasentinelle.dz\/wp-content\/uploads\/2021\/10\/image_2021-10-20_193958.png","articleSection":["Actualit\u00e9"],"inLanguage":"fr-FR","potentialAction":[{"@type":"CommentAction","name":"Comment","target":["https:\/\/lasentinelle.dz\/index.php\/2021\/10\/21\/elections-locales-le-nombre-de-listes-retenues-sera-connu-le-7-novembre\/#respond"]}]},{"@type":"WebPage","@id":"https:\/\/lasentinelle.dz\/index.php\/2021\/10\/21\/elections-locales-le-nombre-de-listes-retenues-sera-connu-le-7-novembre\/","url":"https:\/\/lasentinelle.dz\/index.php\/2021\/10\/21\/elections-locales-le-nombre-de-listes-retenues-sera-connu-le-7-novembre\/","name":"Elections locales : Le nombre de listes retenues sera connu le 7 novembre - La Sentinelle","isPartOf":{"@id":"https:\/\/lasentinelle.dz\/#website"},"primaryImageOfPage":{"@id":"https:\/\/lasentinelle.dz\/index.php\/2021\/10\/21\/elections-locales-le-nombre-de-listes-retenues-sera-connu-le-7-novembre\/#primaryimage"},"image":{"@id":"https:\/\/lasentinelle.dz\/index.php\/2021\/10\/21\/elections-locales-le-nombre-de-listes-retenues-sera-connu-le-7-novembre\/#primaryimage"},"thumbnailUrl":"https:\/\/lasentinelle.dz\/wp-content\/uploads\/2021\/10\/image_2021-10-20_193958.png","datePublished":"2021-10-20T23:01:00+00:00","breadcrumb":{"@id":"https:\/\/lasentinelle.dz\/index.php\/2021\/10\/21\/elections-locales-le-nombre-de-listes-retenues-sera-connu-le-7-novembre\/#breadcrumb"},"inLanguage":"fr-FR","potentialAction":[{"@type":"ReadAction","target":["https:\/\/lasentinelle.dz\/index.php\/2021\/10\/21\/elections-locales-le-nombre-de-listes-retenues-sera-connu-le-7-novembre\/"]}]},{"@type":"ImageObject","inLanguage":"fr-FR","@id":"https:\/\/lasentinelle.dz\/index.php\/2021\/10\/21\/elections-locales-le-nombre-de-listes-retenues-sera-connu-le-7-novembre\/#primaryimage","url":"https:\/\/lasentinelle.dz\/wp-content\/uploads\/2021\/10\/image_2021-10-20_193958.png","contentUrl":"https:\/\/lasentinelle.dz\/wp-content\/uploads\/2021\/10\/image_2021-10-20_193958.png","width":619,"height":413},{"@type":"BreadcrumbList","@id":"https:\/\/lasentinelle.dz\/index.php\/2021\/10\/21\/elections-locales-le-nombre-de-listes-retenues-sera-connu-le-7-novembre\/#breadcrumb","itemListElement":[{"@type":"ListItem","position":1,"name":"Accueil","item":"https:\/\/lasentinelle.dz\/"},{"@type":"ListItem","position":2,"name":"Elections locales : Le nombre de listes retenues sera connu le 7 novembre"}]},{"@type":"WebSite","@id":"https:\/\/lasentinelle.dz\/#website","url":"https:\/\/lasentinelle.dz\/","name":"La Sentinelle","description":"Quotidien national d&#039;information","publisher":{"@id":"https:\/\/lasentinelle.dz\/#organization"},"potentialAction":[{"@type":"SearchAction","target":{"@type":"EntryPoint","urlTemplate":"https:\/\/lasentinelle.dz\/?s={search_term_string}"},"query-input":{"@type":"PropertyValueSpecification","valueRequired":true,"valueName":"search_term_string"}}],"inLanguage":"fr-FR"},{"@type":"Organization","@id":"https:\/\/lasentinelle.dz\/#organization","name":"Quotidien La Sentinelle","url":"https:\/\/lasentinelle.dz\/","logo":{"@type":"ImageObject","inLanguage":"fr-FR","@id":"https:\/\/lasentinelle.dz\/#\/schema\/logo\/image\/","url":"https:\/\/lasentinelle.dz\/wp-content\/uploads\/2021\/09\/logo-sentinelleSLOGAN-1.png","contentUrl":"https:\/\/lasentinelle.dz\/wp-content\/uploads\/2021\/09\/logo-sentinelleSLOGAN-1.png","width":615,"height":142,"caption":"Quotidien La Sentinelle"},"image":{"@id":"https:\/\/lasentinelle.dz\/#\/schema\/logo\/image\/"},"sameAs":["https:\/\/www.facebook.com\/La-Sentinelle-104059864394773"]},{"@type":"Person","@id":"https:\/\/lasentinelle.dz\/#\/schema\/person\/d865044e22e70a75174ce8bcad3acfb3","name":"La Sentinelle","image":{"@type":"ImageObject","inLanguage":"fr-FR","@id":"https:\/\/secure.gravatar.com\/avatar\/57de8e5d4b15d43fb361a71fbb36338450fe67865b528a43dd10ef7c51a20392?s=96&d=mm&r=g","url":"https:\/\/secure.gravatar.com\/avatar\/57de8e5d4b15d43fb361a71fbb36338450fe67865b528a43dd10ef7c51a20392?s=96&d=mm&r=g","contentUrl":"https:\/\/secure.gravatar.com\/avatar\/57de8e5d4b15d43fb361a71fbb36338450fe67865b528a43dd10ef7c51a20392?s=96&d=mm&r=g","caption":"La Sentinelle"},"sameAs":["http:\/\/www.lasentinelle.dz"],"url":"https:\/\/lasentinelle.dz\/author\/redaction\/"}]}},"_links":{"self":[{"href":"https:\/\/lasentinelle.dz\/index.php\/wp-json\/wp\/v2\/posts\/11157","targetHints":{"allow":["GET"]}}],"collection":[{"href":"https:\/\/lasentinelle.dz\/index.php\/wp-json\/wp\/v2\/posts"}],"about":[{"href":"https:\/\/lasentinelle.dz\/index.php\/wp-json\/wp\/v2\/types\/post"}],"author":[{"embeddable":true,"href":"https:\/\/lasentinelle.dz\/index.php\/wp-json\/wp\/v2\/users\/3"}],"replies":[{"embeddable":true,"href":"https:\/\/lasentinelle.dz\/index.php\/wp-json\/wp\/v2\/comments?post=11157"}],"version-history":[{"count":1,"href":"https:\/\/lasentinelle.dz\/index.php\/wp-json\/wp\/v2\/posts\/11157\/revisions"}],"predecessor-version":[{"id":11169,"href":"https:\/\/lasentinelle.dz\/index.php\/wp-json\/wp\/v2\/posts\/11157\/revisions\/11169"}],"wp:featuredmedia":[{"embeddable":true,"href":"https:\/\/lasentinelle.dz\/index.php\/wp-json\/wp\/v2\/media\/11168"}],"wp:attachment":[{"href":"https:\/\/lasentinelle.dz\/index.php\/wp-json\/wp\/v2\/media?parent=11157"}],"wp:term":[{"taxonomy":"category","embeddable":true,"href":"https:\/\/lasentinelle.dz\/index.php\/wp-json\/wp\/v2\/categories?post=11157"},{"taxonomy":"post_tag","embeddable":true,"href":"https:\/\/lasentinelle.dz\/index.php\/wp-json\/wp\/v2\/tags?post=11157"}],"curies":[{"name":"wp","href":"https:\/\/api.w.org\/{rel}","templated":true}]}}