{"id":11184,"date":"2021-10-21T19:45:00","date_gmt":"2021-10-21T18:45:00","guid":{"rendered":"https:\/\/lasentinelle.dz\/?p=11184"},"modified":"2021-10-20T19:53:19","modified_gmt":"2021-10-20T18:53:19","slug":"cnes-systeme-national-de-protection-sociale-des-defis-et-des-enjeux-multiples","status":"publish","type":"post","link":"https:\/\/lasentinelle.dz\/index.php\/2021\/10\/21\/cnes-systeme-national-de-protection-sociale-des-defis-et-des-enjeux-multiples\/","title":{"rendered":"Cnes : Syst\u00e8me national de protection sociale, des d\u00e9fis et des enjeux multiples"},"content":{"rendered":"\n<p>Le syst\u00e8me national de protection sociale fait face \u00e0 de multiples d\u00e9fis et enjeux qu&rsquo;il importe de saisir et de d\u00e9terminer en prenant en ligne de compte la situation \u00e9conomique actuelle, a affirm\u00e9, hier \u00e0 Alger, le pr\u00e9sident du Conseil national \u00e9conomique, social et environnemental (CNESE), R\u00e9dha Tir. Intervenant en marge de la Conf\u00e9rence internationale organis\u00e9e par le CNESE sous le th\u00e8me \u00ab\u00a0Protection sociale: levier pour un d\u00e9veloppement plus \u00e9quitable et r\u00e9silient\u00a0\u00bb, M. Tir a relev\u00e9 l&rsquo;importance d&rsquo;une meilleure compr\u00e9hension des d\u00e9fis et des enjeux auxquels fait face le syst\u00e8me national de protection sociale en tenant compte la situation \u00e9conomique et sanitaire actuelle. L&rsquo;organisation de cette Conf\u00e9rence se veut justement une occasion pour \u00ab\u00a0\u00e9changer les expertises et les meilleures pratiques en mati\u00e8re de protection sociale. Ces \u00e9changes, connaissances et exp\u00e9riences seront pris en compte pour \u00e9mettre de meilleurs avis concernant les amendements ad\u00e9quats \u00e0 apporter aux programmes de la protection sociale\u00a0\u00bb, a ajout\u00e9 le pr\u00e9sident du CNESE. Cette Conf\u00e9rence est \u00e9galement une aubaine pour \u00e9changer les vues sur les perspectives de d\u00e9veloppement de la protection sociale en tant qu&rsquo;outil \u00ab\u00a0permettant de s&rsquo;orienter vers un d\u00e9veloppement plus inclusif concr\u00e9tisant le principe fondamental de l&rsquo;agenda 2030 du d\u00e9veloppement durable, \u00e0 savoir la non omission de quiconque\u00a0\u00bb, a ajout\u00e9 M. Tir, rappelant le contexte actuel \u00ab\u00a0caract\u00e9ris\u00e9 par le travail informel largement r\u00e9pondu en Alg\u00e9rie et qui prive les travailleurs et les travailleuses de toute forme de protection\u00a0\u00bb. \u00ab\u00a0La lutte contre la pauvret\u00e9 et l&rsquo;in\u00e9galit\u00e9 et la promotion du mode de vie de tous sont aujourd&rsquo;hui les questions soulev\u00e9es au d\u00e9bat dans toutes les contr\u00e9es du monde et non pas uniquement dans notre pays\u00a0\u00bb, a-t-il fait valoir, soulignant que l&rsquo;un des objectifs du d\u00e9veloppement durable adopt\u00e9 par l&rsquo;Alg\u00e9rie appelle tous les pays \u00e0 mettre en place des syst\u00e8mes et des mesures de protection sociale pour tous adapt\u00e9es au contexte national, y compris des socles de protection sociale. Evoquant les dispositions de la nouvelle Constitution, celle-ci a ancr\u00e9 \u00ab\u00a0la conviction de faire des institutions nationales un objectif pour la r\u00e9alisation de la prosp\u00e9rit\u00e9 sociale de la nation et a renforc\u00e9 les principes li\u00e9s \u00e0 la justice sociale, l&rsquo;\u00e9limination des disparit\u00e9s r\u00e9gionales, au droit du travailleur \u00e0 la s\u00e9curit\u00e9 sociale et l&rsquo;interdiction de l&#8217;emploi des enfants\u00a0\u00bb. Les d\u00e9clarations du pr\u00e9sident de la R\u00e9publique concernant la n\u00e9cessit\u00e9 de garantir des conditions d&rsquo;une vie d\u00e9cente \u00e0 tous, sans exclusive, et une \u00e9galit\u00e9 des chances de r\u00e9ussite dans la vie \u00ab\u00a0traduisent la volont\u00e9 de l&rsquo;Etat de pr\u00e9server l&rsquo;aspet social de notre mod\u00e8le de d\u00e9veloppement, a-t-il dit, pr\u00e9cisant que \u00ab\u00a0cela s&rsquo;est concr\u00e9tis\u00e9 par le lancement de nouveaux programmes, \u00e0 l&rsquo;instar des programmes de promotion des zones d&rsquo;ombre, d&rsquo;institution de l&rsquo;allocation ch\u00f4mage et de la r\u00e9vision des grilles des salaires\u00a0\u00bb. M. Tir r\u00e9affirme que le conseil \u0153uvre actuellement \u00e0 \u00ab\u00a0apporter un plus, formuler les avis requis au gouvernement et informer le pr\u00e9sident de la R\u00e9publique des futures r\u00e9formes de l&rsquo;actuel du syst\u00e8me social national\u00a0\u00bb, pr\u00e9cisant que \u00ab\u00a0cette contribution pr\u00e9voit des \u00e9tudes analytiques \u00e0 long terme pouvant s&rsquo;\u00e9taler jusqu&rsquo;en 2050\u00a0\u00bb. De son c\u00f4t\u00e9, le coordonnateur r\u00e9sident de l&rsquo;ONU \u00e0 Alger, Alejandro Alvarez a fait \u00e9tat d&rsquo;une augmentation du nombre des pauvres \u00e0 travers le monde en raison de la pand\u00e9mie du coronavirus, passant de 119 millions de personnes \u00e0 224 millions de personnes, pr\u00e9cisant qu&rsquo;il s&rsquo;agit l\u00e0 de la plus grande augmentation durant les 21 derni\u00e8res ann\u00e9es. Le repr\u00e9sentant onusien a \u00e9voqu\u00e9 les efforts d\u00e9ploy\u00e9s par l&rsquo;Alg\u00e9rie au lendemain de l&rsquo;ind\u00e9pendance pour garantir la protection sociale \u00e0 ses citoyens, ce qui lui a permis de devancer plusieurs pays africains, a-t-il dit. Il a rappel\u00e9 les mesures prises par l&rsquo;Etat alg\u00e9rien pour faire face aux effets de la pand\u00e9mie et r\u00e9duire ses r\u00e9percussions n\u00e9gatives sur les cat\u00e9gories vuln\u00e9rables, indiquant qu&rsquo;outre les mesures en vigueur en temps normal, l&rsquo;Alg\u00e9rie \u00ab\u00a0d\u00e9tient les \u00e9l\u00e9ments cl\u00e9s pour faire face \u00e0 ce genre de crises, auxquels s&rsquo;ajoute la politique du dialogue social\u00a0\u00bb.<\/p>\n\n\n\n<p>La repr\u00e9sentation de l&rsquo;ONU \u00e0 Alger veillera, dans le cadre du Programme des Nations unies pour le d\u00e9veloppement (PNUD) 2022\/2026, \u00e0 \u00ab\u00a0d\u00e9ployer tous les efforts pour contribuer \u00e0 la concr\u00e9tisation de ses objectifs, et ce \u00e0 travers l&rsquo;appui aux efforts de tous les organismes officiels dans tous les secteurs pour d\u00e9velopper le syst\u00e8me de protection sociale et de d\u00e9veloppement durable et cr\u00e9er de nouvelles opportunit\u00e9s d&#8217;emploi\u00a0\u00bb, a-t-il ajout\u00e9.<\/p>\n\n\n\n<p>APS<\/p>\n","protected":false},"excerpt":{"rendered":"<p>Le syst\u00e8me national de protection sociale fait face \u00e0 de multiples d\u00e9fis et enjeux qu&rsquo;il importe de saisir et de<\/p>\n","protected":false},"author":3,"featured_media":11192,"comment_status":"open","ping_status":"closed","sticky":false,"template":"","format":"standard","meta":{"colormag_page_container_layout":"default_layout","colormag_page_sidebar_layout":"default_layout","om_disable_all_campaigns":false,"_monsterinsights_skip_tracking":false,"_monsterinsights_sitenote_active":false,"_monsterinsights_sitenote_note":"","_monsterinsights_sitenote_category":0,"footnotes":"","_wpscppro_dont_share_socialmedia":false,"_wpscppro_custom_social_share_image":0,"_facebook_share_type":"","_twitter_share_type":"","_linkedin_share_type":"","_pinterest_share_type":"","_linkedin_share_type_page":"","_instagram_share_type":"","_medium_share_type":"","_threads_share_type":"","_google_business_share_type":"","_selected_social_profile":[],"_wpsp_enable_custom_social_template":false,"_wpsp_social_scheduling":{"enabled":false,"datetime":null,"platforms":[],"status":"template_only","dateOption":"today","timeOption":"now","customDays":"","customHours":"","customDate":"","customTime":"","schedulingType":"absolute"},"_wpsp_active_default_template":true},"categories":[27],"tags":[],"class_list":["post-11184","post","type-post","status-publish","format-standard","has-post-thumbnail","hentry","category-actualite"],"aioseo_notices":[],"yoast_head":"<!-- This site is optimized with the Yoast SEO plugin v27.5 - https:\/\/yoast.com\/product\/yoast-seo-wordpress\/ -->\n<title>Cnes : Syst\u00e8me national de protection sociale, des d\u00e9fis et des enjeux multiples - La Sentinelle<\/title>\n<meta name=\"robots\" content=\"index, follow, max-snippet:-1, max-image-preview:large, max-video-preview:-1\" \/>\n<link rel=\"canonical\" href=\"https:\/\/lasentinelle.dz\/index.php\/2021\/10\/21\/cnes-systeme-national-de-protection-sociale-des-defis-et-des-enjeux-multiples\/\" \/>\n<meta property=\"og:locale\" content=\"fr_FR\" \/>\n<meta property=\"og:type\" content=\"article\" \/>\n<meta property=\"og:title\" content=\"Cnes : Syst\u00e8me national de protection sociale, des d\u00e9fis et des enjeux multiples - La Sentinelle\" \/>\n<meta property=\"og:description\" content=\"Le syst\u00e8me national de protection sociale fait face \u00e0 de multiples d\u00e9fis et enjeux qu&rsquo;il importe de saisir et de\" \/>\n<meta property=\"og:url\" content=\"https:\/\/lasentinelle.dz\/index.php\/2021\/10\/21\/cnes-systeme-national-de-protection-sociale-des-defis-et-des-enjeux-multiples\/\" \/>\n<meta property=\"og:site_name\" content=\"La Sentinelle\" \/>\n<meta property=\"article:publisher\" content=\"https:\/\/www.facebook.com\/La-Sentinelle-104059864394773\" \/>\n<meta property=\"article:published_time\" content=\"2021-10-21T18:45:00+00:00\" \/>\n<meta property=\"og:image\" content=\"https:\/\/lasentinelle.dz\/wp-content\/uploads\/2021\/10\/image_2021-10-20_195307.png\" \/>\n\t<meta property=\"og:image:width\" content=\"580\" \/>\n\t<meta property=\"og:image:height\" content=\"350\" \/>\n\t<meta property=\"og:image:type\" content=\"image\/png\" \/>\n<meta name=\"author\" content=\"La Sentinelle\" \/>\n<meta name=\"twitter:card\" content=\"summary_large_image\" \/>\n<meta name=\"twitter:label1\" content=\"\u00c9crit par\" \/>\n\t<meta name=\"twitter:data1\" content=\"La Sentinelle\" \/>\n\t<meta name=\"twitter:label2\" content=\"Dur\u00e9e de lecture estim\u00e9e\" \/>\n\t<meta name=\"twitter:data2\" content=\"4 minutes\" \/>\n<script type=\"application\/ld+json\" class=\"yoast-schema-graph\">{\"@context\":\"https:\\\/\\\/schema.org\",\"@graph\":[{\"@type\":\"Article\",\"@id\":\"https:\\\/\\\/lasentinelle.dz\\\/index.php\\\/2021\\\/10\\\/21\\\/cnes-systeme-national-de-protection-sociale-des-defis-et-des-enjeux-multiples\\\/#article\",\"isPartOf\":{\"@id\":\"https:\\\/\\\/lasentinelle.dz\\\/index.php\\\/2021\\\/10\\\/21\\\/cnes-systeme-national-de-protection-sociale-des-defis-et-des-enjeux-multiples\\\/\"},\"author\":{\"name\":\"La Sentinelle\",\"@id\":\"https:\\\/\\\/lasentinelle.dz\\\/#\\\/schema\\\/person\\\/d865044e22e70a75174ce8bcad3acfb3\"},\"headline\":\"Cnes : Syst\u00e8me national de protection sociale, des d\u00e9fis et des enjeux multiples\",\"datePublished\":\"2021-10-21T18:45:00+00:00\",\"mainEntityOfPage\":{\"@id\":\"https:\\\/\\\/lasentinelle.dz\\\/index.php\\\/2021\\\/10\\\/21\\\/cnes-systeme-national-de-protection-sociale-des-defis-et-des-enjeux-multiples\\\/\"},\"wordCount\":830,\"commentCount\":0,\"publisher\":{\"@id\":\"https:\\\/\\\/lasentinelle.dz\\\/#organization\"},\"image\":{\"@id\":\"https:\\\/\\\/lasentinelle.dz\\\/index.php\\\/2021\\\/10\\\/21\\\/cnes-systeme-national-de-protection-sociale-des-defis-et-des-enjeux-multiples\\\/#primaryimage\"},\"thumbnailUrl\":\"https:\\\/\\\/lasentinelle.dz\\\/wp-content\\\/uploads\\\/2021\\\/10\\\/image_2021-10-20_195307.png\",\"articleSection\":[\"Actualit\u00e9\"],\"inLanguage\":\"fr-FR\",\"potentialAction\":[{\"@type\":\"CommentAction\",\"name\":\"Comment\",\"target\":[\"https:\\\/\\\/lasentinelle.dz\\\/index.php\\\/2021\\\/10\\\/21\\\/cnes-systeme-national-de-protection-sociale-des-defis-et-des-enjeux-multiples\\\/#respond\"]}]},{\"@type\":\"WebPage\",\"@id\":\"https:\\\/\\\/lasentinelle.dz\\\/index.php\\\/2021\\\/10\\\/21\\\/cnes-systeme-national-de-protection-sociale-des-defis-et-des-enjeux-multiples\\\/\",\"url\":\"https:\\\/\\\/lasentinelle.dz\\\/index.php\\\/2021\\\/10\\\/21\\\/cnes-systeme-national-de-protection-sociale-des-defis-et-des-enjeux-multiples\\\/\",\"name\":\"Cnes : Syst\u00e8me national de protection sociale, des d\u00e9fis et des enjeux multiples - La Sentinelle\",\"isPartOf\":{\"@id\":\"https:\\\/\\\/lasentinelle.dz\\\/#website\"},\"primaryImageOfPage\":{\"@id\":\"https:\\\/\\\/lasentinelle.dz\\\/index.php\\\/2021\\\/10\\\/21\\\/cnes-systeme-national-de-protection-sociale-des-defis-et-des-enjeux-multiples\\\/#primaryimage\"},\"image\":{\"@id\":\"https:\\\/\\\/lasentinelle.dz\\\/index.php\\\/2021\\\/10\\\/21\\\/cnes-systeme-national-de-protection-sociale-des-defis-et-des-enjeux-multiples\\\/#primaryimage\"},\"thumbnailUrl\":\"https:\\\/\\\/lasentinelle.dz\\\/wp-content\\\/uploads\\\/2021\\\/10\\\/image_2021-10-20_195307.png\",\"datePublished\":\"2021-10-21T18:45:00+00:00\",\"breadcrumb\":{\"@id\":\"https:\\\/\\\/lasentinelle.dz\\\/index.php\\\/2021\\\/10\\\/21\\\/cnes-systeme-national-de-protection-sociale-des-defis-et-des-enjeux-multiples\\\/#breadcrumb\"},\"inLanguage\":\"fr-FR\",\"potentialAction\":[{\"@type\":\"ReadAction\",\"target\":[\"https:\\\/\\\/lasentinelle.dz\\\/index.php\\\/2021\\\/10\\\/21\\\/cnes-systeme-national-de-protection-sociale-des-defis-et-des-enjeux-multiples\\\/\"]}]},{\"@type\":\"ImageObject\",\"inLanguage\":\"fr-FR\",\"@id\":\"https:\\\/\\\/lasentinelle.dz\\\/index.php\\\/2021\\\/10\\\/21\\\/cnes-systeme-national-de-protection-sociale-des-defis-et-des-enjeux-multiples\\\/#primaryimage\",\"url\":\"https:\\\/\\\/lasentinelle.dz\\\/wp-content\\\/uploads\\\/2021\\\/10\\\/image_2021-10-20_195307.png\",\"contentUrl\":\"https:\\\/\\\/lasentinelle.dz\\\/wp-content\\\/uploads\\\/2021\\\/10\\\/image_2021-10-20_195307.png\",\"width\":580,\"height\":350},{\"@type\":\"BreadcrumbList\",\"@id\":\"https:\\\/\\\/lasentinelle.dz\\\/index.php\\\/2021\\\/10\\\/21\\\/cnes-systeme-national-de-protection-sociale-des-defis-et-des-enjeux-multiples\\\/#breadcrumb\",\"itemListElement\":[{\"@type\":\"ListItem\",\"position\":1,\"name\":\"Accueil\",\"item\":\"https:\\\/\\\/lasentinelle.dz\\\/\"},{\"@type\":\"ListItem\",\"position\":2,\"name\":\"Cnes : Syst\u00e8me national de protection sociale, des d\u00e9fis et des enjeux multiples\"}]},{\"@type\":\"WebSite\",\"@id\":\"https:\\\/\\\/lasentinelle.dz\\\/#website\",\"url\":\"https:\\\/\\\/lasentinelle.dz\\\/\",\"name\":\"La Sentinelle\",\"description\":\"Quotidien national d&#039;information\",\"publisher\":{\"@id\":\"https:\\\/\\\/lasentinelle.dz\\\/#organization\"},\"potentialAction\":[{\"@type\":\"SearchAction\",\"target\":{\"@type\":\"EntryPoint\",\"urlTemplate\":\"https:\\\/\\\/lasentinelle.dz\\\/?s={search_term_string}\"},\"query-input\":{\"@type\":\"PropertyValueSpecification\",\"valueRequired\":true,\"valueName\":\"search_term_string\"}}],\"inLanguage\":\"fr-FR\"},{\"@type\":\"Organization\",\"@id\":\"https:\\\/\\\/lasentinelle.dz\\\/#organization\",\"name\":\"Quotidien La Sentinelle\",\"url\":\"https:\\\/\\\/lasentinelle.dz\\\/\",\"logo\":{\"@type\":\"ImageObject\",\"inLanguage\":\"fr-FR\",\"@id\":\"https:\\\/\\\/lasentinelle.dz\\\/#\\\/schema\\\/logo\\\/image\\\/\",\"url\":\"https:\\\/\\\/lasentinelle.dz\\\/wp-content\\\/uploads\\\/2021\\\/09\\\/logo-sentinelleSLOGAN-1.png\",\"contentUrl\":\"https:\\\/\\\/lasentinelle.dz\\\/wp-content\\\/uploads\\\/2021\\\/09\\\/logo-sentinelleSLOGAN-1.png\",\"width\":615,\"height\":142,\"caption\":\"Quotidien La Sentinelle\"},\"image\":{\"@id\":\"https:\\\/\\\/lasentinelle.dz\\\/#\\\/schema\\\/logo\\\/image\\\/\"},\"sameAs\":[\"https:\\\/\\\/www.facebook.com\\\/La-Sentinelle-104059864394773\"]},{\"@type\":\"Person\",\"@id\":\"https:\\\/\\\/lasentinelle.dz\\\/#\\\/schema\\\/person\\\/d865044e22e70a75174ce8bcad3acfb3\",\"name\":\"La Sentinelle\",\"image\":{\"@type\":\"ImageObject\",\"inLanguage\":\"fr-FR\",\"@id\":\"https:\\\/\\\/secure.gravatar.com\\\/avatar\\\/57de8e5d4b15d43fb361a71fbb36338450fe67865b528a43dd10ef7c51a20392?s=96&d=mm&r=g\",\"url\":\"https:\\\/\\\/secure.gravatar.com\\\/avatar\\\/57de8e5d4b15d43fb361a71fbb36338450fe67865b528a43dd10ef7c51a20392?s=96&d=mm&r=g\",\"contentUrl\":\"https:\\\/\\\/secure.gravatar.com\\\/avatar\\\/57de8e5d4b15d43fb361a71fbb36338450fe67865b528a43dd10ef7c51a20392?s=96&d=mm&r=g\",\"caption\":\"La Sentinelle\"},\"sameAs\":[\"http:\\\/\\\/www.lasentinelle.dz\"],\"url\":\"https:\\\/\\\/lasentinelle.dz\\\/author\\\/redaction\\\/\"}]}<\/script>\n<!-- \/ Yoast SEO plugin. -->","yoast_head_json":{"title":"Cnes : Syst\u00e8me national de protection sociale, des d\u00e9fis et des enjeux multiples - La Sentinelle","robots":{"index":"index","follow":"follow","max-snippet":"max-snippet:-1","max-image-preview":"max-image-preview:large","max-video-preview":"max-video-preview:-1"},"canonical":"https:\/\/lasentinelle.dz\/index.php\/2021\/10\/21\/cnes-systeme-national-de-protection-sociale-des-defis-et-des-enjeux-multiples\/","og_locale":"fr_FR","og_type":"article","og_title":"Cnes : Syst\u00e8me national de protection sociale, des d\u00e9fis et des enjeux multiples - La Sentinelle","og_description":"Le syst\u00e8me national de protection sociale fait face \u00e0 de multiples d\u00e9fis et enjeux qu&rsquo;il importe de saisir et de","og_url":"https:\/\/lasentinelle.dz\/index.php\/2021\/10\/21\/cnes-systeme-national-de-protection-sociale-des-defis-et-des-enjeux-multiples\/","og_site_name":"La Sentinelle","article_publisher":"https:\/\/www.facebook.com\/La-Sentinelle-104059864394773","article_published_time":"2021-10-21T18:45:00+00:00","og_image":[{"width":580,"height":350,"url":"https:\/\/lasentinelle.dz\/wp-content\/uploads\/2021\/10\/image_2021-10-20_195307.png","type":"image\/png"}],"author":"La Sentinelle","twitter_card":"summary_large_image","twitter_misc":{"\u00c9crit par":"La Sentinelle","Dur\u00e9e de lecture estim\u00e9e":"4 minutes"},"schema":{"@context":"https:\/\/schema.org","@graph":[{"@type":"Article","@id":"https:\/\/lasentinelle.dz\/index.php\/2021\/10\/21\/cnes-systeme-national-de-protection-sociale-des-defis-et-des-enjeux-multiples\/#article","isPartOf":{"@id":"https:\/\/lasentinelle.dz\/index.php\/2021\/10\/21\/cnes-systeme-national-de-protection-sociale-des-defis-et-des-enjeux-multiples\/"},"author":{"name":"La Sentinelle","@id":"https:\/\/lasentinelle.dz\/#\/schema\/person\/d865044e22e70a75174ce8bcad3acfb3"},"headline":"Cnes : Syst\u00e8me national de protection sociale, des d\u00e9fis et des enjeux multiples","datePublished":"2021-10-21T18:45:00+00:00","mainEntityOfPage":{"@id":"https:\/\/lasentinelle.dz\/index.php\/2021\/10\/21\/cnes-systeme-national-de-protection-sociale-des-defis-et-des-enjeux-multiples\/"},"wordCount":830,"commentCount":0,"publisher":{"@id":"https:\/\/lasentinelle.dz\/#organization"},"image":{"@id":"https:\/\/lasentinelle.dz\/index.php\/2021\/10\/21\/cnes-systeme-national-de-protection-sociale-des-defis-et-des-enjeux-multiples\/#primaryimage"},"thumbnailUrl":"https:\/\/lasentinelle.dz\/wp-content\/uploads\/2021\/10\/image_2021-10-20_195307.png","articleSection":["Actualit\u00e9"],"inLanguage":"fr-FR","potentialAction":[{"@type":"CommentAction","name":"Comment","target":["https:\/\/lasentinelle.dz\/index.php\/2021\/10\/21\/cnes-systeme-national-de-protection-sociale-des-defis-et-des-enjeux-multiples\/#respond"]}]},{"@type":"WebPage","@id":"https:\/\/lasentinelle.dz\/index.php\/2021\/10\/21\/cnes-systeme-national-de-protection-sociale-des-defis-et-des-enjeux-multiples\/","url":"https:\/\/lasentinelle.dz\/index.php\/2021\/10\/21\/cnes-systeme-national-de-protection-sociale-des-defis-et-des-enjeux-multiples\/","name":"Cnes : Syst\u00e8me national de protection sociale, des d\u00e9fis et des enjeux multiples - La Sentinelle","isPartOf":{"@id":"https:\/\/lasentinelle.dz\/#website"},"primaryImageOfPage":{"@id":"https:\/\/lasentinelle.dz\/index.php\/2021\/10\/21\/cnes-systeme-national-de-protection-sociale-des-defis-et-des-enjeux-multiples\/#primaryimage"},"image":{"@id":"https:\/\/lasentinelle.dz\/index.php\/2021\/10\/21\/cnes-systeme-national-de-protection-sociale-des-defis-et-des-enjeux-multiples\/#primaryimage"},"thumbnailUrl":"https:\/\/lasentinelle.dz\/wp-content\/uploads\/2021\/10\/image_2021-10-20_195307.png","datePublished":"2021-10-21T18:45:00+00:00","breadcrumb":{"@id":"https:\/\/lasentinelle.dz\/index.php\/2021\/10\/21\/cnes-systeme-national-de-protection-sociale-des-defis-et-des-enjeux-multiples\/#breadcrumb"},"inLanguage":"fr-FR","potentialAction":[{"@type":"ReadAction","target":["https:\/\/lasentinelle.dz\/index.php\/2021\/10\/21\/cnes-systeme-national-de-protection-sociale-des-defis-et-des-enjeux-multiples\/"]}]},{"@type":"ImageObject","inLanguage":"fr-FR","@id":"https:\/\/lasentinelle.dz\/index.php\/2021\/10\/21\/cnes-systeme-national-de-protection-sociale-des-defis-et-des-enjeux-multiples\/#primaryimage","url":"https:\/\/lasentinelle.dz\/wp-content\/uploads\/2021\/10\/image_2021-10-20_195307.png","contentUrl":"https:\/\/lasentinelle.dz\/wp-content\/uploads\/2021\/10\/image_2021-10-20_195307.png","width":580,"height":350},{"@type":"BreadcrumbList","@id":"https:\/\/lasentinelle.dz\/index.php\/2021\/10\/21\/cnes-systeme-national-de-protection-sociale-des-defis-et-des-enjeux-multiples\/#breadcrumb","itemListElement":[{"@type":"ListItem","position":1,"name":"Accueil","item":"https:\/\/lasentinelle.dz\/"},{"@type":"ListItem","position":2,"name":"Cnes : Syst\u00e8me national de protection sociale, des d\u00e9fis et des enjeux multiples"}]},{"@type":"WebSite","@id":"https:\/\/lasentinelle.dz\/#website","url":"https:\/\/lasentinelle.dz\/","name":"La Sentinelle","description":"Quotidien national d&#039;information","publisher":{"@id":"https:\/\/lasentinelle.dz\/#organization"},"potentialAction":[{"@type":"SearchAction","target":{"@type":"EntryPoint","urlTemplate":"https:\/\/lasentinelle.dz\/?s={search_term_string}"},"query-input":{"@type":"PropertyValueSpecification","valueRequired":true,"valueName":"search_term_string"}}],"inLanguage":"fr-FR"},{"@type":"Organization","@id":"https:\/\/lasentinelle.dz\/#organization","name":"Quotidien La Sentinelle","url":"https:\/\/lasentinelle.dz\/","logo":{"@type":"ImageObject","inLanguage":"fr-FR","@id":"https:\/\/lasentinelle.dz\/#\/schema\/logo\/image\/","url":"https:\/\/lasentinelle.dz\/wp-content\/uploads\/2021\/09\/logo-sentinelleSLOGAN-1.png","contentUrl":"https:\/\/lasentinelle.dz\/wp-content\/uploads\/2021\/09\/logo-sentinelleSLOGAN-1.png","width":615,"height":142,"caption":"Quotidien La Sentinelle"},"image":{"@id":"https:\/\/lasentinelle.dz\/#\/schema\/logo\/image\/"},"sameAs":["https:\/\/www.facebook.com\/La-Sentinelle-104059864394773"]},{"@type":"Person","@id":"https:\/\/lasentinelle.dz\/#\/schema\/person\/d865044e22e70a75174ce8bcad3acfb3","name":"La Sentinelle","image":{"@type":"ImageObject","inLanguage":"fr-FR","@id":"https:\/\/secure.gravatar.com\/avatar\/57de8e5d4b15d43fb361a71fbb36338450fe67865b528a43dd10ef7c51a20392?s=96&d=mm&r=g","url":"https:\/\/secure.gravatar.com\/avatar\/57de8e5d4b15d43fb361a71fbb36338450fe67865b528a43dd10ef7c51a20392?s=96&d=mm&r=g","contentUrl":"https:\/\/secure.gravatar.com\/avatar\/57de8e5d4b15d43fb361a71fbb36338450fe67865b528a43dd10ef7c51a20392?s=96&d=mm&r=g","caption":"La Sentinelle"},"sameAs":["http:\/\/www.lasentinelle.dz"],"url":"https:\/\/lasentinelle.dz\/author\/redaction\/"}]}},"_links":{"self":[{"href":"https:\/\/lasentinelle.dz\/index.php\/wp-json\/wp\/v2\/posts\/11184","targetHints":{"allow":["GET"]}}],"collection":[{"href":"https:\/\/lasentinelle.dz\/index.php\/wp-json\/wp\/v2\/posts"}],"about":[{"href":"https:\/\/lasentinelle.dz\/index.php\/wp-json\/wp\/v2\/types\/post"}],"author":[{"embeddable":true,"href":"https:\/\/lasentinelle.dz\/index.php\/wp-json\/wp\/v2\/users\/3"}],"replies":[{"embeddable":true,"href":"https:\/\/lasentinelle.dz\/index.php\/wp-json\/wp\/v2\/comments?post=11184"}],"version-history":[{"count":1,"href":"https:\/\/lasentinelle.dz\/index.php\/wp-json\/wp\/v2\/posts\/11184\/revisions"}],"predecessor-version":[{"id":11193,"href":"https:\/\/lasentinelle.dz\/index.php\/wp-json\/wp\/v2\/posts\/11184\/revisions\/11193"}],"wp:featuredmedia":[{"embeddable":true,"href":"https:\/\/lasentinelle.dz\/index.php\/wp-json\/wp\/v2\/media\/11192"}],"wp:attachment":[{"href":"https:\/\/lasentinelle.dz\/index.php\/wp-json\/wp\/v2\/media?parent=11184"}],"wp:term":[{"taxonomy":"category","embeddable":true,"href":"https:\/\/lasentinelle.dz\/index.php\/wp-json\/wp\/v2\/categories?post=11184"},{"taxonomy":"post_tag","embeddable":true,"href":"https:\/\/lasentinelle.dz\/index.php\/wp-json\/wp\/v2\/tags?post=11184"}],"curies":[{"name":"wp","href":"https:\/\/api.w.org\/{rel}","templated":true}]}}