{"id":11194,"date":"2021-10-21T00:01:00","date_gmt":"2021-10-20T23:01:00","guid":{"rendered":"https:\/\/lasentinelle.dz\/?p=11194"},"modified":"2021-10-20T19:55:44","modified_gmt":"2021-10-20T18:55:44","slug":"securite-sociale-plus-dun-million-demployeurs-redevables","status":"publish","type":"post","link":"https:\/\/lasentinelle.dz\/index.php\/2021\/10\/21\/securite-sociale-plus-dun-million-demployeurs-redevables\/","title":{"rendered":"S\u00e9curit\u00e9 sociale  : Plus d\u2019un million d\u2019employeurs redevables"},"content":{"rendered":"\n<p>Le ministre du travail, de l\u2019emploi et de la s\u00e9curit\u00e9 sociale, Abderrahmane Lahfaya a pr\u00e9sent\u00e9, hier, devant les membres de la commission du travail, des affaires sociales et de la sant\u00e9 de l\u2019APN (Assembl\u00e9e populaire nationale) un expos\u00e9 relatif \u00e0 l\u2019ordonnance pr\u00e9sidentielle 12-21. Cette ordonnance porte essentiellement sur les mesures exceptionnelles prises par le Pr\u00e9sident de la R\u00e9publique, M. Abdelmadjid Tebboune au profit des employeurs redevables envers les caisses de s\u00e9curit\u00e9 sociale. Il s\u2019agit notamment de la Caisse nationale des assurances sociales des travailleurs salari\u00e9s (CNAS), la Caisse nationale des assurances sociales des non-salari\u00e9s (CASNOS) et de la Caisse nationale des cong\u00e9s pay\u00e9s et du ch\u00f4mage-intemp\u00e9ries des secteurs du b\u00e2timent, des travaux publics et de l\u2019hydraulique (CACOBAPTH). \u00ab\u00a0L&rsquo;\u00e9valuation de l&rsquo;op\u00e9ration de recouvrement des cotisations principales jusqu&rsquo;au 14 octobre 2021 a fait ressortir 1.175.212 entreprises concern\u00e9es par ces mesures\u00a0\u00bb, a fait savoir le ministre. D\u00e9taillant le nombre d&rsquo;entreprises concern\u00e9es par organisme, il a cit\u00e9 585.785&nbsp; au titre de la Caisse nationale des assurances sociales des travailleurs salari\u00e9s (CNAS), le reste au titre de la Caisse nationale de s\u00e9curit\u00e9 sociale des non-salari\u00e9s (CASNOS) et de la Caisse nationale des cong\u00e9s pay\u00e9s et du ch\u00f4mage-intemp\u00e9ries des Secteurs du B\u00e2timent, des Travaux publics et de l&rsquo;Hydraulique (CACOBATH). Le ministre a indiqu\u00e9 que le nombre d&rsquo;entreprises ayant r\u00e9gularis\u00e9 d\u00e9finitivement leur situation sans r\u00e9\u00e9chelonnement s&rsquo;\u00e9levait \u00e0 194.482 entreprises, dont \u00ab\u00a0135.561 entreprises au titre de la CNAS, 48.681 autres au titre de la CASNOS et 10.241 entreprises au titre de la CACOBATH\u00a0\u00bb. Concernant les demandes de r\u00e9\u00e9chelonnement des dettes, M. Lahfaya a fait \u00e9tat de 8.063 cas, dont 1.886 au titre de la CNAS, 6.151 au titre de la CASNOS et 26 autres au titre de la CACOBATPH. Selon la m\u00eame source, ces mesures exceptionnelles sont consid\u00e9r\u00e9es comme \u00e9tant \u00abun soutien et un accompagnement de l\u2019Etat aux op\u00e9rateurs \u00e9conomiques en vue de surmonter les effets n\u00e9gatifs de la crise sanitaire induite par la propagation du Covid-19 et leur permettre de contribuer \u00e0 la r\u00e9alisation du programme de relance \u00e9conomique du gouvernement\u00bb. Aussi, ces mesures permettront, selon le minist\u00e8re du travail, de sauvegarder les postes d\u2019emploi. Par ailleurs, cette ordonnance pr\u00e9sidentielle sera soumise au vote des d\u00e9put\u00e9s de l\u2019APN au courant de la semaine prochaine. Ladite ordonnance qui est entr\u00e9, d\u00e9j\u00e0, en vigueur sera adopt\u00e9e sans aucun amendement ou d\u00e9bat. Elle sera transf\u00e9r\u00e9e, ensuite, au conseil de nation pour son adoption sans d\u00e9bat ni modification, tel que pr\u00e9vu dans la Constitution. Autrement dit, le parlement avec ses deux chambres, \u00e0 savoir l\u2019APN et le conseil de la nation devrait adopter cette ordonnance pr\u00e9sidentielle d\u2019ici la fin de la semaine prochaine.&nbsp;&nbsp;&nbsp;&nbsp;<\/p>\n\n\n\n<p>Fai\u00e7al Bedjaoui&nbsp;<\/p>\n","protected":false},"excerpt":{"rendered":"<p>Le ministre du travail, de l\u2019emploi et de la s\u00e9curit\u00e9 sociale, Abderrahmane Lahfaya a pr\u00e9sent\u00e9, hier, devant les membres de<\/p>\n","protected":false},"author":3,"featured_media":11199,"comment_status":"open","ping_status":"closed","sticky":false,"template":"","format":"standard","meta":{"colormag_page_container_layout":"default_layout","colormag_page_sidebar_layout":"default_layout","om_disable_all_campaigns":false,"_monsterinsights_skip_tracking":false,"_monsterinsights_sitenote_active":false,"_monsterinsights_sitenote_note":"","_monsterinsights_sitenote_category":0,"footnotes":"","_wpscppro_dont_share_socialmedia":false,"_wpscppro_custom_social_share_image":0,"_facebook_share_type":"","_twitter_share_type":"","_linkedin_share_type":"","_pinterest_share_type":"","_linkedin_share_type_page":"","_instagram_share_type":"","_medium_share_type":"","_threads_share_type":"","_google_business_share_type":"","_selected_social_profile":[],"_wpsp_enable_custom_social_template":false,"_wpsp_social_scheduling":{"enabled":false,"datetime":null,"platforms":[],"status":"template_only","dateOption":"today","timeOption":"now","customDays":"","customHours":"","customDate":"","customTime":"","schedulingType":"absolute"},"_wpsp_active_default_template":true},"categories":[52,27],"tags":[],"class_list":["post-11194","post","type-post","status-publish","format-standard","has-post-thumbnail","hentry","category-a-la-une","category-actualite"],"aioseo_notices":[],"yoast_head":"<!-- This site is optimized with the Yoast SEO plugin v27.5 - https:\/\/yoast.com\/product\/yoast-seo-wordpress\/ -->\n<title>S\u00e9curit\u00e9 sociale : Plus d\u2019un million d\u2019employeurs redevables - La Sentinelle<\/title>\n<meta name=\"robots\" content=\"index, follow, max-snippet:-1, max-image-preview:large, max-video-preview:-1\" \/>\n<link rel=\"canonical\" href=\"https:\/\/lasentinelle.dz\/index.php\/2021\/10\/21\/securite-sociale-plus-dun-million-demployeurs-redevables\/\" \/>\n<meta property=\"og:locale\" content=\"fr_FR\" \/>\n<meta property=\"og:type\" content=\"article\" \/>\n<meta property=\"og:title\" content=\"S\u00e9curit\u00e9 sociale : Plus d\u2019un million d\u2019employeurs redevables - La Sentinelle\" \/>\n<meta property=\"og:description\" content=\"Le ministre du travail, de l\u2019emploi et de la s\u00e9curit\u00e9 sociale, Abderrahmane Lahfaya a pr\u00e9sent\u00e9, hier, devant les membres de\" \/>\n<meta property=\"og:url\" content=\"https:\/\/lasentinelle.dz\/index.php\/2021\/10\/21\/securite-sociale-plus-dun-million-demployeurs-redevables\/\" \/>\n<meta property=\"og:site_name\" content=\"La Sentinelle\" \/>\n<meta property=\"article:publisher\" content=\"https:\/\/www.facebook.com\/La-Sentinelle-104059864394773\" \/>\n<meta property=\"article:published_time\" content=\"2021-10-20T23:01:00+00:00\" \/>\n<meta property=\"og:image\" content=\"https:\/\/lasentinelle.dz\/wp-content\/uploads\/2021\/10\/lahfaya-APN.jpeg\" \/>\n\t<meta property=\"og:image:width\" content=\"2048\" \/>\n\t<meta property=\"og:image:height\" content=\"1366\" \/>\n\t<meta property=\"og:image:type\" content=\"image\/jpeg\" \/>\n<meta name=\"author\" content=\"La Sentinelle\" \/>\n<meta name=\"twitter:card\" content=\"summary_large_image\" \/>\n<meta name=\"twitter:label1\" content=\"\u00c9crit par\" \/>\n\t<meta name=\"twitter:data1\" content=\"La Sentinelle\" \/>\n\t<meta name=\"twitter:label2\" content=\"Dur\u00e9e de lecture estim\u00e9e\" \/>\n\t<meta name=\"twitter:data2\" content=\"2 minutes\" \/>\n<script type=\"application\/ld+json\" class=\"yoast-schema-graph\">{\"@context\":\"https:\\\/\\\/schema.org\",\"@graph\":[{\"@type\":\"Article\",\"@id\":\"https:\\\/\\\/lasentinelle.dz\\\/index.php\\\/2021\\\/10\\\/21\\\/securite-sociale-plus-dun-million-demployeurs-redevables\\\/#article\",\"isPartOf\":{\"@id\":\"https:\\\/\\\/lasentinelle.dz\\\/index.php\\\/2021\\\/10\\\/21\\\/securite-sociale-plus-dun-million-demployeurs-redevables\\\/\"},\"author\":{\"name\":\"La Sentinelle\",\"@id\":\"https:\\\/\\\/lasentinelle.dz\\\/#\\\/schema\\\/person\\\/d865044e22e70a75174ce8bcad3acfb3\"},\"headline\":\"S\u00e9curit\u00e9 sociale : Plus d\u2019un million d\u2019employeurs redevables\",\"datePublished\":\"2021-10-20T23:01:00+00:00\",\"mainEntityOfPage\":{\"@id\":\"https:\\\/\\\/lasentinelle.dz\\\/index.php\\\/2021\\\/10\\\/21\\\/securite-sociale-plus-dun-million-demployeurs-redevables\\\/\"},\"wordCount\":500,\"commentCount\":0,\"publisher\":{\"@id\":\"https:\\\/\\\/lasentinelle.dz\\\/#organization\"},\"image\":{\"@id\":\"https:\\\/\\\/lasentinelle.dz\\\/index.php\\\/2021\\\/10\\\/21\\\/securite-sociale-plus-dun-million-demployeurs-redevables\\\/#primaryimage\"},\"thumbnailUrl\":\"https:\\\/\\\/lasentinelle.dz\\\/wp-content\\\/uploads\\\/2021\\\/10\\\/lahfaya-APN.jpeg\",\"articleSection\":[\"\u00c0 la Une\",\"Actualit\u00e9\"],\"inLanguage\":\"fr-FR\",\"potentialAction\":[{\"@type\":\"CommentAction\",\"name\":\"Comment\",\"target\":[\"https:\\\/\\\/lasentinelle.dz\\\/index.php\\\/2021\\\/10\\\/21\\\/securite-sociale-plus-dun-million-demployeurs-redevables\\\/#respond\"]}]},{\"@type\":\"WebPage\",\"@id\":\"https:\\\/\\\/lasentinelle.dz\\\/index.php\\\/2021\\\/10\\\/21\\\/securite-sociale-plus-dun-million-demployeurs-redevables\\\/\",\"url\":\"https:\\\/\\\/lasentinelle.dz\\\/index.php\\\/2021\\\/10\\\/21\\\/securite-sociale-plus-dun-million-demployeurs-redevables\\\/\",\"name\":\"S\u00e9curit\u00e9 sociale : Plus d\u2019un million d\u2019employeurs redevables - La Sentinelle\",\"isPartOf\":{\"@id\":\"https:\\\/\\\/lasentinelle.dz\\\/#website\"},\"primaryImageOfPage\":{\"@id\":\"https:\\\/\\\/lasentinelle.dz\\\/index.php\\\/2021\\\/10\\\/21\\\/securite-sociale-plus-dun-million-demployeurs-redevables\\\/#primaryimage\"},\"image\":{\"@id\":\"https:\\\/\\\/lasentinelle.dz\\\/index.php\\\/2021\\\/10\\\/21\\\/securite-sociale-plus-dun-million-demployeurs-redevables\\\/#primaryimage\"},\"thumbnailUrl\":\"https:\\\/\\\/lasentinelle.dz\\\/wp-content\\\/uploads\\\/2021\\\/10\\\/lahfaya-APN.jpeg\",\"datePublished\":\"2021-10-20T23:01:00+00:00\",\"breadcrumb\":{\"@id\":\"https:\\\/\\\/lasentinelle.dz\\\/index.php\\\/2021\\\/10\\\/21\\\/securite-sociale-plus-dun-million-demployeurs-redevables\\\/#breadcrumb\"},\"inLanguage\":\"fr-FR\",\"potentialAction\":[{\"@type\":\"ReadAction\",\"target\":[\"https:\\\/\\\/lasentinelle.dz\\\/index.php\\\/2021\\\/10\\\/21\\\/securite-sociale-plus-dun-million-demployeurs-redevables\\\/\"]}]},{\"@type\":\"ImageObject\",\"inLanguage\":\"fr-FR\",\"@id\":\"https:\\\/\\\/lasentinelle.dz\\\/index.php\\\/2021\\\/10\\\/21\\\/securite-sociale-plus-dun-million-demployeurs-redevables\\\/#primaryimage\",\"url\":\"https:\\\/\\\/lasentinelle.dz\\\/wp-content\\\/uploads\\\/2021\\\/10\\\/lahfaya-APN.jpeg\",\"contentUrl\":\"https:\\\/\\\/lasentinelle.dz\\\/wp-content\\\/uploads\\\/2021\\\/10\\\/lahfaya-APN.jpeg\",\"width\":2048,\"height\":1366},{\"@type\":\"BreadcrumbList\",\"@id\":\"https:\\\/\\\/lasentinelle.dz\\\/index.php\\\/2021\\\/10\\\/21\\\/securite-sociale-plus-dun-million-demployeurs-redevables\\\/#breadcrumb\",\"itemListElement\":[{\"@type\":\"ListItem\",\"position\":1,\"name\":\"Accueil\",\"item\":\"https:\\\/\\\/lasentinelle.dz\\\/\"},{\"@type\":\"ListItem\",\"position\":2,\"name\":\"S\u00e9curit\u00e9 sociale : Plus d\u2019un million d\u2019employeurs redevables\"}]},{\"@type\":\"WebSite\",\"@id\":\"https:\\\/\\\/lasentinelle.dz\\\/#website\",\"url\":\"https:\\\/\\\/lasentinelle.dz\\\/\",\"name\":\"La Sentinelle\",\"description\":\"Quotidien national d&#039;information\",\"publisher\":{\"@id\":\"https:\\\/\\\/lasentinelle.dz\\\/#organization\"},\"potentialAction\":[{\"@type\":\"SearchAction\",\"target\":{\"@type\":\"EntryPoint\",\"urlTemplate\":\"https:\\\/\\\/lasentinelle.dz\\\/?s={search_term_string}\"},\"query-input\":{\"@type\":\"PropertyValueSpecification\",\"valueRequired\":true,\"valueName\":\"search_term_string\"}}],\"inLanguage\":\"fr-FR\"},{\"@type\":\"Organization\",\"@id\":\"https:\\\/\\\/lasentinelle.dz\\\/#organization\",\"name\":\"Quotidien La Sentinelle\",\"url\":\"https:\\\/\\\/lasentinelle.dz\\\/\",\"logo\":{\"@type\":\"ImageObject\",\"inLanguage\":\"fr-FR\",\"@id\":\"https:\\\/\\\/lasentinelle.dz\\\/#\\\/schema\\\/logo\\\/image\\\/\",\"url\":\"https:\\\/\\\/lasentinelle.dz\\\/wp-content\\\/uploads\\\/2021\\\/09\\\/logo-sentinelleSLOGAN-1.png\",\"contentUrl\":\"https:\\\/\\\/lasentinelle.dz\\\/wp-content\\\/uploads\\\/2021\\\/09\\\/logo-sentinelleSLOGAN-1.png\",\"width\":615,\"height\":142,\"caption\":\"Quotidien La Sentinelle\"},\"image\":{\"@id\":\"https:\\\/\\\/lasentinelle.dz\\\/#\\\/schema\\\/logo\\\/image\\\/\"},\"sameAs\":[\"https:\\\/\\\/www.facebook.com\\\/La-Sentinelle-104059864394773\"]},{\"@type\":\"Person\",\"@id\":\"https:\\\/\\\/lasentinelle.dz\\\/#\\\/schema\\\/person\\\/d865044e22e70a75174ce8bcad3acfb3\",\"name\":\"La Sentinelle\",\"image\":{\"@type\":\"ImageObject\",\"inLanguage\":\"fr-FR\",\"@id\":\"https:\\\/\\\/secure.gravatar.com\\\/avatar\\\/57de8e5d4b15d43fb361a71fbb36338450fe67865b528a43dd10ef7c51a20392?s=96&d=mm&r=g\",\"url\":\"https:\\\/\\\/secure.gravatar.com\\\/avatar\\\/57de8e5d4b15d43fb361a71fbb36338450fe67865b528a43dd10ef7c51a20392?s=96&d=mm&r=g\",\"contentUrl\":\"https:\\\/\\\/secure.gravatar.com\\\/avatar\\\/57de8e5d4b15d43fb361a71fbb36338450fe67865b528a43dd10ef7c51a20392?s=96&d=mm&r=g\",\"caption\":\"La Sentinelle\"},\"sameAs\":[\"http:\\\/\\\/www.lasentinelle.dz\"],\"url\":\"https:\\\/\\\/lasentinelle.dz\\\/author\\\/redaction\\\/\"}]}<\/script>\n<!-- \/ Yoast SEO plugin. -->","yoast_head_json":{"title":"S\u00e9curit\u00e9 sociale : Plus d\u2019un million d\u2019employeurs redevables - La Sentinelle","robots":{"index":"index","follow":"follow","max-snippet":"max-snippet:-1","max-image-preview":"max-image-preview:large","max-video-preview":"max-video-preview:-1"},"canonical":"https:\/\/lasentinelle.dz\/index.php\/2021\/10\/21\/securite-sociale-plus-dun-million-demployeurs-redevables\/","og_locale":"fr_FR","og_type":"article","og_title":"S\u00e9curit\u00e9 sociale : Plus d\u2019un million d\u2019employeurs redevables - La Sentinelle","og_description":"Le ministre du travail, de l\u2019emploi et de la s\u00e9curit\u00e9 sociale, Abderrahmane Lahfaya a pr\u00e9sent\u00e9, hier, devant les membres de","og_url":"https:\/\/lasentinelle.dz\/index.php\/2021\/10\/21\/securite-sociale-plus-dun-million-demployeurs-redevables\/","og_site_name":"La Sentinelle","article_publisher":"https:\/\/www.facebook.com\/La-Sentinelle-104059864394773","article_published_time":"2021-10-20T23:01:00+00:00","og_image":[{"width":2048,"height":1366,"url":"https:\/\/lasentinelle.dz\/wp-content\/uploads\/2021\/10\/lahfaya-APN.jpeg","type":"image\/jpeg"}],"author":"La Sentinelle","twitter_card":"summary_large_image","twitter_misc":{"\u00c9crit par":"La Sentinelle","Dur\u00e9e de lecture estim\u00e9e":"2 minutes"},"schema":{"@context":"https:\/\/schema.org","@graph":[{"@type":"Article","@id":"https:\/\/lasentinelle.dz\/index.php\/2021\/10\/21\/securite-sociale-plus-dun-million-demployeurs-redevables\/#article","isPartOf":{"@id":"https:\/\/lasentinelle.dz\/index.php\/2021\/10\/21\/securite-sociale-plus-dun-million-demployeurs-redevables\/"},"author":{"name":"La Sentinelle","@id":"https:\/\/lasentinelle.dz\/#\/schema\/person\/d865044e22e70a75174ce8bcad3acfb3"},"headline":"S\u00e9curit\u00e9 sociale : Plus d\u2019un million d\u2019employeurs redevables","datePublished":"2021-10-20T23:01:00+00:00","mainEntityOfPage":{"@id":"https:\/\/lasentinelle.dz\/index.php\/2021\/10\/21\/securite-sociale-plus-dun-million-demployeurs-redevables\/"},"wordCount":500,"commentCount":0,"publisher":{"@id":"https:\/\/lasentinelle.dz\/#organization"},"image":{"@id":"https:\/\/lasentinelle.dz\/index.php\/2021\/10\/21\/securite-sociale-plus-dun-million-demployeurs-redevables\/#primaryimage"},"thumbnailUrl":"https:\/\/lasentinelle.dz\/wp-content\/uploads\/2021\/10\/lahfaya-APN.jpeg","articleSection":["\u00c0 la Une","Actualit\u00e9"],"inLanguage":"fr-FR","potentialAction":[{"@type":"CommentAction","name":"Comment","target":["https:\/\/lasentinelle.dz\/index.php\/2021\/10\/21\/securite-sociale-plus-dun-million-demployeurs-redevables\/#respond"]}]},{"@type":"WebPage","@id":"https:\/\/lasentinelle.dz\/index.php\/2021\/10\/21\/securite-sociale-plus-dun-million-demployeurs-redevables\/","url":"https:\/\/lasentinelle.dz\/index.php\/2021\/10\/21\/securite-sociale-plus-dun-million-demployeurs-redevables\/","name":"S\u00e9curit\u00e9 sociale : Plus d\u2019un million d\u2019employeurs redevables - La Sentinelle","isPartOf":{"@id":"https:\/\/lasentinelle.dz\/#website"},"primaryImageOfPage":{"@id":"https:\/\/lasentinelle.dz\/index.php\/2021\/10\/21\/securite-sociale-plus-dun-million-demployeurs-redevables\/#primaryimage"},"image":{"@id":"https:\/\/lasentinelle.dz\/index.php\/2021\/10\/21\/securite-sociale-plus-dun-million-demployeurs-redevables\/#primaryimage"},"thumbnailUrl":"https:\/\/lasentinelle.dz\/wp-content\/uploads\/2021\/10\/lahfaya-APN.jpeg","datePublished":"2021-10-20T23:01:00+00:00","breadcrumb":{"@id":"https:\/\/lasentinelle.dz\/index.php\/2021\/10\/21\/securite-sociale-plus-dun-million-demployeurs-redevables\/#breadcrumb"},"inLanguage":"fr-FR","potentialAction":[{"@type":"ReadAction","target":["https:\/\/lasentinelle.dz\/index.php\/2021\/10\/21\/securite-sociale-plus-dun-million-demployeurs-redevables\/"]}]},{"@type":"ImageObject","inLanguage":"fr-FR","@id":"https:\/\/lasentinelle.dz\/index.php\/2021\/10\/21\/securite-sociale-plus-dun-million-demployeurs-redevables\/#primaryimage","url":"https:\/\/lasentinelle.dz\/wp-content\/uploads\/2021\/10\/lahfaya-APN.jpeg","contentUrl":"https:\/\/lasentinelle.dz\/wp-content\/uploads\/2021\/10\/lahfaya-APN.jpeg","width":2048,"height":1366},{"@type":"BreadcrumbList","@id":"https:\/\/lasentinelle.dz\/index.php\/2021\/10\/21\/securite-sociale-plus-dun-million-demployeurs-redevables\/#breadcrumb","itemListElement":[{"@type":"ListItem","position":1,"name":"Accueil","item":"https:\/\/lasentinelle.dz\/"},{"@type":"ListItem","position":2,"name":"S\u00e9curit\u00e9 sociale : Plus d\u2019un million d\u2019employeurs redevables"}]},{"@type":"WebSite","@id":"https:\/\/lasentinelle.dz\/#website","url":"https:\/\/lasentinelle.dz\/","name":"La Sentinelle","description":"Quotidien national d&#039;information","publisher":{"@id":"https:\/\/lasentinelle.dz\/#organization"},"potentialAction":[{"@type":"SearchAction","target":{"@type":"EntryPoint","urlTemplate":"https:\/\/lasentinelle.dz\/?s={search_term_string}"},"query-input":{"@type":"PropertyValueSpecification","valueRequired":true,"valueName":"search_term_string"}}],"inLanguage":"fr-FR"},{"@type":"Organization","@id":"https:\/\/lasentinelle.dz\/#organization","name":"Quotidien La Sentinelle","url":"https:\/\/lasentinelle.dz\/","logo":{"@type":"ImageObject","inLanguage":"fr-FR","@id":"https:\/\/lasentinelle.dz\/#\/schema\/logo\/image\/","url":"https:\/\/lasentinelle.dz\/wp-content\/uploads\/2021\/09\/logo-sentinelleSLOGAN-1.png","contentUrl":"https:\/\/lasentinelle.dz\/wp-content\/uploads\/2021\/09\/logo-sentinelleSLOGAN-1.png","width":615,"height":142,"caption":"Quotidien La Sentinelle"},"image":{"@id":"https:\/\/lasentinelle.dz\/#\/schema\/logo\/image\/"},"sameAs":["https:\/\/www.facebook.com\/La-Sentinelle-104059864394773"]},{"@type":"Person","@id":"https:\/\/lasentinelle.dz\/#\/schema\/person\/d865044e22e70a75174ce8bcad3acfb3","name":"La Sentinelle","image":{"@type":"ImageObject","inLanguage":"fr-FR","@id":"https:\/\/secure.gravatar.com\/avatar\/57de8e5d4b15d43fb361a71fbb36338450fe67865b528a43dd10ef7c51a20392?s=96&d=mm&r=g","url":"https:\/\/secure.gravatar.com\/avatar\/57de8e5d4b15d43fb361a71fbb36338450fe67865b528a43dd10ef7c51a20392?s=96&d=mm&r=g","contentUrl":"https:\/\/secure.gravatar.com\/avatar\/57de8e5d4b15d43fb361a71fbb36338450fe67865b528a43dd10ef7c51a20392?s=96&d=mm&r=g","caption":"La Sentinelle"},"sameAs":["http:\/\/www.lasentinelle.dz"],"url":"https:\/\/lasentinelle.dz\/author\/redaction\/"}]}},"_links":{"self":[{"href":"https:\/\/lasentinelle.dz\/index.php\/wp-json\/wp\/v2\/posts\/11194","targetHints":{"allow":["GET"]}}],"collection":[{"href":"https:\/\/lasentinelle.dz\/index.php\/wp-json\/wp\/v2\/posts"}],"about":[{"href":"https:\/\/lasentinelle.dz\/index.php\/wp-json\/wp\/v2\/types\/post"}],"author":[{"embeddable":true,"href":"https:\/\/lasentinelle.dz\/index.php\/wp-json\/wp\/v2\/users\/3"}],"replies":[{"embeddable":true,"href":"https:\/\/lasentinelle.dz\/index.php\/wp-json\/wp\/v2\/comments?post=11194"}],"version-history":[{"count":1,"href":"https:\/\/lasentinelle.dz\/index.php\/wp-json\/wp\/v2\/posts\/11194\/revisions"}],"predecessor-version":[{"id":11203,"href":"https:\/\/lasentinelle.dz\/index.php\/wp-json\/wp\/v2\/posts\/11194\/revisions\/11203"}],"wp:featuredmedia":[{"embeddable":true,"href":"https:\/\/lasentinelle.dz\/index.php\/wp-json\/wp\/v2\/media\/11199"}],"wp:attachment":[{"href":"https:\/\/lasentinelle.dz\/index.php\/wp-json\/wp\/v2\/media?parent=11194"}],"wp:term":[{"taxonomy":"category","embeddable":true,"href":"https:\/\/lasentinelle.dz\/index.php\/wp-json\/wp\/v2\/categories?post=11194"},{"taxonomy":"post_tag","embeddable":true,"href":"https:\/\/lasentinelle.dz\/index.php\/wp-json\/wp\/v2\/tags?post=11194"}],"curies":[{"name":"wp","href":"https:\/\/api.w.org\/{rel}","templated":true}]}}