{"id":11338,"date":"2021-10-24T00:01:00","date_gmt":"2021-10-23T23:01:00","guid":{"rendered":"https:\/\/lasentinelle.dz\/?p=11338"},"modified":"2021-10-23T17:34:35","modified_gmt":"2021-10-23T16:34:35","slug":"marche-de-lemploi-plus-de-23-000-placements-assures-a-fin-aout","status":"publish","type":"post","link":"https:\/\/lasentinelle.dz\/index.php\/2021\/10\/24\/marche-de-lemploi-plus-de-23-000-placements-assures-a-fin-aout\/","title":{"rendered":"March\u00e9 de l\u2019emploi : Plus de 23 000 placements assur\u00e9s \u00e0 fin ao\u00fbt"},"content":{"rendered":"\n<p>Le march\u00e9 de l\u2019emploi a enregistr\u00e9, \u00e0 l\u2019instar des autres secteurs, une baisse importante. &nbsp;Une baisse qui s\u2019est manifest\u00e9e essentiellement \u00e0 travers la diminution du nombre de placements des demandeurs d\u2019emploi et des offres d\u00e9pos\u00e9s par les organismes employeurs publics et priv\u00e9s. Cette baisse est confirm\u00e9e par le dernier rapport de l\u2019agence nationale de l\u2019emploi (ANEM) durant les huit premiers mois de l\u2019ann\u00e9e 2021. Ce rapport a indiqu\u00e9 que <strong>\u00abl\u2019ANEM a enregistr\u00e9 1&nbsp;161&nbsp;986 demandes d\u2019emplois et 28&nbsp;455 offres d\u2019emplois\u00bb, <\/strong>soulignant au passage que <strong>\u00ab23&nbsp;046 placements ont \u00e9t\u00e9 assur\u00e9s par les agences locales de l\u2019emploi dans les secteurs du b\u00e2timent et travaux publics, les services et l\u2019industrie<\/strong> <strong>avec respectivement 41%, 37% et 27%\u00bb. <\/strong>Ce rapport a relev\u00e9 que le secteur de l\u2019agriculture a enregistr\u00e9 seulement un taux de placement de 2%, confirmant le peu d\u2019engouement des jeunes au travail agricole. Concernant le profil des demandeurs d\u2019emploi, on remarque que 31% des demandeurs sont des universitaires contre 29% sans qualifications. Cette baisse des offres d\u2019emploi s\u2019explique notamment par la propagation de la pand\u00e9mie du Covid-19 durant ces deux derni\u00e8res ann\u00e9es et la crise financi\u00e8re que traverse le pays \u00e0 cause de la baisse des recettes d\u2019exportations des hydrocarbures, expliquent les sp\u00e9cialistes. Ces derniers ont relev\u00e9, par ailleurs, la persistance du ph\u00e9nom\u00e8ne du refus des offres d\u2019emplois par les demandeurs notamment ceux qui sont orient\u00e9s vers le secteur priv\u00e9. Un refus qui est li\u00e9e principalement, selon les sp\u00e9cialistes, \u00e0 la recherche de la s\u00e9curit\u00e9 dans l\u2019emploi, assur\u00e9e par le secteur public. Malgr\u00e9&nbsp;que le nombre d\u2019emplois dans le secteur priv\u00e9 d\u00e9passe la barre de 7 millions, selon les statistiques de l\u2019office national des statistiques (ONS).<\/p>\n\n\n\n<p><strong>Fai\u00e7al Bedjaoui<\/strong><\/p>\n","protected":false},"excerpt":{"rendered":"<p>Le march\u00e9 de l\u2019emploi a enregistr\u00e9, \u00e0 l\u2019instar des autres secteurs, une baisse importante. &nbsp;Une baisse qui s\u2019est manifest\u00e9e essentiellement<\/p>\n","protected":false},"author":3,"featured_media":11345,"comment_status":"open","ping_status":"closed","sticky":false,"template":"","format":"standard","meta":{"colormag_page_container_layout":"default_layout","colormag_page_sidebar_layout":"default_layout","om_disable_all_campaigns":false,"_monsterinsights_skip_tracking":false,"_monsterinsights_sitenote_active":false,"_monsterinsights_sitenote_note":"","_monsterinsights_sitenote_category":0,"footnotes":"","_wpscppro_dont_share_socialmedia":false,"_wpscppro_custom_social_share_image":0,"_facebook_share_type":"","_twitter_share_type":"","_linkedin_share_type":"","_pinterest_share_type":"","_linkedin_share_type_page":"","_instagram_share_type":"","_medium_share_type":"","_threads_share_type":"","_google_business_share_type":"","_selected_social_profile":[],"_wpsp_enable_custom_social_template":false,"_wpsp_social_scheduling":{"enabled":false,"datetime":null,"platforms":[],"status":"template_only","dateOption":"today","timeOption":"now","customDays":"","customHours":"","customDate":"","customTime":"","schedulingType":"absolute"},"_wpsp_active_default_template":true},"categories":[29],"tags":[],"class_list":["post-11338","post","type-post","status-publish","format-standard","has-post-thumbnail","hentry","category-economie"],"aioseo_notices":[],"yoast_head":"<!-- This site is optimized with the Yoast SEO plugin v27.5 - https:\/\/yoast.com\/product\/yoast-seo-wordpress\/ -->\n<title>March\u00e9 de l\u2019emploi : Plus de 23 000 placements assur\u00e9s \u00e0 fin ao\u00fbt - La Sentinelle<\/title>\n<meta name=\"robots\" content=\"index, follow, max-snippet:-1, max-image-preview:large, max-video-preview:-1\" \/>\n<link rel=\"canonical\" href=\"https:\/\/lasentinelle.dz\/index.php\/2021\/10\/24\/marche-de-lemploi-plus-de-23-000-placements-assures-a-fin-aout\/\" \/>\n<meta property=\"og:locale\" content=\"fr_FR\" \/>\n<meta property=\"og:type\" content=\"article\" \/>\n<meta property=\"og:title\" content=\"March\u00e9 de l\u2019emploi : Plus de 23 000 placements assur\u00e9s \u00e0 fin ao\u00fbt - La Sentinelle\" \/>\n<meta property=\"og:description\" content=\"Le march\u00e9 de l\u2019emploi a enregistr\u00e9, \u00e0 l\u2019instar des autres secteurs, une baisse importante. &nbsp;Une baisse qui s\u2019est manifest\u00e9e essentiellement\" \/>\n<meta property=\"og:url\" content=\"https:\/\/lasentinelle.dz\/index.php\/2021\/10\/24\/marche-de-lemploi-plus-de-23-000-placements-assures-a-fin-aout\/\" \/>\n<meta property=\"og:site_name\" content=\"La Sentinelle\" \/>\n<meta property=\"article:publisher\" content=\"https:\/\/www.facebook.com\/La-Sentinelle-104059864394773\" \/>\n<meta property=\"article:published_time\" content=\"2021-10-23T23:01:00+00:00\" \/>\n<meta property=\"og:image\" content=\"https:\/\/lasentinelle.dz\/wp-content\/uploads\/2021\/10\/image_2021-10-23_173421.png\" \/>\n\t<meta property=\"og:image:width\" content=\"628\" \/>\n\t<meta property=\"og:image:height\" content=\"314\" \/>\n\t<meta property=\"og:image:type\" content=\"image\/png\" \/>\n<meta name=\"author\" content=\"La Sentinelle\" \/>\n<meta name=\"twitter:card\" content=\"summary_large_image\" \/>\n<meta name=\"twitter:label1\" content=\"\u00c9crit par\" \/>\n\t<meta name=\"twitter:data1\" content=\"La Sentinelle\" \/>\n\t<meta name=\"twitter:label2\" content=\"Dur\u00e9e de lecture estim\u00e9e\" \/>\n\t<meta name=\"twitter:data2\" content=\"2 minutes\" \/>\n<script type=\"application\/ld+json\" class=\"yoast-schema-graph\">{\"@context\":\"https:\\\/\\\/schema.org\",\"@graph\":[{\"@type\":\"Article\",\"@id\":\"https:\\\/\\\/lasentinelle.dz\\\/index.php\\\/2021\\\/10\\\/24\\\/marche-de-lemploi-plus-de-23-000-placements-assures-a-fin-aout\\\/#article\",\"isPartOf\":{\"@id\":\"https:\\\/\\\/lasentinelle.dz\\\/index.php\\\/2021\\\/10\\\/24\\\/marche-de-lemploi-plus-de-23-000-placements-assures-a-fin-aout\\\/\"},\"author\":{\"name\":\"La Sentinelle\",\"@id\":\"https:\\\/\\\/lasentinelle.dz\\\/#\\\/schema\\\/person\\\/d865044e22e70a75174ce8bcad3acfb3\"},\"headline\":\"March\u00e9 de l\u2019emploi : Plus de 23 000 placements assur\u00e9s \u00e0 fin ao\u00fbt\",\"datePublished\":\"2021-10-23T23:01:00+00:00\",\"mainEntityOfPage\":{\"@id\":\"https:\\\/\\\/lasentinelle.dz\\\/index.php\\\/2021\\\/10\\\/24\\\/marche-de-lemploi-plus-de-23-000-placements-assures-a-fin-aout\\\/\"},\"wordCount\":321,\"commentCount\":0,\"publisher\":{\"@id\":\"https:\\\/\\\/lasentinelle.dz\\\/#organization\"},\"image\":{\"@id\":\"https:\\\/\\\/lasentinelle.dz\\\/index.php\\\/2021\\\/10\\\/24\\\/marche-de-lemploi-plus-de-23-000-placements-assures-a-fin-aout\\\/#primaryimage\"},\"thumbnailUrl\":\"https:\\\/\\\/lasentinelle.dz\\\/wp-content\\\/uploads\\\/2021\\\/10\\\/image_2021-10-23_173421.png\",\"articleSection\":[\"\u00c9conomie\"],\"inLanguage\":\"fr-FR\",\"potentialAction\":[{\"@type\":\"CommentAction\",\"name\":\"Comment\",\"target\":[\"https:\\\/\\\/lasentinelle.dz\\\/index.php\\\/2021\\\/10\\\/24\\\/marche-de-lemploi-plus-de-23-000-placements-assures-a-fin-aout\\\/#respond\"]}]},{\"@type\":\"WebPage\",\"@id\":\"https:\\\/\\\/lasentinelle.dz\\\/index.php\\\/2021\\\/10\\\/24\\\/marche-de-lemploi-plus-de-23-000-placements-assures-a-fin-aout\\\/\",\"url\":\"https:\\\/\\\/lasentinelle.dz\\\/index.php\\\/2021\\\/10\\\/24\\\/marche-de-lemploi-plus-de-23-000-placements-assures-a-fin-aout\\\/\",\"name\":\"March\u00e9 de l\u2019emploi : Plus de 23 000 placements assur\u00e9s \u00e0 fin ao\u00fbt - La Sentinelle\",\"isPartOf\":{\"@id\":\"https:\\\/\\\/lasentinelle.dz\\\/#website\"},\"primaryImageOfPage\":{\"@id\":\"https:\\\/\\\/lasentinelle.dz\\\/index.php\\\/2021\\\/10\\\/24\\\/marche-de-lemploi-plus-de-23-000-placements-assures-a-fin-aout\\\/#primaryimage\"},\"image\":{\"@id\":\"https:\\\/\\\/lasentinelle.dz\\\/index.php\\\/2021\\\/10\\\/24\\\/marche-de-lemploi-plus-de-23-000-placements-assures-a-fin-aout\\\/#primaryimage\"},\"thumbnailUrl\":\"https:\\\/\\\/lasentinelle.dz\\\/wp-content\\\/uploads\\\/2021\\\/10\\\/image_2021-10-23_173421.png\",\"datePublished\":\"2021-10-23T23:01:00+00:00\",\"breadcrumb\":{\"@id\":\"https:\\\/\\\/lasentinelle.dz\\\/index.php\\\/2021\\\/10\\\/24\\\/marche-de-lemploi-plus-de-23-000-placements-assures-a-fin-aout\\\/#breadcrumb\"},\"inLanguage\":\"fr-FR\",\"potentialAction\":[{\"@type\":\"ReadAction\",\"target\":[\"https:\\\/\\\/lasentinelle.dz\\\/index.php\\\/2021\\\/10\\\/24\\\/marche-de-lemploi-plus-de-23-000-placements-assures-a-fin-aout\\\/\"]}]},{\"@type\":\"ImageObject\",\"inLanguage\":\"fr-FR\",\"@id\":\"https:\\\/\\\/lasentinelle.dz\\\/index.php\\\/2021\\\/10\\\/24\\\/marche-de-lemploi-plus-de-23-000-placements-assures-a-fin-aout\\\/#primaryimage\",\"url\":\"https:\\\/\\\/lasentinelle.dz\\\/wp-content\\\/uploads\\\/2021\\\/10\\\/image_2021-10-23_173421.png\",\"contentUrl\":\"https:\\\/\\\/lasentinelle.dz\\\/wp-content\\\/uploads\\\/2021\\\/10\\\/image_2021-10-23_173421.png\",\"width\":628,\"height\":314},{\"@type\":\"BreadcrumbList\",\"@id\":\"https:\\\/\\\/lasentinelle.dz\\\/index.php\\\/2021\\\/10\\\/24\\\/marche-de-lemploi-plus-de-23-000-placements-assures-a-fin-aout\\\/#breadcrumb\",\"itemListElement\":[{\"@type\":\"ListItem\",\"position\":1,\"name\":\"Accueil\",\"item\":\"https:\\\/\\\/lasentinelle.dz\\\/\"},{\"@type\":\"ListItem\",\"position\":2,\"name\":\"March\u00e9 de l\u2019emploi : Plus de 23 000 placements assur\u00e9s \u00e0 fin ao\u00fbt\"}]},{\"@type\":\"WebSite\",\"@id\":\"https:\\\/\\\/lasentinelle.dz\\\/#website\",\"url\":\"https:\\\/\\\/lasentinelle.dz\\\/\",\"name\":\"La Sentinelle\",\"description\":\"Quotidien national d&#039;information\",\"publisher\":{\"@id\":\"https:\\\/\\\/lasentinelle.dz\\\/#organization\"},\"potentialAction\":[{\"@type\":\"SearchAction\",\"target\":{\"@type\":\"EntryPoint\",\"urlTemplate\":\"https:\\\/\\\/lasentinelle.dz\\\/?s={search_term_string}\"},\"query-input\":{\"@type\":\"PropertyValueSpecification\",\"valueRequired\":true,\"valueName\":\"search_term_string\"}}],\"inLanguage\":\"fr-FR\"},{\"@type\":\"Organization\",\"@id\":\"https:\\\/\\\/lasentinelle.dz\\\/#organization\",\"name\":\"Quotidien La Sentinelle\",\"url\":\"https:\\\/\\\/lasentinelle.dz\\\/\",\"logo\":{\"@type\":\"ImageObject\",\"inLanguage\":\"fr-FR\",\"@id\":\"https:\\\/\\\/lasentinelle.dz\\\/#\\\/schema\\\/logo\\\/image\\\/\",\"url\":\"https:\\\/\\\/lasentinelle.dz\\\/wp-content\\\/uploads\\\/2021\\\/09\\\/logo-sentinelleSLOGAN-1.png\",\"contentUrl\":\"https:\\\/\\\/lasentinelle.dz\\\/wp-content\\\/uploads\\\/2021\\\/09\\\/logo-sentinelleSLOGAN-1.png\",\"width\":615,\"height\":142,\"caption\":\"Quotidien La Sentinelle\"},\"image\":{\"@id\":\"https:\\\/\\\/lasentinelle.dz\\\/#\\\/schema\\\/logo\\\/image\\\/\"},\"sameAs\":[\"https:\\\/\\\/www.facebook.com\\\/La-Sentinelle-104059864394773\"]},{\"@type\":\"Person\",\"@id\":\"https:\\\/\\\/lasentinelle.dz\\\/#\\\/schema\\\/person\\\/d865044e22e70a75174ce8bcad3acfb3\",\"name\":\"La Sentinelle\",\"image\":{\"@type\":\"ImageObject\",\"inLanguage\":\"fr-FR\",\"@id\":\"https:\\\/\\\/secure.gravatar.com\\\/avatar\\\/57de8e5d4b15d43fb361a71fbb36338450fe67865b528a43dd10ef7c51a20392?s=96&d=mm&r=g\",\"url\":\"https:\\\/\\\/secure.gravatar.com\\\/avatar\\\/57de8e5d4b15d43fb361a71fbb36338450fe67865b528a43dd10ef7c51a20392?s=96&d=mm&r=g\",\"contentUrl\":\"https:\\\/\\\/secure.gravatar.com\\\/avatar\\\/57de8e5d4b15d43fb361a71fbb36338450fe67865b528a43dd10ef7c51a20392?s=96&d=mm&r=g\",\"caption\":\"La Sentinelle\"},\"sameAs\":[\"http:\\\/\\\/www.lasentinelle.dz\"],\"url\":\"https:\\\/\\\/lasentinelle.dz\\\/author\\\/redaction\\\/\"}]}<\/script>\n<!-- \/ Yoast SEO plugin. -->","yoast_head_json":{"title":"March\u00e9 de l\u2019emploi : Plus de 23 000 placements assur\u00e9s \u00e0 fin ao\u00fbt - La Sentinelle","robots":{"index":"index","follow":"follow","max-snippet":"max-snippet:-1","max-image-preview":"max-image-preview:large","max-video-preview":"max-video-preview:-1"},"canonical":"https:\/\/lasentinelle.dz\/index.php\/2021\/10\/24\/marche-de-lemploi-plus-de-23-000-placements-assures-a-fin-aout\/","og_locale":"fr_FR","og_type":"article","og_title":"March\u00e9 de l\u2019emploi : Plus de 23 000 placements assur\u00e9s \u00e0 fin ao\u00fbt - La Sentinelle","og_description":"Le march\u00e9 de l\u2019emploi a enregistr\u00e9, \u00e0 l\u2019instar des autres secteurs, une baisse importante. &nbsp;Une baisse qui s\u2019est manifest\u00e9e essentiellement","og_url":"https:\/\/lasentinelle.dz\/index.php\/2021\/10\/24\/marche-de-lemploi-plus-de-23-000-placements-assures-a-fin-aout\/","og_site_name":"La Sentinelle","article_publisher":"https:\/\/www.facebook.com\/La-Sentinelle-104059864394773","article_published_time":"2021-10-23T23:01:00+00:00","og_image":[{"width":628,"height":314,"url":"https:\/\/lasentinelle.dz\/wp-content\/uploads\/2021\/10\/image_2021-10-23_173421.png","type":"image\/png"}],"author":"La Sentinelle","twitter_card":"summary_large_image","twitter_misc":{"\u00c9crit par":"La Sentinelle","Dur\u00e9e de lecture estim\u00e9e":"2 minutes"},"schema":{"@context":"https:\/\/schema.org","@graph":[{"@type":"Article","@id":"https:\/\/lasentinelle.dz\/index.php\/2021\/10\/24\/marche-de-lemploi-plus-de-23-000-placements-assures-a-fin-aout\/#article","isPartOf":{"@id":"https:\/\/lasentinelle.dz\/index.php\/2021\/10\/24\/marche-de-lemploi-plus-de-23-000-placements-assures-a-fin-aout\/"},"author":{"name":"La Sentinelle","@id":"https:\/\/lasentinelle.dz\/#\/schema\/person\/d865044e22e70a75174ce8bcad3acfb3"},"headline":"March\u00e9 de l\u2019emploi : Plus de 23 000 placements assur\u00e9s \u00e0 fin ao\u00fbt","datePublished":"2021-10-23T23:01:00+00:00","mainEntityOfPage":{"@id":"https:\/\/lasentinelle.dz\/index.php\/2021\/10\/24\/marche-de-lemploi-plus-de-23-000-placements-assures-a-fin-aout\/"},"wordCount":321,"commentCount":0,"publisher":{"@id":"https:\/\/lasentinelle.dz\/#organization"},"image":{"@id":"https:\/\/lasentinelle.dz\/index.php\/2021\/10\/24\/marche-de-lemploi-plus-de-23-000-placements-assures-a-fin-aout\/#primaryimage"},"thumbnailUrl":"https:\/\/lasentinelle.dz\/wp-content\/uploads\/2021\/10\/image_2021-10-23_173421.png","articleSection":["\u00c9conomie"],"inLanguage":"fr-FR","potentialAction":[{"@type":"CommentAction","name":"Comment","target":["https:\/\/lasentinelle.dz\/index.php\/2021\/10\/24\/marche-de-lemploi-plus-de-23-000-placements-assures-a-fin-aout\/#respond"]}]},{"@type":"WebPage","@id":"https:\/\/lasentinelle.dz\/index.php\/2021\/10\/24\/marche-de-lemploi-plus-de-23-000-placements-assures-a-fin-aout\/","url":"https:\/\/lasentinelle.dz\/index.php\/2021\/10\/24\/marche-de-lemploi-plus-de-23-000-placements-assures-a-fin-aout\/","name":"March\u00e9 de l\u2019emploi : Plus de 23 000 placements assur\u00e9s \u00e0 fin ao\u00fbt - La Sentinelle","isPartOf":{"@id":"https:\/\/lasentinelle.dz\/#website"},"primaryImageOfPage":{"@id":"https:\/\/lasentinelle.dz\/index.php\/2021\/10\/24\/marche-de-lemploi-plus-de-23-000-placements-assures-a-fin-aout\/#primaryimage"},"image":{"@id":"https:\/\/lasentinelle.dz\/index.php\/2021\/10\/24\/marche-de-lemploi-plus-de-23-000-placements-assures-a-fin-aout\/#primaryimage"},"thumbnailUrl":"https:\/\/lasentinelle.dz\/wp-content\/uploads\/2021\/10\/image_2021-10-23_173421.png","datePublished":"2021-10-23T23:01:00+00:00","breadcrumb":{"@id":"https:\/\/lasentinelle.dz\/index.php\/2021\/10\/24\/marche-de-lemploi-plus-de-23-000-placements-assures-a-fin-aout\/#breadcrumb"},"inLanguage":"fr-FR","potentialAction":[{"@type":"ReadAction","target":["https:\/\/lasentinelle.dz\/index.php\/2021\/10\/24\/marche-de-lemploi-plus-de-23-000-placements-assures-a-fin-aout\/"]}]},{"@type":"ImageObject","inLanguage":"fr-FR","@id":"https:\/\/lasentinelle.dz\/index.php\/2021\/10\/24\/marche-de-lemploi-plus-de-23-000-placements-assures-a-fin-aout\/#primaryimage","url":"https:\/\/lasentinelle.dz\/wp-content\/uploads\/2021\/10\/image_2021-10-23_173421.png","contentUrl":"https:\/\/lasentinelle.dz\/wp-content\/uploads\/2021\/10\/image_2021-10-23_173421.png","width":628,"height":314},{"@type":"BreadcrumbList","@id":"https:\/\/lasentinelle.dz\/index.php\/2021\/10\/24\/marche-de-lemploi-plus-de-23-000-placements-assures-a-fin-aout\/#breadcrumb","itemListElement":[{"@type":"ListItem","position":1,"name":"Accueil","item":"https:\/\/lasentinelle.dz\/"},{"@type":"ListItem","position":2,"name":"March\u00e9 de l\u2019emploi : Plus de 23 000 placements assur\u00e9s \u00e0 fin ao\u00fbt"}]},{"@type":"WebSite","@id":"https:\/\/lasentinelle.dz\/#website","url":"https:\/\/lasentinelle.dz\/","name":"La Sentinelle","description":"Quotidien national d&#039;information","publisher":{"@id":"https:\/\/lasentinelle.dz\/#organization"},"potentialAction":[{"@type":"SearchAction","target":{"@type":"EntryPoint","urlTemplate":"https:\/\/lasentinelle.dz\/?s={search_term_string}"},"query-input":{"@type":"PropertyValueSpecification","valueRequired":true,"valueName":"search_term_string"}}],"inLanguage":"fr-FR"},{"@type":"Organization","@id":"https:\/\/lasentinelle.dz\/#organization","name":"Quotidien La Sentinelle","url":"https:\/\/lasentinelle.dz\/","logo":{"@type":"ImageObject","inLanguage":"fr-FR","@id":"https:\/\/lasentinelle.dz\/#\/schema\/logo\/image\/","url":"https:\/\/lasentinelle.dz\/wp-content\/uploads\/2021\/09\/logo-sentinelleSLOGAN-1.png","contentUrl":"https:\/\/lasentinelle.dz\/wp-content\/uploads\/2021\/09\/logo-sentinelleSLOGAN-1.png","width":615,"height":142,"caption":"Quotidien La Sentinelle"},"image":{"@id":"https:\/\/lasentinelle.dz\/#\/schema\/logo\/image\/"},"sameAs":["https:\/\/www.facebook.com\/La-Sentinelle-104059864394773"]},{"@type":"Person","@id":"https:\/\/lasentinelle.dz\/#\/schema\/person\/d865044e22e70a75174ce8bcad3acfb3","name":"La Sentinelle","image":{"@type":"ImageObject","inLanguage":"fr-FR","@id":"https:\/\/secure.gravatar.com\/avatar\/57de8e5d4b15d43fb361a71fbb36338450fe67865b528a43dd10ef7c51a20392?s=96&d=mm&r=g","url":"https:\/\/secure.gravatar.com\/avatar\/57de8e5d4b15d43fb361a71fbb36338450fe67865b528a43dd10ef7c51a20392?s=96&d=mm&r=g","contentUrl":"https:\/\/secure.gravatar.com\/avatar\/57de8e5d4b15d43fb361a71fbb36338450fe67865b528a43dd10ef7c51a20392?s=96&d=mm&r=g","caption":"La Sentinelle"},"sameAs":["http:\/\/www.lasentinelle.dz"],"url":"https:\/\/lasentinelle.dz\/author\/redaction\/"}]}},"_links":{"self":[{"href":"https:\/\/lasentinelle.dz\/index.php\/wp-json\/wp\/v2\/posts\/11338","targetHints":{"allow":["GET"]}}],"collection":[{"href":"https:\/\/lasentinelle.dz\/index.php\/wp-json\/wp\/v2\/posts"}],"about":[{"href":"https:\/\/lasentinelle.dz\/index.php\/wp-json\/wp\/v2\/types\/post"}],"author":[{"embeddable":true,"href":"https:\/\/lasentinelle.dz\/index.php\/wp-json\/wp\/v2\/users\/3"}],"replies":[{"embeddable":true,"href":"https:\/\/lasentinelle.dz\/index.php\/wp-json\/wp\/v2\/comments?post=11338"}],"version-history":[{"count":1,"href":"https:\/\/lasentinelle.dz\/index.php\/wp-json\/wp\/v2\/posts\/11338\/revisions"}],"predecessor-version":[{"id":11346,"href":"https:\/\/lasentinelle.dz\/index.php\/wp-json\/wp\/v2\/posts\/11338\/revisions\/11346"}],"wp:featuredmedia":[{"embeddable":true,"href":"https:\/\/lasentinelle.dz\/index.php\/wp-json\/wp\/v2\/media\/11345"}],"wp:attachment":[{"href":"https:\/\/lasentinelle.dz\/index.php\/wp-json\/wp\/v2\/media?parent=11338"}],"wp:term":[{"taxonomy":"category","embeddable":true,"href":"https:\/\/lasentinelle.dz\/index.php\/wp-json\/wp\/v2\/categories?post=11338"},{"taxonomy":"post_tag","embeddable":true,"href":"https:\/\/lasentinelle.dz\/index.php\/wp-json\/wp\/v2\/tags?post=11338"}],"curies":[{"name":"wp","href":"https:\/\/api.w.org\/{rel}","templated":true}]}}