{"id":11362,"date":"2021-10-24T00:01:00","date_gmt":"2021-10-23T23:01:00","guid":{"rendered":"https:\/\/lasentinelle.dz\/?p=11362"},"modified":"2021-10-23T18:34:34","modified_gmt":"2021-10-23T17:34:34","slug":"theme-dun-seminaire-international-les-libertes-fondamentales-a-lere-du-numerique-en-debat","status":"publish","type":"post","link":"https:\/\/lasentinelle.dz\/index.php\/2021\/10\/24\/theme-dun-seminaire-international-les-libertes-fondamentales-a-lere-du-numerique-en-debat\/","title":{"rendered":"Th\u00e8me d\u2019un s\u00e9minaire international : Les libert\u00e9s fondamentales \u00e0 l\u2019\u00e8re du num\u00e9rique en d\u00e9bat"},"content":{"rendered":"\n<p>Les libert\u00e9s individuelles et collectives et les droits fondamentaux des citoyens \u00e0 l\u2019\u00e8re du num\u00e9rique ont \u00e9t\u00e9 au c\u0153ur d\u2019un s\u00e9minaire international tenu le 20 et le 21 du mois en cours \u00e0 l\u2019Universit\u00e9 Abbas Laghrour de Khenchela. Une rencontre qui a permis aux participants de se pencher sur la n\u00e9cessit\u00e9 d\u2019adapter le corpus juridique alg\u00e9rien aux avanc\u00e9es technologiques en mati\u00e8re de communication et d\u2019information en vu de garantir les libert\u00e9s et les droits fondamentaux des citoyens et ce en ad\u00e9quation avec le contexte actuel du pays et \u00e0 travers le monde. Au total, 78 contributions scientifiques, \u00e0 l\u2019\u00e9chelle nationale et internationale, ont \u00e9t\u00e9 retenues par la commission charg\u00e9e de l\u2019organisation de cette rencontre internationale. Ces publications scientifiques se sont pench\u00e9es sur les probl\u00e9matiques pos\u00e9es par cette th\u00e9matique relative aux avanc\u00e9es technologiques et les menaces qu\u2019elles repr\u00e9sentent sur les libert\u00e9s individuelles, mais aussi sur les d\u00e9marches \u00e0 entreprendre afin de faire face \u00e0 ces d\u00e9fis et tirer le meilleur du progr\u00e8s technologique en vue de promouvoir une soci\u00e9t\u00e9 meilleure, respectueuse des libert\u00e9s fondamentales des citoyens. D\u2019autres publications scientifiques se sont pench\u00e9es sur des lectures et interpr\u00e9tations des textes juridiques dans le sillage du d\u00e9veloppement technologique tout en \u00e9mettant des recommandations visant \u00e0 \u00e9lever le degr\u00e9 de conscience chez l\u2019individu notamment en ce qui concerne les dangers que repr\u00e9sentent ces avanc\u00e9es technologiques si ces derni\u00e8res n\u2019induisent pas une \u00e9volution et une adaptation des textes juridiques du pays, garantissant les droits et les libert\u00e9s des citoyens. Parall\u00e8lement \u00e0 cela, les participants ont de la mani\u00e8re d\u2019\u00e9tablir des analogies juridiques au plan international, r\u00e9gional et interne. Notons que plusieurs personnalit\u00e9s ont pris part \u00e0 cette rencontre, \u00e0 l\u2019image du doyen de la facult\u00e9 des sciences juridiques de l\u2019universit\u00e9 Britannique des Emirats Arabes Unis, le vice-doyen du Centre arabe de la recherche en sciences juridiques, les membres du Conseil arabe des ministres de la justice de la Ligue Arabe ainsi que le conseiller juridique de l\u2019universit\u00e9 du Qatar.<\/p>\n\n\n\n<p><strong>Boubekeur Amrani<\/strong><\/p>\n","protected":false},"excerpt":{"rendered":"<p>Les libert\u00e9s individuelles et collectives et les droits fondamentaux des citoyens \u00e0 l\u2019\u00e8re du num\u00e9rique ont \u00e9t\u00e9 au c\u0153ur d\u2019un<\/p>\n","protected":false},"author":3,"featured_media":11363,"comment_status":"open","ping_status":"closed","sticky":false,"template":"","format":"standard","meta":{"colormag_page_container_layout":"default_layout","colormag_page_sidebar_layout":"default_layout","om_disable_all_campaigns":false,"_monsterinsights_skip_tracking":false,"_monsterinsights_sitenote_active":false,"_monsterinsights_sitenote_note":"","_monsterinsights_sitenote_category":0,"footnotes":"","_wpscppro_dont_share_socialmedia":false,"_wpscppro_custom_social_share_image":0,"_facebook_share_type":"","_twitter_share_type":"","_linkedin_share_type":"","_pinterest_share_type":"","_linkedin_share_type_page":"","_instagram_share_type":"","_medium_share_type":"","_threads_share_type":"","_google_business_share_type":"","_selected_social_profile":[],"_wpsp_enable_custom_social_template":false,"_wpsp_social_scheduling":{"enabled":false,"datetime":null,"platforms":[],"status":"template_only","dateOption":"today","timeOption":"now","customDays":"","customHours":"","customDate":"","customTime":"","schedulingType":"absolute"},"_wpsp_active_default_template":true},"categories":[27],"tags":[],"class_list":["post-11362","post","type-post","status-publish","format-standard","has-post-thumbnail","hentry","category-actualite"],"aioseo_notices":[],"yoast_head":"<!-- This site is optimized with the Yoast SEO plugin v27.5 - https:\/\/yoast.com\/product\/yoast-seo-wordpress\/ -->\n<title>Th\u00e8me d\u2019un s\u00e9minaire international : Les libert\u00e9s fondamentales \u00e0 l\u2019\u00e8re du num\u00e9rique en d\u00e9bat - La Sentinelle<\/title>\n<meta name=\"robots\" content=\"index, follow, max-snippet:-1, max-image-preview:large, max-video-preview:-1\" \/>\n<link rel=\"canonical\" href=\"https:\/\/lasentinelle.dz\/index.php\/2021\/10\/24\/theme-dun-seminaire-international-les-libertes-fondamentales-a-lere-du-numerique-en-debat\/\" \/>\n<meta property=\"og:locale\" content=\"fr_FR\" \/>\n<meta property=\"og:type\" content=\"article\" \/>\n<meta property=\"og:title\" content=\"Th\u00e8me d\u2019un s\u00e9minaire international : Les libert\u00e9s fondamentales \u00e0 l\u2019\u00e8re du num\u00e9rique en d\u00e9bat - La Sentinelle\" \/>\n<meta property=\"og:description\" content=\"Les libert\u00e9s individuelles et collectives et les droits fondamentaux des citoyens \u00e0 l\u2019\u00e8re du num\u00e9rique ont \u00e9t\u00e9 au c\u0153ur d\u2019un\" \/>\n<meta property=\"og:url\" content=\"https:\/\/lasentinelle.dz\/index.php\/2021\/10\/24\/theme-dun-seminaire-international-les-libertes-fondamentales-a-lere-du-numerique-en-debat\/\" \/>\n<meta property=\"og:site_name\" content=\"La Sentinelle\" \/>\n<meta property=\"article:publisher\" content=\"https:\/\/www.facebook.com\/La-Sentinelle-104059864394773\" \/>\n<meta property=\"article:published_time\" content=\"2021-10-23T23:01:00+00:00\" \/>\n<meta property=\"og:image\" content=\"https:\/\/lasentinelle.dz\/wp-content\/uploads\/2021\/10\/image_2021-10-23_183423.png\" \/>\n\t<meta property=\"og:image:width\" content=\"400\" \/>\n\t<meta property=\"og:image:height\" content=\"338\" \/>\n\t<meta property=\"og:image:type\" content=\"image\/png\" \/>\n<meta name=\"author\" content=\"La Sentinelle\" \/>\n<meta name=\"twitter:card\" content=\"summary_large_image\" \/>\n<meta name=\"twitter:label1\" content=\"\u00c9crit par\" \/>\n\t<meta name=\"twitter:data1\" content=\"La Sentinelle\" \/>\n\t<meta name=\"twitter:label2\" content=\"Dur\u00e9e de lecture estim\u00e9e\" \/>\n\t<meta name=\"twitter:data2\" content=\"2 minutes\" \/>\n<script type=\"application\/ld+json\" class=\"yoast-schema-graph\">{\"@context\":\"https:\\\/\\\/schema.org\",\"@graph\":[{\"@type\":\"Article\",\"@id\":\"https:\\\/\\\/lasentinelle.dz\\\/index.php\\\/2021\\\/10\\\/24\\\/theme-dun-seminaire-international-les-libertes-fondamentales-a-lere-du-numerique-en-debat\\\/#article\",\"isPartOf\":{\"@id\":\"https:\\\/\\\/lasentinelle.dz\\\/index.php\\\/2021\\\/10\\\/24\\\/theme-dun-seminaire-international-les-libertes-fondamentales-a-lere-du-numerique-en-debat\\\/\"},\"author\":{\"name\":\"La Sentinelle\",\"@id\":\"https:\\\/\\\/lasentinelle.dz\\\/#\\\/schema\\\/person\\\/d865044e22e70a75174ce8bcad3acfb3\"},\"headline\":\"Th\u00e8me d\u2019un s\u00e9minaire international : Les libert\u00e9s fondamentales \u00e0 l\u2019\u00e8re du num\u00e9rique en d\u00e9bat\",\"datePublished\":\"2021-10-23T23:01:00+00:00\",\"mainEntityOfPage\":{\"@id\":\"https:\\\/\\\/lasentinelle.dz\\\/index.php\\\/2021\\\/10\\\/24\\\/theme-dun-seminaire-international-les-libertes-fondamentales-a-lere-du-numerique-en-debat\\\/\"},\"wordCount\":381,\"commentCount\":0,\"publisher\":{\"@id\":\"https:\\\/\\\/lasentinelle.dz\\\/#organization\"},\"image\":{\"@id\":\"https:\\\/\\\/lasentinelle.dz\\\/index.php\\\/2021\\\/10\\\/24\\\/theme-dun-seminaire-international-les-libertes-fondamentales-a-lere-du-numerique-en-debat\\\/#primaryimage\"},\"thumbnailUrl\":\"https:\\\/\\\/lasentinelle.dz\\\/wp-content\\\/uploads\\\/2021\\\/10\\\/image_2021-10-23_183423.png\",\"articleSection\":[\"Actualit\u00e9\"],\"inLanguage\":\"fr-FR\",\"potentialAction\":[{\"@type\":\"CommentAction\",\"name\":\"Comment\",\"target\":[\"https:\\\/\\\/lasentinelle.dz\\\/index.php\\\/2021\\\/10\\\/24\\\/theme-dun-seminaire-international-les-libertes-fondamentales-a-lere-du-numerique-en-debat\\\/#respond\"]}]},{\"@type\":\"WebPage\",\"@id\":\"https:\\\/\\\/lasentinelle.dz\\\/index.php\\\/2021\\\/10\\\/24\\\/theme-dun-seminaire-international-les-libertes-fondamentales-a-lere-du-numerique-en-debat\\\/\",\"url\":\"https:\\\/\\\/lasentinelle.dz\\\/index.php\\\/2021\\\/10\\\/24\\\/theme-dun-seminaire-international-les-libertes-fondamentales-a-lere-du-numerique-en-debat\\\/\",\"name\":\"Th\u00e8me d\u2019un s\u00e9minaire international : Les libert\u00e9s fondamentales \u00e0 l\u2019\u00e8re du num\u00e9rique en d\u00e9bat - La Sentinelle\",\"isPartOf\":{\"@id\":\"https:\\\/\\\/lasentinelle.dz\\\/#website\"},\"primaryImageOfPage\":{\"@id\":\"https:\\\/\\\/lasentinelle.dz\\\/index.php\\\/2021\\\/10\\\/24\\\/theme-dun-seminaire-international-les-libertes-fondamentales-a-lere-du-numerique-en-debat\\\/#primaryimage\"},\"image\":{\"@id\":\"https:\\\/\\\/lasentinelle.dz\\\/index.php\\\/2021\\\/10\\\/24\\\/theme-dun-seminaire-international-les-libertes-fondamentales-a-lere-du-numerique-en-debat\\\/#primaryimage\"},\"thumbnailUrl\":\"https:\\\/\\\/lasentinelle.dz\\\/wp-content\\\/uploads\\\/2021\\\/10\\\/image_2021-10-23_183423.png\",\"datePublished\":\"2021-10-23T23:01:00+00:00\",\"breadcrumb\":{\"@id\":\"https:\\\/\\\/lasentinelle.dz\\\/index.php\\\/2021\\\/10\\\/24\\\/theme-dun-seminaire-international-les-libertes-fondamentales-a-lere-du-numerique-en-debat\\\/#breadcrumb\"},\"inLanguage\":\"fr-FR\",\"potentialAction\":[{\"@type\":\"ReadAction\",\"target\":[\"https:\\\/\\\/lasentinelle.dz\\\/index.php\\\/2021\\\/10\\\/24\\\/theme-dun-seminaire-international-les-libertes-fondamentales-a-lere-du-numerique-en-debat\\\/\"]}]},{\"@type\":\"ImageObject\",\"inLanguage\":\"fr-FR\",\"@id\":\"https:\\\/\\\/lasentinelle.dz\\\/index.php\\\/2021\\\/10\\\/24\\\/theme-dun-seminaire-international-les-libertes-fondamentales-a-lere-du-numerique-en-debat\\\/#primaryimage\",\"url\":\"https:\\\/\\\/lasentinelle.dz\\\/wp-content\\\/uploads\\\/2021\\\/10\\\/image_2021-10-23_183423.png\",\"contentUrl\":\"https:\\\/\\\/lasentinelle.dz\\\/wp-content\\\/uploads\\\/2021\\\/10\\\/image_2021-10-23_183423.png\",\"width\":400,\"height\":338},{\"@type\":\"BreadcrumbList\",\"@id\":\"https:\\\/\\\/lasentinelle.dz\\\/index.php\\\/2021\\\/10\\\/24\\\/theme-dun-seminaire-international-les-libertes-fondamentales-a-lere-du-numerique-en-debat\\\/#breadcrumb\",\"itemListElement\":[{\"@type\":\"ListItem\",\"position\":1,\"name\":\"Accueil\",\"item\":\"https:\\\/\\\/lasentinelle.dz\\\/\"},{\"@type\":\"ListItem\",\"position\":2,\"name\":\"Th\u00e8me d\u2019un s\u00e9minaire international : Les libert\u00e9s fondamentales \u00e0 l\u2019\u00e8re du num\u00e9rique en d\u00e9bat\"}]},{\"@type\":\"WebSite\",\"@id\":\"https:\\\/\\\/lasentinelle.dz\\\/#website\",\"url\":\"https:\\\/\\\/lasentinelle.dz\\\/\",\"name\":\"La Sentinelle\",\"description\":\"Quotidien national d&#039;information\",\"publisher\":{\"@id\":\"https:\\\/\\\/lasentinelle.dz\\\/#organization\"},\"potentialAction\":[{\"@type\":\"SearchAction\",\"target\":{\"@type\":\"EntryPoint\",\"urlTemplate\":\"https:\\\/\\\/lasentinelle.dz\\\/?s={search_term_string}\"},\"query-input\":{\"@type\":\"PropertyValueSpecification\",\"valueRequired\":true,\"valueName\":\"search_term_string\"}}],\"inLanguage\":\"fr-FR\"},{\"@type\":\"Organization\",\"@id\":\"https:\\\/\\\/lasentinelle.dz\\\/#organization\",\"name\":\"Quotidien La Sentinelle\",\"url\":\"https:\\\/\\\/lasentinelle.dz\\\/\",\"logo\":{\"@type\":\"ImageObject\",\"inLanguage\":\"fr-FR\",\"@id\":\"https:\\\/\\\/lasentinelle.dz\\\/#\\\/schema\\\/logo\\\/image\\\/\",\"url\":\"https:\\\/\\\/lasentinelle.dz\\\/wp-content\\\/uploads\\\/2021\\\/09\\\/logo-sentinelleSLOGAN-1.png\",\"contentUrl\":\"https:\\\/\\\/lasentinelle.dz\\\/wp-content\\\/uploads\\\/2021\\\/09\\\/logo-sentinelleSLOGAN-1.png\",\"width\":615,\"height\":142,\"caption\":\"Quotidien La Sentinelle\"},\"image\":{\"@id\":\"https:\\\/\\\/lasentinelle.dz\\\/#\\\/schema\\\/logo\\\/image\\\/\"},\"sameAs\":[\"https:\\\/\\\/www.facebook.com\\\/La-Sentinelle-104059864394773\"]},{\"@type\":\"Person\",\"@id\":\"https:\\\/\\\/lasentinelle.dz\\\/#\\\/schema\\\/person\\\/d865044e22e70a75174ce8bcad3acfb3\",\"name\":\"La Sentinelle\",\"image\":{\"@type\":\"ImageObject\",\"inLanguage\":\"fr-FR\",\"@id\":\"https:\\\/\\\/secure.gravatar.com\\\/avatar\\\/57de8e5d4b15d43fb361a71fbb36338450fe67865b528a43dd10ef7c51a20392?s=96&d=mm&r=g\",\"url\":\"https:\\\/\\\/secure.gravatar.com\\\/avatar\\\/57de8e5d4b15d43fb361a71fbb36338450fe67865b528a43dd10ef7c51a20392?s=96&d=mm&r=g\",\"contentUrl\":\"https:\\\/\\\/secure.gravatar.com\\\/avatar\\\/57de8e5d4b15d43fb361a71fbb36338450fe67865b528a43dd10ef7c51a20392?s=96&d=mm&r=g\",\"caption\":\"La Sentinelle\"},\"sameAs\":[\"http:\\\/\\\/www.lasentinelle.dz\"],\"url\":\"https:\\\/\\\/lasentinelle.dz\\\/author\\\/redaction\\\/\"}]}<\/script>\n<!-- \/ Yoast SEO plugin. -->","yoast_head_json":{"title":"Th\u00e8me d\u2019un s\u00e9minaire international : Les libert\u00e9s fondamentales \u00e0 l\u2019\u00e8re du num\u00e9rique en d\u00e9bat - La Sentinelle","robots":{"index":"index","follow":"follow","max-snippet":"max-snippet:-1","max-image-preview":"max-image-preview:large","max-video-preview":"max-video-preview:-1"},"canonical":"https:\/\/lasentinelle.dz\/index.php\/2021\/10\/24\/theme-dun-seminaire-international-les-libertes-fondamentales-a-lere-du-numerique-en-debat\/","og_locale":"fr_FR","og_type":"article","og_title":"Th\u00e8me d\u2019un s\u00e9minaire international : Les libert\u00e9s fondamentales \u00e0 l\u2019\u00e8re du num\u00e9rique en d\u00e9bat - La Sentinelle","og_description":"Les libert\u00e9s individuelles et collectives et les droits fondamentaux des citoyens \u00e0 l\u2019\u00e8re du num\u00e9rique ont \u00e9t\u00e9 au c\u0153ur d\u2019un","og_url":"https:\/\/lasentinelle.dz\/index.php\/2021\/10\/24\/theme-dun-seminaire-international-les-libertes-fondamentales-a-lere-du-numerique-en-debat\/","og_site_name":"La Sentinelle","article_publisher":"https:\/\/www.facebook.com\/La-Sentinelle-104059864394773","article_published_time":"2021-10-23T23:01:00+00:00","og_image":[{"width":400,"height":338,"url":"https:\/\/lasentinelle.dz\/wp-content\/uploads\/2021\/10\/image_2021-10-23_183423.png","type":"image\/png"}],"author":"La Sentinelle","twitter_card":"summary_large_image","twitter_misc":{"\u00c9crit par":"La Sentinelle","Dur\u00e9e de lecture estim\u00e9e":"2 minutes"},"schema":{"@context":"https:\/\/schema.org","@graph":[{"@type":"Article","@id":"https:\/\/lasentinelle.dz\/index.php\/2021\/10\/24\/theme-dun-seminaire-international-les-libertes-fondamentales-a-lere-du-numerique-en-debat\/#article","isPartOf":{"@id":"https:\/\/lasentinelle.dz\/index.php\/2021\/10\/24\/theme-dun-seminaire-international-les-libertes-fondamentales-a-lere-du-numerique-en-debat\/"},"author":{"name":"La Sentinelle","@id":"https:\/\/lasentinelle.dz\/#\/schema\/person\/d865044e22e70a75174ce8bcad3acfb3"},"headline":"Th\u00e8me d\u2019un s\u00e9minaire international : Les libert\u00e9s fondamentales \u00e0 l\u2019\u00e8re du num\u00e9rique en d\u00e9bat","datePublished":"2021-10-23T23:01:00+00:00","mainEntityOfPage":{"@id":"https:\/\/lasentinelle.dz\/index.php\/2021\/10\/24\/theme-dun-seminaire-international-les-libertes-fondamentales-a-lere-du-numerique-en-debat\/"},"wordCount":381,"commentCount":0,"publisher":{"@id":"https:\/\/lasentinelle.dz\/#organization"},"image":{"@id":"https:\/\/lasentinelle.dz\/index.php\/2021\/10\/24\/theme-dun-seminaire-international-les-libertes-fondamentales-a-lere-du-numerique-en-debat\/#primaryimage"},"thumbnailUrl":"https:\/\/lasentinelle.dz\/wp-content\/uploads\/2021\/10\/image_2021-10-23_183423.png","articleSection":["Actualit\u00e9"],"inLanguage":"fr-FR","potentialAction":[{"@type":"CommentAction","name":"Comment","target":["https:\/\/lasentinelle.dz\/index.php\/2021\/10\/24\/theme-dun-seminaire-international-les-libertes-fondamentales-a-lere-du-numerique-en-debat\/#respond"]}]},{"@type":"WebPage","@id":"https:\/\/lasentinelle.dz\/index.php\/2021\/10\/24\/theme-dun-seminaire-international-les-libertes-fondamentales-a-lere-du-numerique-en-debat\/","url":"https:\/\/lasentinelle.dz\/index.php\/2021\/10\/24\/theme-dun-seminaire-international-les-libertes-fondamentales-a-lere-du-numerique-en-debat\/","name":"Th\u00e8me d\u2019un s\u00e9minaire international : Les libert\u00e9s fondamentales \u00e0 l\u2019\u00e8re du num\u00e9rique en d\u00e9bat - La Sentinelle","isPartOf":{"@id":"https:\/\/lasentinelle.dz\/#website"},"primaryImageOfPage":{"@id":"https:\/\/lasentinelle.dz\/index.php\/2021\/10\/24\/theme-dun-seminaire-international-les-libertes-fondamentales-a-lere-du-numerique-en-debat\/#primaryimage"},"image":{"@id":"https:\/\/lasentinelle.dz\/index.php\/2021\/10\/24\/theme-dun-seminaire-international-les-libertes-fondamentales-a-lere-du-numerique-en-debat\/#primaryimage"},"thumbnailUrl":"https:\/\/lasentinelle.dz\/wp-content\/uploads\/2021\/10\/image_2021-10-23_183423.png","datePublished":"2021-10-23T23:01:00+00:00","breadcrumb":{"@id":"https:\/\/lasentinelle.dz\/index.php\/2021\/10\/24\/theme-dun-seminaire-international-les-libertes-fondamentales-a-lere-du-numerique-en-debat\/#breadcrumb"},"inLanguage":"fr-FR","potentialAction":[{"@type":"ReadAction","target":["https:\/\/lasentinelle.dz\/index.php\/2021\/10\/24\/theme-dun-seminaire-international-les-libertes-fondamentales-a-lere-du-numerique-en-debat\/"]}]},{"@type":"ImageObject","inLanguage":"fr-FR","@id":"https:\/\/lasentinelle.dz\/index.php\/2021\/10\/24\/theme-dun-seminaire-international-les-libertes-fondamentales-a-lere-du-numerique-en-debat\/#primaryimage","url":"https:\/\/lasentinelle.dz\/wp-content\/uploads\/2021\/10\/image_2021-10-23_183423.png","contentUrl":"https:\/\/lasentinelle.dz\/wp-content\/uploads\/2021\/10\/image_2021-10-23_183423.png","width":400,"height":338},{"@type":"BreadcrumbList","@id":"https:\/\/lasentinelle.dz\/index.php\/2021\/10\/24\/theme-dun-seminaire-international-les-libertes-fondamentales-a-lere-du-numerique-en-debat\/#breadcrumb","itemListElement":[{"@type":"ListItem","position":1,"name":"Accueil","item":"https:\/\/lasentinelle.dz\/"},{"@type":"ListItem","position":2,"name":"Th\u00e8me d\u2019un s\u00e9minaire international : Les libert\u00e9s fondamentales \u00e0 l\u2019\u00e8re du num\u00e9rique en d\u00e9bat"}]},{"@type":"WebSite","@id":"https:\/\/lasentinelle.dz\/#website","url":"https:\/\/lasentinelle.dz\/","name":"La Sentinelle","description":"Quotidien national d&#039;information","publisher":{"@id":"https:\/\/lasentinelle.dz\/#organization"},"potentialAction":[{"@type":"SearchAction","target":{"@type":"EntryPoint","urlTemplate":"https:\/\/lasentinelle.dz\/?s={search_term_string}"},"query-input":{"@type":"PropertyValueSpecification","valueRequired":true,"valueName":"search_term_string"}}],"inLanguage":"fr-FR"},{"@type":"Organization","@id":"https:\/\/lasentinelle.dz\/#organization","name":"Quotidien La Sentinelle","url":"https:\/\/lasentinelle.dz\/","logo":{"@type":"ImageObject","inLanguage":"fr-FR","@id":"https:\/\/lasentinelle.dz\/#\/schema\/logo\/image\/","url":"https:\/\/lasentinelle.dz\/wp-content\/uploads\/2021\/09\/logo-sentinelleSLOGAN-1.png","contentUrl":"https:\/\/lasentinelle.dz\/wp-content\/uploads\/2021\/09\/logo-sentinelleSLOGAN-1.png","width":615,"height":142,"caption":"Quotidien La Sentinelle"},"image":{"@id":"https:\/\/lasentinelle.dz\/#\/schema\/logo\/image\/"},"sameAs":["https:\/\/www.facebook.com\/La-Sentinelle-104059864394773"]},{"@type":"Person","@id":"https:\/\/lasentinelle.dz\/#\/schema\/person\/d865044e22e70a75174ce8bcad3acfb3","name":"La Sentinelle","image":{"@type":"ImageObject","inLanguage":"fr-FR","@id":"https:\/\/secure.gravatar.com\/avatar\/57de8e5d4b15d43fb361a71fbb36338450fe67865b528a43dd10ef7c51a20392?s=96&d=mm&r=g","url":"https:\/\/secure.gravatar.com\/avatar\/57de8e5d4b15d43fb361a71fbb36338450fe67865b528a43dd10ef7c51a20392?s=96&d=mm&r=g","contentUrl":"https:\/\/secure.gravatar.com\/avatar\/57de8e5d4b15d43fb361a71fbb36338450fe67865b528a43dd10ef7c51a20392?s=96&d=mm&r=g","caption":"La Sentinelle"},"sameAs":["http:\/\/www.lasentinelle.dz"],"url":"https:\/\/lasentinelle.dz\/author\/redaction\/"}]}},"_links":{"self":[{"href":"https:\/\/lasentinelle.dz\/index.php\/wp-json\/wp\/v2\/posts\/11362","targetHints":{"allow":["GET"]}}],"collection":[{"href":"https:\/\/lasentinelle.dz\/index.php\/wp-json\/wp\/v2\/posts"}],"about":[{"href":"https:\/\/lasentinelle.dz\/index.php\/wp-json\/wp\/v2\/types\/post"}],"author":[{"embeddable":true,"href":"https:\/\/lasentinelle.dz\/index.php\/wp-json\/wp\/v2\/users\/3"}],"replies":[{"embeddable":true,"href":"https:\/\/lasentinelle.dz\/index.php\/wp-json\/wp\/v2\/comments?post=11362"}],"version-history":[{"count":1,"href":"https:\/\/lasentinelle.dz\/index.php\/wp-json\/wp\/v2\/posts\/11362\/revisions"}],"predecessor-version":[{"id":11364,"href":"https:\/\/lasentinelle.dz\/index.php\/wp-json\/wp\/v2\/posts\/11362\/revisions\/11364"}],"wp:featuredmedia":[{"embeddable":true,"href":"https:\/\/lasentinelle.dz\/index.php\/wp-json\/wp\/v2\/media\/11363"}],"wp:attachment":[{"href":"https:\/\/lasentinelle.dz\/index.php\/wp-json\/wp\/v2\/media?parent=11362"}],"wp:term":[{"taxonomy":"category","embeddable":true,"href":"https:\/\/lasentinelle.dz\/index.php\/wp-json\/wp\/v2\/categories?post=11362"},{"taxonomy":"post_tag","embeddable":true,"href":"https:\/\/lasentinelle.dz\/index.php\/wp-json\/wp\/v2\/tags?post=11362"}],"curies":[{"name":"wp","href":"https:\/\/api.w.org\/{rel}","templated":true}]}}