{"id":11410,"date":"2021-10-25T00:01:00","date_gmt":"2021-10-24T23:01:00","guid":{"rendered":"https:\/\/lasentinelle.dz\/?p=11410"},"modified":"2021-10-24T16:25:10","modified_gmt":"2021-10-24T15:25:10","slug":"le-baron-de-bizzer-sous-mandat-de-depot-30-kg-de-kif-saisis-a-setif","status":"publish","type":"post","link":"https:\/\/lasentinelle.dz\/index.php\/2021\/10\/25\/le-baron-de-bizzer-sous-mandat-de-depot-30-kg-de-kif-saisis-a-setif\/","title":{"rendered":"Le baron de Bizzer sous mandat de d\u00e9p\u00f4t : 30 kg de kif saisis \u00e0 S\u00e9tif"},"content":{"rendered":"\n<p>L&rsquo;op\u00e9ration encadr\u00e9e par la brigade mobile de la Police Judiciaire de S\u00e9tif, fait suite \u00e0 des informations sur une op\u00e9ration d\u2019introduction, par un baron, d\u2019une importante quantit\u00e9 de kif trait\u00e9 \u00e0 la ville de S\u00e9tif. Les investigations engag\u00e9es par les services de s\u00e9curit\u00e9, ont abouti \u00e0 l\u2019identification de deux narcotrafiquants, ont fait savoir des sources s\u00e9curitaires. Pris en filatures, les deux individus ont \u00e9t\u00e9 arr\u00eat\u00e9s, \u00e0 la cit\u00e9 Bizzer, dans la ville de S\u00e9tif \u00e0 bord d\u2019un v\u00e9hicule touristique&nbsp; en possession d\u2019une premi\u00e8re&nbsp; quantit\u00e9 de drogue et de psychotropes. Conduits au poste de police et en coordination avec l\u2019instance juridique de comp\u00e9tences, une perquisition a \u00e9t\u00e9 effectu\u00e9e aux domiciles des deux pr\u00e9venus, o\u00f9 il a \u00e9t\u00e9 d\u00e9couvert et saisi, chez l\u2019un d\u2019entre les deux trafiquants, une autre quantit\u00e9 de kif, ont d\u00e9taill\u00e9 nos sources. \u00c0&nbsp; l&rsquo;issue de cette op\u00e9ration, deux voitures ont \u00e9t\u00e9 \u00e9galement saisies, dont une, nous dit-on luxueuse, que les narcotrafiquants utilisent pour le transport des substances narcotiques. Au total se sont 30 kg de kif trait\u00e9 destin\u00e9s \u00e0 la commercialisation qui ont \u00e9t\u00e9 saisis, ainsi que l\u2019arrestation de deux trafiquants, dont le fameux baron de Bizzer, ont pr\u00e9cis\u00e9 nos sources. Soumis aux mesures d\u2019usages, les deux narcotrafiquants, jusqu\u2019\u00e0 la mise sous presse, font encore \u2018objet d\u2019audition, par les services de s\u00e9curit\u00e9, pour tenter de remonter \u00e0 la source de provenance du kif et les d\u2019\u00e9ventuels complices, a fait savoir la m\u00eame source. Les mis en causes dans ce commerce illicite seront d\u00e9f\u00e9r\u00e9s aujourd\u2019hui, par devant les instances juridiques de la wilaya de S\u00e9tif qui, comme pr\u00e9conis\u00e9 par notre source, vont d\u00e9cider sans doute leur placement sous mandat de d\u00e9p\u00f4t.<\/p>\n\n\n\n<p><strong>SOFIA CHAHINE<\/strong><\/p>\n","protected":false},"excerpt":{"rendered":"<p>L&rsquo;op\u00e9ration encadr\u00e9e par la brigade mobile de la Police Judiciaire de S\u00e9tif, fait suite \u00e0 des informations sur une op\u00e9ration<\/p>\n","protected":false},"author":3,"featured_media":11418,"comment_status":"open","ping_status":"closed","sticky":false,"template":"","format":"standard","meta":{"colormag_page_container_layout":"default_layout","colormag_page_sidebar_layout":"default_layout","om_disable_all_campaigns":false,"_monsterinsights_skip_tracking":false,"_monsterinsights_sitenote_active":false,"_monsterinsights_sitenote_note":"","_monsterinsights_sitenote_category":0,"footnotes":"","_wpscppro_dont_share_socialmedia":false,"_wpscppro_custom_social_share_image":0,"_facebook_share_type":"","_twitter_share_type":"","_linkedin_share_type":"","_pinterest_share_type":"","_linkedin_share_type_page":"","_instagram_share_type":"","_medium_share_type":"","_threads_share_type":"","_google_business_share_type":"","_selected_social_profile":[],"_wpsp_enable_custom_social_template":false,"_wpsp_social_scheduling":{"enabled":false,"datetime":null,"platforms":[],"status":"template_only","dateOption":"today","timeOption":"now","customDays":"","customHours":"","customDate":"","customTime":"","schedulingType":"absolute"},"_wpsp_active_default_template":true},"categories":[31],"tags":[],"class_list":["post-11410","post","type-post","status-publish","format-standard","has-post-thumbnail","hentry","category-regions"],"aioseo_notices":[],"yoast_head":"<!-- This site is optimized with the Yoast SEO plugin v27.5 - https:\/\/yoast.com\/product\/yoast-seo-wordpress\/ -->\n<title>Le baron de Bizzer sous mandat de d\u00e9p\u00f4t : 30 kg de kif saisis \u00e0 S\u00e9tif - La Sentinelle<\/title>\n<meta name=\"robots\" content=\"index, follow, max-snippet:-1, max-image-preview:large, max-video-preview:-1\" \/>\n<link rel=\"canonical\" href=\"https:\/\/lasentinelle.dz\/index.php\/2021\/10\/25\/le-baron-de-bizzer-sous-mandat-de-depot-30-kg-de-kif-saisis-a-setif\/\" \/>\n<meta property=\"og:locale\" content=\"fr_FR\" \/>\n<meta property=\"og:type\" content=\"article\" \/>\n<meta property=\"og:title\" content=\"Le baron de Bizzer sous mandat de d\u00e9p\u00f4t : 30 kg de kif saisis \u00e0 S\u00e9tif - La Sentinelle\" \/>\n<meta property=\"og:description\" content=\"L&rsquo;op\u00e9ration encadr\u00e9e par la brigade mobile de la Police Judiciaire de S\u00e9tif, fait suite \u00e0 des informations sur une op\u00e9ration\" \/>\n<meta property=\"og:url\" content=\"https:\/\/lasentinelle.dz\/index.php\/2021\/10\/25\/le-baron-de-bizzer-sous-mandat-de-depot-30-kg-de-kif-saisis-a-setif\/\" \/>\n<meta property=\"og:site_name\" content=\"La Sentinelle\" \/>\n<meta property=\"article:publisher\" content=\"https:\/\/www.facebook.com\/La-Sentinelle-104059864394773\" \/>\n<meta property=\"article:published_time\" content=\"2021-10-24T23:01:00+00:00\" \/>\n<meta property=\"og:image\" content=\"https:\/\/lasentinelle.dz\/wp-content\/uploads\/2021\/10\/image_2021-10-24_162454.png\" \/>\n\t<meta property=\"og:image:width\" content=\"600\" \/>\n\t<meta property=\"og:image:height\" content=\"330\" \/>\n\t<meta property=\"og:image:type\" content=\"image\/png\" \/>\n<meta name=\"author\" content=\"La Sentinelle\" \/>\n<meta name=\"twitter:card\" content=\"summary_large_image\" \/>\n<meta name=\"twitter:label1\" content=\"\u00c9crit par\" \/>\n\t<meta name=\"twitter:data1\" content=\"La Sentinelle\" \/>\n\t<meta name=\"twitter:label2\" content=\"Dur\u00e9e de lecture estim\u00e9e\" \/>\n\t<meta name=\"twitter:data2\" content=\"2 minutes\" \/>\n<script type=\"application\/ld+json\" class=\"yoast-schema-graph\">{\"@context\":\"https:\\\/\\\/schema.org\",\"@graph\":[{\"@type\":\"Article\",\"@id\":\"https:\\\/\\\/lasentinelle.dz\\\/index.php\\\/2021\\\/10\\\/25\\\/le-baron-de-bizzer-sous-mandat-de-depot-30-kg-de-kif-saisis-a-setif\\\/#article\",\"isPartOf\":{\"@id\":\"https:\\\/\\\/lasentinelle.dz\\\/index.php\\\/2021\\\/10\\\/25\\\/le-baron-de-bizzer-sous-mandat-de-depot-30-kg-de-kif-saisis-a-setif\\\/\"},\"author\":{\"name\":\"La Sentinelle\",\"@id\":\"https:\\\/\\\/lasentinelle.dz\\\/#\\\/schema\\\/person\\\/d865044e22e70a75174ce8bcad3acfb3\"},\"headline\":\"Le baron de Bizzer sous mandat de d\u00e9p\u00f4t : 30 kg de kif saisis \u00e0 S\u00e9tif\",\"datePublished\":\"2021-10-24T23:01:00+00:00\",\"mainEntityOfPage\":{\"@id\":\"https:\\\/\\\/lasentinelle.dz\\\/index.php\\\/2021\\\/10\\\/25\\\/le-baron-de-bizzer-sous-mandat-de-depot-30-kg-de-kif-saisis-a-setif\\\/\"},\"wordCount\":330,\"commentCount\":0,\"publisher\":{\"@id\":\"https:\\\/\\\/lasentinelle.dz\\\/#organization\"},\"image\":{\"@id\":\"https:\\\/\\\/lasentinelle.dz\\\/index.php\\\/2021\\\/10\\\/25\\\/le-baron-de-bizzer-sous-mandat-de-depot-30-kg-de-kif-saisis-a-setif\\\/#primaryimage\"},\"thumbnailUrl\":\"https:\\\/\\\/lasentinelle.dz\\\/wp-content\\\/uploads\\\/2021\\\/10\\\/image_2021-10-24_162454.png\",\"articleSection\":[\"R\u00e9gions\"],\"inLanguage\":\"fr-FR\",\"potentialAction\":[{\"@type\":\"CommentAction\",\"name\":\"Comment\",\"target\":[\"https:\\\/\\\/lasentinelle.dz\\\/index.php\\\/2021\\\/10\\\/25\\\/le-baron-de-bizzer-sous-mandat-de-depot-30-kg-de-kif-saisis-a-setif\\\/#respond\"]}]},{\"@type\":\"WebPage\",\"@id\":\"https:\\\/\\\/lasentinelle.dz\\\/index.php\\\/2021\\\/10\\\/25\\\/le-baron-de-bizzer-sous-mandat-de-depot-30-kg-de-kif-saisis-a-setif\\\/\",\"url\":\"https:\\\/\\\/lasentinelle.dz\\\/index.php\\\/2021\\\/10\\\/25\\\/le-baron-de-bizzer-sous-mandat-de-depot-30-kg-de-kif-saisis-a-setif\\\/\",\"name\":\"Le baron de Bizzer sous mandat de d\u00e9p\u00f4t : 30 kg de kif saisis \u00e0 S\u00e9tif - La Sentinelle\",\"isPartOf\":{\"@id\":\"https:\\\/\\\/lasentinelle.dz\\\/#website\"},\"primaryImageOfPage\":{\"@id\":\"https:\\\/\\\/lasentinelle.dz\\\/index.php\\\/2021\\\/10\\\/25\\\/le-baron-de-bizzer-sous-mandat-de-depot-30-kg-de-kif-saisis-a-setif\\\/#primaryimage\"},\"image\":{\"@id\":\"https:\\\/\\\/lasentinelle.dz\\\/index.php\\\/2021\\\/10\\\/25\\\/le-baron-de-bizzer-sous-mandat-de-depot-30-kg-de-kif-saisis-a-setif\\\/#primaryimage\"},\"thumbnailUrl\":\"https:\\\/\\\/lasentinelle.dz\\\/wp-content\\\/uploads\\\/2021\\\/10\\\/image_2021-10-24_162454.png\",\"datePublished\":\"2021-10-24T23:01:00+00:00\",\"breadcrumb\":{\"@id\":\"https:\\\/\\\/lasentinelle.dz\\\/index.php\\\/2021\\\/10\\\/25\\\/le-baron-de-bizzer-sous-mandat-de-depot-30-kg-de-kif-saisis-a-setif\\\/#breadcrumb\"},\"inLanguage\":\"fr-FR\",\"potentialAction\":[{\"@type\":\"ReadAction\",\"target\":[\"https:\\\/\\\/lasentinelle.dz\\\/index.php\\\/2021\\\/10\\\/25\\\/le-baron-de-bizzer-sous-mandat-de-depot-30-kg-de-kif-saisis-a-setif\\\/\"]}]},{\"@type\":\"ImageObject\",\"inLanguage\":\"fr-FR\",\"@id\":\"https:\\\/\\\/lasentinelle.dz\\\/index.php\\\/2021\\\/10\\\/25\\\/le-baron-de-bizzer-sous-mandat-de-depot-30-kg-de-kif-saisis-a-setif\\\/#primaryimage\",\"url\":\"https:\\\/\\\/lasentinelle.dz\\\/wp-content\\\/uploads\\\/2021\\\/10\\\/image_2021-10-24_162454.png\",\"contentUrl\":\"https:\\\/\\\/lasentinelle.dz\\\/wp-content\\\/uploads\\\/2021\\\/10\\\/image_2021-10-24_162454.png\",\"width\":600,\"height\":330},{\"@type\":\"BreadcrumbList\",\"@id\":\"https:\\\/\\\/lasentinelle.dz\\\/index.php\\\/2021\\\/10\\\/25\\\/le-baron-de-bizzer-sous-mandat-de-depot-30-kg-de-kif-saisis-a-setif\\\/#breadcrumb\",\"itemListElement\":[{\"@type\":\"ListItem\",\"position\":1,\"name\":\"Accueil\",\"item\":\"https:\\\/\\\/lasentinelle.dz\\\/\"},{\"@type\":\"ListItem\",\"position\":2,\"name\":\"Le baron de Bizzer sous mandat de d\u00e9p\u00f4t : 30 kg de kif saisis \u00e0 S\u00e9tif\"}]},{\"@type\":\"WebSite\",\"@id\":\"https:\\\/\\\/lasentinelle.dz\\\/#website\",\"url\":\"https:\\\/\\\/lasentinelle.dz\\\/\",\"name\":\"La Sentinelle\",\"description\":\"Quotidien national d&#039;information\",\"publisher\":{\"@id\":\"https:\\\/\\\/lasentinelle.dz\\\/#organization\"},\"potentialAction\":[{\"@type\":\"SearchAction\",\"target\":{\"@type\":\"EntryPoint\",\"urlTemplate\":\"https:\\\/\\\/lasentinelle.dz\\\/?s={search_term_string}\"},\"query-input\":{\"@type\":\"PropertyValueSpecification\",\"valueRequired\":true,\"valueName\":\"search_term_string\"}}],\"inLanguage\":\"fr-FR\"},{\"@type\":\"Organization\",\"@id\":\"https:\\\/\\\/lasentinelle.dz\\\/#organization\",\"name\":\"Quotidien La Sentinelle\",\"url\":\"https:\\\/\\\/lasentinelle.dz\\\/\",\"logo\":{\"@type\":\"ImageObject\",\"inLanguage\":\"fr-FR\",\"@id\":\"https:\\\/\\\/lasentinelle.dz\\\/#\\\/schema\\\/logo\\\/image\\\/\",\"url\":\"https:\\\/\\\/lasentinelle.dz\\\/wp-content\\\/uploads\\\/2021\\\/09\\\/logo-sentinelleSLOGAN-1.png\",\"contentUrl\":\"https:\\\/\\\/lasentinelle.dz\\\/wp-content\\\/uploads\\\/2021\\\/09\\\/logo-sentinelleSLOGAN-1.png\",\"width\":615,\"height\":142,\"caption\":\"Quotidien La Sentinelle\"},\"image\":{\"@id\":\"https:\\\/\\\/lasentinelle.dz\\\/#\\\/schema\\\/logo\\\/image\\\/\"},\"sameAs\":[\"https:\\\/\\\/www.facebook.com\\\/La-Sentinelle-104059864394773\"]},{\"@type\":\"Person\",\"@id\":\"https:\\\/\\\/lasentinelle.dz\\\/#\\\/schema\\\/person\\\/d865044e22e70a75174ce8bcad3acfb3\",\"name\":\"La Sentinelle\",\"image\":{\"@type\":\"ImageObject\",\"inLanguage\":\"fr-FR\",\"@id\":\"https:\\\/\\\/secure.gravatar.com\\\/avatar\\\/57de8e5d4b15d43fb361a71fbb36338450fe67865b528a43dd10ef7c51a20392?s=96&d=mm&r=g\",\"url\":\"https:\\\/\\\/secure.gravatar.com\\\/avatar\\\/57de8e5d4b15d43fb361a71fbb36338450fe67865b528a43dd10ef7c51a20392?s=96&d=mm&r=g\",\"contentUrl\":\"https:\\\/\\\/secure.gravatar.com\\\/avatar\\\/57de8e5d4b15d43fb361a71fbb36338450fe67865b528a43dd10ef7c51a20392?s=96&d=mm&r=g\",\"caption\":\"La Sentinelle\"},\"sameAs\":[\"http:\\\/\\\/www.lasentinelle.dz\"],\"url\":\"https:\\\/\\\/lasentinelle.dz\\\/author\\\/redaction\\\/\"}]}<\/script>\n<!-- \/ Yoast SEO plugin. -->","yoast_head_json":{"title":"Le baron de Bizzer sous mandat de d\u00e9p\u00f4t : 30 kg de kif saisis \u00e0 S\u00e9tif - La Sentinelle","robots":{"index":"index","follow":"follow","max-snippet":"max-snippet:-1","max-image-preview":"max-image-preview:large","max-video-preview":"max-video-preview:-1"},"canonical":"https:\/\/lasentinelle.dz\/index.php\/2021\/10\/25\/le-baron-de-bizzer-sous-mandat-de-depot-30-kg-de-kif-saisis-a-setif\/","og_locale":"fr_FR","og_type":"article","og_title":"Le baron de Bizzer sous mandat de d\u00e9p\u00f4t : 30 kg de kif saisis \u00e0 S\u00e9tif - La Sentinelle","og_description":"L&rsquo;op\u00e9ration encadr\u00e9e par la brigade mobile de la Police Judiciaire de S\u00e9tif, fait suite \u00e0 des informations sur une op\u00e9ration","og_url":"https:\/\/lasentinelle.dz\/index.php\/2021\/10\/25\/le-baron-de-bizzer-sous-mandat-de-depot-30-kg-de-kif-saisis-a-setif\/","og_site_name":"La Sentinelle","article_publisher":"https:\/\/www.facebook.com\/La-Sentinelle-104059864394773","article_published_time":"2021-10-24T23:01:00+00:00","og_image":[{"width":600,"height":330,"url":"https:\/\/lasentinelle.dz\/wp-content\/uploads\/2021\/10\/image_2021-10-24_162454.png","type":"image\/png"}],"author":"La Sentinelle","twitter_card":"summary_large_image","twitter_misc":{"\u00c9crit par":"La Sentinelle","Dur\u00e9e de lecture estim\u00e9e":"2 minutes"},"schema":{"@context":"https:\/\/schema.org","@graph":[{"@type":"Article","@id":"https:\/\/lasentinelle.dz\/index.php\/2021\/10\/25\/le-baron-de-bizzer-sous-mandat-de-depot-30-kg-de-kif-saisis-a-setif\/#article","isPartOf":{"@id":"https:\/\/lasentinelle.dz\/index.php\/2021\/10\/25\/le-baron-de-bizzer-sous-mandat-de-depot-30-kg-de-kif-saisis-a-setif\/"},"author":{"name":"La Sentinelle","@id":"https:\/\/lasentinelle.dz\/#\/schema\/person\/d865044e22e70a75174ce8bcad3acfb3"},"headline":"Le baron de Bizzer sous mandat de d\u00e9p\u00f4t : 30 kg de kif saisis \u00e0 S\u00e9tif","datePublished":"2021-10-24T23:01:00+00:00","mainEntityOfPage":{"@id":"https:\/\/lasentinelle.dz\/index.php\/2021\/10\/25\/le-baron-de-bizzer-sous-mandat-de-depot-30-kg-de-kif-saisis-a-setif\/"},"wordCount":330,"commentCount":0,"publisher":{"@id":"https:\/\/lasentinelle.dz\/#organization"},"image":{"@id":"https:\/\/lasentinelle.dz\/index.php\/2021\/10\/25\/le-baron-de-bizzer-sous-mandat-de-depot-30-kg-de-kif-saisis-a-setif\/#primaryimage"},"thumbnailUrl":"https:\/\/lasentinelle.dz\/wp-content\/uploads\/2021\/10\/image_2021-10-24_162454.png","articleSection":["R\u00e9gions"],"inLanguage":"fr-FR","potentialAction":[{"@type":"CommentAction","name":"Comment","target":["https:\/\/lasentinelle.dz\/index.php\/2021\/10\/25\/le-baron-de-bizzer-sous-mandat-de-depot-30-kg-de-kif-saisis-a-setif\/#respond"]}]},{"@type":"WebPage","@id":"https:\/\/lasentinelle.dz\/index.php\/2021\/10\/25\/le-baron-de-bizzer-sous-mandat-de-depot-30-kg-de-kif-saisis-a-setif\/","url":"https:\/\/lasentinelle.dz\/index.php\/2021\/10\/25\/le-baron-de-bizzer-sous-mandat-de-depot-30-kg-de-kif-saisis-a-setif\/","name":"Le baron de Bizzer sous mandat de d\u00e9p\u00f4t : 30 kg de kif saisis \u00e0 S\u00e9tif - La Sentinelle","isPartOf":{"@id":"https:\/\/lasentinelle.dz\/#website"},"primaryImageOfPage":{"@id":"https:\/\/lasentinelle.dz\/index.php\/2021\/10\/25\/le-baron-de-bizzer-sous-mandat-de-depot-30-kg-de-kif-saisis-a-setif\/#primaryimage"},"image":{"@id":"https:\/\/lasentinelle.dz\/index.php\/2021\/10\/25\/le-baron-de-bizzer-sous-mandat-de-depot-30-kg-de-kif-saisis-a-setif\/#primaryimage"},"thumbnailUrl":"https:\/\/lasentinelle.dz\/wp-content\/uploads\/2021\/10\/image_2021-10-24_162454.png","datePublished":"2021-10-24T23:01:00+00:00","breadcrumb":{"@id":"https:\/\/lasentinelle.dz\/index.php\/2021\/10\/25\/le-baron-de-bizzer-sous-mandat-de-depot-30-kg-de-kif-saisis-a-setif\/#breadcrumb"},"inLanguage":"fr-FR","potentialAction":[{"@type":"ReadAction","target":["https:\/\/lasentinelle.dz\/index.php\/2021\/10\/25\/le-baron-de-bizzer-sous-mandat-de-depot-30-kg-de-kif-saisis-a-setif\/"]}]},{"@type":"ImageObject","inLanguage":"fr-FR","@id":"https:\/\/lasentinelle.dz\/index.php\/2021\/10\/25\/le-baron-de-bizzer-sous-mandat-de-depot-30-kg-de-kif-saisis-a-setif\/#primaryimage","url":"https:\/\/lasentinelle.dz\/wp-content\/uploads\/2021\/10\/image_2021-10-24_162454.png","contentUrl":"https:\/\/lasentinelle.dz\/wp-content\/uploads\/2021\/10\/image_2021-10-24_162454.png","width":600,"height":330},{"@type":"BreadcrumbList","@id":"https:\/\/lasentinelle.dz\/index.php\/2021\/10\/25\/le-baron-de-bizzer-sous-mandat-de-depot-30-kg-de-kif-saisis-a-setif\/#breadcrumb","itemListElement":[{"@type":"ListItem","position":1,"name":"Accueil","item":"https:\/\/lasentinelle.dz\/"},{"@type":"ListItem","position":2,"name":"Le baron de Bizzer sous mandat de d\u00e9p\u00f4t : 30 kg de kif saisis \u00e0 S\u00e9tif"}]},{"@type":"WebSite","@id":"https:\/\/lasentinelle.dz\/#website","url":"https:\/\/lasentinelle.dz\/","name":"La Sentinelle","description":"Quotidien national d&#039;information","publisher":{"@id":"https:\/\/lasentinelle.dz\/#organization"},"potentialAction":[{"@type":"SearchAction","target":{"@type":"EntryPoint","urlTemplate":"https:\/\/lasentinelle.dz\/?s={search_term_string}"},"query-input":{"@type":"PropertyValueSpecification","valueRequired":true,"valueName":"search_term_string"}}],"inLanguage":"fr-FR"},{"@type":"Organization","@id":"https:\/\/lasentinelle.dz\/#organization","name":"Quotidien La Sentinelle","url":"https:\/\/lasentinelle.dz\/","logo":{"@type":"ImageObject","inLanguage":"fr-FR","@id":"https:\/\/lasentinelle.dz\/#\/schema\/logo\/image\/","url":"https:\/\/lasentinelle.dz\/wp-content\/uploads\/2021\/09\/logo-sentinelleSLOGAN-1.png","contentUrl":"https:\/\/lasentinelle.dz\/wp-content\/uploads\/2021\/09\/logo-sentinelleSLOGAN-1.png","width":615,"height":142,"caption":"Quotidien La Sentinelle"},"image":{"@id":"https:\/\/lasentinelle.dz\/#\/schema\/logo\/image\/"},"sameAs":["https:\/\/www.facebook.com\/La-Sentinelle-104059864394773"]},{"@type":"Person","@id":"https:\/\/lasentinelle.dz\/#\/schema\/person\/d865044e22e70a75174ce8bcad3acfb3","name":"La Sentinelle","image":{"@type":"ImageObject","inLanguage":"fr-FR","@id":"https:\/\/secure.gravatar.com\/avatar\/57de8e5d4b15d43fb361a71fbb36338450fe67865b528a43dd10ef7c51a20392?s=96&d=mm&r=g","url":"https:\/\/secure.gravatar.com\/avatar\/57de8e5d4b15d43fb361a71fbb36338450fe67865b528a43dd10ef7c51a20392?s=96&d=mm&r=g","contentUrl":"https:\/\/secure.gravatar.com\/avatar\/57de8e5d4b15d43fb361a71fbb36338450fe67865b528a43dd10ef7c51a20392?s=96&d=mm&r=g","caption":"La Sentinelle"},"sameAs":["http:\/\/www.lasentinelle.dz"],"url":"https:\/\/lasentinelle.dz\/author\/redaction\/"}]}},"_links":{"self":[{"href":"https:\/\/lasentinelle.dz\/index.php\/wp-json\/wp\/v2\/posts\/11410","targetHints":{"allow":["GET"]}}],"collection":[{"href":"https:\/\/lasentinelle.dz\/index.php\/wp-json\/wp\/v2\/posts"}],"about":[{"href":"https:\/\/lasentinelle.dz\/index.php\/wp-json\/wp\/v2\/types\/post"}],"author":[{"embeddable":true,"href":"https:\/\/lasentinelle.dz\/index.php\/wp-json\/wp\/v2\/users\/3"}],"replies":[{"embeddable":true,"href":"https:\/\/lasentinelle.dz\/index.php\/wp-json\/wp\/v2\/comments?post=11410"}],"version-history":[{"count":2,"href":"https:\/\/lasentinelle.dz\/index.php\/wp-json\/wp\/v2\/posts\/11410\/revisions"}],"predecessor-version":[{"id":11420,"href":"https:\/\/lasentinelle.dz\/index.php\/wp-json\/wp\/v2\/posts\/11410\/revisions\/11420"}],"wp:featuredmedia":[{"embeddable":true,"href":"https:\/\/lasentinelle.dz\/index.php\/wp-json\/wp\/v2\/media\/11418"}],"wp:attachment":[{"href":"https:\/\/lasentinelle.dz\/index.php\/wp-json\/wp\/v2\/media?parent=11410"}],"wp:term":[{"taxonomy":"category","embeddable":true,"href":"https:\/\/lasentinelle.dz\/index.php\/wp-json\/wp\/v2\/categories?post=11410"},{"taxonomy":"post_tag","embeddable":true,"href":"https:\/\/lasentinelle.dz\/index.php\/wp-json\/wp\/v2\/tags?post=11410"}],"curies":[{"name":"wp","href":"https:\/\/api.w.org\/{rel}","templated":true}]}}