{"id":11411,"date":"2021-10-25T00:01:00","date_gmt":"2021-10-24T23:01:00","guid":{"rendered":"https:\/\/lasentinelle.dz\/?p=11411"},"modified":"2021-10-24T16:25:50","modified_gmt":"2021-10-24T15:25:50","slug":"disparition-de-cables-en-cuivre-a-annaba-12-employes-de-lade-devant-le-juge-dinstruction","status":"publish","type":"post","link":"https:\/\/lasentinelle.dz\/index.php\/2021\/10\/25\/disparition-de-cables-en-cuivre-a-annaba-12-employes-de-lade-devant-le-juge-dinstruction\/","title":{"rendered":"Disparition de c\u00e2bles en cuivre \u00e0 Annaba : 12 employ\u00e9s de l\u2019ADE devant le juge d\u2019instruction"},"content":{"rendered":"\n<p>Douze agents du centre de production de Chaiba, relevant de l\u2019Alg\u00e9rienne des eaux (ADE) ont \u00e9t\u00e9 d\u00e9f\u00e9r\u00e9s hier devant le juge d\u2019instruction pr\u00e8s le tribunal d\u2019El Hadjar, apprend-on de source judiciaire. Les 12 mis en causes travaillant dans l\u2019un des plus importants centres de production que compte Annaba, apr\u00e8s celui de Maxa dans la wilaya d\u2019El Tarf, seront auditionn\u00e9s dans l\u2019affaire, se rapportant \u00e0 la disparition d\u2019une tr\u00e8s importante quantit\u00e9 de c\u00e2bles en cuivre, d\u2019une valeur de 46 milliards de centimes, ont indiqu\u00e9 nos sources. Les p\u00e9rip\u00e9ties du scandale remontent \u00e0 l\u2019ann\u00e9e 2019, lorsqu\u2019une information judiciaire a \u00e9t\u00e9 engag\u00e9e, sur la base d\u2019une plainte introduite aupr\u00e8s des instances comp\u00e9tentes, sur la disparition de la quantit\u00e9 de cuivre cit\u00e9 sis dessus. Aussit\u00f4t l\u2019enqu\u00eate prise en charge par les services de s\u00e9curit\u00e9 en charge de l\u2019affaire, a donn\u00e9 suite \u00e0 la mise en cause des 12 pr\u00e9venus, dans cette affaire. Celle-ci qui jusqu\u2019\u00e0 la mise sous presse, est en cours d\u2019instruction et risque de s\u2019allonger dans la journ\u00e9e de ce dimanche, en raison du nombre des pr\u00e9venus et les nombre de t\u00e9moins, nous dit-on. Il faut noter que, cette affaire vient rallonger la liste des scandales qui ne cessent de secouer le secteur des eaux \u00e0 Annaba. Au moment o\u00f9, l\u2019affaire des 4000 compteurs vol\u00e9s et d\u00e9couverts install\u00e9s dans des unit\u00e9s de promotions immobili\u00e8res priv\u00e9es, n\u2019a pas encore \u00e9t\u00e9 cl\u00f4tur\u00e9e ; voil\u00e0 qu\u2019un autre scandale vient de s\u2019\u00e9clater, entachant une fois de plus cette entreprise \u00e9conomique publique. Il s&rsquo;agit, convient-il de le rappeler, d\u2019un pr\u00e9judice de&nbsp; 1,3 milliards de centimes, montant des&nbsp; 4000 compteurs d\u2019eau import\u00e9s par la soci\u00e9t\u00e9 et qui avaient \u00e9t\u00e9 vol\u00e9s du magasin de l\u2019ADE.&nbsp; Remontant \u00e0 2015, le pot-aux roses avait \u00e9t\u00e9 mis \u00e0 nu suite \u00e0 une plainte d\u00e9pos\u00e9e par, la&nbsp; directrice de l\u2019unit\u00e9 d\u2019Annaba de l\u2019\u00e9poque, L\u2019enqu\u00eate d\u00e9clench\u00e9e avait rappelle-on encore, aboutie \u00e0 la mise en examen de sept(7) mis en causes, qui devaient \u00eatre auditionn\u00e9s, le 12 octobre en cours,&nbsp; par le juge d\u2019instruction de la deuxi\u00e8me chambre du tribunal correctionnel d\u2019Annaba. Or, la s\u00e9ance de l\u2019audition des sept pr\u00e9venus vient d\u2019\u00eatre report\u00e9e sur la demande de la d\u00e9fense des mis en causes, ont filtr\u00e9 nos sources. Il faut&nbsp; noter que ces deux affaires ne sont que des segments d\u2019une s\u00e9rie de scandales qui secouent l\u2019ADE d\u2019Annaba, depuis plus d\u2019une d\u00e9cennie. En attendant une nouvelle programmation de cette audition, il est utile de souligner que cette entreprise n\u2019est pas encore au bout de ces surprises. En effet, un scandale&nbsp; cache un autre. Cette fois, il s\u2019agit du d\u00e9tournement de comptes sociaux des travailleurs de cette entreprise, apprend-on, cette fois d\u2019une source s\u00e9curitaire. Selon les filtrations faites par notre source, il s\u2019agit \u00e9galement d\u2019un scandale qui remonte \u00e0 2019, sur des d\u00e9tournements qui se comptent par dizaines de millions de centimes nous pr\u00e9cise-on. Pour l&rsquo;heure rien n\u2019a filtr\u00e9 sur les relents de cet autre sandale. Selon la m\u00eame source, les investigations sont toujours en cours. Les enqu\u00eateurs de la brigade financi\u00e8re et \u00e9conomique, relevant de la s\u00fbret\u00e9 de wilaya d\u2019Annaba,&nbsp; font un travail titanesque, surtout qu\u2019il s\u2019agit, sous toutes r\u00e9serves, d\u2019un r\u00e9seau&nbsp; dont les ramifications semblent s\u2019\u00e9tendre \u00e0 d\u2019autres institutions de l\u2019\u00e9tat. \u00c0 suivre<\/p>\n\n\n\n<p><strong>SOFIA CHAHINE<\/strong><\/p>\n","protected":false},"excerpt":{"rendered":"<p>Douze agents du centre de production de Chaiba, relevant de l\u2019Alg\u00e9rienne des eaux (ADE) ont \u00e9t\u00e9 d\u00e9f\u00e9r\u00e9s hier devant le<\/p>\n","protected":false},"author":3,"featured_media":11421,"comment_status":"open","ping_status":"closed","sticky":false,"template":"","format":"standard","meta":{"colormag_page_container_layout":"default_layout","colormag_page_sidebar_layout":"default_layout","om_disable_all_campaigns":false,"_monsterinsights_skip_tracking":false,"_monsterinsights_sitenote_active":false,"_monsterinsights_sitenote_note":"","_monsterinsights_sitenote_category":0,"footnotes":"","_wpscppro_dont_share_socialmedia":false,"_wpscppro_custom_social_share_image":0,"_facebook_share_type":"","_twitter_share_type":"","_linkedin_share_type":"","_pinterest_share_type":"","_linkedin_share_type_page":"","_instagram_share_type":"","_medium_share_type":"","_threads_share_type":"","_google_business_share_type":"","_selected_social_profile":[],"_wpsp_enable_custom_social_template":false,"_wpsp_social_scheduling":{"enabled":false,"datetime":null,"platforms":[],"status":"template_only","dateOption":"today","timeOption":"now","customDays":"","customHours":"","customDate":"","customTime":"","schedulingType":"absolute"},"_wpsp_active_default_template":true},"categories":[31],"tags":[],"class_list":["post-11411","post","type-post","status-publish","format-standard","has-post-thumbnail","hentry","category-regions"],"aioseo_notices":[],"yoast_head":"<!-- This site is optimized with the Yoast SEO plugin v27.5 - https:\/\/yoast.com\/product\/yoast-seo-wordpress\/ -->\n<title>Disparition de c\u00e2bles en cuivre \u00e0 Annaba : 12 employ\u00e9s de l\u2019ADE devant le juge d\u2019instruction - La Sentinelle<\/title>\n<meta name=\"robots\" content=\"index, follow, max-snippet:-1, max-image-preview:large, max-video-preview:-1\" \/>\n<link rel=\"canonical\" href=\"https:\/\/lasentinelle.dz\/index.php\/2021\/10\/25\/disparition-de-cables-en-cuivre-a-annaba-12-employes-de-lade-devant-le-juge-dinstruction\/\" \/>\n<meta property=\"og:locale\" content=\"fr_FR\" \/>\n<meta property=\"og:type\" content=\"article\" \/>\n<meta property=\"og:title\" content=\"Disparition de c\u00e2bles en cuivre \u00e0 Annaba : 12 employ\u00e9s de l\u2019ADE devant le juge d\u2019instruction - La Sentinelle\" \/>\n<meta property=\"og:description\" content=\"Douze agents du centre de production de Chaiba, relevant de l\u2019Alg\u00e9rienne des eaux (ADE) ont \u00e9t\u00e9 d\u00e9f\u00e9r\u00e9s hier devant le\" \/>\n<meta property=\"og:url\" content=\"https:\/\/lasentinelle.dz\/index.php\/2021\/10\/25\/disparition-de-cables-en-cuivre-a-annaba-12-employes-de-lade-devant-le-juge-dinstruction\/\" \/>\n<meta property=\"og:site_name\" content=\"La Sentinelle\" \/>\n<meta property=\"article:publisher\" content=\"https:\/\/www.facebook.com\/La-Sentinelle-104059864394773\" \/>\n<meta property=\"article:published_time\" content=\"2021-10-24T23:01:00+00:00\" \/>\n<meta property=\"og:image\" content=\"https:\/\/lasentinelle.dz\/wp-content\/uploads\/2021\/10\/page-6.png\" \/>\n\t<meta property=\"og:image:width\" content=\"546\" \/>\n\t<meta property=\"og:image:height\" content=\"365\" \/>\n\t<meta property=\"og:image:type\" content=\"image\/png\" \/>\n<meta name=\"author\" content=\"La Sentinelle\" \/>\n<meta name=\"twitter:card\" content=\"summary_large_image\" \/>\n<meta name=\"twitter:label1\" content=\"\u00c9crit par\" \/>\n\t<meta name=\"twitter:data1\" content=\"La Sentinelle\" \/>\n\t<meta name=\"twitter:label2\" content=\"Dur\u00e9e de lecture estim\u00e9e\" \/>\n\t<meta name=\"twitter:data2\" content=\"3 minutes\" \/>\n<script type=\"application\/ld+json\" class=\"yoast-schema-graph\">{\"@context\":\"https:\\\/\\\/schema.org\",\"@graph\":[{\"@type\":\"Article\",\"@id\":\"https:\\\/\\\/lasentinelle.dz\\\/index.php\\\/2021\\\/10\\\/25\\\/disparition-de-cables-en-cuivre-a-annaba-12-employes-de-lade-devant-le-juge-dinstruction\\\/#article\",\"isPartOf\":{\"@id\":\"https:\\\/\\\/lasentinelle.dz\\\/index.php\\\/2021\\\/10\\\/25\\\/disparition-de-cables-en-cuivre-a-annaba-12-employes-de-lade-devant-le-juge-dinstruction\\\/\"},\"author\":{\"name\":\"La Sentinelle\",\"@id\":\"https:\\\/\\\/lasentinelle.dz\\\/#\\\/schema\\\/person\\\/d865044e22e70a75174ce8bcad3acfb3\"},\"headline\":\"Disparition de c\u00e2bles en cuivre \u00e0 Annaba : 12 employ\u00e9s de l\u2019ADE devant le juge d\u2019instruction\",\"datePublished\":\"2021-10-24T23:01:00+00:00\",\"mainEntityOfPage\":{\"@id\":\"https:\\\/\\\/lasentinelle.dz\\\/index.php\\\/2021\\\/10\\\/25\\\/disparition-de-cables-en-cuivre-a-annaba-12-employes-de-lade-devant-le-juge-dinstruction\\\/\"},\"wordCount\":640,\"commentCount\":0,\"publisher\":{\"@id\":\"https:\\\/\\\/lasentinelle.dz\\\/#organization\"},\"image\":{\"@id\":\"https:\\\/\\\/lasentinelle.dz\\\/index.php\\\/2021\\\/10\\\/25\\\/disparition-de-cables-en-cuivre-a-annaba-12-employes-de-lade-devant-le-juge-dinstruction\\\/#primaryimage\"},\"thumbnailUrl\":\"https:\\\/\\\/lasentinelle.dz\\\/wp-content\\\/uploads\\\/2021\\\/10\\\/page-6.png\",\"articleSection\":[\"R\u00e9gions\"],\"inLanguage\":\"fr-FR\",\"potentialAction\":[{\"@type\":\"CommentAction\",\"name\":\"Comment\",\"target\":[\"https:\\\/\\\/lasentinelle.dz\\\/index.php\\\/2021\\\/10\\\/25\\\/disparition-de-cables-en-cuivre-a-annaba-12-employes-de-lade-devant-le-juge-dinstruction\\\/#respond\"]}]},{\"@type\":\"WebPage\",\"@id\":\"https:\\\/\\\/lasentinelle.dz\\\/index.php\\\/2021\\\/10\\\/25\\\/disparition-de-cables-en-cuivre-a-annaba-12-employes-de-lade-devant-le-juge-dinstruction\\\/\",\"url\":\"https:\\\/\\\/lasentinelle.dz\\\/index.php\\\/2021\\\/10\\\/25\\\/disparition-de-cables-en-cuivre-a-annaba-12-employes-de-lade-devant-le-juge-dinstruction\\\/\",\"name\":\"Disparition de c\u00e2bles en cuivre \u00e0 Annaba : 12 employ\u00e9s de l\u2019ADE devant le juge d\u2019instruction - La Sentinelle\",\"isPartOf\":{\"@id\":\"https:\\\/\\\/lasentinelle.dz\\\/#website\"},\"primaryImageOfPage\":{\"@id\":\"https:\\\/\\\/lasentinelle.dz\\\/index.php\\\/2021\\\/10\\\/25\\\/disparition-de-cables-en-cuivre-a-annaba-12-employes-de-lade-devant-le-juge-dinstruction\\\/#primaryimage\"},\"image\":{\"@id\":\"https:\\\/\\\/lasentinelle.dz\\\/index.php\\\/2021\\\/10\\\/25\\\/disparition-de-cables-en-cuivre-a-annaba-12-employes-de-lade-devant-le-juge-dinstruction\\\/#primaryimage\"},\"thumbnailUrl\":\"https:\\\/\\\/lasentinelle.dz\\\/wp-content\\\/uploads\\\/2021\\\/10\\\/page-6.png\",\"datePublished\":\"2021-10-24T23:01:00+00:00\",\"breadcrumb\":{\"@id\":\"https:\\\/\\\/lasentinelle.dz\\\/index.php\\\/2021\\\/10\\\/25\\\/disparition-de-cables-en-cuivre-a-annaba-12-employes-de-lade-devant-le-juge-dinstruction\\\/#breadcrumb\"},\"inLanguage\":\"fr-FR\",\"potentialAction\":[{\"@type\":\"ReadAction\",\"target\":[\"https:\\\/\\\/lasentinelle.dz\\\/index.php\\\/2021\\\/10\\\/25\\\/disparition-de-cables-en-cuivre-a-annaba-12-employes-de-lade-devant-le-juge-dinstruction\\\/\"]}]},{\"@type\":\"ImageObject\",\"inLanguage\":\"fr-FR\",\"@id\":\"https:\\\/\\\/lasentinelle.dz\\\/index.php\\\/2021\\\/10\\\/25\\\/disparition-de-cables-en-cuivre-a-annaba-12-employes-de-lade-devant-le-juge-dinstruction\\\/#primaryimage\",\"url\":\"https:\\\/\\\/lasentinelle.dz\\\/wp-content\\\/uploads\\\/2021\\\/10\\\/page-6.png\",\"contentUrl\":\"https:\\\/\\\/lasentinelle.dz\\\/wp-content\\\/uploads\\\/2021\\\/10\\\/page-6.png\",\"width\":546,\"height\":365},{\"@type\":\"BreadcrumbList\",\"@id\":\"https:\\\/\\\/lasentinelle.dz\\\/index.php\\\/2021\\\/10\\\/25\\\/disparition-de-cables-en-cuivre-a-annaba-12-employes-de-lade-devant-le-juge-dinstruction\\\/#breadcrumb\",\"itemListElement\":[{\"@type\":\"ListItem\",\"position\":1,\"name\":\"Accueil\",\"item\":\"https:\\\/\\\/lasentinelle.dz\\\/\"},{\"@type\":\"ListItem\",\"position\":2,\"name\":\"Disparition de c\u00e2bles en cuivre \u00e0 Annaba : 12 employ\u00e9s de l\u2019ADE devant le juge d\u2019instruction\"}]},{\"@type\":\"WebSite\",\"@id\":\"https:\\\/\\\/lasentinelle.dz\\\/#website\",\"url\":\"https:\\\/\\\/lasentinelle.dz\\\/\",\"name\":\"La Sentinelle\",\"description\":\"Quotidien national d&#039;information\",\"publisher\":{\"@id\":\"https:\\\/\\\/lasentinelle.dz\\\/#organization\"},\"potentialAction\":[{\"@type\":\"SearchAction\",\"target\":{\"@type\":\"EntryPoint\",\"urlTemplate\":\"https:\\\/\\\/lasentinelle.dz\\\/?s={search_term_string}\"},\"query-input\":{\"@type\":\"PropertyValueSpecification\",\"valueRequired\":true,\"valueName\":\"search_term_string\"}}],\"inLanguage\":\"fr-FR\"},{\"@type\":\"Organization\",\"@id\":\"https:\\\/\\\/lasentinelle.dz\\\/#organization\",\"name\":\"Quotidien La Sentinelle\",\"url\":\"https:\\\/\\\/lasentinelle.dz\\\/\",\"logo\":{\"@type\":\"ImageObject\",\"inLanguage\":\"fr-FR\",\"@id\":\"https:\\\/\\\/lasentinelle.dz\\\/#\\\/schema\\\/logo\\\/image\\\/\",\"url\":\"https:\\\/\\\/lasentinelle.dz\\\/wp-content\\\/uploads\\\/2021\\\/09\\\/logo-sentinelleSLOGAN-1.png\",\"contentUrl\":\"https:\\\/\\\/lasentinelle.dz\\\/wp-content\\\/uploads\\\/2021\\\/09\\\/logo-sentinelleSLOGAN-1.png\",\"width\":615,\"height\":142,\"caption\":\"Quotidien La Sentinelle\"},\"image\":{\"@id\":\"https:\\\/\\\/lasentinelle.dz\\\/#\\\/schema\\\/logo\\\/image\\\/\"},\"sameAs\":[\"https:\\\/\\\/www.facebook.com\\\/La-Sentinelle-104059864394773\"]},{\"@type\":\"Person\",\"@id\":\"https:\\\/\\\/lasentinelle.dz\\\/#\\\/schema\\\/person\\\/d865044e22e70a75174ce8bcad3acfb3\",\"name\":\"La Sentinelle\",\"image\":{\"@type\":\"ImageObject\",\"inLanguage\":\"fr-FR\",\"@id\":\"https:\\\/\\\/secure.gravatar.com\\\/avatar\\\/57de8e5d4b15d43fb361a71fbb36338450fe67865b528a43dd10ef7c51a20392?s=96&d=mm&r=g\",\"url\":\"https:\\\/\\\/secure.gravatar.com\\\/avatar\\\/57de8e5d4b15d43fb361a71fbb36338450fe67865b528a43dd10ef7c51a20392?s=96&d=mm&r=g\",\"contentUrl\":\"https:\\\/\\\/secure.gravatar.com\\\/avatar\\\/57de8e5d4b15d43fb361a71fbb36338450fe67865b528a43dd10ef7c51a20392?s=96&d=mm&r=g\",\"caption\":\"La Sentinelle\"},\"sameAs\":[\"http:\\\/\\\/www.lasentinelle.dz\"],\"url\":\"https:\\\/\\\/lasentinelle.dz\\\/author\\\/redaction\\\/\"}]}<\/script>\n<!-- \/ Yoast SEO plugin. -->","yoast_head_json":{"title":"Disparition de c\u00e2bles en cuivre \u00e0 Annaba : 12 employ\u00e9s de l\u2019ADE devant le juge d\u2019instruction - La Sentinelle","robots":{"index":"index","follow":"follow","max-snippet":"max-snippet:-1","max-image-preview":"max-image-preview:large","max-video-preview":"max-video-preview:-1"},"canonical":"https:\/\/lasentinelle.dz\/index.php\/2021\/10\/25\/disparition-de-cables-en-cuivre-a-annaba-12-employes-de-lade-devant-le-juge-dinstruction\/","og_locale":"fr_FR","og_type":"article","og_title":"Disparition de c\u00e2bles en cuivre \u00e0 Annaba : 12 employ\u00e9s de l\u2019ADE devant le juge d\u2019instruction - La Sentinelle","og_description":"Douze agents du centre de production de Chaiba, relevant de l\u2019Alg\u00e9rienne des eaux (ADE) ont \u00e9t\u00e9 d\u00e9f\u00e9r\u00e9s hier devant le","og_url":"https:\/\/lasentinelle.dz\/index.php\/2021\/10\/25\/disparition-de-cables-en-cuivre-a-annaba-12-employes-de-lade-devant-le-juge-dinstruction\/","og_site_name":"La Sentinelle","article_publisher":"https:\/\/www.facebook.com\/La-Sentinelle-104059864394773","article_published_time":"2021-10-24T23:01:00+00:00","og_image":[{"width":546,"height":365,"url":"https:\/\/lasentinelle.dz\/wp-content\/uploads\/2021\/10\/page-6.png","type":"image\/png"}],"author":"La Sentinelle","twitter_card":"summary_large_image","twitter_misc":{"\u00c9crit par":"La Sentinelle","Dur\u00e9e de lecture estim\u00e9e":"3 minutes"},"schema":{"@context":"https:\/\/schema.org","@graph":[{"@type":"Article","@id":"https:\/\/lasentinelle.dz\/index.php\/2021\/10\/25\/disparition-de-cables-en-cuivre-a-annaba-12-employes-de-lade-devant-le-juge-dinstruction\/#article","isPartOf":{"@id":"https:\/\/lasentinelle.dz\/index.php\/2021\/10\/25\/disparition-de-cables-en-cuivre-a-annaba-12-employes-de-lade-devant-le-juge-dinstruction\/"},"author":{"name":"La Sentinelle","@id":"https:\/\/lasentinelle.dz\/#\/schema\/person\/d865044e22e70a75174ce8bcad3acfb3"},"headline":"Disparition de c\u00e2bles en cuivre \u00e0 Annaba : 12 employ\u00e9s de l\u2019ADE devant le juge d\u2019instruction","datePublished":"2021-10-24T23:01:00+00:00","mainEntityOfPage":{"@id":"https:\/\/lasentinelle.dz\/index.php\/2021\/10\/25\/disparition-de-cables-en-cuivre-a-annaba-12-employes-de-lade-devant-le-juge-dinstruction\/"},"wordCount":640,"commentCount":0,"publisher":{"@id":"https:\/\/lasentinelle.dz\/#organization"},"image":{"@id":"https:\/\/lasentinelle.dz\/index.php\/2021\/10\/25\/disparition-de-cables-en-cuivre-a-annaba-12-employes-de-lade-devant-le-juge-dinstruction\/#primaryimage"},"thumbnailUrl":"https:\/\/lasentinelle.dz\/wp-content\/uploads\/2021\/10\/page-6.png","articleSection":["R\u00e9gions"],"inLanguage":"fr-FR","potentialAction":[{"@type":"CommentAction","name":"Comment","target":["https:\/\/lasentinelle.dz\/index.php\/2021\/10\/25\/disparition-de-cables-en-cuivre-a-annaba-12-employes-de-lade-devant-le-juge-dinstruction\/#respond"]}]},{"@type":"WebPage","@id":"https:\/\/lasentinelle.dz\/index.php\/2021\/10\/25\/disparition-de-cables-en-cuivre-a-annaba-12-employes-de-lade-devant-le-juge-dinstruction\/","url":"https:\/\/lasentinelle.dz\/index.php\/2021\/10\/25\/disparition-de-cables-en-cuivre-a-annaba-12-employes-de-lade-devant-le-juge-dinstruction\/","name":"Disparition de c\u00e2bles en cuivre \u00e0 Annaba : 12 employ\u00e9s de l\u2019ADE devant le juge d\u2019instruction - La Sentinelle","isPartOf":{"@id":"https:\/\/lasentinelle.dz\/#website"},"primaryImageOfPage":{"@id":"https:\/\/lasentinelle.dz\/index.php\/2021\/10\/25\/disparition-de-cables-en-cuivre-a-annaba-12-employes-de-lade-devant-le-juge-dinstruction\/#primaryimage"},"image":{"@id":"https:\/\/lasentinelle.dz\/index.php\/2021\/10\/25\/disparition-de-cables-en-cuivre-a-annaba-12-employes-de-lade-devant-le-juge-dinstruction\/#primaryimage"},"thumbnailUrl":"https:\/\/lasentinelle.dz\/wp-content\/uploads\/2021\/10\/page-6.png","datePublished":"2021-10-24T23:01:00+00:00","breadcrumb":{"@id":"https:\/\/lasentinelle.dz\/index.php\/2021\/10\/25\/disparition-de-cables-en-cuivre-a-annaba-12-employes-de-lade-devant-le-juge-dinstruction\/#breadcrumb"},"inLanguage":"fr-FR","potentialAction":[{"@type":"ReadAction","target":["https:\/\/lasentinelle.dz\/index.php\/2021\/10\/25\/disparition-de-cables-en-cuivre-a-annaba-12-employes-de-lade-devant-le-juge-dinstruction\/"]}]},{"@type":"ImageObject","inLanguage":"fr-FR","@id":"https:\/\/lasentinelle.dz\/index.php\/2021\/10\/25\/disparition-de-cables-en-cuivre-a-annaba-12-employes-de-lade-devant-le-juge-dinstruction\/#primaryimage","url":"https:\/\/lasentinelle.dz\/wp-content\/uploads\/2021\/10\/page-6.png","contentUrl":"https:\/\/lasentinelle.dz\/wp-content\/uploads\/2021\/10\/page-6.png","width":546,"height":365},{"@type":"BreadcrumbList","@id":"https:\/\/lasentinelle.dz\/index.php\/2021\/10\/25\/disparition-de-cables-en-cuivre-a-annaba-12-employes-de-lade-devant-le-juge-dinstruction\/#breadcrumb","itemListElement":[{"@type":"ListItem","position":1,"name":"Accueil","item":"https:\/\/lasentinelle.dz\/"},{"@type":"ListItem","position":2,"name":"Disparition de c\u00e2bles en cuivre \u00e0 Annaba : 12 employ\u00e9s de l\u2019ADE devant le juge d\u2019instruction"}]},{"@type":"WebSite","@id":"https:\/\/lasentinelle.dz\/#website","url":"https:\/\/lasentinelle.dz\/","name":"La Sentinelle","description":"Quotidien national d&#039;information","publisher":{"@id":"https:\/\/lasentinelle.dz\/#organization"},"potentialAction":[{"@type":"SearchAction","target":{"@type":"EntryPoint","urlTemplate":"https:\/\/lasentinelle.dz\/?s={search_term_string}"},"query-input":{"@type":"PropertyValueSpecification","valueRequired":true,"valueName":"search_term_string"}}],"inLanguage":"fr-FR"},{"@type":"Organization","@id":"https:\/\/lasentinelle.dz\/#organization","name":"Quotidien La Sentinelle","url":"https:\/\/lasentinelle.dz\/","logo":{"@type":"ImageObject","inLanguage":"fr-FR","@id":"https:\/\/lasentinelle.dz\/#\/schema\/logo\/image\/","url":"https:\/\/lasentinelle.dz\/wp-content\/uploads\/2021\/09\/logo-sentinelleSLOGAN-1.png","contentUrl":"https:\/\/lasentinelle.dz\/wp-content\/uploads\/2021\/09\/logo-sentinelleSLOGAN-1.png","width":615,"height":142,"caption":"Quotidien La Sentinelle"},"image":{"@id":"https:\/\/lasentinelle.dz\/#\/schema\/logo\/image\/"},"sameAs":["https:\/\/www.facebook.com\/La-Sentinelle-104059864394773"]},{"@type":"Person","@id":"https:\/\/lasentinelle.dz\/#\/schema\/person\/d865044e22e70a75174ce8bcad3acfb3","name":"La Sentinelle","image":{"@type":"ImageObject","inLanguage":"fr-FR","@id":"https:\/\/secure.gravatar.com\/avatar\/57de8e5d4b15d43fb361a71fbb36338450fe67865b528a43dd10ef7c51a20392?s=96&d=mm&r=g","url":"https:\/\/secure.gravatar.com\/avatar\/57de8e5d4b15d43fb361a71fbb36338450fe67865b528a43dd10ef7c51a20392?s=96&d=mm&r=g","contentUrl":"https:\/\/secure.gravatar.com\/avatar\/57de8e5d4b15d43fb361a71fbb36338450fe67865b528a43dd10ef7c51a20392?s=96&d=mm&r=g","caption":"La Sentinelle"},"sameAs":["http:\/\/www.lasentinelle.dz"],"url":"https:\/\/lasentinelle.dz\/author\/redaction\/"}]}},"_links":{"self":[{"href":"https:\/\/lasentinelle.dz\/index.php\/wp-json\/wp\/v2\/posts\/11411","targetHints":{"allow":["GET"]}}],"collection":[{"href":"https:\/\/lasentinelle.dz\/index.php\/wp-json\/wp\/v2\/posts"}],"about":[{"href":"https:\/\/lasentinelle.dz\/index.php\/wp-json\/wp\/v2\/types\/post"}],"author":[{"embeddable":true,"href":"https:\/\/lasentinelle.dz\/index.php\/wp-json\/wp\/v2\/users\/3"}],"replies":[{"embeddable":true,"href":"https:\/\/lasentinelle.dz\/index.php\/wp-json\/wp\/v2\/comments?post=11411"}],"version-history":[{"count":1,"href":"https:\/\/lasentinelle.dz\/index.php\/wp-json\/wp\/v2\/posts\/11411\/revisions"}],"predecessor-version":[{"id":11422,"href":"https:\/\/lasentinelle.dz\/index.php\/wp-json\/wp\/v2\/posts\/11411\/revisions\/11422"}],"wp:featuredmedia":[{"embeddable":true,"href":"https:\/\/lasentinelle.dz\/index.php\/wp-json\/wp\/v2\/media\/11421"}],"wp:attachment":[{"href":"https:\/\/lasentinelle.dz\/index.php\/wp-json\/wp\/v2\/media?parent=11411"}],"wp:term":[{"taxonomy":"category","embeddable":true,"href":"https:\/\/lasentinelle.dz\/index.php\/wp-json\/wp\/v2\/categories?post=11411"},{"taxonomy":"post_tag","embeddable":true,"href":"https:\/\/lasentinelle.dz\/index.php\/wp-json\/wp\/v2\/tags?post=11411"}],"curies":[{"name":"wp","href":"https:\/\/api.w.org\/{rel}","templated":true}]}}