{"id":11417,"date":"2021-10-25T00:01:00","date_gmt":"2021-10-24T23:01:00","guid":{"rendered":"https:\/\/lasentinelle.dz\/?p=11417"},"modified":"2021-10-24T16:27:39","modified_gmt":"2021-10-24T15:27:39","slug":"les-risques-et-opportunites-de-la-dette-privee","status":"publish","type":"post","link":"https:\/\/lasentinelle.dz\/index.php\/2021\/10\/25\/les-risques-et-opportunites-de-la-dette-privee\/","title":{"rendered":"Les risques et opportunit\u00e9s de la dette priv\u00e9e"},"content":{"rendered":"\n<p><\/p>\n\n\n\n<p><strong>Par Evan Gunter<\/strong><\/p>\n\n\n\n<figure class=\"wp-block-image size-full is-resized\"><img loading=\"lazy\" decoding=\"async\" src=\"https:\/\/lasentinelle.dz\/wp-content\/uploads\/2021\/10\/Evan-Gunter-12.jpg\" alt=\"\" class=\"wp-image-11428\" width=\"182\" height=\"109\" srcset=\"https:\/\/lasentinelle.dz\/wp-content\/uploads\/2021\/10\/Evan-Gunter-12.jpg 1000w, https:\/\/lasentinelle.dz\/wp-content\/uploads\/2021\/10\/Evan-Gunter-12-300x180.jpg 300w, https:\/\/lasentinelle.dz\/wp-content\/uploads\/2021\/10\/Evan-Gunter-12-768x461.jpg 768w\" sizes=\"auto, (max-width: 182px) 100vw, 182px\" \/><figcaption><strong>Evan gunter<\/strong>, Directeur chez S&amp;P Global Ratings<br><strong>Abby latour<\/strong>, Responsable \u00e9ditoriale chez Leveraged Commentary &amp; Date, une offre de S&amp;P Global Market Intelligence.<\/figcaption><\/figure>\n\n\n\n<p><strong>Le pr\u00eat direct attire l&rsquo;attention des investisseurs priv\u00e9s et institutionnels gr\u00e2ce \u00e0 ses performances r\u00e9guli\u00e8res et ses rendements attractifs. Mais la taille et la composition globales de ce march\u00e9 sont d\u00e9j\u00e0 difficiles \u00e0 \u00e9valuer, et l&rsquo;ajout de nouveaux acteurs pourrait rendre encore plus difficile le suivi du niveau de risque pour les pr\u00eateurs et les emprunteurs.<\/strong><\/p>\n\n\n\n<p>Dans une \u00e9conomie mondiale de plus en plus aliment\u00e9e par le cr\u00e9dit, le march\u00e9 de la dette priv\u00e9e est devenu une nouvelle fronti\u00e8re pour les investisseurs avides de rendement. Les relations bilat\u00e9rales \u00e9troites qui caract\u00e9risent ce march\u00e9 offrent des opportunit\u00e9s uniques tant pour les emprunteurs que pour les pr\u00eateurs. Mais la base croissante d&rsquo;investisseurs et la large r\u00e9partition des pr\u00eats priv\u00e9s sur les plates-formes de pr\u00eat rendent difficile l&rsquo;\u00e9valuation du niveau de risque et \u2013 plus important encore \u2013 qui les d\u00e9tient en fin de compte.<\/p>\n\n\n\n<p>Le march\u00e9 mondial de la dette priv\u00e9e \u2013 en particulier des pr\u00eats directs \u2013 a d\u00e9cupl\u00e9 au cours de la derni\u00e8re d\u00e9cennie. Au d\u00e9but de cette ann\u00e9e, les fonds principalement impliqu\u00e9s dans les pr\u00eats directs d\u00e9tenaient des actifs de 412 milliards de dollars, dont pr\u00e8s de 150 milliards de dollars de r\u00e9serves pour de nouveaux investissements, selon le fournisseur de donn\u00e9es financi\u00e8res Preqin. Cette expansion rapide de la dette priv\u00e9e (qui comprend largement les situations sp\u00e9ciales, la dette en difficult\u00e9 et la dette mezzanine, en plus des pr\u00eats directs) devrait se poursuivre. L&rsquo;historique de performance stable et de rendements attractifs de la dette priv\u00e9e au cours de la derni\u00e8re d\u00e9cennie &#8211; avec des \u00e9carts de cr\u00e9dit g\u00e9n\u00e9ralement plus larges que ceux des pr\u00eats largement syndiqu\u00e9s &#8211; a naturellement attir\u00e9 des investisseurs institutionnels avec des allocations \u00e0 revenu fixe (tels que des assureurs, des caisses de retraite, des fonds de dotation et des les fonds souverains).<\/p>\n\n\n\n<p>Mais la dette priv\u00e9e reste un coin de la finance encore m\u00e9connu, avec moins de transparence et de liquidit\u00e9 que les march\u00e9s des obligations de qualit\u00e9 sp\u00e9culative et des pr\u00eats syndiqu\u00e9s. Et les donn\u00e9es fiables restent relativement rares. Une expansion de la base d&rsquo;investisseurs pourrait entra\u00eener des risques accrus si elle entra\u00eene une volatilit\u00e9 plus \u00e9lev\u00e9e. N\u00e9anmoins, l&rsquo;attractivit\u00e9 de la dette priv\u00e9e aupr\u00e8s des pr\u00eateurs comme des emprunteurs met ce march\u00e9 relativement obscur sous le feu des projecteurs. Certes, il y a des avantages \u00e0 trouver dans la dette priv\u00e9e. Les emprunteurs en b\u00e9n\u00e9ficient parce que les pr\u00eats directs sont intrins\u00e8quement ax\u00e9s sur les relations. Avec moins de pr\u00eateurs impliqu\u00e9s dans chaque transaction, les emprunteurs ont tendance \u00e0 travailler plus \u00e9troitement avec eux. Les transactions peuvent \u00eatre conclues plus rapidement et avec une plus grande certitude de prix que lorsqu&rsquo;un grand groupe de pr\u00eateurs est impliqu\u00e9.<\/p>\n\n\n\n<p>Du point de vue des cr\u00e9anciers, la dette priv\u00e9e est un domaine du march\u00e9 des pr\u00eats o\u00f9 les clauses restrictives sont encore courantes. Par exemple, une partie importante des entreprises pour lesquelles S&amp;P Global Ratings effectue des estimations de cr\u00e9dit ont des clauses restrictives de maintenance financi\u00e8re, qui obligent les emprunteurs \u00e0 maintenir des ratios de levier ou d&rsquo;autres indicateurs de solvabilit\u00e9. Il convient toutefois de noter que la pr\u00e9sence de clauses restrictives semble contribuer \u00e0 des d\u00e9fauts s\u00e9lectifs plus fr\u00e9quents.<\/p>\n\n\n\n<p>Avec moins de pr\u00eateurs, le processus d&rsquo;\u00e9laboration d&rsquo;une structure de la dette en cas de d\u00e9faut a tendance \u00e0 \u00eatre plus rapide et moins co\u00fbteux pour les emprunteurs priv\u00e9s. Des structures de dette plus simples, telles que les op\u00e9rations dites uni tranche, \u00e9liminent la complexit\u00e9 des cat\u00e9gories de dette concurrentes qui peuvent ralentir une restructuration. Gr\u00e2ce \u00e0 ces facteurs, les taux de recouvrement de la dette priv\u00e9e sont souvent plus \u00e9lev\u00e9s en moyenne que ceux des pr\u00eats largement syndiqu\u00e9s.<\/p>\n\n\n\n<p>Mais il y a des pi\u00e8ges \u00e0 c\u00f4t\u00e9 des avantages. Pour les investisseurs cherchant une sortie pr\u00e9cipit\u00e9e, l&rsquo;illiquidit\u00e9 est un risque majeur, car les titres de cr\u00e9ance priv\u00e9s ne sont g\u00e9n\u00e9ralement pas n\u00e9goci\u00e9s sur un march\u00e9 secondaire (bien que cela puisse changer au fil du temps si le volume du march\u00e9 et le nombre de participants continuent de cro\u00eetre). Cette opacit\u00e9 limite la d\u00e9couverte du march\u00e9 et les pr\u00eateurs doivent souvent \u00eatre dispos\u00e9s et capables de conserver la dette jusqu&rsquo;\u00e0 son \u00e9ch\u00e9ance. Dans le m\u00eame temps, les fonds de dette priv\u00e9e destin\u00e9s aux investisseurs individuels peuvent pr\u00e9senter un risque s&rsquo;ils sont vuln\u00e9rables aux rachats en cascade, ce qui pourrait contraindre la vente d&rsquo;actifs.<\/p>\n\n\n\n<p>De plus, les emprunteurs sur ce march\u00e9 ont tendance \u00e0 \u00eatre plus petits, avec des profils de cr\u00e9dit plus faibles que les soci\u00e9t\u00e9s sp\u00e9culatives. Sur la base de l&rsquo;\u00e9chantillon d&#8217;emprunteurs pour lesquels nous disposons d&rsquo;estimations de cr\u00e9dit, ces \u00e9metteurs de dette priv\u00e9e sont encore plus concentr\u00e9s dans les niveaux de notation les plus bas que les notations sp\u00e9culatives en g\u00e9n\u00e9ral. Vers la fin de l&rsquo;ann\u00e9e derni\u00e8re, pr\u00e8s de 90 % des estimations de cr\u00e9dit pour ces emprunteurs \u00e9taient \u00ab b- \u00bb ou inf\u00e9rieurs, dont pr\u00e8s de 20 % \u00e9taient \u00ab ccc+ \u00bb ou inf\u00e9rieurs. \u00c0 l&rsquo;\u00e9poque, 42 % des soci\u00e9t\u00e9s non financi\u00e8res de qualit\u00e9 sp\u00e9culative aux \u00c9tats-Unis \u00e9taient not\u00e9es \u00ab B- \u00bb ou moins, avec environ 17 % not\u00e9es \u00ab CCC+ \u00bb ou moins.<\/p>\n\n\n\n<p>La croissance agressive de la dette priv\u00e9e a entra\u00een\u00e9 une baisse de la qualit\u00e9 de la souscription ces derni\u00e8res ann\u00e9es. Dans la documentation des pr\u00eats, la d\u00e9finition du b\u00e9n\u00e9fice avant int\u00e9r\u00eats, imp\u00f4ts, d\u00e9pr\u00e9ciation et amortissement (EBITDA) devient plus longue et moins simple, plus comme les d\u00e9finitions utilis\u00e9es dans les transactions largement syndiqu\u00e9es. Et, comme sur le march\u00e9 des pr\u00eats syndiqu\u00e9s, les rajouts d&rsquo;EBITDA &#8211; reclassement des d\u00e9penses pour am\u00e9liorer les b\u00e9n\u00e9fices &#8211; sont en augmentation.<\/p>\n\n\n\n<p>Enfin, par d\u00e9finition, moins d&rsquo;informations sont disponibles sur la dette priv\u00e9e. Et la relation \u00e9troite entre les pr\u00eateurs et les emprunteurs &#8211; ainsi que le plus petit groupe de pr\u00eateurs dans une transaction &#8211; signifie que moins de personnes sont au courant des d\u00e9tails d&rsquo;une transaction. En cons\u00e9quence, on en sait moins sur la taille et la composition globales du march\u00e9 global de la dette priv\u00e9e. La distribution de pr\u00eats priv\u00e9s au sein de plateformes de pr\u00eat impliquant des soci\u00e9t\u00e9s de d\u00e9veloppement commercial, des fonds de cr\u00e9dit priv\u00e9s et des obligations de pr\u00eats garantis rend difficile le suivi du niveau de risque \u2013 et qui pourrait rester en charge.<\/p>\n\n\n\n<p><strong>Copyright&nbsp;: Project Syndicate, 2021<\/strong><\/p>\n\n\n\n<p><strong>www.project-syndicate.org<\/strong><\/p>\n","protected":false},"excerpt":{"rendered":"<p>Par Evan Gunter Le pr\u00eat direct attire l&rsquo;attention des investisseurs priv\u00e9s et institutionnels gr\u00e2ce \u00e0 ses performances r\u00e9guli\u00e8res et ses<\/p>\n","protected":false},"author":3,"featured_media":11429,"comment_status":"open","ping_status":"closed","sticky":false,"template":"","format":"standard","meta":{"colormag_page_container_layout":"default_layout","colormag_page_sidebar_layout":"default_layout","om_disable_all_campaigns":false,"_monsterinsights_skip_tracking":false,"_monsterinsights_sitenote_active":false,"_monsterinsights_sitenote_note":"","_monsterinsights_sitenote_category":0,"footnotes":"","_wpscppro_dont_share_socialmedia":false,"_wpscppro_custom_social_share_image":0,"_facebook_share_type":"","_twitter_share_type":"","_linkedin_share_type":"","_pinterest_share_type":"","_linkedin_share_type_page":"","_instagram_share_type":"","_medium_share_type":"","_threads_share_type":"","_google_business_share_type":"","_selected_social_profile":[],"_wpsp_enable_custom_social_template":false,"_wpsp_social_scheduling":{"enabled":false,"datetime":null,"platforms":[],"status":"template_only","dateOption":"today","timeOption":"now","customDays":"","customHours":"","customDate":"","customTime":"","schedulingType":"absolute"},"_wpsp_active_default_template":true},"categories":[38],"tags":[],"class_list":["post-11417","post","type-post","status-publish","format-standard","has-post-thumbnail","hentry","category-debats"],"aioseo_notices":[],"yoast_head":"<!-- This site is optimized with the Yoast SEO plugin v27.5 - https:\/\/yoast.com\/product\/yoast-seo-wordpress\/ -->\n<title>Les risques et opportunit\u00e9s de la dette priv\u00e9e - La Sentinelle<\/title>\n<meta name=\"robots\" content=\"index, follow, max-snippet:-1, max-image-preview:large, max-video-preview:-1\" \/>\n<link rel=\"canonical\" href=\"https:\/\/lasentinelle.dz\/index.php\/2021\/10\/25\/les-risques-et-opportunites-de-la-dette-privee\/\" \/>\n<meta property=\"og:locale\" content=\"fr_FR\" \/>\n<meta property=\"og:type\" content=\"article\" \/>\n<meta property=\"og:title\" content=\"Les risques et opportunit\u00e9s de la dette priv\u00e9e - La Sentinelle\" \/>\n<meta property=\"og:description\" content=\"Par Evan Gunter Le pr\u00eat direct attire l&rsquo;attention des investisseurs priv\u00e9s et institutionnels gr\u00e2ce \u00e0 ses performances r\u00e9guli\u00e8res et ses\" \/>\n<meta property=\"og:url\" content=\"https:\/\/lasentinelle.dz\/index.php\/2021\/10\/25\/les-risques-et-opportunites-de-la-dette-privee\/\" \/>\n<meta property=\"og:site_name\" content=\"La Sentinelle\" \/>\n<meta property=\"article:publisher\" content=\"https:\/\/www.facebook.com\/La-Sentinelle-104059864394773\" \/>\n<meta property=\"article:published_time\" content=\"2021-10-24T23:01:00+00:00\" \/>\n<meta property=\"og:image\" content=\"https:\/\/lasentinelle.dz\/wp-content\/uploads\/2021\/10\/page-12.jpg\" \/>\n\t<meta property=\"og:image:width\" content=\"1360\" \/>\n\t<meta property=\"og:image:height\" content=\"680\" \/>\n\t<meta property=\"og:image:type\" content=\"image\/jpeg\" \/>\n<meta name=\"author\" content=\"La Sentinelle\" \/>\n<meta name=\"twitter:card\" content=\"summary_large_image\" \/>\n<meta name=\"twitter:label1\" content=\"\u00c9crit par\" \/>\n\t<meta name=\"twitter:data1\" content=\"La Sentinelle\" \/>\n\t<meta name=\"twitter:label2\" content=\"Dur\u00e9e de lecture estim\u00e9e\" \/>\n\t<meta name=\"twitter:data2\" content=\"5 minutes\" \/>\n<script type=\"application\/ld+json\" class=\"yoast-schema-graph\">{\"@context\":\"https:\\\/\\\/schema.org\",\"@graph\":[{\"@type\":\"Article\",\"@id\":\"https:\\\/\\\/lasentinelle.dz\\\/index.php\\\/2021\\\/10\\\/25\\\/les-risques-et-opportunites-de-la-dette-privee\\\/#article\",\"isPartOf\":{\"@id\":\"https:\\\/\\\/lasentinelle.dz\\\/index.php\\\/2021\\\/10\\\/25\\\/les-risques-et-opportunites-de-la-dette-privee\\\/\"},\"author\":{\"name\":\"La Sentinelle\",\"@id\":\"https:\\\/\\\/lasentinelle.dz\\\/#\\\/schema\\\/person\\\/d865044e22e70a75174ce8bcad3acfb3\"},\"headline\":\"Les risques et opportunit\u00e9s de la dette priv\u00e9e\",\"datePublished\":\"2021-10-24T23:01:00+00:00\",\"mainEntityOfPage\":{\"@id\":\"https:\\\/\\\/lasentinelle.dz\\\/index.php\\\/2021\\\/10\\\/25\\\/les-risques-et-opportunites-de-la-dette-privee\\\/\"},\"wordCount\":1229,\"commentCount\":0,\"publisher\":{\"@id\":\"https:\\\/\\\/lasentinelle.dz\\\/#organization\"},\"image\":{\"@id\":\"https:\\\/\\\/lasentinelle.dz\\\/index.php\\\/2021\\\/10\\\/25\\\/les-risques-et-opportunites-de-la-dette-privee\\\/#primaryimage\"},\"thumbnailUrl\":\"https:\\\/\\\/lasentinelle.dz\\\/wp-content\\\/uploads\\\/2021\\\/10\\\/page-12.jpg\",\"articleSection\":[\"D\u00e9bats\"],\"inLanguage\":\"fr-FR\",\"potentialAction\":[{\"@type\":\"CommentAction\",\"name\":\"Comment\",\"target\":[\"https:\\\/\\\/lasentinelle.dz\\\/index.php\\\/2021\\\/10\\\/25\\\/les-risques-et-opportunites-de-la-dette-privee\\\/#respond\"]}]},{\"@type\":\"WebPage\",\"@id\":\"https:\\\/\\\/lasentinelle.dz\\\/index.php\\\/2021\\\/10\\\/25\\\/les-risques-et-opportunites-de-la-dette-privee\\\/\",\"url\":\"https:\\\/\\\/lasentinelle.dz\\\/index.php\\\/2021\\\/10\\\/25\\\/les-risques-et-opportunites-de-la-dette-privee\\\/\",\"name\":\"Les risques et opportunit\u00e9s de la dette priv\u00e9e - La Sentinelle\",\"isPartOf\":{\"@id\":\"https:\\\/\\\/lasentinelle.dz\\\/#website\"},\"primaryImageOfPage\":{\"@id\":\"https:\\\/\\\/lasentinelle.dz\\\/index.php\\\/2021\\\/10\\\/25\\\/les-risques-et-opportunites-de-la-dette-privee\\\/#primaryimage\"},\"image\":{\"@id\":\"https:\\\/\\\/lasentinelle.dz\\\/index.php\\\/2021\\\/10\\\/25\\\/les-risques-et-opportunites-de-la-dette-privee\\\/#primaryimage\"},\"thumbnailUrl\":\"https:\\\/\\\/lasentinelle.dz\\\/wp-content\\\/uploads\\\/2021\\\/10\\\/page-12.jpg\",\"datePublished\":\"2021-10-24T23:01:00+00:00\",\"breadcrumb\":{\"@id\":\"https:\\\/\\\/lasentinelle.dz\\\/index.php\\\/2021\\\/10\\\/25\\\/les-risques-et-opportunites-de-la-dette-privee\\\/#breadcrumb\"},\"inLanguage\":\"fr-FR\",\"potentialAction\":[{\"@type\":\"ReadAction\",\"target\":[\"https:\\\/\\\/lasentinelle.dz\\\/index.php\\\/2021\\\/10\\\/25\\\/les-risques-et-opportunites-de-la-dette-privee\\\/\"]}]},{\"@type\":\"ImageObject\",\"inLanguage\":\"fr-FR\",\"@id\":\"https:\\\/\\\/lasentinelle.dz\\\/index.php\\\/2021\\\/10\\\/25\\\/les-risques-et-opportunites-de-la-dette-privee\\\/#primaryimage\",\"url\":\"https:\\\/\\\/lasentinelle.dz\\\/wp-content\\\/uploads\\\/2021\\\/10\\\/page-12.jpg\",\"contentUrl\":\"https:\\\/\\\/lasentinelle.dz\\\/wp-content\\\/uploads\\\/2021\\\/10\\\/page-12.jpg\",\"width\":1360,\"height\":680},{\"@type\":\"BreadcrumbList\",\"@id\":\"https:\\\/\\\/lasentinelle.dz\\\/index.php\\\/2021\\\/10\\\/25\\\/les-risques-et-opportunites-de-la-dette-privee\\\/#breadcrumb\",\"itemListElement\":[{\"@type\":\"ListItem\",\"position\":1,\"name\":\"Accueil\",\"item\":\"https:\\\/\\\/lasentinelle.dz\\\/\"},{\"@type\":\"ListItem\",\"position\":2,\"name\":\"Les risques et opportunit\u00e9s de la dette priv\u00e9e\"}]},{\"@type\":\"WebSite\",\"@id\":\"https:\\\/\\\/lasentinelle.dz\\\/#website\",\"url\":\"https:\\\/\\\/lasentinelle.dz\\\/\",\"name\":\"La Sentinelle\",\"description\":\"Quotidien national d&#039;information\",\"publisher\":{\"@id\":\"https:\\\/\\\/lasentinelle.dz\\\/#organization\"},\"potentialAction\":[{\"@type\":\"SearchAction\",\"target\":{\"@type\":\"EntryPoint\",\"urlTemplate\":\"https:\\\/\\\/lasentinelle.dz\\\/?s={search_term_string}\"},\"query-input\":{\"@type\":\"PropertyValueSpecification\",\"valueRequired\":true,\"valueName\":\"search_term_string\"}}],\"inLanguage\":\"fr-FR\"},{\"@type\":\"Organization\",\"@id\":\"https:\\\/\\\/lasentinelle.dz\\\/#organization\",\"name\":\"Quotidien La Sentinelle\",\"url\":\"https:\\\/\\\/lasentinelle.dz\\\/\",\"logo\":{\"@type\":\"ImageObject\",\"inLanguage\":\"fr-FR\",\"@id\":\"https:\\\/\\\/lasentinelle.dz\\\/#\\\/schema\\\/logo\\\/image\\\/\",\"url\":\"https:\\\/\\\/lasentinelle.dz\\\/wp-content\\\/uploads\\\/2021\\\/09\\\/logo-sentinelleSLOGAN-1.png\",\"contentUrl\":\"https:\\\/\\\/lasentinelle.dz\\\/wp-content\\\/uploads\\\/2021\\\/09\\\/logo-sentinelleSLOGAN-1.png\",\"width\":615,\"height\":142,\"caption\":\"Quotidien La Sentinelle\"},\"image\":{\"@id\":\"https:\\\/\\\/lasentinelle.dz\\\/#\\\/schema\\\/logo\\\/image\\\/\"},\"sameAs\":[\"https:\\\/\\\/www.facebook.com\\\/La-Sentinelle-104059864394773\"]},{\"@type\":\"Person\",\"@id\":\"https:\\\/\\\/lasentinelle.dz\\\/#\\\/schema\\\/person\\\/d865044e22e70a75174ce8bcad3acfb3\",\"name\":\"La Sentinelle\",\"image\":{\"@type\":\"ImageObject\",\"inLanguage\":\"fr-FR\",\"@id\":\"https:\\\/\\\/secure.gravatar.com\\\/avatar\\\/57de8e5d4b15d43fb361a71fbb36338450fe67865b528a43dd10ef7c51a20392?s=96&d=mm&r=g\",\"url\":\"https:\\\/\\\/secure.gravatar.com\\\/avatar\\\/57de8e5d4b15d43fb361a71fbb36338450fe67865b528a43dd10ef7c51a20392?s=96&d=mm&r=g\",\"contentUrl\":\"https:\\\/\\\/secure.gravatar.com\\\/avatar\\\/57de8e5d4b15d43fb361a71fbb36338450fe67865b528a43dd10ef7c51a20392?s=96&d=mm&r=g\",\"caption\":\"La Sentinelle\"},\"sameAs\":[\"http:\\\/\\\/www.lasentinelle.dz\"],\"url\":\"https:\\\/\\\/lasentinelle.dz\\\/author\\\/redaction\\\/\"}]}<\/script>\n<!-- \/ Yoast SEO plugin. -->","yoast_head_json":{"title":"Les risques et opportunit\u00e9s de la dette priv\u00e9e - La Sentinelle","robots":{"index":"index","follow":"follow","max-snippet":"max-snippet:-1","max-image-preview":"max-image-preview:large","max-video-preview":"max-video-preview:-1"},"canonical":"https:\/\/lasentinelle.dz\/index.php\/2021\/10\/25\/les-risques-et-opportunites-de-la-dette-privee\/","og_locale":"fr_FR","og_type":"article","og_title":"Les risques et opportunit\u00e9s de la dette priv\u00e9e - La Sentinelle","og_description":"Par Evan Gunter Le pr\u00eat direct attire l&rsquo;attention des investisseurs priv\u00e9s et institutionnels gr\u00e2ce \u00e0 ses performances r\u00e9guli\u00e8res et ses","og_url":"https:\/\/lasentinelle.dz\/index.php\/2021\/10\/25\/les-risques-et-opportunites-de-la-dette-privee\/","og_site_name":"La Sentinelle","article_publisher":"https:\/\/www.facebook.com\/La-Sentinelle-104059864394773","article_published_time":"2021-10-24T23:01:00+00:00","og_image":[{"width":1360,"height":680,"url":"https:\/\/lasentinelle.dz\/wp-content\/uploads\/2021\/10\/page-12.jpg","type":"image\/jpeg"}],"author":"La Sentinelle","twitter_card":"summary_large_image","twitter_misc":{"\u00c9crit par":"La Sentinelle","Dur\u00e9e de lecture estim\u00e9e":"5 minutes"},"schema":{"@context":"https:\/\/schema.org","@graph":[{"@type":"Article","@id":"https:\/\/lasentinelle.dz\/index.php\/2021\/10\/25\/les-risques-et-opportunites-de-la-dette-privee\/#article","isPartOf":{"@id":"https:\/\/lasentinelle.dz\/index.php\/2021\/10\/25\/les-risques-et-opportunites-de-la-dette-privee\/"},"author":{"name":"La Sentinelle","@id":"https:\/\/lasentinelle.dz\/#\/schema\/person\/d865044e22e70a75174ce8bcad3acfb3"},"headline":"Les risques et opportunit\u00e9s de la dette priv\u00e9e","datePublished":"2021-10-24T23:01:00+00:00","mainEntityOfPage":{"@id":"https:\/\/lasentinelle.dz\/index.php\/2021\/10\/25\/les-risques-et-opportunites-de-la-dette-privee\/"},"wordCount":1229,"commentCount":0,"publisher":{"@id":"https:\/\/lasentinelle.dz\/#organization"},"image":{"@id":"https:\/\/lasentinelle.dz\/index.php\/2021\/10\/25\/les-risques-et-opportunites-de-la-dette-privee\/#primaryimage"},"thumbnailUrl":"https:\/\/lasentinelle.dz\/wp-content\/uploads\/2021\/10\/page-12.jpg","articleSection":["D\u00e9bats"],"inLanguage":"fr-FR","potentialAction":[{"@type":"CommentAction","name":"Comment","target":["https:\/\/lasentinelle.dz\/index.php\/2021\/10\/25\/les-risques-et-opportunites-de-la-dette-privee\/#respond"]}]},{"@type":"WebPage","@id":"https:\/\/lasentinelle.dz\/index.php\/2021\/10\/25\/les-risques-et-opportunites-de-la-dette-privee\/","url":"https:\/\/lasentinelle.dz\/index.php\/2021\/10\/25\/les-risques-et-opportunites-de-la-dette-privee\/","name":"Les risques et opportunit\u00e9s de la dette priv\u00e9e - La Sentinelle","isPartOf":{"@id":"https:\/\/lasentinelle.dz\/#website"},"primaryImageOfPage":{"@id":"https:\/\/lasentinelle.dz\/index.php\/2021\/10\/25\/les-risques-et-opportunites-de-la-dette-privee\/#primaryimage"},"image":{"@id":"https:\/\/lasentinelle.dz\/index.php\/2021\/10\/25\/les-risques-et-opportunites-de-la-dette-privee\/#primaryimage"},"thumbnailUrl":"https:\/\/lasentinelle.dz\/wp-content\/uploads\/2021\/10\/page-12.jpg","datePublished":"2021-10-24T23:01:00+00:00","breadcrumb":{"@id":"https:\/\/lasentinelle.dz\/index.php\/2021\/10\/25\/les-risques-et-opportunites-de-la-dette-privee\/#breadcrumb"},"inLanguage":"fr-FR","potentialAction":[{"@type":"ReadAction","target":["https:\/\/lasentinelle.dz\/index.php\/2021\/10\/25\/les-risques-et-opportunites-de-la-dette-privee\/"]}]},{"@type":"ImageObject","inLanguage":"fr-FR","@id":"https:\/\/lasentinelle.dz\/index.php\/2021\/10\/25\/les-risques-et-opportunites-de-la-dette-privee\/#primaryimage","url":"https:\/\/lasentinelle.dz\/wp-content\/uploads\/2021\/10\/page-12.jpg","contentUrl":"https:\/\/lasentinelle.dz\/wp-content\/uploads\/2021\/10\/page-12.jpg","width":1360,"height":680},{"@type":"BreadcrumbList","@id":"https:\/\/lasentinelle.dz\/index.php\/2021\/10\/25\/les-risques-et-opportunites-de-la-dette-privee\/#breadcrumb","itemListElement":[{"@type":"ListItem","position":1,"name":"Accueil","item":"https:\/\/lasentinelle.dz\/"},{"@type":"ListItem","position":2,"name":"Les risques et opportunit\u00e9s de la dette priv\u00e9e"}]},{"@type":"WebSite","@id":"https:\/\/lasentinelle.dz\/#website","url":"https:\/\/lasentinelle.dz\/","name":"La Sentinelle","description":"Quotidien national d&#039;information","publisher":{"@id":"https:\/\/lasentinelle.dz\/#organization"},"potentialAction":[{"@type":"SearchAction","target":{"@type":"EntryPoint","urlTemplate":"https:\/\/lasentinelle.dz\/?s={search_term_string}"},"query-input":{"@type":"PropertyValueSpecification","valueRequired":true,"valueName":"search_term_string"}}],"inLanguage":"fr-FR"},{"@type":"Organization","@id":"https:\/\/lasentinelle.dz\/#organization","name":"Quotidien La Sentinelle","url":"https:\/\/lasentinelle.dz\/","logo":{"@type":"ImageObject","inLanguage":"fr-FR","@id":"https:\/\/lasentinelle.dz\/#\/schema\/logo\/image\/","url":"https:\/\/lasentinelle.dz\/wp-content\/uploads\/2021\/09\/logo-sentinelleSLOGAN-1.png","contentUrl":"https:\/\/lasentinelle.dz\/wp-content\/uploads\/2021\/09\/logo-sentinelleSLOGAN-1.png","width":615,"height":142,"caption":"Quotidien La Sentinelle"},"image":{"@id":"https:\/\/lasentinelle.dz\/#\/schema\/logo\/image\/"},"sameAs":["https:\/\/www.facebook.com\/La-Sentinelle-104059864394773"]},{"@type":"Person","@id":"https:\/\/lasentinelle.dz\/#\/schema\/person\/d865044e22e70a75174ce8bcad3acfb3","name":"La Sentinelle","image":{"@type":"ImageObject","inLanguage":"fr-FR","@id":"https:\/\/secure.gravatar.com\/avatar\/57de8e5d4b15d43fb361a71fbb36338450fe67865b528a43dd10ef7c51a20392?s=96&d=mm&r=g","url":"https:\/\/secure.gravatar.com\/avatar\/57de8e5d4b15d43fb361a71fbb36338450fe67865b528a43dd10ef7c51a20392?s=96&d=mm&r=g","contentUrl":"https:\/\/secure.gravatar.com\/avatar\/57de8e5d4b15d43fb361a71fbb36338450fe67865b528a43dd10ef7c51a20392?s=96&d=mm&r=g","caption":"La Sentinelle"},"sameAs":["http:\/\/www.lasentinelle.dz"],"url":"https:\/\/lasentinelle.dz\/author\/redaction\/"}]}},"_links":{"self":[{"href":"https:\/\/lasentinelle.dz\/index.php\/wp-json\/wp\/v2\/posts\/11417","targetHints":{"allow":["GET"]}}],"collection":[{"href":"https:\/\/lasentinelle.dz\/index.php\/wp-json\/wp\/v2\/posts"}],"about":[{"href":"https:\/\/lasentinelle.dz\/index.php\/wp-json\/wp\/v2\/types\/post"}],"author":[{"embeddable":true,"href":"https:\/\/lasentinelle.dz\/index.php\/wp-json\/wp\/v2\/users\/3"}],"replies":[{"embeddable":true,"href":"https:\/\/lasentinelle.dz\/index.php\/wp-json\/wp\/v2\/comments?post=11417"}],"version-history":[{"count":1,"href":"https:\/\/lasentinelle.dz\/index.php\/wp-json\/wp\/v2\/posts\/11417\/revisions"}],"predecessor-version":[{"id":11430,"href":"https:\/\/lasentinelle.dz\/index.php\/wp-json\/wp\/v2\/posts\/11417\/revisions\/11430"}],"wp:featuredmedia":[{"embeddable":true,"href":"https:\/\/lasentinelle.dz\/index.php\/wp-json\/wp\/v2\/media\/11429"}],"wp:attachment":[{"href":"https:\/\/lasentinelle.dz\/index.php\/wp-json\/wp\/v2\/media?parent=11417"}],"wp:term":[{"taxonomy":"category","embeddable":true,"href":"https:\/\/lasentinelle.dz\/index.php\/wp-json\/wp\/v2\/categories?post=11417"},{"taxonomy":"post_tag","embeddable":true,"href":"https:\/\/lasentinelle.dz\/index.php\/wp-json\/wp\/v2\/tags?post=11417"}],"curies":[{"name":"wp","href":"https:\/\/api.w.org\/{rel}","templated":true}]}}