{"id":11445,"date":"2021-10-25T00:01:00","date_gmt":"2021-10-24T23:01:00","guid":{"rendered":"https:\/\/lasentinelle.dz\/?p=11445"},"modified":"2021-10-24T19:01:32","modified_gmt":"2021-10-24T18:01:32","slug":"plf-2022-des-mesures-pour-la-promotion-de-linvestissement","status":"publish","type":"post","link":"https:\/\/lasentinelle.dz\/index.php\/2021\/10\/25\/plf-2022-des-mesures-pour-la-promotion-de-linvestissement\/","title":{"rendered":"PLF 2022 : Des mesures pour la promotion de l&rsquo;investissement"},"content":{"rendered":"\n<p>Le projet de la loi de finances (PLF) pour l&rsquo;ann\u00e9e 2022, a \u00e9t\u00e9 pr\u00e9sent\u00e9 hier par le Premier ministre, ministre des Finances, A\u00efmene Benabderrahmane, devant la commission des finances et du budget de l&rsquo;APN. Le Projet de loi de finance (PLF) pour l&rsquo;ann\u00e9e 2022 pr\u00e9voit plusieurs mesures, fiscales et l\u00e9gislatives, visant l&rsquo;encouragement de l&rsquo;investissement, particuli\u00e8rement au profit des jeunes entrepreneurs.Ainsi, les activit\u00e9s exerc\u00e9es par les jeunes promoteurs d&rsquo;investissements, d&rsquo;activit\u00e9s ou de projets, \u00e9ligibles aux dispositifs d&rsquo;aide \u00e0 l&#8217;emploi r\u00e9gis par l&rsquo;Agence nationale d&rsquo;appui et de d\u00e9veloppement de l&rsquo;entreprenariat (Anade), la Caisse nationale d&rsquo;assurance ch\u00f4mage (Cnac), ou l&rsquo;Agence nationale de gestion de micro-cr\u00e9dit (Angem), seront exon\u00e9r\u00e9es totalement de l&rsquo;Imp\u00f4t sur le revenu global (IRG), de l&rsquo;imp\u00f4t sur le b\u00e9n\u00e9fice des entreprises (IBS) et de la taxe fonci\u00e8re sur les propri\u00e9t\u00e9s b\u00e2ties pour une p\u00e9riode de trois ans. &nbsp;Lorsque ces activit\u00e9s sont implant\u00e9es dans une zone \u00e0 promouvoir, la p\u00e9riode de l&rsquo;exon\u00e9ration est port\u00e9e \u00e0 six ann\u00e9es, selon le m\u00eame document, qui stipule que cette p\u00e9riode est prorog\u00e9e de deux ann\u00e9es lorsque les promoteurs d&rsquo;investissements s&rsquo;engagent \u00e0 recruter au moins trois employ\u00e9s \u00e0 dur\u00e9e ind\u00e9termin\u00e9e. La p\u00e9riode d&rsquo;exemption de l&rsquo;IRG et de l&rsquo;IBS est port\u00e9e \u00e0 10 ann\u00e9es lorsque les activit\u00e9s exerc\u00e9es sont implant\u00e9es dans une zone du Sud b\u00e9n\u00e9ficiant de l&rsquo;aide du Fonds de gestion des op\u00e9rations d&rsquo;investissements publics inscrites au titre du budget d&rsquo;\u00e9quipements de l&rsquo;Etat et de d\u00e9veloppement des r\u00e9gions du Sud et des Hauts-Plateaux. En outre, les entreprises disposant du label \u00ab\u00a0start-up\u00a0\u00bb sont d\u00e9charg\u00e9es de&nbsp; la taxe sur l&rsquo;activit\u00e9 professionnelle (TAP), de l&rsquo;IRG ou de l&rsquo;IBS ainsi que de l&rsquo;imp\u00f4t forfaitaire unique (IFU), pour une dur\u00e9e de quatre ans, \u00e0 compter de la date d&rsquo;obtention du label, avec une ann\u00e9e suppl\u00e9mentaire, en cas de renouvellement. Afin d&rsquo;encourager l&rsquo;exportation hors-hydrocarbures, les revenus issus des op\u00e9rations d&rsquo;exportation de biens et de services sont exon\u00e9r\u00e9s de fa\u00e7on \u00ab\u00a0permanente\u00a0\u00bb de l&rsquo;IRG et de l&rsquo;IBS. Selon le m\u00eame texte, les revenus ayant servi au cours de l&rsquo;ann\u00e9e de leur r\u00e9alisation \u00e0 la prise de participation dans le capital des soci\u00e9t\u00e9s de production de biens, de travaux ou de services ainsi que les op\u00e9rations g\u00e9n\u00e9ratrices de devises sont, eux aussi, dispens\u00e9s de l&rsquo;IRG&nbsp;; Le PLF 2022 pr\u00e9voit \u00e9galement de soumettre les b\u00e9n\u00e9fices des entreprises de production au taux r\u00e9duit en mati\u00e8re d&rsquo;IBS lorsqu&rsquo;ils sont destin\u00e9s, au cours de l&rsquo;exercice de r\u00e9alisation dudit b\u00e9n\u00e9fice, \u00e0 l&rsquo;acquisition de biens d&rsquo;\u00e9quipements de production en relation avec l&rsquo;activit\u00e9 exerc\u00e9e. Cette disposition s&rsquo;applique \u00e9galement pour les b\u00e9n\u00e9fices ayant concouru \u00e0 l&rsquo;acquisition d&rsquo;actions, de parts sociales ou de titres assimil\u00e9s, permettant la participation \u00e0 raison d&rsquo;au moins 90% dans le capital d&rsquo;une autre soci\u00e9t\u00e9, sous r\u00e9serve de la lib\u00e9ration de la totalit\u00e9 du montant r\u00e9investi.<\/p>\n\n\n\n<p>R.E.<\/p>\n","protected":false},"excerpt":{"rendered":"<p>Le projet de la loi de finances (PLF) pour l&rsquo;ann\u00e9e 2022, a \u00e9t\u00e9 pr\u00e9sent\u00e9 hier par le Premier ministre, ministre<\/p>\n","protected":false},"author":3,"featured_media":11449,"comment_status":"open","ping_status":"closed","sticky":false,"template":"","format":"standard","meta":{"colormag_page_container_layout":"default_layout","colormag_page_sidebar_layout":"default_layout","om_disable_all_campaigns":false,"_monsterinsights_skip_tracking":false,"_monsterinsights_sitenote_active":false,"_monsterinsights_sitenote_note":"","_monsterinsights_sitenote_category":0,"footnotes":"","_wpscppro_dont_share_socialmedia":false,"_wpscppro_custom_social_share_image":0,"_facebook_share_type":"","_twitter_share_type":"","_linkedin_share_type":"","_pinterest_share_type":"","_linkedin_share_type_page":"","_instagram_share_type":"","_medium_share_type":"","_threads_share_type":"","_google_business_share_type":"","_selected_social_profile":[],"_wpsp_enable_custom_social_template":false,"_wpsp_social_scheduling":{"enabled":false,"datetime":null,"platforms":[],"status":"template_only","dateOption":"today","timeOption":"now","customDays":"","customHours":"","customDate":"","customTime":"","schedulingType":"absolute"},"_wpsp_active_default_template":true},"categories":[29],"tags":[],"class_list":["post-11445","post","type-post","status-publish","format-standard","has-post-thumbnail","hentry","category-economie"],"aioseo_notices":[],"yoast_head":"<!-- This site is optimized with the Yoast SEO plugin v27.5 - https:\/\/yoast.com\/product\/yoast-seo-wordpress\/ -->\n<title>PLF 2022 : Des mesures pour la promotion de l&#039;investissement - La Sentinelle<\/title>\n<meta name=\"robots\" content=\"index, follow, max-snippet:-1, max-image-preview:large, max-video-preview:-1\" \/>\n<link rel=\"canonical\" href=\"https:\/\/lasentinelle.dz\/index.php\/2021\/10\/25\/plf-2022-des-mesures-pour-la-promotion-de-linvestissement\/\" \/>\n<meta property=\"og:locale\" content=\"fr_FR\" \/>\n<meta property=\"og:type\" content=\"article\" \/>\n<meta property=\"og:title\" content=\"PLF 2022 : Des mesures pour la promotion de l&#039;investissement - La Sentinelle\" \/>\n<meta property=\"og:description\" content=\"Le projet de la loi de finances (PLF) pour l&rsquo;ann\u00e9e 2022, a \u00e9t\u00e9 pr\u00e9sent\u00e9 hier par le Premier ministre, ministre\" \/>\n<meta property=\"og:url\" content=\"https:\/\/lasentinelle.dz\/index.php\/2021\/10\/25\/plf-2022-des-mesures-pour-la-promotion-de-linvestissement\/\" \/>\n<meta property=\"og:site_name\" content=\"La Sentinelle\" \/>\n<meta property=\"article:publisher\" content=\"https:\/\/www.facebook.com\/La-Sentinelle-104059864394773\" \/>\n<meta property=\"article:published_time\" content=\"2021-10-24T23:01:00+00:00\" \/>\n<meta property=\"og:image\" content=\"https:\/\/lasentinelle.dz\/wp-content\/uploads\/2021\/10\/image_2021-10-24_190054.png\" \/>\n\t<meta property=\"og:image:width\" content=\"668\" \/>\n\t<meta property=\"og:image:height\" content=\"502\" \/>\n\t<meta property=\"og:image:type\" content=\"image\/png\" \/>\n<meta name=\"author\" content=\"La Sentinelle\" \/>\n<meta name=\"twitter:card\" content=\"summary_large_image\" \/>\n<meta name=\"twitter:label1\" content=\"\u00c9crit par\" \/>\n\t<meta name=\"twitter:data1\" content=\"La Sentinelle\" \/>\n\t<meta name=\"twitter:label2\" content=\"Dur\u00e9e de lecture estim\u00e9e\" \/>\n\t<meta name=\"twitter:data2\" content=\"2 minutes\" \/>\n<script type=\"application\/ld+json\" class=\"yoast-schema-graph\">{\"@context\":\"https:\\\/\\\/schema.org\",\"@graph\":[{\"@type\":\"Article\",\"@id\":\"https:\\\/\\\/lasentinelle.dz\\\/index.php\\\/2021\\\/10\\\/25\\\/plf-2022-des-mesures-pour-la-promotion-de-linvestissement\\\/#article\",\"isPartOf\":{\"@id\":\"https:\\\/\\\/lasentinelle.dz\\\/index.php\\\/2021\\\/10\\\/25\\\/plf-2022-des-mesures-pour-la-promotion-de-linvestissement\\\/\"},\"author\":{\"name\":\"La Sentinelle\",\"@id\":\"https:\\\/\\\/lasentinelle.dz\\\/#\\\/schema\\\/person\\\/d865044e22e70a75174ce8bcad3acfb3\"},\"headline\":\"PLF 2022 : Des mesures pour la promotion de l&rsquo;investissement\",\"datePublished\":\"2021-10-24T23:01:00+00:00\",\"mainEntityOfPage\":{\"@id\":\"https:\\\/\\\/lasentinelle.dz\\\/index.php\\\/2021\\\/10\\\/25\\\/plf-2022-des-mesures-pour-la-promotion-de-linvestissement\\\/\"},\"wordCount\":579,\"commentCount\":0,\"publisher\":{\"@id\":\"https:\\\/\\\/lasentinelle.dz\\\/#organization\"},\"image\":{\"@id\":\"https:\\\/\\\/lasentinelle.dz\\\/index.php\\\/2021\\\/10\\\/25\\\/plf-2022-des-mesures-pour-la-promotion-de-linvestissement\\\/#primaryimage\"},\"thumbnailUrl\":\"https:\\\/\\\/lasentinelle.dz\\\/wp-content\\\/uploads\\\/2021\\\/10\\\/image_2021-10-24_190054.png\",\"articleSection\":[\"\u00c9conomie\"],\"inLanguage\":\"fr-FR\",\"potentialAction\":[{\"@type\":\"CommentAction\",\"name\":\"Comment\",\"target\":[\"https:\\\/\\\/lasentinelle.dz\\\/index.php\\\/2021\\\/10\\\/25\\\/plf-2022-des-mesures-pour-la-promotion-de-linvestissement\\\/#respond\"]}]},{\"@type\":\"WebPage\",\"@id\":\"https:\\\/\\\/lasentinelle.dz\\\/index.php\\\/2021\\\/10\\\/25\\\/plf-2022-des-mesures-pour-la-promotion-de-linvestissement\\\/\",\"url\":\"https:\\\/\\\/lasentinelle.dz\\\/index.php\\\/2021\\\/10\\\/25\\\/plf-2022-des-mesures-pour-la-promotion-de-linvestissement\\\/\",\"name\":\"PLF 2022 : Des mesures pour la promotion de l'investissement - La Sentinelle\",\"isPartOf\":{\"@id\":\"https:\\\/\\\/lasentinelle.dz\\\/#website\"},\"primaryImageOfPage\":{\"@id\":\"https:\\\/\\\/lasentinelle.dz\\\/index.php\\\/2021\\\/10\\\/25\\\/plf-2022-des-mesures-pour-la-promotion-de-linvestissement\\\/#primaryimage\"},\"image\":{\"@id\":\"https:\\\/\\\/lasentinelle.dz\\\/index.php\\\/2021\\\/10\\\/25\\\/plf-2022-des-mesures-pour-la-promotion-de-linvestissement\\\/#primaryimage\"},\"thumbnailUrl\":\"https:\\\/\\\/lasentinelle.dz\\\/wp-content\\\/uploads\\\/2021\\\/10\\\/image_2021-10-24_190054.png\",\"datePublished\":\"2021-10-24T23:01:00+00:00\",\"breadcrumb\":{\"@id\":\"https:\\\/\\\/lasentinelle.dz\\\/index.php\\\/2021\\\/10\\\/25\\\/plf-2022-des-mesures-pour-la-promotion-de-linvestissement\\\/#breadcrumb\"},\"inLanguage\":\"fr-FR\",\"potentialAction\":[{\"@type\":\"ReadAction\",\"target\":[\"https:\\\/\\\/lasentinelle.dz\\\/index.php\\\/2021\\\/10\\\/25\\\/plf-2022-des-mesures-pour-la-promotion-de-linvestissement\\\/\"]}]},{\"@type\":\"ImageObject\",\"inLanguage\":\"fr-FR\",\"@id\":\"https:\\\/\\\/lasentinelle.dz\\\/index.php\\\/2021\\\/10\\\/25\\\/plf-2022-des-mesures-pour-la-promotion-de-linvestissement\\\/#primaryimage\",\"url\":\"https:\\\/\\\/lasentinelle.dz\\\/wp-content\\\/uploads\\\/2021\\\/10\\\/image_2021-10-24_190054.png\",\"contentUrl\":\"https:\\\/\\\/lasentinelle.dz\\\/wp-content\\\/uploads\\\/2021\\\/10\\\/image_2021-10-24_190054.png\",\"width\":668,\"height\":502},{\"@type\":\"BreadcrumbList\",\"@id\":\"https:\\\/\\\/lasentinelle.dz\\\/index.php\\\/2021\\\/10\\\/25\\\/plf-2022-des-mesures-pour-la-promotion-de-linvestissement\\\/#breadcrumb\",\"itemListElement\":[{\"@type\":\"ListItem\",\"position\":1,\"name\":\"Accueil\",\"item\":\"https:\\\/\\\/lasentinelle.dz\\\/\"},{\"@type\":\"ListItem\",\"position\":2,\"name\":\"PLF 2022 : Des mesures pour la promotion de l&rsquo;investissement\"}]},{\"@type\":\"WebSite\",\"@id\":\"https:\\\/\\\/lasentinelle.dz\\\/#website\",\"url\":\"https:\\\/\\\/lasentinelle.dz\\\/\",\"name\":\"La Sentinelle\",\"description\":\"Quotidien national d&#039;information\",\"publisher\":{\"@id\":\"https:\\\/\\\/lasentinelle.dz\\\/#organization\"},\"potentialAction\":[{\"@type\":\"SearchAction\",\"target\":{\"@type\":\"EntryPoint\",\"urlTemplate\":\"https:\\\/\\\/lasentinelle.dz\\\/?s={search_term_string}\"},\"query-input\":{\"@type\":\"PropertyValueSpecification\",\"valueRequired\":true,\"valueName\":\"search_term_string\"}}],\"inLanguage\":\"fr-FR\"},{\"@type\":\"Organization\",\"@id\":\"https:\\\/\\\/lasentinelle.dz\\\/#organization\",\"name\":\"Quotidien La Sentinelle\",\"url\":\"https:\\\/\\\/lasentinelle.dz\\\/\",\"logo\":{\"@type\":\"ImageObject\",\"inLanguage\":\"fr-FR\",\"@id\":\"https:\\\/\\\/lasentinelle.dz\\\/#\\\/schema\\\/logo\\\/image\\\/\",\"url\":\"https:\\\/\\\/lasentinelle.dz\\\/wp-content\\\/uploads\\\/2021\\\/09\\\/logo-sentinelleSLOGAN-1.png\",\"contentUrl\":\"https:\\\/\\\/lasentinelle.dz\\\/wp-content\\\/uploads\\\/2021\\\/09\\\/logo-sentinelleSLOGAN-1.png\",\"width\":615,\"height\":142,\"caption\":\"Quotidien La Sentinelle\"},\"image\":{\"@id\":\"https:\\\/\\\/lasentinelle.dz\\\/#\\\/schema\\\/logo\\\/image\\\/\"},\"sameAs\":[\"https:\\\/\\\/www.facebook.com\\\/La-Sentinelle-104059864394773\"]},{\"@type\":\"Person\",\"@id\":\"https:\\\/\\\/lasentinelle.dz\\\/#\\\/schema\\\/person\\\/d865044e22e70a75174ce8bcad3acfb3\",\"name\":\"La Sentinelle\",\"image\":{\"@type\":\"ImageObject\",\"inLanguage\":\"fr-FR\",\"@id\":\"https:\\\/\\\/secure.gravatar.com\\\/avatar\\\/57de8e5d4b15d43fb361a71fbb36338450fe67865b528a43dd10ef7c51a20392?s=96&d=mm&r=g\",\"url\":\"https:\\\/\\\/secure.gravatar.com\\\/avatar\\\/57de8e5d4b15d43fb361a71fbb36338450fe67865b528a43dd10ef7c51a20392?s=96&d=mm&r=g\",\"contentUrl\":\"https:\\\/\\\/secure.gravatar.com\\\/avatar\\\/57de8e5d4b15d43fb361a71fbb36338450fe67865b528a43dd10ef7c51a20392?s=96&d=mm&r=g\",\"caption\":\"La Sentinelle\"},\"sameAs\":[\"http:\\\/\\\/www.lasentinelle.dz\"],\"url\":\"https:\\\/\\\/lasentinelle.dz\\\/author\\\/redaction\\\/\"}]}<\/script>\n<!-- \/ Yoast SEO plugin. -->","yoast_head_json":{"title":"PLF 2022 : Des mesures pour la promotion de l'investissement - La Sentinelle","robots":{"index":"index","follow":"follow","max-snippet":"max-snippet:-1","max-image-preview":"max-image-preview:large","max-video-preview":"max-video-preview:-1"},"canonical":"https:\/\/lasentinelle.dz\/index.php\/2021\/10\/25\/plf-2022-des-mesures-pour-la-promotion-de-linvestissement\/","og_locale":"fr_FR","og_type":"article","og_title":"PLF 2022 : Des mesures pour la promotion de l'investissement - La Sentinelle","og_description":"Le projet de la loi de finances (PLF) pour l&rsquo;ann\u00e9e 2022, a \u00e9t\u00e9 pr\u00e9sent\u00e9 hier par le Premier ministre, ministre","og_url":"https:\/\/lasentinelle.dz\/index.php\/2021\/10\/25\/plf-2022-des-mesures-pour-la-promotion-de-linvestissement\/","og_site_name":"La Sentinelle","article_publisher":"https:\/\/www.facebook.com\/La-Sentinelle-104059864394773","article_published_time":"2021-10-24T23:01:00+00:00","og_image":[{"width":668,"height":502,"url":"https:\/\/lasentinelle.dz\/wp-content\/uploads\/2021\/10\/image_2021-10-24_190054.png","type":"image\/png"}],"author":"La Sentinelle","twitter_card":"summary_large_image","twitter_misc":{"\u00c9crit par":"La Sentinelle","Dur\u00e9e de lecture estim\u00e9e":"2 minutes"},"schema":{"@context":"https:\/\/schema.org","@graph":[{"@type":"Article","@id":"https:\/\/lasentinelle.dz\/index.php\/2021\/10\/25\/plf-2022-des-mesures-pour-la-promotion-de-linvestissement\/#article","isPartOf":{"@id":"https:\/\/lasentinelle.dz\/index.php\/2021\/10\/25\/plf-2022-des-mesures-pour-la-promotion-de-linvestissement\/"},"author":{"name":"La Sentinelle","@id":"https:\/\/lasentinelle.dz\/#\/schema\/person\/d865044e22e70a75174ce8bcad3acfb3"},"headline":"PLF 2022 : Des mesures pour la promotion de l&rsquo;investissement","datePublished":"2021-10-24T23:01:00+00:00","mainEntityOfPage":{"@id":"https:\/\/lasentinelle.dz\/index.php\/2021\/10\/25\/plf-2022-des-mesures-pour-la-promotion-de-linvestissement\/"},"wordCount":579,"commentCount":0,"publisher":{"@id":"https:\/\/lasentinelle.dz\/#organization"},"image":{"@id":"https:\/\/lasentinelle.dz\/index.php\/2021\/10\/25\/plf-2022-des-mesures-pour-la-promotion-de-linvestissement\/#primaryimage"},"thumbnailUrl":"https:\/\/lasentinelle.dz\/wp-content\/uploads\/2021\/10\/image_2021-10-24_190054.png","articleSection":["\u00c9conomie"],"inLanguage":"fr-FR","potentialAction":[{"@type":"CommentAction","name":"Comment","target":["https:\/\/lasentinelle.dz\/index.php\/2021\/10\/25\/plf-2022-des-mesures-pour-la-promotion-de-linvestissement\/#respond"]}]},{"@type":"WebPage","@id":"https:\/\/lasentinelle.dz\/index.php\/2021\/10\/25\/plf-2022-des-mesures-pour-la-promotion-de-linvestissement\/","url":"https:\/\/lasentinelle.dz\/index.php\/2021\/10\/25\/plf-2022-des-mesures-pour-la-promotion-de-linvestissement\/","name":"PLF 2022 : Des mesures pour la promotion de l'investissement - La Sentinelle","isPartOf":{"@id":"https:\/\/lasentinelle.dz\/#website"},"primaryImageOfPage":{"@id":"https:\/\/lasentinelle.dz\/index.php\/2021\/10\/25\/plf-2022-des-mesures-pour-la-promotion-de-linvestissement\/#primaryimage"},"image":{"@id":"https:\/\/lasentinelle.dz\/index.php\/2021\/10\/25\/plf-2022-des-mesures-pour-la-promotion-de-linvestissement\/#primaryimage"},"thumbnailUrl":"https:\/\/lasentinelle.dz\/wp-content\/uploads\/2021\/10\/image_2021-10-24_190054.png","datePublished":"2021-10-24T23:01:00+00:00","breadcrumb":{"@id":"https:\/\/lasentinelle.dz\/index.php\/2021\/10\/25\/plf-2022-des-mesures-pour-la-promotion-de-linvestissement\/#breadcrumb"},"inLanguage":"fr-FR","potentialAction":[{"@type":"ReadAction","target":["https:\/\/lasentinelle.dz\/index.php\/2021\/10\/25\/plf-2022-des-mesures-pour-la-promotion-de-linvestissement\/"]}]},{"@type":"ImageObject","inLanguage":"fr-FR","@id":"https:\/\/lasentinelle.dz\/index.php\/2021\/10\/25\/plf-2022-des-mesures-pour-la-promotion-de-linvestissement\/#primaryimage","url":"https:\/\/lasentinelle.dz\/wp-content\/uploads\/2021\/10\/image_2021-10-24_190054.png","contentUrl":"https:\/\/lasentinelle.dz\/wp-content\/uploads\/2021\/10\/image_2021-10-24_190054.png","width":668,"height":502},{"@type":"BreadcrumbList","@id":"https:\/\/lasentinelle.dz\/index.php\/2021\/10\/25\/plf-2022-des-mesures-pour-la-promotion-de-linvestissement\/#breadcrumb","itemListElement":[{"@type":"ListItem","position":1,"name":"Accueil","item":"https:\/\/lasentinelle.dz\/"},{"@type":"ListItem","position":2,"name":"PLF 2022 : Des mesures pour la promotion de l&rsquo;investissement"}]},{"@type":"WebSite","@id":"https:\/\/lasentinelle.dz\/#website","url":"https:\/\/lasentinelle.dz\/","name":"La Sentinelle","description":"Quotidien national d&#039;information","publisher":{"@id":"https:\/\/lasentinelle.dz\/#organization"},"potentialAction":[{"@type":"SearchAction","target":{"@type":"EntryPoint","urlTemplate":"https:\/\/lasentinelle.dz\/?s={search_term_string}"},"query-input":{"@type":"PropertyValueSpecification","valueRequired":true,"valueName":"search_term_string"}}],"inLanguage":"fr-FR"},{"@type":"Organization","@id":"https:\/\/lasentinelle.dz\/#organization","name":"Quotidien La Sentinelle","url":"https:\/\/lasentinelle.dz\/","logo":{"@type":"ImageObject","inLanguage":"fr-FR","@id":"https:\/\/lasentinelle.dz\/#\/schema\/logo\/image\/","url":"https:\/\/lasentinelle.dz\/wp-content\/uploads\/2021\/09\/logo-sentinelleSLOGAN-1.png","contentUrl":"https:\/\/lasentinelle.dz\/wp-content\/uploads\/2021\/09\/logo-sentinelleSLOGAN-1.png","width":615,"height":142,"caption":"Quotidien La Sentinelle"},"image":{"@id":"https:\/\/lasentinelle.dz\/#\/schema\/logo\/image\/"},"sameAs":["https:\/\/www.facebook.com\/La-Sentinelle-104059864394773"]},{"@type":"Person","@id":"https:\/\/lasentinelle.dz\/#\/schema\/person\/d865044e22e70a75174ce8bcad3acfb3","name":"La Sentinelle","image":{"@type":"ImageObject","inLanguage":"fr-FR","@id":"https:\/\/secure.gravatar.com\/avatar\/57de8e5d4b15d43fb361a71fbb36338450fe67865b528a43dd10ef7c51a20392?s=96&d=mm&r=g","url":"https:\/\/secure.gravatar.com\/avatar\/57de8e5d4b15d43fb361a71fbb36338450fe67865b528a43dd10ef7c51a20392?s=96&d=mm&r=g","contentUrl":"https:\/\/secure.gravatar.com\/avatar\/57de8e5d4b15d43fb361a71fbb36338450fe67865b528a43dd10ef7c51a20392?s=96&d=mm&r=g","caption":"La Sentinelle"},"sameAs":["http:\/\/www.lasentinelle.dz"],"url":"https:\/\/lasentinelle.dz\/author\/redaction\/"}]}},"_links":{"self":[{"href":"https:\/\/lasentinelle.dz\/index.php\/wp-json\/wp\/v2\/posts\/11445","targetHints":{"allow":["GET"]}}],"collection":[{"href":"https:\/\/lasentinelle.dz\/index.php\/wp-json\/wp\/v2\/posts"}],"about":[{"href":"https:\/\/lasentinelle.dz\/index.php\/wp-json\/wp\/v2\/types\/post"}],"author":[{"embeddable":true,"href":"https:\/\/lasentinelle.dz\/index.php\/wp-json\/wp\/v2\/users\/3"}],"replies":[{"embeddable":true,"href":"https:\/\/lasentinelle.dz\/index.php\/wp-json\/wp\/v2\/comments?post=11445"}],"version-history":[{"count":1,"href":"https:\/\/lasentinelle.dz\/index.php\/wp-json\/wp\/v2\/posts\/11445\/revisions"}],"predecessor-version":[{"id":11450,"href":"https:\/\/lasentinelle.dz\/index.php\/wp-json\/wp\/v2\/posts\/11445\/revisions\/11450"}],"wp:featuredmedia":[{"embeddable":true,"href":"https:\/\/lasentinelle.dz\/index.php\/wp-json\/wp\/v2\/media\/11449"}],"wp:attachment":[{"href":"https:\/\/lasentinelle.dz\/index.php\/wp-json\/wp\/v2\/media?parent=11445"}],"wp:term":[{"taxonomy":"category","embeddable":true,"href":"https:\/\/lasentinelle.dz\/index.php\/wp-json\/wp\/v2\/categories?post=11445"},{"taxonomy":"post_tag","embeddable":true,"href":"https:\/\/lasentinelle.dz\/index.php\/wp-json\/wp\/v2\/tags?post=11445"}],"curies":[{"name":"wp","href":"https:\/\/api.w.org\/{rel}","templated":true}]}}