{"id":11452,"date":"2021-10-25T00:05:00","date_gmt":"2021-10-24T23:05:00","guid":{"rendered":"https:\/\/lasentinelle.dz\/?p=11452"},"modified":"2021-10-24T20:20:40","modified_gmt":"2021-10-24T19:20:40","slug":"troisieme-operation-de-destockage-de-pomme-de-terre-freiner-la-hausse-des-prix","status":"publish","type":"post","link":"https:\/\/lasentinelle.dz\/index.php\/2021\/10\/25\/troisieme-operation-de-destockage-de-pomme-de-terre-freiner-la-hausse-des-prix\/","title":{"rendered":"Troisi\u00e8me op\u00e9ration de d\u00e9stockage de pomme de terre : Freiner la hausse des prix"},"content":{"rendered":"\n<p>Dans un communiqu\u00e9 rendu public hier, l\u2019Office national interprofessionnel des fruits et des viandes a annonc\u00e9 le lancement de la troisi\u00e8me op\u00e9ration de d\u00e9stockage de la pomme de terre&nbsp;pour approvisionner les march\u00e9s de gros et de d\u00e9tail o\u00f9 son prix sera plafonn\u00e9 \u00e0 50 dinars le kilogramme.<\/p>\n\n\n\n<p>Selon ce communiqu\u00e9, l\u2019Office a assur\u00e9 que cette op\u00e9ration qui concerne quatorze wilayas et qui se d\u00e9roule avec la participation d\u2019une soixantaine d\u2019op\u00e9rateurs conventionn\u00e9s permettra de mettre sur les march\u00e9s de grandes quantit\u00e9s de ce produit de large consommation \u00e0 m\u00eame de couvrir la tr\u00e8s forte demande actuelle. Aussi, l\u2019office national interprofessionnel des fruits et des viandes&nbsp;pr\u00e9cise que cette op\u00e9ration se d\u00e9roulant dans le cadre du dispositif Syrpalac se poursuivra et continuera \u00e0 approvisionner les march\u00e9s de ce produit dont le prix de vente ne d\u00e9passera les 50 dinars le kilogramme. L\u2019approvisionnement des march\u00e9s qui a d\u00e9but\u00e9 le 7 du mois d\u2019octobre, assure l\u2019Office, se poursuivra jusqu\u2019\u00e0 la fin de la p\u00e9riode interm\u00e9diaire situ\u00e9e entre la fin de la r\u00e9colte de la pomme et le d\u00e9but de la prochaine r\u00e9colte hivernale. Les wilayas qui seront concern\u00e9es par la troisi\u00e8me&nbsp;op\u00e9ration sont Alger, Blida, Tipaza, M\u00e9d\u00e9a, Boumerdes, Bouira, A\u00efn Defla, Chlef, Relizane, Mascara, Mostaganem, Sa\u00efda, Skikda et El Tarf. L\u2019op\u00e9ration s\u2019\u00e9tendra, ajoute le communiqu\u00e9, \u00e0 d\u2019autres r\u00e9gions du pays o\u00f9 la pomme de terre sera disponible dans les march\u00e9s de gros et de d\u00e9tail en plus des nouveaux points de vente qui seront cr\u00e9\u00e9s par le minist\u00e8re de l\u2019Agriculture et du d\u00e9veloppement rural. Rappelons que dans une d\u00e9claration \u00e0 l\u2019APS mercredi pass\u00e9 dernier, le directeur g\u00e9n\u00e9ral de l\u2019office national interprofessionnel des fruits et des viandes, Abdelaziz Ouch\u00e8ne&nbsp;avait estim\u00e9 les quantit\u00e9s de pommes de terre \u00e0 mettre sur les march\u00e9s \u00e0 100&nbsp;000 tonnes. Le m\u00eame responsable a assur\u00e9 que ces quantit\u00e9s dont le prix de vente ne d\u00e9passera pas les 50 dinars&nbsp;&nbsp;permettront de stabiliser le march\u00e9 via une vente directe impliquant les producteurs et les consommateurs sans passer par les interm\u00e9diaires. Cette op\u00e9ration lanc\u00e9e le 15 octobre se poursuivra, assure M. Ouch\u00e8ne, se poursuivra jusqu\u2019au 15 du mois de novembre prochain. En fait, explique le directeur g\u00e9n\u00e9ral de l\u2019office national interprofessionnel des fruits et des viandes, Abdelaziz Ouch\u00e8ne dans sa m\u00eame d\u00e9claration \u00e0 l\u2019APS que cette op\u00e9ration est habituelle et se d\u00e9roule chaque durant cette m\u00eame p\u00e9riode creuse intervenant entre deux p\u00e9riodes de production. Au nombre de deux, la premi\u00e8re op\u00e9ration est lanc\u00e9e chaque ann\u00e9e entre les mois de mars et avril alors que la seconde se d\u00e9roule entre le mois d\u2019octobre et le mois de novembre. A noter enfin, que le march\u00e9 a connu ces derni\u00e8res semaines une hausse vertigineuse des prix de plusieurs produits de large consommation dont la pomme de terre qui atteint les 120 dinars. Une hausse qui a grandement impact\u00e9s les bourses des m\u00e9nages.<\/p>\n\n\n\n<p><strong>Kamel Ait Ameur<\/strong><\/p>\n","protected":false},"excerpt":{"rendered":"<p>Dans un communiqu\u00e9 rendu public hier, l\u2019Office national interprofessionnel des fruits et des viandes a annonc\u00e9 le lancement de la<\/p>\n","protected":false},"author":2,"featured_media":11456,"comment_status":"open","ping_status":"closed","sticky":false,"template":"","format":"standard","meta":{"colormag_page_container_layout":"default_layout","colormag_page_sidebar_layout":"default_layout","om_disable_all_campaigns":false,"_monsterinsights_skip_tracking":false,"_monsterinsights_sitenote_active":false,"_monsterinsights_sitenote_note":"","_monsterinsights_sitenote_category":0,"footnotes":"","_wpscppro_dont_share_socialmedia":false,"_wpscppro_custom_social_share_image":0,"_facebook_share_type":"","_twitter_share_type":"","_linkedin_share_type":"","_pinterest_share_type":"","_linkedin_share_type_page":"","_instagram_share_type":"","_medium_share_type":"","_threads_share_type":"","_google_business_share_type":"","_selected_social_profile":[],"_wpsp_enable_custom_social_template":false,"_wpsp_social_scheduling":{"enabled":false,"datetime":null,"platforms":[],"status":"template_only","dateOption":"today","timeOption":"now","customDays":"","customHours":"","customDate":"","customTime":"","schedulingType":"absolute"},"_wpsp_active_default_template":true},"categories":[52,29],"tags":[],"class_list":["post-11452","post","type-post","status-publish","format-standard","has-post-thumbnail","hentry","category-a-la-une","category-economie"],"aioseo_notices":[],"yoast_head":"<!-- This site is optimized with the Yoast SEO plugin v27.5 - https:\/\/yoast.com\/product\/yoast-seo-wordpress\/ -->\n<title>Troisi\u00e8me op\u00e9ration de d\u00e9stockage de pomme de terre : Freiner la hausse des prix - La Sentinelle<\/title>\n<meta name=\"robots\" content=\"index, follow, max-snippet:-1, max-image-preview:large, max-video-preview:-1\" \/>\n<link rel=\"canonical\" href=\"https:\/\/lasentinelle.dz\/index.php\/2021\/10\/25\/troisieme-operation-de-destockage-de-pomme-de-terre-freiner-la-hausse-des-prix\/\" \/>\n<meta property=\"og:locale\" content=\"fr_FR\" \/>\n<meta property=\"og:type\" content=\"article\" \/>\n<meta property=\"og:title\" content=\"Troisi\u00e8me op\u00e9ration de d\u00e9stockage de pomme de terre : Freiner la hausse des prix - La Sentinelle\" \/>\n<meta property=\"og:description\" content=\"Dans un communiqu\u00e9 rendu public hier, l\u2019Office national interprofessionnel des fruits et des viandes a annonc\u00e9 le lancement de la\" \/>\n<meta property=\"og:url\" content=\"https:\/\/lasentinelle.dz\/index.php\/2021\/10\/25\/troisieme-operation-de-destockage-de-pomme-de-terre-freiner-la-hausse-des-prix\/\" \/>\n<meta property=\"og:site_name\" content=\"La Sentinelle\" \/>\n<meta property=\"article:publisher\" content=\"https:\/\/www.facebook.com\/La-Sentinelle-104059864394773\" \/>\n<meta property=\"article:published_time\" content=\"2021-10-24T23:05:00+00:00\" \/>\n<meta property=\"og:image\" content=\"https:\/\/lasentinelle.dz\/wp-content\/uploads\/2021\/10\/image_2021-10-24_190313.png\" \/>\n\t<meta property=\"og:image:width\" content=\"620\" \/>\n\t<meta property=\"og:image:height\" content=\"410\" \/>\n\t<meta property=\"og:image:type\" content=\"image\/png\" \/>\n<meta name=\"author\" content=\"Azzedine Belferag\" \/>\n<meta name=\"twitter:card\" content=\"summary_large_image\" \/>\n<meta name=\"twitter:label1\" content=\"\u00c9crit par\" \/>\n\t<meta name=\"twitter:data1\" content=\"Azzedine Belferag\" \/>\n\t<meta name=\"twitter:label2\" content=\"Dur\u00e9e de lecture estim\u00e9e\" \/>\n\t<meta name=\"twitter:data2\" content=\"3 minutes\" \/>\n<script type=\"application\/ld+json\" class=\"yoast-schema-graph\">{\"@context\":\"https:\\\/\\\/schema.org\",\"@graph\":[{\"@type\":\"Article\",\"@id\":\"https:\\\/\\\/lasentinelle.dz\\\/index.php\\\/2021\\\/10\\\/25\\\/troisieme-operation-de-destockage-de-pomme-de-terre-freiner-la-hausse-des-prix\\\/#article\",\"isPartOf\":{\"@id\":\"https:\\\/\\\/lasentinelle.dz\\\/index.php\\\/2021\\\/10\\\/25\\\/troisieme-operation-de-destockage-de-pomme-de-terre-freiner-la-hausse-des-prix\\\/\"},\"author\":{\"name\":\"Azzedine Belferag\",\"@id\":\"https:\\\/\\\/lasentinelle.dz\\\/#\\\/schema\\\/person\\\/e22c868643946ece5f328ac9d185b29f\"},\"headline\":\"Troisi\u00e8me op\u00e9ration de d\u00e9stockage de pomme de terre : Freiner la hausse des prix\",\"datePublished\":\"2021-10-24T23:05:00+00:00\",\"mainEntityOfPage\":{\"@id\":\"https:\\\/\\\/lasentinelle.dz\\\/index.php\\\/2021\\\/10\\\/25\\\/troisieme-operation-de-destockage-de-pomme-de-terre-freiner-la-hausse-des-prix\\\/\"},\"wordCount\":567,\"commentCount\":0,\"publisher\":{\"@id\":\"https:\\\/\\\/lasentinelle.dz\\\/#organization\"},\"image\":{\"@id\":\"https:\\\/\\\/lasentinelle.dz\\\/index.php\\\/2021\\\/10\\\/25\\\/troisieme-operation-de-destockage-de-pomme-de-terre-freiner-la-hausse-des-prix\\\/#primaryimage\"},\"thumbnailUrl\":\"https:\\\/\\\/lasentinelle.dz\\\/wp-content\\\/uploads\\\/2021\\\/10\\\/image_2021-10-24_190313.png\",\"articleSection\":[\"\u00c0 la Une\",\"\u00c9conomie\"],\"inLanguage\":\"fr-FR\",\"potentialAction\":[{\"@type\":\"CommentAction\",\"name\":\"Comment\",\"target\":[\"https:\\\/\\\/lasentinelle.dz\\\/index.php\\\/2021\\\/10\\\/25\\\/troisieme-operation-de-destockage-de-pomme-de-terre-freiner-la-hausse-des-prix\\\/#respond\"]}]},{\"@type\":\"WebPage\",\"@id\":\"https:\\\/\\\/lasentinelle.dz\\\/index.php\\\/2021\\\/10\\\/25\\\/troisieme-operation-de-destockage-de-pomme-de-terre-freiner-la-hausse-des-prix\\\/\",\"url\":\"https:\\\/\\\/lasentinelle.dz\\\/index.php\\\/2021\\\/10\\\/25\\\/troisieme-operation-de-destockage-de-pomme-de-terre-freiner-la-hausse-des-prix\\\/\",\"name\":\"Troisi\u00e8me op\u00e9ration de d\u00e9stockage de pomme de terre : Freiner la hausse des prix - La Sentinelle\",\"isPartOf\":{\"@id\":\"https:\\\/\\\/lasentinelle.dz\\\/#website\"},\"primaryImageOfPage\":{\"@id\":\"https:\\\/\\\/lasentinelle.dz\\\/index.php\\\/2021\\\/10\\\/25\\\/troisieme-operation-de-destockage-de-pomme-de-terre-freiner-la-hausse-des-prix\\\/#primaryimage\"},\"image\":{\"@id\":\"https:\\\/\\\/lasentinelle.dz\\\/index.php\\\/2021\\\/10\\\/25\\\/troisieme-operation-de-destockage-de-pomme-de-terre-freiner-la-hausse-des-prix\\\/#primaryimage\"},\"thumbnailUrl\":\"https:\\\/\\\/lasentinelle.dz\\\/wp-content\\\/uploads\\\/2021\\\/10\\\/image_2021-10-24_190313.png\",\"datePublished\":\"2021-10-24T23:05:00+00:00\",\"breadcrumb\":{\"@id\":\"https:\\\/\\\/lasentinelle.dz\\\/index.php\\\/2021\\\/10\\\/25\\\/troisieme-operation-de-destockage-de-pomme-de-terre-freiner-la-hausse-des-prix\\\/#breadcrumb\"},\"inLanguage\":\"fr-FR\",\"potentialAction\":[{\"@type\":\"ReadAction\",\"target\":[\"https:\\\/\\\/lasentinelle.dz\\\/index.php\\\/2021\\\/10\\\/25\\\/troisieme-operation-de-destockage-de-pomme-de-terre-freiner-la-hausse-des-prix\\\/\"]}]},{\"@type\":\"ImageObject\",\"inLanguage\":\"fr-FR\",\"@id\":\"https:\\\/\\\/lasentinelle.dz\\\/index.php\\\/2021\\\/10\\\/25\\\/troisieme-operation-de-destockage-de-pomme-de-terre-freiner-la-hausse-des-prix\\\/#primaryimage\",\"url\":\"https:\\\/\\\/lasentinelle.dz\\\/wp-content\\\/uploads\\\/2021\\\/10\\\/image_2021-10-24_190313.png\",\"contentUrl\":\"https:\\\/\\\/lasentinelle.dz\\\/wp-content\\\/uploads\\\/2021\\\/10\\\/image_2021-10-24_190313.png\",\"width\":620,\"height\":410},{\"@type\":\"BreadcrumbList\",\"@id\":\"https:\\\/\\\/lasentinelle.dz\\\/index.php\\\/2021\\\/10\\\/25\\\/troisieme-operation-de-destockage-de-pomme-de-terre-freiner-la-hausse-des-prix\\\/#breadcrumb\",\"itemListElement\":[{\"@type\":\"ListItem\",\"position\":1,\"name\":\"Accueil\",\"item\":\"https:\\\/\\\/lasentinelle.dz\\\/\"},{\"@type\":\"ListItem\",\"position\":2,\"name\":\"Troisi\u00e8me op\u00e9ration de d\u00e9stockage de pomme de terre : Freiner la hausse des prix\"}]},{\"@type\":\"WebSite\",\"@id\":\"https:\\\/\\\/lasentinelle.dz\\\/#website\",\"url\":\"https:\\\/\\\/lasentinelle.dz\\\/\",\"name\":\"La Sentinelle\",\"description\":\"Quotidien national d&#039;information\",\"publisher\":{\"@id\":\"https:\\\/\\\/lasentinelle.dz\\\/#organization\"},\"potentialAction\":[{\"@type\":\"SearchAction\",\"target\":{\"@type\":\"EntryPoint\",\"urlTemplate\":\"https:\\\/\\\/lasentinelle.dz\\\/?s={search_term_string}\"},\"query-input\":{\"@type\":\"PropertyValueSpecification\",\"valueRequired\":true,\"valueName\":\"search_term_string\"}}],\"inLanguage\":\"fr-FR\"},{\"@type\":\"Organization\",\"@id\":\"https:\\\/\\\/lasentinelle.dz\\\/#organization\",\"name\":\"Quotidien La Sentinelle\",\"url\":\"https:\\\/\\\/lasentinelle.dz\\\/\",\"logo\":{\"@type\":\"ImageObject\",\"inLanguage\":\"fr-FR\",\"@id\":\"https:\\\/\\\/lasentinelle.dz\\\/#\\\/schema\\\/logo\\\/image\\\/\",\"url\":\"https:\\\/\\\/lasentinelle.dz\\\/wp-content\\\/uploads\\\/2021\\\/09\\\/logo-sentinelleSLOGAN-1.png\",\"contentUrl\":\"https:\\\/\\\/lasentinelle.dz\\\/wp-content\\\/uploads\\\/2021\\\/09\\\/logo-sentinelleSLOGAN-1.png\",\"width\":615,\"height\":142,\"caption\":\"Quotidien La Sentinelle\"},\"image\":{\"@id\":\"https:\\\/\\\/lasentinelle.dz\\\/#\\\/schema\\\/logo\\\/image\\\/\"},\"sameAs\":[\"https:\\\/\\\/www.facebook.com\\\/La-Sentinelle-104059864394773\"]},{\"@type\":\"Person\",\"@id\":\"https:\\\/\\\/lasentinelle.dz\\\/#\\\/schema\\\/person\\\/e22c868643946ece5f328ac9d185b29f\",\"name\":\"Azzedine Belferag\",\"image\":{\"@type\":\"ImageObject\",\"inLanguage\":\"fr-FR\",\"@id\":\"https:\\\/\\\/secure.gravatar.com\\\/avatar\\\/767ecc3bfcf23cd6d0dae1705f124feb13a88fded1daa56498e4fb3aa3fc36a1?s=96&d=mm&r=g\",\"url\":\"https:\\\/\\\/secure.gravatar.com\\\/avatar\\\/767ecc3bfcf23cd6d0dae1705f124feb13a88fded1daa56498e4fb3aa3fc36a1?s=96&d=mm&r=g\",\"contentUrl\":\"https:\\\/\\\/secure.gravatar.com\\\/avatar\\\/767ecc3bfcf23cd6d0dae1705f124feb13a88fded1daa56498e4fb3aa3fc36a1?s=96&d=mm&r=g\",\"caption\":\"Azzedine Belferag\"},\"sameAs\":[\"http:\\\/\\\/www.lasentinelle.dz\"],\"url\":\"https:\\\/\\\/lasentinelle.dz\\\/author\\\/belferag\\\/\"}]}<\/script>\n<!-- \/ Yoast SEO plugin. -->","yoast_head_json":{"title":"Troisi\u00e8me op\u00e9ration de d\u00e9stockage de pomme de terre : Freiner la hausse des prix - La Sentinelle","robots":{"index":"index","follow":"follow","max-snippet":"max-snippet:-1","max-image-preview":"max-image-preview:large","max-video-preview":"max-video-preview:-1"},"canonical":"https:\/\/lasentinelle.dz\/index.php\/2021\/10\/25\/troisieme-operation-de-destockage-de-pomme-de-terre-freiner-la-hausse-des-prix\/","og_locale":"fr_FR","og_type":"article","og_title":"Troisi\u00e8me op\u00e9ration de d\u00e9stockage de pomme de terre : Freiner la hausse des prix - La Sentinelle","og_description":"Dans un communiqu\u00e9 rendu public hier, l\u2019Office national interprofessionnel des fruits et des viandes a annonc\u00e9 le lancement de la","og_url":"https:\/\/lasentinelle.dz\/index.php\/2021\/10\/25\/troisieme-operation-de-destockage-de-pomme-de-terre-freiner-la-hausse-des-prix\/","og_site_name":"La Sentinelle","article_publisher":"https:\/\/www.facebook.com\/La-Sentinelle-104059864394773","article_published_time":"2021-10-24T23:05:00+00:00","og_image":[{"width":620,"height":410,"url":"https:\/\/lasentinelle.dz\/wp-content\/uploads\/2021\/10\/image_2021-10-24_190313.png","type":"image\/png"}],"author":"Azzedine Belferag","twitter_card":"summary_large_image","twitter_misc":{"\u00c9crit par":"Azzedine Belferag","Dur\u00e9e de lecture estim\u00e9e":"3 minutes"},"schema":{"@context":"https:\/\/schema.org","@graph":[{"@type":"Article","@id":"https:\/\/lasentinelle.dz\/index.php\/2021\/10\/25\/troisieme-operation-de-destockage-de-pomme-de-terre-freiner-la-hausse-des-prix\/#article","isPartOf":{"@id":"https:\/\/lasentinelle.dz\/index.php\/2021\/10\/25\/troisieme-operation-de-destockage-de-pomme-de-terre-freiner-la-hausse-des-prix\/"},"author":{"name":"Azzedine Belferag","@id":"https:\/\/lasentinelle.dz\/#\/schema\/person\/e22c868643946ece5f328ac9d185b29f"},"headline":"Troisi\u00e8me op\u00e9ration de d\u00e9stockage de pomme de terre : Freiner la hausse des prix","datePublished":"2021-10-24T23:05:00+00:00","mainEntityOfPage":{"@id":"https:\/\/lasentinelle.dz\/index.php\/2021\/10\/25\/troisieme-operation-de-destockage-de-pomme-de-terre-freiner-la-hausse-des-prix\/"},"wordCount":567,"commentCount":0,"publisher":{"@id":"https:\/\/lasentinelle.dz\/#organization"},"image":{"@id":"https:\/\/lasentinelle.dz\/index.php\/2021\/10\/25\/troisieme-operation-de-destockage-de-pomme-de-terre-freiner-la-hausse-des-prix\/#primaryimage"},"thumbnailUrl":"https:\/\/lasentinelle.dz\/wp-content\/uploads\/2021\/10\/image_2021-10-24_190313.png","articleSection":["\u00c0 la Une","\u00c9conomie"],"inLanguage":"fr-FR","potentialAction":[{"@type":"CommentAction","name":"Comment","target":["https:\/\/lasentinelle.dz\/index.php\/2021\/10\/25\/troisieme-operation-de-destockage-de-pomme-de-terre-freiner-la-hausse-des-prix\/#respond"]}]},{"@type":"WebPage","@id":"https:\/\/lasentinelle.dz\/index.php\/2021\/10\/25\/troisieme-operation-de-destockage-de-pomme-de-terre-freiner-la-hausse-des-prix\/","url":"https:\/\/lasentinelle.dz\/index.php\/2021\/10\/25\/troisieme-operation-de-destockage-de-pomme-de-terre-freiner-la-hausse-des-prix\/","name":"Troisi\u00e8me op\u00e9ration de d\u00e9stockage de pomme de terre : Freiner la hausse des prix - La Sentinelle","isPartOf":{"@id":"https:\/\/lasentinelle.dz\/#website"},"primaryImageOfPage":{"@id":"https:\/\/lasentinelle.dz\/index.php\/2021\/10\/25\/troisieme-operation-de-destockage-de-pomme-de-terre-freiner-la-hausse-des-prix\/#primaryimage"},"image":{"@id":"https:\/\/lasentinelle.dz\/index.php\/2021\/10\/25\/troisieme-operation-de-destockage-de-pomme-de-terre-freiner-la-hausse-des-prix\/#primaryimage"},"thumbnailUrl":"https:\/\/lasentinelle.dz\/wp-content\/uploads\/2021\/10\/image_2021-10-24_190313.png","datePublished":"2021-10-24T23:05:00+00:00","breadcrumb":{"@id":"https:\/\/lasentinelle.dz\/index.php\/2021\/10\/25\/troisieme-operation-de-destockage-de-pomme-de-terre-freiner-la-hausse-des-prix\/#breadcrumb"},"inLanguage":"fr-FR","potentialAction":[{"@type":"ReadAction","target":["https:\/\/lasentinelle.dz\/index.php\/2021\/10\/25\/troisieme-operation-de-destockage-de-pomme-de-terre-freiner-la-hausse-des-prix\/"]}]},{"@type":"ImageObject","inLanguage":"fr-FR","@id":"https:\/\/lasentinelle.dz\/index.php\/2021\/10\/25\/troisieme-operation-de-destockage-de-pomme-de-terre-freiner-la-hausse-des-prix\/#primaryimage","url":"https:\/\/lasentinelle.dz\/wp-content\/uploads\/2021\/10\/image_2021-10-24_190313.png","contentUrl":"https:\/\/lasentinelle.dz\/wp-content\/uploads\/2021\/10\/image_2021-10-24_190313.png","width":620,"height":410},{"@type":"BreadcrumbList","@id":"https:\/\/lasentinelle.dz\/index.php\/2021\/10\/25\/troisieme-operation-de-destockage-de-pomme-de-terre-freiner-la-hausse-des-prix\/#breadcrumb","itemListElement":[{"@type":"ListItem","position":1,"name":"Accueil","item":"https:\/\/lasentinelle.dz\/"},{"@type":"ListItem","position":2,"name":"Troisi\u00e8me op\u00e9ration de d\u00e9stockage de pomme de terre : Freiner la hausse des prix"}]},{"@type":"WebSite","@id":"https:\/\/lasentinelle.dz\/#website","url":"https:\/\/lasentinelle.dz\/","name":"La Sentinelle","description":"Quotidien national d&#039;information","publisher":{"@id":"https:\/\/lasentinelle.dz\/#organization"},"potentialAction":[{"@type":"SearchAction","target":{"@type":"EntryPoint","urlTemplate":"https:\/\/lasentinelle.dz\/?s={search_term_string}"},"query-input":{"@type":"PropertyValueSpecification","valueRequired":true,"valueName":"search_term_string"}}],"inLanguage":"fr-FR"},{"@type":"Organization","@id":"https:\/\/lasentinelle.dz\/#organization","name":"Quotidien La Sentinelle","url":"https:\/\/lasentinelle.dz\/","logo":{"@type":"ImageObject","inLanguage":"fr-FR","@id":"https:\/\/lasentinelle.dz\/#\/schema\/logo\/image\/","url":"https:\/\/lasentinelle.dz\/wp-content\/uploads\/2021\/09\/logo-sentinelleSLOGAN-1.png","contentUrl":"https:\/\/lasentinelle.dz\/wp-content\/uploads\/2021\/09\/logo-sentinelleSLOGAN-1.png","width":615,"height":142,"caption":"Quotidien La Sentinelle"},"image":{"@id":"https:\/\/lasentinelle.dz\/#\/schema\/logo\/image\/"},"sameAs":["https:\/\/www.facebook.com\/La-Sentinelle-104059864394773"]},{"@type":"Person","@id":"https:\/\/lasentinelle.dz\/#\/schema\/person\/e22c868643946ece5f328ac9d185b29f","name":"Azzedine Belferag","image":{"@type":"ImageObject","inLanguage":"fr-FR","@id":"https:\/\/secure.gravatar.com\/avatar\/767ecc3bfcf23cd6d0dae1705f124feb13a88fded1daa56498e4fb3aa3fc36a1?s=96&d=mm&r=g","url":"https:\/\/secure.gravatar.com\/avatar\/767ecc3bfcf23cd6d0dae1705f124feb13a88fded1daa56498e4fb3aa3fc36a1?s=96&d=mm&r=g","contentUrl":"https:\/\/secure.gravatar.com\/avatar\/767ecc3bfcf23cd6d0dae1705f124feb13a88fded1daa56498e4fb3aa3fc36a1?s=96&d=mm&r=g","caption":"Azzedine Belferag"},"sameAs":["http:\/\/www.lasentinelle.dz"],"url":"https:\/\/lasentinelle.dz\/author\/belferag\/"}]}},"_links":{"self":[{"href":"https:\/\/lasentinelle.dz\/index.php\/wp-json\/wp\/v2\/posts\/11452","targetHints":{"allow":["GET"]}}],"collection":[{"href":"https:\/\/lasentinelle.dz\/index.php\/wp-json\/wp\/v2\/posts"}],"about":[{"href":"https:\/\/lasentinelle.dz\/index.php\/wp-json\/wp\/v2\/types\/post"}],"author":[{"embeddable":true,"href":"https:\/\/lasentinelle.dz\/index.php\/wp-json\/wp\/v2\/users\/2"}],"replies":[{"embeddable":true,"href":"https:\/\/lasentinelle.dz\/index.php\/wp-json\/wp\/v2\/comments?post=11452"}],"version-history":[{"count":1,"href":"https:\/\/lasentinelle.dz\/index.php\/wp-json\/wp\/v2\/posts\/11452\/revisions"}],"predecessor-version":[{"id":11460,"href":"https:\/\/lasentinelle.dz\/index.php\/wp-json\/wp\/v2\/posts\/11452\/revisions\/11460"}],"wp:featuredmedia":[{"embeddable":true,"href":"https:\/\/lasentinelle.dz\/index.php\/wp-json\/wp\/v2\/media\/11456"}],"wp:attachment":[{"href":"https:\/\/lasentinelle.dz\/index.php\/wp-json\/wp\/v2\/media?parent=11452"}],"wp:term":[{"taxonomy":"category","embeddable":true,"href":"https:\/\/lasentinelle.dz\/index.php\/wp-json\/wp\/v2\/categories?post=11452"},{"taxonomy":"post_tag","embeddable":true,"href":"https:\/\/lasentinelle.dz\/index.php\/wp-json\/wp\/v2\/tags?post=11452"}],"curies":[{"name":"wp","href":"https:\/\/api.w.org\/{rel}","templated":true}]}}