{"id":11469,"date":"2021-10-25T00:05:00","date_gmt":"2021-10-24T23:05:00","guid":{"rendered":"https:\/\/lasentinelle.dz\/?p=11469"},"modified":"2021-10-24T20:12:33","modified_gmt":"2021-10-24T19:12:33","slug":"candidatures-aux-elections-locales-les-raisons-des-rejets","status":"publish","type":"post","link":"https:\/\/lasentinelle.dz\/index.php\/2021\/10\/25\/candidatures-aux-elections-locales-les-raisons-des-rejets\/","title":{"rendered":"Candidatures aux \u00e9lections locales : Les raisons des rejets"},"content":{"rendered":"\n<p>Le rejet des listes de candidats aux prochaines locales fait d\u00e9bat depuis quelques jours. Les partis accusent, tandis que l\u2019Autorit\u00e9 nationale ind\u00e9pendante des \u00e9lections s\u2019en tient au processus \u00e9tabli par le nouveau r\u00e9gime \u00e9lectoral et s\u2019emp\u00eache tout commentaire. L\u2019Anie attend la fin des recours introduits en Justice avant d\u2019annoncer le verdict d\u00e9finitif qui devra valider les candidatures. Cependant, au-del\u00e0 du discours politique, qui parfois emprunte des raccourcis, voire virer \u00e0 la surench\u00e8re, le rejet des candidatures est-il &nbsp;la cons\u00e9quence d\u2019un nouveau cadre r\u00e8glementaire qui n\u00e9cessit\u00e9 qu\u2019on l\u2019adapte ou qu\u2019on s\u2019y adapte, ou cache-t-il des ph\u00e9nom\u00e8nes plus graves. Au-del\u00e0 des candidatures rejet\u00e9es pour des motifs purement administratif et qui ont d\u2019ailleurs \u00e9t\u00e9 rep\u00each\u00e9es par les tribunaux administratifs, certaines exclusions sont motiv\u00e9es par des crit\u00e8res tout ce qu\u2019il y a de plus objectif. &nbsp;L\u2019Anie, qui s\u2019appuie sur l\u2019article 184 de la loi organique portant r\u00e9gime \u00e9lectoral et sur les rapports des services de s\u00e9curit\u00e9 a manag\u00e9 de se d\u00e9barrasser des candidats ayant eu des d\u00e9m\u00eal\u00e9s avec la Justice, ou qui ont des liens avec les r\u00e9seaux de l\u2019argent sale. Dans plusieurs communes du pays les candidatures d\u2019ex-P\/APC ont \u00e9t\u00e9 rejet\u00e9es pour leur gestion pass\u00e9e de leur commune et qui leur a valu un passage \u00e0 la case prison. On peut citer l\u2019exemple de Skikda ou des candidats du FLN, du RND et du Front El Moustakbal ont \u00e9t\u00e9 exclus pour ces motifs. C\u2019est aussi le cas \u00e0 B\u00e9ja\u00efa o\u00f9 l\u2019ex-maire de Tichy qui s\u2019est pr\u00e9sent\u00e9 sur une liste FFS a \u00e9t\u00e9 consid\u00e9r\u00e9 comme persona non grata. Ainsi tout comme les \u00e9lections l\u00e9gislatives, les \u00e9lections locales semblent \u00eatre l\u2019occasion idoine pour les r\u00e9sidus de la Issaba de se recycler dans les nouvelles institutions, si ce n\u2019est la vigilance des organes mis en place pour le suivi de l\u2019op\u00e9ration \u00e9lectorale. Il est d\u2019ailleurs utile de rappeler le propos du pr\u00e9sident de la R\u00e9publique, Abdelmadjid Tebboune, qui a affirm\u00e9 lors de la r\u00e9union Gouvernement-Walis que pas moins de 750 candidats issus de la Issaba avaient tent\u00e9 d\u2019infiltrer le processus \u00e9lectoral l\u00e9gislatif avant d\u2019\u00eatre d\u00e9busqu\u00e9s par l\u2019Anie.<\/p>\n\n\n\n<p><strong>MAK et Rachad en embuscade<\/strong><\/p>\n\n\n\n<p>Mais au-del\u00e0, le plus grave est la mani\u00e8re dont des organisations terroristes comme Rachad et le MAK ont tent\u00e9 d\u2019infiltrer les institutions de la R\u00e9publique via le processus \u00e9lectoral. Les propos tenus par le chef de file du MSP, Abderzak Mokri, au cours de la conf\u00e9rence de presse qu\u2019il avait organis\u00e9 &nbsp;il y a de cela quelques jours, ont ainsi permis d\u2019en prendre pleinement conscience. Le chef du MSP qui esp\u00e9rait fustiger l\u2019Autorit\u00e9 nationale ind\u00e9pendante des \u00e9lections s\u2019\u00e9tait outr\u00e9 du rejet de certaines candidatures pour appartenance \u00e0 une organisation terroriste. Et pourtant, c\u2019\u00e9tait loin d\u2019\u00eatre le fruit de l\u2019imagination de l\u2019Anie et encore moins une vue de l\u2019esprit, car certains candidats \u00e0 la candidature avaient bel et bien des liens avec Rachad et le MAK et ce qui a d\u2019ailleurs justifi\u00e9 leur exclusion. C\u2019est d\u2019ailleurs le cas \u00e0 B\u00e9ja\u00efa o\u00f9 certains d\u2019entre eux ont essay\u00e9 de confectionner des listes ind\u00e9pendantes. C\u2019est ce que nous avons appris de sources s\u00e9curitaires, qui affirment que ces listes <strong>\u00abnon partisanes\u00bb<\/strong> rejet\u00e9es par l\u2019ANIE, au niveau de certaines wilayas de Kabylie, s\u2019av\u00e8rent \u00eatre affili\u00e9es au MAK. Nos sources citent entre autre, une liste \u00e9tablie par un avocat, qui apr\u00e8s enqu\u00eate s\u2019av\u00e8re&nbsp; \u00eatre en personne, proche du mouvement s\u00e9paratiste dirig\u00e9 par Ferhat M\u2019Henni.&nbsp; Un rejet qui a fait les choux gras de la presse, qui s\u2019interrogeait&nbsp; il ya une semaine sur les motifs ayant conduit au rejet de cette liste \u00abind\u00e9pendante\u00bb. Un \u00e9l\u00e9ment de plus qui permet de mieux comprendre comment cette organisation terroriste tente de saboter le processus \u00e9lectoral et de le d\u00e9voyer. Il est d\u2019ailleurs utile de rappeler dans ce contexte l\u2019op\u00e9ration des services de s\u00e9curit\u00e9 qui a men\u00e9 \u00e0 l\u2019arrestation de membres du MAK dans la r\u00e9gion de Kherrata et de Beni Ourtilane, le mois d\u2019aout dernier et qui gr\u00e2ce aux perquisitions op\u00e9r\u00e9es en leur domicile, a permis la d\u00e9couverte de cachets humides portant la mention \u00aba vot\u00e9\u00bb en plus d\u2019autres documents subversifs prouvant l\u2019appartenance de ces \u00e9l\u00e9ments au MAK. Pour en savoir plus, nous nous sommes rapproch\u00e9s de certains responsables en lien avec la pr\u00e9paration des \u00e9lections locales pr\u00e9vues pour le 27 novembre prochain et l\u00e0 nous avons pris conscience de certaines craintes au sein des partis qui pris un certain nombre de pr\u00e9cautions \u00e0 ce propos. <strong>\u00abDes noms ont \u00e9t\u00e9 rejet\u00e9s pour leur appartenance \u00e0 Rachad et au MAK\u00bb,<\/strong> nous ont r\u00e9v\u00e9l\u00e9s des enqu\u00eateurs qui affirment que ces noms n\u2019ont pas \u00e9t\u00e9 retenus, avant m\u00eame que les listes ne soient d\u00e9pos\u00e9es au niveau des d\u00e9l\u00e9gations de wilaya de l\u2019ANIE. <strong>\u00abIls savaient que ces noms avaient un lien direct ou indirect avec Rachad et le MAK alors ceux qui ont commenc\u00e9 \u00e0 recueillir les candidatures ont vite compris qu\u2019il fallait s\u2019en s\u00e9parer\u00bb<\/strong>, r\u00e9v\u00e8lent des sources s\u00e9curitaires.<\/p>\n\n\n\n<p><strong>Idir Yaghmourassen<\/strong><\/p>\n","protected":false},"excerpt":{"rendered":"<p>Le rejet des listes de candidats aux prochaines locales fait d\u00e9bat depuis quelques jours. Les partis accusent, tandis que l\u2019Autorit\u00e9<\/p>\n","protected":false},"author":3,"featured_media":11475,"comment_status":"open","ping_status":"closed","sticky":false,"template":"","format":"standard","meta":{"colormag_page_container_layout":"default_layout","colormag_page_sidebar_layout":"default_layout","om_disable_all_campaigns":false,"_monsterinsights_skip_tracking":false,"_monsterinsights_sitenote_active":false,"_monsterinsights_sitenote_note":"","_monsterinsights_sitenote_category":0,"footnotes":"","_wpscppro_dont_share_socialmedia":false,"_wpscppro_custom_social_share_image":0,"_facebook_share_type":"","_twitter_share_type":"","_linkedin_share_type":"","_pinterest_share_type":"","_linkedin_share_type_page":"","_instagram_share_type":"","_medium_share_type":"","_threads_share_type":"","_google_business_share_type":"","_selected_social_profile":[],"_wpsp_enable_custom_social_template":false,"_wpsp_social_scheduling":{"enabled":false,"datetime":null,"platforms":[],"status":"template_only","dateOption":"today","timeOption":"now","customDays":"","customHours":"","customDate":"","customTime":"","schedulingType":"absolute"},"_wpsp_active_default_template":true},"categories":[52,27],"tags":[],"class_list":["post-11469","post","type-post","status-publish","format-standard","has-post-thumbnail","hentry","category-a-la-une","category-actualite"],"aioseo_notices":[],"yoast_head":"<!-- This site is optimized with the Yoast SEO plugin v27.5 - https:\/\/yoast.com\/product\/yoast-seo-wordpress\/ -->\n<title>Candidatures aux \u00e9lections locales : Les raisons des rejets - La Sentinelle<\/title>\n<meta name=\"robots\" content=\"index, follow, max-snippet:-1, max-image-preview:large, max-video-preview:-1\" \/>\n<link rel=\"canonical\" href=\"https:\/\/lasentinelle.dz\/index.php\/2021\/10\/25\/candidatures-aux-elections-locales-les-raisons-des-rejets\/\" \/>\n<meta property=\"og:locale\" content=\"fr_FR\" \/>\n<meta property=\"og:type\" content=\"article\" \/>\n<meta property=\"og:title\" content=\"Candidatures aux \u00e9lections locales : Les raisons des rejets - La Sentinelle\" \/>\n<meta property=\"og:description\" content=\"Le rejet des listes de candidats aux prochaines locales fait d\u00e9bat depuis quelques jours. Les partis accusent, tandis que l\u2019Autorit\u00e9\" \/>\n<meta property=\"og:url\" content=\"https:\/\/lasentinelle.dz\/index.php\/2021\/10\/25\/candidatures-aux-elections-locales-les-raisons-des-rejets\/\" \/>\n<meta property=\"og:site_name\" content=\"La Sentinelle\" \/>\n<meta property=\"article:publisher\" content=\"https:\/\/www.facebook.com\/La-Sentinelle-104059864394773\" \/>\n<meta property=\"article:published_time\" content=\"2021-10-24T23:05:00+00:00\" \/>\n<meta property=\"og:image\" content=\"https:\/\/lasentinelle.dz\/wp-content\/uploads\/2021\/10\/image_2021-10-24_201215.png\" \/>\n\t<meta property=\"og:image:width\" content=\"567\" \/>\n\t<meta property=\"og:image:height\" content=\"421\" \/>\n\t<meta property=\"og:image:type\" content=\"image\/png\" \/>\n<meta name=\"author\" content=\"La Sentinelle\" \/>\n<meta name=\"twitter:card\" content=\"summary_large_image\" \/>\n<meta name=\"twitter:label1\" content=\"\u00c9crit par\" \/>\n\t<meta name=\"twitter:data1\" content=\"La Sentinelle\" \/>\n\t<meta name=\"twitter:label2\" content=\"Dur\u00e9e de lecture estim\u00e9e\" \/>\n\t<meta name=\"twitter:data2\" content=\"4 minutes\" \/>\n<script type=\"application\/ld+json\" class=\"yoast-schema-graph\">{\"@context\":\"https:\\\/\\\/schema.org\",\"@graph\":[{\"@type\":\"Article\",\"@id\":\"https:\\\/\\\/lasentinelle.dz\\\/index.php\\\/2021\\\/10\\\/25\\\/candidatures-aux-elections-locales-les-raisons-des-rejets\\\/#article\",\"isPartOf\":{\"@id\":\"https:\\\/\\\/lasentinelle.dz\\\/index.php\\\/2021\\\/10\\\/25\\\/candidatures-aux-elections-locales-les-raisons-des-rejets\\\/\"},\"author\":{\"name\":\"La Sentinelle\",\"@id\":\"https:\\\/\\\/lasentinelle.dz\\\/#\\\/schema\\\/person\\\/d865044e22e70a75174ce8bcad3acfb3\"},\"headline\":\"Candidatures aux \u00e9lections locales : Les raisons des rejets\",\"datePublished\":\"2021-10-24T23:05:00+00:00\",\"mainEntityOfPage\":{\"@id\":\"https:\\\/\\\/lasentinelle.dz\\\/index.php\\\/2021\\\/10\\\/25\\\/candidatures-aux-elections-locales-les-raisons-des-rejets\\\/\"},\"wordCount\":945,\"commentCount\":0,\"publisher\":{\"@id\":\"https:\\\/\\\/lasentinelle.dz\\\/#organization\"},\"image\":{\"@id\":\"https:\\\/\\\/lasentinelle.dz\\\/index.php\\\/2021\\\/10\\\/25\\\/candidatures-aux-elections-locales-les-raisons-des-rejets\\\/#primaryimage\"},\"thumbnailUrl\":\"https:\\\/\\\/lasentinelle.dz\\\/wp-content\\\/uploads\\\/2021\\\/10\\\/image_2021-10-24_201215.png\",\"articleSection\":[\"\u00c0 la Une\",\"Actualit\u00e9\"],\"inLanguage\":\"fr-FR\",\"potentialAction\":[{\"@type\":\"CommentAction\",\"name\":\"Comment\",\"target\":[\"https:\\\/\\\/lasentinelle.dz\\\/index.php\\\/2021\\\/10\\\/25\\\/candidatures-aux-elections-locales-les-raisons-des-rejets\\\/#respond\"]}]},{\"@type\":\"WebPage\",\"@id\":\"https:\\\/\\\/lasentinelle.dz\\\/index.php\\\/2021\\\/10\\\/25\\\/candidatures-aux-elections-locales-les-raisons-des-rejets\\\/\",\"url\":\"https:\\\/\\\/lasentinelle.dz\\\/index.php\\\/2021\\\/10\\\/25\\\/candidatures-aux-elections-locales-les-raisons-des-rejets\\\/\",\"name\":\"Candidatures aux \u00e9lections locales : Les raisons des rejets - La Sentinelle\",\"isPartOf\":{\"@id\":\"https:\\\/\\\/lasentinelle.dz\\\/#website\"},\"primaryImageOfPage\":{\"@id\":\"https:\\\/\\\/lasentinelle.dz\\\/index.php\\\/2021\\\/10\\\/25\\\/candidatures-aux-elections-locales-les-raisons-des-rejets\\\/#primaryimage\"},\"image\":{\"@id\":\"https:\\\/\\\/lasentinelle.dz\\\/index.php\\\/2021\\\/10\\\/25\\\/candidatures-aux-elections-locales-les-raisons-des-rejets\\\/#primaryimage\"},\"thumbnailUrl\":\"https:\\\/\\\/lasentinelle.dz\\\/wp-content\\\/uploads\\\/2021\\\/10\\\/image_2021-10-24_201215.png\",\"datePublished\":\"2021-10-24T23:05:00+00:00\",\"breadcrumb\":{\"@id\":\"https:\\\/\\\/lasentinelle.dz\\\/index.php\\\/2021\\\/10\\\/25\\\/candidatures-aux-elections-locales-les-raisons-des-rejets\\\/#breadcrumb\"},\"inLanguage\":\"fr-FR\",\"potentialAction\":[{\"@type\":\"ReadAction\",\"target\":[\"https:\\\/\\\/lasentinelle.dz\\\/index.php\\\/2021\\\/10\\\/25\\\/candidatures-aux-elections-locales-les-raisons-des-rejets\\\/\"]}]},{\"@type\":\"ImageObject\",\"inLanguage\":\"fr-FR\",\"@id\":\"https:\\\/\\\/lasentinelle.dz\\\/index.php\\\/2021\\\/10\\\/25\\\/candidatures-aux-elections-locales-les-raisons-des-rejets\\\/#primaryimage\",\"url\":\"https:\\\/\\\/lasentinelle.dz\\\/wp-content\\\/uploads\\\/2021\\\/10\\\/image_2021-10-24_201215.png\",\"contentUrl\":\"https:\\\/\\\/lasentinelle.dz\\\/wp-content\\\/uploads\\\/2021\\\/10\\\/image_2021-10-24_201215.png\",\"width\":567,\"height\":421},{\"@type\":\"BreadcrumbList\",\"@id\":\"https:\\\/\\\/lasentinelle.dz\\\/index.php\\\/2021\\\/10\\\/25\\\/candidatures-aux-elections-locales-les-raisons-des-rejets\\\/#breadcrumb\",\"itemListElement\":[{\"@type\":\"ListItem\",\"position\":1,\"name\":\"Accueil\",\"item\":\"https:\\\/\\\/lasentinelle.dz\\\/\"},{\"@type\":\"ListItem\",\"position\":2,\"name\":\"Candidatures aux \u00e9lections locales : Les raisons des rejets\"}]},{\"@type\":\"WebSite\",\"@id\":\"https:\\\/\\\/lasentinelle.dz\\\/#website\",\"url\":\"https:\\\/\\\/lasentinelle.dz\\\/\",\"name\":\"La Sentinelle\",\"description\":\"Quotidien national d&#039;information\",\"publisher\":{\"@id\":\"https:\\\/\\\/lasentinelle.dz\\\/#organization\"},\"potentialAction\":[{\"@type\":\"SearchAction\",\"target\":{\"@type\":\"EntryPoint\",\"urlTemplate\":\"https:\\\/\\\/lasentinelle.dz\\\/?s={search_term_string}\"},\"query-input\":{\"@type\":\"PropertyValueSpecification\",\"valueRequired\":true,\"valueName\":\"search_term_string\"}}],\"inLanguage\":\"fr-FR\"},{\"@type\":\"Organization\",\"@id\":\"https:\\\/\\\/lasentinelle.dz\\\/#organization\",\"name\":\"Quotidien La Sentinelle\",\"url\":\"https:\\\/\\\/lasentinelle.dz\\\/\",\"logo\":{\"@type\":\"ImageObject\",\"inLanguage\":\"fr-FR\",\"@id\":\"https:\\\/\\\/lasentinelle.dz\\\/#\\\/schema\\\/logo\\\/image\\\/\",\"url\":\"https:\\\/\\\/lasentinelle.dz\\\/wp-content\\\/uploads\\\/2021\\\/09\\\/logo-sentinelleSLOGAN-1.png\",\"contentUrl\":\"https:\\\/\\\/lasentinelle.dz\\\/wp-content\\\/uploads\\\/2021\\\/09\\\/logo-sentinelleSLOGAN-1.png\",\"width\":615,\"height\":142,\"caption\":\"Quotidien La Sentinelle\"},\"image\":{\"@id\":\"https:\\\/\\\/lasentinelle.dz\\\/#\\\/schema\\\/logo\\\/image\\\/\"},\"sameAs\":[\"https:\\\/\\\/www.facebook.com\\\/La-Sentinelle-104059864394773\"]},{\"@type\":\"Person\",\"@id\":\"https:\\\/\\\/lasentinelle.dz\\\/#\\\/schema\\\/person\\\/d865044e22e70a75174ce8bcad3acfb3\",\"name\":\"La Sentinelle\",\"image\":{\"@type\":\"ImageObject\",\"inLanguage\":\"fr-FR\",\"@id\":\"https:\\\/\\\/secure.gravatar.com\\\/avatar\\\/57de8e5d4b15d43fb361a71fbb36338450fe67865b528a43dd10ef7c51a20392?s=96&d=mm&r=g\",\"url\":\"https:\\\/\\\/secure.gravatar.com\\\/avatar\\\/57de8e5d4b15d43fb361a71fbb36338450fe67865b528a43dd10ef7c51a20392?s=96&d=mm&r=g\",\"contentUrl\":\"https:\\\/\\\/secure.gravatar.com\\\/avatar\\\/57de8e5d4b15d43fb361a71fbb36338450fe67865b528a43dd10ef7c51a20392?s=96&d=mm&r=g\",\"caption\":\"La Sentinelle\"},\"sameAs\":[\"http:\\\/\\\/www.lasentinelle.dz\"],\"url\":\"https:\\\/\\\/lasentinelle.dz\\\/author\\\/redaction\\\/\"}]}<\/script>\n<!-- \/ Yoast SEO plugin. -->","yoast_head_json":{"title":"Candidatures aux \u00e9lections locales : Les raisons des rejets - La Sentinelle","robots":{"index":"index","follow":"follow","max-snippet":"max-snippet:-1","max-image-preview":"max-image-preview:large","max-video-preview":"max-video-preview:-1"},"canonical":"https:\/\/lasentinelle.dz\/index.php\/2021\/10\/25\/candidatures-aux-elections-locales-les-raisons-des-rejets\/","og_locale":"fr_FR","og_type":"article","og_title":"Candidatures aux \u00e9lections locales : Les raisons des rejets - La Sentinelle","og_description":"Le rejet des listes de candidats aux prochaines locales fait d\u00e9bat depuis quelques jours. Les partis accusent, tandis que l\u2019Autorit\u00e9","og_url":"https:\/\/lasentinelle.dz\/index.php\/2021\/10\/25\/candidatures-aux-elections-locales-les-raisons-des-rejets\/","og_site_name":"La Sentinelle","article_publisher":"https:\/\/www.facebook.com\/La-Sentinelle-104059864394773","article_published_time":"2021-10-24T23:05:00+00:00","og_image":[{"width":567,"height":421,"url":"https:\/\/lasentinelle.dz\/wp-content\/uploads\/2021\/10\/image_2021-10-24_201215.png","type":"image\/png"}],"author":"La Sentinelle","twitter_card":"summary_large_image","twitter_misc":{"\u00c9crit par":"La Sentinelle","Dur\u00e9e de lecture estim\u00e9e":"4 minutes"},"schema":{"@context":"https:\/\/schema.org","@graph":[{"@type":"Article","@id":"https:\/\/lasentinelle.dz\/index.php\/2021\/10\/25\/candidatures-aux-elections-locales-les-raisons-des-rejets\/#article","isPartOf":{"@id":"https:\/\/lasentinelle.dz\/index.php\/2021\/10\/25\/candidatures-aux-elections-locales-les-raisons-des-rejets\/"},"author":{"name":"La Sentinelle","@id":"https:\/\/lasentinelle.dz\/#\/schema\/person\/d865044e22e70a75174ce8bcad3acfb3"},"headline":"Candidatures aux \u00e9lections locales : Les raisons des rejets","datePublished":"2021-10-24T23:05:00+00:00","mainEntityOfPage":{"@id":"https:\/\/lasentinelle.dz\/index.php\/2021\/10\/25\/candidatures-aux-elections-locales-les-raisons-des-rejets\/"},"wordCount":945,"commentCount":0,"publisher":{"@id":"https:\/\/lasentinelle.dz\/#organization"},"image":{"@id":"https:\/\/lasentinelle.dz\/index.php\/2021\/10\/25\/candidatures-aux-elections-locales-les-raisons-des-rejets\/#primaryimage"},"thumbnailUrl":"https:\/\/lasentinelle.dz\/wp-content\/uploads\/2021\/10\/image_2021-10-24_201215.png","articleSection":["\u00c0 la Une","Actualit\u00e9"],"inLanguage":"fr-FR","potentialAction":[{"@type":"CommentAction","name":"Comment","target":["https:\/\/lasentinelle.dz\/index.php\/2021\/10\/25\/candidatures-aux-elections-locales-les-raisons-des-rejets\/#respond"]}]},{"@type":"WebPage","@id":"https:\/\/lasentinelle.dz\/index.php\/2021\/10\/25\/candidatures-aux-elections-locales-les-raisons-des-rejets\/","url":"https:\/\/lasentinelle.dz\/index.php\/2021\/10\/25\/candidatures-aux-elections-locales-les-raisons-des-rejets\/","name":"Candidatures aux \u00e9lections locales : Les raisons des rejets - La Sentinelle","isPartOf":{"@id":"https:\/\/lasentinelle.dz\/#website"},"primaryImageOfPage":{"@id":"https:\/\/lasentinelle.dz\/index.php\/2021\/10\/25\/candidatures-aux-elections-locales-les-raisons-des-rejets\/#primaryimage"},"image":{"@id":"https:\/\/lasentinelle.dz\/index.php\/2021\/10\/25\/candidatures-aux-elections-locales-les-raisons-des-rejets\/#primaryimage"},"thumbnailUrl":"https:\/\/lasentinelle.dz\/wp-content\/uploads\/2021\/10\/image_2021-10-24_201215.png","datePublished":"2021-10-24T23:05:00+00:00","breadcrumb":{"@id":"https:\/\/lasentinelle.dz\/index.php\/2021\/10\/25\/candidatures-aux-elections-locales-les-raisons-des-rejets\/#breadcrumb"},"inLanguage":"fr-FR","potentialAction":[{"@type":"ReadAction","target":["https:\/\/lasentinelle.dz\/index.php\/2021\/10\/25\/candidatures-aux-elections-locales-les-raisons-des-rejets\/"]}]},{"@type":"ImageObject","inLanguage":"fr-FR","@id":"https:\/\/lasentinelle.dz\/index.php\/2021\/10\/25\/candidatures-aux-elections-locales-les-raisons-des-rejets\/#primaryimage","url":"https:\/\/lasentinelle.dz\/wp-content\/uploads\/2021\/10\/image_2021-10-24_201215.png","contentUrl":"https:\/\/lasentinelle.dz\/wp-content\/uploads\/2021\/10\/image_2021-10-24_201215.png","width":567,"height":421},{"@type":"BreadcrumbList","@id":"https:\/\/lasentinelle.dz\/index.php\/2021\/10\/25\/candidatures-aux-elections-locales-les-raisons-des-rejets\/#breadcrumb","itemListElement":[{"@type":"ListItem","position":1,"name":"Accueil","item":"https:\/\/lasentinelle.dz\/"},{"@type":"ListItem","position":2,"name":"Candidatures aux \u00e9lections locales : Les raisons des rejets"}]},{"@type":"WebSite","@id":"https:\/\/lasentinelle.dz\/#website","url":"https:\/\/lasentinelle.dz\/","name":"La Sentinelle","description":"Quotidien national d&#039;information","publisher":{"@id":"https:\/\/lasentinelle.dz\/#organization"},"potentialAction":[{"@type":"SearchAction","target":{"@type":"EntryPoint","urlTemplate":"https:\/\/lasentinelle.dz\/?s={search_term_string}"},"query-input":{"@type":"PropertyValueSpecification","valueRequired":true,"valueName":"search_term_string"}}],"inLanguage":"fr-FR"},{"@type":"Organization","@id":"https:\/\/lasentinelle.dz\/#organization","name":"Quotidien La Sentinelle","url":"https:\/\/lasentinelle.dz\/","logo":{"@type":"ImageObject","inLanguage":"fr-FR","@id":"https:\/\/lasentinelle.dz\/#\/schema\/logo\/image\/","url":"https:\/\/lasentinelle.dz\/wp-content\/uploads\/2021\/09\/logo-sentinelleSLOGAN-1.png","contentUrl":"https:\/\/lasentinelle.dz\/wp-content\/uploads\/2021\/09\/logo-sentinelleSLOGAN-1.png","width":615,"height":142,"caption":"Quotidien La Sentinelle"},"image":{"@id":"https:\/\/lasentinelle.dz\/#\/schema\/logo\/image\/"},"sameAs":["https:\/\/www.facebook.com\/La-Sentinelle-104059864394773"]},{"@type":"Person","@id":"https:\/\/lasentinelle.dz\/#\/schema\/person\/d865044e22e70a75174ce8bcad3acfb3","name":"La Sentinelle","image":{"@type":"ImageObject","inLanguage":"fr-FR","@id":"https:\/\/secure.gravatar.com\/avatar\/57de8e5d4b15d43fb361a71fbb36338450fe67865b528a43dd10ef7c51a20392?s=96&d=mm&r=g","url":"https:\/\/secure.gravatar.com\/avatar\/57de8e5d4b15d43fb361a71fbb36338450fe67865b528a43dd10ef7c51a20392?s=96&d=mm&r=g","contentUrl":"https:\/\/secure.gravatar.com\/avatar\/57de8e5d4b15d43fb361a71fbb36338450fe67865b528a43dd10ef7c51a20392?s=96&d=mm&r=g","caption":"La Sentinelle"},"sameAs":["http:\/\/www.lasentinelle.dz"],"url":"https:\/\/lasentinelle.dz\/author\/redaction\/"}]}},"_links":{"self":[{"href":"https:\/\/lasentinelle.dz\/index.php\/wp-json\/wp\/v2\/posts\/11469","targetHints":{"allow":["GET"]}}],"collection":[{"href":"https:\/\/lasentinelle.dz\/index.php\/wp-json\/wp\/v2\/posts"}],"about":[{"href":"https:\/\/lasentinelle.dz\/index.php\/wp-json\/wp\/v2\/types\/post"}],"author":[{"embeddable":true,"href":"https:\/\/lasentinelle.dz\/index.php\/wp-json\/wp\/v2\/users\/3"}],"replies":[{"embeddable":true,"href":"https:\/\/lasentinelle.dz\/index.php\/wp-json\/wp\/v2\/comments?post=11469"}],"version-history":[{"count":1,"href":"https:\/\/lasentinelle.dz\/index.php\/wp-json\/wp\/v2\/posts\/11469\/revisions"}],"predecessor-version":[{"id":11476,"href":"https:\/\/lasentinelle.dz\/index.php\/wp-json\/wp\/v2\/posts\/11469\/revisions\/11476"}],"wp:featuredmedia":[{"embeddable":true,"href":"https:\/\/lasentinelle.dz\/index.php\/wp-json\/wp\/v2\/media\/11475"}],"wp:attachment":[{"href":"https:\/\/lasentinelle.dz\/index.php\/wp-json\/wp\/v2\/media?parent=11469"}],"wp:term":[{"taxonomy":"category","embeddable":true,"href":"https:\/\/lasentinelle.dz\/index.php\/wp-json\/wp\/v2\/categories?post=11469"},{"taxonomy":"post_tag","embeddable":true,"href":"https:\/\/lasentinelle.dz\/index.php\/wp-json\/wp\/v2\/tags?post=11469"}],"curies":[{"name":"wp","href":"https:\/\/api.w.org\/{rel}","templated":true}]}}