{"id":1151,"date":"2021-07-14T00:01:00","date_gmt":"2021-07-13T23:01:00","guid":{"rendered":"https:\/\/lasentinelle.dz\/?p=1151"},"modified":"2021-07-13T17:16:33","modified_gmt":"2021-07-13T16:16:33","slug":"arts-plastiques-frida-kahlo-numerisee-pour-une-exposition-a-mexico","status":"publish","type":"post","link":"https:\/\/lasentinelle.dz\/index.php\/2021\/07\/14\/arts-plastiques-frida-kahlo-numerisee-pour-une-exposition-a-mexico\/","title":{"rendered":"Arts plastiques \/ Frida Kahlo num\u00e9ris\u00e9e pour une exposition \u00e0 Mexico"},"content":{"rendered":"\n<p>Une exposition num\u00e9rique marquant le 114e anniversaire de la naissance de la Mexicaine Frida Kahlo fait revivre \u00e0 Mexico les toiles les plus embl\u00e9matiques de cette artiste peintre tr\u00e8s en avance sur son temps.Sur des \u00e9crans g\u00e9ants et des tentures, d\u00e9filent 26 des \u0153uvres de la c\u00e9l\u00e8bre peintre, offrant au public une exp\u00e9rience immersive num\u00e9rique o\u00f9 fusionnent vid\u00e9os, musique et \u00e9l\u00e9ments interactifs, dans les murs du Front\u00f3n M\u00e9xico, un ancien b\u00e2timent art d\u00e9co de la capitale mexicaine.<\/p>\n\n\n\n<p>Des toiles telles que \u00ab\u00a0The Two Fridas\u00a0\u00bb et \u00ab\u00a0The Broken Column\u00a0\u00bb, ainsi que ses c\u00e9l\u00e8bres autoportraits pr\u00e9sent\u00e9s sous forme de montage num\u00e9rique, se succ\u00e8dent sur fond de musique traditionnelle.\u00a0\u00bbFrida. L\u2019exp\u00e9rience immersive\u00a0\u00bb synth\u00e9tise la vie et l\u2019\u0153uvre de cette femme hors du commun n\u00e9e le 6 juillet 1907 et morte le 13 juillet 1954, dont le destin a bascul\u00e9 suite \u00e0 un grave accident de bus.Elle subira de nombreuses interventions chirurgicales et sera contrainte \u00e0 porter un corset. Durant ses ann\u00e9es de souffrance et de traitement, elle se formera elle-m\u00eame \u00e0 la peinture.<\/p>\n\n\n\n<p>L\u2019objectif de l\u2019exposition est \u00ab\u00a0de faire conna\u00eetre les tableaux de Frida, qui ont fait le tour du monde, tout en les rendant plus familiers, voire intimes\u00a0\u00bb, explique \u00e0 l\u2019AFP Mara de Anda, arri\u00e8re-petite-ni\u00e8ce de l\u2019artiste.Assis sur des tabourets pos\u00e9s sur du sable blanc, leur t\u00e9l\u00e9phone \u00e0 la main pour prendre des photos et des vid\u00e9os, les visiteurs sont immerg\u00e9s pendant environ 35 minutes dans l\u2019\u00e2me tourment\u00e9e et le c\u0153ur br\u00fblant de Frida.\u00a0\u00bbCette exp\u00e9rience permet \u00e0 chacun de se rapprocher plus facilement de Frida, de la comprendre, car ses peintures sont particuli\u00e8res, parfois difficiles \u00e0 comprendre\u00a0\u00bb, observe Diana Olgu\u00edn, une visiteuse colombienne de 39 ans.<\/p>\n\n\n\n<p>Les images sont enrichies par des applications num\u00e9riques et une salle interactive, ainsi que par des po\u00e8mes et de la musique originale de chanteurs mexicains.\u00a0\u00bbNombreux sont ceux qui n\u2019aiment pas aller dans une exposition o\u00f9 tout est plus statique. L\u00e0, c\u2019est une autre approche pour conna\u00eetre cette artiste. Je pense que les nouvelles g\u00e9n\u00e9rations vont adorer\u00a0\u00bb, estime Frida Hentschel Romeo, l\u2019arri\u00e8re-petite-ni\u00e8ce de Kahlo.Dans le cadre du protocole sanitaire li\u00e9 \u00e0 la pand\u00e9mie, tous les visiteurs sont astreints au port du masque, \u00e0 l\u2019utilisation de gel d\u00e9sinfectant, et \u00e0 la prise de temp\u00e9rature \u00e0 l\u2019entr\u00e9e du lieu.<\/p>\n\n\n\n<p>\u00ab\u00a0Avec la pand\u00e9mie, pendant un an et demi, nous n\u2019avons pas pu profiter de ces exp\u00e9riences\u00a0\u00bb, rel\u00e8ve Emiliano D\u00edaz, un \u00e9tudiant de 21 ans qui se r\u00e9jouit de cette exposition d\u2019un genre particulier.Pourtant, ce n\u2019est pas la premi\u00e8re fois que l\u2019\u0153uvre de Kahlo r\u00e9sonne avec la technologie.En 2018, Google Arts &amp; Culture a lanc\u00e9 \u00ab\u00a0The Faces of Frida\u00a0\u00bb, une exposition virtuelle qui compilait des avis de critiques, des visites virtuelles et des \u0153uvres en haute d\u00e9finition \u00e0 la disposition des internautes.\u00a0\u00bbFrida \u00e9tait si avant-gardiste et si moderne que ce format s\u2019applique parfaitement. C\u2019\u00e9tait une femme en avance sur son temps\u00a0\u00bb, estime Mara de Anda.Frida Kahlo est l\u2019artiste mexicaine moderne la plus en vue dans son pays. \u00c9pouse du muraliste et peintre Diego Rivera, elle \u00e9tait membre du parti communiste mexicain. Son \u0153uvre est domin\u00e9e par des \u00e9l\u00e9ments de l\u2019identit\u00e9 mexicaine indig\u00e8ne.<\/p>\n\n\n\n<p>AFP<\/p>\n","protected":false},"excerpt":{"rendered":"<p>Une exposition num\u00e9rique marquant le 114e anniversaire de la naissance de la Mexicaine Frida Kahlo fait revivre \u00e0 Mexico les<\/p>\n","protected":false},"author":3,"featured_media":1152,"comment_status":"open","ping_status":"closed","sticky":false,"template":"","format":"standard","meta":{"colormag_page_container_layout":"default_layout","colormag_page_sidebar_layout":"default_layout","om_disable_all_campaigns":false,"_monsterinsights_skip_tracking":false,"_monsterinsights_sitenote_active":false,"_monsterinsights_sitenote_note":"","_monsterinsights_sitenote_category":0,"footnotes":"","_wpscppro_dont_share_socialmedia":false,"_wpscppro_custom_social_share_image":0,"_facebook_share_type":"","_twitter_share_type":"","_linkedin_share_type":"","_pinterest_share_type":"","_linkedin_share_type_page":"","_instagram_share_type":"","_medium_share_type":"","_threads_share_type":"","_google_business_share_type":"","_selected_social_profile":[],"_wpsp_enable_custom_social_template":false,"_wpsp_social_scheduling":{"enabled":false,"datetime":null,"platforms":[],"status":"template_only","dateOption":"today","timeOption":"now","customDays":"","customHours":"","customDate":"","customTime":"","schedulingType":"absolute"},"_wpsp_active_default_template":true},"categories":[36],"tags":[],"class_list":["post-1151","post","type-post","status-publish","format-standard","has-post-thumbnail","hentry","category-culture"],"aioseo_notices":[],"yoast_head":"<!-- This site is optimized with the Yoast SEO plugin v27.5 - https:\/\/yoast.com\/product\/yoast-seo-wordpress\/ -->\n<title>Arts plastiques \/ Frida Kahlo num\u00e9ris\u00e9e pour une exposition \u00e0 Mexico - La Sentinelle<\/title>\n<meta name=\"robots\" content=\"index, follow, max-snippet:-1, max-image-preview:large, max-video-preview:-1\" \/>\n<link rel=\"canonical\" href=\"https:\/\/lasentinelle.dz\/index.php\/2021\/07\/14\/arts-plastiques-frida-kahlo-numerisee-pour-une-exposition-a-mexico\/\" \/>\n<meta property=\"og:locale\" content=\"fr_FR\" \/>\n<meta property=\"og:type\" content=\"article\" \/>\n<meta property=\"og:title\" content=\"Arts plastiques \/ Frida Kahlo num\u00e9ris\u00e9e pour une exposition \u00e0 Mexico - La Sentinelle\" \/>\n<meta property=\"og:description\" content=\"Une exposition num\u00e9rique marquant le 114e anniversaire de la naissance de la Mexicaine Frida Kahlo fait revivre \u00e0 Mexico les\" \/>\n<meta property=\"og:url\" content=\"https:\/\/lasentinelle.dz\/index.php\/2021\/07\/14\/arts-plastiques-frida-kahlo-numerisee-pour-une-exposition-a-mexico\/\" \/>\n<meta property=\"og:site_name\" content=\"La Sentinelle\" \/>\n<meta property=\"article:publisher\" content=\"https:\/\/www.facebook.com\/La-Sentinelle-104059864394773\" \/>\n<meta property=\"article:published_time\" content=\"2021-07-13T23:01:00+00:00\" \/>\n<meta property=\"og:image\" content=\"https:\/\/lasentinelle.dz\/wp-content\/uploads\/2021\/07\/frida-kahlo.png\" \/>\n\t<meta property=\"og:image:width\" content=\"1600\" \/>\n\t<meta property=\"og:image:height\" content=\"900\" \/>\n\t<meta property=\"og:image:type\" content=\"image\/png\" \/>\n<meta name=\"author\" content=\"La Sentinelle\" \/>\n<meta name=\"twitter:card\" content=\"summary_large_image\" \/>\n<meta name=\"twitter:label1\" content=\"\u00c9crit par\" \/>\n\t<meta name=\"twitter:data1\" content=\"La Sentinelle\" \/>\n\t<meta name=\"twitter:label2\" content=\"Dur\u00e9e de lecture estim\u00e9e\" \/>\n\t<meta name=\"twitter:data2\" content=\"3 minutes\" \/>\n<script type=\"application\/ld+json\" class=\"yoast-schema-graph\">{\"@context\":\"https:\\\/\\\/schema.org\",\"@graph\":[{\"@type\":\"Article\",\"@id\":\"https:\\\/\\\/lasentinelle.dz\\\/index.php\\\/2021\\\/07\\\/14\\\/arts-plastiques-frida-kahlo-numerisee-pour-une-exposition-a-mexico\\\/#article\",\"isPartOf\":{\"@id\":\"https:\\\/\\\/lasentinelle.dz\\\/index.php\\\/2021\\\/07\\\/14\\\/arts-plastiques-frida-kahlo-numerisee-pour-une-exposition-a-mexico\\\/\"},\"author\":{\"name\":\"La Sentinelle\",\"@id\":\"https:\\\/\\\/lasentinelle.dz\\\/#\\\/schema\\\/person\\\/d865044e22e70a75174ce8bcad3acfb3\"},\"headline\":\"Arts plastiques \\\/ Frida Kahlo num\u00e9ris\u00e9e pour une exposition \u00e0 Mexico\",\"datePublished\":\"2021-07-13T23:01:00+00:00\",\"mainEntityOfPage\":{\"@id\":\"https:\\\/\\\/lasentinelle.dz\\\/index.php\\\/2021\\\/07\\\/14\\\/arts-plastiques-frida-kahlo-numerisee-pour-une-exposition-a-mexico\\\/\"},\"wordCount\":593,\"commentCount\":0,\"publisher\":{\"@id\":\"https:\\\/\\\/lasentinelle.dz\\\/#organization\"},\"image\":{\"@id\":\"https:\\\/\\\/lasentinelle.dz\\\/index.php\\\/2021\\\/07\\\/14\\\/arts-plastiques-frida-kahlo-numerisee-pour-une-exposition-a-mexico\\\/#primaryimage\"},\"thumbnailUrl\":\"https:\\\/\\\/lasentinelle.dz\\\/wp-content\\\/uploads\\\/2021\\\/07\\\/frida-kahlo.png\",\"articleSection\":[\"Culture\"],\"inLanguage\":\"fr-FR\",\"potentialAction\":[{\"@type\":\"CommentAction\",\"name\":\"Comment\",\"target\":[\"https:\\\/\\\/lasentinelle.dz\\\/index.php\\\/2021\\\/07\\\/14\\\/arts-plastiques-frida-kahlo-numerisee-pour-une-exposition-a-mexico\\\/#respond\"]}]},{\"@type\":\"WebPage\",\"@id\":\"https:\\\/\\\/lasentinelle.dz\\\/index.php\\\/2021\\\/07\\\/14\\\/arts-plastiques-frida-kahlo-numerisee-pour-une-exposition-a-mexico\\\/\",\"url\":\"https:\\\/\\\/lasentinelle.dz\\\/index.php\\\/2021\\\/07\\\/14\\\/arts-plastiques-frida-kahlo-numerisee-pour-une-exposition-a-mexico\\\/\",\"name\":\"Arts plastiques \\\/ Frida Kahlo num\u00e9ris\u00e9e pour une exposition \u00e0 Mexico - La Sentinelle\",\"isPartOf\":{\"@id\":\"https:\\\/\\\/lasentinelle.dz\\\/#website\"},\"primaryImageOfPage\":{\"@id\":\"https:\\\/\\\/lasentinelle.dz\\\/index.php\\\/2021\\\/07\\\/14\\\/arts-plastiques-frida-kahlo-numerisee-pour-une-exposition-a-mexico\\\/#primaryimage\"},\"image\":{\"@id\":\"https:\\\/\\\/lasentinelle.dz\\\/index.php\\\/2021\\\/07\\\/14\\\/arts-plastiques-frida-kahlo-numerisee-pour-une-exposition-a-mexico\\\/#primaryimage\"},\"thumbnailUrl\":\"https:\\\/\\\/lasentinelle.dz\\\/wp-content\\\/uploads\\\/2021\\\/07\\\/frida-kahlo.png\",\"datePublished\":\"2021-07-13T23:01:00+00:00\",\"breadcrumb\":{\"@id\":\"https:\\\/\\\/lasentinelle.dz\\\/index.php\\\/2021\\\/07\\\/14\\\/arts-plastiques-frida-kahlo-numerisee-pour-une-exposition-a-mexico\\\/#breadcrumb\"},\"inLanguage\":\"fr-FR\",\"potentialAction\":[{\"@type\":\"ReadAction\",\"target\":[\"https:\\\/\\\/lasentinelle.dz\\\/index.php\\\/2021\\\/07\\\/14\\\/arts-plastiques-frida-kahlo-numerisee-pour-une-exposition-a-mexico\\\/\"]}]},{\"@type\":\"ImageObject\",\"inLanguage\":\"fr-FR\",\"@id\":\"https:\\\/\\\/lasentinelle.dz\\\/index.php\\\/2021\\\/07\\\/14\\\/arts-plastiques-frida-kahlo-numerisee-pour-une-exposition-a-mexico\\\/#primaryimage\",\"url\":\"https:\\\/\\\/lasentinelle.dz\\\/wp-content\\\/uploads\\\/2021\\\/07\\\/frida-kahlo.png\",\"contentUrl\":\"https:\\\/\\\/lasentinelle.dz\\\/wp-content\\\/uploads\\\/2021\\\/07\\\/frida-kahlo.png\",\"width\":1600,\"height\":900},{\"@type\":\"BreadcrumbList\",\"@id\":\"https:\\\/\\\/lasentinelle.dz\\\/index.php\\\/2021\\\/07\\\/14\\\/arts-plastiques-frida-kahlo-numerisee-pour-une-exposition-a-mexico\\\/#breadcrumb\",\"itemListElement\":[{\"@type\":\"ListItem\",\"position\":1,\"name\":\"Accueil\",\"item\":\"https:\\\/\\\/lasentinelle.dz\\\/\"},{\"@type\":\"ListItem\",\"position\":2,\"name\":\"Arts plastiques \\\/ Frida Kahlo num\u00e9ris\u00e9e pour une exposition \u00e0 Mexico\"}]},{\"@type\":\"WebSite\",\"@id\":\"https:\\\/\\\/lasentinelle.dz\\\/#website\",\"url\":\"https:\\\/\\\/lasentinelle.dz\\\/\",\"name\":\"La Sentinelle\",\"description\":\"Quotidien national d&#039;information\",\"publisher\":{\"@id\":\"https:\\\/\\\/lasentinelle.dz\\\/#organization\"},\"potentialAction\":[{\"@type\":\"SearchAction\",\"target\":{\"@type\":\"EntryPoint\",\"urlTemplate\":\"https:\\\/\\\/lasentinelle.dz\\\/?s={search_term_string}\"},\"query-input\":{\"@type\":\"PropertyValueSpecification\",\"valueRequired\":true,\"valueName\":\"search_term_string\"}}],\"inLanguage\":\"fr-FR\"},{\"@type\":\"Organization\",\"@id\":\"https:\\\/\\\/lasentinelle.dz\\\/#organization\",\"name\":\"Quotidien La Sentinelle\",\"url\":\"https:\\\/\\\/lasentinelle.dz\\\/\",\"logo\":{\"@type\":\"ImageObject\",\"inLanguage\":\"fr-FR\",\"@id\":\"https:\\\/\\\/lasentinelle.dz\\\/#\\\/schema\\\/logo\\\/image\\\/\",\"url\":\"https:\\\/\\\/lasentinelle.dz\\\/wp-content\\\/uploads\\\/2021\\\/09\\\/logo-sentinelleSLOGAN-1.png\",\"contentUrl\":\"https:\\\/\\\/lasentinelle.dz\\\/wp-content\\\/uploads\\\/2021\\\/09\\\/logo-sentinelleSLOGAN-1.png\",\"width\":615,\"height\":142,\"caption\":\"Quotidien La Sentinelle\"},\"image\":{\"@id\":\"https:\\\/\\\/lasentinelle.dz\\\/#\\\/schema\\\/logo\\\/image\\\/\"},\"sameAs\":[\"https:\\\/\\\/www.facebook.com\\\/La-Sentinelle-104059864394773\"]},{\"@type\":\"Person\",\"@id\":\"https:\\\/\\\/lasentinelle.dz\\\/#\\\/schema\\\/person\\\/d865044e22e70a75174ce8bcad3acfb3\",\"name\":\"La Sentinelle\",\"image\":{\"@type\":\"ImageObject\",\"inLanguage\":\"fr-FR\",\"@id\":\"https:\\\/\\\/secure.gravatar.com\\\/avatar\\\/57de8e5d4b15d43fb361a71fbb36338450fe67865b528a43dd10ef7c51a20392?s=96&d=mm&r=g\",\"url\":\"https:\\\/\\\/secure.gravatar.com\\\/avatar\\\/57de8e5d4b15d43fb361a71fbb36338450fe67865b528a43dd10ef7c51a20392?s=96&d=mm&r=g\",\"contentUrl\":\"https:\\\/\\\/secure.gravatar.com\\\/avatar\\\/57de8e5d4b15d43fb361a71fbb36338450fe67865b528a43dd10ef7c51a20392?s=96&d=mm&r=g\",\"caption\":\"La Sentinelle\"},\"sameAs\":[\"http:\\\/\\\/www.lasentinelle.dz\"],\"url\":\"https:\\\/\\\/lasentinelle.dz\\\/author\\\/redaction\\\/\"}]}<\/script>\n<!-- \/ Yoast SEO plugin. -->","yoast_head_json":{"title":"Arts plastiques \/ Frida Kahlo num\u00e9ris\u00e9e pour une exposition \u00e0 Mexico - La Sentinelle","robots":{"index":"index","follow":"follow","max-snippet":"max-snippet:-1","max-image-preview":"max-image-preview:large","max-video-preview":"max-video-preview:-1"},"canonical":"https:\/\/lasentinelle.dz\/index.php\/2021\/07\/14\/arts-plastiques-frida-kahlo-numerisee-pour-une-exposition-a-mexico\/","og_locale":"fr_FR","og_type":"article","og_title":"Arts plastiques \/ Frida Kahlo num\u00e9ris\u00e9e pour une exposition \u00e0 Mexico - La Sentinelle","og_description":"Une exposition num\u00e9rique marquant le 114e anniversaire de la naissance de la Mexicaine Frida Kahlo fait revivre \u00e0 Mexico les","og_url":"https:\/\/lasentinelle.dz\/index.php\/2021\/07\/14\/arts-plastiques-frida-kahlo-numerisee-pour-une-exposition-a-mexico\/","og_site_name":"La Sentinelle","article_publisher":"https:\/\/www.facebook.com\/La-Sentinelle-104059864394773","article_published_time":"2021-07-13T23:01:00+00:00","og_image":[{"width":1600,"height":900,"url":"https:\/\/lasentinelle.dz\/wp-content\/uploads\/2021\/07\/frida-kahlo.png","type":"image\/png"}],"author":"La Sentinelle","twitter_card":"summary_large_image","twitter_misc":{"\u00c9crit par":"La Sentinelle","Dur\u00e9e de lecture estim\u00e9e":"3 minutes"},"schema":{"@context":"https:\/\/schema.org","@graph":[{"@type":"Article","@id":"https:\/\/lasentinelle.dz\/index.php\/2021\/07\/14\/arts-plastiques-frida-kahlo-numerisee-pour-une-exposition-a-mexico\/#article","isPartOf":{"@id":"https:\/\/lasentinelle.dz\/index.php\/2021\/07\/14\/arts-plastiques-frida-kahlo-numerisee-pour-une-exposition-a-mexico\/"},"author":{"name":"La Sentinelle","@id":"https:\/\/lasentinelle.dz\/#\/schema\/person\/d865044e22e70a75174ce8bcad3acfb3"},"headline":"Arts plastiques \/ Frida Kahlo num\u00e9ris\u00e9e pour une exposition \u00e0 Mexico","datePublished":"2021-07-13T23:01:00+00:00","mainEntityOfPage":{"@id":"https:\/\/lasentinelle.dz\/index.php\/2021\/07\/14\/arts-plastiques-frida-kahlo-numerisee-pour-une-exposition-a-mexico\/"},"wordCount":593,"commentCount":0,"publisher":{"@id":"https:\/\/lasentinelle.dz\/#organization"},"image":{"@id":"https:\/\/lasentinelle.dz\/index.php\/2021\/07\/14\/arts-plastiques-frida-kahlo-numerisee-pour-une-exposition-a-mexico\/#primaryimage"},"thumbnailUrl":"https:\/\/lasentinelle.dz\/wp-content\/uploads\/2021\/07\/frida-kahlo.png","articleSection":["Culture"],"inLanguage":"fr-FR","potentialAction":[{"@type":"CommentAction","name":"Comment","target":["https:\/\/lasentinelle.dz\/index.php\/2021\/07\/14\/arts-plastiques-frida-kahlo-numerisee-pour-une-exposition-a-mexico\/#respond"]}]},{"@type":"WebPage","@id":"https:\/\/lasentinelle.dz\/index.php\/2021\/07\/14\/arts-plastiques-frida-kahlo-numerisee-pour-une-exposition-a-mexico\/","url":"https:\/\/lasentinelle.dz\/index.php\/2021\/07\/14\/arts-plastiques-frida-kahlo-numerisee-pour-une-exposition-a-mexico\/","name":"Arts plastiques \/ Frida Kahlo num\u00e9ris\u00e9e pour une exposition \u00e0 Mexico - La Sentinelle","isPartOf":{"@id":"https:\/\/lasentinelle.dz\/#website"},"primaryImageOfPage":{"@id":"https:\/\/lasentinelle.dz\/index.php\/2021\/07\/14\/arts-plastiques-frida-kahlo-numerisee-pour-une-exposition-a-mexico\/#primaryimage"},"image":{"@id":"https:\/\/lasentinelle.dz\/index.php\/2021\/07\/14\/arts-plastiques-frida-kahlo-numerisee-pour-une-exposition-a-mexico\/#primaryimage"},"thumbnailUrl":"https:\/\/lasentinelle.dz\/wp-content\/uploads\/2021\/07\/frida-kahlo.png","datePublished":"2021-07-13T23:01:00+00:00","breadcrumb":{"@id":"https:\/\/lasentinelle.dz\/index.php\/2021\/07\/14\/arts-plastiques-frida-kahlo-numerisee-pour-une-exposition-a-mexico\/#breadcrumb"},"inLanguage":"fr-FR","potentialAction":[{"@type":"ReadAction","target":["https:\/\/lasentinelle.dz\/index.php\/2021\/07\/14\/arts-plastiques-frida-kahlo-numerisee-pour-une-exposition-a-mexico\/"]}]},{"@type":"ImageObject","inLanguage":"fr-FR","@id":"https:\/\/lasentinelle.dz\/index.php\/2021\/07\/14\/arts-plastiques-frida-kahlo-numerisee-pour-une-exposition-a-mexico\/#primaryimage","url":"https:\/\/lasentinelle.dz\/wp-content\/uploads\/2021\/07\/frida-kahlo.png","contentUrl":"https:\/\/lasentinelle.dz\/wp-content\/uploads\/2021\/07\/frida-kahlo.png","width":1600,"height":900},{"@type":"BreadcrumbList","@id":"https:\/\/lasentinelle.dz\/index.php\/2021\/07\/14\/arts-plastiques-frida-kahlo-numerisee-pour-une-exposition-a-mexico\/#breadcrumb","itemListElement":[{"@type":"ListItem","position":1,"name":"Accueil","item":"https:\/\/lasentinelle.dz\/"},{"@type":"ListItem","position":2,"name":"Arts plastiques \/ Frida Kahlo num\u00e9ris\u00e9e pour une exposition \u00e0 Mexico"}]},{"@type":"WebSite","@id":"https:\/\/lasentinelle.dz\/#website","url":"https:\/\/lasentinelle.dz\/","name":"La Sentinelle","description":"Quotidien national d&#039;information","publisher":{"@id":"https:\/\/lasentinelle.dz\/#organization"},"potentialAction":[{"@type":"SearchAction","target":{"@type":"EntryPoint","urlTemplate":"https:\/\/lasentinelle.dz\/?s={search_term_string}"},"query-input":{"@type":"PropertyValueSpecification","valueRequired":true,"valueName":"search_term_string"}}],"inLanguage":"fr-FR"},{"@type":"Organization","@id":"https:\/\/lasentinelle.dz\/#organization","name":"Quotidien La Sentinelle","url":"https:\/\/lasentinelle.dz\/","logo":{"@type":"ImageObject","inLanguage":"fr-FR","@id":"https:\/\/lasentinelle.dz\/#\/schema\/logo\/image\/","url":"https:\/\/lasentinelle.dz\/wp-content\/uploads\/2021\/09\/logo-sentinelleSLOGAN-1.png","contentUrl":"https:\/\/lasentinelle.dz\/wp-content\/uploads\/2021\/09\/logo-sentinelleSLOGAN-1.png","width":615,"height":142,"caption":"Quotidien La Sentinelle"},"image":{"@id":"https:\/\/lasentinelle.dz\/#\/schema\/logo\/image\/"},"sameAs":["https:\/\/www.facebook.com\/La-Sentinelle-104059864394773"]},{"@type":"Person","@id":"https:\/\/lasentinelle.dz\/#\/schema\/person\/d865044e22e70a75174ce8bcad3acfb3","name":"La Sentinelle","image":{"@type":"ImageObject","inLanguage":"fr-FR","@id":"https:\/\/secure.gravatar.com\/avatar\/57de8e5d4b15d43fb361a71fbb36338450fe67865b528a43dd10ef7c51a20392?s=96&d=mm&r=g","url":"https:\/\/secure.gravatar.com\/avatar\/57de8e5d4b15d43fb361a71fbb36338450fe67865b528a43dd10ef7c51a20392?s=96&d=mm&r=g","contentUrl":"https:\/\/secure.gravatar.com\/avatar\/57de8e5d4b15d43fb361a71fbb36338450fe67865b528a43dd10ef7c51a20392?s=96&d=mm&r=g","caption":"La Sentinelle"},"sameAs":["http:\/\/www.lasentinelle.dz"],"url":"https:\/\/lasentinelle.dz\/author\/redaction\/"}]}},"_links":{"self":[{"href":"https:\/\/lasentinelle.dz\/index.php\/wp-json\/wp\/v2\/posts\/1151","targetHints":{"allow":["GET"]}}],"collection":[{"href":"https:\/\/lasentinelle.dz\/index.php\/wp-json\/wp\/v2\/posts"}],"about":[{"href":"https:\/\/lasentinelle.dz\/index.php\/wp-json\/wp\/v2\/types\/post"}],"author":[{"embeddable":true,"href":"https:\/\/lasentinelle.dz\/index.php\/wp-json\/wp\/v2\/users\/3"}],"replies":[{"embeddable":true,"href":"https:\/\/lasentinelle.dz\/index.php\/wp-json\/wp\/v2\/comments?post=1151"}],"version-history":[{"count":1,"href":"https:\/\/lasentinelle.dz\/index.php\/wp-json\/wp\/v2\/posts\/1151\/revisions"}],"predecessor-version":[{"id":1153,"href":"https:\/\/lasentinelle.dz\/index.php\/wp-json\/wp\/v2\/posts\/1151\/revisions\/1153"}],"wp:featuredmedia":[{"embeddable":true,"href":"https:\/\/lasentinelle.dz\/index.php\/wp-json\/wp\/v2\/media\/1152"}],"wp:attachment":[{"href":"https:\/\/lasentinelle.dz\/index.php\/wp-json\/wp\/v2\/media?parent=1151"}],"wp:term":[{"taxonomy":"category","embeddable":true,"href":"https:\/\/lasentinelle.dz\/index.php\/wp-json\/wp\/v2\/categories?post=1151"},{"taxonomy":"post_tag","embeddable":true,"href":"https:\/\/lasentinelle.dz\/index.php\/wp-json\/wp\/v2\/tags?post=1151"}],"curies":[{"name":"wp","href":"https:\/\/api.w.org\/{rel}","templated":true}]}}