{"id":11614,"date":"2021-10-27T00:01:00","date_gmt":"2021-10-26T23:01:00","guid":{"rendered":"https:\/\/lasentinelle.dz\/?p=11614"},"modified":"2021-10-26T16:16:15","modified_gmt":"2021-10-26T15:16:15","slug":"situation-au-soudan-reunion-durgence-du-conseil-de-securite","status":"publish","type":"post","link":"https:\/\/lasentinelle.dz\/index.php\/2021\/10\/27\/situation-au-soudan-reunion-durgence-du-conseil-de-securite\/","title":{"rendered":"Situation au Soudan : R\u00e9union d\u2019urgence du conseil de s\u00e9curit\u00e9"},"content":{"rendered":"\n<p>Le g\u00e9n\u00e9ral Abdel Fattah al-Burhane, chef de l&rsquo;arm\u00e9e soudanaise qui a dissous, lundi, les autorit\u00e9s de transition. Son annonce du jour sous forme de conf\u00e9rence de presse devrait \u00eatre sa premi\u00e8re apparition publique depuis. Lundi matin, les d\u00e9veloppements au Soudan se sont acc\u00e9l\u00e9r\u00e9s notamment avec l&rsquo;annonce par le minist\u00e8re soudanais de la Culture et de l&rsquo;Information, de l&rsquo;arrestation, par des forces militaires conjointes, du Premier ministre Abdallah Hamdok, ainsi que la plupart des ministres et des civils du Conseil de souverainet\u00e9 et ce, avant que le pr\u00e9sident du conseil de transition au Soudan ne d\u00e9cr\u00e8te l&rsquo;Etat d&rsquo;urgence et la dissolution du gouvernement et du Conseil de souverainet\u00e9. De son c\u00f4t\u00e9, le Conseil de s\u00e9curit\u00e9 de l&rsquo;ONU devrait tenir, ce mardi apr\u00e8s-midi, une r\u00e9union d&rsquo;urgence \u00e0 huis clos sur le coup d&rsquo;Etat survenu au Soudan. Cette session a \u00e9t\u00e9 r\u00e9clam\u00e9e par six pays occidentaux, le Royaume-Uni, l&rsquo;Irlande, la Norv\u00e8ge, les Etats-Unis, l&rsquo;Estonie et la France, a-t-on pr\u00e9cis\u00e9 une source onusienne. Lors d&rsquo;une conf\u00e9rence de presse par liaison vid\u00e9o de Khartoum avec des journalistes \u00e0 New York, l&rsquo;\u00e9missaire de l&rsquo;ONU au Soudan, l&rsquo;Allemand Volker Perthes, avait indiqu\u00e9 un peu plus t\u00f4t s&rsquo;attendre \u00e0 exposer la nouvelle situation au Soudan mardi au Conseil. Il avait alors esp\u00e9r\u00e9 que ses 15 membres fassent \u00e0 nouveau preuve d&rsquo;unit\u00e9, soulignant que leurs d\u00e9clarations \u00e9taient depuis deux ans prises \u00ab\u00a0en compte plut\u00f4t s\u00e9rieusement\u00a0\u00bb par les acteurs soudanais. Selon des diplomates, des membres du Conseil envisagent de demander \u00e0 leurs partenaires d&rsquo;adopter une d\u00e9claration commune. Par ailleurs, les Etats-Unis \u00ab\u00a0<strong>condamnent fermement le putsch au Soudan et les arrestations des dirigeants civils<\/strong>, et appellent au \u00ab\u00a0r\u00e9tablissement imm\u00e9diat\u00a0\u00bb du gouvernement de transition, a indiqu\u00e9 lundi le chef de la diplomatie am\u00e9ricaine. \u00ab\u00a0<strong>Nous rejetons totalement la dissolution du gouvernement civil de transition et de ses institutions et appelons \u00e0 leur r\u00e9tablissement imm\u00e9diat\u00a0\u00bb,<\/strong> a affirm\u00e9 le secr\u00e9taire d&rsquo;Etat Antony Blinken dans un communiqu\u00e9. \u00ab\u00a0L&rsquo;arrestation du Premier ministre Hamdok et d&rsquo;autres dirigeants civils est inacceptable. Les forces militaires doivent garantir leur s\u00e9curit\u00e9 et les lib\u00e9rer imm\u00e9diatement\u00a0\u00bb, a-t-il ajout\u00e9. Washington s&rsquo;est aussi dit inquiet \u00e0 propos d&rsquo;informations rapportant des tirs \u00e0 balles r\u00e9elles sur des manifestants pacifiques par les forces de l&rsquo;ordre soudanaises, appelant \u00e0 l&rsquo;arr\u00eat imm\u00e9diat de telles violences. \u00ab\u00a0A la lumi\u00e8re de ces d\u00e9veloppements, les Etats-Unis suspendent\u00a0\u00bb une aide de 700 millions de dollars consacr\u00e9e \u00e0 la transition d\u00e9mocratique, a indiqu\u00e9 M. Blinken. Son porte-parole Ned Price avait d\u00e9j\u00e0 annonc\u00e9 cette mesure plus t\u00f4t dans la journ\u00e9e. \u00ab\u00a0Nous suspendons l&rsquo;ensemble de ce montant\u00a0\u00bb, avait-il insist\u00e9, tout en pr\u00e9cisant que cela ne concernait pas l&rsquo;aide humanitaire. Le g\u00e9n\u00e9ral Abdel Fattah al-Burhane a dissous lundi les autorit\u00e9s de transition. Le Premier ministre Abdallah Hamdok et la quasi-totalit\u00e9 des dirigeants civils ont \u00e9t\u00e9 arr\u00eat\u00e9s, dans un putsch qui s&rsquo;est d\u00e9roul\u00e9 quelques heures seulement apr\u00e8s le d\u00e9part du Soudan de l&rsquo;\u00e9missaire des Etats-Unis pour la Corne de l&rsquo;Afrique Jeffrey Feltman. Ce dernier \u00e9tait sur place justement pour tenter \u00ab\u00a0d&rsquo;am\u00e9liorer les relations\u00a0\u00bb entre \u00ab\u00a0les dirigeants civils et les dirigeants militaires\u00a0\u00bb, a expliqu\u00e9 Ned Price, assurant que le diplomate n&rsquo;avait eu aucune indication, avant de partir, de l&rsquo;imminence de ces \u00ab\u00a0actes antid\u00e9mocratiques\u00a0\u00bb. Le porte-parole du d\u00e9partement d&rsquo;Etat a aussi affirm\u00e9 que Washington n&rsquo;avait \u00ab\u00a0pas \u00e9t\u00e9 en contact\u00a0\u00bb avec le Premier ministre ou les autres acteurs politiques depuis leur arrestation. \u00ab\u00a0L&rsquo;arm\u00e9e est responsable pour leur s\u00e9curit\u00e9, leur sant\u00e9, et leurs conditions\u00a0\u00bb, et \u00ab\u00a0nous r\u00e9clamerons des comptes\u00a0\u00bb \u00e0 cet \u00e9gard, a-t-il dit. Ned Price a laiss\u00e9 planer la menace de sanctions en promettant d&rsquo;envisager \u00ab\u00a0toutes les mesures appropri\u00e9es\u00a0\u00bb pour \u00ab\u00a0faire rendre des comptes \u00e0 ceux qui ont recours \u00e0 la violence\u00a0\u00bb et \u00ab\u00a0\u00e0 ceux qui se rendraient responsables de faire d\u00e9railler la marche du Soudan vers la d\u00e9mocratie\u00a0\u00bb.<\/p>\n\n\n\n<p><strong>APS\/R.I<\/strong><\/p>\n","protected":false},"excerpt":{"rendered":"<p>Le g\u00e9n\u00e9ral Abdel Fattah al-Burhane, chef de l&rsquo;arm\u00e9e soudanaise qui a dissous, lundi, les autorit\u00e9s de transition. Son annonce du<\/p>\n","protected":false},"author":3,"featured_media":11619,"comment_status":"open","ping_status":"closed","sticky":false,"template":"","format":"standard","meta":{"colormag_page_container_layout":"default_layout","colormag_page_sidebar_layout":"default_layout","om_disable_all_campaigns":false,"_monsterinsights_skip_tracking":false,"_monsterinsights_sitenote_active":false,"_monsterinsights_sitenote_note":"","_monsterinsights_sitenote_category":0,"footnotes":"","_wpscppro_dont_share_socialmedia":false,"_wpscppro_custom_social_share_image":0,"_facebook_share_type":"","_twitter_share_type":"","_linkedin_share_type":"","_pinterest_share_type":"","_linkedin_share_type_page":"","_instagram_share_type":"","_medium_share_type":"","_threads_share_type":"","_google_business_share_type":"","_selected_social_profile":[],"_wpsp_enable_custom_social_template":false,"_wpsp_social_scheduling":{"enabled":false,"datetime":null,"platforms":[],"status":"template_only","dateOption":"today","timeOption":"now","customDays":"","customHours":"","customDate":"","customTime":"","schedulingType":"absolute"},"_wpsp_active_default_template":true},"categories":[37],"tags":[],"class_list":["post-11614","post","type-post","status-publish","format-standard","has-post-thumbnail","hentry","category-monde"],"aioseo_notices":[],"yoast_head":"<!-- This site is optimized with the Yoast SEO plugin v27.5 - https:\/\/yoast.com\/product\/yoast-seo-wordpress\/ -->\n<title>Situation au Soudan : R\u00e9union d\u2019urgence du conseil de s\u00e9curit\u00e9 - La Sentinelle<\/title>\n<meta name=\"robots\" content=\"index, follow, max-snippet:-1, max-image-preview:large, max-video-preview:-1\" \/>\n<link rel=\"canonical\" href=\"https:\/\/lasentinelle.dz\/index.php\/2021\/10\/27\/situation-au-soudan-reunion-durgence-du-conseil-de-securite\/\" \/>\n<meta property=\"og:locale\" content=\"fr_FR\" \/>\n<meta property=\"og:type\" content=\"article\" \/>\n<meta property=\"og:title\" content=\"Situation au Soudan : R\u00e9union d\u2019urgence du conseil de s\u00e9curit\u00e9 - La Sentinelle\" \/>\n<meta property=\"og:description\" content=\"Le g\u00e9n\u00e9ral Abdel Fattah al-Burhane, chef de l&rsquo;arm\u00e9e soudanaise qui a dissous, lundi, les autorit\u00e9s de transition. Son annonce du\" \/>\n<meta property=\"og:url\" content=\"https:\/\/lasentinelle.dz\/index.php\/2021\/10\/27\/situation-au-soudan-reunion-durgence-du-conseil-de-securite\/\" \/>\n<meta property=\"og:site_name\" content=\"La Sentinelle\" \/>\n<meta property=\"article:publisher\" content=\"https:\/\/www.facebook.com\/La-Sentinelle-104059864394773\" \/>\n<meta property=\"article:published_time\" content=\"2021-10-26T23:01:00+00:00\" \/>\n<meta property=\"og:image\" content=\"https:\/\/lasentinelle.dz\/wp-content\/uploads\/2021\/10\/image_2021-10-26_161547.png\" \/>\n\t<meta property=\"og:image:width\" content=\"1000\" \/>\n\t<meta property=\"og:image:height\" content=\"645\" \/>\n\t<meta property=\"og:image:type\" content=\"image\/png\" \/>\n<meta name=\"author\" content=\"La Sentinelle\" \/>\n<meta name=\"twitter:card\" content=\"summary_large_image\" \/>\n<meta name=\"twitter:label1\" content=\"\u00c9crit par\" \/>\n\t<meta name=\"twitter:data1\" content=\"La Sentinelle\" \/>\n\t<meta name=\"twitter:label2\" content=\"Dur\u00e9e de lecture estim\u00e9e\" \/>\n\t<meta name=\"twitter:data2\" content=\"3 minutes\" \/>\n<script type=\"application\/ld+json\" class=\"yoast-schema-graph\">{\"@context\":\"https:\\\/\\\/schema.org\",\"@graph\":[{\"@type\":\"Article\",\"@id\":\"https:\\\/\\\/lasentinelle.dz\\\/index.php\\\/2021\\\/10\\\/27\\\/situation-au-soudan-reunion-durgence-du-conseil-de-securite\\\/#article\",\"isPartOf\":{\"@id\":\"https:\\\/\\\/lasentinelle.dz\\\/index.php\\\/2021\\\/10\\\/27\\\/situation-au-soudan-reunion-durgence-du-conseil-de-securite\\\/\"},\"author\":{\"name\":\"La Sentinelle\",\"@id\":\"https:\\\/\\\/lasentinelle.dz\\\/#\\\/schema\\\/person\\\/d865044e22e70a75174ce8bcad3acfb3\"},\"headline\":\"Situation au Soudan : R\u00e9union d\u2019urgence du conseil de s\u00e9curit\u00e9\",\"datePublished\":\"2021-10-26T23:01:00+00:00\",\"mainEntityOfPage\":{\"@id\":\"https:\\\/\\\/lasentinelle.dz\\\/index.php\\\/2021\\\/10\\\/27\\\/situation-au-soudan-reunion-durgence-du-conseil-de-securite\\\/\"},\"wordCount\":711,\"commentCount\":0,\"publisher\":{\"@id\":\"https:\\\/\\\/lasentinelle.dz\\\/#organization\"},\"image\":{\"@id\":\"https:\\\/\\\/lasentinelle.dz\\\/index.php\\\/2021\\\/10\\\/27\\\/situation-au-soudan-reunion-durgence-du-conseil-de-securite\\\/#primaryimage\"},\"thumbnailUrl\":\"https:\\\/\\\/lasentinelle.dz\\\/wp-content\\\/uploads\\\/2021\\\/10\\\/image_2021-10-26_161547.png\",\"articleSection\":[\"Monde\"],\"inLanguage\":\"fr-FR\",\"potentialAction\":[{\"@type\":\"CommentAction\",\"name\":\"Comment\",\"target\":[\"https:\\\/\\\/lasentinelle.dz\\\/index.php\\\/2021\\\/10\\\/27\\\/situation-au-soudan-reunion-durgence-du-conseil-de-securite\\\/#respond\"]}]},{\"@type\":\"WebPage\",\"@id\":\"https:\\\/\\\/lasentinelle.dz\\\/index.php\\\/2021\\\/10\\\/27\\\/situation-au-soudan-reunion-durgence-du-conseil-de-securite\\\/\",\"url\":\"https:\\\/\\\/lasentinelle.dz\\\/index.php\\\/2021\\\/10\\\/27\\\/situation-au-soudan-reunion-durgence-du-conseil-de-securite\\\/\",\"name\":\"Situation au Soudan : R\u00e9union d\u2019urgence du conseil de s\u00e9curit\u00e9 - La Sentinelle\",\"isPartOf\":{\"@id\":\"https:\\\/\\\/lasentinelle.dz\\\/#website\"},\"primaryImageOfPage\":{\"@id\":\"https:\\\/\\\/lasentinelle.dz\\\/index.php\\\/2021\\\/10\\\/27\\\/situation-au-soudan-reunion-durgence-du-conseil-de-securite\\\/#primaryimage\"},\"image\":{\"@id\":\"https:\\\/\\\/lasentinelle.dz\\\/index.php\\\/2021\\\/10\\\/27\\\/situation-au-soudan-reunion-durgence-du-conseil-de-securite\\\/#primaryimage\"},\"thumbnailUrl\":\"https:\\\/\\\/lasentinelle.dz\\\/wp-content\\\/uploads\\\/2021\\\/10\\\/image_2021-10-26_161547.png\",\"datePublished\":\"2021-10-26T23:01:00+00:00\",\"breadcrumb\":{\"@id\":\"https:\\\/\\\/lasentinelle.dz\\\/index.php\\\/2021\\\/10\\\/27\\\/situation-au-soudan-reunion-durgence-du-conseil-de-securite\\\/#breadcrumb\"},\"inLanguage\":\"fr-FR\",\"potentialAction\":[{\"@type\":\"ReadAction\",\"target\":[\"https:\\\/\\\/lasentinelle.dz\\\/index.php\\\/2021\\\/10\\\/27\\\/situation-au-soudan-reunion-durgence-du-conseil-de-securite\\\/\"]}]},{\"@type\":\"ImageObject\",\"inLanguage\":\"fr-FR\",\"@id\":\"https:\\\/\\\/lasentinelle.dz\\\/index.php\\\/2021\\\/10\\\/27\\\/situation-au-soudan-reunion-durgence-du-conseil-de-securite\\\/#primaryimage\",\"url\":\"https:\\\/\\\/lasentinelle.dz\\\/wp-content\\\/uploads\\\/2021\\\/10\\\/image_2021-10-26_161547.png\",\"contentUrl\":\"https:\\\/\\\/lasentinelle.dz\\\/wp-content\\\/uploads\\\/2021\\\/10\\\/image_2021-10-26_161547.png\",\"width\":1000,\"height\":645},{\"@type\":\"BreadcrumbList\",\"@id\":\"https:\\\/\\\/lasentinelle.dz\\\/index.php\\\/2021\\\/10\\\/27\\\/situation-au-soudan-reunion-durgence-du-conseil-de-securite\\\/#breadcrumb\",\"itemListElement\":[{\"@type\":\"ListItem\",\"position\":1,\"name\":\"Accueil\",\"item\":\"https:\\\/\\\/lasentinelle.dz\\\/\"},{\"@type\":\"ListItem\",\"position\":2,\"name\":\"Situation au Soudan : R\u00e9union d\u2019urgence du conseil de s\u00e9curit\u00e9\"}]},{\"@type\":\"WebSite\",\"@id\":\"https:\\\/\\\/lasentinelle.dz\\\/#website\",\"url\":\"https:\\\/\\\/lasentinelle.dz\\\/\",\"name\":\"La Sentinelle\",\"description\":\"Quotidien national d&#039;information\",\"publisher\":{\"@id\":\"https:\\\/\\\/lasentinelle.dz\\\/#organization\"},\"potentialAction\":[{\"@type\":\"SearchAction\",\"target\":{\"@type\":\"EntryPoint\",\"urlTemplate\":\"https:\\\/\\\/lasentinelle.dz\\\/?s={search_term_string}\"},\"query-input\":{\"@type\":\"PropertyValueSpecification\",\"valueRequired\":true,\"valueName\":\"search_term_string\"}}],\"inLanguage\":\"fr-FR\"},{\"@type\":\"Organization\",\"@id\":\"https:\\\/\\\/lasentinelle.dz\\\/#organization\",\"name\":\"Quotidien La Sentinelle\",\"url\":\"https:\\\/\\\/lasentinelle.dz\\\/\",\"logo\":{\"@type\":\"ImageObject\",\"inLanguage\":\"fr-FR\",\"@id\":\"https:\\\/\\\/lasentinelle.dz\\\/#\\\/schema\\\/logo\\\/image\\\/\",\"url\":\"https:\\\/\\\/lasentinelle.dz\\\/wp-content\\\/uploads\\\/2021\\\/09\\\/logo-sentinelleSLOGAN-1.png\",\"contentUrl\":\"https:\\\/\\\/lasentinelle.dz\\\/wp-content\\\/uploads\\\/2021\\\/09\\\/logo-sentinelleSLOGAN-1.png\",\"width\":615,\"height\":142,\"caption\":\"Quotidien La Sentinelle\"},\"image\":{\"@id\":\"https:\\\/\\\/lasentinelle.dz\\\/#\\\/schema\\\/logo\\\/image\\\/\"},\"sameAs\":[\"https:\\\/\\\/www.facebook.com\\\/La-Sentinelle-104059864394773\"]},{\"@type\":\"Person\",\"@id\":\"https:\\\/\\\/lasentinelle.dz\\\/#\\\/schema\\\/person\\\/d865044e22e70a75174ce8bcad3acfb3\",\"name\":\"La Sentinelle\",\"image\":{\"@type\":\"ImageObject\",\"inLanguage\":\"fr-FR\",\"@id\":\"https:\\\/\\\/secure.gravatar.com\\\/avatar\\\/57de8e5d4b15d43fb361a71fbb36338450fe67865b528a43dd10ef7c51a20392?s=96&d=mm&r=g\",\"url\":\"https:\\\/\\\/secure.gravatar.com\\\/avatar\\\/57de8e5d4b15d43fb361a71fbb36338450fe67865b528a43dd10ef7c51a20392?s=96&d=mm&r=g\",\"contentUrl\":\"https:\\\/\\\/secure.gravatar.com\\\/avatar\\\/57de8e5d4b15d43fb361a71fbb36338450fe67865b528a43dd10ef7c51a20392?s=96&d=mm&r=g\",\"caption\":\"La Sentinelle\"},\"sameAs\":[\"http:\\\/\\\/www.lasentinelle.dz\"],\"url\":\"https:\\\/\\\/lasentinelle.dz\\\/author\\\/redaction\\\/\"}]}<\/script>\n<!-- \/ Yoast SEO plugin. -->","yoast_head_json":{"title":"Situation au Soudan : R\u00e9union d\u2019urgence du conseil de s\u00e9curit\u00e9 - La Sentinelle","robots":{"index":"index","follow":"follow","max-snippet":"max-snippet:-1","max-image-preview":"max-image-preview:large","max-video-preview":"max-video-preview:-1"},"canonical":"https:\/\/lasentinelle.dz\/index.php\/2021\/10\/27\/situation-au-soudan-reunion-durgence-du-conseil-de-securite\/","og_locale":"fr_FR","og_type":"article","og_title":"Situation au Soudan : R\u00e9union d\u2019urgence du conseil de s\u00e9curit\u00e9 - La Sentinelle","og_description":"Le g\u00e9n\u00e9ral Abdel Fattah al-Burhane, chef de l&rsquo;arm\u00e9e soudanaise qui a dissous, lundi, les autorit\u00e9s de transition. Son annonce du","og_url":"https:\/\/lasentinelle.dz\/index.php\/2021\/10\/27\/situation-au-soudan-reunion-durgence-du-conseil-de-securite\/","og_site_name":"La Sentinelle","article_publisher":"https:\/\/www.facebook.com\/La-Sentinelle-104059864394773","article_published_time":"2021-10-26T23:01:00+00:00","og_image":[{"width":1000,"height":645,"url":"https:\/\/lasentinelle.dz\/wp-content\/uploads\/2021\/10\/image_2021-10-26_161547.png","type":"image\/png"}],"author":"La Sentinelle","twitter_card":"summary_large_image","twitter_misc":{"\u00c9crit par":"La Sentinelle","Dur\u00e9e de lecture estim\u00e9e":"3 minutes"},"schema":{"@context":"https:\/\/schema.org","@graph":[{"@type":"Article","@id":"https:\/\/lasentinelle.dz\/index.php\/2021\/10\/27\/situation-au-soudan-reunion-durgence-du-conseil-de-securite\/#article","isPartOf":{"@id":"https:\/\/lasentinelle.dz\/index.php\/2021\/10\/27\/situation-au-soudan-reunion-durgence-du-conseil-de-securite\/"},"author":{"name":"La Sentinelle","@id":"https:\/\/lasentinelle.dz\/#\/schema\/person\/d865044e22e70a75174ce8bcad3acfb3"},"headline":"Situation au Soudan : R\u00e9union d\u2019urgence du conseil de s\u00e9curit\u00e9","datePublished":"2021-10-26T23:01:00+00:00","mainEntityOfPage":{"@id":"https:\/\/lasentinelle.dz\/index.php\/2021\/10\/27\/situation-au-soudan-reunion-durgence-du-conseil-de-securite\/"},"wordCount":711,"commentCount":0,"publisher":{"@id":"https:\/\/lasentinelle.dz\/#organization"},"image":{"@id":"https:\/\/lasentinelle.dz\/index.php\/2021\/10\/27\/situation-au-soudan-reunion-durgence-du-conseil-de-securite\/#primaryimage"},"thumbnailUrl":"https:\/\/lasentinelle.dz\/wp-content\/uploads\/2021\/10\/image_2021-10-26_161547.png","articleSection":["Monde"],"inLanguage":"fr-FR","potentialAction":[{"@type":"CommentAction","name":"Comment","target":["https:\/\/lasentinelle.dz\/index.php\/2021\/10\/27\/situation-au-soudan-reunion-durgence-du-conseil-de-securite\/#respond"]}]},{"@type":"WebPage","@id":"https:\/\/lasentinelle.dz\/index.php\/2021\/10\/27\/situation-au-soudan-reunion-durgence-du-conseil-de-securite\/","url":"https:\/\/lasentinelle.dz\/index.php\/2021\/10\/27\/situation-au-soudan-reunion-durgence-du-conseil-de-securite\/","name":"Situation au Soudan : R\u00e9union d\u2019urgence du conseil de s\u00e9curit\u00e9 - La Sentinelle","isPartOf":{"@id":"https:\/\/lasentinelle.dz\/#website"},"primaryImageOfPage":{"@id":"https:\/\/lasentinelle.dz\/index.php\/2021\/10\/27\/situation-au-soudan-reunion-durgence-du-conseil-de-securite\/#primaryimage"},"image":{"@id":"https:\/\/lasentinelle.dz\/index.php\/2021\/10\/27\/situation-au-soudan-reunion-durgence-du-conseil-de-securite\/#primaryimage"},"thumbnailUrl":"https:\/\/lasentinelle.dz\/wp-content\/uploads\/2021\/10\/image_2021-10-26_161547.png","datePublished":"2021-10-26T23:01:00+00:00","breadcrumb":{"@id":"https:\/\/lasentinelle.dz\/index.php\/2021\/10\/27\/situation-au-soudan-reunion-durgence-du-conseil-de-securite\/#breadcrumb"},"inLanguage":"fr-FR","potentialAction":[{"@type":"ReadAction","target":["https:\/\/lasentinelle.dz\/index.php\/2021\/10\/27\/situation-au-soudan-reunion-durgence-du-conseil-de-securite\/"]}]},{"@type":"ImageObject","inLanguage":"fr-FR","@id":"https:\/\/lasentinelle.dz\/index.php\/2021\/10\/27\/situation-au-soudan-reunion-durgence-du-conseil-de-securite\/#primaryimage","url":"https:\/\/lasentinelle.dz\/wp-content\/uploads\/2021\/10\/image_2021-10-26_161547.png","contentUrl":"https:\/\/lasentinelle.dz\/wp-content\/uploads\/2021\/10\/image_2021-10-26_161547.png","width":1000,"height":645},{"@type":"BreadcrumbList","@id":"https:\/\/lasentinelle.dz\/index.php\/2021\/10\/27\/situation-au-soudan-reunion-durgence-du-conseil-de-securite\/#breadcrumb","itemListElement":[{"@type":"ListItem","position":1,"name":"Accueil","item":"https:\/\/lasentinelle.dz\/"},{"@type":"ListItem","position":2,"name":"Situation au Soudan : R\u00e9union d\u2019urgence du conseil de s\u00e9curit\u00e9"}]},{"@type":"WebSite","@id":"https:\/\/lasentinelle.dz\/#website","url":"https:\/\/lasentinelle.dz\/","name":"La Sentinelle","description":"Quotidien national d&#039;information","publisher":{"@id":"https:\/\/lasentinelle.dz\/#organization"},"potentialAction":[{"@type":"SearchAction","target":{"@type":"EntryPoint","urlTemplate":"https:\/\/lasentinelle.dz\/?s={search_term_string}"},"query-input":{"@type":"PropertyValueSpecification","valueRequired":true,"valueName":"search_term_string"}}],"inLanguage":"fr-FR"},{"@type":"Organization","@id":"https:\/\/lasentinelle.dz\/#organization","name":"Quotidien La Sentinelle","url":"https:\/\/lasentinelle.dz\/","logo":{"@type":"ImageObject","inLanguage":"fr-FR","@id":"https:\/\/lasentinelle.dz\/#\/schema\/logo\/image\/","url":"https:\/\/lasentinelle.dz\/wp-content\/uploads\/2021\/09\/logo-sentinelleSLOGAN-1.png","contentUrl":"https:\/\/lasentinelle.dz\/wp-content\/uploads\/2021\/09\/logo-sentinelleSLOGAN-1.png","width":615,"height":142,"caption":"Quotidien La Sentinelle"},"image":{"@id":"https:\/\/lasentinelle.dz\/#\/schema\/logo\/image\/"},"sameAs":["https:\/\/www.facebook.com\/La-Sentinelle-104059864394773"]},{"@type":"Person","@id":"https:\/\/lasentinelle.dz\/#\/schema\/person\/d865044e22e70a75174ce8bcad3acfb3","name":"La Sentinelle","image":{"@type":"ImageObject","inLanguage":"fr-FR","@id":"https:\/\/secure.gravatar.com\/avatar\/57de8e5d4b15d43fb361a71fbb36338450fe67865b528a43dd10ef7c51a20392?s=96&d=mm&r=g","url":"https:\/\/secure.gravatar.com\/avatar\/57de8e5d4b15d43fb361a71fbb36338450fe67865b528a43dd10ef7c51a20392?s=96&d=mm&r=g","contentUrl":"https:\/\/secure.gravatar.com\/avatar\/57de8e5d4b15d43fb361a71fbb36338450fe67865b528a43dd10ef7c51a20392?s=96&d=mm&r=g","caption":"La Sentinelle"},"sameAs":["http:\/\/www.lasentinelle.dz"],"url":"https:\/\/lasentinelle.dz\/author\/redaction\/"}]}},"_links":{"self":[{"href":"https:\/\/lasentinelle.dz\/index.php\/wp-json\/wp\/v2\/posts\/11614","targetHints":{"allow":["GET"]}}],"collection":[{"href":"https:\/\/lasentinelle.dz\/index.php\/wp-json\/wp\/v2\/posts"}],"about":[{"href":"https:\/\/lasentinelle.dz\/index.php\/wp-json\/wp\/v2\/types\/post"}],"author":[{"embeddable":true,"href":"https:\/\/lasentinelle.dz\/index.php\/wp-json\/wp\/v2\/users\/3"}],"replies":[{"embeddable":true,"href":"https:\/\/lasentinelle.dz\/index.php\/wp-json\/wp\/v2\/comments?post=11614"}],"version-history":[{"count":1,"href":"https:\/\/lasentinelle.dz\/index.php\/wp-json\/wp\/v2\/posts\/11614\/revisions"}],"predecessor-version":[{"id":11618,"href":"https:\/\/lasentinelle.dz\/index.php\/wp-json\/wp\/v2\/posts\/11614\/revisions\/11618"}],"wp:featuredmedia":[{"embeddable":true,"href":"https:\/\/lasentinelle.dz\/index.php\/wp-json\/wp\/v2\/media\/11619"}],"wp:attachment":[{"href":"https:\/\/lasentinelle.dz\/index.php\/wp-json\/wp\/v2\/media?parent=11614"}],"wp:term":[{"taxonomy":"category","embeddable":true,"href":"https:\/\/lasentinelle.dz\/index.php\/wp-json\/wp\/v2\/categories?post=11614"},{"taxonomy":"post_tag","embeddable":true,"href":"https:\/\/lasentinelle.dz\/index.php\/wp-json\/wp\/v2\/tags?post=11614"}],"curies":[{"name":"wp","href":"https:\/\/api.w.org\/{rel}","templated":true}]}}