{"id":11671,"date":"2021-10-27T00:01:00","date_gmt":"2021-10-26T23:01:00","guid":{"rendered":"https:\/\/lasentinelle.dz\/?p=11671"},"modified":"2021-10-26T19:52:07","modified_gmt":"2021-10-26T18:52:07","slug":"reglement-de-la-question-sahraouie-le-dialogue-entre-le-maroc-et-le-front-polisario-est-la-seule-voie","status":"publish","type":"post","link":"https:\/\/lasentinelle.dz\/index.php\/2021\/10\/27\/reglement-de-la-question-sahraouie-le-dialogue-entre-le-maroc-et-le-front-polisario-est-la-seule-voie\/","title":{"rendered":"R\u00e8glement de la question sahraouie : Le dialogue entre le Maroc et le Front Polisario est la seule voie"},"content":{"rendered":"\n<p>L&rsquo;Alg\u00e9rie consid\u00e8re que seul un dialogue direct entre le Front Polisario et le Maroc, repr\u00e9sente une voie pour parvenir \u00e0 un r\u00e8glement juste et durable du conflit au Sahara occidental, a affirm\u00e9 le repr\u00e9sentant permanent de l&rsquo;Alg\u00e9rie aupr\u00e8s des Nations unies, Sofiane Mimouni qui intervenait , hier,au cours du d\u00e9bat g\u00e9n\u00e9ral de la quatri\u00e8me commission de l&rsquo;ONU en charge des questions politiques sp\u00e9ciales et de la d\u00e9colonisation.&nbsp;\u00ab\u00a0Seul un dialogue direct entre le Front Polisario et le Royaume du Maroc, dans un esprit de respect et d&rsquo;engagement authentique, pourrait ouvrir la voie \u00e0 un v\u00e9ritable espoir de construire une paix durable dans la r\u00e9gion\u00a0\u00bb, affirmait-il, exprimant par l\u00e0 m\u00eame le v\u0153u de l&rsquo;Alg\u00e9rie que \u00ab\u00a0les efforts du secr\u00e9taire g\u00e9n\u00e9ral des Nations unies Antonio Guterres et de son Envoy\u00e9 personnel Staffan de Mistura\u00a0\u00bb dont la nomination&nbsp;est une \u00e9tape positive&nbsp;\u00ab\u00a0conduisent \u00e0 une reprise effective du processus de r\u00e8glement de ce conflit\u00a0\u00bb au Sahara occidental, occup\u00e9 par le Maroc depuis 1975&Prime;.Jeudi dernier, dans une missive envoy\u00e9e au pr\u00e9sident du Conseil de s\u00e9curit\u00e9 Martin Kimani et au chef de l\u2019ONU,&nbsp;la d\u00e9l\u00e9gation alg\u00e9rienne \u00e0 New York&nbsp;avait exprim\u00e9 le refus de l&rsquo;Alg\u00e9rie de prendre part \u00e0 l&rsquo;initiative appel\u00e9e \u00ab\u00a0format &nbsp;de +tables rondes+ pour la reprise des n\u00e9gociations sur le Sahara occidental. Ce projet de r\u00e9solution sur la prorogation de la Minurso, pr\u00e9cise la d\u00e9l\u00e9gation alg\u00e9rienne, est \u00ab\u00a0inefficace et contre-productif\u00a0\u00bb, \u00ab\u00a0du fait de leur instrumentalisation par les autorit\u00e9s marocaines pour se d\u00e9tourner de leurs responsabilit\u00e9s et d\u00e9former la r\u00e9alit\u00e9 du conflit au Sahara occidental comme question de d\u00e9colonisation\u00a0\u00bb. \u00a0\u00bb Sur instruction de notre gouvernement, je vous \u00e9cris pour r\u00e9it\u00e9rer la position de mon pays concernant la r\u00e9f\u00e9rence dans le projet de r\u00e9solution sur le renouvellement de la Mission des Nations Unies pour le r\u00e9f\u00e9rendum au Sahara occidental (Minusro) aux soi-disant +tables rondes +\u00a0\u00bb, \u00e9crivait la d\u00e9l\u00e9gation alg\u00e9rienne qui rappelait que \u00a0\u00bb L&rsquo;Alg\u00e9rie n&rsquo;a jamais consid\u00e9r\u00e9 ces +tables rondes + comme le format ultime pour la conduite du processus politique au Sahara occidental mais plut\u00f4t comme une \u00e9tape de transition vers des n\u00e9gociations entre le Royaume du Maroc et le Front Polisario \u00ab\u00a0.Aussi, tout en r\u00e9affirmant son engagement \u00e0 soutenir les efforts du SG de l\u2019ONU en vue de relancer les n\u00e9gociations directes entre les deux parties au conflit, le Front Polisario et le Maroc, avertit la mission alg\u00e9rienne \u00e0 New York, l\u2019Alg\u00e9rie ne va en aucun cas prendre part \u00e0 ces&nbsp; tables rondes&nbsp;et rejette fermement toute r\u00e9f\u00e9rence \u00e0 tout engagement en son nom de participer \u00e0 de telles tables rondes \u00ab\u00a0. Cependant, rappelle la d\u00e9l\u00e9gation alg\u00e9rienne, l&rsquo;Alg\u00e9rie \u00a0\u00bb reste d\u00e9termin\u00e9e \u00e0 soutenir les efforts du Secr\u00e9taire g\u00e9n\u00e9ral des Nations Unies et son appel aux membres du Conseil de s\u00e9curit\u00e9 \u00e0 &nbsp;encourager le Maroc et le Front Polisario \u00e0 s&rsquo;engager de bonne foi et sans condition dans le processus politique\u00a0\u00bb.<\/p>\n\n\n\n<p><strong>Akli Amor<\/strong><\/p>\n","protected":false},"excerpt":{"rendered":"<p>L&rsquo;Alg\u00e9rie consid\u00e8re que seul un dialogue direct entre le Front Polisario et le Maroc, repr\u00e9sente une voie pour parvenir \u00e0<\/p>\n","protected":false},"author":3,"featured_media":11677,"comment_status":"open","ping_status":"closed","sticky":false,"template":"","format":"standard","meta":{"colormag_page_container_layout":"default_layout","colormag_page_sidebar_layout":"default_layout","om_disable_all_campaigns":false,"_monsterinsights_skip_tracking":false,"_monsterinsights_sitenote_active":false,"_monsterinsights_sitenote_note":"","_monsterinsights_sitenote_category":0,"footnotes":"","_wpscppro_dont_share_socialmedia":false,"_wpscppro_custom_social_share_image":0,"_facebook_share_type":"","_twitter_share_type":"","_linkedin_share_type":"","_pinterest_share_type":"","_linkedin_share_type_page":"","_instagram_share_type":"","_medium_share_type":"","_threads_share_type":"","_google_business_share_type":"","_selected_social_profile":[],"_wpsp_enable_custom_social_template":false,"_wpsp_social_scheduling":{"enabled":false,"datetime":null,"platforms":[],"status":"template_only","dateOption":"today","timeOption":"now","customDays":"","customHours":"","customDate":"","customTime":"","schedulingType":"absolute"},"_wpsp_active_default_template":true},"categories":[27],"tags":[],"class_list":["post-11671","post","type-post","status-publish","format-standard","has-post-thumbnail","hentry","category-actualite"],"aioseo_notices":[],"yoast_head":"<!-- This site is optimized with the Yoast SEO plugin v27.5 - https:\/\/yoast.com\/product\/yoast-seo-wordpress\/ -->\n<title>R\u00e8glement de la question sahraouie : Le dialogue entre le Maroc et le Front Polisario est la seule voie - La Sentinelle<\/title>\n<meta name=\"robots\" content=\"index, follow, max-snippet:-1, max-image-preview:large, max-video-preview:-1\" \/>\n<link rel=\"canonical\" href=\"https:\/\/lasentinelle.dz\/index.php\/2021\/10\/27\/reglement-de-la-question-sahraouie-le-dialogue-entre-le-maroc-et-le-front-polisario-est-la-seule-voie\/\" \/>\n<meta property=\"og:locale\" content=\"fr_FR\" \/>\n<meta property=\"og:type\" content=\"article\" \/>\n<meta property=\"og:title\" content=\"R\u00e8glement de la question sahraouie : Le dialogue entre le Maroc et le Front Polisario est la seule voie - La Sentinelle\" \/>\n<meta property=\"og:description\" content=\"L&rsquo;Alg\u00e9rie consid\u00e8re que seul un dialogue direct entre le Front Polisario et le Maroc, repr\u00e9sente une voie pour parvenir \u00e0\" \/>\n<meta property=\"og:url\" content=\"https:\/\/lasentinelle.dz\/index.php\/2021\/10\/27\/reglement-de-la-question-sahraouie-le-dialogue-entre-le-maroc-et-le-front-polisario-est-la-seule-voie\/\" \/>\n<meta property=\"og:site_name\" content=\"La Sentinelle\" \/>\n<meta property=\"article:publisher\" content=\"https:\/\/www.facebook.com\/La-Sentinelle-104059864394773\" \/>\n<meta property=\"article:published_time\" content=\"2021-10-26T23:01:00+00:00\" \/>\n<meta property=\"og:image\" content=\"https:\/\/lasentinelle.dz\/wp-content\/uploads\/2021\/10\/image_2021-10-26_195157.png\" \/>\n\t<meta property=\"og:image:width\" content=\"770\" \/>\n\t<meta property=\"og:image:height\" content=\"512\" \/>\n\t<meta property=\"og:image:type\" content=\"image\/png\" \/>\n<meta name=\"author\" content=\"La Sentinelle\" \/>\n<meta name=\"twitter:card\" content=\"summary_large_image\" \/>\n<meta name=\"twitter:label1\" content=\"\u00c9crit par\" \/>\n\t<meta name=\"twitter:data1\" content=\"La Sentinelle\" \/>\n\t<meta name=\"twitter:label2\" content=\"Dur\u00e9e de lecture estim\u00e9e\" \/>\n\t<meta name=\"twitter:data2\" content=\"2 minutes\" \/>\n<script type=\"application\/ld+json\" class=\"yoast-schema-graph\">{\"@context\":\"https:\\\/\\\/schema.org\",\"@graph\":[{\"@type\":\"Article\",\"@id\":\"https:\\\/\\\/lasentinelle.dz\\\/index.php\\\/2021\\\/10\\\/27\\\/reglement-de-la-question-sahraouie-le-dialogue-entre-le-maroc-et-le-front-polisario-est-la-seule-voie\\\/#article\",\"isPartOf\":{\"@id\":\"https:\\\/\\\/lasentinelle.dz\\\/index.php\\\/2021\\\/10\\\/27\\\/reglement-de-la-question-sahraouie-le-dialogue-entre-le-maroc-et-le-front-polisario-est-la-seule-voie\\\/\"},\"author\":{\"name\":\"La Sentinelle\",\"@id\":\"https:\\\/\\\/lasentinelle.dz\\\/#\\\/schema\\\/person\\\/d865044e22e70a75174ce8bcad3acfb3\"},\"headline\":\"R\u00e8glement de la question sahraouie : Le dialogue entre le Maroc et le Front Polisario est la seule voie\",\"datePublished\":\"2021-10-26T23:01:00+00:00\",\"mainEntityOfPage\":{\"@id\":\"https:\\\/\\\/lasentinelle.dz\\\/index.php\\\/2021\\\/10\\\/27\\\/reglement-de-la-question-sahraouie-le-dialogue-entre-le-maroc-et-le-front-polisario-est-la-seule-voie\\\/\"},\"wordCount\":564,\"commentCount\":0,\"publisher\":{\"@id\":\"https:\\\/\\\/lasentinelle.dz\\\/#organization\"},\"image\":{\"@id\":\"https:\\\/\\\/lasentinelle.dz\\\/index.php\\\/2021\\\/10\\\/27\\\/reglement-de-la-question-sahraouie-le-dialogue-entre-le-maroc-et-le-front-polisario-est-la-seule-voie\\\/#primaryimage\"},\"thumbnailUrl\":\"https:\\\/\\\/lasentinelle.dz\\\/wp-content\\\/uploads\\\/2021\\\/10\\\/image_2021-10-26_195157.png\",\"articleSection\":[\"Actualit\u00e9\"],\"inLanguage\":\"fr-FR\",\"potentialAction\":[{\"@type\":\"CommentAction\",\"name\":\"Comment\",\"target\":[\"https:\\\/\\\/lasentinelle.dz\\\/index.php\\\/2021\\\/10\\\/27\\\/reglement-de-la-question-sahraouie-le-dialogue-entre-le-maroc-et-le-front-polisario-est-la-seule-voie\\\/#respond\"]}]},{\"@type\":\"WebPage\",\"@id\":\"https:\\\/\\\/lasentinelle.dz\\\/index.php\\\/2021\\\/10\\\/27\\\/reglement-de-la-question-sahraouie-le-dialogue-entre-le-maroc-et-le-front-polisario-est-la-seule-voie\\\/\",\"url\":\"https:\\\/\\\/lasentinelle.dz\\\/index.php\\\/2021\\\/10\\\/27\\\/reglement-de-la-question-sahraouie-le-dialogue-entre-le-maroc-et-le-front-polisario-est-la-seule-voie\\\/\",\"name\":\"R\u00e8glement de la question sahraouie : Le dialogue entre le Maroc et le Front Polisario est la seule voie - La Sentinelle\",\"isPartOf\":{\"@id\":\"https:\\\/\\\/lasentinelle.dz\\\/#website\"},\"primaryImageOfPage\":{\"@id\":\"https:\\\/\\\/lasentinelle.dz\\\/index.php\\\/2021\\\/10\\\/27\\\/reglement-de-la-question-sahraouie-le-dialogue-entre-le-maroc-et-le-front-polisario-est-la-seule-voie\\\/#primaryimage\"},\"image\":{\"@id\":\"https:\\\/\\\/lasentinelle.dz\\\/index.php\\\/2021\\\/10\\\/27\\\/reglement-de-la-question-sahraouie-le-dialogue-entre-le-maroc-et-le-front-polisario-est-la-seule-voie\\\/#primaryimage\"},\"thumbnailUrl\":\"https:\\\/\\\/lasentinelle.dz\\\/wp-content\\\/uploads\\\/2021\\\/10\\\/image_2021-10-26_195157.png\",\"datePublished\":\"2021-10-26T23:01:00+00:00\",\"breadcrumb\":{\"@id\":\"https:\\\/\\\/lasentinelle.dz\\\/index.php\\\/2021\\\/10\\\/27\\\/reglement-de-la-question-sahraouie-le-dialogue-entre-le-maroc-et-le-front-polisario-est-la-seule-voie\\\/#breadcrumb\"},\"inLanguage\":\"fr-FR\",\"potentialAction\":[{\"@type\":\"ReadAction\",\"target\":[\"https:\\\/\\\/lasentinelle.dz\\\/index.php\\\/2021\\\/10\\\/27\\\/reglement-de-la-question-sahraouie-le-dialogue-entre-le-maroc-et-le-front-polisario-est-la-seule-voie\\\/\"]}]},{\"@type\":\"ImageObject\",\"inLanguage\":\"fr-FR\",\"@id\":\"https:\\\/\\\/lasentinelle.dz\\\/index.php\\\/2021\\\/10\\\/27\\\/reglement-de-la-question-sahraouie-le-dialogue-entre-le-maroc-et-le-front-polisario-est-la-seule-voie\\\/#primaryimage\",\"url\":\"https:\\\/\\\/lasentinelle.dz\\\/wp-content\\\/uploads\\\/2021\\\/10\\\/image_2021-10-26_195157.png\",\"contentUrl\":\"https:\\\/\\\/lasentinelle.dz\\\/wp-content\\\/uploads\\\/2021\\\/10\\\/image_2021-10-26_195157.png\",\"width\":770,\"height\":512},{\"@type\":\"BreadcrumbList\",\"@id\":\"https:\\\/\\\/lasentinelle.dz\\\/index.php\\\/2021\\\/10\\\/27\\\/reglement-de-la-question-sahraouie-le-dialogue-entre-le-maroc-et-le-front-polisario-est-la-seule-voie\\\/#breadcrumb\",\"itemListElement\":[{\"@type\":\"ListItem\",\"position\":1,\"name\":\"Accueil\",\"item\":\"https:\\\/\\\/lasentinelle.dz\\\/\"},{\"@type\":\"ListItem\",\"position\":2,\"name\":\"R\u00e8glement de la question sahraouie : Le dialogue entre le Maroc et le Front Polisario est la seule voie\"}]},{\"@type\":\"WebSite\",\"@id\":\"https:\\\/\\\/lasentinelle.dz\\\/#website\",\"url\":\"https:\\\/\\\/lasentinelle.dz\\\/\",\"name\":\"La Sentinelle\",\"description\":\"Quotidien national d&#039;information\",\"publisher\":{\"@id\":\"https:\\\/\\\/lasentinelle.dz\\\/#organization\"},\"potentialAction\":[{\"@type\":\"SearchAction\",\"target\":{\"@type\":\"EntryPoint\",\"urlTemplate\":\"https:\\\/\\\/lasentinelle.dz\\\/?s={search_term_string}\"},\"query-input\":{\"@type\":\"PropertyValueSpecification\",\"valueRequired\":true,\"valueName\":\"search_term_string\"}}],\"inLanguage\":\"fr-FR\"},{\"@type\":\"Organization\",\"@id\":\"https:\\\/\\\/lasentinelle.dz\\\/#organization\",\"name\":\"Quotidien La Sentinelle\",\"url\":\"https:\\\/\\\/lasentinelle.dz\\\/\",\"logo\":{\"@type\":\"ImageObject\",\"inLanguage\":\"fr-FR\",\"@id\":\"https:\\\/\\\/lasentinelle.dz\\\/#\\\/schema\\\/logo\\\/image\\\/\",\"url\":\"https:\\\/\\\/lasentinelle.dz\\\/wp-content\\\/uploads\\\/2021\\\/09\\\/logo-sentinelleSLOGAN-1.png\",\"contentUrl\":\"https:\\\/\\\/lasentinelle.dz\\\/wp-content\\\/uploads\\\/2021\\\/09\\\/logo-sentinelleSLOGAN-1.png\",\"width\":615,\"height\":142,\"caption\":\"Quotidien La Sentinelle\"},\"image\":{\"@id\":\"https:\\\/\\\/lasentinelle.dz\\\/#\\\/schema\\\/logo\\\/image\\\/\"},\"sameAs\":[\"https:\\\/\\\/www.facebook.com\\\/La-Sentinelle-104059864394773\"]},{\"@type\":\"Person\",\"@id\":\"https:\\\/\\\/lasentinelle.dz\\\/#\\\/schema\\\/person\\\/d865044e22e70a75174ce8bcad3acfb3\",\"name\":\"La Sentinelle\",\"image\":{\"@type\":\"ImageObject\",\"inLanguage\":\"fr-FR\",\"@id\":\"https:\\\/\\\/secure.gravatar.com\\\/avatar\\\/57de8e5d4b15d43fb361a71fbb36338450fe67865b528a43dd10ef7c51a20392?s=96&d=mm&r=g\",\"url\":\"https:\\\/\\\/secure.gravatar.com\\\/avatar\\\/57de8e5d4b15d43fb361a71fbb36338450fe67865b528a43dd10ef7c51a20392?s=96&d=mm&r=g\",\"contentUrl\":\"https:\\\/\\\/secure.gravatar.com\\\/avatar\\\/57de8e5d4b15d43fb361a71fbb36338450fe67865b528a43dd10ef7c51a20392?s=96&d=mm&r=g\",\"caption\":\"La Sentinelle\"},\"sameAs\":[\"http:\\\/\\\/www.lasentinelle.dz\"],\"url\":\"https:\\\/\\\/lasentinelle.dz\\\/author\\\/redaction\\\/\"}]}<\/script>\n<!-- \/ Yoast SEO plugin. -->","yoast_head_json":{"title":"R\u00e8glement de la question sahraouie : Le dialogue entre le Maroc et le Front Polisario est la seule voie - La Sentinelle","robots":{"index":"index","follow":"follow","max-snippet":"max-snippet:-1","max-image-preview":"max-image-preview:large","max-video-preview":"max-video-preview:-1"},"canonical":"https:\/\/lasentinelle.dz\/index.php\/2021\/10\/27\/reglement-de-la-question-sahraouie-le-dialogue-entre-le-maroc-et-le-front-polisario-est-la-seule-voie\/","og_locale":"fr_FR","og_type":"article","og_title":"R\u00e8glement de la question sahraouie : Le dialogue entre le Maroc et le Front Polisario est la seule voie - La Sentinelle","og_description":"L&rsquo;Alg\u00e9rie consid\u00e8re que seul un dialogue direct entre le Front Polisario et le Maroc, repr\u00e9sente une voie pour parvenir \u00e0","og_url":"https:\/\/lasentinelle.dz\/index.php\/2021\/10\/27\/reglement-de-la-question-sahraouie-le-dialogue-entre-le-maroc-et-le-front-polisario-est-la-seule-voie\/","og_site_name":"La Sentinelle","article_publisher":"https:\/\/www.facebook.com\/La-Sentinelle-104059864394773","article_published_time":"2021-10-26T23:01:00+00:00","og_image":[{"width":770,"height":512,"url":"https:\/\/lasentinelle.dz\/wp-content\/uploads\/2021\/10\/image_2021-10-26_195157.png","type":"image\/png"}],"author":"La Sentinelle","twitter_card":"summary_large_image","twitter_misc":{"\u00c9crit par":"La Sentinelle","Dur\u00e9e de lecture estim\u00e9e":"2 minutes"},"schema":{"@context":"https:\/\/schema.org","@graph":[{"@type":"Article","@id":"https:\/\/lasentinelle.dz\/index.php\/2021\/10\/27\/reglement-de-la-question-sahraouie-le-dialogue-entre-le-maroc-et-le-front-polisario-est-la-seule-voie\/#article","isPartOf":{"@id":"https:\/\/lasentinelle.dz\/index.php\/2021\/10\/27\/reglement-de-la-question-sahraouie-le-dialogue-entre-le-maroc-et-le-front-polisario-est-la-seule-voie\/"},"author":{"name":"La Sentinelle","@id":"https:\/\/lasentinelle.dz\/#\/schema\/person\/d865044e22e70a75174ce8bcad3acfb3"},"headline":"R\u00e8glement de la question sahraouie : Le dialogue entre le Maroc et le Front Polisario est la seule voie","datePublished":"2021-10-26T23:01:00+00:00","mainEntityOfPage":{"@id":"https:\/\/lasentinelle.dz\/index.php\/2021\/10\/27\/reglement-de-la-question-sahraouie-le-dialogue-entre-le-maroc-et-le-front-polisario-est-la-seule-voie\/"},"wordCount":564,"commentCount":0,"publisher":{"@id":"https:\/\/lasentinelle.dz\/#organization"},"image":{"@id":"https:\/\/lasentinelle.dz\/index.php\/2021\/10\/27\/reglement-de-la-question-sahraouie-le-dialogue-entre-le-maroc-et-le-front-polisario-est-la-seule-voie\/#primaryimage"},"thumbnailUrl":"https:\/\/lasentinelle.dz\/wp-content\/uploads\/2021\/10\/image_2021-10-26_195157.png","articleSection":["Actualit\u00e9"],"inLanguage":"fr-FR","potentialAction":[{"@type":"CommentAction","name":"Comment","target":["https:\/\/lasentinelle.dz\/index.php\/2021\/10\/27\/reglement-de-la-question-sahraouie-le-dialogue-entre-le-maroc-et-le-front-polisario-est-la-seule-voie\/#respond"]}]},{"@type":"WebPage","@id":"https:\/\/lasentinelle.dz\/index.php\/2021\/10\/27\/reglement-de-la-question-sahraouie-le-dialogue-entre-le-maroc-et-le-front-polisario-est-la-seule-voie\/","url":"https:\/\/lasentinelle.dz\/index.php\/2021\/10\/27\/reglement-de-la-question-sahraouie-le-dialogue-entre-le-maroc-et-le-front-polisario-est-la-seule-voie\/","name":"R\u00e8glement de la question sahraouie : Le dialogue entre le Maroc et le Front Polisario est la seule voie - La Sentinelle","isPartOf":{"@id":"https:\/\/lasentinelle.dz\/#website"},"primaryImageOfPage":{"@id":"https:\/\/lasentinelle.dz\/index.php\/2021\/10\/27\/reglement-de-la-question-sahraouie-le-dialogue-entre-le-maroc-et-le-front-polisario-est-la-seule-voie\/#primaryimage"},"image":{"@id":"https:\/\/lasentinelle.dz\/index.php\/2021\/10\/27\/reglement-de-la-question-sahraouie-le-dialogue-entre-le-maroc-et-le-front-polisario-est-la-seule-voie\/#primaryimage"},"thumbnailUrl":"https:\/\/lasentinelle.dz\/wp-content\/uploads\/2021\/10\/image_2021-10-26_195157.png","datePublished":"2021-10-26T23:01:00+00:00","breadcrumb":{"@id":"https:\/\/lasentinelle.dz\/index.php\/2021\/10\/27\/reglement-de-la-question-sahraouie-le-dialogue-entre-le-maroc-et-le-front-polisario-est-la-seule-voie\/#breadcrumb"},"inLanguage":"fr-FR","potentialAction":[{"@type":"ReadAction","target":["https:\/\/lasentinelle.dz\/index.php\/2021\/10\/27\/reglement-de-la-question-sahraouie-le-dialogue-entre-le-maroc-et-le-front-polisario-est-la-seule-voie\/"]}]},{"@type":"ImageObject","inLanguage":"fr-FR","@id":"https:\/\/lasentinelle.dz\/index.php\/2021\/10\/27\/reglement-de-la-question-sahraouie-le-dialogue-entre-le-maroc-et-le-front-polisario-est-la-seule-voie\/#primaryimage","url":"https:\/\/lasentinelle.dz\/wp-content\/uploads\/2021\/10\/image_2021-10-26_195157.png","contentUrl":"https:\/\/lasentinelle.dz\/wp-content\/uploads\/2021\/10\/image_2021-10-26_195157.png","width":770,"height":512},{"@type":"BreadcrumbList","@id":"https:\/\/lasentinelle.dz\/index.php\/2021\/10\/27\/reglement-de-la-question-sahraouie-le-dialogue-entre-le-maroc-et-le-front-polisario-est-la-seule-voie\/#breadcrumb","itemListElement":[{"@type":"ListItem","position":1,"name":"Accueil","item":"https:\/\/lasentinelle.dz\/"},{"@type":"ListItem","position":2,"name":"R\u00e8glement de la question sahraouie : Le dialogue entre le Maroc et le Front Polisario est la seule voie"}]},{"@type":"WebSite","@id":"https:\/\/lasentinelle.dz\/#website","url":"https:\/\/lasentinelle.dz\/","name":"La Sentinelle","description":"Quotidien national d&#039;information","publisher":{"@id":"https:\/\/lasentinelle.dz\/#organization"},"potentialAction":[{"@type":"SearchAction","target":{"@type":"EntryPoint","urlTemplate":"https:\/\/lasentinelle.dz\/?s={search_term_string}"},"query-input":{"@type":"PropertyValueSpecification","valueRequired":true,"valueName":"search_term_string"}}],"inLanguage":"fr-FR"},{"@type":"Organization","@id":"https:\/\/lasentinelle.dz\/#organization","name":"Quotidien La Sentinelle","url":"https:\/\/lasentinelle.dz\/","logo":{"@type":"ImageObject","inLanguage":"fr-FR","@id":"https:\/\/lasentinelle.dz\/#\/schema\/logo\/image\/","url":"https:\/\/lasentinelle.dz\/wp-content\/uploads\/2021\/09\/logo-sentinelleSLOGAN-1.png","contentUrl":"https:\/\/lasentinelle.dz\/wp-content\/uploads\/2021\/09\/logo-sentinelleSLOGAN-1.png","width":615,"height":142,"caption":"Quotidien La Sentinelle"},"image":{"@id":"https:\/\/lasentinelle.dz\/#\/schema\/logo\/image\/"},"sameAs":["https:\/\/www.facebook.com\/La-Sentinelle-104059864394773"]},{"@type":"Person","@id":"https:\/\/lasentinelle.dz\/#\/schema\/person\/d865044e22e70a75174ce8bcad3acfb3","name":"La Sentinelle","image":{"@type":"ImageObject","inLanguage":"fr-FR","@id":"https:\/\/secure.gravatar.com\/avatar\/57de8e5d4b15d43fb361a71fbb36338450fe67865b528a43dd10ef7c51a20392?s=96&d=mm&r=g","url":"https:\/\/secure.gravatar.com\/avatar\/57de8e5d4b15d43fb361a71fbb36338450fe67865b528a43dd10ef7c51a20392?s=96&d=mm&r=g","contentUrl":"https:\/\/secure.gravatar.com\/avatar\/57de8e5d4b15d43fb361a71fbb36338450fe67865b528a43dd10ef7c51a20392?s=96&d=mm&r=g","caption":"La Sentinelle"},"sameAs":["http:\/\/www.lasentinelle.dz"],"url":"https:\/\/lasentinelle.dz\/author\/redaction\/"}]}},"_links":{"self":[{"href":"https:\/\/lasentinelle.dz\/index.php\/wp-json\/wp\/v2\/posts\/11671","targetHints":{"allow":["GET"]}}],"collection":[{"href":"https:\/\/lasentinelle.dz\/index.php\/wp-json\/wp\/v2\/posts"}],"about":[{"href":"https:\/\/lasentinelle.dz\/index.php\/wp-json\/wp\/v2\/types\/post"}],"author":[{"embeddable":true,"href":"https:\/\/lasentinelle.dz\/index.php\/wp-json\/wp\/v2\/users\/3"}],"replies":[{"embeddable":true,"href":"https:\/\/lasentinelle.dz\/index.php\/wp-json\/wp\/v2\/comments?post=11671"}],"version-history":[{"count":1,"href":"https:\/\/lasentinelle.dz\/index.php\/wp-json\/wp\/v2\/posts\/11671\/revisions"}],"predecessor-version":[{"id":11678,"href":"https:\/\/lasentinelle.dz\/index.php\/wp-json\/wp\/v2\/posts\/11671\/revisions\/11678"}],"wp:featuredmedia":[{"embeddable":true,"href":"https:\/\/lasentinelle.dz\/index.php\/wp-json\/wp\/v2\/media\/11677"}],"wp:attachment":[{"href":"https:\/\/lasentinelle.dz\/index.php\/wp-json\/wp\/v2\/media?parent=11671"}],"wp:term":[{"taxonomy":"category","embeddable":true,"href":"https:\/\/lasentinelle.dz\/index.php\/wp-json\/wp\/v2\/categories?post=11671"},{"taxonomy":"post_tag","embeddable":true,"href":"https:\/\/lasentinelle.dz\/index.php\/wp-json\/wp\/v2\/tags?post=11671"}],"curies":[{"name":"wp","href":"https:\/\/api.w.org\/{rel}","templated":true}]}}