{"id":11681,"date":"2021-10-27T00:01:00","date_gmt":"2021-10-26T23:01:00","guid":{"rendered":"https:\/\/lasentinelle.dz\/?p=11681"},"modified":"2021-10-26T19:54:40","modified_gmt":"2021-10-26T18:54:40","slug":"assises-nationales-sur-la-sante-prevues-en-decembre-prochain-le-ministre-prevoit-une-forte-participation","status":"publish","type":"post","link":"https:\/\/lasentinelle.dz\/index.php\/2021\/10\/27\/assises-nationales-sur-la-sante-prevues-en-decembre-prochain-le-ministre-prevoit-une-forte-participation\/","title":{"rendered":"Assises nationales sur la sant\u00e9 pr\u00e9vues en d\u00e9cembre prochain : Le ministre pr\u00e9voit une forte participation"},"content":{"rendered":"\n<p>Le ministre de la sant\u00e9, Abderrahmane Ben Bouzid, a pr\u00e9vu <strong>\u00abune forte participation dans les prochaines assises nationales pr\u00e9vues le mois de d\u00e9cembre et qui seront consacr\u00e9es pour la r\u00e9habilitation du secteur en vue de r\u00e9pondre aux multiples d\u00e9fis et aux nouvelles questions relatives \u00e0 la sant\u00e9\u00bb. <\/strong>Cette annonce a \u00e9t\u00e9 faite, lundi dernier,&nbsp;lors de la rencontre de travail entre le ministre de la sant\u00e9 et les membres du syndicat national des pharmaciens, tout en affirmant que cette rencontre s\u2019inscrit dans le cadre des d\u00e9marches instaur\u00e9es par le gouvernement en vue de la mise en place de la culture et du principe de dialogue avec les organisations syndicales, en r\u00e9ponse aux directives du pr\u00e9sident de la R\u00e9publique Abdelmadjid Tebboune. Ladite rencontre a \u00e9t\u00e9 l\u2019occasion pour le professeur Ben Bouzid, pour souligner que <strong>\u00abce genre de rencontres consultatives avec les partenaires sociaux est l\u2019espace ad\u00e9quat pour un dialogue et une consultation \u00e0 tous les niveaux en vue d\u2019exposer les pr\u00e9occupations pour trouver les solutions dans le cadre de l\u2019am\u00e9lioration de la prise en charge en mati\u00e8re de sant\u00e9 publique\u00bb. <\/strong>Ce qui fera, selon le ministre,&nbsp;l\u2019objet d\u2019\u00e9tudes approfondies durant les rencontres r\u00e9gionales qui se d\u00e9roulent actuellement dans la perspective des assises nationales pr\u00e9vues avant la fin de l\u2019ann\u00e9e\u00bb. De son c\u00f4t\u00e9, le pr\u00e9sident de cette d\u00e9l\u00e9gation syndicale, Messaoud Belamri a salu\u00e9 le climat dans lequel se d\u00e9roulent les rencontres r\u00e9gionales, assurant <strong>\u00abla disponibilit\u00e9 du syndicat national des pharmaciens, y compris priv\u00e9s \u00e0 une forte participation dans les assises nationales de la sant\u00e9\u00bb. <\/strong>Les deux parties, ont par ailleurs abord\u00e9 le sujet relatif \u00e0 la publication sur le journal officiel de la liste des psychotropes, conform\u00e9ment \u00e0 la gestion de ces produits datant du 09 juillet 2015, dans les articles 2 et de 3 de la loi 04\/2018, lequel d\u00e9cret assure la protection des pharmaciens et des pharmacies hospitali\u00e8res.Au cours de cette rencontre qu\u2019ils ont eue avec le ministre de la sant\u00e9, les membres du syndicat national des pharmaciens, ont expos\u00e9 plusieurs de leurs pr\u00e9occupations relatives \u00e0 la profession comme notamment le point li\u00e9 \u00e0 la formation d\u2019agents des officines et l\u2019\u00e9largissement de la campagne vaccinale anti covid19.Et \u00e0 la fin, les deux parties s\u2019\u00e9taient mises d\u2019accord pour la relance du travail de la cellule de surveillance et de suivi de la disponibilit\u00e9 du m\u00e9dicament et l\u2019\u00e9tude des besoins des citoyens en mati\u00e8re de m\u00e9dicaments.<\/p>\n\n\n\n<p><strong>B. Amrani<\/strong><strong><\/strong><\/p>\n","protected":false},"excerpt":{"rendered":"<p>Le ministre de la sant\u00e9, Abderrahmane Ben Bouzid, a pr\u00e9vu \u00abune forte participation dans les prochaines assises nationales pr\u00e9vues le<\/p>\n","protected":false},"author":3,"featured_media":11682,"comment_status":"open","ping_status":"closed","sticky":false,"template":"","format":"standard","meta":{"colormag_page_container_layout":"default_layout","colormag_page_sidebar_layout":"default_layout","om_disable_all_campaigns":false,"_monsterinsights_skip_tracking":false,"_monsterinsights_sitenote_active":false,"_monsterinsights_sitenote_note":"","_monsterinsights_sitenote_category":0,"footnotes":"","_wpscppro_dont_share_socialmedia":false,"_wpscppro_custom_social_share_image":0,"_facebook_share_type":"","_twitter_share_type":"","_linkedin_share_type":"","_pinterest_share_type":"","_linkedin_share_type_page":"","_instagram_share_type":"","_medium_share_type":"","_threads_share_type":"","_google_business_share_type":"","_selected_social_profile":[],"_wpsp_enable_custom_social_template":false,"_wpsp_social_scheduling":{"enabled":false,"datetime":null,"platforms":[],"status":"template_only","dateOption":"today","timeOption":"now","customDays":"","customHours":"","customDate":"","customTime":"","schedulingType":"absolute"},"_wpsp_active_default_template":true},"categories":[27],"tags":[],"class_list":["post-11681","post","type-post","status-publish","format-standard","has-post-thumbnail","hentry","category-actualite"],"aioseo_notices":[],"yoast_head":"<!-- This site is optimized with the Yoast SEO plugin v27.5 - https:\/\/yoast.com\/product\/yoast-seo-wordpress\/ -->\n<title>Assises nationales sur la sant\u00e9 pr\u00e9vues en d\u00e9cembre prochain : Le ministre pr\u00e9voit une forte participation - La Sentinelle<\/title>\n<meta name=\"robots\" content=\"index, follow, max-snippet:-1, max-image-preview:large, max-video-preview:-1\" \/>\n<link rel=\"canonical\" href=\"https:\/\/lasentinelle.dz\/index.php\/2021\/10\/27\/assises-nationales-sur-la-sante-prevues-en-decembre-prochain-le-ministre-prevoit-une-forte-participation\/\" \/>\n<meta property=\"og:locale\" content=\"fr_FR\" \/>\n<meta property=\"og:type\" content=\"article\" \/>\n<meta property=\"og:title\" content=\"Assises nationales sur la sant\u00e9 pr\u00e9vues en d\u00e9cembre prochain : Le ministre pr\u00e9voit une forte participation - La Sentinelle\" \/>\n<meta property=\"og:description\" content=\"Le ministre de la sant\u00e9, Abderrahmane Ben Bouzid, a pr\u00e9vu \u00abune forte participation dans les prochaines assises nationales pr\u00e9vues le\" \/>\n<meta property=\"og:url\" content=\"https:\/\/lasentinelle.dz\/index.php\/2021\/10\/27\/assises-nationales-sur-la-sante-prevues-en-decembre-prochain-le-ministre-prevoit-une-forte-participation\/\" \/>\n<meta property=\"og:site_name\" content=\"La Sentinelle\" \/>\n<meta property=\"article:publisher\" content=\"https:\/\/www.facebook.com\/La-Sentinelle-104059864394773\" \/>\n<meta property=\"article:published_time\" content=\"2021-10-26T23:01:00+00:00\" \/>\n<meta property=\"og:image\" content=\"https:\/\/lasentinelle.dz\/wp-content\/uploads\/2021\/10\/image_2021-10-26_195431.png\" \/>\n\t<meta property=\"og:image:width\" content=\"855\" \/>\n\t<meta property=\"og:image:height\" content=\"516\" \/>\n\t<meta property=\"og:image:type\" content=\"image\/png\" \/>\n<meta name=\"author\" content=\"La Sentinelle\" \/>\n<meta name=\"twitter:card\" content=\"summary_large_image\" \/>\n<meta name=\"twitter:label1\" content=\"\u00c9crit par\" \/>\n\t<meta name=\"twitter:data1\" content=\"La Sentinelle\" \/>\n\t<meta name=\"twitter:label2\" content=\"Dur\u00e9e de lecture estim\u00e9e\" \/>\n\t<meta name=\"twitter:data2\" content=\"2 minutes\" \/>\n<script type=\"application\/ld+json\" class=\"yoast-schema-graph\">{\"@context\":\"https:\\\/\\\/schema.org\",\"@graph\":[{\"@type\":\"Article\",\"@id\":\"https:\\\/\\\/lasentinelle.dz\\\/index.php\\\/2021\\\/10\\\/27\\\/assises-nationales-sur-la-sante-prevues-en-decembre-prochain-le-ministre-prevoit-une-forte-participation\\\/#article\",\"isPartOf\":{\"@id\":\"https:\\\/\\\/lasentinelle.dz\\\/index.php\\\/2021\\\/10\\\/27\\\/assises-nationales-sur-la-sante-prevues-en-decembre-prochain-le-ministre-prevoit-une-forte-participation\\\/\"},\"author\":{\"name\":\"La Sentinelle\",\"@id\":\"https:\\\/\\\/lasentinelle.dz\\\/#\\\/schema\\\/person\\\/d865044e22e70a75174ce8bcad3acfb3\"},\"headline\":\"Assises nationales sur la sant\u00e9 pr\u00e9vues en d\u00e9cembre prochain : Le ministre pr\u00e9voit une forte participation\",\"datePublished\":\"2021-10-26T23:01:00+00:00\",\"mainEntityOfPage\":{\"@id\":\"https:\\\/\\\/lasentinelle.dz\\\/index.php\\\/2021\\\/10\\\/27\\\/assises-nationales-sur-la-sante-prevues-en-decembre-prochain-le-ministre-prevoit-une-forte-participation\\\/\"},\"wordCount\":453,\"commentCount\":0,\"publisher\":{\"@id\":\"https:\\\/\\\/lasentinelle.dz\\\/#organization\"},\"image\":{\"@id\":\"https:\\\/\\\/lasentinelle.dz\\\/index.php\\\/2021\\\/10\\\/27\\\/assises-nationales-sur-la-sante-prevues-en-decembre-prochain-le-ministre-prevoit-une-forte-participation\\\/#primaryimage\"},\"thumbnailUrl\":\"https:\\\/\\\/lasentinelle.dz\\\/wp-content\\\/uploads\\\/2021\\\/10\\\/image_2021-10-26_195431.png\",\"articleSection\":[\"Actualit\u00e9\"],\"inLanguage\":\"fr-FR\",\"potentialAction\":[{\"@type\":\"CommentAction\",\"name\":\"Comment\",\"target\":[\"https:\\\/\\\/lasentinelle.dz\\\/index.php\\\/2021\\\/10\\\/27\\\/assises-nationales-sur-la-sante-prevues-en-decembre-prochain-le-ministre-prevoit-une-forte-participation\\\/#respond\"]}]},{\"@type\":\"WebPage\",\"@id\":\"https:\\\/\\\/lasentinelle.dz\\\/index.php\\\/2021\\\/10\\\/27\\\/assises-nationales-sur-la-sante-prevues-en-decembre-prochain-le-ministre-prevoit-une-forte-participation\\\/\",\"url\":\"https:\\\/\\\/lasentinelle.dz\\\/index.php\\\/2021\\\/10\\\/27\\\/assises-nationales-sur-la-sante-prevues-en-decembre-prochain-le-ministre-prevoit-une-forte-participation\\\/\",\"name\":\"Assises nationales sur la sant\u00e9 pr\u00e9vues en d\u00e9cembre prochain : Le ministre pr\u00e9voit une forte participation - La Sentinelle\",\"isPartOf\":{\"@id\":\"https:\\\/\\\/lasentinelle.dz\\\/#website\"},\"primaryImageOfPage\":{\"@id\":\"https:\\\/\\\/lasentinelle.dz\\\/index.php\\\/2021\\\/10\\\/27\\\/assises-nationales-sur-la-sante-prevues-en-decembre-prochain-le-ministre-prevoit-une-forte-participation\\\/#primaryimage\"},\"image\":{\"@id\":\"https:\\\/\\\/lasentinelle.dz\\\/index.php\\\/2021\\\/10\\\/27\\\/assises-nationales-sur-la-sante-prevues-en-decembre-prochain-le-ministre-prevoit-une-forte-participation\\\/#primaryimage\"},\"thumbnailUrl\":\"https:\\\/\\\/lasentinelle.dz\\\/wp-content\\\/uploads\\\/2021\\\/10\\\/image_2021-10-26_195431.png\",\"datePublished\":\"2021-10-26T23:01:00+00:00\",\"breadcrumb\":{\"@id\":\"https:\\\/\\\/lasentinelle.dz\\\/index.php\\\/2021\\\/10\\\/27\\\/assises-nationales-sur-la-sante-prevues-en-decembre-prochain-le-ministre-prevoit-une-forte-participation\\\/#breadcrumb\"},\"inLanguage\":\"fr-FR\",\"potentialAction\":[{\"@type\":\"ReadAction\",\"target\":[\"https:\\\/\\\/lasentinelle.dz\\\/index.php\\\/2021\\\/10\\\/27\\\/assises-nationales-sur-la-sante-prevues-en-decembre-prochain-le-ministre-prevoit-une-forte-participation\\\/\"]}]},{\"@type\":\"ImageObject\",\"inLanguage\":\"fr-FR\",\"@id\":\"https:\\\/\\\/lasentinelle.dz\\\/index.php\\\/2021\\\/10\\\/27\\\/assises-nationales-sur-la-sante-prevues-en-decembre-prochain-le-ministre-prevoit-une-forte-participation\\\/#primaryimage\",\"url\":\"https:\\\/\\\/lasentinelle.dz\\\/wp-content\\\/uploads\\\/2021\\\/10\\\/image_2021-10-26_195431.png\",\"contentUrl\":\"https:\\\/\\\/lasentinelle.dz\\\/wp-content\\\/uploads\\\/2021\\\/10\\\/image_2021-10-26_195431.png\",\"width\":855,\"height\":516},{\"@type\":\"BreadcrumbList\",\"@id\":\"https:\\\/\\\/lasentinelle.dz\\\/index.php\\\/2021\\\/10\\\/27\\\/assises-nationales-sur-la-sante-prevues-en-decembre-prochain-le-ministre-prevoit-une-forte-participation\\\/#breadcrumb\",\"itemListElement\":[{\"@type\":\"ListItem\",\"position\":1,\"name\":\"Accueil\",\"item\":\"https:\\\/\\\/lasentinelle.dz\\\/\"},{\"@type\":\"ListItem\",\"position\":2,\"name\":\"Assises nationales sur la sant\u00e9 pr\u00e9vues en d\u00e9cembre prochain : Le ministre pr\u00e9voit une forte participation\"}]},{\"@type\":\"WebSite\",\"@id\":\"https:\\\/\\\/lasentinelle.dz\\\/#website\",\"url\":\"https:\\\/\\\/lasentinelle.dz\\\/\",\"name\":\"La Sentinelle\",\"description\":\"Quotidien national d&#039;information\",\"publisher\":{\"@id\":\"https:\\\/\\\/lasentinelle.dz\\\/#organization\"},\"potentialAction\":[{\"@type\":\"SearchAction\",\"target\":{\"@type\":\"EntryPoint\",\"urlTemplate\":\"https:\\\/\\\/lasentinelle.dz\\\/?s={search_term_string}\"},\"query-input\":{\"@type\":\"PropertyValueSpecification\",\"valueRequired\":true,\"valueName\":\"search_term_string\"}}],\"inLanguage\":\"fr-FR\"},{\"@type\":\"Organization\",\"@id\":\"https:\\\/\\\/lasentinelle.dz\\\/#organization\",\"name\":\"Quotidien La Sentinelle\",\"url\":\"https:\\\/\\\/lasentinelle.dz\\\/\",\"logo\":{\"@type\":\"ImageObject\",\"inLanguage\":\"fr-FR\",\"@id\":\"https:\\\/\\\/lasentinelle.dz\\\/#\\\/schema\\\/logo\\\/image\\\/\",\"url\":\"https:\\\/\\\/lasentinelle.dz\\\/wp-content\\\/uploads\\\/2021\\\/09\\\/logo-sentinelleSLOGAN-1.png\",\"contentUrl\":\"https:\\\/\\\/lasentinelle.dz\\\/wp-content\\\/uploads\\\/2021\\\/09\\\/logo-sentinelleSLOGAN-1.png\",\"width\":615,\"height\":142,\"caption\":\"Quotidien La Sentinelle\"},\"image\":{\"@id\":\"https:\\\/\\\/lasentinelle.dz\\\/#\\\/schema\\\/logo\\\/image\\\/\"},\"sameAs\":[\"https:\\\/\\\/www.facebook.com\\\/La-Sentinelle-104059864394773\"]},{\"@type\":\"Person\",\"@id\":\"https:\\\/\\\/lasentinelle.dz\\\/#\\\/schema\\\/person\\\/d865044e22e70a75174ce8bcad3acfb3\",\"name\":\"La Sentinelle\",\"image\":{\"@type\":\"ImageObject\",\"inLanguage\":\"fr-FR\",\"@id\":\"https:\\\/\\\/secure.gravatar.com\\\/avatar\\\/57de8e5d4b15d43fb361a71fbb36338450fe67865b528a43dd10ef7c51a20392?s=96&d=mm&r=g\",\"url\":\"https:\\\/\\\/secure.gravatar.com\\\/avatar\\\/57de8e5d4b15d43fb361a71fbb36338450fe67865b528a43dd10ef7c51a20392?s=96&d=mm&r=g\",\"contentUrl\":\"https:\\\/\\\/secure.gravatar.com\\\/avatar\\\/57de8e5d4b15d43fb361a71fbb36338450fe67865b528a43dd10ef7c51a20392?s=96&d=mm&r=g\",\"caption\":\"La Sentinelle\"},\"sameAs\":[\"http:\\\/\\\/www.lasentinelle.dz\"],\"url\":\"https:\\\/\\\/lasentinelle.dz\\\/author\\\/redaction\\\/\"}]}<\/script>\n<!-- \/ Yoast SEO plugin. -->","yoast_head_json":{"title":"Assises nationales sur la sant\u00e9 pr\u00e9vues en d\u00e9cembre prochain : Le ministre pr\u00e9voit une forte participation - La Sentinelle","robots":{"index":"index","follow":"follow","max-snippet":"max-snippet:-1","max-image-preview":"max-image-preview:large","max-video-preview":"max-video-preview:-1"},"canonical":"https:\/\/lasentinelle.dz\/index.php\/2021\/10\/27\/assises-nationales-sur-la-sante-prevues-en-decembre-prochain-le-ministre-prevoit-une-forte-participation\/","og_locale":"fr_FR","og_type":"article","og_title":"Assises nationales sur la sant\u00e9 pr\u00e9vues en d\u00e9cembre prochain : Le ministre pr\u00e9voit une forte participation - La Sentinelle","og_description":"Le ministre de la sant\u00e9, Abderrahmane Ben Bouzid, a pr\u00e9vu \u00abune forte participation dans les prochaines assises nationales pr\u00e9vues le","og_url":"https:\/\/lasentinelle.dz\/index.php\/2021\/10\/27\/assises-nationales-sur-la-sante-prevues-en-decembre-prochain-le-ministre-prevoit-une-forte-participation\/","og_site_name":"La Sentinelle","article_publisher":"https:\/\/www.facebook.com\/La-Sentinelle-104059864394773","article_published_time":"2021-10-26T23:01:00+00:00","og_image":[{"width":855,"height":516,"url":"https:\/\/lasentinelle.dz\/wp-content\/uploads\/2021\/10\/image_2021-10-26_195431.png","type":"image\/png"}],"author":"La Sentinelle","twitter_card":"summary_large_image","twitter_misc":{"\u00c9crit par":"La Sentinelle","Dur\u00e9e de lecture estim\u00e9e":"2 minutes"},"schema":{"@context":"https:\/\/schema.org","@graph":[{"@type":"Article","@id":"https:\/\/lasentinelle.dz\/index.php\/2021\/10\/27\/assises-nationales-sur-la-sante-prevues-en-decembre-prochain-le-ministre-prevoit-une-forte-participation\/#article","isPartOf":{"@id":"https:\/\/lasentinelle.dz\/index.php\/2021\/10\/27\/assises-nationales-sur-la-sante-prevues-en-decembre-prochain-le-ministre-prevoit-une-forte-participation\/"},"author":{"name":"La Sentinelle","@id":"https:\/\/lasentinelle.dz\/#\/schema\/person\/d865044e22e70a75174ce8bcad3acfb3"},"headline":"Assises nationales sur la sant\u00e9 pr\u00e9vues en d\u00e9cembre prochain : Le ministre pr\u00e9voit une forte participation","datePublished":"2021-10-26T23:01:00+00:00","mainEntityOfPage":{"@id":"https:\/\/lasentinelle.dz\/index.php\/2021\/10\/27\/assises-nationales-sur-la-sante-prevues-en-decembre-prochain-le-ministre-prevoit-une-forte-participation\/"},"wordCount":453,"commentCount":0,"publisher":{"@id":"https:\/\/lasentinelle.dz\/#organization"},"image":{"@id":"https:\/\/lasentinelle.dz\/index.php\/2021\/10\/27\/assises-nationales-sur-la-sante-prevues-en-decembre-prochain-le-ministre-prevoit-une-forte-participation\/#primaryimage"},"thumbnailUrl":"https:\/\/lasentinelle.dz\/wp-content\/uploads\/2021\/10\/image_2021-10-26_195431.png","articleSection":["Actualit\u00e9"],"inLanguage":"fr-FR","potentialAction":[{"@type":"CommentAction","name":"Comment","target":["https:\/\/lasentinelle.dz\/index.php\/2021\/10\/27\/assises-nationales-sur-la-sante-prevues-en-decembre-prochain-le-ministre-prevoit-une-forte-participation\/#respond"]}]},{"@type":"WebPage","@id":"https:\/\/lasentinelle.dz\/index.php\/2021\/10\/27\/assises-nationales-sur-la-sante-prevues-en-decembre-prochain-le-ministre-prevoit-une-forte-participation\/","url":"https:\/\/lasentinelle.dz\/index.php\/2021\/10\/27\/assises-nationales-sur-la-sante-prevues-en-decembre-prochain-le-ministre-prevoit-une-forte-participation\/","name":"Assises nationales sur la sant\u00e9 pr\u00e9vues en d\u00e9cembre prochain : Le ministre pr\u00e9voit une forte participation - La Sentinelle","isPartOf":{"@id":"https:\/\/lasentinelle.dz\/#website"},"primaryImageOfPage":{"@id":"https:\/\/lasentinelle.dz\/index.php\/2021\/10\/27\/assises-nationales-sur-la-sante-prevues-en-decembre-prochain-le-ministre-prevoit-une-forte-participation\/#primaryimage"},"image":{"@id":"https:\/\/lasentinelle.dz\/index.php\/2021\/10\/27\/assises-nationales-sur-la-sante-prevues-en-decembre-prochain-le-ministre-prevoit-une-forte-participation\/#primaryimage"},"thumbnailUrl":"https:\/\/lasentinelle.dz\/wp-content\/uploads\/2021\/10\/image_2021-10-26_195431.png","datePublished":"2021-10-26T23:01:00+00:00","breadcrumb":{"@id":"https:\/\/lasentinelle.dz\/index.php\/2021\/10\/27\/assises-nationales-sur-la-sante-prevues-en-decembre-prochain-le-ministre-prevoit-une-forte-participation\/#breadcrumb"},"inLanguage":"fr-FR","potentialAction":[{"@type":"ReadAction","target":["https:\/\/lasentinelle.dz\/index.php\/2021\/10\/27\/assises-nationales-sur-la-sante-prevues-en-decembre-prochain-le-ministre-prevoit-une-forte-participation\/"]}]},{"@type":"ImageObject","inLanguage":"fr-FR","@id":"https:\/\/lasentinelle.dz\/index.php\/2021\/10\/27\/assises-nationales-sur-la-sante-prevues-en-decembre-prochain-le-ministre-prevoit-une-forte-participation\/#primaryimage","url":"https:\/\/lasentinelle.dz\/wp-content\/uploads\/2021\/10\/image_2021-10-26_195431.png","contentUrl":"https:\/\/lasentinelle.dz\/wp-content\/uploads\/2021\/10\/image_2021-10-26_195431.png","width":855,"height":516},{"@type":"BreadcrumbList","@id":"https:\/\/lasentinelle.dz\/index.php\/2021\/10\/27\/assises-nationales-sur-la-sante-prevues-en-decembre-prochain-le-ministre-prevoit-une-forte-participation\/#breadcrumb","itemListElement":[{"@type":"ListItem","position":1,"name":"Accueil","item":"https:\/\/lasentinelle.dz\/"},{"@type":"ListItem","position":2,"name":"Assises nationales sur la sant\u00e9 pr\u00e9vues en d\u00e9cembre prochain : Le ministre pr\u00e9voit une forte participation"}]},{"@type":"WebSite","@id":"https:\/\/lasentinelle.dz\/#website","url":"https:\/\/lasentinelle.dz\/","name":"La Sentinelle","description":"Quotidien national d&#039;information","publisher":{"@id":"https:\/\/lasentinelle.dz\/#organization"},"potentialAction":[{"@type":"SearchAction","target":{"@type":"EntryPoint","urlTemplate":"https:\/\/lasentinelle.dz\/?s={search_term_string}"},"query-input":{"@type":"PropertyValueSpecification","valueRequired":true,"valueName":"search_term_string"}}],"inLanguage":"fr-FR"},{"@type":"Organization","@id":"https:\/\/lasentinelle.dz\/#organization","name":"Quotidien La Sentinelle","url":"https:\/\/lasentinelle.dz\/","logo":{"@type":"ImageObject","inLanguage":"fr-FR","@id":"https:\/\/lasentinelle.dz\/#\/schema\/logo\/image\/","url":"https:\/\/lasentinelle.dz\/wp-content\/uploads\/2021\/09\/logo-sentinelleSLOGAN-1.png","contentUrl":"https:\/\/lasentinelle.dz\/wp-content\/uploads\/2021\/09\/logo-sentinelleSLOGAN-1.png","width":615,"height":142,"caption":"Quotidien La Sentinelle"},"image":{"@id":"https:\/\/lasentinelle.dz\/#\/schema\/logo\/image\/"},"sameAs":["https:\/\/www.facebook.com\/La-Sentinelle-104059864394773"]},{"@type":"Person","@id":"https:\/\/lasentinelle.dz\/#\/schema\/person\/d865044e22e70a75174ce8bcad3acfb3","name":"La Sentinelle","image":{"@type":"ImageObject","inLanguage":"fr-FR","@id":"https:\/\/secure.gravatar.com\/avatar\/57de8e5d4b15d43fb361a71fbb36338450fe67865b528a43dd10ef7c51a20392?s=96&d=mm&r=g","url":"https:\/\/secure.gravatar.com\/avatar\/57de8e5d4b15d43fb361a71fbb36338450fe67865b528a43dd10ef7c51a20392?s=96&d=mm&r=g","contentUrl":"https:\/\/secure.gravatar.com\/avatar\/57de8e5d4b15d43fb361a71fbb36338450fe67865b528a43dd10ef7c51a20392?s=96&d=mm&r=g","caption":"La Sentinelle"},"sameAs":["http:\/\/www.lasentinelle.dz"],"url":"https:\/\/lasentinelle.dz\/author\/redaction\/"}]}},"_links":{"self":[{"href":"https:\/\/lasentinelle.dz\/index.php\/wp-json\/wp\/v2\/posts\/11681","targetHints":{"allow":["GET"]}}],"collection":[{"href":"https:\/\/lasentinelle.dz\/index.php\/wp-json\/wp\/v2\/posts"}],"about":[{"href":"https:\/\/lasentinelle.dz\/index.php\/wp-json\/wp\/v2\/types\/post"}],"author":[{"embeddable":true,"href":"https:\/\/lasentinelle.dz\/index.php\/wp-json\/wp\/v2\/users\/3"}],"replies":[{"embeddable":true,"href":"https:\/\/lasentinelle.dz\/index.php\/wp-json\/wp\/v2\/comments?post=11681"}],"version-history":[{"count":1,"href":"https:\/\/lasentinelle.dz\/index.php\/wp-json\/wp\/v2\/posts\/11681\/revisions"}],"predecessor-version":[{"id":11683,"href":"https:\/\/lasentinelle.dz\/index.php\/wp-json\/wp\/v2\/posts\/11681\/revisions\/11683"}],"wp:featuredmedia":[{"embeddable":true,"href":"https:\/\/lasentinelle.dz\/index.php\/wp-json\/wp\/v2\/media\/11682"}],"wp:attachment":[{"href":"https:\/\/lasentinelle.dz\/index.php\/wp-json\/wp\/v2\/media?parent=11681"}],"wp:term":[{"taxonomy":"category","embeddable":true,"href":"https:\/\/lasentinelle.dz\/index.php\/wp-json\/wp\/v2\/categories?post=11681"},{"taxonomy":"post_tag","embeddable":true,"href":"https:\/\/lasentinelle.dz\/index.php\/wp-json\/wp\/v2\/tags?post=11681"}],"curies":[{"name":"wp","href":"https:\/\/api.w.org\/{rel}","templated":true}]}}