{"id":11704,"date":"2021-10-28T00:01:00","date_gmt":"2021-10-27T23:01:00","guid":{"rendered":"https:\/\/lasentinelle.dz\/?p=11704"},"modified":"2021-10-27T16:04:15","modified_gmt":"2021-10-27T15:04:15","slug":"retrait-des-licences-pour-les-clubs-endettes-ali-malek-sexplique","status":"publish","type":"post","link":"https:\/\/lasentinelle.dz\/index.php\/2021\/10\/28\/retrait-des-licences-pour-les-clubs-endettes-ali-malek-sexplique\/","title":{"rendered":"Retrait des licences pour les clubs endett\u00e9s : Ali Malek s\u2019explique"},"content":{"rendered":"\n<p><strong>La LNFA a jug\u00e9 utile d\u2019aider les clubs pour pouvoir retirer les licences de leurs joueurs, en r\u00e9duisant de 50% le montant de leurs dettes.<\/strong><\/p>\n\n\n\n<p>Le pr\u00e9sident de la Ligue nationale de football amateur (LNFA) Ali Malek, a affirm\u00e9 que son instance a pris des mesures \u00ab&nbsp;exceptionnelles&nbsp;\u00bb, sur le plan financier, pour faciliter aux clubs le retrait de leurs nouvelles licences, en vue du coup d&rsquo;envoi du championnat de Ligue 2, qui a \u00e9t\u00e9 donn\u00e9 mardi. \u00ab&nbsp;En raison des probl\u00e8mes financiers qui secouent l&rsquo;int\u00e9gralit\u00e9 des clubs alg\u00e9riens, nous avons jug\u00e9 utile de les aider pour pouvoir retirer les licences de leurs joueurs, en r\u00e9duisant de 50% le montant de de leurs dettes. Nous savons pertinemment que les clubs sont dans l&rsquo;impossibilit\u00e9 de payer l&rsquo;int\u00e9gralit\u00e9 de leurs dettes cumul\u00e9es au niveau de la chambre nationale de r\u00e9solution des litiges (CNRL)&nbsp;\u00bb, a d\u00e9clar\u00e9 \u00e0 l&rsquo;APS le premier responsable de la LNFA. Apr\u00e8s trois mois de vacances, le championnat de Ligue 2 a repris ses droits mardi apr\u00e8s-midi, suivant une nouvelle formule de comp\u00e9tition, avec deux groupes de 16 clubs chacun. La journ\u00e9e inaugurale a \u00e9t\u00e9 marqu\u00e9e par le succ\u00e8s des nouveaux promus et la chute group\u00e9e des clubs rel\u00e9gu\u00e9s de la Ligue 1. La veille, le si\u00e8ge de la LNFA a connu une journ\u00e9e mouvement\u00e9e, puisque plusieurs clubs ont d\u00fb attendre le dernier jour pour retirer les licences de leurs joueurs, en pr\u00e9vision de la nouvelle saison. Tout en indiquant que l&rsquo;ensemble des clubs ont pay\u00e9 leurs frais d&rsquo;engagement, Ali Malek a d\u00e9plor\u00e9 l&rsquo;attitude du repr\u00e9sentant du SKAF El-Khemis, qui voulait r\u00e9cup\u00e9rer l&rsquo;int\u00e9gralit\u00e9 des licences, alors qu&rsquo;il n&rsquo;avait pas honor\u00e9 ses amendes disciplinaires cumul\u00e9es depuis la saison derni\u00e8re. \u00ab&nbsp;Je suis outr\u00e9 par le comportement indigne du repr\u00e9sentant de SKAF El-Khemis, qui a us\u00e9 d&rsquo;un langage inappropri\u00e9 pour r\u00e9cup\u00e9rer les licences. Nous avons d\u00e9cid\u00e9 de lui octroyer 17 sur 27 licences, mais il a fini par les prendre toutes&nbsp;\u00bb. Le jour du match, il n\u2019a pas \u00e9t\u00e9 autoris\u00e9 de les utiliser int\u00e9gralement. Plusieurs formations, dont les dettes sont importantes au niveau de la CNRA n&rsquo;ont pas pu retirer les licences de leurs nouveaux \u00e9l\u00e9ments, \u00e0 l&rsquo;image du CABB Arreridj, USM Annaba, JSM B\u00e9jaia, et autres USM Bel-Abb\u00e8s.<\/p>\n\n\n\n<p><strong>R. S.<\/strong><\/p>\n","protected":false},"excerpt":{"rendered":"<p>La LNFA a jug\u00e9 utile d\u2019aider les clubs pour pouvoir retirer les licences de leurs joueurs, en r\u00e9duisant de 50%<\/p>\n","protected":false},"author":3,"featured_media":11710,"comment_status":"open","ping_status":"closed","sticky":false,"template":"","format":"standard","meta":{"colormag_page_container_layout":"default_layout","colormag_page_sidebar_layout":"default_layout","om_disable_all_campaigns":false,"_monsterinsights_skip_tracking":false,"_monsterinsights_sitenote_active":false,"_monsterinsights_sitenote_note":"","_monsterinsights_sitenote_category":0,"footnotes":"","_wpscppro_dont_share_socialmedia":false,"_wpscppro_custom_social_share_image":0,"_facebook_share_type":"","_twitter_share_type":"","_linkedin_share_type":"","_pinterest_share_type":"","_linkedin_share_type_page":"","_instagram_share_type":"","_medium_share_type":"","_threads_share_type":"","_google_business_share_type":"","_selected_social_profile":[],"_wpsp_enable_custom_social_template":false,"_wpsp_social_scheduling":{"enabled":false,"datetime":null,"platforms":[],"status":"template_only","dateOption":"today","timeOption":"now","customDays":"","customHours":"","customDate":"","customTime":"","schedulingType":"absolute"},"_wpsp_active_default_template":true},"categories":[33],"tags":[],"class_list":["post-11704","post","type-post","status-publish","format-standard","has-post-thumbnail","hentry","category-sports"],"aioseo_notices":[],"yoast_head":"<!-- This site is optimized with the Yoast SEO plugin v27.5 - https:\/\/yoast.com\/product\/yoast-seo-wordpress\/ -->\n<title>Retrait des licences pour les clubs endett\u00e9s : Ali Malek s\u2019explique - La Sentinelle<\/title>\n<meta name=\"robots\" content=\"index, follow, max-snippet:-1, max-image-preview:large, max-video-preview:-1\" \/>\n<link rel=\"canonical\" href=\"https:\/\/lasentinelle.dz\/index.php\/2021\/10\/28\/retrait-des-licences-pour-les-clubs-endettes-ali-malek-sexplique\/\" \/>\n<meta property=\"og:locale\" content=\"fr_FR\" \/>\n<meta property=\"og:type\" content=\"article\" \/>\n<meta property=\"og:title\" content=\"Retrait des licences pour les clubs endett\u00e9s : Ali Malek s\u2019explique - La Sentinelle\" \/>\n<meta property=\"og:description\" content=\"La LNFA a jug\u00e9 utile d\u2019aider les clubs pour pouvoir retirer les licences de leurs joueurs, en r\u00e9duisant de 50%\" \/>\n<meta property=\"og:url\" content=\"https:\/\/lasentinelle.dz\/index.php\/2021\/10\/28\/retrait-des-licences-pour-les-clubs-endettes-ali-malek-sexplique\/\" \/>\n<meta property=\"og:site_name\" content=\"La Sentinelle\" \/>\n<meta property=\"article:publisher\" content=\"https:\/\/www.facebook.com\/La-Sentinelle-104059864394773\" \/>\n<meta property=\"article:published_time\" content=\"2021-10-27T23:01:00+00:00\" \/>\n<meta property=\"og:image\" content=\"https:\/\/lasentinelle.dz\/wp-content\/uploads\/2021\/10\/malek-8-27-1.jpeg\" \/>\n\t<meta property=\"og:image:width\" content=\"1512\" \/>\n\t<meta property=\"og:image:height\" content=\"900\" \/>\n\t<meta property=\"og:image:type\" content=\"image\/jpeg\" \/>\n<meta name=\"author\" content=\"La Sentinelle\" \/>\n<meta name=\"twitter:card\" content=\"summary_large_image\" \/>\n<meta name=\"twitter:label1\" content=\"\u00c9crit par\" \/>\n\t<meta name=\"twitter:data1\" content=\"La Sentinelle\" \/>\n\t<meta name=\"twitter:label2\" content=\"Dur\u00e9e de lecture estim\u00e9e\" \/>\n\t<meta name=\"twitter:data2\" content=\"2 minutes\" \/>\n<script type=\"application\/ld+json\" class=\"yoast-schema-graph\">{\"@context\":\"https:\\\/\\\/schema.org\",\"@graph\":[{\"@type\":\"Article\",\"@id\":\"https:\\\/\\\/lasentinelle.dz\\\/index.php\\\/2021\\\/10\\\/28\\\/retrait-des-licences-pour-les-clubs-endettes-ali-malek-sexplique\\\/#article\",\"isPartOf\":{\"@id\":\"https:\\\/\\\/lasentinelle.dz\\\/index.php\\\/2021\\\/10\\\/28\\\/retrait-des-licences-pour-les-clubs-endettes-ali-malek-sexplique\\\/\"},\"author\":{\"name\":\"La Sentinelle\",\"@id\":\"https:\\\/\\\/lasentinelle.dz\\\/#\\\/schema\\\/person\\\/d865044e22e70a75174ce8bcad3acfb3\"},\"headline\":\"Retrait des licences pour les clubs endett\u00e9s : Ali Malek s\u2019explique\",\"datePublished\":\"2021-10-27T23:01:00+00:00\",\"mainEntityOfPage\":{\"@id\":\"https:\\\/\\\/lasentinelle.dz\\\/index.php\\\/2021\\\/10\\\/28\\\/retrait-des-licences-pour-les-clubs-endettes-ali-malek-sexplique\\\/\"},\"wordCount\":428,\"commentCount\":0,\"publisher\":{\"@id\":\"https:\\\/\\\/lasentinelle.dz\\\/#organization\"},\"image\":{\"@id\":\"https:\\\/\\\/lasentinelle.dz\\\/index.php\\\/2021\\\/10\\\/28\\\/retrait-des-licences-pour-les-clubs-endettes-ali-malek-sexplique\\\/#primaryimage\"},\"thumbnailUrl\":\"https:\\\/\\\/lasentinelle.dz\\\/wp-content\\\/uploads\\\/2021\\\/10\\\/malek-8-27-1.jpeg\",\"articleSection\":[\"Sports\"],\"inLanguage\":\"fr-FR\",\"potentialAction\":[{\"@type\":\"CommentAction\",\"name\":\"Comment\",\"target\":[\"https:\\\/\\\/lasentinelle.dz\\\/index.php\\\/2021\\\/10\\\/28\\\/retrait-des-licences-pour-les-clubs-endettes-ali-malek-sexplique\\\/#respond\"]}]},{\"@type\":\"WebPage\",\"@id\":\"https:\\\/\\\/lasentinelle.dz\\\/index.php\\\/2021\\\/10\\\/28\\\/retrait-des-licences-pour-les-clubs-endettes-ali-malek-sexplique\\\/\",\"url\":\"https:\\\/\\\/lasentinelle.dz\\\/index.php\\\/2021\\\/10\\\/28\\\/retrait-des-licences-pour-les-clubs-endettes-ali-malek-sexplique\\\/\",\"name\":\"Retrait des licences pour les clubs endett\u00e9s : Ali Malek s\u2019explique - La Sentinelle\",\"isPartOf\":{\"@id\":\"https:\\\/\\\/lasentinelle.dz\\\/#website\"},\"primaryImageOfPage\":{\"@id\":\"https:\\\/\\\/lasentinelle.dz\\\/index.php\\\/2021\\\/10\\\/28\\\/retrait-des-licences-pour-les-clubs-endettes-ali-malek-sexplique\\\/#primaryimage\"},\"image\":{\"@id\":\"https:\\\/\\\/lasentinelle.dz\\\/index.php\\\/2021\\\/10\\\/28\\\/retrait-des-licences-pour-les-clubs-endettes-ali-malek-sexplique\\\/#primaryimage\"},\"thumbnailUrl\":\"https:\\\/\\\/lasentinelle.dz\\\/wp-content\\\/uploads\\\/2021\\\/10\\\/malek-8-27-1.jpeg\",\"datePublished\":\"2021-10-27T23:01:00+00:00\",\"breadcrumb\":{\"@id\":\"https:\\\/\\\/lasentinelle.dz\\\/index.php\\\/2021\\\/10\\\/28\\\/retrait-des-licences-pour-les-clubs-endettes-ali-malek-sexplique\\\/#breadcrumb\"},\"inLanguage\":\"fr-FR\",\"potentialAction\":[{\"@type\":\"ReadAction\",\"target\":[\"https:\\\/\\\/lasentinelle.dz\\\/index.php\\\/2021\\\/10\\\/28\\\/retrait-des-licences-pour-les-clubs-endettes-ali-malek-sexplique\\\/\"]}]},{\"@type\":\"ImageObject\",\"inLanguage\":\"fr-FR\",\"@id\":\"https:\\\/\\\/lasentinelle.dz\\\/index.php\\\/2021\\\/10\\\/28\\\/retrait-des-licences-pour-les-clubs-endettes-ali-malek-sexplique\\\/#primaryimage\",\"url\":\"https:\\\/\\\/lasentinelle.dz\\\/wp-content\\\/uploads\\\/2021\\\/10\\\/malek-8-27-1.jpeg\",\"contentUrl\":\"https:\\\/\\\/lasentinelle.dz\\\/wp-content\\\/uploads\\\/2021\\\/10\\\/malek-8-27-1.jpeg\",\"width\":1512,\"height\":900},{\"@type\":\"BreadcrumbList\",\"@id\":\"https:\\\/\\\/lasentinelle.dz\\\/index.php\\\/2021\\\/10\\\/28\\\/retrait-des-licences-pour-les-clubs-endettes-ali-malek-sexplique\\\/#breadcrumb\",\"itemListElement\":[{\"@type\":\"ListItem\",\"position\":1,\"name\":\"Accueil\",\"item\":\"https:\\\/\\\/lasentinelle.dz\\\/\"},{\"@type\":\"ListItem\",\"position\":2,\"name\":\"Retrait des licences pour les clubs endett\u00e9s : Ali Malek s\u2019explique\"}]},{\"@type\":\"WebSite\",\"@id\":\"https:\\\/\\\/lasentinelle.dz\\\/#website\",\"url\":\"https:\\\/\\\/lasentinelle.dz\\\/\",\"name\":\"La Sentinelle\",\"description\":\"Quotidien national d&#039;information\",\"publisher\":{\"@id\":\"https:\\\/\\\/lasentinelle.dz\\\/#organization\"},\"potentialAction\":[{\"@type\":\"SearchAction\",\"target\":{\"@type\":\"EntryPoint\",\"urlTemplate\":\"https:\\\/\\\/lasentinelle.dz\\\/?s={search_term_string}\"},\"query-input\":{\"@type\":\"PropertyValueSpecification\",\"valueRequired\":true,\"valueName\":\"search_term_string\"}}],\"inLanguage\":\"fr-FR\"},{\"@type\":\"Organization\",\"@id\":\"https:\\\/\\\/lasentinelle.dz\\\/#organization\",\"name\":\"Quotidien La Sentinelle\",\"url\":\"https:\\\/\\\/lasentinelle.dz\\\/\",\"logo\":{\"@type\":\"ImageObject\",\"inLanguage\":\"fr-FR\",\"@id\":\"https:\\\/\\\/lasentinelle.dz\\\/#\\\/schema\\\/logo\\\/image\\\/\",\"url\":\"https:\\\/\\\/lasentinelle.dz\\\/wp-content\\\/uploads\\\/2021\\\/09\\\/logo-sentinelleSLOGAN-1.png\",\"contentUrl\":\"https:\\\/\\\/lasentinelle.dz\\\/wp-content\\\/uploads\\\/2021\\\/09\\\/logo-sentinelleSLOGAN-1.png\",\"width\":615,\"height\":142,\"caption\":\"Quotidien La Sentinelle\"},\"image\":{\"@id\":\"https:\\\/\\\/lasentinelle.dz\\\/#\\\/schema\\\/logo\\\/image\\\/\"},\"sameAs\":[\"https:\\\/\\\/www.facebook.com\\\/La-Sentinelle-104059864394773\"]},{\"@type\":\"Person\",\"@id\":\"https:\\\/\\\/lasentinelle.dz\\\/#\\\/schema\\\/person\\\/d865044e22e70a75174ce8bcad3acfb3\",\"name\":\"La Sentinelle\",\"image\":{\"@type\":\"ImageObject\",\"inLanguage\":\"fr-FR\",\"@id\":\"https:\\\/\\\/secure.gravatar.com\\\/avatar\\\/57de8e5d4b15d43fb361a71fbb36338450fe67865b528a43dd10ef7c51a20392?s=96&d=mm&r=g\",\"url\":\"https:\\\/\\\/secure.gravatar.com\\\/avatar\\\/57de8e5d4b15d43fb361a71fbb36338450fe67865b528a43dd10ef7c51a20392?s=96&d=mm&r=g\",\"contentUrl\":\"https:\\\/\\\/secure.gravatar.com\\\/avatar\\\/57de8e5d4b15d43fb361a71fbb36338450fe67865b528a43dd10ef7c51a20392?s=96&d=mm&r=g\",\"caption\":\"La Sentinelle\"},\"sameAs\":[\"http:\\\/\\\/www.lasentinelle.dz\"],\"url\":\"https:\\\/\\\/lasentinelle.dz\\\/author\\\/redaction\\\/\"}]}<\/script>\n<!-- \/ Yoast SEO plugin. -->","yoast_head_json":{"title":"Retrait des licences pour les clubs endett\u00e9s : Ali Malek s\u2019explique - La Sentinelle","robots":{"index":"index","follow":"follow","max-snippet":"max-snippet:-1","max-image-preview":"max-image-preview:large","max-video-preview":"max-video-preview:-1"},"canonical":"https:\/\/lasentinelle.dz\/index.php\/2021\/10\/28\/retrait-des-licences-pour-les-clubs-endettes-ali-malek-sexplique\/","og_locale":"fr_FR","og_type":"article","og_title":"Retrait des licences pour les clubs endett\u00e9s : Ali Malek s\u2019explique - La Sentinelle","og_description":"La LNFA a jug\u00e9 utile d\u2019aider les clubs pour pouvoir retirer les licences de leurs joueurs, en r\u00e9duisant de 50%","og_url":"https:\/\/lasentinelle.dz\/index.php\/2021\/10\/28\/retrait-des-licences-pour-les-clubs-endettes-ali-malek-sexplique\/","og_site_name":"La Sentinelle","article_publisher":"https:\/\/www.facebook.com\/La-Sentinelle-104059864394773","article_published_time":"2021-10-27T23:01:00+00:00","og_image":[{"width":1512,"height":900,"url":"https:\/\/lasentinelle.dz\/wp-content\/uploads\/2021\/10\/malek-8-27-1.jpeg","type":"image\/jpeg"}],"author":"La Sentinelle","twitter_card":"summary_large_image","twitter_misc":{"\u00c9crit par":"La Sentinelle","Dur\u00e9e de lecture estim\u00e9e":"2 minutes"},"schema":{"@context":"https:\/\/schema.org","@graph":[{"@type":"Article","@id":"https:\/\/lasentinelle.dz\/index.php\/2021\/10\/28\/retrait-des-licences-pour-les-clubs-endettes-ali-malek-sexplique\/#article","isPartOf":{"@id":"https:\/\/lasentinelle.dz\/index.php\/2021\/10\/28\/retrait-des-licences-pour-les-clubs-endettes-ali-malek-sexplique\/"},"author":{"name":"La Sentinelle","@id":"https:\/\/lasentinelle.dz\/#\/schema\/person\/d865044e22e70a75174ce8bcad3acfb3"},"headline":"Retrait des licences pour les clubs endett\u00e9s : Ali Malek s\u2019explique","datePublished":"2021-10-27T23:01:00+00:00","mainEntityOfPage":{"@id":"https:\/\/lasentinelle.dz\/index.php\/2021\/10\/28\/retrait-des-licences-pour-les-clubs-endettes-ali-malek-sexplique\/"},"wordCount":428,"commentCount":0,"publisher":{"@id":"https:\/\/lasentinelle.dz\/#organization"},"image":{"@id":"https:\/\/lasentinelle.dz\/index.php\/2021\/10\/28\/retrait-des-licences-pour-les-clubs-endettes-ali-malek-sexplique\/#primaryimage"},"thumbnailUrl":"https:\/\/lasentinelle.dz\/wp-content\/uploads\/2021\/10\/malek-8-27-1.jpeg","articleSection":["Sports"],"inLanguage":"fr-FR","potentialAction":[{"@type":"CommentAction","name":"Comment","target":["https:\/\/lasentinelle.dz\/index.php\/2021\/10\/28\/retrait-des-licences-pour-les-clubs-endettes-ali-malek-sexplique\/#respond"]}]},{"@type":"WebPage","@id":"https:\/\/lasentinelle.dz\/index.php\/2021\/10\/28\/retrait-des-licences-pour-les-clubs-endettes-ali-malek-sexplique\/","url":"https:\/\/lasentinelle.dz\/index.php\/2021\/10\/28\/retrait-des-licences-pour-les-clubs-endettes-ali-malek-sexplique\/","name":"Retrait des licences pour les clubs endett\u00e9s : Ali Malek s\u2019explique - La Sentinelle","isPartOf":{"@id":"https:\/\/lasentinelle.dz\/#website"},"primaryImageOfPage":{"@id":"https:\/\/lasentinelle.dz\/index.php\/2021\/10\/28\/retrait-des-licences-pour-les-clubs-endettes-ali-malek-sexplique\/#primaryimage"},"image":{"@id":"https:\/\/lasentinelle.dz\/index.php\/2021\/10\/28\/retrait-des-licences-pour-les-clubs-endettes-ali-malek-sexplique\/#primaryimage"},"thumbnailUrl":"https:\/\/lasentinelle.dz\/wp-content\/uploads\/2021\/10\/malek-8-27-1.jpeg","datePublished":"2021-10-27T23:01:00+00:00","breadcrumb":{"@id":"https:\/\/lasentinelle.dz\/index.php\/2021\/10\/28\/retrait-des-licences-pour-les-clubs-endettes-ali-malek-sexplique\/#breadcrumb"},"inLanguage":"fr-FR","potentialAction":[{"@type":"ReadAction","target":["https:\/\/lasentinelle.dz\/index.php\/2021\/10\/28\/retrait-des-licences-pour-les-clubs-endettes-ali-malek-sexplique\/"]}]},{"@type":"ImageObject","inLanguage":"fr-FR","@id":"https:\/\/lasentinelle.dz\/index.php\/2021\/10\/28\/retrait-des-licences-pour-les-clubs-endettes-ali-malek-sexplique\/#primaryimage","url":"https:\/\/lasentinelle.dz\/wp-content\/uploads\/2021\/10\/malek-8-27-1.jpeg","contentUrl":"https:\/\/lasentinelle.dz\/wp-content\/uploads\/2021\/10\/malek-8-27-1.jpeg","width":1512,"height":900},{"@type":"BreadcrumbList","@id":"https:\/\/lasentinelle.dz\/index.php\/2021\/10\/28\/retrait-des-licences-pour-les-clubs-endettes-ali-malek-sexplique\/#breadcrumb","itemListElement":[{"@type":"ListItem","position":1,"name":"Accueil","item":"https:\/\/lasentinelle.dz\/"},{"@type":"ListItem","position":2,"name":"Retrait des licences pour les clubs endett\u00e9s : Ali Malek s\u2019explique"}]},{"@type":"WebSite","@id":"https:\/\/lasentinelle.dz\/#website","url":"https:\/\/lasentinelle.dz\/","name":"La Sentinelle","description":"Quotidien national d&#039;information","publisher":{"@id":"https:\/\/lasentinelle.dz\/#organization"},"potentialAction":[{"@type":"SearchAction","target":{"@type":"EntryPoint","urlTemplate":"https:\/\/lasentinelle.dz\/?s={search_term_string}"},"query-input":{"@type":"PropertyValueSpecification","valueRequired":true,"valueName":"search_term_string"}}],"inLanguage":"fr-FR"},{"@type":"Organization","@id":"https:\/\/lasentinelle.dz\/#organization","name":"Quotidien La Sentinelle","url":"https:\/\/lasentinelle.dz\/","logo":{"@type":"ImageObject","inLanguage":"fr-FR","@id":"https:\/\/lasentinelle.dz\/#\/schema\/logo\/image\/","url":"https:\/\/lasentinelle.dz\/wp-content\/uploads\/2021\/09\/logo-sentinelleSLOGAN-1.png","contentUrl":"https:\/\/lasentinelle.dz\/wp-content\/uploads\/2021\/09\/logo-sentinelleSLOGAN-1.png","width":615,"height":142,"caption":"Quotidien La Sentinelle"},"image":{"@id":"https:\/\/lasentinelle.dz\/#\/schema\/logo\/image\/"},"sameAs":["https:\/\/www.facebook.com\/La-Sentinelle-104059864394773"]},{"@type":"Person","@id":"https:\/\/lasentinelle.dz\/#\/schema\/person\/d865044e22e70a75174ce8bcad3acfb3","name":"La Sentinelle","image":{"@type":"ImageObject","inLanguage":"fr-FR","@id":"https:\/\/secure.gravatar.com\/avatar\/57de8e5d4b15d43fb361a71fbb36338450fe67865b528a43dd10ef7c51a20392?s=96&d=mm&r=g","url":"https:\/\/secure.gravatar.com\/avatar\/57de8e5d4b15d43fb361a71fbb36338450fe67865b528a43dd10ef7c51a20392?s=96&d=mm&r=g","contentUrl":"https:\/\/secure.gravatar.com\/avatar\/57de8e5d4b15d43fb361a71fbb36338450fe67865b528a43dd10ef7c51a20392?s=96&d=mm&r=g","caption":"La Sentinelle"},"sameAs":["http:\/\/www.lasentinelle.dz"],"url":"https:\/\/lasentinelle.dz\/author\/redaction\/"}]}},"_links":{"self":[{"href":"https:\/\/lasentinelle.dz\/index.php\/wp-json\/wp\/v2\/posts\/11704","targetHints":{"allow":["GET"]}}],"collection":[{"href":"https:\/\/lasentinelle.dz\/index.php\/wp-json\/wp\/v2\/posts"}],"about":[{"href":"https:\/\/lasentinelle.dz\/index.php\/wp-json\/wp\/v2\/types\/post"}],"author":[{"embeddable":true,"href":"https:\/\/lasentinelle.dz\/index.php\/wp-json\/wp\/v2\/users\/3"}],"replies":[{"embeddable":true,"href":"https:\/\/lasentinelle.dz\/index.php\/wp-json\/wp\/v2\/comments?post=11704"}],"version-history":[{"count":1,"href":"https:\/\/lasentinelle.dz\/index.php\/wp-json\/wp\/v2\/posts\/11704\/revisions"}],"predecessor-version":[{"id":11711,"href":"https:\/\/lasentinelle.dz\/index.php\/wp-json\/wp\/v2\/posts\/11704\/revisions\/11711"}],"wp:featuredmedia":[{"embeddable":true,"href":"https:\/\/lasentinelle.dz\/index.php\/wp-json\/wp\/v2\/media\/11710"}],"wp:attachment":[{"href":"https:\/\/lasentinelle.dz\/index.php\/wp-json\/wp\/v2\/media?parent=11704"}],"wp:term":[{"taxonomy":"category","embeddable":true,"href":"https:\/\/lasentinelle.dz\/index.php\/wp-json\/wp\/v2\/categories?post=11704"},{"taxonomy":"post_tag","embeddable":true,"href":"https:\/\/lasentinelle.dz\/index.php\/wp-json\/wp\/v2\/tags?post=11704"}],"curies":[{"name":"wp","href":"https:\/\/api.w.org\/{rel}","templated":true}]}}