{"id":11719,"date":"2021-10-28T00:01:00","date_gmt":"2021-10-27T23:01:00","guid":{"rendered":"https:\/\/lasentinelle.dz\/?p=11719"},"modified":"2021-10-27T16:31:29","modified_gmt":"2021-10-27T15:31:29","slug":"ligue-1-2e-journee-jsk-ess-a-laffiche","status":"publish","type":"post","link":"https:\/\/lasentinelle.dz\/index.php\/2021\/10\/28\/ligue-1-2e-journee-jsk-ess-a-laffiche\/","title":{"rendered":"Ligue 1 (2e journ\u00e9e) : JSK-ESS \u00e0 l&rsquo;affiche"},"content":{"rendered":"\n<p>JSK \u2013 ESS constituera l&rsquo;affiche de la deuxi\u00e8me journ\u00e9e du championnat de Ligue 1, pr\u00e9vue vendredi et samedi, alors que le CR Belouizdad, entamera la d\u00e9fense de son titre \u00e0 domicile face au CS Constantine.<\/p>\n\n\n\n<p>La JSK et l&rsquo;ESS, dont les rencontres de la journ\u00e9e inaugurale ont \u00e9t\u00e9 report\u00e9es au 2 novembre en raison de leur engagement aux comp\u00e9titions africaines interclubs, s&rsquo;affronteront au stade du 1<sup>er<\/sup>-Novembre de Tizi Ouzou, dans un duel qui s&rsquo;annonce ind\u00e9cis et ouvert \u00e0 tous les pronostics. Qualifi\u00e9es pour le prochain tour de leur \u00e9preuve respective, la JSK et l&rsquo;Entente aborderont leur premier rendez-vous en championnat avec l&rsquo;intention de d\u00e9marrer du bon pied et \u00e9viter ainsi de tr\u00e9bucher d&rsquo;entr\u00e9e. La JSK devrait \u00eatre dirig\u00e9e sur le banc, \u00e0 titre int\u00e9rimaire, par l&rsquo;entra\u00eeneur-adjoint Mounir Dob, apr\u00e8s le d\u00e9part de l&rsquo;entra\u00eeneur fran\u00e7ais Henri Stambouli, dont le contrat sera r\u00e9sili\u00e9 \u00e0 l&rsquo;amiable. Le CRB, qui reste sur une qualification \u00e0 la phase de poules de la Ligue des champions, aux d\u00e9pens des Ivoiriens de l&rsquo;ASEC Mimosas (aller : 1-3, retour : 2-0), entamera la d\u00e9fense de son titre \u00e0 la maison face au CS Constantine, battu \u00e0 domicile par le MC Oran (0-1). M\u00eame si les Belouizdadis b\u00e9n\u00e9ficieront de la faveur des pronostics, le CSC, touch\u00e9 dans son amour propre, va chercher certainement \u00e0 se racheter \u00e0 l&rsquo;occasion de son d\u00e9placement \u00e0 Alger. L&rsquo;US Biskra, auteur d&rsquo;un carton lors de la premi\u00e8re journ\u00e9e en d\u00e9placement face au promu le RC Arba\u00e2 (5-0), recevra la JS Saoura, l&rsquo;autre repr\u00e9sentant alg\u00e9rien qualifi\u00e9 en Coupe de la Conf\u00e9d\u00e9ration, dans un derby du sud ind\u00e9cis. Les gars des \u00ab&nbsp;Ziban&nbsp;\u00bb auront \u00e0 c\u0153ur de confirmer leur excellent d\u00e9but de saison, face \u00e0 une \u00e9quipe de la JSS, capable de revenir avec le gain du match. Le MC Alger, dirig\u00e9 sur le banc par le Tunisien Khaled Ben Yahia, se rendra \u00e0 l&rsquo;Est du pays pour d\u00e9fier le NC Magra, battu d&rsquo;entr\u00e9e par le WA Tlemcen (1-0). Les Alg\u00e9rois, dont l&rsquo;objectif est de jouer les premiers r\u00f4les cette saison, devront rester vigilants face au NC Magra, dont les statistiques \u00e0 domicile plaident en sa faveur. Le MC Oran et le Paradou AC, vainqueurs lors de leur premier match de la saison, respectivement face au CSC et l&rsquo;ASO Chlef, sur le m\u00eame score (1-0), s&rsquo;affronteront pour l&rsquo;objectif commun de confirmer leur succ\u00e8s. Le premier derby de l&rsquo;Ouest de la saison mettra aux prises le RC Relizane au WA Tlemcen, qui a assur\u00e9 l&rsquo;essentiel lors de la premi\u00e8re journ\u00e9e en battant \u00e0 la maison le NCM (1-0). L&rsquo;USM Alger, tenue en \u00e9chec le week-end dernier dans le derby alg\u00e9rois face au NAHD (1-1), \u00e9voluera, \u00e0 priori sur du velours, dans son antre d&rsquo;Omar-Hamadi de Bologhine face au RC Arba\u00e2, dont l&rsquo;effectif est compos\u00e9 majoritairement de la r\u00e9serve. L&rsquo;autre promu le HB Chelghoum-La\u00efd va signer ses grands d\u00e9buts en Ligue 1, en accueillant le NAHD, alors que l&rsquo;ASO Chlef abordera la r\u00e9ception de l&rsquo;Olympique M\u00e9d\u00e9a avec l&rsquo;intention de rectifier le tir.&nbsp;&nbsp;<\/p>\n\n\n\n<p><strong>R. S.<\/strong><\/p>\n","protected":false},"excerpt":{"rendered":"<p>JSK \u2013 ESS constituera l&rsquo;affiche de la deuxi\u00e8me journ\u00e9e du championnat de Ligue 1, pr\u00e9vue vendredi et samedi, alors que<\/p>\n","protected":false},"author":3,"featured_media":11731,"comment_status":"open","ping_status":"closed","sticky":false,"template":"","format":"standard","meta":{"colormag_page_container_layout":"default_layout","colormag_page_sidebar_layout":"default_layout","om_disable_all_campaigns":false,"_monsterinsights_skip_tracking":false,"_monsterinsights_sitenote_active":false,"_monsterinsights_sitenote_note":"","_monsterinsights_sitenote_category":0,"footnotes":"","_wpscppro_dont_share_socialmedia":false,"_wpscppro_custom_social_share_image":0,"_facebook_share_type":"","_twitter_share_type":"","_linkedin_share_type":"","_pinterest_share_type":"","_linkedin_share_type_page":"","_instagram_share_type":"","_medium_share_type":"","_threads_share_type":"","_google_business_share_type":"","_selected_social_profile":[],"_wpsp_enable_custom_social_template":false,"_wpsp_social_scheduling":{"enabled":false,"datetime":null,"platforms":[],"status":"template_only","dateOption":"today","timeOption":"now","customDays":"","customHours":"","customDate":"","customTime":"","schedulingType":"absolute"},"_wpsp_active_default_template":true},"categories":[33],"tags":[],"class_list":["post-11719","post","type-post","status-publish","format-standard","has-post-thumbnail","hentry","category-sports"],"aioseo_notices":[],"yoast_head":"<!-- This site is optimized with the Yoast SEO plugin v27.5 - https:\/\/yoast.com\/product\/yoast-seo-wordpress\/ -->\n<title>Ligue 1 (2e journ\u00e9e) : JSK-ESS \u00e0 l&#039;affiche - La Sentinelle<\/title>\n<meta name=\"robots\" content=\"index, follow, max-snippet:-1, max-image-preview:large, max-video-preview:-1\" \/>\n<link rel=\"canonical\" href=\"https:\/\/lasentinelle.dz\/index.php\/2021\/10\/28\/ligue-1-2e-journee-jsk-ess-a-laffiche\/\" \/>\n<meta property=\"og:locale\" content=\"fr_FR\" \/>\n<meta property=\"og:type\" content=\"article\" \/>\n<meta property=\"og:title\" content=\"Ligue 1 (2e journ\u00e9e) : JSK-ESS \u00e0 l&#039;affiche - La Sentinelle\" \/>\n<meta property=\"og:description\" content=\"JSK \u2013 ESS constituera l&rsquo;affiche de la deuxi\u00e8me journ\u00e9e du championnat de Ligue 1, pr\u00e9vue vendredi et samedi, alors que\" \/>\n<meta property=\"og:url\" content=\"https:\/\/lasentinelle.dz\/index.php\/2021\/10\/28\/ligue-1-2e-journee-jsk-ess-a-laffiche\/\" \/>\n<meta property=\"og:site_name\" content=\"La Sentinelle\" \/>\n<meta property=\"article:publisher\" content=\"https:\/\/www.facebook.com\/La-Sentinelle-104059864394773\" \/>\n<meta property=\"article:published_time\" content=\"2021-10-27T23:01:00+00:00\" \/>\n<meta property=\"og:image\" content=\"https:\/\/lasentinelle.dz\/wp-content\/uploads\/2021\/10\/Ligue-1-9-2.jpg\" \/>\n\t<meta property=\"og:image:width\" content=\"960\" \/>\n\t<meta property=\"og:image:height\" content=\"640\" \/>\n\t<meta property=\"og:image:type\" content=\"image\/jpeg\" \/>\n<meta name=\"author\" content=\"La Sentinelle\" \/>\n<meta name=\"twitter:card\" content=\"summary_large_image\" \/>\n<meta name=\"twitter:label1\" content=\"\u00c9crit par\" \/>\n\t<meta name=\"twitter:data1\" content=\"La Sentinelle\" \/>\n\t<meta name=\"twitter:label2\" content=\"Dur\u00e9e de lecture estim\u00e9e\" \/>\n\t<meta name=\"twitter:data2\" content=\"3 minutes\" \/>\n<script type=\"application\/ld+json\" class=\"yoast-schema-graph\">{\"@context\":\"https:\\\/\\\/schema.org\",\"@graph\":[{\"@type\":\"Article\",\"@id\":\"https:\\\/\\\/lasentinelle.dz\\\/index.php\\\/2021\\\/10\\\/28\\\/ligue-1-2e-journee-jsk-ess-a-laffiche\\\/#article\",\"isPartOf\":{\"@id\":\"https:\\\/\\\/lasentinelle.dz\\\/index.php\\\/2021\\\/10\\\/28\\\/ligue-1-2e-journee-jsk-ess-a-laffiche\\\/\"},\"author\":{\"name\":\"La Sentinelle\",\"@id\":\"https:\\\/\\\/lasentinelle.dz\\\/#\\\/schema\\\/person\\\/d865044e22e70a75174ce8bcad3acfb3\"},\"headline\":\"Ligue 1 (2e journ\u00e9e) : JSK-ESS \u00e0 l&rsquo;affiche\",\"datePublished\":\"2021-10-27T23:01:00+00:00\",\"mainEntityOfPage\":{\"@id\":\"https:\\\/\\\/lasentinelle.dz\\\/index.php\\\/2021\\\/10\\\/28\\\/ligue-1-2e-journee-jsk-ess-a-laffiche\\\/\"},\"wordCount\":565,\"commentCount\":0,\"publisher\":{\"@id\":\"https:\\\/\\\/lasentinelle.dz\\\/#organization\"},\"image\":{\"@id\":\"https:\\\/\\\/lasentinelle.dz\\\/index.php\\\/2021\\\/10\\\/28\\\/ligue-1-2e-journee-jsk-ess-a-laffiche\\\/#primaryimage\"},\"thumbnailUrl\":\"https:\\\/\\\/lasentinelle.dz\\\/wp-content\\\/uploads\\\/2021\\\/10\\\/Ligue-1-9-2.jpg\",\"articleSection\":[\"Sports\"],\"inLanguage\":\"fr-FR\",\"potentialAction\":[{\"@type\":\"CommentAction\",\"name\":\"Comment\",\"target\":[\"https:\\\/\\\/lasentinelle.dz\\\/index.php\\\/2021\\\/10\\\/28\\\/ligue-1-2e-journee-jsk-ess-a-laffiche\\\/#respond\"]}]},{\"@type\":\"WebPage\",\"@id\":\"https:\\\/\\\/lasentinelle.dz\\\/index.php\\\/2021\\\/10\\\/28\\\/ligue-1-2e-journee-jsk-ess-a-laffiche\\\/\",\"url\":\"https:\\\/\\\/lasentinelle.dz\\\/index.php\\\/2021\\\/10\\\/28\\\/ligue-1-2e-journee-jsk-ess-a-laffiche\\\/\",\"name\":\"Ligue 1 (2e journ\u00e9e) : JSK-ESS \u00e0 l'affiche - La Sentinelle\",\"isPartOf\":{\"@id\":\"https:\\\/\\\/lasentinelle.dz\\\/#website\"},\"primaryImageOfPage\":{\"@id\":\"https:\\\/\\\/lasentinelle.dz\\\/index.php\\\/2021\\\/10\\\/28\\\/ligue-1-2e-journee-jsk-ess-a-laffiche\\\/#primaryimage\"},\"image\":{\"@id\":\"https:\\\/\\\/lasentinelle.dz\\\/index.php\\\/2021\\\/10\\\/28\\\/ligue-1-2e-journee-jsk-ess-a-laffiche\\\/#primaryimage\"},\"thumbnailUrl\":\"https:\\\/\\\/lasentinelle.dz\\\/wp-content\\\/uploads\\\/2021\\\/10\\\/Ligue-1-9-2.jpg\",\"datePublished\":\"2021-10-27T23:01:00+00:00\",\"breadcrumb\":{\"@id\":\"https:\\\/\\\/lasentinelle.dz\\\/index.php\\\/2021\\\/10\\\/28\\\/ligue-1-2e-journee-jsk-ess-a-laffiche\\\/#breadcrumb\"},\"inLanguage\":\"fr-FR\",\"potentialAction\":[{\"@type\":\"ReadAction\",\"target\":[\"https:\\\/\\\/lasentinelle.dz\\\/index.php\\\/2021\\\/10\\\/28\\\/ligue-1-2e-journee-jsk-ess-a-laffiche\\\/\"]}]},{\"@type\":\"ImageObject\",\"inLanguage\":\"fr-FR\",\"@id\":\"https:\\\/\\\/lasentinelle.dz\\\/index.php\\\/2021\\\/10\\\/28\\\/ligue-1-2e-journee-jsk-ess-a-laffiche\\\/#primaryimage\",\"url\":\"https:\\\/\\\/lasentinelle.dz\\\/wp-content\\\/uploads\\\/2021\\\/10\\\/Ligue-1-9-2.jpg\",\"contentUrl\":\"https:\\\/\\\/lasentinelle.dz\\\/wp-content\\\/uploads\\\/2021\\\/10\\\/Ligue-1-9-2.jpg\",\"width\":960,\"height\":640},{\"@type\":\"BreadcrumbList\",\"@id\":\"https:\\\/\\\/lasentinelle.dz\\\/index.php\\\/2021\\\/10\\\/28\\\/ligue-1-2e-journee-jsk-ess-a-laffiche\\\/#breadcrumb\",\"itemListElement\":[{\"@type\":\"ListItem\",\"position\":1,\"name\":\"Accueil\",\"item\":\"https:\\\/\\\/lasentinelle.dz\\\/\"},{\"@type\":\"ListItem\",\"position\":2,\"name\":\"Ligue 1 (2e journ\u00e9e) : JSK-ESS \u00e0 l&rsquo;affiche\"}]},{\"@type\":\"WebSite\",\"@id\":\"https:\\\/\\\/lasentinelle.dz\\\/#website\",\"url\":\"https:\\\/\\\/lasentinelle.dz\\\/\",\"name\":\"La Sentinelle\",\"description\":\"Quotidien national d&#039;information\",\"publisher\":{\"@id\":\"https:\\\/\\\/lasentinelle.dz\\\/#organization\"},\"potentialAction\":[{\"@type\":\"SearchAction\",\"target\":{\"@type\":\"EntryPoint\",\"urlTemplate\":\"https:\\\/\\\/lasentinelle.dz\\\/?s={search_term_string}\"},\"query-input\":{\"@type\":\"PropertyValueSpecification\",\"valueRequired\":true,\"valueName\":\"search_term_string\"}}],\"inLanguage\":\"fr-FR\"},{\"@type\":\"Organization\",\"@id\":\"https:\\\/\\\/lasentinelle.dz\\\/#organization\",\"name\":\"Quotidien La Sentinelle\",\"url\":\"https:\\\/\\\/lasentinelle.dz\\\/\",\"logo\":{\"@type\":\"ImageObject\",\"inLanguage\":\"fr-FR\",\"@id\":\"https:\\\/\\\/lasentinelle.dz\\\/#\\\/schema\\\/logo\\\/image\\\/\",\"url\":\"https:\\\/\\\/lasentinelle.dz\\\/wp-content\\\/uploads\\\/2021\\\/09\\\/logo-sentinelleSLOGAN-1.png\",\"contentUrl\":\"https:\\\/\\\/lasentinelle.dz\\\/wp-content\\\/uploads\\\/2021\\\/09\\\/logo-sentinelleSLOGAN-1.png\",\"width\":615,\"height\":142,\"caption\":\"Quotidien La Sentinelle\"},\"image\":{\"@id\":\"https:\\\/\\\/lasentinelle.dz\\\/#\\\/schema\\\/logo\\\/image\\\/\"},\"sameAs\":[\"https:\\\/\\\/www.facebook.com\\\/La-Sentinelle-104059864394773\"]},{\"@type\":\"Person\",\"@id\":\"https:\\\/\\\/lasentinelle.dz\\\/#\\\/schema\\\/person\\\/d865044e22e70a75174ce8bcad3acfb3\",\"name\":\"La Sentinelle\",\"image\":{\"@type\":\"ImageObject\",\"inLanguage\":\"fr-FR\",\"@id\":\"https:\\\/\\\/secure.gravatar.com\\\/avatar\\\/57de8e5d4b15d43fb361a71fbb36338450fe67865b528a43dd10ef7c51a20392?s=96&d=mm&r=g\",\"url\":\"https:\\\/\\\/secure.gravatar.com\\\/avatar\\\/57de8e5d4b15d43fb361a71fbb36338450fe67865b528a43dd10ef7c51a20392?s=96&d=mm&r=g\",\"contentUrl\":\"https:\\\/\\\/secure.gravatar.com\\\/avatar\\\/57de8e5d4b15d43fb361a71fbb36338450fe67865b528a43dd10ef7c51a20392?s=96&d=mm&r=g\",\"caption\":\"La Sentinelle\"},\"sameAs\":[\"http:\\\/\\\/www.lasentinelle.dz\"],\"url\":\"https:\\\/\\\/lasentinelle.dz\\\/author\\\/redaction\\\/\"}]}<\/script>\n<!-- \/ Yoast SEO plugin. -->","yoast_head_json":{"title":"Ligue 1 (2e journ\u00e9e) : JSK-ESS \u00e0 l'affiche - La Sentinelle","robots":{"index":"index","follow":"follow","max-snippet":"max-snippet:-1","max-image-preview":"max-image-preview:large","max-video-preview":"max-video-preview:-1"},"canonical":"https:\/\/lasentinelle.dz\/index.php\/2021\/10\/28\/ligue-1-2e-journee-jsk-ess-a-laffiche\/","og_locale":"fr_FR","og_type":"article","og_title":"Ligue 1 (2e journ\u00e9e) : JSK-ESS \u00e0 l'affiche - La Sentinelle","og_description":"JSK \u2013 ESS constituera l&rsquo;affiche de la deuxi\u00e8me journ\u00e9e du championnat de Ligue 1, pr\u00e9vue vendredi et samedi, alors que","og_url":"https:\/\/lasentinelle.dz\/index.php\/2021\/10\/28\/ligue-1-2e-journee-jsk-ess-a-laffiche\/","og_site_name":"La Sentinelle","article_publisher":"https:\/\/www.facebook.com\/La-Sentinelle-104059864394773","article_published_time":"2021-10-27T23:01:00+00:00","og_image":[{"width":960,"height":640,"url":"https:\/\/lasentinelle.dz\/wp-content\/uploads\/2021\/10\/Ligue-1-9-2.jpg","type":"image\/jpeg"}],"author":"La Sentinelle","twitter_card":"summary_large_image","twitter_misc":{"\u00c9crit par":"La Sentinelle","Dur\u00e9e de lecture estim\u00e9e":"3 minutes"},"schema":{"@context":"https:\/\/schema.org","@graph":[{"@type":"Article","@id":"https:\/\/lasentinelle.dz\/index.php\/2021\/10\/28\/ligue-1-2e-journee-jsk-ess-a-laffiche\/#article","isPartOf":{"@id":"https:\/\/lasentinelle.dz\/index.php\/2021\/10\/28\/ligue-1-2e-journee-jsk-ess-a-laffiche\/"},"author":{"name":"La Sentinelle","@id":"https:\/\/lasentinelle.dz\/#\/schema\/person\/d865044e22e70a75174ce8bcad3acfb3"},"headline":"Ligue 1 (2e journ\u00e9e) : JSK-ESS \u00e0 l&rsquo;affiche","datePublished":"2021-10-27T23:01:00+00:00","mainEntityOfPage":{"@id":"https:\/\/lasentinelle.dz\/index.php\/2021\/10\/28\/ligue-1-2e-journee-jsk-ess-a-laffiche\/"},"wordCount":565,"commentCount":0,"publisher":{"@id":"https:\/\/lasentinelle.dz\/#organization"},"image":{"@id":"https:\/\/lasentinelle.dz\/index.php\/2021\/10\/28\/ligue-1-2e-journee-jsk-ess-a-laffiche\/#primaryimage"},"thumbnailUrl":"https:\/\/lasentinelle.dz\/wp-content\/uploads\/2021\/10\/Ligue-1-9-2.jpg","articleSection":["Sports"],"inLanguage":"fr-FR","potentialAction":[{"@type":"CommentAction","name":"Comment","target":["https:\/\/lasentinelle.dz\/index.php\/2021\/10\/28\/ligue-1-2e-journee-jsk-ess-a-laffiche\/#respond"]}]},{"@type":"WebPage","@id":"https:\/\/lasentinelle.dz\/index.php\/2021\/10\/28\/ligue-1-2e-journee-jsk-ess-a-laffiche\/","url":"https:\/\/lasentinelle.dz\/index.php\/2021\/10\/28\/ligue-1-2e-journee-jsk-ess-a-laffiche\/","name":"Ligue 1 (2e journ\u00e9e) : JSK-ESS \u00e0 l'affiche - La Sentinelle","isPartOf":{"@id":"https:\/\/lasentinelle.dz\/#website"},"primaryImageOfPage":{"@id":"https:\/\/lasentinelle.dz\/index.php\/2021\/10\/28\/ligue-1-2e-journee-jsk-ess-a-laffiche\/#primaryimage"},"image":{"@id":"https:\/\/lasentinelle.dz\/index.php\/2021\/10\/28\/ligue-1-2e-journee-jsk-ess-a-laffiche\/#primaryimage"},"thumbnailUrl":"https:\/\/lasentinelle.dz\/wp-content\/uploads\/2021\/10\/Ligue-1-9-2.jpg","datePublished":"2021-10-27T23:01:00+00:00","breadcrumb":{"@id":"https:\/\/lasentinelle.dz\/index.php\/2021\/10\/28\/ligue-1-2e-journee-jsk-ess-a-laffiche\/#breadcrumb"},"inLanguage":"fr-FR","potentialAction":[{"@type":"ReadAction","target":["https:\/\/lasentinelle.dz\/index.php\/2021\/10\/28\/ligue-1-2e-journee-jsk-ess-a-laffiche\/"]}]},{"@type":"ImageObject","inLanguage":"fr-FR","@id":"https:\/\/lasentinelle.dz\/index.php\/2021\/10\/28\/ligue-1-2e-journee-jsk-ess-a-laffiche\/#primaryimage","url":"https:\/\/lasentinelle.dz\/wp-content\/uploads\/2021\/10\/Ligue-1-9-2.jpg","contentUrl":"https:\/\/lasentinelle.dz\/wp-content\/uploads\/2021\/10\/Ligue-1-9-2.jpg","width":960,"height":640},{"@type":"BreadcrumbList","@id":"https:\/\/lasentinelle.dz\/index.php\/2021\/10\/28\/ligue-1-2e-journee-jsk-ess-a-laffiche\/#breadcrumb","itemListElement":[{"@type":"ListItem","position":1,"name":"Accueil","item":"https:\/\/lasentinelle.dz\/"},{"@type":"ListItem","position":2,"name":"Ligue 1 (2e journ\u00e9e) : JSK-ESS \u00e0 l&rsquo;affiche"}]},{"@type":"WebSite","@id":"https:\/\/lasentinelle.dz\/#website","url":"https:\/\/lasentinelle.dz\/","name":"La Sentinelle","description":"Quotidien national d&#039;information","publisher":{"@id":"https:\/\/lasentinelle.dz\/#organization"},"potentialAction":[{"@type":"SearchAction","target":{"@type":"EntryPoint","urlTemplate":"https:\/\/lasentinelle.dz\/?s={search_term_string}"},"query-input":{"@type":"PropertyValueSpecification","valueRequired":true,"valueName":"search_term_string"}}],"inLanguage":"fr-FR"},{"@type":"Organization","@id":"https:\/\/lasentinelle.dz\/#organization","name":"Quotidien La Sentinelle","url":"https:\/\/lasentinelle.dz\/","logo":{"@type":"ImageObject","inLanguage":"fr-FR","@id":"https:\/\/lasentinelle.dz\/#\/schema\/logo\/image\/","url":"https:\/\/lasentinelle.dz\/wp-content\/uploads\/2021\/09\/logo-sentinelleSLOGAN-1.png","contentUrl":"https:\/\/lasentinelle.dz\/wp-content\/uploads\/2021\/09\/logo-sentinelleSLOGAN-1.png","width":615,"height":142,"caption":"Quotidien La Sentinelle"},"image":{"@id":"https:\/\/lasentinelle.dz\/#\/schema\/logo\/image\/"},"sameAs":["https:\/\/www.facebook.com\/La-Sentinelle-104059864394773"]},{"@type":"Person","@id":"https:\/\/lasentinelle.dz\/#\/schema\/person\/d865044e22e70a75174ce8bcad3acfb3","name":"La Sentinelle","image":{"@type":"ImageObject","inLanguage":"fr-FR","@id":"https:\/\/secure.gravatar.com\/avatar\/57de8e5d4b15d43fb361a71fbb36338450fe67865b528a43dd10ef7c51a20392?s=96&d=mm&r=g","url":"https:\/\/secure.gravatar.com\/avatar\/57de8e5d4b15d43fb361a71fbb36338450fe67865b528a43dd10ef7c51a20392?s=96&d=mm&r=g","contentUrl":"https:\/\/secure.gravatar.com\/avatar\/57de8e5d4b15d43fb361a71fbb36338450fe67865b528a43dd10ef7c51a20392?s=96&d=mm&r=g","caption":"La Sentinelle"},"sameAs":["http:\/\/www.lasentinelle.dz"],"url":"https:\/\/lasentinelle.dz\/author\/redaction\/"}]}},"_links":{"self":[{"href":"https:\/\/lasentinelle.dz\/index.php\/wp-json\/wp\/v2\/posts\/11719","targetHints":{"allow":["GET"]}}],"collection":[{"href":"https:\/\/lasentinelle.dz\/index.php\/wp-json\/wp\/v2\/posts"}],"about":[{"href":"https:\/\/lasentinelle.dz\/index.php\/wp-json\/wp\/v2\/types\/post"}],"author":[{"embeddable":true,"href":"https:\/\/lasentinelle.dz\/index.php\/wp-json\/wp\/v2\/users\/3"}],"replies":[{"embeddable":true,"href":"https:\/\/lasentinelle.dz\/index.php\/wp-json\/wp\/v2\/comments?post=11719"}],"version-history":[{"count":1,"href":"https:\/\/lasentinelle.dz\/index.php\/wp-json\/wp\/v2\/posts\/11719\/revisions"}],"predecessor-version":[{"id":11723,"href":"https:\/\/lasentinelle.dz\/index.php\/wp-json\/wp\/v2\/posts\/11719\/revisions\/11723"}],"wp:featuredmedia":[{"embeddable":true,"href":"https:\/\/lasentinelle.dz\/index.php\/wp-json\/wp\/v2\/media\/11731"}],"wp:attachment":[{"href":"https:\/\/lasentinelle.dz\/index.php\/wp-json\/wp\/v2\/media?parent=11719"}],"wp:term":[{"taxonomy":"category","embeddable":true,"href":"https:\/\/lasentinelle.dz\/index.php\/wp-json\/wp\/v2\/categories?post=11719"},{"taxonomy":"post_tag","embeddable":true,"href":"https:\/\/lasentinelle.dz\/index.php\/wp-json\/wp\/v2\/tags?post=11719"}],"curies":[{"name":"wp","href":"https:\/\/api.w.org\/{rel}","templated":true}]}}