{"id":11732,"date":"2021-10-28T00:01:00","date_gmt":"2021-10-27T23:01:00","guid":{"rendered":"https:\/\/lasentinelle.dz\/?p=11732"},"modified":"2021-10-27T19:09:04","modified_gmt":"2021-10-27T18:09:04","slug":"lecriture-de-lhistoire-chikhi-appelle-a-la-creation-dune-ecole-algerienne-specialisee","status":"publish","type":"post","link":"https:\/\/lasentinelle.dz\/index.php\/2021\/10\/28\/lecriture-de-lhistoire-chikhi-appelle-a-la-creation-dune-ecole-algerienne-specialisee\/","title":{"rendered":"L\u2019\u00e9criture de l&rsquo;Histoire : Chikhi appelle \u00e0 la cr\u00e9ation d&rsquo;une \u00e9cole alg\u00e9rienne sp\u00e9cialis\u00e9e"},"content":{"rendered":"\n<p>Le Conseiller du pr\u00e9sident de la R\u00e9publique, charg\u00e9 des archives et de la M\u00e9moire nationale, Abdelmadjid Chikhi, a affirm\u00e9, mercredi \u00e0 Alger, que l'\u00a0\u00bbheure est \u00e0 la cr\u00e9ation d&rsquo;une Ecole alg\u00e9rienne sp\u00e9cialis\u00e9e dans l&rsquo;\u00e9criture de l&rsquo;Histoire de l&rsquo;Alg\u00e9rie\u00a0\u00bb afin de transmettre une information historique exacte aux g\u00e9n\u00e9rations montantes\u00a0\u00bb.<\/p>\n\n\n\n<p>Intervenant en marge d&rsquo;une conf\u00e9rence nationale anim\u00e9e par le pr\u00e9sident du Conseil de la Nation, Salah Goudjil, \u00e0 l&rsquo;occasion du 67e anniversaire de d\u00e9clenchement de la R\u00e9volution du 1er novembre, M. Chikhi a plaid\u00e9 pour \u00ab\u00a0la mise en place de notre propre m\u00e9thodologie et la cr\u00e9ation d&rsquo;une \u00e9cole alg\u00e9rienne sp\u00e9cialis\u00e9e dans l&rsquo;\u00e9criture de l&rsquo;Histoire d&rsquo;Alg\u00e9rie\u00a0\u00bb, comme le revendiquait l&rsquo;historien, feu Djamel Guenane et d&rsquo;autres chercheurs. Le m\u00eame responsable a insist\u00e9 sur l&rsquo;imp\u00e9ratif d&rsquo;oeuvrer dans ce sens pour \u00ab\u00a0transmettre une information exacte aux prochaines g\u00e9n\u00e9rations\u00a0\u00bb.<\/p>\n\n\n\n<p>M. Chikhi a relev\u00e9 l&rsquo;existence d&rsquo;une \u00ab\u00a0discussion s\u00e9rieuse avec le minist\u00e8re de l&rsquo;Enseignement sup\u00e9rieur et de la Recherche scientifique afin de parvenir \u00e0 un plan permettant de contribuer et d&rsquo;acc\u00e9l\u00e9rer l&rsquo;\u00e9criture de l&rsquo;histoire suivant une autre m\u00e9thodologie\u00a0\u00bb.<\/p>\n\n\n\n<p><strong>APS<\/strong><\/p>\n","protected":false},"excerpt":{"rendered":"<p>Le Conseiller du pr\u00e9sident de la R\u00e9publique, charg\u00e9 des archives et de la M\u00e9moire nationale, Abdelmadjid Chikhi, a affirm\u00e9, mercredi<\/p>\n","protected":false},"author":3,"featured_media":11737,"comment_status":"open","ping_status":"closed","sticky":false,"template":"","format":"standard","meta":{"colormag_page_container_layout":"default_layout","colormag_page_sidebar_layout":"default_layout","om_disable_all_campaigns":false,"_monsterinsights_skip_tracking":false,"_monsterinsights_sitenote_active":false,"_monsterinsights_sitenote_note":"","_monsterinsights_sitenote_category":0,"footnotes":"","_wpscppro_dont_share_socialmedia":false,"_wpscppro_custom_social_share_image":0,"_facebook_share_type":"","_twitter_share_type":"","_linkedin_share_type":"","_pinterest_share_type":"","_linkedin_share_type_page":"","_instagram_share_type":"","_medium_share_type":"","_threads_share_type":"","_google_business_share_type":"","_selected_social_profile":[],"_wpsp_enable_custom_social_template":false,"_wpsp_social_scheduling":{"enabled":false,"datetime":null,"platforms":[],"status":"template_only","dateOption":"today","timeOption":"now","customDays":"","customHours":"","customDate":"","customTime":"","schedulingType":"absolute"},"_wpsp_active_default_template":true},"categories":[27],"tags":[],"class_list":["post-11732","post","type-post","status-publish","format-standard","has-post-thumbnail","hentry","category-actualite"],"aioseo_notices":[],"yoast_head":"<!-- This site is optimized with the Yoast SEO plugin v27.5 - https:\/\/yoast.com\/product\/yoast-seo-wordpress\/ -->\n<title>L\u2019\u00e9criture de l&#039;Histoire : Chikhi appelle \u00e0 la cr\u00e9ation d&#039;une \u00e9cole alg\u00e9rienne sp\u00e9cialis\u00e9e - La Sentinelle<\/title>\n<meta name=\"robots\" content=\"index, follow, max-snippet:-1, max-image-preview:large, max-video-preview:-1\" \/>\n<link rel=\"canonical\" href=\"https:\/\/lasentinelle.dz\/index.php\/2021\/10\/28\/lecriture-de-lhistoire-chikhi-appelle-a-la-creation-dune-ecole-algerienne-specialisee\/\" \/>\n<meta property=\"og:locale\" content=\"fr_FR\" \/>\n<meta property=\"og:type\" content=\"article\" \/>\n<meta property=\"og:title\" content=\"L\u2019\u00e9criture de l&#039;Histoire : Chikhi appelle \u00e0 la cr\u00e9ation d&#039;une \u00e9cole alg\u00e9rienne sp\u00e9cialis\u00e9e - La Sentinelle\" \/>\n<meta property=\"og:description\" content=\"Le Conseiller du pr\u00e9sident de la R\u00e9publique, charg\u00e9 des archives et de la M\u00e9moire nationale, Abdelmadjid Chikhi, a affirm\u00e9, mercredi\" \/>\n<meta property=\"og:url\" content=\"https:\/\/lasentinelle.dz\/index.php\/2021\/10\/28\/lecriture-de-lhistoire-chikhi-appelle-a-la-creation-dune-ecole-algerienne-specialisee\/\" \/>\n<meta property=\"og:site_name\" content=\"La Sentinelle\" \/>\n<meta property=\"article:publisher\" content=\"https:\/\/www.facebook.com\/La-Sentinelle-104059864394773\" \/>\n<meta property=\"article:published_time\" content=\"2021-10-27T23:01:00+00:00\" \/>\n<meta property=\"og:image\" content=\"https:\/\/lasentinelle.dz\/wp-content\/uploads\/2021\/10\/image_2021-10-27_190843.png\" \/>\n\t<meta property=\"og:image:width\" content=\"1070\" \/>\n\t<meta property=\"og:image:height\" content=\"708\" \/>\n\t<meta property=\"og:image:type\" content=\"image\/png\" \/>\n<meta name=\"author\" content=\"La Sentinelle\" \/>\n<meta name=\"twitter:card\" content=\"summary_large_image\" \/>\n<meta name=\"twitter:label1\" content=\"\u00c9crit par\" \/>\n\t<meta name=\"twitter:data1\" content=\"La Sentinelle\" \/>\n\t<meta name=\"twitter:label2\" content=\"Dur\u00e9e de lecture estim\u00e9e\" \/>\n\t<meta name=\"twitter:data2\" content=\"1 minute\" \/>\n<script type=\"application\/ld+json\" class=\"yoast-schema-graph\">{\"@context\":\"https:\\\/\\\/schema.org\",\"@graph\":[{\"@type\":\"Article\",\"@id\":\"https:\\\/\\\/lasentinelle.dz\\\/index.php\\\/2021\\\/10\\\/28\\\/lecriture-de-lhistoire-chikhi-appelle-a-la-creation-dune-ecole-algerienne-specialisee\\\/#article\",\"isPartOf\":{\"@id\":\"https:\\\/\\\/lasentinelle.dz\\\/index.php\\\/2021\\\/10\\\/28\\\/lecriture-de-lhistoire-chikhi-appelle-a-la-creation-dune-ecole-algerienne-specialisee\\\/\"},\"author\":{\"name\":\"La Sentinelle\",\"@id\":\"https:\\\/\\\/lasentinelle.dz\\\/#\\\/schema\\\/person\\\/d865044e22e70a75174ce8bcad3acfb3\"},\"headline\":\"L\u2019\u00e9criture de l&rsquo;Histoire : Chikhi appelle \u00e0 la cr\u00e9ation d&rsquo;une \u00e9cole alg\u00e9rienne sp\u00e9cialis\u00e9e\",\"datePublished\":\"2021-10-27T23:01:00+00:00\",\"mainEntityOfPage\":{\"@id\":\"https:\\\/\\\/lasentinelle.dz\\\/index.php\\\/2021\\\/10\\\/28\\\/lecriture-de-lhistoire-chikhi-appelle-a-la-creation-dune-ecole-algerienne-specialisee\\\/\"},\"wordCount\":236,\"commentCount\":0,\"publisher\":{\"@id\":\"https:\\\/\\\/lasentinelle.dz\\\/#organization\"},\"image\":{\"@id\":\"https:\\\/\\\/lasentinelle.dz\\\/index.php\\\/2021\\\/10\\\/28\\\/lecriture-de-lhistoire-chikhi-appelle-a-la-creation-dune-ecole-algerienne-specialisee\\\/#primaryimage\"},\"thumbnailUrl\":\"https:\\\/\\\/lasentinelle.dz\\\/wp-content\\\/uploads\\\/2021\\\/10\\\/image_2021-10-27_190843.png\",\"articleSection\":[\"Actualit\u00e9\"],\"inLanguage\":\"fr-FR\",\"potentialAction\":[{\"@type\":\"CommentAction\",\"name\":\"Comment\",\"target\":[\"https:\\\/\\\/lasentinelle.dz\\\/index.php\\\/2021\\\/10\\\/28\\\/lecriture-de-lhistoire-chikhi-appelle-a-la-creation-dune-ecole-algerienne-specialisee\\\/#respond\"]}]},{\"@type\":\"WebPage\",\"@id\":\"https:\\\/\\\/lasentinelle.dz\\\/index.php\\\/2021\\\/10\\\/28\\\/lecriture-de-lhistoire-chikhi-appelle-a-la-creation-dune-ecole-algerienne-specialisee\\\/\",\"url\":\"https:\\\/\\\/lasentinelle.dz\\\/index.php\\\/2021\\\/10\\\/28\\\/lecriture-de-lhistoire-chikhi-appelle-a-la-creation-dune-ecole-algerienne-specialisee\\\/\",\"name\":\"L\u2019\u00e9criture de l'Histoire : Chikhi appelle \u00e0 la cr\u00e9ation d'une \u00e9cole alg\u00e9rienne sp\u00e9cialis\u00e9e - La Sentinelle\",\"isPartOf\":{\"@id\":\"https:\\\/\\\/lasentinelle.dz\\\/#website\"},\"primaryImageOfPage\":{\"@id\":\"https:\\\/\\\/lasentinelle.dz\\\/index.php\\\/2021\\\/10\\\/28\\\/lecriture-de-lhistoire-chikhi-appelle-a-la-creation-dune-ecole-algerienne-specialisee\\\/#primaryimage\"},\"image\":{\"@id\":\"https:\\\/\\\/lasentinelle.dz\\\/index.php\\\/2021\\\/10\\\/28\\\/lecriture-de-lhistoire-chikhi-appelle-a-la-creation-dune-ecole-algerienne-specialisee\\\/#primaryimage\"},\"thumbnailUrl\":\"https:\\\/\\\/lasentinelle.dz\\\/wp-content\\\/uploads\\\/2021\\\/10\\\/image_2021-10-27_190843.png\",\"datePublished\":\"2021-10-27T23:01:00+00:00\",\"breadcrumb\":{\"@id\":\"https:\\\/\\\/lasentinelle.dz\\\/index.php\\\/2021\\\/10\\\/28\\\/lecriture-de-lhistoire-chikhi-appelle-a-la-creation-dune-ecole-algerienne-specialisee\\\/#breadcrumb\"},\"inLanguage\":\"fr-FR\",\"potentialAction\":[{\"@type\":\"ReadAction\",\"target\":[\"https:\\\/\\\/lasentinelle.dz\\\/index.php\\\/2021\\\/10\\\/28\\\/lecriture-de-lhistoire-chikhi-appelle-a-la-creation-dune-ecole-algerienne-specialisee\\\/\"]}]},{\"@type\":\"ImageObject\",\"inLanguage\":\"fr-FR\",\"@id\":\"https:\\\/\\\/lasentinelle.dz\\\/index.php\\\/2021\\\/10\\\/28\\\/lecriture-de-lhistoire-chikhi-appelle-a-la-creation-dune-ecole-algerienne-specialisee\\\/#primaryimage\",\"url\":\"https:\\\/\\\/lasentinelle.dz\\\/wp-content\\\/uploads\\\/2021\\\/10\\\/image_2021-10-27_190843.png\",\"contentUrl\":\"https:\\\/\\\/lasentinelle.dz\\\/wp-content\\\/uploads\\\/2021\\\/10\\\/image_2021-10-27_190843.png\",\"width\":1070,\"height\":708},{\"@type\":\"BreadcrumbList\",\"@id\":\"https:\\\/\\\/lasentinelle.dz\\\/index.php\\\/2021\\\/10\\\/28\\\/lecriture-de-lhistoire-chikhi-appelle-a-la-creation-dune-ecole-algerienne-specialisee\\\/#breadcrumb\",\"itemListElement\":[{\"@type\":\"ListItem\",\"position\":1,\"name\":\"Accueil\",\"item\":\"https:\\\/\\\/lasentinelle.dz\\\/\"},{\"@type\":\"ListItem\",\"position\":2,\"name\":\"L\u2019\u00e9criture de l&rsquo;Histoire : Chikhi appelle \u00e0 la cr\u00e9ation d&rsquo;une \u00e9cole alg\u00e9rienne sp\u00e9cialis\u00e9e\"}]},{\"@type\":\"WebSite\",\"@id\":\"https:\\\/\\\/lasentinelle.dz\\\/#website\",\"url\":\"https:\\\/\\\/lasentinelle.dz\\\/\",\"name\":\"La Sentinelle\",\"description\":\"Quotidien national d&#039;information\",\"publisher\":{\"@id\":\"https:\\\/\\\/lasentinelle.dz\\\/#organization\"},\"potentialAction\":[{\"@type\":\"SearchAction\",\"target\":{\"@type\":\"EntryPoint\",\"urlTemplate\":\"https:\\\/\\\/lasentinelle.dz\\\/?s={search_term_string}\"},\"query-input\":{\"@type\":\"PropertyValueSpecification\",\"valueRequired\":true,\"valueName\":\"search_term_string\"}}],\"inLanguage\":\"fr-FR\"},{\"@type\":\"Organization\",\"@id\":\"https:\\\/\\\/lasentinelle.dz\\\/#organization\",\"name\":\"Quotidien La Sentinelle\",\"url\":\"https:\\\/\\\/lasentinelle.dz\\\/\",\"logo\":{\"@type\":\"ImageObject\",\"inLanguage\":\"fr-FR\",\"@id\":\"https:\\\/\\\/lasentinelle.dz\\\/#\\\/schema\\\/logo\\\/image\\\/\",\"url\":\"https:\\\/\\\/lasentinelle.dz\\\/wp-content\\\/uploads\\\/2021\\\/09\\\/logo-sentinelleSLOGAN-1.png\",\"contentUrl\":\"https:\\\/\\\/lasentinelle.dz\\\/wp-content\\\/uploads\\\/2021\\\/09\\\/logo-sentinelleSLOGAN-1.png\",\"width\":615,\"height\":142,\"caption\":\"Quotidien La Sentinelle\"},\"image\":{\"@id\":\"https:\\\/\\\/lasentinelle.dz\\\/#\\\/schema\\\/logo\\\/image\\\/\"},\"sameAs\":[\"https:\\\/\\\/www.facebook.com\\\/La-Sentinelle-104059864394773\"]},{\"@type\":\"Person\",\"@id\":\"https:\\\/\\\/lasentinelle.dz\\\/#\\\/schema\\\/person\\\/d865044e22e70a75174ce8bcad3acfb3\",\"name\":\"La Sentinelle\",\"image\":{\"@type\":\"ImageObject\",\"inLanguage\":\"fr-FR\",\"@id\":\"https:\\\/\\\/secure.gravatar.com\\\/avatar\\\/57de8e5d4b15d43fb361a71fbb36338450fe67865b528a43dd10ef7c51a20392?s=96&d=mm&r=g\",\"url\":\"https:\\\/\\\/secure.gravatar.com\\\/avatar\\\/57de8e5d4b15d43fb361a71fbb36338450fe67865b528a43dd10ef7c51a20392?s=96&d=mm&r=g\",\"contentUrl\":\"https:\\\/\\\/secure.gravatar.com\\\/avatar\\\/57de8e5d4b15d43fb361a71fbb36338450fe67865b528a43dd10ef7c51a20392?s=96&d=mm&r=g\",\"caption\":\"La Sentinelle\"},\"sameAs\":[\"http:\\\/\\\/www.lasentinelle.dz\"],\"url\":\"https:\\\/\\\/lasentinelle.dz\\\/author\\\/redaction\\\/\"}]}<\/script>\n<!-- \/ Yoast SEO plugin. -->","yoast_head_json":{"title":"L\u2019\u00e9criture de l'Histoire : Chikhi appelle \u00e0 la cr\u00e9ation d'une \u00e9cole alg\u00e9rienne sp\u00e9cialis\u00e9e - La Sentinelle","robots":{"index":"index","follow":"follow","max-snippet":"max-snippet:-1","max-image-preview":"max-image-preview:large","max-video-preview":"max-video-preview:-1"},"canonical":"https:\/\/lasentinelle.dz\/index.php\/2021\/10\/28\/lecriture-de-lhistoire-chikhi-appelle-a-la-creation-dune-ecole-algerienne-specialisee\/","og_locale":"fr_FR","og_type":"article","og_title":"L\u2019\u00e9criture de l'Histoire : Chikhi appelle \u00e0 la cr\u00e9ation d'une \u00e9cole alg\u00e9rienne sp\u00e9cialis\u00e9e - La Sentinelle","og_description":"Le Conseiller du pr\u00e9sident de la R\u00e9publique, charg\u00e9 des archives et de la M\u00e9moire nationale, Abdelmadjid Chikhi, a affirm\u00e9, mercredi","og_url":"https:\/\/lasentinelle.dz\/index.php\/2021\/10\/28\/lecriture-de-lhistoire-chikhi-appelle-a-la-creation-dune-ecole-algerienne-specialisee\/","og_site_name":"La Sentinelle","article_publisher":"https:\/\/www.facebook.com\/La-Sentinelle-104059864394773","article_published_time":"2021-10-27T23:01:00+00:00","og_image":[{"width":1070,"height":708,"url":"https:\/\/lasentinelle.dz\/wp-content\/uploads\/2021\/10\/image_2021-10-27_190843.png","type":"image\/png"}],"author":"La Sentinelle","twitter_card":"summary_large_image","twitter_misc":{"\u00c9crit par":"La Sentinelle","Dur\u00e9e de lecture estim\u00e9e":"1 minute"},"schema":{"@context":"https:\/\/schema.org","@graph":[{"@type":"Article","@id":"https:\/\/lasentinelle.dz\/index.php\/2021\/10\/28\/lecriture-de-lhistoire-chikhi-appelle-a-la-creation-dune-ecole-algerienne-specialisee\/#article","isPartOf":{"@id":"https:\/\/lasentinelle.dz\/index.php\/2021\/10\/28\/lecriture-de-lhistoire-chikhi-appelle-a-la-creation-dune-ecole-algerienne-specialisee\/"},"author":{"name":"La Sentinelle","@id":"https:\/\/lasentinelle.dz\/#\/schema\/person\/d865044e22e70a75174ce8bcad3acfb3"},"headline":"L\u2019\u00e9criture de l&rsquo;Histoire : Chikhi appelle \u00e0 la cr\u00e9ation d&rsquo;une \u00e9cole alg\u00e9rienne sp\u00e9cialis\u00e9e","datePublished":"2021-10-27T23:01:00+00:00","mainEntityOfPage":{"@id":"https:\/\/lasentinelle.dz\/index.php\/2021\/10\/28\/lecriture-de-lhistoire-chikhi-appelle-a-la-creation-dune-ecole-algerienne-specialisee\/"},"wordCount":236,"commentCount":0,"publisher":{"@id":"https:\/\/lasentinelle.dz\/#organization"},"image":{"@id":"https:\/\/lasentinelle.dz\/index.php\/2021\/10\/28\/lecriture-de-lhistoire-chikhi-appelle-a-la-creation-dune-ecole-algerienne-specialisee\/#primaryimage"},"thumbnailUrl":"https:\/\/lasentinelle.dz\/wp-content\/uploads\/2021\/10\/image_2021-10-27_190843.png","articleSection":["Actualit\u00e9"],"inLanguage":"fr-FR","potentialAction":[{"@type":"CommentAction","name":"Comment","target":["https:\/\/lasentinelle.dz\/index.php\/2021\/10\/28\/lecriture-de-lhistoire-chikhi-appelle-a-la-creation-dune-ecole-algerienne-specialisee\/#respond"]}]},{"@type":"WebPage","@id":"https:\/\/lasentinelle.dz\/index.php\/2021\/10\/28\/lecriture-de-lhistoire-chikhi-appelle-a-la-creation-dune-ecole-algerienne-specialisee\/","url":"https:\/\/lasentinelle.dz\/index.php\/2021\/10\/28\/lecriture-de-lhistoire-chikhi-appelle-a-la-creation-dune-ecole-algerienne-specialisee\/","name":"L\u2019\u00e9criture de l'Histoire : Chikhi appelle \u00e0 la cr\u00e9ation d'une \u00e9cole alg\u00e9rienne sp\u00e9cialis\u00e9e - La Sentinelle","isPartOf":{"@id":"https:\/\/lasentinelle.dz\/#website"},"primaryImageOfPage":{"@id":"https:\/\/lasentinelle.dz\/index.php\/2021\/10\/28\/lecriture-de-lhistoire-chikhi-appelle-a-la-creation-dune-ecole-algerienne-specialisee\/#primaryimage"},"image":{"@id":"https:\/\/lasentinelle.dz\/index.php\/2021\/10\/28\/lecriture-de-lhistoire-chikhi-appelle-a-la-creation-dune-ecole-algerienne-specialisee\/#primaryimage"},"thumbnailUrl":"https:\/\/lasentinelle.dz\/wp-content\/uploads\/2021\/10\/image_2021-10-27_190843.png","datePublished":"2021-10-27T23:01:00+00:00","breadcrumb":{"@id":"https:\/\/lasentinelle.dz\/index.php\/2021\/10\/28\/lecriture-de-lhistoire-chikhi-appelle-a-la-creation-dune-ecole-algerienne-specialisee\/#breadcrumb"},"inLanguage":"fr-FR","potentialAction":[{"@type":"ReadAction","target":["https:\/\/lasentinelle.dz\/index.php\/2021\/10\/28\/lecriture-de-lhistoire-chikhi-appelle-a-la-creation-dune-ecole-algerienne-specialisee\/"]}]},{"@type":"ImageObject","inLanguage":"fr-FR","@id":"https:\/\/lasentinelle.dz\/index.php\/2021\/10\/28\/lecriture-de-lhistoire-chikhi-appelle-a-la-creation-dune-ecole-algerienne-specialisee\/#primaryimage","url":"https:\/\/lasentinelle.dz\/wp-content\/uploads\/2021\/10\/image_2021-10-27_190843.png","contentUrl":"https:\/\/lasentinelle.dz\/wp-content\/uploads\/2021\/10\/image_2021-10-27_190843.png","width":1070,"height":708},{"@type":"BreadcrumbList","@id":"https:\/\/lasentinelle.dz\/index.php\/2021\/10\/28\/lecriture-de-lhistoire-chikhi-appelle-a-la-creation-dune-ecole-algerienne-specialisee\/#breadcrumb","itemListElement":[{"@type":"ListItem","position":1,"name":"Accueil","item":"https:\/\/lasentinelle.dz\/"},{"@type":"ListItem","position":2,"name":"L\u2019\u00e9criture de l&rsquo;Histoire : Chikhi appelle \u00e0 la cr\u00e9ation d&rsquo;une \u00e9cole alg\u00e9rienne sp\u00e9cialis\u00e9e"}]},{"@type":"WebSite","@id":"https:\/\/lasentinelle.dz\/#website","url":"https:\/\/lasentinelle.dz\/","name":"La Sentinelle","description":"Quotidien national d&#039;information","publisher":{"@id":"https:\/\/lasentinelle.dz\/#organization"},"potentialAction":[{"@type":"SearchAction","target":{"@type":"EntryPoint","urlTemplate":"https:\/\/lasentinelle.dz\/?s={search_term_string}"},"query-input":{"@type":"PropertyValueSpecification","valueRequired":true,"valueName":"search_term_string"}}],"inLanguage":"fr-FR"},{"@type":"Organization","@id":"https:\/\/lasentinelle.dz\/#organization","name":"Quotidien La Sentinelle","url":"https:\/\/lasentinelle.dz\/","logo":{"@type":"ImageObject","inLanguage":"fr-FR","@id":"https:\/\/lasentinelle.dz\/#\/schema\/logo\/image\/","url":"https:\/\/lasentinelle.dz\/wp-content\/uploads\/2021\/09\/logo-sentinelleSLOGAN-1.png","contentUrl":"https:\/\/lasentinelle.dz\/wp-content\/uploads\/2021\/09\/logo-sentinelleSLOGAN-1.png","width":615,"height":142,"caption":"Quotidien La Sentinelle"},"image":{"@id":"https:\/\/lasentinelle.dz\/#\/schema\/logo\/image\/"},"sameAs":["https:\/\/www.facebook.com\/La-Sentinelle-104059864394773"]},{"@type":"Person","@id":"https:\/\/lasentinelle.dz\/#\/schema\/person\/d865044e22e70a75174ce8bcad3acfb3","name":"La Sentinelle","image":{"@type":"ImageObject","inLanguage":"fr-FR","@id":"https:\/\/secure.gravatar.com\/avatar\/57de8e5d4b15d43fb361a71fbb36338450fe67865b528a43dd10ef7c51a20392?s=96&d=mm&r=g","url":"https:\/\/secure.gravatar.com\/avatar\/57de8e5d4b15d43fb361a71fbb36338450fe67865b528a43dd10ef7c51a20392?s=96&d=mm&r=g","contentUrl":"https:\/\/secure.gravatar.com\/avatar\/57de8e5d4b15d43fb361a71fbb36338450fe67865b528a43dd10ef7c51a20392?s=96&d=mm&r=g","caption":"La Sentinelle"},"sameAs":["http:\/\/www.lasentinelle.dz"],"url":"https:\/\/lasentinelle.dz\/author\/redaction\/"}]}},"_links":{"self":[{"href":"https:\/\/lasentinelle.dz\/index.php\/wp-json\/wp\/v2\/posts\/11732","targetHints":{"allow":["GET"]}}],"collection":[{"href":"https:\/\/lasentinelle.dz\/index.php\/wp-json\/wp\/v2\/posts"}],"about":[{"href":"https:\/\/lasentinelle.dz\/index.php\/wp-json\/wp\/v2\/types\/post"}],"author":[{"embeddable":true,"href":"https:\/\/lasentinelle.dz\/index.php\/wp-json\/wp\/v2\/users\/3"}],"replies":[{"embeddable":true,"href":"https:\/\/lasentinelle.dz\/index.php\/wp-json\/wp\/v2\/comments?post=11732"}],"version-history":[{"count":1,"href":"https:\/\/lasentinelle.dz\/index.php\/wp-json\/wp\/v2\/posts\/11732\/revisions"}],"predecessor-version":[{"id":11738,"href":"https:\/\/lasentinelle.dz\/index.php\/wp-json\/wp\/v2\/posts\/11732\/revisions\/11738"}],"wp:featuredmedia":[{"embeddable":true,"href":"https:\/\/lasentinelle.dz\/index.php\/wp-json\/wp\/v2\/media\/11737"}],"wp:attachment":[{"href":"https:\/\/lasentinelle.dz\/index.php\/wp-json\/wp\/v2\/media?parent=11732"}],"wp:term":[{"taxonomy":"category","embeddable":true,"href":"https:\/\/lasentinelle.dz\/index.php\/wp-json\/wp\/v2\/categories?post=11732"},{"taxonomy":"post_tag","embeddable":true,"href":"https:\/\/lasentinelle.dz\/index.php\/wp-json\/wp\/v2\/tags?post=11732"}],"curies":[{"name":"wp","href":"https:\/\/api.w.org\/{rel}","templated":true}]}}