{"id":11748,"date":"2021-10-28T00:05:00","date_gmt":"2021-10-27T23:05:00","guid":{"rendered":"https:\/\/lasentinelle.dz\/?p=11748"},"modified":"2021-10-27T20:28:56","modified_gmt":"2021-10-27T19:28:56","slug":"une-importante-delegation-espagnole-en-algerie-vers-le-renforcement-du-partenariat-energetique","status":"publish","type":"post","link":"https:\/\/lasentinelle.dz\/index.php\/2021\/10\/28\/une-importante-delegation-espagnole-en-algerie-vers-le-renforcement-du-partenariat-energetique\/","title":{"rendered":"Une importante d\u00e9l\u00e9gation espagnole en Alg\u00e9rie : Vers le renforcement du partenariat \u00e9nerg\u00e9tique"},"content":{"rendered":"\n<p>Quelques jours&nbsp;avant l\u2019arr\u00eat de l\u2019approvisionnement en gaz de l\u2019Espagne via le Maroc, les relations entre l\u2019Alg\u00e9rie et l\u2019Espagne se resserrent de plus en plus notamment via des accords de partenariat dans les domaines \u00e9conomique et \u00e9nerg\u00e9tique.<\/p>\n\n\n\n<p>La visite des responsables se multiplient en vue de sceller d\u2019autres partenariats. La pr\u00e9sence, hier, en Alg\u00e9rie d\u2019une&nbsp;importante d\u00e9l\u00e9gation espagnole, conduite par la troisi\u00e8me vice-pr\u00e9sidente du gouvernement espagnol et ministre de la transition \u00e9cologique et du d\u00e9fi d\u00e9mographique,&nbsp;Teresa Ribera Rodriguez est un signal fort de la volont\u00e9 du gouvernement espagnol d\u2019\u0153uvrer dans cette optique. Il est vrai aussi que l\u2019image rassurante du partenaire alg\u00e9rien, notamment en mati\u00e8re d\u2019approvisionnement en gaz, a jou\u00e9 en faveur de cette tendance des pays europ\u00e9ens \u00e0 renforcer leurs accords gaziers avec notre pays. La d\u00e9l\u00e9gation espagnole a \u00e9t\u00e9 re\u00e7ue par&nbsp;le ministre de l\u2019\u00c9nergie et des Mines, Mohamed Arkab en pr\u00e9sence des Pr\u00e9sidents des Groupes Sonatrach et Sonelgaz, pr\u00e9cise un communiqu\u00e9 du minist\u00e8re de l\u2019Energie qui pr\u00e9cise que <strong>\u00ables deux parties ont abord\u00e9 les relations bilat\u00e9rales alg\u00e9ro-espagnoles dans le domaine de l\u2019\u00e9nergie qu\u2019ils ont qualifi\u00e9es d\u2019historiques et d\u2019excellentes ainsi que les perspectives de leur renforcement d\u2019avantage.&nbsp;Ils&nbsp;partagent la m\u00eame volont\u00e9 pour la densification de la coop\u00e9ration et de la rendre plus solide en \u00e9tudiant ensemble toutes les opportunit\u00e9s qui s\u2019offrent aux deux pays dans les industries gazi\u00e8res, \u00e9lectriques et p\u00e9troli\u00e8res\u00bb. <\/strong>Les projets d\u2019interconnexion \u00e9lectrique et gazi\u00e8re entre les deux pays ainsi que les partenariats dans le domaine de la commercialisation du gaz ont \u00e9galement \u00e9t\u00e9 au menu des discussions entre la d\u00e9l\u00e9gation espagnole et M. Arkab qui a tenu \u00e0 rappeler <strong>\u00ables efforts engag\u00e9s par notre pays afin de garantir la s\u00e9curit\u00e9 des approvisionnements en gaz du march\u00e9 espagnol \u00e0 travers les importants investissements consentis pour l\u2019acheminer dans des meilleures conditions via notamment le projet d\u2019extension de la capacit\u00e9 du gazoduc Medgaz reliant directement l\u2019Alg\u00e9rie \u00e0 l\u2019Espagne et ainsi que les capacit\u00e9s en GNL\u00bb. <\/strong>Par ailleurs, M. Arkab qui a \u00e9mis le v\u0153u de voir les entreprises espagnoles participer aux prochains appels d\u2019offres et b\u00e9n\u00e9ficier des avantages offerts par la nouvelle loi sur les hydrocarbures a rappel\u00e9 l\u2019importance de la coop\u00e9ration et le partenariat strat\u00e9gique liant les entreprises alg\u00e9riennes et espagnoles dans le domaine de l\u2019\u00e9nergie d\u2019autant plus, ajoute-t-il, que le secteur de l\u2019\u00e9nergie notamment dans les hydrocarbures (amont et aval)offre de grandes opportunit\u00e9s d\u2019investissement et de partenariat. Pour sa part, la vice-pr\u00e9sidente du gouvernement espagnol a salu\u00e9 les relations excellentes entre les deux pays tout&nbsp;<a><\/a>en rappelant que l\u2019Espagne demeurera un partenaire important pour l\u2019Alg\u00e9rie dans diff\u00e9rents domaines notamment le domaine \u00e9conomique et \u00e9nerg\u00e9tique. D\u2019autant plus, ajoute-t-elle, que l\u2019Alg\u00e9rie est le premier fournisseur de gaz vers l\u2019Espagne et que de nombreuses soci\u00e9t\u00e9s espagnoles sont en activit\u00e9 en Alg\u00e9rie.<\/p>\n\n\n\n<p><strong>Kamel Nait Ameur<\/strong><\/p>\n","protected":false},"excerpt":{"rendered":"<p>Quelques jours&nbsp;avant l\u2019arr\u00eat de l\u2019approvisionnement en gaz de l\u2019Espagne via le Maroc, les relations entre l\u2019Alg\u00e9rie et l\u2019Espagne se resserrent<\/p>\n","protected":false},"author":3,"featured_media":11754,"comment_status":"open","ping_status":"closed","sticky":false,"template":"","format":"standard","meta":{"colormag_page_container_layout":"default_layout","colormag_page_sidebar_layout":"default_layout","om_disable_all_campaigns":false,"_monsterinsights_skip_tracking":false,"_monsterinsights_sitenote_active":false,"_monsterinsights_sitenote_note":"","_monsterinsights_sitenote_category":0,"footnotes":"","_wpscppro_dont_share_socialmedia":false,"_wpscppro_custom_social_share_image":0,"_facebook_share_type":"","_twitter_share_type":"","_linkedin_share_type":"","_pinterest_share_type":"","_linkedin_share_type_page":"","_instagram_share_type":"","_medium_share_type":"","_threads_share_type":"","_google_business_share_type":"","_selected_social_profile":[],"_wpsp_enable_custom_social_template":false,"_wpsp_social_scheduling":{"enabled":false,"datetime":null,"platforms":[],"status":"template_only","dateOption":"today","timeOption":"now","customDays":"","customHours":"","customDate":"","customTime":"","schedulingType":"absolute"},"_wpsp_active_default_template":true},"categories":[52,29],"tags":[],"class_list":["post-11748","post","type-post","status-publish","format-standard","has-post-thumbnail","hentry","category-a-la-une","category-economie"],"aioseo_notices":[],"yoast_head":"<!-- This site is optimized with the Yoast SEO plugin v27.5 - https:\/\/yoast.com\/product\/yoast-seo-wordpress\/ -->\n<title>Une importante d\u00e9l\u00e9gation espagnole en Alg\u00e9rie : Vers le renforcement du partenariat \u00e9nerg\u00e9tique - La Sentinelle<\/title>\n<meta name=\"robots\" content=\"index, follow, max-snippet:-1, max-image-preview:large, max-video-preview:-1\" \/>\n<link rel=\"canonical\" href=\"https:\/\/lasentinelle.dz\/index.php\/2021\/10\/28\/une-importante-delegation-espagnole-en-algerie-vers-le-renforcement-du-partenariat-energetique\/\" \/>\n<meta property=\"og:locale\" content=\"fr_FR\" \/>\n<meta property=\"og:type\" content=\"article\" \/>\n<meta property=\"og:title\" content=\"Une importante d\u00e9l\u00e9gation espagnole en Alg\u00e9rie : Vers le renforcement du partenariat \u00e9nerg\u00e9tique - La Sentinelle\" \/>\n<meta property=\"og:description\" content=\"Quelques jours&nbsp;avant l\u2019arr\u00eat de l\u2019approvisionnement en gaz de l\u2019Espagne via le Maroc, les relations entre l\u2019Alg\u00e9rie et l\u2019Espagne se resserrent\" \/>\n<meta property=\"og:url\" content=\"https:\/\/lasentinelle.dz\/index.php\/2021\/10\/28\/une-importante-delegation-espagnole-en-algerie-vers-le-renforcement-du-partenariat-energetique\/\" \/>\n<meta property=\"og:site_name\" content=\"La Sentinelle\" \/>\n<meta property=\"article:publisher\" content=\"https:\/\/www.facebook.com\/La-Sentinelle-104059864394773\" \/>\n<meta property=\"article:published_time\" content=\"2021-10-27T23:05:00+00:00\" \/>\n<meta property=\"og:image\" content=\"https:\/\/lasentinelle.dz\/wp-content\/uploads\/2021\/10\/delegation-dalger-1024x542.png\" \/>\n\t<meta property=\"og:image:width\" content=\"1024\" \/>\n\t<meta property=\"og:image:height\" content=\"542\" \/>\n\t<meta property=\"og:image:type\" content=\"image\/png\" \/>\n<meta name=\"author\" content=\"La Sentinelle\" \/>\n<meta name=\"twitter:card\" content=\"summary_large_image\" \/>\n<meta name=\"twitter:label1\" content=\"\u00c9crit par\" \/>\n\t<meta name=\"twitter:data1\" content=\"La Sentinelle\" \/>\n\t<meta name=\"twitter:label2\" content=\"Dur\u00e9e de lecture estim\u00e9e\" \/>\n\t<meta name=\"twitter:data2\" content=\"2 minutes\" \/>\n<script type=\"application\/ld+json\" class=\"yoast-schema-graph\">{\"@context\":\"https:\\\/\\\/schema.org\",\"@graph\":[{\"@type\":\"Article\",\"@id\":\"https:\\\/\\\/lasentinelle.dz\\\/index.php\\\/2021\\\/10\\\/28\\\/une-importante-delegation-espagnole-en-algerie-vers-le-renforcement-du-partenariat-energetique\\\/#article\",\"isPartOf\":{\"@id\":\"https:\\\/\\\/lasentinelle.dz\\\/index.php\\\/2021\\\/10\\\/28\\\/une-importante-delegation-espagnole-en-algerie-vers-le-renforcement-du-partenariat-energetique\\\/\"},\"author\":{\"name\":\"La Sentinelle\",\"@id\":\"https:\\\/\\\/lasentinelle.dz\\\/#\\\/schema\\\/person\\\/d865044e22e70a75174ce8bcad3acfb3\"},\"headline\":\"Une importante d\u00e9l\u00e9gation espagnole en Alg\u00e9rie : Vers le renforcement du partenariat \u00e9nerg\u00e9tique\",\"datePublished\":\"2021-10-27T23:05:00+00:00\",\"mainEntityOfPage\":{\"@id\":\"https:\\\/\\\/lasentinelle.dz\\\/index.php\\\/2021\\\/10\\\/28\\\/une-importante-delegation-espagnole-en-algerie-vers-le-renforcement-du-partenariat-energetique\\\/\"},\"wordCount\":564,\"commentCount\":0,\"publisher\":{\"@id\":\"https:\\\/\\\/lasentinelle.dz\\\/#organization\"},\"image\":{\"@id\":\"https:\\\/\\\/lasentinelle.dz\\\/index.php\\\/2021\\\/10\\\/28\\\/une-importante-delegation-espagnole-en-algerie-vers-le-renforcement-du-partenariat-energetique\\\/#primaryimage\"},\"thumbnailUrl\":\"https:\\\/\\\/lasentinelle.dz\\\/wp-content\\\/uploads\\\/2021\\\/10\\\/delegation-dalger.png\",\"articleSection\":[\"\u00c0 la Une\",\"\u00c9conomie\"],\"inLanguage\":\"fr-FR\",\"potentialAction\":[{\"@type\":\"CommentAction\",\"name\":\"Comment\",\"target\":[\"https:\\\/\\\/lasentinelle.dz\\\/index.php\\\/2021\\\/10\\\/28\\\/une-importante-delegation-espagnole-en-algerie-vers-le-renforcement-du-partenariat-energetique\\\/#respond\"]}]},{\"@type\":\"WebPage\",\"@id\":\"https:\\\/\\\/lasentinelle.dz\\\/index.php\\\/2021\\\/10\\\/28\\\/une-importante-delegation-espagnole-en-algerie-vers-le-renforcement-du-partenariat-energetique\\\/\",\"url\":\"https:\\\/\\\/lasentinelle.dz\\\/index.php\\\/2021\\\/10\\\/28\\\/une-importante-delegation-espagnole-en-algerie-vers-le-renforcement-du-partenariat-energetique\\\/\",\"name\":\"Une importante d\u00e9l\u00e9gation espagnole en Alg\u00e9rie : Vers le renforcement du partenariat \u00e9nerg\u00e9tique - La Sentinelle\",\"isPartOf\":{\"@id\":\"https:\\\/\\\/lasentinelle.dz\\\/#website\"},\"primaryImageOfPage\":{\"@id\":\"https:\\\/\\\/lasentinelle.dz\\\/index.php\\\/2021\\\/10\\\/28\\\/une-importante-delegation-espagnole-en-algerie-vers-le-renforcement-du-partenariat-energetique\\\/#primaryimage\"},\"image\":{\"@id\":\"https:\\\/\\\/lasentinelle.dz\\\/index.php\\\/2021\\\/10\\\/28\\\/une-importante-delegation-espagnole-en-algerie-vers-le-renforcement-du-partenariat-energetique\\\/#primaryimage\"},\"thumbnailUrl\":\"https:\\\/\\\/lasentinelle.dz\\\/wp-content\\\/uploads\\\/2021\\\/10\\\/delegation-dalger.png\",\"datePublished\":\"2021-10-27T23:05:00+00:00\",\"breadcrumb\":{\"@id\":\"https:\\\/\\\/lasentinelle.dz\\\/index.php\\\/2021\\\/10\\\/28\\\/une-importante-delegation-espagnole-en-algerie-vers-le-renforcement-du-partenariat-energetique\\\/#breadcrumb\"},\"inLanguage\":\"fr-FR\",\"potentialAction\":[{\"@type\":\"ReadAction\",\"target\":[\"https:\\\/\\\/lasentinelle.dz\\\/index.php\\\/2021\\\/10\\\/28\\\/une-importante-delegation-espagnole-en-algerie-vers-le-renforcement-du-partenariat-energetique\\\/\"]}]},{\"@type\":\"ImageObject\",\"inLanguage\":\"fr-FR\",\"@id\":\"https:\\\/\\\/lasentinelle.dz\\\/index.php\\\/2021\\\/10\\\/28\\\/une-importante-delegation-espagnole-en-algerie-vers-le-renforcement-du-partenariat-energetique\\\/#primaryimage\",\"url\":\"https:\\\/\\\/lasentinelle.dz\\\/wp-content\\\/uploads\\\/2021\\\/10\\\/delegation-dalger.png\",\"contentUrl\":\"https:\\\/\\\/lasentinelle.dz\\\/wp-content\\\/uploads\\\/2021\\\/10\\\/delegation-dalger.png\",\"width\":1701,\"height\":900},{\"@type\":\"BreadcrumbList\",\"@id\":\"https:\\\/\\\/lasentinelle.dz\\\/index.php\\\/2021\\\/10\\\/28\\\/une-importante-delegation-espagnole-en-algerie-vers-le-renforcement-du-partenariat-energetique\\\/#breadcrumb\",\"itemListElement\":[{\"@type\":\"ListItem\",\"position\":1,\"name\":\"Accueil\",\"item\":\"https:\\\/\\\/lasentinelle.dz\\\/\"},{\"@type\":\"ListItem\",\"position\":2,\"name\":\"Une importante d\u00e9l\u00e9gation espagnole en Alg\u00e9rie : Vers le renforcement du partenariat \u00e9nerg\u00e9tique\"}]},{\"@type\":\"WebSite\",\"@id\":\"https:\\\/\\\/lasentinelle.dz\\\/#website\",\"url\":\"https:\\\/\\\/lasentinelle.dz\\\/\",\"name\":\"La Sentinelle\",\"description\":\"Quotidien national d&#039;information\",\"publisher\":{\"@id\":\"https:\\\/\\\/lasentinelle.dz\\\/#organization\"},\"potentialAction\":[{\"@type\":\"SearchAction\",\"target\":{\"@type\":\"EntryPoint\",\"urlTemplate\":\"https:\\\/\\\/lasentinelle.dz\\\/?s={search_term_string}\"},\"query-input\":{\"@type\":\"PropertyValueSpecification\",\"valueRequired\":true,\"valueName\":\"search_term_string\"}}],\"inLanguage\":\"fr-FR\"},{\"@type\":\"Organization\",\"@id\":\"https:\\\/\\\/lasentinelle.dz\\\/#organization\",\"name\":\"Quotidien La Sentinelle\",\"url\":\"https:\\\/\\\/lasentinelle.dz\\\/\",\"logo\":{\"@type\":\"ImageObject\",\"inLanguage\":\"fr-FR\",\"@id\":\"https:\\\/\\\/lasentinelle.dz\\\/#\\\/schema\\\/logo\\\/image\\\/\",\"url\":\"https:\\\/\\\/lasentinelle.dz\\\/wp-content\\\/uploads\\\/2021\\\/09\\\/logo-sentinelleSLOGAN-1.png\",\"contentUrl\":\"https:\\\/\\\/lasentinelle.dz\\\/wp-content\\\/uploads\\\/2021\\\/09\\\/logo-sentinelleSLOGAN-1.png\",\"width\":615,\"height\":142,\"caption\":\"Quotidien La Sentinelle\"},\"image\":{\"@id\":\"https:\\\/\\\/lasentinelle.dz\\\/#\\\/schema\\\/logo\\\/image\\\/\"},\"sameAs\":[\"https:\\\/\\\/www.facebook.com\\\/La-Sentinelle-104059864394773\"]},{\"@type\":\"Person\",\"@id\":\"https:\\\/\\\/lasentinelle.dz\\\/#\\\/schema\\\/person\\\/d865044e22e70a75174ce8bcad3acfb3\",\"name\":\"La Sentinelle\",\"image\":{\"@type\":\"ImageObject\",\"inLanguage\":\"fr-FR\",\"@id\":\"https:\\\/\\\/secure.gravatar.com\\\/avatar\\\/57de8e5d4b15d43fb361a71fbb36338450fe67865b528a43dd10ef7c51a20392?s=96&d=mm&r=g\",\"url\":\"https:\\\/\\\/secure.gravatar.com\\\/avatar\\\/57de8e5d4b15d43fb361a71fbb36338450fe67865b528a43dd10ef7c51a20392?s=96&d=mm&r=g\",\"contentUrl\":\"https:\\\/\\\/secure.gravatar.com\\\/avatar\\\/57de8e5d4b15d43fb361a71fbb36338450fe67865b528a43dd10ef7c51a20392?s=96&d=mm&r=g\",\"caption\":\"La Sentinelle\"},\"sameAs\":[\"http:\\\/\\\/www.lasentinelle.dz\"],\"url\":\"https:\\\/\\\/lasentinelle.dz\\\/author\\\/redaction\\\/\"}]}<\/script>\n<!-- \/ Yoast SEO plugin. -->","yoast_head_json":{"title":"Une importante d\u00e9l\u00e9gation espagnole en Alg\u00e9rie : Vers le renforcement du partenariat \u00e9nerg\u00e9tique - La Sentinelle","robots":{"index":"index","follow":"follow","max-snippet":"max-snippet:-1","max-image-preview":"max-image-preview:large","max-video-preview":"max-video-preview:-1"},"canonical":"https:\/\/lasentinelle.dz\/index.php\/2021\/10\/28\/une-importante-delegation-espagnole-en-algerie-vers-le-renforcement-du-partenariat-energetique\/","og_locale":"fr_FR","og_type":"article","og_title":"Une importante d\u00e9l\u00e9gation espagnole en Alg\u00e9rie : Vers le renforcement du partenariat \u00e9nerg\u00e9tique - La Sentinelle","og_description":"Quelques jours&nbsp;avant l\u2019arr\u00eat de l\u2019approvisionnement en gaz de l\u2019Espagne via le Maroc, les relations entre l\u2019Alg\u00e9rie et l\u2019Espagne se resserrent","og_url":"https:\/\/lasentinelle.dz\/index.php\/2021\/10\/28\/une-importante-delegation-espagnole-en-algerie-vers-le-renforcement-du-partenariat-energetique\/","og_site_name":"La Sentinelle","article_publisher":"https:\/\/www.facebook.com\/La-Sentinelle-104059864394773","article_published_time":"2021-10-27T23:05:00+00:00","og_image":[{"width":1024,"height":542,"url":"https:\/\/lasentinelle.dz\/wp-content\/uploads\/2021\/10\/delegation-dalger-1024x542.png","type":"image\/png"}],"author":"La Sentinelle","twitter_card":"summary_large_image","twitter_misc":{"\u00c9crit par":"La Sentinelle","Dur\u00e9e de lecture estim\u00e9e":"2 minutes"},"schema":{"@context":"https:\/\/schema.org","@graph":[{"@type":"Article","@id":"https:\/\/lasentinelle.dz\/index.php\/2021\/10\/28\/une-importante-delegation-espagnole-en-algerie-vers-le-renforcement-du-partenariat-energetique\/#article","isPartOf":{"@id":"https:\/\/lasentinelle.dz\/index.php\/2021\/10\/28\/une-importante-delegation-espagnole-en-algerie-vers-le-renforcement-du-partenariat-energetique\/"},"author":{"name":"La Sentinelle","@id":"https:\/\/lasentinelle.dz\/#\/schema\/person\/d865044e22e70a75174ce8bcad3acfb3"},"headline":"Une importante d\u00e9l\u00e9gation espagnole en Alg\u00e9rie : Vers le renforcement du partenariat \u00e9nerg\u00e9tique","datePublished":"2021-10-27T23:05:00+00:00","mainEntityOfPage":{"@id":"https:\/\/lasentinelle.dz\/index.php\/2021\/10\/28\/une-importante-delegation-espagnole-en-algerie-vers-le-renforcement-du-partenariat-energetique\/"},"wordCount":564,"commentCount":0,"publisher":{"@id":"https:\/\/lasentinelle.dz\/#organization"},"image":{"@id":"https:\/\/lasentinelle.dz\/index.php\/2021\/10\/28\/une-importante-delegation-espagnole-en-algerie-vers-le-renforcement-du-partenariat-energetique\/#primaryimage"},"thumbnailUrl":"https:\/\/lasentinelle.dz\/wp-content\/uploads\/2021\/10\/delegation-dalger.png","articleSection":["\u00c0 la Une","\u00c9conomie"],"inLanguage":"fr-FR","potentialAction":[{"@type":"CommentAction","name":"Comment","target":["https:\/\/lasentinelle.dz\/index.php\/2021\/10\/28\/une-importante-delegation-espagnole-en-algerie-vers-le-renforcement-du-partenariat-energetique\/#respond"]}]},{"@type":"WebPage","@id":"https:\/\/lasentinelle.dz\/index.php\/2021\/10\/28\/une-importante-delegation-espagnole-en-algerie-vers-le-renforcement-du-partenariat-energetique\/","url":"https:\/\/lasentinelle.dz\/index.php\/2021\/10\/28\/une-importante-delegation-espagnole-en-algerie-vers-le-renforcement-du-partenariat-energetique\/","name":"Une importante d\u00e9l\u00e9gation espagnole en Alg\u00e9rie : Vers le renforcement du partenariat \u00e9nerg\u00e9tique - La Sentinelle","isPartOf":{"@id":"https:\/\/lasentinelle.dz\/#website"},"primaryImageOfPage":{"@id":"https:\/\/lasentinelle.dz\/index.php\/2021\/10\/28\/une-importante-delegation-espagnole-en-algerie-vers-le-renforcement-du-partenariat-energetique\/#primaryimage"},"image":{"@id":"https:\/\/lasentinelle.dz\/index.php\/2021\/10\/28\/une-importante-delegation-espagnole-en-algerie-vers-le-renforcement-du-partenariat-energetique\/#primaryimage"},"thumbnailUrl":"https:\/\/lasentinelle.dz\/wp-content\/uploads\/2021\/10\/delegation-dalger.png","datePublished":"2021-10-27T23:05:00+00:00","breadcrumb":{"@id":"https:\/\/lasentinelle.dz\/index.php\/2021\/10\/28\/une-importante-delegation-espagnole-en-algerie-vers-le-renforcement-du-partenariat-energetique\/#breadcrumb"},"inLanguage":"fr-FR","potentialAction":[{"@type":"ReadAction","target":["https:\/\/lasentinelle.dz\/index.php\/2021\/10\/28\/une-importante-delegation-espagnole-en-algerie-vers-le-renforcement-du-partenariat-energetique\/"]}]},{"@type":"ImageObject","inLanguage":"fr-FR","@id":"https:\/\/lasentinelle.dz\/index.php\/2021\/10\/28\/une-importante-delegation-espagnole-en-algerie-vers-le-renforcement-du-partenariat-energetique\/#primaryimage","url":"https:\/\/lasentinelle.dz\/wp-content\/uploads\/2021\/10\/delegation-dalger.png","contentUrl":"https:\/\/lasentinelle.dz\/wp-content\/uploads\/2021\/10\/delegation-dalger.png","width":1701,"height":900},{"@type":"BreadcrumbList","@id":"https:\/\/lasentinelle.dz\/index.php\/2021\/10\/28\/une-importante-delegation-espagnole-en-algerie-vers-le-renforcement-du-partenariat-energetique\/#breadcrumb","itemListElement":[{"@type":"ListItem","position":1,"name":"Accueil","item":"https:\/\/lasentinelle.dz\/"},{"@type":"ListItem","position":2,"name":"Une importante d\u00e9l\u00e9gation espagnole en Alg\u00e9rie : Vers le renforcement du partenariat \u00e9nerg\u00e9tique"}]},{"@type":"WebSite","@id":"https:\/\/lasentinelle.dz\/#website","url":"https:\/\/lasentinelle.dz\/","name":"La Sentinelle","description":"Quotidien national d&#039;information","publisher":{"@id":"https:\/\/lasentinelle.dz\/#organization"},"potentialAction":[{"@type":"SearchAction","target":{"@type":"EntryPoint","urlTemplate":"https:\/\/lasentinelle.dz\/?s={search_term_string}"},"query-input":{"@type":"PropertyValueSpecification","valueRequired":true,"valueName":"search_term_string"}}],"inLanguage":"fr-FR"},{"@type":"Organization","@id":"https:\/\/lasentinelle.dz\/#organization","name":"Quotidien La Sentinelle","url":"https:\/\/lasentinelle.dz\/","logo":{"@type":"ImageObject","inLanguage":"fr-FR","@id":"https:\/\/lasentinelle.dz\/#\/schema\/logo\/image\/","url":"https:\/\/lasentinelle.dz\/wp-content\/uploads\/2021\/09\/logo-sentinelleSLOGAN-1.png","contentUrl":"https:\/\/lasentinelle.dz\/wp-content\/uploads\/2021\/09\/logo-sentinelleSLOGAN-1.png","width":615,"height":142,"caption":"Quotidien La Sentinelle"},"image":{"@id":"https:\/\/lasentinelle.dz\/#\/schema\/logo\/image\/"},"sameAs":["https:\/\/www.facebook.com\/La-Sentinelle-104059864394773"]},{"@type":"Person","@id":"https:\/\/lasentinelle.dz\/#\/schema\/person\/d865044e22e70a75174ce8bcad3acfb3","name":"La Sentinelle","image":{"@type":"ImageObject","inLanguage":"fr-FR","@id":"https:\/\/secure.gravatar.com\/avatar\/57de8e5d4b15d43fb361a71fbb36338450fe67865b528a43dd10ef7c51a20392?s=96&d=mm&r=g","url":"https:\/\/secure.gravatar.com\/avatar\/57de8e5d4b15d43fb361a71fbb36338450fe67865b528a43dd10ef7c51a20392?s=96&d=mm&r=g","contentUrl":"https:\/\/secure.gravatar.com\/avatar\/57de8e5d4b15d43fb361a71fbb36338450fe67865b528a43dd10ef7c51a20392?s=96&d=mm&r=g","caption":"La Sentinelle"},"sameAs":["http:\/\/www.lasentinelle.dz"],"url":"https:\/\/lasentinelle.dz\/author\/redaction\/"}]}},"_links":{"self":[{"href":"https:\/\/lasentinelle.dz\/index.php\/wp-json\/wp\/v2\/posts\/11748","targetHints":{"allow":["GET"]}}],"collection":[{"href":"https:\/\/lasentinelle.dz\/index.php\/wp-json\/wp\/v2\/posts"}],"about":[{"href":"https:\/\/lasentinelle.dz\/index.php\/wp-json\/wp\/v2\/types\/post"}],"author":[{"embeddable":true,"href":"https:\/\/lasentinelle.dz\/index.php\/wp-json\/wp\/v2\/users\/3"}],"replies":[{"embeddable":true,"href":"https:\/\/lasentinelle.dz\/index.php\/wp-json\/wp\/v2\/comments?post=11748"}],"version-history":[{"count":1,"href":"https:\/\/lasentinelle.dz\/index.php\/wp-json\/wp\/v2\/posts\/11748\/revisions"}],"predecessor-version":[{"id":11755,"href":"https:\/\/lasentinelle.dz\/index.php\/wp-json\/wp\/v2\/posts\/11748\/revisions\/11755"}],"wp:featuredmedia":[{"embeddable":true,"href":"https:\/\/lasentinelle.dz\/index.php\/wp-json\/wp\/v2\/media\/11754"}],"wp:attachment":[{"href":"https:\/\/lasentinelle.dz\/index.php\/wp-json\/wp\/v2\/media?parent=11748"}],"wp:term":[{"taxonomy":"category","embeddable":true,"href":"https:\/\/lasentinelle.dz\/index.php\/wp-json\/wp\/v2\/categories?post=11748"},{"taxonomy":"post_tag","embeddable":true,"href":"https:\/\/lasentinelle.dz\/index.php\/wp-json\/wp\/v2\/tags?post=11748"}],"curies":[{"name":"wp","href":"https:\/\/api.w.org\/{rel}","templated":true}]}}