{"id":11795,"date":"2021-10-30T00:05:00","date_gmt":"2021-10-29T23:05:00","guid":{"rendered":"https:\/\/lasentinelle.dz\/?p=11795"},"modified":"2021-10-29T17:38:14","modified_gmt":"2021-10-29T16:38:14","slug":"eliminatoires-mondial-2022-algerie-burkina-fao-le-16-novembre","status":"publish","type":"post","link":"https:\/\/lasentinelle.dz\/index.php\/2021\/10\/30\/eliminatoires-mondial-2022-algerie-burkina-fao-le-16-novembre\/","title":{"rendered":"Eliminatoires Mondial 2022 : Alg\u00e9rie \u2013 Burkina Fao le 16 novembre"},"content":{"rendered":"\n<p>Encore une fois, les matchs de l\u2019Equipe nationale de football font l\u2019objet d\u2019une reprogrammation.<\/p>\n\n\n\n<p>En effet, cela est, cette fois-ci, le cas pour celui de la derni\u00e8re journ\u00e9e des Eliminatoires du Mondial-2022, face au Burkina Faso. Ce match, qui constitue la finale du groupe A pour passer au match barrage du rendez-vous plan\u00e9taire, aura lieu finalement le 16 novembre prochain au stade Mustapha-Tchaker de Blida, \u00e0 partir de 17h. Il \u00e9tait programm\u00e9, initialement, la veille \u00e0 la m\u00eame heure. La F\u00e9d\u00e9ration alg\u00e9rienne de football (FAF) a adress\u00e9 une demande \u00e0 la CAF pour jouer en nocturne, mais cette demande a \u00e9t\u00e9 refus\u00e9e, puisque les matchs de la derni\u00e8re journ\u00e9e doivent se jouer en m\u00eame temps. Mais la FAF, qui savait d\u00e9j\u00e0 qu\u2019il \u00e9tait difficile de d\u00e9caler ce match, insiste sur le fait que l\u2019autre rencontre du groupe&nbsp; entre le Niger et Djibouti est sans enjeux, puisque les deux s\u00e9lections sont d\u2019ores et d\u00e9j\u00e0 \u00e9limin\u00e9es. Avant ce match, les Alg\u00e9riens doivent donner la r\u00e9plique, le 12 du m\u00eame mois, au stade international du Caire face \u00e0 Djibouti, dans le care de la 5<sup>e<\/sup> journ\u00e9e. En pr\u00e9vision de ce rendez-vous, les Verts ne s\u00e9journeront pas au Centre technique national de Sidi Moussa, comme cela se fait depuis longtemps. C\u2019est parce que le coach national, Djamel Belmadi, a d\u00e9cid\u00e9 de se rencontrer avec ses joueurs au Caire le 8 novembre, avant d\u2019y effectuer quatre s\u00e9ances d\u2019entra\u00eenement et aborder le match. Belmadi a pris cette d\u00e9cision pour deux raisons. La premi\u00e8re, c\u2019est qu\u2019il a voulu \u00e9viter \u00e0 ses joueurs un long voyage et b\u00e9n\u00e9ficier, ainsi, du grand nombre de s\u00e9ances d\u2019entra\u00eenement possible. Aussi, il a voulu profiter des installations du Caire pour faire d\u2019une pierre deux coups, \u00e9tant donn\u00e9 qu\u2019il a \u00e9vit\u00e9 de s\u2019entra\u00eener beaucoup \u00e0 Sidi Moussa, dont le centre se trouve en plein chantier, ce qui a impact\u00e9 sur l\u2019\u00e9tat des terrains d\u2019entra\u00eenements. D\u2019ailleurs, lors de la derni\u00e8re rencontre \u00e0 Blida face au Niger, Belmadi avait piqu\u00e9 une col\u00e8re contre ses responsables, d\u00e9cidant, par la suite, de faire d\u00e9placer les entra\u00eenements vers le stade Tchaker. A l\u2019approche de la fin de cette phase des poules du Mondial-2022, les Alg\u00e9riens croisent les doigts et attendent une nouvelle bonne performance de leurs joueurs.<\/p>\n\n\n\n<p><strong>Abderrahim Mahious<\/strong><\/p>\n","protected":false},"excerpt":{"rendered":"<p>Encore une fois, les matchs de l\u2019Equipe nationale de football font l\u2019objet d\u2019une reprogrammation. En effet, cela est, cette fois-ci,<\/p>\n","protected":false},"author":3,"featured_media":11802,"comment_status":"open","ping_status":"closed","sticky":false,"template":"","format":"standard","meta":{"colormag_page_container_layout":"default_layout","colormag_page_sidebar_layout":"default_layout","om_disable_all_campaigns":false,"_monsterinsights_skip_tracking":false,"_monsterinsights_sitenote_active":false,"_monsterinsights_sitenote_note":"","_monsterinsights_sitenote_category":0,"footnotes":"","_wpscppro_dont_share_socialmedia":false,"_wpscppro_custom_social_share_image":0,"_facebook_share_type":"","_twitter_share_type":"","_linkedin_share_type":"","_pinterest_share_type":"","_linkedin_share_type_page":"","_instagram_share_type":"","_medium_share_type":"","_threads_share_type":"","_google_business_share_type":"","_selected_social_profile":[],"_wpsp_enable_custom_social_template":false,"_wpsp_social_scheduling":{"enabled":false,"datetime":null,"platforms":[],"status":"template_only","dateOption":"today","timeOption":"now","customDays":"","customHours":"","customDate":"","customTime":"","schedulingType":"absolute"},"_wpsp_active_default_template":true},"categories":[52,33],"tags":[],"class_list":["post-11795","post","type-post","status-publish","format-standard","has-post-thumbnail","hentry","category-a-la-une","category-sports"],"aioseo_notices":[],"yoast_head":"<!-- This site is optimized with the Yoast SEO plugin v27.5 - https:\/\/yoast.com\/product\/yoast-seo-wordpress\/ -->\n<title>Eliminatoires Mondial 2022 : Alg\u00e9rie \u2013 Burkina Fao le 16 novembre - La Sentinelle<\/title>\n<meta name=\"robots\" content=\"index, follow, max-snippet:-1, max-image-preview:large, max-video-preview:-1\" \/>\n<link rel=\"canonical\" href=\"https:\/\/lasentinelle.dz\/index.php\/2021\/10\/30\/eliminatoires-mondial-2022-algerie-burkina-fao-le-16-novembre\/\" \/>\n<meta property=\"og:locale\" content=\"fr_FR\" \/>\n<meta property=\"og:type\" content=\"article\" \/>\n<meta property=\"og:title\" content=\"Eliminatoires Mondial 2022 : Alg\u00e9rie \u2013 Burkina Fao le 16 novembre - La Sentinelle\" \/>\n<meta property=\"og:description\" content=\"Encore une fois, les matchs de l\u2019Equipe nationale de football font l\u2019objet d\u2019une reprogrammation. En effet, cela est, cette fois-ci,\" \/>\n<meta property=\"og:url\" content=\"https:\/\/lasentinelle.dz\/index.php\/2021\/10\/30\/eliminatoires-mondial-2022-algerie-burkina-fao-le-16-novembre\/\" \/>\n<meta property=\"og:site_name\" content=\"La Sentinelle\" \/>\n<meta property=\"article:publisher\" content=\"https:\/\/www.facebook.com\/La-Sentinelle-104059864394773\" \/>\n<meta property=\"article:published_time\" content=\"2021-10-29T23:05:00+00:00\" \/>\n<meta property=\"og:image\" content=\"https:\/\/lasentinelle.dz\/wp-content\/uploads\/2021\/10\/Dz-burkina-7-29.jpg\" \/>\n\t<meta property=\"og:image:width\" content=\"2001\" \/>\n\t<meta property=\"og:image:height\" content=\"1334\" \/>\n\t<meta property=\"og:image:type\" content=\"image\/jpeg\" \/>\n<meta name=\"author\" content=\"La Sentinelle\" \/>\n<meta name=\"twitter:card\" content=\"summary_large_image\" \/>\n<meta name=\"twitter:label1\" content=\"\u00c9crit par\" \/>\n\t<meta name=\"twitter:data1\" content=\"La Sentinelle\" \/>\n\t<meta name=\"twitter:label2\" content=\"Dur\u00e9e de lecture estim\u00e9e\" \/>\n\t<meta name=\"twitter:data2\" content=\"2 minutes\" \/>\n<script type=\"application\/ld+json\" class=\"yoast-schema-graph\">{\"@context\":\"https:\\\/\\\/schema.org\",\"@graph\":[{\"@type\":\"Article\",\"@id\":\"https:\\\/\\\/lasentinelle.dz\\\/index.php\\\/2021\\\/10\\\/30\\\/eliminatoires-mondial-2022-algerie-burkina-fao-le-16-novembre\\\/#article\",\"isPartOf\":{\"@id\":\"https:\\\/\\\/lasentinelle.dz\\\/index.php\\\/2021\\\/10\\\/30\\\/eliminatoires-mondial-2022-algerie-burkina-fao-le-16-novembre\\\/\"},\"author\":{\"name\":\"La Sentinelle\",\"@id\":\"https:\\\/\\\/lasentinelle.dz\\\/#\\\/schema\\\/person\\\/d865044e22e70a75174ce8bcad3acfb3\"},\"headline\":\"Eliminatoires Mondial 2022 : Alg\u00e9rie \u2013 Burkina Fao le 16 novembre\",\"datePublished\":\"2021-10-29T23:05:00+00:00\",\"mainEntityOfPage\":{\"@id\":\"https:\\\/\\\/lasentinelle.dz\\\/index.php\\\/2021\\\/10\\\/30\\\/eliminatoires-mondial-2022-algerie-burkina-fao-le-16-novembre\\\/\"},\"wordCount\":428,\"commentCount\":0,\"publisher\":{\"@id\":\"https:\\\/\\\/lasentinelle.dz\\\/#organization\"},\"image\":{\"@id\":\"https:\\\/\\\/lasentinelle.dz\\\/index.php\\\/2021\\\/10\\\/30\\\/eliminatoires-mondial-2022-algerie-burkina-fao-le-16-novembre\\\/#primaryimage\"},\"thumbnailUrl\":\"https:\\\/\\\/lasentinelle.dz\\\/wp-content\\\/uploads\\\/2021\\\/10\\\/Dz-burkina-7-29.jpg\",\"articleSection\":[\"\u00c0 la Une\",\"Sports\"],\"inLanguage\":\"fr-FR\",\"potentialAction\":[{\"@type\":\"CommentAction\",\"name\":\"Comment\",\"target\":[\"https:\\\/\\\/lasentinelle.dz\\\/index.php\\\/2021\\\/10\\\/30\\\/eliminatoires-mondial-2022-algerie-burkina-fao-le-16-novembre\\\/#respond\"]}]},{\"@type\":\"WebPage\",\"@id\":\"https:\\\/\\\/lasentinelle.dz\\\/index.php\\\/2021\\\/10\\\/30\\\/eliminatoires-mondial-2022-algerie-burkina-fao-le-16-novembre\\\/\",\"url\":\"https:\\\/\\\/lasentinelle.dz\\\/index.php\\\/2021\\\/10\\\/30\\\/eliminatoires-mondial-2022-algerie-burkina-fao-le-16-novembre\\\/\",\"name\":\"Eliminatoires Mondial 2022 : Alg\u00e9rie \u2013 Burkina Fao le 16 novembre - La Sentinelle\",\"isPartOf\":{\"@id\":\"https:\\\/\\\/lasentinelle.dz\\\/#website\"},\"primaryImageOfPage\":{\"@id\":\"https:\\\/\\\/lasentinelle.dz\\\/index.php\\\/2021\\\/10\\\/30\\\/eliminatoires-mondial-2022-algerie-burkina-fao-le-16-novembre\\\/#primaryimage\"},\"image\":{\"@id\":\"https:\\\/\\\/lasentinelle.dz\\\/index.php\\\/2021\\\/10\\\/30\\\/eliminatoires-mondial-2022-algerie-burkina-fao-le-16-novembre\\\/#primaryimage\"},\"thumbnailUrl\":\"https:\\\/\\\/lasentinelle.dz\\\/wp-content\\\/uploads\\\/2021\\\/10\\\/Dz-burkina-7-29.jpg\",\"datePublished\":\"2021-10-29T23:05:00+00:00\",\"breadcrumb\":{\"@id\":\"https:\\\/\\\/lasentinelle.dz\\\/index.php\\\/2021\\\/10\\\/30\\\/eliminatoires-mondial-2022-algerie-burkina-fao-le-16-novembre\\\/#breadcrumb\"},\"inLanguage\":\"fr-FR\",\"potentialAction\":[{\"@type\":\"ReadAction\",\"target\":[\"https:\\\/\\\/lasentinelle.dz\\\/index.php\\\/2021\\\/10\\\/30\\\/eliminatoires-mondial-2022-algerie-burkina-fao-le-16-novembre\\\/\"]}]},{\"@type\":\"ImageObject\",\"inLanguage\":\"fr-FR\",\"@id\":\"https:\\\/\\\/lasentinelle.dz\\\/index.php\\\/2021\\\/10\\\/30\\\/eliminatoires-mondial-2022-algerie-burkina-fao-le-16-novembre\\\/#primaryimage\",\"url\":\"https:\\\/\\\/lasentinelle.dz\\\/wp-content\\\/uploads\\\/2021\\\/10\\\/Dz-burkina-7-29.jpg\",\"contentUrl\":\"https:\\\/\\\/lasentinelle.dz\\\/wp-content\\\/uploads\\\/2021\\\/10\\\/Dz-burkina-7-29.jpg\",\"width\":2001,\"height\":1334},{\"@type\":\"BreadcrumbList\",\"@id\":\"https:\\\/\\\/lasentinelle.dz\\\/index.php\\\/2021\\\/10\\\/30\\\/eliminatoires-mondial-2022-algerie-burkina-fao-le-16-novembre\\\/#breadcrumb\",\"itemListElement\":[{\"@type\":\"ListItem\",\"position\":1,\"name\":\"Accueil\",\"item\":\"https:\\\/\\\/lasentinelle.dz\\\/\"},{\"@type\":\"ListItem\",\"position\":2,\"name\":\"Eliminatoires Mondial 2022 : Alg\u00e9rie \u2013 Burkina Fao le 16 novembre\"}]},{\"@type\":\"WebSite\",\"@id\":\"https:\\\/\\\/lasentinelle.dz\\\/#website\",\"url\":\"https:\\\/\\\/lasentinelle.dz\\\/\",\"name\":\"La Sentinelle\",\"description\":\"Quotidien national d&#039;information\",\"publisher\":{\"@id\":\"https:\\\/\\\/lasentinelle.dz\\\/#organization\"},\"potentialAction\":[{\"@type\":\"SearchAction\",\"target\":{\"@type\":\"EntryPoint\",\"urlTemplate\":\"https:\\\/\\\/lasentinelle.dz\\\/?s={search_term_string}\"},\"query-input\":{\"@type\":\"PropertyValueSpecification\",\"valueRequired\":true,\"valueName\":\"search_term_string\"}}],\"inLanguage\":\"fr-FR\"},{\"@type\":\"Organization\",\"@id\":\"https:\\\/\\\/lasentinelle.dz\\\/#organization\",\"name\":\"Quotidien La Sentinelle\",\"url\":\"https:\\\/\\\/lasentinelle.dz\\\/\",\"logo\":{\"@type\":\"ImageObject\",\"inLanguage\":\"fr-FR\",\"@id\":\"https:\\\/\\\/lasentinelle.dz\\\/#\\\/schema\\\/logo\\\/image\\\/\",\"url\":\"https:\\\/\\\/lasentinelle.dz\\\/wp-content\\\/uploads\\\/2021\\\/09\\\/logo-sentinelleSLOGAN-1.png\",\"contentUrl\":\"https:\\\/\\\/lasentinelle.dz\\\/wp-content\\\/uploads\\\/2021\\\/09\\\/logo-sentinelleSLOGAN-1.png\",\"width\":615,\"height\":142,\"caption\":\"Quotidien La Sentinelle\"},\"image\":{\"@id\":\"https:\\\/\\\/lasentinelle.dz\\\/#\\\/schema\\\/logo\\\/image\\\/\"},\"sameAs\":[\"https:\\\/\\\/www.facebook.com\\\/La-Sentinelle-104059864394773\"]},{\"@type\":\"Person\",\"@id\":\"https:\\\/\\\/lasentinelle.dz\\\/#\\\/schema\\\/person\\\/d865044e22e70a75174ce8bcad3acfb3\",\"name\":\"La Sentinelle\",\"image\":{\"@type\":\"ImageObject\",\"inLanguage\":\"fr-FR\",\"@id\":\"https:\\\/\\\/secure.gravatar.com\\\/avatar\\\/57de8e5d4b15d43fb361a71fbb36338450fe67865b528a43dd10ef7c51a20392?s=96&d=mm&r=g\",\"url\":\"https:\\\/\\\/secure.gravatar.com\\\/avatar\\\/57de8e5d4b15d43fb361a71fbb36338450fe67865b528a43dd10ef7c51a20392?s=96&d=mm&r=g\",\"contentUrl\":\"https:\\\/\\\/secure.gravatar.com\\\/avatar\\\/57de8e5d4b15d43fb361a71fbb36338450fe67865b528a43dd10ef7c51a20392?s=96&d=mm&r=g\",\"caption\":\"La Sentinelle\"},\"sameAs\":[\"http:\\\/\\\/www.lasentinelle.dz\"],\"url\":\"https:\\\/\\\/lasentinelle.dz\\\/author\\\/redaction\\\/\"}]}<\/script>\n<!-- \/ Yoast SEO plugin. -->","yoast_head_json":{"title":"Eliminatoires Mondial 2022 : Alg\u00e9rie \u2013 Burkina Fao le 16 novembre - La Sentinelle","robots":{"index":"index","follow":"follow","max-snippet":"max-snippet:-1","max-image-preview":"max-image-preview:large","max-video-preview":"max-video-preview:-1"},"canonical":"https:\/\/lasentinelle.dz\/index.php\/2021\/10\/30\/eliminatoires-mondial-2022-algerie-burkina-fao-le-16-novembre\/","og_locale":"fr_FR","og_type":"article","og_title":"Eliminatoires Mondial 2022 : Alg\u00e9rie \u2013 Burkina Fao le 16 novembre - La Sentinelle","og_description":"Encore une fois, les matchs de l\u2019Equipe nationale de football font l\u2019objet d\u2019une reprogrammation. En effet, cela est, cette fois-ci,","og_url":"https:\/\/lasentinelle.dz\/index.php\/2021\/10\/30\/eliminatoires-mondial-2022-algerie-burkina-fao-le-16-novembre\/","og_site_name":"La Sentinelle","article_publisher":"https:\/\/www.facebook.com\/La-Sentinelle-104059864394773","article_published_time":"2021-10-29T23:05:00+00:00","og_image":[{"width":2001,"height":1334,"url":"https:\/\/lasentinelle.dz\/wp-content\/uploads\/2021\/10\/Dz-burkina-7-29.jpg","type":"image\/jpeg"}],"author":"La Sentinelle","twitter_card":"summary_large_image","twitter_misc":{"\u00c9crit par":"La Sentinelle","Dur\u00e9e de lecture estim\u00e9e":"2 minutes"},"schema":{"@context":"https:\/\/schema.org","@graph":[{"@type":"Article","@id":"https:\/\/lasentinelle.dz\/index.php\/2021\/10\/30\/eliminatoires-mondial-2022-algerie-burkina-fao-le-16-novembre\/#article","isPartOf":{"@id":"https:\/\/lasentinelle.dz\/index.php\/2021\/10\/30\/eliminatoires-mondial-2022-algerie-burkina-fao-le-16-novembre\/"},"author":{"name":"La Sentinelle","@id":"https:\/\/lasentinelle.dz\/#\/schema\/person\/d865044e22e70a75174ce8bcad3acfb3"},"headline":"Eliminatoires Mondial 2022 : Alg\u00e9rie \u2013 Burkina Fao le 16 novembre","datePublished":"2021-10-29T23:05:00+00:00","mainEntityOfPage":{"@id":"https:\/\/lasentinelle.dz\/index.php\/2021\/10\/30\/eliminatoires-mondial-2022-algerie-burkina-fao-le-16-novembre\/"},"wordCount":428,"commentCount":0,"publisher":{"@id":"https:\/\/lasentinelle.dz\/#organization"},"image":{"@id":"https:\/\/lasentinelle.dz\/index.php\/2021\/10\/30\/eliminatoires-mondial-2022-algerie-burkina-fao-le-16-novembre\/#primaryimage"},"thumbnailUrl":"https:\/\/lasentinelle.dz\/wp-content\/uploads\/2021\/10\/Dz-burkina-7-29.jpg","articleSection":["\u00c0 la Une","Sports"],"inLanguage":"fr-FR","potentialAction":[{"@type":"CommentAction","name":"Comment","target":["https:\/\/lasentinelle.dz\/index.php\/2021\/10\/30\/eliminatoires-mondial-2022-algerie-burkina-fao-le-16-novembre\/#respond"]}]},{"@type":"WebPage","@id":"https:\/\/lasentinelle.dz\/index.php\/2021\/10\/30\/eliminatoires-mondial-2022-algerie-burkina-fao-le-16-novembre\/","url":"https:\/\/lasentinelle.dz\/index.php\/2021\/10\/30\/eliminatoires-mondial-2022-algerie-burkina-fao-le-16-novembre\/","name":"Eliminatoires Mondial 2022 : Alg\u00e9rie \u2013 Burkina Fao le 16 novembre - La Sentinelle","isPartOf":{"@id":"https:\/\/lasentinelle.dz\/#website"},"primaryImageOfPage":{"@id":"https:\/\/lasentinelle.dz\/index.php\/2021\/10\/30\/eliminatoires-mondial-2022-algerie-burkina-fao-le-16-novembre\/#primaryimage"},"image":{"@id":"https:\/\/lasentinelle.dz\/index.php\/2021\/10\/30\/eliminatoires-mondial-2022-algerie-burkina-fao-le-16-novembre\/#primaryimage"},"thumbnailUrl":"https:\/\/lasentinelle.dz\/wp-content\/uploads\/2021\/10\/Dz-burkina-7-29.jpg","datePublished":"2021-10-29T23:05:00+00:00","breadcrumb":{"@id":"https:\/\/lasentinelle.dz\/index.php\/2021\/10\/30\/eliminatoires-mondial-2022-algerie-burkina-fao-le-16-novembre\/#breadcrumb"},"inLanguage":"fr-FR","potentialAction":[{"@type":"ReadAction","target":["https:\/\/lasentinelle.dz\/index.php\/2021\/10\/30\/eliminatoires-mondial-2022-algerie-burkina-fao-le-16-novembre\/"]}]},{"@type":"ImageObject","inLanguage":"fr-FR","@id":"https:\/\/lasentinelle.dz\/index.php\/2021\/10\/30\/eliminatoires-mondial-2022-algerie-burkina-fao-le-16-novembre\/#primaryimage","url":"https:\/\/lasentinelle.dz\/wp-content\/uploads\/2021\/10\/Dz-burkina-7-29.jpg","contentUrl":"https:\/\/lasentinelle.dz\/wp-content\/uploads\/2021\/10\/Dz-burkina-7-29.jpg","width":2001,"height":1334},{"@type":"BreadcrumbList","@id":"https:\/\/lasentinelle.dz\/index.php\/2021\/10\/30\/eliminatoires-mondial-2022-algerie-burkina-fao-le-16-novembre\/#breadcrumb","itemListElement":[{"@type":"ListItem","position":1,"name":"Accueil","item":"https:\/\/lasentinelle.dz\/"},{"@type":"ListItem","position":2,"name":"Eliminatoires Mondial 2022 : Alg\u00e9rie \u2013 Burkina Fao le 16 novembre"}]},{"@type":"WebSite","@id":"https:\/\/lasentinelle.dz\/#website","url":"https:\/\/lasentinelle.dz\/","name":"La Sentinelle","description":"Quotidien national d&#039;information","publisher":{"@id":"https:\/\/lasentinelle.dz\/#organization"},"potentialAction":[{"@type":"SearchAction","target":{"@type":"EntryPoint","urlTemplate":"https:\/\/lasentinelle.dz\/?s={search_term_string}"},"query-input":{"@type":"PropertyValueSpecification","valueRequired":true,"valueName":"search_term_string"}}],"inLanguage":"fr-FR"},{"@type":"Organization","@id":"https:\/\/lasentinelle.dz\/#organization","name":"Quotidien La Sentinelle","url":"https:\/\/lasentinelle.dz\/","logo":{"@type":"ImageObject","inLanguage":"fr-FR","@id":"https:\/\/lasentinelle.dz\/#\/schema\/logo\/image\/","url":"https:\/\/lasentinelle.dz\/wp-content\/uploads\/2021\/09\/logo-sentinelleSLOGAN-1.png","contentUrl":"https:\/\/lasentinelle.dz\/wp-content\/uploads\/2021\/09\/logo-sentinelleSLOGAN-1.png","width":615,"height":142,"caption":"Quotidien La Sentinelle"},"image":{"@id":"https:\/\/lasentinelle.dz\/#\/schema\/logo\/image\/"},"sameAs":["https:\/\/www.facebook.com\/La-Sentinelle-104059864394773"]},{"@type":"Person","@id":"https:\/\/lasentinelle.dz\/#\/schema\/person\/d865044e22e70a75174ce8bcad3acfb3","name":"La Sentinelle","image":{"@type":"ImageObject","inLanguage":"fr-FR","@id":"https:\/\/secure.gravatar.com\/avatar\/57de8e5d4b15d43fb361a71fbb36338450fe67865b528a43dd10ef7c51a20392?s=96&d=mm&r=g","url":"https:\/\/secure.gravatar.com\/avatar\/57de8e5d4b15d43fb361a71fbb36338450fe67865b528a43dd10ef7c51a20392?s=96&d=mm&r=g","contentUrl":"https:\/\/secure.gravatar.com\/avatar\/57de8e5d4b15d43fb361a71fbb36338450fe67865b528a43dd10ef7c51a20392?s=96&d=mm&r=g","caption":"La Sentinelle"},"sameAs":["http:\/\/www.lasentinelle.dz"],"url":"https:\/\/lasentinelle.dz\/author\/redaction\/"}]}},"_links":{"self":[{"href":"https:\/\/lasentinelle.dz\/index.php\/wp-json\/wp\/v2\/posts\/11795","targetHints":{"allow":["GET"]}}],"collection":[{"href":"https:\/\/lasentinelle.dz\/index.php\/wp-json\/wp\/v2\/posts"}],"about":[{"href":"https:\/\/lasentinelle.dz\/index.php\/wp-json\/wp\/v2\/types\/post"}],"author":[{"embeddable":true,"href":"https:\/\/lasentinelle.dz\/index.php\/wp-json\/wp\/v2\/users\/3"}],"replies":[{"embeddable":true,"href":"https:\/\/lasentinelle.dz\/index.php\/wp-json\/wp\/v2\/comments?post=11795"}],"version-history":[{"count":1,"href":"https:\/\/lasentinelle.dz\/index.php\/wp-json\/wp\/v2\/posts\/11795\/revisions"}],"predecessor-version":[{"id":11801,"href":"https:\/\/lasentinelle.dz\/index.php\/wp-json\/wp\/v2\/posts\/11795\/revisions\/11801"}],"wp:featuredmedia":[{"embeddable":true,"href":"https:\/\/lasentinelle.dz\/index.php\/wp-json\/wp\/v2\/media\/11802"}],"wp:attachment":[{"href":"https:\/\/lasentinelle.dz\/index.php\/wp-json\/wp\/v2\/media?parent=11795"}],"wp:term":[{"taxonomy":"category","embeddable":true,"href":"https:\/\/lasentinelle.dz\/index.php\/wp-json\/wp\/v2\/categories?post=11795"},{"taxonomy":"post_tag","embeddable":true,"href":"https:\/\/lasentinelle.dz\/index.php\/wp-json\/wp\/v2\/tags?post=11795"}],"curies":[{"name":"wp","href":"https:\/\/api.w.org\/{rel}","templated":true}]}}