{"id":11808,"date":"2021-10-30T00:01:00","date_gmt":"2021-10-29T23:01:00","guid":{"rendered":"https:\/\/lasentinelle.dz\/?p=11808"},"modified":"2021-10-29T15:17:13","modified_gmt":"2021-10-29T14:17:13","slug":"mesures-a-prendre-durant-la-can-2022-la-faf-prend-note","status":"publish","type":"post","link":"https:\/\/lasentinelle.dz\/index.php\/2021\/10\/30\/mesures-a-prendre-durant-la-can-2022-la-faf-prend-note\/","title":{"rendered":"Mesures \u00e0 prendre durant la CAN-2022 : La FAF prend note"},"content":{"rendered":"\n<p>Il s\u2019agit de la derni\u00e8re ligne droite avant le coup d\u2019envoi du tournoi continental, qui aura lieu en janvier prochain au Cameroun.&nbsp;<\/p>\n\n\n\n<p>La Conf\u00e9d\u00e9ration africaine de football (CAF) a organis\u00e9, jeudi dernier, une r\u00e9union en visioconf\u00e9rence avec les repr\u00e9sentants de la F\u00e9d\u00e9ration alg\u00e9rienne de football (FAF) portant sur les pr\u00e9paratifs de la participation de la s\u00e9lection nationale \u00e0 la prochaine CAN du Cameroun (9 janvier &#8211; 6 f\u00e9vrier 2022).<\/p>\n\n\n\n<p>Lors de cette r\u00e9union, tous les points li\u00e9s au s\u00e9jour des Champions d\u2019Afrique lors de cette comp\u00e9tition ont \u00e9t\u00e9 pass\u00e9s en revue par les officiels de la CAF \u00e0 l\u2019aide de pr\u00e9sentations th\u00e9matiques relatives \u00e0 l\u2019h\u00e9bergement, les s\u00e9ances d\u2019entra\u00eenement, le volet m\u00e9dical, l\u2019assistance vid\u00e9o \u00e0 l\u2019arbitrage (VAR), le volet m\u00e9dical, le contr\u00f4le antidopage, le transport, les accr\u00e9ditations, le marketing, les activit\u00e9s m\u00e9diatiques, la s\u00fbret\u00e9 et la s\u00e9curit\u00e9. Plusieurs points ont \u00e9t\u00e9 retenus par l\u2019instance continentale, \u00e0 commencer par la d\u00e9cision d\u2019augmenter le nombre de joueurs de chaque s\u00e9lection, qui passe, d\u00e9sormais, de passer de 23 \u00e0 28. La CAF prendra en charge une d\u00e9l\u00e9gation de 40 membres et proc\u00e9dera \u00e0 leur accr\u00e9ditation, et \u00e9ventuellement plus sur demande justifi\u00e9e pour chaque s\u00e9lection qui b\u00e9n\u00e9ficiera de 20 laissez-passer. Ce syst\u00e8me d\u2019accr\u00e9ditation concernera 9 zones au lieu de 4 au niveau du stade. Par ailleurs, la liste \u00e9largie de 30 joueurs doit \u00eatre transmise avant le 30 d\u00e9cembre prochain, avec la possibilit\u00e9 de remplacement d\u2019un joueur bless\u00e9, durant la comp\u00e9tition. Les maillots de ces joueurs seront&nbsp; num\u00e9rot\u00e9s 1 au 23, voire plus au cas o\u00f9 la s\u00e9lection disposera de joueurs suppl\u00e9mentaires. Lors des matchs, caque \u00e9quipe b\u00e9n\u00e9ficiera de trois&nbsp; emplacements, plus un quatri\u00e8me lors des prolongations, alors que l\u2019IFAB a d\u00e9cid\u00e9 de maintenir la r\u00e8gle de cinq changements en trois temps. Le recours \u00e0 la technique de la VAR d\u00e9butera d\u00e8s le premier match du premier tour (phase de poule) et portera sur quatre aspects, \u00e0 savoir les buts, les cartons rouges, les penaltys et l\u2019identit\u00e9 du joueur \u00e0 sanctionner.&nbsp; Sur le volet sanitaire, le protocole sanitaire anti-Covid-19 sera appliqu\u00e9 avec des tests PCR de mois de 72 heures. A la fin du match, deux joueurs par match seront concern\u00e9s \u00e0 chaque fois par le test antidopage. Chaque s\u00e9lection b\u00e9n\u00e9ficiera d\u2019une \u00e9quipe de protection, alors que les volets s\u00e9curit\u00e9 et s\u00fbret\u00e9 rel\u00e8veront du COCAN (Comit\u00e9 d\u2019organisation) et des autorit\u00e9s locales de l\u2019Etat du Cameroun.<\/p>\n\n\n\n<p><strong>Abderrahim Mahious<\/strong><\/p>\n","protected":false},"excerpt":{"rendered":"<p>Il s\u2019agit de la derni\u00e8re ligne droite avant le coup d\u2019envoi du tournoi continental, qui aura lieu en janvier prochain<\/p>\n","protected":false},"author":3,"featured_media":11811,"comment_status":"open","ping_status":"closed","sticky":false,"template":"","format":"standard","meta":{"colormag_page_container_layout":"default_layout","colormag_page_sidebar_layout":"default_layout","om_disable_all_campaigns":false,"_monsterinsights_skip_tracking":false,"_monsterinsights_sitenote_active":false,"_monsterinsights_sitenote_note":"","_monsterinsights_sitenote_category":0,"footnotes":"","_wpscppro_dont_share_socialmedia":false,"_wpscppro_custom_social_share_image":0,"_facebook_share_type":"","_twitter_share_type":"","_linkedin_share_type":"","_pinterest_share_type":"","_linkedin_share_type_page":"","_instagram_share_type":"","_medium_share_type":"","_threads_share_type":"","_google_business_share_type":"","_selected_social_profile":[],"_wpsp_enable_custom_social_template":false,"_wpsp_social_scheduling":{"enabled":false,"datetime":null,"platforms":[],"status":"template_only","dateOption":"today","timeOption":"now","customDays":"","customHours":"","customDate":"","customTime":"","schedulingType":"absolute"},"_wpsp_active_default_template":true},"categories":[33],"tags":[],"class_list":["post-11808","post","type-post","status-publish","format-standard","has-post-thumbnail","hentry","category-sports"],"aioseo_notices":[],"yoast_head":"<!-- This site is optimized with the Yoast SEO plugin v27.4 - https:\/\/yoast.com\/product\/yoast-seo-wordpress\/ -->\n<title>Mesures \u00e0 prendre durant la CAN-2022 : La FAF prend note - La Sentinelle<\/title>\n<meta name=\"robots\" content=\"index, follow, max-snippet:-1, max-image-preview:large, max-video-preview:-1\" \/>\n<link rel=\"canonical\" href=\"https:\/\/lasentinelle.dz\/index.php\/2021\/10\/30\/mesures-a-prendre-durant-la-can-2022-la-faf-prend-note\/\" \/>\n<meta property=\"og:locale\" content=\"fr_FR\" \/>\n<meta property=\"og:type\" content=\"article\" \/>\n<meta property=\"og:title\" content=\"Mesures \u00e0 prendre durant la CAN-2022 : La FAF prend note - La Sentinelle\" \/>\n<meta property=\"og:description\" content=\"Il s\u2019agit de la derni\u00e8re ligne droite avant le coup d\u2019envoi du tournoi continental, qui aura lieu en janvier prochain\" \/>\n<meta property=\"og:url\" content=\"https:\/\/lasentinelle.dz\/index.php\/2021\/10\/30\/mesures-a-prendre-durant-la-can-2022-la-faf-prend-note\/\" \/>\n<meta property=\"og:site_name\" content=\"La Sentinelle\" \/>\n<meta property=\"article:publisher\" content=\"https:\/\/www.facebook.com\/La-Sentinelle-104059864394773\" \/>\n<meta property=\"article:published_time\" content=\"2021-10-29T23:01:00+00:00\" \/>\n<meta property=\"og:image\" content=\"https:\/\/lasentinelle.dz\/wp-content\/uploads\/2021\/10\/FAF-8-1-scaled.jpg\" \/>\n\t<meta property=\"og:image:width\" content=\"2560\" \/>\n\t<meta property=\"og:image:height\" content=\"1920\" \/>\n\t<meta property=\"og:image:type\" content=\"image\/jpeg\" \/>\n<meta name=\"author\" content=\"La Sentinelle\" \/>\n<meta name=\"twitter:card\" content=\"summary_large_image\" \/>\n<meta name=\"twitter:label1\" content=\"\u00c9crit par\" \/>\n\t<meta name=\"twitter:data1\" content=\"La Sentinelle\" \/>\n\t<meta name=\"twitter:label2\" content=\"Dur\u00e9e de lecture estim\u00e9e\" \/>\n\t<meta name=\"twitter:data2\" content=\"2 minutes\" \/>\n<script type=\"application\/ld+json\" class=\"yoast-schema-graph\">{\"@context\":\"https:\\\/\\\/schema.org\",\"@graph\":[{\"@type\":\"Article\",\"@id\":\"https:\\\/\\\/lasentinelle.dz\\\/index.php\\\/2021\\\/10\\\/30\\\/mesures-a-prendre-durant-la-can-2022-la-faf-prend-note\\\/#article\",\"isPartOf\":{\"@id\":\"https:\\\/\\\/lasentinelle.dz\\\/index.php\\\/2021\\\/10\\\/30\\\/mesures-a-prendre-durant-la-can-2022-la-faf-prend-note\\\/\"},\"author\":{\"name\":\"La Sentinelle\",\"@id\":\"https:\\\/\\\/lasentinelle.dz\\\/#\\\/schema\\\/person\\\/d865044e22e70a75174ce8bcad3acfb3\"},\"headline\":\"Mesures \u00e0 prendre durant la CAN-2022 : La FAF prend note\",\"datePublished\":\"2021-10-29T23:01:00+00:00\",\"mainEntityOfPage\":{\"@id\":\"https:\\\/\\\/lasentinelle.dz\\\/index.php\\\/2021\\\/10\\\/30\\\/mesures-a-prendre-durant-la-can-2022-la-faf-prend-note\\\/\"},\"wordCount\":462,\"commentCount\":0,\"publisher\":{\"@id\":\"https:\\\/\\\/lasentinelle.dz\\\/#organization\"},\"image\":{\"@id\":\"https:\\\/\\\/lasentinelle.dz\\\/index.php\\\/2021\\\/10\\\/30\\\/mesures-a-prendre-durant-la-can-2022-la-faf-prend-note\\\/#primaryimage\"},\"thumbnailUrl\":\"https:\\\/\\\/lasentinelle.dz\\\/wp-content\\\/uploads\\\/2021\\\/10\\\/FAF-8-1-scaled.jpg\",\"articleSection\":[\"Sports\"],\"inLanguage\":\"fr-FR\",\"potentialAction\":[{\"@type\":\"CommentAction\",\"name\":\"Comment\",\"target\":[\"https:\\\/\\\/lasentinelle.dz\\\/index.php\\\/2021\\\/10\\\/30\\\/mesures-a-prendre-durant-la-can-2022-la-faf-prend-note\\\/#respond\"]}]},{\"@type\":\"WebPage\",\"@id\":\"https:\\\/\\\/lasentinelle.dz\\\/index.php\\\/2021\\\/10\\\/30\\\/mesures-a-prendre-durant-la-can-2022-la-faf-prend-note\\\/\",\"url\":\"https:\\\/\\\/lasentinelle.dz\\\/index.php\\\/2021\\\/10\\\/30\\\/mesures-a-prendre-durant-la-can-2022-la-faf-prend-note\\\/\",\"name\":\"Mesures \u00e0 prendre durant la CAN-2022 : La FAF prend note - La Sentinelle\",\"isPartOf\":{\"@id\":\"https:\\\/\\\/lasentinelle.dz\\\/#website\"},\"primaryImageOfPage\":{\"@id\":\"https:\\\/\\\/lasentinelle.dz\\\/index.php\\\/2021\\\/10\\\/30\\\/mesures-a-prendre-durant-la-can-2022-la-faf-prend-note\\\/#primaryimage\"},\"image\":{\"@id\":\"https:\\\/\\\/lasentinelle.dz\\\/index.php\\\/2021\\\/10\\\/30\\\/mesures-a-prendre-durant-la-can-2022-la-faf-prend-note\\\/#primaryimage\"},\"thumbnailUrl\":\"https:\\\/\\\/lasentinelle.dz\\\/wp-content\\\/uploads\\\/2021\\\/10\\\/FAF-8-1-scaled.jpg\",\"datePublished\":\"2021-10-29T23:01:00+00:00\",\"breadcrumb\":{\"@id\":\"https:\\\/\\\/lasentinelle.dz\\\/index.php\\\/2021\\\/10\\\/30\\\/mesures-a-prendre-durant-la-can-2022-la-faf-prend-note\\\/#breadcrumb\"},\"inLanguage\":\"fr-FR\",\"potentialAction\":[{\"@type\":\"ReadAction\",\"target\":[\"https:\\\/\\\/lasentinelle.dz\\\/index.php\\\/2021\\\/10\\\/30\\\/mesures-a-prendre-durant-la-can-2022-la-faf-prend-note\\\/\"]}]},{\"@type\":\"ImageObject\",\"inLanguage\":\"fr-FR\",\"@id\":\"https:\\\/\\\/lasentinelle.dz\\\/index.php\\\/2021\\\/10\\\/30\\\/mesures-a-prendre-durant-la-can-2022-la-faf-prend-note\\\/#primaryimage\",\"url\":\"https:\\\/\\\/lasentinelle.dz\\\/wp-content\\\/uploads\\\/2021\\\/10\\\/FAF-8-1-scaled.jpg\",\"contentUrl\":\"https:\\\/\\\/lasentinelle.dz\\\/wp-content\\\/uploads\\\/2021\\\/10\\\/FAF-8-1-scaled.jpg\",\"width\":2560,\"height\":1920},{\"@type\":\"BreadcrumbList\",\"@id\":\"https:\\\/\\\/lasentinelle.dz\\\/index.php\\\/2021\\\/10\\\/30\\\/mesures-a-prendre-durant-la-can-2022-la-faf-prend-note\\\/#breadcrumb\",\"itemListElement\":[{\"@type\":\"ListItem\",\"position\":1,\"name\":\"Accueil\",\"item\":\"https:\\\/\\\/lasentinelle.dz\\\/\"},{\"@type\":\"ListItem\",\"position\":2,\"name\":\"Mesures \u00e0 prendre durant la CAN-2022 : La FAF prend note\"}]},{\"@type\":\"WebSite\",\"@id\":\"https:\\\/\\\/lasentinelle.dz\\\/#website\",\"url\":\"https:\\\/\\\/lasentinelle.dz\\\/\",\"name\":\"La Sentinelle\",\"description\":\"Quotidien national d&#039;information\",\"publisher\":{\"@id\":\"https:\\\/\\\/lasentinelle.dz\\\/#organization\"},\"potentialAction\":[{\"@type\":\"SearchAction\",\"target\":{\"@type\":\"EntryPoint\",\"urlTemplate\":\"https:\\\/\\\/lasentinelle.dz\\\/?s={search_term_string}\"},\"query-input\":{\"@type\":\"PropertyValueSpecification\",\"valueRequired\":true,\"valueName\":\"search_term_string\"}}],\"inLanguage\":\"fr-FR\"},{\"@type\":\"Organization\",\"@id\":\"https:\\\/\\\/lasentinelle.dz\\\/#organization\",\"name\":\"Quotidien La Sentinelle\",\"url\":\"https:\\\/\\\/lasentinelle.dz\\\/\",\"logo\":{\"@type\":\"ImageObject\",\"inLanguage\":\"fr-FR\",\"@id\":\"https:\\\/\\\/lasentinelle.dz\\\/#\\\/schema\\\/logo\\\/image\\\/\",\"url\":\"https:\\\/\\\/lasentinelle.dz\\\/wp-content\\\/uploads\\\/2021\\\/09\\\/logo-sentinelleSLOGAN-1.png\",\"contentUrl\":\"https:\\\/\\\/lasentinelle.dz\\\/wp-content\\\/uploads\\\/2021\\\/09\\\/logo-sentinelleSLOGAN-1.png\",\"width\":615,\"height\":142,\"caption\":\"Quotidien La Sentinelle\"},\"image\":{\"@id\":\"https:\\\/\\\/lasentinelle.dz\\\/#\\\/schema\\\/logo\\\/image\\\/\"},\"sameAs\":[\"https:\\\/\\\/www.facebook.com\\\/La-Sentinelle-104059864394773\"]},{\"@type\":\"Person\",\"@id\":\"https:\\\/\\\/lasentinelle.dz\\\/#\\\/schema\\\/person\\\/d865044e22e70a75174ce8bcad3acfb3\",\"name\":\"La Sentinelle\",\"image\":{\"@type\":\"ImageObject\",\"inLanguage\":\"fr-FR\",\"@id\":\"https:\\\/\\\/secure.gravatar.com\\\/avatar\\\/57de8e5d4b15d43fb361a71fbb36338450fe67865b528a43dd10ef7c51a20392?s=96&d=mm&r=g\",\"url\":\"https:\\\/\\\/secure.gravatar.com\\\/avatar\\\/57de8e5d4b15d43fb361a71fbb36338450fe67865b528a43dd10ef7c51a20392?s=96&d=mm&r=g\",\"contentUrl\":\"https:\\\/\\\/secure.gravatar.com\\\/avatar\\\/57de8e5d4b15d43fb361a71fbb36338450fe67865b528a43dd10ef7c51a20392?s=96&d=mm&r=g\",\"caption\":\"La Sentinelle\"},\"sameAs\":[\"http:\\\/\\\/www.lasentinelle.dz\"],\"url\":\"https:\\\/\\\/lasentinelle.dz\\\/author\\\/redaction\\\/\"}]}<\/script>\n<!-- \/ Yoast SEO plugin. -->","yoast_head_json":{"title":"Mesures \u00e0 prendre durant la CAN-2022 : La FAF prend note - La Sentinelle","robots":{"index":"index","follow":"follow","max-snippet":"max-snippet:-1","max-image-preview":"max-image-preview:large","max-video-preview":"max-video-preview:-1"},"canonical":"https:\/\/lasentinelle.dz\/index.php\/2021\/10\/30\/mesures-a-prendre-durant-la-can-2022-la-faf-prend-note\/","og_locale":"fr_FR","og_type":"article","og_title":"Mesures \u00e0 prendre durant la CAN-2022 : La FAF prend note - La Sentinelle","og_description":"Il s\u2019agit de la derni\u00e8re ligne droite avant le coup d\u2019envoi du tournoi continental, qui aura lieu en janvier prochain","og_url":"https:\/\/lasentinelle.dz\/index.php\/2021\/10\/30\/mesures-a-prendre-durant-la-can-2022-la-faf-prend-note\/","og_site_name":"La Sentinelle","article_publisher":"https:\/\/www.facebook.com\/La-Sentinelle-104059864394773","article_published_time":"2021-10-29T23:01:00+00:00","og_image":[{"width":2560,"height":1920,"url":"https:\/\/lasentinelle.dz\/wp-content\/uploads\/2021\/10\/FAF-8-1-scaled.jpg","type":"image\/jpeg"}],"author":"La Sentinelle","twitter_card":"summary_large_image","twitter_misc":{"\u00c9crit par":"La Sentinelle","Dur\u00e9e de lecture estim\u00e9e":"2 minutes"},"schema":{"@context":"https:\/\/schema.org","@graph":[{"@type":"Article","@id":"https:\/\/lasentinelle.dz\/index.php\/2021\/10\/30\/mesures-a-prendre-durant-la-can-2022-la-faf-prend-note\/#article","isPartOf":{"@id":"https:\/\/lasentinelle.dz\/index.php\/2021\/10\/30\/mesures-a-prendre-durant-la-can-2022-la-faf-prend-note\/"},"author":{"name":"La Sentinelle","@id":"https:\/\/lasentinelle.dz\/#\/schema\/person\/d865044e22e70a75174ce8bcad3acfb3"},"headline":"Mesures \u00e0 prendre durant la CAN-2022 : La FAF prend note","datePublished":"2021-10-29T23:01:00+00:00","mainEntityOfPage":{"@id":"https:\/\/lasentinelle.dz\/index.php\/2021\/10\/30\/mesures-a-prendre-durant-la-can-2022-la-faf-prend-note\/"},"wordCount":462,"commentCount":0,"publisher":{"@id":"https:\/\/lasentinelle.dz\/#organization"},"image":{"@id":"https:\/\/lasentinelle.dz\/index.php\/2021\/10\/30\/mesures-a-prendre-durant-la-can-2022-la-faf-prend-note\/#primaryimage"},"thumbnailUrl":"https:\/\/lasentinelle.dz\/wp-content\/uploads\/2021\/10\/FAF-8-1-scaled.jpg","articleSection":["Sports"],"inLanguage":"fr-FR","potentialAction":[{"@type":"CommentAction","name":"Comment","target":["https:\/\/lasentinelle.dz\/index.php\/2021\/10\/30\/mesures-a-prendre-durant-la-can-2022-la-faf-prend-note\/#respond"]}]},{"@type":"WebPage","@id":"https:\/\/lasentinelle.dz\/index.php\/2021\/10\/30\/mesures-a-prendre-durant-la-can-2022-la-faf-prend-note\/","url":"https:\/\/lasentinelle.dz\/index.php\/2021\/10\/30\/mesures-a-prendre-durant-la-can-2022-la-faf-prend-note\/","name":"Mesures \u00e0 prendre durant la CAN-2022 : La FAF prend note - La Sentinelle","isPartOf":{"@id":"https:\/\/lasentinelle.dz\/#website"},"primaryImageOfPage":{"@id":"https:\/\/lasentinelle.dz\/index.php\/2021\/10\/30\/mesures-a-prendre-durant-la-can-2022-la-faf-prend-note\/#primaryimage"},"image":{"@id":"https:\/\/lasentinelle.dz\/index.php\/2021\/10\/30\/mesures-a-prendre-durant-la-can-2022-la-faf-prend-note\/#primaryimage"},"thumbnailUrl":"https:\/\/lasentinelle.dz\/wp-content\/uploads\/2021\/10\/FAF-8-1-scaled.jpg","datePublished":"2021-10-29T23:01:00+00:00","breadcrumb":{"@id":"https:\/\/lasentinelle.dz\/index.php\/2021\/10\/30\/mesures-a-prendre-durant-la-can-2022-la-faf-prend-note\/#breadcrumb"},"inLanguage":"fr-FR","potentialAction":[{"@type":"ReadAction","target":["https:\/\/lasentinelle.dz\/index.php\/2021\/10\/30\/mesures-a-prendre-durant-la-can-2022-la-faf-prend-note\/"]}]},{"@type":"ImageObject","inLanguage":"fr-FR","@id":"https:\/\/lasentinelle.dz\/index.php\/2021\/10\/30\/mesures-a-prendre-durant-la-can-2022-la-faf-prend-note\/#primaryimage","url":"https:\/\/lasentinelle.dz\/wp-content\/uploads\/2021\/10\/FAF-8-1-scaled.jpg","contentUrl":"https:\/\/lasentinelle.dz\/wp-content\/uploads\/2021\/10\/FAF-8-1-scaled.jpg","width":2560,"height":1920},{"@type":"BreadcrumbList","@id":"https:\/\/lasentinelle.dz\/index.php\/2021\/10\/30\/mesures-a-prendre-durant-la-can-2022-la-faf-prend-note\/#breadcrumb","itemListElement":[{"@type":"ListItem","position":1,"name":"Accueil","item":"https:\/\/lasentinelle.dz\/"},{"@type":"ListItem","position":2,"name":"Mesures \u00e0 prendre durant la CAN-2022 : La FAF prend note"}]},{"@type":"WebSite","@id":"https:\/\/lasentinelle.dz\/#website","url":"https:\/\/lasentinelle.dz\/","name":"La Sentinelle","description":"Quotidien national d&#039;information","publisher":{"@id":"https:\/\/lasentinelle.dz\/#organization"},"potentialAction":[{"@type":"SearchAction","target":{"@type":"EntryPoint","urlTemplate":"https:\/\/lasentinelle.dz\/?s={search_term_string}"},"query-input":{"@type":"PropertyValueSpecification","valueRequired":true,"valueName":"search_term_string"}}],"inLanguage":"fr-FR"},{"@type":"Organization","@id":"https:\/\/lasentinelle.dz\/#organization","name":"Quotidien La Sentinelle","url":"https:\/\/lasentinelle.dz\/","logo":{"@type":"ImageObject","inLanguage":"fr-FR","@id":"https:\/\/lasentinelle.dz\/#\/schema\/logo\/image\/","url":"https:\/\/lasentinelle.dz\/wp-content\/uploads\/2021\/09\/logo-sentinelleSLOGAN-1.png","contentUrl":"https:\/\/lasentinelle.dz\/wp-content\/uploads\/2021\/09\/logo-sentinelleSLOGAN-1.png","width":615,"height":142,"caption":"Quotidien La Sentinelle"},"image":{"@id":"https:\/\/lasentinelle.dz\/#\/schema\/logo\/image\/"},"sameAs":["https:\/\/www.facebook.com\/La-Sentinelle-104059864394773"]},{"@type":"Person","@id":"https:\/\/lasentinelle.dz\/#\/schema\/person\/d865044e22e70a75174ce8bcad3acfb3","name":"La Sentinelle","image":{"@type":"ImageObject","inLanguage":"fr-FR","@id":"https:\/\/secure.gravatar.com\/avatar\/57de8e5d4b15d43fb361a71fbb36338450fe67865b528a43dd10ef7c51a20392?s=96&d=mm&r=g","url":"https:\/\/secure.gravatar.com\/avatar\/57de8e5d4b15d43fb361a71fbb36338450fe67865b528a43dd10ef7c51a20392?s=96&d=mm&r=g","contentUrl":"https:\/\/secure.gravatar.com\/avatar\/57de8e5d4b15d43fb361a71fbb36338450fe67865b528a43dd10ef7c51a20392?s=96&d=mm&r=g","caption":"La Sentinelle"},"sameAs":["http:\/\/www.lasentinelle.dz"],"url":"https:\/\/lasentinelle.dz\/author\/redaction\/"}]}},"_links":{"self":[{"href":"https:\/\/lasentinelle.dz\/index.php\/wp-json\/wp\/v2\/posts\/11808","targetHints":{"allow":["GET"]}}],"collection":[{"href":"https:\/\/lasentinelle.dz\/index.php\/wp-json\/wp\/v2\/posts"}],"about":[{"href":"https:\/\/lasentinelle.dz\/index.php\/wp-json\/wp\/v2\/types\/post"}],"author":[{"embeddable":true,"href":"https:\/\/lasentinelle.dz\/index.php\/wp-json\/wp\/v2\/users\/3"}],"replies":[{"embeddable":true,"href":"https:\/\/lasentinelle.dz\/index.php\/wp-json\/wp\/v2\/comments?post=11808"}],"version-history":[{"count":1,"href":"https:\/\/lasentinelle.dz\/index.php\/wp-json\/wp\/v2\/posts\/11808\/revisions"}],"predecessor-version":[{"id":11812,"href":"https:\/\/lasentinelle.dz\/index.php\/wp-json\/wp\/v2\/posts\/11808\/revisions\/11812"}],"wp:featuredmedia":[{"embeddable":true,"href":"https:\/\/lasentinelle.dz\/index.php\/wp-json\/wp\/v2\/media\/11811"}],"wp:attachment":[{"href":"https:\/\/lasentinelle.dz\/index.php\/wp-json\/wp\/v2\/media?parent=11808"}],"wp:term":[{"taxonomy":"category","embeddable":true,"href":"https:\/\/lasentinelle.dz\/index.php\/wp-json\/wp\/v2\/categories?post=11808"},{"taxonomy":"post_tag","embeddable":true,"href":"https:\/\/lasentinelle.dz\/index.php\/wp-json\/wp\/v2\/tags?post=11808"}],"curies":[{"name":"wp","href":"https:\/\/api.w.org\/{rel}","templated":true}]}}