{"id":11836,"date":"2021-10-30T00:01:00","date_gmt":"2021-10-29T23:01:00","guid":{"rendered":"https:\/\/lasentinelle.dz\/?p=11836"},"modified":"2021-10-29T17:15:52","modified_gmt":"2021-10-29T16:15:52","slug":"defense-des-interets-nationaux-les-medias-en-premiere-ligne","status":"publish","type":"post","link":"https:\/\/lasentinelle.dz\/index.php\/2021\/10\/30\/defense-des-interets-nationaux-les-medias-en-premiere-ligne\/","title":{"rendered":"D\u00e9fense des int\u00e9r\u00eats nationaux : Les m\u00e9dias en premi\u00e8re ligne"},"content":{"rendered":"\n<p>Le d\u00e9fi relev\u00e9 par les techniciens alg\u00e9riens un certain 28 octobre 1962 en prenant avec brio les commandes de la radio et de la t\u00e9l\u00e9vision nationale a \u00e9t\u00e9 le th\u00e8me abord\u00e9, jeudi, par le conseiller aupr\u00e8s du ministre de la Communication, Beldia Mohamed. Ce responsable a pr\u00e9cis\u00e9 que \u00ab\u00a0<strong>le d\u00e9fi a \u00e9t\u00e9 relev\u00e9 en prenant le relais des techniciens fran\u00e7ais sans que l&rsquo;\u00e9mission ne s&rsquo;arr\u00eate une minute\u00a0\u00bb<\/strong>. Selon le conseiller du ministre de la Communication, <strong>\u00ab\u00a0le d\u00e9fi que la famille des m\u00e9dias devra relever \u00e0 pr\u00e9sent est \u00e9norme car dans un pass\u00e9 r\u00e9cent, les forces de s\u00e9curit\u00e9 en premi\u00e8re ligne et les m\u00e9dias ensuite ont affront\u00e9 l&rsquo;ennemi interne mais aujourd&rsquo;hui, le&nbsp;d\u00e9fi est plus grand car aujourd&rsquo;hui ce sont les m\u00e9dias qui sont en premi\u00e8re ligne\u00a0\u00bb<\/strong> tout en expliquant que <strong>\u00ab\u00a0le d\u00e9fi aujourd&rsquo;hui n&rsquo;est pas relev\u00e9 par les armes mais plut\u00f4t via les m\u00e9dias et Internet\u00a0\u00bb. <\/strong>La conjoncture actuelle marqu\u00e9e par de nombreuses menaces qui guettent notre pays appelle une union sacr\u00e9e dans les m\u00e9dias, affirme Beldia Mohamed qui pr\u00e9cisait qu'\u00a0\u00bbil n&rsquo;y a plus de place \u00e0 la neutralit\u00e9 \u00e0 pr\u00e9sent devant la menace\u00a0\u00bb. Il a appel\u00e9 les m\u00e9dias \u00e0 \u00ab&nbsp;se mettre au service de la Nation et non comme il a \u00e9t\u00e9 de coutume pour la plupart des m\u00e9dias durant les derni\u00e8res vingt ann\u00e9e, au service des personnes\u00a0\u00bb.<\/p>\n\n\n\n<p>Abordant le chapitre de l&rsquo;encadrement juridique et l&rsquo;organisation des activit\u00e9s des m\u00e9dias, M. Beldia Mohamed a soulign\u00e9 le travail effectu\u00e9 par le ministre de la Communication, Ammar Belhimer, qui a entam\u00e9 d\u00e8s sa nomination \u00e0 la t\u00eate du d\u00e9partement la mise sur pied de projets de loi et de d\u00e9crets ex\u00e9cutifs \u00e0 l&rsquo;instar du d\u00e9cret ex\u00e9cutif 20\/332 du &nbsp;mois de novembre 2020 r\u00e9gissant l&rsquo;activit\u00e9 de la presse \u00e9lectronique. Le conseiller aupr\u00e8s du ministre de la Communication a, \u00e0 cet effet, indiqu\u00e9 que \u00ab\u00a0le lancement des journaux est d\u00e9sormais ouvert avec le pr\u00e9alable de crit\u00e8res qu&rsquo;il faut respecter\u00a0\u00bb tout en pr\u00e9cisant que \u00ab\u00a0pr\u00e8s de 140 d\u00e9p\u00f4ts de dossiers de m\u00e9dias \u00e9lectroniques ont d&rsquo;ailleurs \u00e9t\u00e9 recens\u00e9s\u00a0\u00bb en plus de la prochaine pr\u00e9sentation de deux projets de loi organique relatifs \u00e0 l&rsquo;activit\u00e9 de la presse \u00e9crite et audiovisuelle devant le Parlement.La prochaine loi r\u00e9gissant le secteur de l&rsquo;audiovisuel interdira la diffusion \u00e0 toute cha\u00eene qui n&rsquo;aurait pas son agr\u00e9ment en Alg\u00e9rie ,a fait savoir Beldia Mohamed qui a, par cons\u00e9quent, appel\u00e9 les cha\u00eenes \u00e0 s&rsquo;adapter \u00e0 cette nouvelle situation et en tranchant cat\u00e9goriquement que les cha\u00eenes priv\u00e9es ne devront pas compter sur les aides de l&rsquo;Etat et les journalistes devront faire des efforts pour acc\u00e9der \u00e0 l&rsquo;information et travailler pour parvenir \u00e0 orienter l&rsquo;opinion publique.&nbsp; Un assainissement du paysage m\u00e9diatique est n\u00e9cessaire pour parvenir \u00e0 \u00e9loigner les intrus qui ne sont pas venus \u00e0 la presse pour \u00e9clairer l&rsquo;opinion publique mais pour ramasser de l&rsquo;argent\u00a0\u00bb a enfin pr\u00e9conis\u00e9 M. Beldia qui a fait savoir que la loi sur la publicit\u00e9 est encore en chantier.&nbsp;<\/p>\n\n\n\n<p><strong>Akli Amor&nbsp;<\/strong><\/p>\n","protected":false},"excerpt":{"rendered":"<p>Le d\u00e9fi relev\u00e9 par les techniciens alg\u00e9riens un certain 28 octobre 1962 en prenant avec brio les commandes de la<\/p>\n","protected":false},"author":3,"featured_media":0,"comment_status":"open","ping_status":"closed","sticky":false,"template":"","format":"standard","meta":{"colormag_page_container_layout":"default_layout","colormag_page_sidebar_layout":"default_layout","om_disable_all_campaigns":false,"_monsterinsights_skip_tracking":false,"_monsterinsights_sitenote_active":false,"_monsterinsights_sitenote_note":"","_monsterinsights_sitenote_category":0,"footnotes":"","_wpscppro_dont_share_socialmedia":false,"_wpscppro_custom_social_share_image":0,"_facebook_share_type":"","_twitter_share_type":"","_linkedin_share_type":"","_pinterest_share_type":"","_linkedin_share_type_page":"","_instagram_share_type":"","_medium_share_type":"","_threads_share_type":"","_google_business_share_type":"","_selected_social_profile":[],"_wpsp_enable_custom_social_template":false,"_wpsp_social_scheduling":{"enabled":false,"datetime":null,"platforms":[],"status":"template_only","dateOption":"today","timeOption":"now","customDays":"","customHours":"","customDate":"","customTime":"","schedulingType":"absolute"},"_wpsp_active_default_template":true},"categories":[27],"tags":[],"class_list":["post-11836","post","type-post","status-publish","format-standard","hentry","category-actualite"],"aioseo_notices":[],"yoast_head":"<!-- This site is optimized with the Yoast SEO plugin v27.5 - https:\/\/yoast.com\/product\/yoast-seo-wordpress\/ -->\n<title>D\u00e9fense des int\u00e9r\u00eats nationaux : Les m\u00e9dias en premi\u00e8re ligne - La Sentinelle<\/title>\n<meta name=\"robots\" content=\"index, follow, max-snippet:-1, max-image-preview:large, max-video-preview:-1\" \/>\n<link rel=\"canonical\" href=\"https:\/\/lasentinelle.dz\/index.php\/2021\/10\/30\/defense-des-interets-nationaux-les-medias-en-premiere-ligne\/\" \/>\n<meta property=\"og:locale\" content=\"fr_FR\" \/>\n<meta property=\"og:type\" content=\"article\" \/>\n<meta property=\"og:title\" content=\"D\u00e9fense des int\u00e9r\u00eats nationaux : Les m\u00e9dias en premi\u00e8re ligne - La Sentinelle\" \/>\n<meta property=\"og:description\" content=\"Le d\u00e9fi relev\u00e9 par les techniciens alg\u00e9riens un certain 28 octobre 1962 en prenant avec brio les commandes de la\" \/>\n<meta property=\"og:url\" content=\"https:\/\/lasentinelle.dz\/index.php\/2021\/10\/30\/defense-des-interets-nationaux-les-medias-en-premiere-ligne\/\" \/>\n<meta property=\"og:site_name\" content=\"La Sentinelle\" \/>\n<meta property=\"article:publisher\" content=\"https:\/\/www.facebook.com\/La-Sentinelle-104059864394773\" \/>\n<meta property=\"article:published_time\" content=\"2021-10-29T23:01:00+00:00\" \/>\n<meta name=\"author\" content=\"La Sentinelle\" \/>\n<meta name=\"twitter:card\" content=\"summary_large_image\" \/>\n<meta name=\"twitter:label1\" content=\"\u00c9crit par\" \/>\n\t<meta name=\"twitter:data1\" content=\"La Sentinelle\" \/>\n\t<meta name=\"twitter:label2\" content=\"Dur\u00e9e de lecture estim\u00e9e\" \/>\n\t<meta name=\"twitter:data2\" content=\"3 minutes\" \/>\n<script type=\"application\/ld+json\" class=\"yoast-schema-graph\">{\"@context\":\"https:\\\/\\\/schema.org\",\"@graph\":[{\"@type\":\"Article\",\"@id\":\"https:\\\/\\\/lasentinelle.dz\\\/index.php\\\/2021\\\/10\\\/30\\\/defense-des-interets-nationaux-les-medias-en-premiere-ligne\\\/#article\",\"isPartOf\":{\"@id\":\"https:\\\/\\\/lasentinelle.dz\\\/index.php\\\/2021\\\/10\\\/30\\\/defense-des-interets-nationaux-les-medias-en-premiere-ligne\\\/\"},\"author\":{\"name\":\"La Sentinelle\",\"@id\":\"https:\\\/\\\/lasentinelle.dz\\\/#\\\/schema\\\/person\\\/d865044e22e70a75174ce8bcad3acfb3\"},\"headline\":\"D\u00e9fense des int\u00e9r\u00eats nationaux : Les m\u00e9dias en premi\u00e8re ligne\",\"datePublished\":\"2021-10-29T23:01:00+00:00\",\"mainEntityOfPage\":{\"@id\":\"https:\\\/\\\/lasentinelle.dz\\\/index.php\\\/2021\\\/10\\\/30\\\/defense-des-interets-nationaux-les-medias-en-premiere-ligne\\\/\"},\"wordCount\":573,\"commentCount\":0,\"publisher\":{\"@id\":\"https:\\\/\\\/lasentinelle.dz\\\/#organization\"},\"articleSection\":[\"Actualit\u00e9\"],\"inLanguage\":\"fr-FR\",\"potentialAction\":[{\"@type\":\"CommentAction\",\"name\":\"Comment\",\"target\":[\"https:\\\/\\\/lasentinelle.dz\\\/index.php\\\/2021\\\/10\\\/30\\\/defense-des-interets-nationaux-les-medias-en-premiere-ligne\\\/#respond\"]}]},{\"@type\":\"WebPage\",\"@id\":\"https:\\\/\\\/lasentinelle.dz\\\/index.php\\\/2021\\\/10\\\/30\\\/defense-des-interets-nationaux-les-medias-en-premiere-ligne\\\/\",\"url\":\"https:\\\/\\\/lasentinelle.dz\\\/index.php\\\/2021\\\/10\\\/30\\\/defense-des-interets-nationaux-les-medias-en-premiere-ligne\\\/\",\"name\":\"D\u00e9fense des int\u00e9r\u00eats nationaux : Les m\u00e9dias en premi\u00e8re ligne - La Sentinelle\",\"isPartOf\":{\"@id\":\"https:\\\/\\\/lasentinelle.dz\\\/#website\"},\"datePublished\":\"2021-10-29T23:01:00+00:00\",\"breadcrumb\":{\"@id\":\"https:\\\/\\\/lasentinelle.dz\\\/index.php\\\/2021\\\/10\\\/30\\\/defense-des-interets-nationaux-les-medias-en-premiere-ligne\\\/#breadcrumb\"},\"inLanguage\":\"fr-FR\",\"potentialAction\":[{\"@type\":\"ReadAction\",\"target\":[\"https:\\\/\\\/lasentinelle.dz\\\/index.php\\\/2021\\\/10\\\/30\\\/defense-des-interets-nationaux-les-medias-en-premiere-ligne\\\/\"]}]},{\"@type\":\"BreadcrumbList\",\"@id\":\"https:\\\/\\\/lasentinelle.dz\\\/index.php\\\/2021\\\/10\\\/30\\\/defense-des-interets-nationaux-les-medias-en-premiere-ligne\\\/#breadcrumb\",\"itemListElement\":[{\"@type\":\"ListItem\",\"position\":1,\"name\":\"Accueil\",\"item\":\"https:\\\/\\\/lasentinelle.dz\\\/\"},{\"@type\":\"ListItem\",\"position\":2,\"name\":\"D\u00e9fense des int\u00e9r\u00eats nationaux : Les m\u00e9dias en premi\u00e8re ligne\"}]},{\"@type\":\"WebSite\",\"@id\":\"https:\\\/\\\/lasentinelle.dz\\\/#website\",\"url\":\"https:\\\/\\\/lasentinelle.dz\\\/\",\"name\":\"La Sentinelle\",\"description\":\"Quotidien national d&#039;information\",\"publisher\":{\"@id\":\"https:\\\/\\\/lasentinelle.dz\\\/#organization\"},\"potentialAction\":[{\"@type\":\"SearchAction\",\"target\":{\"@type\":\"EntryPoint\",\"urlTemplate\":\"https:\\\/\\\/lasentinelle.dz\\\/?s={search_term_string}\"},\"query-input\":{\"@type\":\"PropertyValueSpecification\",\"valueRequired\":true,\"valueName\":\"search_term_string\"}}],\"inLanguage\":\"fr-FR\"},{\"@type\":\"Organization\",\"@id\":\"https:\\\/\\\/lasentinelle.dz\\\/#organization\",\"name\":\"Quotidien La Sentinelle\",\"url\":\"https:\\\/\\\/lasentinelle.dz\\\/\",\"logo\":{\"@type\":\"ImageObject\",\"inLanguage\":\"fr-FR\",\"@id\":\"https:\\\/\\\/lasentinelle.dz\\\/#\\\/schema\\\/logo\\\/image\\\/\",\"url\":\"https:\\\/\\\/lasentinelle.dz\\\/wp-content\\\/uploads\\\/2021\\\/09\\\/logo-sentinelleSLOGAN-1.png\",\"contentUrl\":\"https:\\\/\\\/lasentinelle.dz\\\/wp-content\\\/uploads\\\/2021\\\/09\\\/logo-sentinelleSLOGAN-1.png\",\"width\":615,\"height\":142,\"caption\":\"Quotidien La Sentinelle\"},\"image\":{\"@id\":\"https:\\\/\\\/lasentinelle.dz\\\/#\\\/schema\\\/logo\\\/image\\\/\"},\"sameAs\":[\"https:\\\/\\\/www.facebook.com\\\/La-Sentinelle-104059864394773\"]},{\"@type\":\"Person\",\"@id\":\"https:\\\/\\\/lasentinelle.dz\\\/#\\\/schema\\\/person\\\/d865044e22e70a75174ce8bcad3acfb3\",\"name\":\"La Sentinelle\",\"image\":{\"@type\":\"ImageObject\",\"inLanguage\":\"fr-FR\",\"@id\":\"https:\\\/\\\/secure.gravatar.com\\\/avatar\\\/57de8e5d4b15d43fb361a71fbb36338450fe67865b528a43dd10ef7c51a20392?s=96&d=mm&r=g\",\"url\":\"https:\\\/\\\/secure.gravatar.com\\\/avatar\\\/57de8e5d4b15d43fb361a71fbb36338450fe67865b528a43dd10ef7c51a20392?s=96&d=mm&r=g\",\"contentUrl\":\"https:\\\/\\\/secure.gravatar.com\\\/avatar\\\/57de8e5d4b15d43fb361a71fbb36338450fe67865b528a43dd10ef7c51a20392?s=96&d=mm&r=g\",\"caption\":\"La Sentinelle\"},\"sameAs\":[\"http:\\\/\\\/www.lasentinelle.dz\"],\"url\":\"https:\\\/\\\/lasentinelle.dz\\\/author\\\/redaction\\\/\"}]}<\/script>\n<!-- \/ Yoast SEO plugin. -->","yoast_head_json":{"title":"D\u00e9fense des int\u00e9r\u00eats nationaux : Les m\u00e9dias en premi\u00e8re ligne - La Sentinelle","robots":{"index":"index","follow":"follow","max-snippet":"max-snippet:-1","max-image-preview":"max-image-preview:large","max-video-preview":"max-video-preview:-1"},"canonical":"https:\/\/lasentinelle.dz\/index.php\/2021\/10\/30\/defense-des-interets-nationaux-les-medias-en-premiere-ligne\/","og_locale":"fr_FR","og_type":"article","og_title":"D\u00e9fense des int\u00e9r\u00eats nationaux : Les m\u00e9dias en premi\u00e8re ligne - La Sentinelle","og_description":"Le d\u00e9fi relev\u00e9 par les techniciens alg\u00e9riens un certain 28 octobre 1962 en prenant avec brio les commandes de la","og_url":"https:\/\/lasentinelle.dz\/index.php\/2021\/10\/30\/defense-des-interets-nationaux-les-medias-en-premiere-ligne\/","og_site_name":"La Sentinelle","article_publisher":"https:\/\/www.facebook.com\/La-Sentinelle-104059864394773","article_published_time":"2021-10-29T23:01:00+00:00","author":"La Sentinelle","twitter_card":"summary_large_image","twitter_misc":{"\u00c9crit par":"La Sentinelle","Dur\u00e9e de lecture estim\u00e9e":"3 minutes"},"schema":{"@context":"https:\/\/schema.org","@graph":[{"@type":"Article","@id":"https:\/\/lasentinelle.dz\/index.php\/2021\/10\/30\/defense-des-interets-nationaux-les-medias-en-premiere-ligne\/#article","isPartOf":{"@id":"https:\/\/lasentinelle.dz\/index.php\/2021\/10\/30\/defense-des-interets-nationaux-les-medias-en-premiere-ligne\/"},"author":{"name":"La Sentinelle","@id":"https:\/\/lasentinelle.dz\/#\/schema\/person\/d865044e22e70a75174ce8bcad3acfb3"},"headline":"D\u00e9fense des int\u00e9r\u00eats nationaux : Les m\u00e9dias en premi\u00e8re ligne","datePublished":"2021-10-29T23:01:00+00:00","mainEntityOfPage":{"@id":"https:\/\/lasentinelle.dz\/index.php\/2021\/10\/30\/defense-des-interets-nationaux-les-medias-en-premiere-ligne\/"},"wordCount":573,"commentCount":0,"publisher":{"@id":"https:\/\/lasentinelle.dz\/#organization"},"articleSection":["Actualit\u00e9"],"inLanguage":"fr-FR","potentialAction":[{"@type":"CommentAction","name":"Comment","target":["https:\/\/lasentinelle.dz\/index.php\/2021\/10\/30\/defense-des-interets-nationaux-les-medias-en-premiere-ligne\/#respond"]}]},{"@type":"WebPage","@id":"https:\/\/lasentinelle.dz\/index.php\/2021\/10\/30\/defense-des-interets-nationaux-les-medias-en-premiere-ligne\/","url":"https:\/\/lasentinelle.dz\/index.php\/2021\/10\/30\/defense-des-interets-nationaux-les-medias-en-premiere-ligne\/","name":"D\u00e9fense des int\u00e9r\u00eats nationaux : Les m\u00e9dias en premi\u00e8re ligne - La Sentinelle","isPartOf":{"@id":"https:\/\/lasentinelle.dz\/#website"},"datePublished":"2021-10-29T23:01:00+00:00","breadcrumb":{"@id":"https:\/\/lasentinelle.dz\/index.php\/2021\/10\/30\/defense-des-interets-nationaux-les-medias-en-premiere-ligne\/#breadcrumb"},"inLanguage":"fr-FR","potentialAction":[{"@type":"ReadAction","target":["https:\/\/lasentinelle.dz\/index.php\/2021\/10\/30\/defense-des-interets-nationaux-les-medias-en-premiere-ligne\/"]}]},{"@type":"BreadcrumbList","@id":"https:\/\/lasentinelle.dz\/index.php\/2021\/10\/30\/defense-des-interets-nationaux-les-medias-en-premiere-ligne\/#breadcrumb","itemListElement":[{"@type":"ListItem","position":1,"name":"Accueil","item":"https:\/\/lasentinelle.dz\/"},{"@type":"ListItem","position":2,"name":"D\u00e9fense des int\u00e9r\u00eats nationaux : Les m\u00e9dias en premi\u00e8re ligne"}]},{"@type":"WebSite","@id":"https:\/\/lasentinelle.dz\/#website","url":"https:\/\/lasentinelle.dz\/","name":"La Sentinelle","description":"Quotidien national d&#039;information","publisher":{"@id":"https:\/\/lasentinelle.dz\/#organization"},"potentialAction":[{"@type":"SearchAction","target":{"@type":"EntryPoint","urlTemplate":"https:\/\/lasentinelle.dz\/?s={search_term_string}"},"query-input":{"@type":"PropertyValueSpecification","valueRequired":true,"valueName":"search_term_string"}}],"inLanguage":"fr-FR"},{"@type":"Organization","@id":"https:\/\/lasentinelle.dz\/#organization","name":"Quotidien La Sentinelle","url":"https:\/\/lasentinelle.dz\/","logo":{"@type":"ImageObject","inLanguage":"fr-FR","@id":"https:\/\/lasentinelle.dz\/#\/schema\/logo\/image\/","url":"https:\/\/lasentinelle.dz\/wp-content\/uploads\/2021\/09\/logo-sentinelleSLOGAN-1.png","contentUrl":"https:\/\/lasentinelle.dz\/wp-content\/uploads\/2021\/09\/logo-sentinelleSLOGAN-1.png","width":615,"height":142,"caption":"Quotidien La Sentinelle"},"image":{"@id":"https:\/\/lasentinelle.dz\/#\/schema\/logo\/image\/"},"sameAs":["https:\/\/www.facebook.com\/La-Sentinelle-104059864394773"]},{"@type":"Person","@id":"https:\/\/lasentinelle.dz\/#\/schema\/person\/d865044e22e70a75174ce8bcad3acfb3","name":"La Sentinelle","image":{"@type":"ImageObject","inLanguage":"fr-FR","@id":"https:\/\/secure.gravatar.com\/avatar\/57de8e5d4b15d43fb361a71fbb36338450fe67865b528a43dd10ef7c51a20392?s=96&d=mm&r=g","url":"https:\/\/secure.gravatar.com\/avatar\/57de8e5d4b15d43fb361a71fbb36338450fe67865b528a43dd10ef7c51a20392?s=96&d=mm&r=g","contentUrl":"https:\/\/secure.gravatar.com\/avatar\/57de8e5d4b15d43fb361a71fbb36338450fe67865b528a43dd10ef7c51a20392?s=96&d=mm&r=g","caption":"La Sentinelle"},"sameAs":["http:\/\/www.lasentinelle.dz"],"url":"https:\/\/lasentinelle.dz\/author\/redaction\/"}]}},"_links":{"self":[{"href":"https:\/\/lasentinelle.dz\/index.php\/wp-json\/wp\/v2\/posts\/11836","targetHints":{"allow":["GET"]}}],"collection":[{"href":"https:\/\/lasentinelle.dz\/index.php\/wp-json\/wp\/v2\/posts"}],"about":[{"href":"https:\/\/lasentinelle.dz\/index.php\/wp-json\/wp\/v2\/types\/post"}],"author":[{"embeddable":true,"href":"https:\/\/lasentinelle.dz\/index.php\/wp-json\/wp\/v2\/users\/3"}],"replies":[{"embeddable":true,"href":"https:\/\/lasentinelle.dz\/index.php\/wp-json\/wp\/v2\/comments?post=11836"}],"version-history":[{"count":1,"href":"https:\/\/lasentinelle.dz\/index.php\/wp-json\/wp\/v2\/posts\/11836\/revisions"}],"predecessor-version":[{"id":11845,"href":"https:\/\/lasentinelle.dz\/index.php\/wp-json\/wp\/v2\/posts\/11836\/revisions\/11845"}],"wp:attachment":[{"href":"https:\/\/lasentinelle.dz\/index.php\/wp-json\/wp\/v2\/media?parent=11836"}],"wp:term":[{"taxonomy":"category","embeddable":true,"href":"https:\/\/lasentinelle.dz\/index.php\/wp-json\/wp\/v2\/categories?post=11836"},{"taxonomy":"post_tag","embeddable":true,"href":"https:\/\/lasentinelle.dz\/index.php\/wp-json\/wp\/v2\/tags?post=11836"}],"curies":[{"name":"wp","href":"https:\/\/api.w.org\/{rel}","templated":true}]}}