{"id":11842,"date":"2021-10-30T00:05:00","date_gmt":"2021-10-29T23:05:00","guid":{"rendered":"https:\/\/lasentinelle.dz\/?p=11842"},"modified":"2021-10-29T18:11:07","modified_gmt":"2021-10-29T17:11:07","slug":"commemoration-du-67e-anniversaire-du-declenchement-de-la-revolution-de-novembre-une-memoire-a-perpetuer","status":"publish","type":"post","link":"https:\/\/lasentinelle.dz\/index.php\/2021\/10\/30\/commemoration-du-67e-anniversaire-du-declenchement-de-la-revolution-de-novembre-une-memoire-a-perpetuer\/","title":{"rendered":"Comm\u00e9moration du 67e anniversaire du d\u00e9clenchement de la r\u00e9volution de Novembre : Une m\u00e9moire \u00e0 perp\u00e9tuer"},"content":{"rendered":"\n<p>La comm\u00e9moration du 67e anniversaire du d\u00e9clenchement de la r\u00e9volution nationale, intervient cette ann\u00e9e dans un contexte marqu\u00e9 par une s\u00e9rie d\u2019attaques&nbsp; aux relents racistes et auxquelles fait l\u2019objet le pays, lesquelles attaques venant de l\u2019ancien pays colonisateur.<\/p>\n\n\n\n<p>C\u2019est face \u00e0 ce discours de d\u00e9ni, incessant que le peuple alg\u00e9rien a toujours affich\u00e9 son attachement visc\u00e9ral \u00e0 sa patrie et \u00e0 sa m\u00e9moire collective faisant rappeler \u00e0 l\u2019ancien colonisateur ses crimes de guerre et contre l\u2019humanit\u00e9 dont il est coupable durant toute sa pr\u00e9sence en Alg\u00e9rie. Et c\u2019est dans cette m\u00e9moire collective que la Nation alg\u00e9rienne trouve sa force et les ressorts n\u00e9cessaires pour se soulever et arracher son ind\u00e9pendance en 1962 apr\u00e8s une lutte arm\u00e9e de sept longues et douloureuses ann\u00e9es marqu\u00e9es d\u2019incommensurables sacrifices.<\/p>\n\n\n\n<p>La France coloniale a eu&nbsp; recours 132 ann\u00e9es durant, \u00e0 des crimes de guerre, bas\u00e9 sur une volont\u00e9 de proc\u00e9der \u00e0 une purification ethnique en vue de remplacer les populations autochtones par des apports de populations \u00e9trang\u00e8res.<\/p>\n\n\n\n<p>Selon des chercheurs et des historiens, le nombre d\u2019Alg\u00e9riens massacr\u00e9s durant toute la p\u00e9riode coloniale, d\u00e9passe les cinq millions et de demi soit plus de la moiti\u00e9 du nombre de&nbsp; la population de l\u2019\u00e9poque a \u00e9t\u00e9 tu\u00e9e. Cette comm\u00e9moration du 67e anniversaire du d\u00e9clenchement de la lutte lib\u00e9ratrice, intervient \u00e9galement dans le sillage de la comm\u00e9moration des massacres du 17octobre 1961. Date \u00e0 laquelle Maurice Papon, pr\u00e9fet de Paris avait ordonn\u00e9 le massacre des Alg\u00e9riens venus manifester pacifiquement dans la capitale Fran\u00e7aise, leur soutien \u00e0 la r\u00e9volution et ses dirigeants r\u00e9unis autour du FLN\/ALN r\u00e9volutionnaires.<\/p>\n\n\n\n<p>Des alg\u00e9riens froidement ex\u00e9cut\u00e9s par balle et d\u2019autres noy\u00e9s dans la Seine ou battus \u00e0 mort, comme t\u00e9moignent des survivants \u00e0 ces massacres mais aussi d\u2019anciens&nbsp; policiers de Paris, pr\u00e9sents ce jour l\u00e0.<\/p>\n\n\n\n<p>L\u2019ancien responsable du FLN dans la r\u00e9gion nord de Paris durant la r\u00e9volution, Mohamed Ghafir, estime le nombre de victimes le 17 octobre 1961 \u00e0 un millier. De nombreux historiens Alg\u00e9riens et Fran\u00e7ais, r\u00e9clament \u00e0 la France officielle de reconnaitre ces massacres comme \u00e9tant un crime d\u2019Etat.<\/p>\n\n\n\n<p>Pour rappel, le pr\u00e9sident de la R\u00e9publique, Abdelmadjid Tebboune, lors de sa derni\u00e8re rencontre&nbsp; p\u00e9riodique avec des repr\u00e9sentants,&nbsp; a affirm\u00e9 que \u00ab La France a commis durant la colonisation, des crimes \u00e0 l\u2019encontre du peuple Alg\u00e9rien que les paroles ne sauraient occulter \u00bb en r\u00e9f\u00e9rence \u00e0 des propos tenus par le pr\u00e9sident Fran\u00e7ais Emmanuel Macron.<\/p>\n\n\n\n<p>Le chef de l\u2019Etat, avait d\u00e9cr\u00e9t\u00e9 la veille de la comm\u00e9moration des massacres du 17octobre 1961, l\u2019observation d\u2019une minute de silence le 17 octobre de chaque ann\u00e9e \u00e0 11h, \u00e0 travers l\u2019ensemble du territoire national, \u00e0 la m\u00e9moire des chouhadas tomb\u00e9s lors de ces tragiques \u00e9v\u00e9nements.<\/p>\n\n\n\n<p>En r\u00e9ponse aux propos tenus par le chef de l\u2019Etat Fran\u00e7ais, l\u2019Alg\u00e9rie a rappel\u00e9 son ambassadeur \u00e0 Paris, et le pr\u00e9sident Abdelmadjid Tebboune avait lors de cette rencontre avec les m\u00e9dias conditionn\u00e9 le retour de l\u2019ambassadeur Alg\u00e9rien dans la capitale Fran\u00e7aise par \u00ab le respect total de l\u2019Etat Alg\u00e9rien \u00bb, soulignant que \u00ab la France doit oublier que l\u2019Alg\u00e9rie \u00e9tait une colonie \u00bb.<\/p>\n\n\n\n<p>Pour rappel, le pr\u00e9sident Abdelmadjid Tebboune avait institu\u00e9 en 2020, la journ\u00e9e nationale de la m\u00e9moire \u00e0 l\u2019occasion du 75e anniversaire des massacres du 8 mai 1945, afin de pr\u00e9server cette m\u00e9moire, \u00e9l\u00e9ment d\u00e9terminant de l\u2019identit\u00e9 nationale, de toute alt\u00e9ration et de la transmettre aux g\u00e9n\u00e9rations futures.<\/p>\n\n\n\n<p>Le 8 mai 1945, les Fran\u00e7ais au m\u00eame titre que les pays alli\u00e9s c\u00e9l\u00e9braient la victoire sur l\u2019Allemagne Nazie, marquant la fin de la deuxi\u00e8me guerre mondiale (1939-1945), des dizaines de milliers d\u2019Alg\u00e9riens avaient investi les rues de S\u00e9tif, Guelma, Kherata\u2026pour revendiquer pacifiquement l\u2019ind\u00e9pendance de leur pays, comme l\u2019avait promis la France s\u2019ils la soutenaient dans son combat contre le nazisme. Mais la r\u00e9ponse du gouvernement Fran\u00e7ais, fut terrible marqu\u00e9e par une brutalit\u00e9 d\u00e9passant l\u2019entendement ayant caus\u00e9 la mort de plus de 45000 Alg\u00e9riens, assassin\u00e9s par les forces de s\u00e9curit\u00e9s du pays colonisateur.<\/p>\n\n\n\n<p>Ce sont ces massacres qui ont constitu\u00e9 le tournant d\u00e9cisif dans le parcours du mouvement National et la prise de conscience que seule la lutte arm\u00e9e pouvait lib\u00e9rer l\u2019Alg\u00e9rie.<\/p>\n\n\n\n<p>En plus de l\u2019institution de cette journ\u00e9e du 8mai, comme journ\u00e9e d\u00e9di\u00e9e \u00e0 la m\u00e9moire nationale, une chaine de t\u00e9l\u00e9vision publique sp\u00e9cialis\u00e9e dans l\u2019histoire ayant pour&nbsp; vocation la pr\u00e9servation de la m\u00e9moire nationale en vue de la transmettre aux g\u00e9n\u00e9rations actuelles et&nbsp; futures, a d\u00e9but\u00e9 la diffusion de ses programmes depuis l\u2019ann\u00e9e pass\u00e9e.<\/p>\n\n\n\n<p>Le dossier relatif \u00e0 la m\u00e9moire nationale concernant la p\u00e9riode coloniale et de la guerre de lib\u00e9ration nationale rev\u00eat une grande importance pour l\u2019Alg\u00e9rie qui exige la reconnaissance des crimes coloniaux et le pr\u00e9sident&nbsp; Abdelmadjid Tebboune a affirm\u00e9 \u00e0 ce propos que \u00ab cette question hypoth\u00e8que beaucoup de choses dans les relations bilat\u00e9rales \u00bb entre l\u2019Alg\u00e9rie et la France.<\/p>\n\n\n\n<p>Un dossier qui renferme \u00e9galement les questions de la restitution de la totalit\u00e9&nbsp; des archives de l\u2019Alg\u00e9rie transf\u00e9r\u00e9es vers la France, des explosions nucl\u00e9aires dans le sud du pays et des disparus durant la guerre de lib\u00e9ration nationale.<\/p>\n\n\n\n<p><strong>B. Amrani<\/strong><\/p>\n","protected":false},"excerpt":{"rendered":"<p>La comm\u00e9moration du 67e anniversaire du d\u00e9clenchement de la r\u00e9volution nationale, intervient cette ann\u00e9e dans un contexte marqu\u00e9 par une<\/p>\n","protected":false},"author":3,"featured_media":11843,"comment_status":"open","ping_status":"closed","sticky":false,"template":"","format":"standard","meta":{"colormag_page_container_layout":"default_layout","colormag_page_sidebar_layout":"default_layout","om_disable_all_campaigns":false,"_monsterinsights_skip_tracking":false,"_monsterinsights_sitenote_active":false,"_monsterinsights_sitenote_note":"","_monsterinsights_sitenote_category":0,"footnotes":"","_wpscppro_dont_share_socialmedia":false,"_wpscppro_custom_social_share_image":0,"_facebook_share_type":"","_twitter_share_type":"","_linkedin_share_type":"","_pinterest_share_type":"","_linkedin_share_type_page":"","_instagram_share_type":"","_medium_share_type":"","_threads_share_type":"","_google_business_share_type":"","_selected_social_profile":[],"_wpsp_enable_custom_social_template":false,"_wpsp_social_scheduling":{"enabled":false,"datetime":null,"platforms":[],"status":"template_only","dateOption":"today","timeOption":"now","customDays":"","customHours":"","customDate":"","customTime":"","schedulingType":"absolute"},"_wpsp_active_default_template":true},"categories":[52,27],"tags":[],"class_list":["post-11842","post","type-post","status-publish","format-standard","has-post-thumbnail","hentry","category-a-la-une","category-actualite"],"aioseo_notices":[],"yoast_head":"<!-- This site is optimized with the Yoast SEO plugin v27.5 - https:\/\/yoast.com\/product\/yoast-seo-wordpress\/ -->\n<title>Comm\u00e9moration du 67e anniversaire du d\u00e9clenchement de la r\u00e9volution de Novembre : Une m\u00e9moire \u00e0 perp\u00e9tuer - La Sentinelle<\/title>\n<meta name=\"robots\" content=\"index, follow, max-snippet:-1, max-image-preview:large, max-video-preview:-1\" \/>\n<link rel=\"canonical\" href=\"https:\/\/lasentinelle.dz\/index.php\/2021\/10\/30\/commemoration-du-67e-anniversaire-du-declenchement-de-la-revolution-de-novembre-une-memoire-a-perpetuer\/\" \/>\n<meta property=\"og:locale\" content=\"fr_FR\" \/>\n<meta property=\"og:type\" content=\"article\" \/>\n<meta property=\"og:title\" content=\"Comm\u00e9moration du 67e anniversaire du d\u00e9clenchement de la r\u00e9volution de Novembre : Une m\u00e9moire \u00e0 perp\u00e9tuer - La Sentinelle\" \/>\n<meta property=\"og:description\" content=\"La comm\u00e9moration du 67e anniversaire du d\u00e9clenchement de la r\u00e9volution nationale, intervient cette ann\u00e9e dans un contexte marqu\u00e9 par une\" \/>\n<meta property=\"og:url\" content=\"https:\/\/lasentinelle.dz\/index.php\/2021\/10\/30\/commemoration-du-67e-anniversaire-du-declenchement-de-la-revolution-de-novembre-une-memoire-a-perpetuer\/\" \/>\n<meta property=\"og:site_name\" content=\"La Sentinelle\" \/>\n<meta property=\"article:publisher\" content=\"https:\/\/www.facebook.com\/La-Sentinelle-104059864394773\" \/>\n<meta property=\"article:published_time\" content=\"2021-10-29T23:05:00+00:00\" \/>\n<meta property=\"og:image\" content=\"https:\/\/lasentinelle.dz\/wp-content\/uploads\/2021\/10\/image_2021-10-29_171413.png\" \/>\n\t<meta property=\"og:image:width\" content=\"512\" \/>\n\t<meta property=\"og:image:height\" content=\"318\" \/>\n\t<meta property=\"og:image:type\" content=\"image\/png\" \/>\n<meta name=\"author\" content=\"La Sentinelle\" \/>\n<meta name=\"twitter:card\" content=\"summary_large_image\" \/>\n<meta name=\"twitter:label1\" content=\"\u00c9crit par\" \/>\n\t<meta name=\"twitter:data1\" content=\"La Sentinelle\" \/>\n\t<meta name=\"twitter:label2\" content=\"Dur\u00e9e de lecture estim\u00e9e\" \/>\n\t<meta name=\"twitter:data2\" content=\"4 minutes\" \/>\n<script type=\"application\/ld+json\" class=\"yoast-schema-graph\">{\"@context\":\"https:\\\/\\\/schema.org\",\"@graph\":[{\"@type\":\"Article\",\"@id\":\"https:\\\/\\\/lasentinelle.dz\\\/index.php\\\/2021\\\/10\\\/30\\\/commemoration-du-67e-anniversaire-du-declenchement-de-la-revolution-de-novembre-une-memoire-a-perpetuer\\\/#article\",\"isPartOf\":{\"@id\":\"https:\\\/\\\/lasentinelle.dz\\\/index.php\\\/2021\\\/10\\\/30\\\/commemoration-du-67e-anniversaire-du-declenchement-de-la-revolution-de-novembre-une-memoire-a-perpetuer\\\/\"},\"author\":{\"name\":\"La Sentinelle\",\"@id\":\"https:\\\/\\\/lasentinelle.dz\\\/#\\\/schema\\\/person\\\/d865044e22e70a75174ce8bcad3acfb3\"},\"headline\":\"Comm\u00e9moration du 67e anniversaire du d\u00e9clenchement de la r\u00e9volution de Novembre : Une m\u00e9moire \u00e0 perp\u00e9tuer\",\"datePublished\":\"2021-10-29T23:05:00+00:00\",\"mainEntityOfPage\":{\"@id\":\"https:\\\/\\\/lasentinelle.dz\\\/index.php\\\/2021\\\/10\\\/30\\\/commemoration-du-67e-anniversaire-du-declenchement-de-la-revolution-de-novembre-une-memoire-a-perpetuer\\\/\"},\"wordCount\":984,\"commentCount\":0,\"publisher\":{\"@id\":\"https:\\\/\\\/lasentinelle.dz\\\/#organization\"},\"image\":{\"@id\":\"https:\\\/\\\/lasentinelle.dz\\\/index.php\\\/2021\\\/10\\\/30\\\/commemoration-du-67e-anniversaire-du-declenchement-de-la-revolution-de-novembre-une-memoire-a-perpetuer\\\/#primaryimage\"},\"thumbnailUrl\":\"https:\\\/\\\/lasentinelle.dz\\\/wp-content\\\/uploads\\\/2021\\\/10\\\/image_2021-10-29_171413.png\",\"articleSection\":[\"\u00c0 la Une\",\"Actualit\u00e9\"],\"inLanguage\":\"fr-FR\",\"potentialAction\":[{\"@type\":\"CommentAction\",\"name\":\"Comment\",\"target\":[\"https:\\\/\\\/lasentinelle.dz\\\/index.php\\\/2021\\\/10\\\/30\\\/commemoration-du-67e-anniversaire-du-declenchement-de-la-revolution-de-novembre-une-memoire-a-perpetuer\\\/#respond\"]}]},{\"@type\":\"WebPage\",\"@id\":\"https:\\\/\\\/lasentinelle.dz\\\/index.php\\\/2021\\\/10\\\/30\\\/commemoration-du-67e-anniversaire-du-declenchement-de-la-revolution-de-novembre-une-memoire-a-perpetuer\\\/\",\"url\":\"https:\\\/\\\/lasentinelle.dz\\\/index.php\\\/2021\\\/10\\\/30\\\/commemoration-du-67e-anniversaire-du-declenchement-de-la-revolution-de-novembre-une-memoire-a-perpetuer\\\/\",\"name\":\"Comm\u00e9moration du 67e anniversaire du d\u00e9clenchement de la r\u00e9volution de Novembre : Une m\u00e9moire \u00e0 perp\u00e9tuer - La Sentinelle\",\"isPartOf\":{\"@id\":\"https:\\\/\\\/lasentinelle.dz\\\/#website\"},\"primaryImageOfPage\":{\"@id\":\"https:\\\/\\\/lasentinelle.dz\\\/index.php\\\/2021\\\/10\\\/30\\\/commemoration-du-67e-anniversaire-du-declenchement-de-la-revolution-de-novembre-une-memoire-a-perpetuer\\\/#primaryimage\"},\"image\":{\"@id\":\"https:\\\/\\\/lasentinelle.dz\\\/index.php\\\/2021\\\/10\\\/30\\\/commemoration-du-67e-anniversaire-du-declenchement-de-la-revolution-de-novembre-une-memoire-a-perpetuer\\\/#primaryimage\"},\"thumbnailUrl\":\"https:\\\/\\\/lasentinelle.dz\\\/wp-content\\\/uploads\\\/2021\\\/10\\\/image_2021-10-29_171413.png\",\"datePublished\":\"2021-10-29T23:05:00+00:00\",\"breadcrumb\":{\"@id\":\"https:\\\/\\\/lasentinelle.dz\\\/index.php\\\/2021\\\/10\\\/30\\\/commemoration-du-67e-anniversaire-du-declenchement-de-la-revolution-de-novembre-une-memoire-a-perpetuer\\\/#breadcrumb\"},\"inLanguage\":\"fr-FR\",\"potentialAction\":[{\"@type\":\"ReadAction\",\"target\":[\"https:\\\/\\\/lasentinelle.dz\\\/index.php\\\/2021\\\/10\\\/30\\\/commemoration-du-67e-anniversaire-du-declenchement-de-la-revolution-de-novembre-une-memoire-a-perpetuer\\\/\"]}]},{\"@type\":\"ImageObject\",\"inLanguage\":\"fr-FR\",\"@id\":\"https:\\\/\\\/lasentinelle.dz\\\/index.php\\\/2021\\\/10\\\/30\\\/commemoration-du-67e-anniversaire-du-declenchement-de-la-revolution-de-novembre-une-memoire-a-perpetuer\\\/#primaryimage\",\"url\":\"https:\\\/\\\/lasentinelle.dz\\\/wp-content\\\/uploads\\\/2021\\\/10\\\/image_2021-10-29_171413.png\",\"contentUrl\":\"https:\\\/\\\/lasentinelle.dz\\\/wp-content\\\/uploads\\\/2021\\\/10\\\/image_2021-10-29_171413.png\",\"width\":512,\"height\":318},{\"@type\":\"BreadcrumbList\",\"@id\":\"https:\\\/\\\/lasentinelle.dz\\\/index.php\\\/2021\\\/10\\\/30\\\/commemoration-du-67e-anniversaire-du-declenchement-de-la-revolution-de-novembre-une-memoire-a-perpetuer\\\/#breadcrumb\",\"itemListElement\":[{\"@type\":\"ListItem\",\"position\":1,\"name\":\"Accueil\",\"item\":\"https:\\\/\\\/lasentinelle.dz\\\/\"},{\"@type\":\"ListItem\",\"position\":2,\"name\":\"Comm\u00e9moration du 67e anniversaire du d\u00e9clenchement de la r\u00e9volution de Novembre : Une m\u00e9moire \u00e0 perp\u00e9tuer\"}]},{\"@type\":\"WebSite\",\"@id\":\"https:\\\/\\\/lasentinelle.dz\\\/#website\",\"url\":\"https:\\\/\\\/lasentinelle.dz\\\/\",\"name\":\"La Sentinelle\",\"description\":\"Quotidien national d&#039;information\",\"publisher\":{\"@id\":\"https:\\\/\\\/lasentinelle.dz\\\/#organization\"},\"potentialAction\":[{\"@type\":\"SearchAction\",\"target\":{\"@type\":\"EntryPoint\",\"urlTemplate\":\"https:\\\/\\\/lasentinelle.dz\\\/?s={search_term_string}\"},\"query-input\":{\"@type\":\"PropertyValueSpecification\",\"valueRequired\":true,\"valueName\":\"search_term_string\"}}],\"inLanguage\":\"fr-FR\"},{\"@type\":\"Organization\",\"@id\":\"https:\\\/\\\/lasentinelle.dz\\\/#organization\",\"name\":\"Quotidien La Sentinelle\",\"url\":\"https:\\\/\\\/lasentinelle.dz\\\/\",\"logo\":{\"@type\":\"ImageObject\",\"inLanguage\":\"fr-FR\",\"@id\":\"https:\\\/\\\/lasentinelle.dz\\\/#\\\/schema\\\/logo\\\/image\\\/\",\"url\":\"https:\\\/\\\/lasentinelle.dz\\\/wp-content\\\/uploads\\\/2021\\\/09\\\/logo-sentinelleSLOGAN-1.png\",\"contentUrl\":\"https:\\\/\\\/lasentinelle.dz\\\/wp-content\\\/uploads\\\/2021\\\/09\\\/logo-sentinelleSLOGAN-1.png\",\"width\":615,\"height\":142,\"caption\":\"Quotidien La Sentinelle\"},\"image\":{\"@id\":\"https:\\\/\\\/lasentinelle.dz\\\/#\\\/schema\\\/logo\\\/image\\\/\"},\"sameAs\":[\"https:\\\/\\\/www.facebook.com\\\/La-Sentinelle-104059864394773\"]},{\"@type\":\"Person\",\"@id\":\"https:\\\/\\\/lasentinelle.dz\\\/#\\\/schema\\\/person\\\/d865044e22e70a75174ce8bcad3acfb3\",\"name\":\"La Sentinelle\",\"image\":{\"@type\":\"ImageObject\",\"inLanguage\":\"fr-FR\",\"@id\":\"https:\\\/\\\/secure.gravatar.com\\\/avatar\\\/57de8e5d4b15d43fb361a71fbb36338450fe67865b528a43dd10ef7c51a20392?s=96&d=mm&r=g\",\"url\":\"https:\\\/\\\/secure.gravatar.com\\\/avatar\\\/57de8e5d4b15d43fb361a71fbb36338450fe67865b528a43dd10ef7c51a20392?s=96&d=mm&r=g\",\"contentUrl\":\"https:\\\/\\\/secure.gravatar.com\\\/avatar\\\/57de8e5d4b15d43fb361a71fbb36338450fe67865b528a43dd10ef7c51a20392?s=96&d=mm&r=g\",\"caption\":\"La Sentinelle\"},\"sameAs\":[\"http:\\\/\\\/www.lasentinelle.dz\"],\"url\":\"https:\\\/\\\/lasentinelle.dz\\\/author\\\/redaction\\\/\"}]}<\/script>\n<!-- \/ Yoast SEO plugin. -->","yoast_head_json":{"title":"Comm\u00e9moration du 67e anniversaire du d\u00e9clenchement de la r\u00e9volution de Novembre : Une m\u00e9moire \u00e0 perp\u00e9tuer - La Sentinelle","robots":{"index":"index","follow":"follow","max-snippet":"max-snippet:-1","max-image-preview":"max-image-preview:large","max-video-preview":"max-video-preview:-1"},"canonical":"https:\/\/lasentinelle.dz\/index.php\/2021\/10\/30\/commemoration-du-67e-anniversaire-du-declenchement-de-la-revolution-de-novembre-une-memoire-a-perpetuer\/","og_locale":"fr_FR","og_type":"article","og_title":"Comm\u00e9moration du 67e anniversaire du d\u00e9clenchement de la r\u00e9volution de Novembre : Une m\u00e9moire \u00e0 perp\u00e9tuer - La Sentinelle","og_description":"La comm\u00e9moration du 67e anniversaire du d\u00e9clenchement de la r\u00e9volution nationale, intervient cette ann\u00e9e dans un contexte marqu\u00e9 par une","og_url":"https:\/\/lasentinelle.dz\/index.php\/2021\/10\/30\/commemoration-du-67e-anniversaire-du-declenchement-de-la-revolution-de-novembre-une-memoire-a-perpetuer\/","og_site_name":"La Sentinelle","article_publisher":"https:\/\/www.facebook.com\/La-Sentinelle-104059864394773","article_published_time":"2021-10-29T23:05:00+00:00","og_image":[{"width":512,"height":318,"url":"https:\/\/lasentinelle.dz\/wp-content\/uploads\/2021\/10\/image_2021-10-29_171413.png","type":"image\/png"}],"author":"La Sentinelle","twitter_card":"summary_large_image","twitter_misc":{"\u00c9crit par":"La Sentinelle","Dur\u00e9e de lecture estim\u00e9e":"4 minutes"},"schema":{"@context":"https:\/\/schema.org","@graph":[{"@type":"Article","@id":"https:\/\/lasentinelle.dz\/index.php\/2021\/10\/30\/commemoration-du-67e-anniversaire-du-declenchement-de-la-revolution-de-novembre-une-memoire-a-perpetuer\/#article","isPartOf":{"@id":"https:\/\/lasentinelle.dz\/index.php\/2021\/10\/30\/commemoration-du-67e-anniversaire-du-declenchement-de-la-revolution-de-novembre-une-memoire-a-perpetuer\/"},"author":{"name":"La Sentinelle","@id":"https:\/\/lasentinelle.dz\/#\/schema\/person\/d865044e22e70a75174ce8bcad3acfb3"},"headline":"Comm\u00e9moration du 67e anniversaire du d\u00e9clenchement de la r\u00e9volution de Novembre : Une m\u00e9moire \u00e0 perp\u00e9tuer","datePublished":"2021-10-29T23:05:00+00:00","mainEntityOfPage":{"@id":"https:\/\/lasentinelle.dz\/index.php\/2021\/10\/30\/commemoration-du-67e-anniversaire-du-declenchement-de-la-revolution-de-novembre-une-memoire-a-perpetuer\/"},"wordCount":984,"commentCount":0,"publisher":{"@id":"https:\/\/lasentinelle.dz\/#organization"},"image":{"@id":"https:\/\/lasentinelle.dz\/index.php\/2021\/10\/30\/commemoration-du-67e-anniversaire-du-declenchement-de-la-revolution-de-novembre-une-memoire-a-perpetuer\/#primaryimage"},"thumbnailUrl":"https:\/\/lasentinelle.dz\/wp-content\/uploads\/2021\/10\/image_2021-10-29_171413.png","articleSection":["\u00c0 la Une","Actualit\u00e9"],"inLanguage":"fr-FR","potentialAction":[{"@type":"CommentAction","name":"Comment","target":["https:\/\/lasentinelle.dz\/index.php\/2021\/10\/30\/commemoration-du-67e-anniversaire-du-declenchement-de-la-revolution-de-novembre-une-memoire-a-perpetuer\/#respond"]}]},{"@type":"WebPage","@id":"https:\/\/lasentinelle.dz\/index.php\/2021\/10\/30\/commemoration-du-67e-anniversaire-du-declenchement-de-la-revolution-de-novembre-une-memoire-a-perpetuer\/","url":"https:\/\/lasentinelle.dz\/index.php\/2021\/10\/30\/commemoration-du-67e-anniversaire-du-declenchement-de-la-revolution-de-novembre-une-memoire-a-perpetuer\/","name":"Comm\u00e9moration du 67e anniversaire du d\u00e9clenchement de la r\u00e9volution de Novembre : Une m\u00e9moire \u00e0 perp\u00e9tuer - La Sentinelle","isPartOf":{"@id":"https:\/\/lasentinelle.dz\/#website"},"primaryImageOfPage":{"@id":"https:\/\/lasentinelle.dz\/index.php\/2021\/10\/30\/commemoration-du-67e-anniversaire-du-declenchement-de-la-revolution-de-novembre-une-memoire-a-perpetuer\/#primaryimage"},"image":{"@id":"https:\/\/lasentinelle.dz\/index.php\/2021\/10\/30\/commemoration-du-67e-anniversaire-du-declenchement-de-la-revolution-de-novembre-une-memoire-a-perpetuer\/#primaryimage"},"thumbnailUrl":"https:\/\/lasentinelle.dz\/wp-content\/uploads\/2021\/10\/image_2021-10-29_171413.png","datePublished":"2021-10-29T23:05:00+00:00","breadcrumb":{"@id":"https:\/\/lasentinelle.dz\/index.php\/2021\/10\/30\/commemoration-du-67e-anniversaire-du-declenchement-de-la-revolution-de-novembre-une-memoire-a-perpetuer\/#breadcrumb"},"inLanguage":"fr-FR","potentialAction":[{"@type":"ReadAction","target":["https:\/\/lasentinelle.dz\/index.php\/2021\/10\/30\/commemoration-du-67e-anniversaire-du-declenchement-de-la-revolution-de-novembre-une-memoire-a-perpetuer\/"]}]},{"@type":"ImageObject","inLanguage":"fr-FR","@id":"https:\/\/lasentinelle.dz\/index.php\/2021\/10\/30\/commemoration-du-67e-anniversaire-du-declenchement-de-la-revolution-de-novembre-une-memoire-a-perpetuer\/#primaryimage","url":"https:\/\/lasentinelle.dz\/wp-content\/uploads\/2021\/10\/image_2021-10-29_171413.png","contentUrl":"https:\/\/lasentinelle.dz\/wp-content\/uploads\/2021\/10\/image_2021-10-29_171413.png","width":512,"height":318},{"@type":"BreadcrumbList","@id":"https:\/\/lasentinelle.dz\/index.php\/2021\/10\/30\/commemoration-du-67e-anniversaire-du-declenchement-de-la-revolution-de-novembre-une-memoire-a-perpetuer\/#breadcrumb","itemListElement":[{"@type":"ListItem","position":1,"name":"Accueil","item":"https:\/\/lasentinelle.dz\/"},{"@type":"ListItem","position":2,"name":"Comm\u00e9moration du 67e anniversaire du d\u00e9clenchement de la r\u00e9volution de Novembre : Une m\u00e9moire \u00e0 perp\u00e9tuer"}]},{"@type":"WebSite","@id":"https:\/\/lasentinelle.dz\/#website","url":"https:\/\/lasentinelle.dz\/","name":"La Sentinelle","description":"Quotidien national d&#039;information","publisher":{"@id":"https:\/\/lasentinelle.dz\/#organization"},"potentialAction":[{"@type":"SearchAction","target":{"@type":"EntryPoint","urlTemplate":"https:\/\/lasentinelle.dz\/?s={search_term_string}"},"query-input":{"@type":"PropertyValueSpecification","valueRequired":true,"valueName":"search_term_string"}}],"inLanguage":"fr-FR"},{"@type":"Organization","@id":"https:\/\/lasentinelle.dz\/#organization","name":"Quotidien La Sentinelle","url":"https:\/\/lasentinelle.dz\/","logo":{"@type":"ImageObject","inLanguage":"fr-FR","@id":"https:\/\/lasentinelle.dz\/#\/schema\/logo\/image\/","url":"https:\/\/lasentinelle.dz\/wp-content\/uploads\/2021\/09\/logo-sentinelleSLOGAN-1.png","contentUrl":"https:\/\/lasentinelle.dz\/wp-content\/uploads\/2021\/09\/logo-sentinelleSLOGAN-1.png","width":615,"height":142,"caption":"Quotidien La Sentinelle"},"image":{"@id":"https:\/\/lasentinelle.dz\/#\/schema\/logo\/image\/"},"sameAs":["https:\/\/www.facebook.com\/La-Sentinelle-104059864394773"]},{"@type":"Person","@id":"https:\/\/lasentinelle.dz\/#\/schema\/person\/d865044e22e70a75174ce8bcad3acfb3","name":"La Sentinelle","image":{"@type":"ImageObject","inLanguage":"fr-FR","@id":"https:\/\/secure.gravatar.com\/avatar\/57de8e5d4b15d43fb361a71fbb36338450fe67865b528a43dd10ef7c51a20392?s=96&d=mm&r=g","url":"https:\/\/secure.gravatar.com\/avatar\/57de8e5d4b15d43fb361a71fbb36338450fe67865b528a43dd10ef7c51a20392?s=96&d=mm&r=g","contentUrl":"https:\/\/secure.gravatar.com\/avatar\/57de8e5d4b15d43fb361a71fbb36338450fe67865b528a43dd10ef7c51a20392?s=96&d=mm&r=g","caption":"La Sentinelle"},"sameAs":["http:\/\/www.lasentinelle.dz"],"url":"https:\/\/lasentinelle.dz\/author\/redaction\/"}]}},"_links":{"self":[{"href":"https:\/\/lasentinelle.dz\/index.php\/wp-json\/wp\/v2\/posts\/11842","targetHints":{"allow":["GET"]}}],"collection":[{"href":"https:\/\/lasentinelle.dz\/index.php\/wp-json\/wp\/v2\/posts"}],"about":[{"href":"https:\/\/lasentinelle.dz\/index.php\/wp-json\/wp\/v2\/types\/post"}],"author":[{"embeddable":true,"href":"https:\/\/lasentinelle.dz\/index.php\/wp-json\/wp\/v2\/users\/3"}],"replies":[{"embeddable":true,"href":"https:\/\/lasentinelle.dz\/index.php\/wp-json\/wp\/v2\/comments?post=11842"}],"version-history":[{"count":1,"href":"https:\/\/lasentinelle.dz\/index.php\/wp-json\/wp\/v2\/posts\/11842\/revisions"}],"predecessor-version":[{"id":11844,"href":"https:\/\/lasentinelle.dz\/index.php\/wp-json\/wp\/v2\/posts\/11842\/revisions\/11844"}],"wp:featuredmedia":[{"embeddable":true,"href":"https:\/\/lasentinelle.dz\/index.php\/wp-json\/wp\/v2\/media\/11843"}],"wp:attachment":[{"href":"https:\/\/lasentinelle.dz\/index.php\/wp-json\/wp\/v2\/media?parent=11842"}],"wp:term":[{"taxonomy":"category","embeddable":true,"href":"https:\/\/lasentinelle.dz\/index.php\/wp-json\/wp\/v2\/categories?post=11842"},{"taxonomy":"post_tag","embeddable":true,"href":"https:\/\/lasentinelle.dz\/index.php\/wp-json\/wp\/v2\/tags?post=11842"}],"curies":[{"name":"wp","href":"https:\/\/api.w.org\/{rel}","templated":true}]}}