{"id":11872,"date":"2021-10-30T00:01:00","date_gmt":"2021-10-29T23:01:00","guid":{"rendered":"https:\/\/lasentinelle.dz\/?p=11872"},"modified":"2021-10-29T19:12:26","modified_gmt":"2021-10-29T18:12:26","slug":"sahara-occidental-le-conseil-de-securite-proroge-le-mandat-de-la-minurso","status":"publish","type":"post","link":"https:\/\/lasentinelle.dz\/index.php\/2021\/10\/30\/sahara-occidental-le-conseil-de-securite-proroge-le-mandat-de-la-minurso\/","title":{"rendered":"Sahara occidental : Le Conseil de s\u00e9curit\u00e9 proroge le mandat de la Minurso"},"content":{"rendered":"\n<p>Le Conseil de s\u00e9curit\u00e9 a d\u00e9cid\u00e9, hier, &nbsp;de proroger pour une dur\u00e9e d\u2019une ann\u00e9e le mandat de la Mission des Nations Unies pour l\u2019organisation d\u2019un r\u00e9f\u00e9rendum au Sahara occidental (MINURSO).<\/p>\n\n\n\n<p>Le Conseil de s\u00e9curit\u00e9 a rendu publique sa r\u00e9solution n 2602 sur le Sahara Occidental lors d&rsquo;une s\u00e9ance tenue, hier, portant propagation de la mission de la MINURSO jusqu&rsquo;au 31 octobre 2022. Par 13 voix pour et deux abstentions (la Russie et la Tunisie), le Conseil de s\u00e9curit\u00e9 a adopt\u00e9 cette r\u00e9solution pr\u00e9sent\u00e9e par les Etats unis.<\/p>\n\n\n\n<p>Pour rappel, la session du Conseil de s\u00e9curit\u00e9 sur le mandat de la Minurso qui devait se tenir mercredi a \u00e9t\u00e9 report\u00e9e. Un report \u00e0 la r\u00e9serve exprim\u00e9e par la Russie \u00ab\u00a0qui a une position forte et connue depuis 2018\u00a0\u00bb sur certains contenus du projet de r\u00e9solution.<\/p>\n\n\n\n<p>En effet, brisant la proc\u00e9dure de silence observ\u00e9e par le porte-plume am\u00e9ricain sur le projet de r\u00e9solution sur le renouvellement du mandat de la Minurso, la Russie et le Kenya et d&rsquo;autres pays du Conseil de s\u00e9curit\u00e9 de l&rsquo;ONU ont \u00e9mis le&nbsp; souhait d&rsquo;y introduire des \u00ab\u00a0amendements de substance, pour r\u00e9\u00e9quilibrer un tant soit peu le texte\u00a0\u00bb qui est, selon eux, \u00ab&nbsp;d\u00e9s\u00e9quilibr\u00e9 et ne refl\u00e8te pas la nouvelle r\u00e9alit\u00e9&nbsp;\u00bb, \u00e0 la suite notamment de la violation flagrante du cessez-le-feu par les forces de l&rsquo;occupation marocaines, en novembre 2020, dans la zone tampon d&rsquo;El-Guerguerat\u00a0\u00bb, a affirm\u00e9&nbsp; jeudi l\u2019envoy\u00e9 sp\u00e9cial charg\u00e9 de la question du Sahara occidental et des pays du Maghreb, Amar Belani qui a indiqu\u00e9 dans une d\u00e9claration \u00e0 l&rsquo;APS que le Kenya et la F\u00e9d\u00e9ration de Russie estiment que ce texte souffre \u00e9galement de l'\u00a0\u00bbabsence de transparence et l&rsquo;approche partiale\u00a0\u00bb dans l&rsquo;\u00e9laboration du texte pr\u00e9liminaire\u00a0\u00bb.<\/p>\n\n\n\n<p>Les deux pays rejettent l&rsquo;approche des concepteurs du texte qui \u00ab\u00a0brouillent les param\u00e8tres\u00a0\u00bb du r\u00e8glement de la question sahraouie qui est, explique M. Belani, \u00ab\u00a0une question de d\u00e9colonisation qui doit trouver son r\u00e8glement conform\u00e9ment \u00e0 la l\u00e9galit\u00e9 internationale, c&rsquo;est-\u00e0-dire permettre l&rsquo;exercice par le peuple du Sahara occidental de son droit imprescriptible et inali\u00e9nable \u00e0 l&rsquo;autod\u00e9termination\u00a0\u00bb pr\u00e9cisant que les consultations au sein du Conseil de s\u00e9curit\u00e9 sur le projet de r\u00e9solution sur la MINURSO \u00ab\u00a0devraient en principe reprendre si le porte-plume am\u00e9ricain accepte de rouvrir le d\u00e9bat, pour incorporer d&rsquo;\u00e9ventuels amendements\u00a0\u00bb. A noter par ailleurs que, pour sa part, le repr\u00e9sentant du Polisario aupr\u00e8s de l&rsquo;ONU, Sid Mohamed Ammar qui a d\u00e9plor\u00e9 la position de la France \u00ab\u00a0qui a emp\u00each\u00e9 l&rsquo;inclusion des droits de l&rsquo;homme dans le texte de r\u00e9solution\u00a0\u00bb sur le prolongement du mandat de la Minurso jusqu&rsquo;au 31 octobre 2022 expliquait \u00e0 l&rsquo;APS que \u00ab\u00a0la mouture de la r\u00e9solution ne refl\u00e8te pas la nouvelle r\u00e9alit\u00e9 sur le terrain, notamment apr\u00e8s la violation flagrante marocaine du cessez-le-feu le 13 novembre de l&rsquo;ann\u00e9e \u00e9coul\u00e9e\u00a0\u00bb. Une situation qui fait dire au pr\u00e9sident de la RASD, Brahim Ghali qu&rsquo;il \u00ab\u00a0est d\u00e9sormais urgent d&rsquo;\u00e9largir le mandat de la Minurso pour inclure un m\u00e9canisme des droits humains, afin de surveiller la situation des droits humains dans un cadre ind\u00e9pendant et impartial, de mani\u00e8re globale et r\u00e9guli\u00e8re\u00a0\u00bb dans la zone de mission.<\/p>\n\n\n\n<p><strong>Kamel Nait Ameur<\/strong><\/p>\n","protected":false},"excerpt":{"rendered":"<p>Le Conseil de s\u00e9curit\u00e9 a d\u00e9cid\u00e9, hier, &nbsp;de proroger pour une dur\u00e9e d\u2019une ann\u00e9e le mandat de la Mission des<\/p>\n","protected":false},"author":3,"featured_media":11882,"comment_status":"open","ping_status":"closed","sticky":false,"template":"","format":"standard","meta":{"colormag_page_container_layout":"default_layout","colormag_page_sidebar_layout":"default_layout","om_disable_all_campaigns":false,"_monsterinsights_skip_tracking":false,"_monsterinsights_sitenote_active":false,"_monsterinsights_sitenote_note":"","_monsterinsights_sitenote_category":0,"footnotes":"","_wpscppro_dont_share_socialmedia":false,"_wpscppro_custom_social_share_image":0,"_facebook_share_type":"","_twitter_share_type":"","_linkedin_share_type":"","_pinterest_share_type":"","_linkedin_share_type_page":"","_instagram_share_type":"","_medium_share_type":"","_threads_share_type":"","_google_business_share_type":"","_selected_social_profile":[],"_wpsp_enable_custom_social_template":false,"_wpsp_social_scheduling":{"enabled":false,"datetime":null,"platforms":[],"status":"template_only","dateOption":"today","timeOption":"now","customDays":"","customHours":"","customDate":"","customTime":"","schedulingType":"absolute"},"_wpsp_active_default_template":true},"categories":[27],"tags":[],"class_list":["post-11872","post","type-post","status-publish","format-standard","has-post-thumbnail","hentry","category-actualite"],"aioseo_notices":[],"yoast_head":"<!-- This site is optimized with the Yoast SEO plugin v27.5 - https:\/\/yoast.com\/product\/yoast-seo-wordpress\/ -->\n<title>Sahara occidental : Le Conseil de s\u00e9curit\u00e9 proroge le mandat de la Minurso - La Sentinelle<\/title>\n<meta name=\"robots\" content=\"index, follow, max-snippet:-1, max-image-preview:large, max-video-preview:-1\" \/>\n<link rel=\"canonical\" href=\"https:\/\/lasentinelle.dz\/index.php\/2021\/10\/30\/sahara-occidental-le-conseil-de-securite-proroge-le-mandat-de-la-minurso\/\" \/>\n<meta property=\"og:locale\" content=\"fr_FR\" \/>\n<meta property=\"og:type\" content=\"article\" \/>\n<meta property=\"og:title\" content=\"Sahara occidental : Le Conseil de s\u00e9curit\u00e9 proroge le mandat de la Minurso - La Sentinelle\" \/>\n<meta property=\"og:description\" content=\"Le Conseil de s\u00e9curit\u00e9 a d\u00e9cid\u00e9, hier, &nbsp;de proroger pour une dur\u00e9e d\u2019une ann\u00e9e le mandat de la Mission des\" \/>\n<meta property=\"og:url\" content=\"https:\/\/lasentinelle.dz\/index.php\/2021\/10\/30\/sahara-occidental-le-conseil-de-securite-proroge-le-mandat-de-la-minurso\/\" \/>\n<meta property=\"og:site_name\" content=\"La Sentinelle\" \/>\n<meta property=\"article:publisher\" content=\"https:\/\/www.facebook.com\/La-Sentinelle-104059864394773\" \/>\n<meta property=\"article:published_time\" content=\"2021-10-29T23:01:00+00:00\" \/>\n<meta property=\"og:image\" content=\"https:\/\/lasentinelle.dz\/wp-content\/uploads\/2021\/10\/image_2021-10-29_191210.png\" \/>\n\t<meta property=\"og:image:width\" content=\"580\" \/>\n\t<meta property=\"og:image:height\" content=\"327\" \/>\n\t<meta property=\"og:image:type\" content=\"image\/png\" \/>\n<meta name=\"author\" content=\"La Sentinelle\" \/>\n<meta name=\"twitter:card\" content=\"summary_large_image\" \/>\n<meta name=\"twitter:label1\" content=\"\u00c9crit par\" \/>\n\t<meta name=\"twitter:data1\" content=\"La Sentinelle\" \/>\n\t<meta name=\"twitter:label2\" content=\"Dur\u00e9e de lecture estim\u00e9e\" \/>\n\t<meta name=\"twitter:data2\" content=\"3 minutes\" \/>\n<script type=\"application\/ld+json\" class=\"yoast-schema-graph\">{\"@context\":\"https:\\\/\\\/schema.org\",\"@graph\":[{\"@type\":\"Article\",\"@id\":\"https:\\\/\\\/lasentinelle.dz\\\/index.php\\\/2021\\\/10\\\/30\\\/sahara-occidental-le-conseil-de-securite-proroge-le-mandat-de-la-minurso\\\/#article\",\"isPartOf\":{\"@id\":\"https:\\\/\\\/lasentinelle.dz\\\/index.php\\\/2021\\\/10\\\/30\\\/sahara-occidental-le-conseil-de-securite-proroge-le-mandat-de-la-minurso\\\/\"},\"author\":{\"name\":\"La Sentinelle\",\"@id\":\"https:\\\/\\\/lasentinelle.dz\\\/#\\\/schema\\\/person\\\/d865044e22e70a75174ce8bcad3acfb3\"},\"headline\":\"Sahara occidental : Le Conseil de s\u00e9curit\u00e9 proroge le mandat de la Minurso\",\"datePublished\":\"2021-10-29T23:01:00+00:00\",\"mainEntityOfPage\":{\"@id\":\"https:\\\/\\\/lasentinelle.dz\\\/index.php\\\/2021\\\/10\\\/30\\\/sahara-occidental-le-conseil-de-securite-proroge-le-mandat-de-la-minurso\\\/\"},\"wordCount\":605,\"commentCount\":0,\"publisher\":{\"@id\":\"https:\\\/\\\/lasentinelle.dz\\\/#organization\"},\"image\":{\"@id\":\"https:\\\/\\\/lasentinelle.dz\\\/index.php\\\/2021\\\/10\\\/30\\\/sahara-occidental-le-conseil-de-securite-proroge-le-mandat-de-la-minurso\\\/#primaryimage\"},\"thumbnailUrl\":\"https:\\\/\\\/lasentinelle.dz\\\/wp-content\\\/uploads\\\/2021\\\/10\\\/image_2021-10-29_191210.png\",\"articleSection\":[\"Actualit\u00e9\"],\"inLanguage\":\"fr-FR\",\"potentialAction\":[{\"@type\":\"CommentAction\",\"name\":\"Comment\",\"target\":[\"https:\\\/\\\/lasentinelle.dz\\\/index.php\\\/2021\\\/10\\\/30\\\/sahara-occidental-le-conseil-de-securite-proroge-le-mandat-de-la-minurso\\\/#respond\"]}]},{\"@type\":\"WebPage\",\"@id\":\"https:\\\/\\\/lasentinelle.dz\\\/index.php\\\/2021\\\/10\\\/30\\\/sahara-occidental-le-conseil-de-securite-proroge-le-mandat-de-la-minurso\\\/\",\"url\":\"https:\\\/\\\/lasentinelle.dz\\\/index.php\\\/2021\\\/10\\\/30\\\/sahara-occidental-le-conseil-de-securite-proroge-le-mandat-de-la-minurso\\\/\",\"name\":\"Sahara occidental : Le Conseil de s\u00e9curit\u00e9 proroge le mandat de la Minurso - La Sentinelle\",\"isPartOf\":{\"@id\":\"https:\\\/\\\/lasentinelle.dz\\\/#website\"},\"primaryImageOfPage\":{\"@id\":\"https:\\\/\\\/lasentinelle.dz\\\/index.php\\\/2021\\\/10\\\/30\\\/sahara-occidental-le-conseil-de-securite-proroge-le-mandat-de-la-minurso\\\/#primaryimage\"},\"image\":{\"@id\":\"https:\\\/\\\/lasentinelle.dz\\\/index.php\\\/2021\\\/10\\\/30\\\/sahara-occidental-le-conseil-de-securite-proroge-le-mandat-de-la-minurso\\\/#primaryimage\"},\"thumbnailUrl\":\"https:\\\/\\\/lasentinelle.dz\\\/wp-content\\\/uploads\\\/2021\\\/10\\\/image_2021-10-29_191210.png\",\"datePublished\":\"2021-10-29T23:01:00+00:00\",\"breadcrumb\":{\"@id\":\"https:\\\/\\\/lasentinelle.dz\\\/index.php\\\/2021\\\/10\\\/30\\\/sahara-occidental-le-conseil-de-securite-proroge-le-mandat-de-la-minurso\\\/#breadcrumb\"},\"inLanguage\":\"fr-FR\",\"potentialAction\":[{\"@type\":\"ReadAction\",\"target\":[\"https:\\\/\\\/lasentinelle.dz\\\/index.php\\\/2021\\\/10\\\/30\\\/sahara-occidental-le-conseil-de-securite-proroge-le-mandat-de-la-minurso\\\/\"]}]},{\"@type\":\"ImageObject\",\"inLanguage\":\"fr-FR\",\"@id\":\"https:\\\/\\\/lasentinelle.dz\\\/index.php\\\/2021\\\/10\\\/30\\\/sahara-occidental-le-conseil-de-securite-proroge-le-mandat-de-la-minurso\\\/#primaryimage\",\"url\":\"https:\\\/\\\/lasentinelle.dz\\\/wp-content\\\/uploads\\\/2021\\\/10\\\/image_2021-10-29_191210.png\",\"contentUrl\":\"https:\\\/\\\/lasentinelle.dz\\\/wp-content\\\/uploads\\\/2021\\\/10\\\/image_2021-10-29_191210.png\",\"width\":580,\"height\":327},{\"@type\":\"BreadcrumbList\",\"@id\":\"https:\\\/\\\/lasentinelle.dz\\\/index.php\\\/2021\\\/10\\\/30\\\/sahara-occidental-le-conseil-de-securite-proroge-le-mandat-de-la-minurso\\\/#breadcrumb\",\"itemListElement\":[{\"@type\":\"ListItem\",\"position\":1,\"name\":\"Accueil\",\"item\":\"https:\\\/\\\/lasentinelle.dz\\\/\"},{\"@type\":\"ListItem\",\"position\":2,\"name\":\"Sahara occidental : Le Conseil de s\u00e9curit\u00e9 proroge le mandat de la Minurso\"}]},{\"@type\":\"WebSite\",\"@id\":\"https:\\\/\\\/lasentinelle.dz\\\/#website\",\"url\":\"https:\\\/\\\/lasentinelle.dz\\\/\",\"name\":\"La Sentinelle\",\"description\":\"Quotidien national d&#039;information\",\"publisher\":{\"@id\":\"https:\\\/\\\/lasentinelle.dz\\\/#organization\"},\"potentialAction\":[{\"@type\":\"SearchAction\",\"target\":{\"@type\":\"EntryPoint\",\"urlTemplate\":\"https:\\\/\\\/lasentinelle.dz\\\/?s={search_term_string}\"},\"query-input\":{\"@type\":\"PropertyValueSpecification\",\"valueRequired\":true,\"valueName\":\"search_term_string\"}}],\"inLanguage\":\"fr-FR\"},{\"@type\":\"Organization\",\"@id\":\"https:\\\/\\\/lasentinelle.dz\\\/#organization\",\"name\":\"Quotidien La Sentinelle\",\"url\":\"https:\\\/\\\/lasentinelle.dz\\\/\",\"logo\":{\"@type\":\"ImageObject\",\"inLanguage\":\"fr-FR\",\"@id\":\"https:\\\/\\\/lasentinelle.dz\\\/#\\\/schema\\\/logo\\\/image\\\/\",\"url\":\"https:\\\/\\\/lasentinelle.dz\\\/wp-content\\\/uploads\\\/2021\\\/09\\\/logo-sentinelleSLOGAN-1.png\",\"contentUrl\":\"https:\\\/\\\/lasentinelle.dz\\\/wp-content\\\/uploads\\\/2021\\\/09\\\/logo-sentinelleSLOGAN-1.png\",\"width\":615,\"height\":142,\"caption\":\"Quotidien La Sentinelle\"},\"image\":{\"@id\":\"https:\\\/\\\/lasentinelle.dz\\\/#\\\/schema\\\/logo\\\/image\\\/\"},\"sameAs\":[\"https:\\\/\\\/www.facebook.com\\\/La-Sentinelle-104059864394773\"]},{\"@type\":\"Person\",\"@id\":\"https:\\\/\\\/lasentinelle.dz\\\/#\\\/schema\\\/person\\\/d865044e22e70a75174ce8bcad3acfb3\",\"name\":\"La Sentinelle\",\"image\":{\"@type\":\"ImageObject\",\"inLanguage\":\"fr-FR\",\"@id\":\"https:\\\/\\\/secure.gravatar.com\\\/avatar\\\/57de8e5d4b15d43fb361a71fbb36338450fe67865b528a43dd10ef7c51a20392?s=96&d=mm&r=g\",\"url\":\"https:\\\/\\\/secure.gravatar.com\\\/avatar\\\/57de8e5d4b15d43fb361a71fbb36338450fe67865b528a43dd10ef7c51a20392?s=96&d=mm&r=g\",\"contentUrl\":\"https:\\\/\\\/secure.gravatar.com\\\/avatar\\\/57de8e5d4b15d43fb361a71fbb36338450fe67865b528a43dd10ef7c51a20392?s=96&d=mm&r=g\",\"caption\":\"La Sentinelle\"},\"sameAs\":[\"http:\\\/\\\/www.lasentinelle.dz\"],\"url\":\"https:\\\/\\\/lasentinelle.dz\\\/author\\\/redaction\\\/\"}]}<\/script>\n<!-- \/ Yoast SEO plugin. -->","yoast_head_json":{"title":"Sahara occidental : Le Conseil de s\u00e9curit\u00e9 proroge le mandat de la Minurso - La Sentinelle","robots":{"index":"index","follow":"follow","max-snippet":"max-snippet:-1","max-image-preview":"max-image-preview:large","max-video-preview":"max-video-preview:-1"},"canonical":"https:\/\/lasentinelle.dz\/index.php\/2021\/10\/30\/sahara-occidental-le-conseil-de-securite-proroge-le-mandat-de-la-minurso\/","og_locale":"fr_FR","og_type":"article","og_title":"Sahara occidental : Le Conseil de s\u00e9curit\u00e9 proroge le mandat de la Minurso - La Sentinelle","og_description":"Le Conseil de s\u00e9curit\u00e9 a d\u00e9cid\u00e9, hier, &nbsp;de proroger pour une dur\u00e9e d\u2019une ann\u00e9e le mandat de la Mission des","og_url":"https:\/\/lasentinelle.dz\/index.php\/2021\/10\/30\/sahara-occidental-le-conseil-de-securite-proroge-le-mandat-de-la-minurso\/","og_site_name":"La Sentinelle","article_publisher":"https:\/\/www.facebook.com\/La-Sentinelle-104059864394773","article_published_time":"2021-10-29T23:01:00+00:00","og_image":[{"width":580,"height":327,"url":"https:\/\/lasentinelle.dz\/wp-content\/uploads\/2021\/10\/image_2021-10-29_191210.png","type":"image\/png"}],"author":"La Sentinelle","twitter_card":"summary_large_image","twitter_misc":{"\u00c9crit par":"La Sentinelle","Dur\u00e9e de lecture estim\u00e9e":"3 minutes"},"schema":{"@context":"https:\/\/schema.org","@graph":[{"@type":"Article","@id":"https:\/\/lasentinelle.dz\/index.php\/2021\/10\/30\/sahara-occidental-le-conseil-de-securite-proroge-le-mandat-de-la-minurso\/#article","isPartOf":{"@id":"https:\/\/lasentinelle.dz\/index.php\/2021\/10\/30\/sahara-occidental-le-conseil-de-securite-proroge-le-mandat-de-la-minurso\/"},"author":{"name":"La Sentinelle","@id":"https:\/\/lasentinelle.dz\/#\/schema\/person\/d865044e22e70a75174ce8bcad3acfb3"},"headline":"Sahara occidental : Le Conseil de s\u00e9curit\u00e9 proroge le mandat de la Minurso","datePublished":"2021-10-29T23:01:00+00:00","mainEntityOfPage":{"@id":"https:\/\/lasentinelle.dz\/index.php\/2021\/10\/30\/sahara-occidental-le-conseil-de-securite-proroge-le-mandat-de-la-minurso\/"},"wordCount":605,"commentCount":0,"publisher":{"@id":"https:\/\/lasentinelle.dz\/#organization"},"image":{"@id":"https:\/\/lasentinelle.dz\/index.php\/2021\/10\/30\/sahara-occidental-le-conseil-de-securite-proroge-le-mandat-de-la-minurso\/#primaryimage"},"thumbnailUrl":"https:\/\/lasentinelle.dz\/wp-content\/uploads\/2021\/10\/image_2021-10-29_191210.png","articleSection":["Actualit\u00e9"],"inLanguage":"fr-FR","potentialAction":[{"@type":"CommentAction","name":"Comment","target":["https:\/\/lasentinelle.dz\/index.php\/2021\/10\/30\/sahara-occidental-le-conseil-de-securite-proroge-le-mandat-de-la-minurso\/#respond"]}]},{"@type":"WebPage","@id":"https:\/\/lasentinelle.dz\/index.php\/2021\/10\/30\/sahara-occidental-le-conseil-de-securite-proroge-le-mandat-de-la-minurso\/","url":"https:\/\/lasentinelle.dz\/index.php\/2021\/10\/30\/sahara-occidental-le-conseil-de-securite-proroge-le-mandat-de-la-minurso\/","name":"Sahara occidental : Le Conseil de s\u00e9curit\u00e9 proroge le mandat de la Minurso - La Sentinelle","isPartOf":{"@id":"https:\/\/lasentinelle.dz\/#website"},"primaryImageOfPage":{"@id":"https:\/\/lasentinelle.dz\/index.php\/2021\/10\/30\/sahara-occidental-le-conseil-de-securite-proroge-le-mandat-de-la-minurso\/#primaryimage"},"image":{"@id":"https:\/\/lasentinelle.dz\/index.php\/2021\/10\/30\/sahara-occidental-le-conseil-de-securite-proroge-le-mandat-de-la-minurso\/#primaryimage"},"thumbnailUrl":"https:\/\/lasentinelle.dz\/wp-content\/uploads\/2021\/10\/image_2021-10-29_191210.png","datePublished":"2021-10-29T23:01:00+00:00","breadcrumb":{"@id":"https:\/\/lasentinelle.dz\/index.php\/2021\/10\/30\/sahara-occidental-le-conseil-de-securite-proroge-le-mandat-de-la-minurso\/#breadcrumb"},"inLanguage":"fr-FR","potentialAction":[{"@type":"ReadAction","target":["https:\/\/lasentinelle.dz\/index.php\/2021\/10\/30\/sahara-occidental-le-conseil-de-securite-proroge-le-mandat-de-la-minurso\/"]}]},{"@type":"ImageObject","inLanguage":"fr-FR","@id":"https:\/\/lasentinelle.dz\/index.php\/2021\/10\/30\/sahara-occidental-le-conseil-de-securite-proroge-le-mandat-de-la-minurso\/#primaryimage","url":"https:\/\/lasentinelle.dz\/wp-content\/uploads\/2021\/10\/image_2021-10-29_191210.png","contentUrl":"https:\/\/lasentinelle.dz\/wp-content\/uploads\/2021\/10\/image_2021-10-29_191210.png","width":580,"height":327},{"@type":"BreadcrumbList","@id":"https:\/\/lasentinelle.dz\/index.php\/2021\/10\/30\/sahara-occidental-le-conseil-de-securite-proroge-le-mandat-de-la-minurso\/#breadcrumb","itemListElement":[{"@type":"ListItem","position":1,"name":"Accueil","item":"https:\/\/lasentinelle.dz\/"},{"@type":"ListItem","position":2,"name":"Sahara occidental : Le Conseil de s\u00e9curit\u00e9 proroge le mandat de la Minurso"}]},{"@type":"WebSite","@id":"https:\/\/lasentinelle.dz\/#website","url":"https:\/\/lasentinelle.dz\/","name":"La Sentinelle","description":"Quotidien national d&#039;information","publisher":{"@id":"https:\/\/lasentinelle.dz\/#organization"},"potentialAction":[{"@type":"SearchAction","target":{"@type":"EntryPoint","urlTemplate":"https:\/\/lasentinelle.dz\/?s={search_term_string}"},"query-input":{"@type":"PropertyValueSpecification","valueRequired":true,"valueName":"search_term_string"}}],"inLanguage":"fr-FR"},{"@type":"Organization","@id":"https:\/\/lasentinelle.dz\/#organization","name":"Quotidien La Sentinelle","url":"https:\/\/lasentinelle.dz\/","logo":{"@type":"ImageObject","inLanguage":"fr-FR","@id":"https:\/\/lasentinelle.dz\/#\/schema\/logo\/image\/","url":"https:\/\/lasentinelle.dz\/wp-content\/uploads\/2021\/09\/logo-sentinelleSLOGAN-1.png","contentUrl":"https:\/\/lasentinelle.dz\/wp-content\/uploads\/2021\/09\/logo-sentinelleSLOGAN-1.png","width":615,"height":142,"caption":"Quotidien La Sentinelle"},"image":{"@id":"https:\/\/lasentinelle.dz\/#\/schema\/logo\/image\/"},"sameAs":["https:\/\/www.facebook.com\/La-Sentinelle-104059864394773"]},{"@type":"Person","@id":"https:\/\/lasentinelle.dz\/#\/schema\/person\/d865044e22e70a75174ce8bcad3acfb3","name":"La Sentinelle","image":{"@type":"ImageObject","inLanguage":"fr-FR","@id":"https:\/\/secure.gravatar.com\/avatar\/57de8e5d4b15d43fb361a71fbb36338450fe67865b528a43dd10ef7c51a20392?s=96&d=mm&r=g","url":"https:\/\/secure.gravatar.com\/avatar\/57de8e5d4b15d43fb361a71fbb36338450fe67865b528a43dd10ef7c51a20392?s=96&d=mm&r=g","contentUrl":"https:\/\/secure.gravatar.com\/avatar\/57de8e5d4b15d43fb361a71fbb36338450fe67865b528a43dd10ef7c51a20392?s=96&d=mm&r=g","caption":"La Sentinelle"},"sameAs":["http:\/\/www.lasentinelle.dz"],"url":"https:\/\/lasentinelle.dz\/author\/redaction\/"}]}},"_links":{"self":[{"href":"https:\/\/lasentinelle.dz\/index.php\/wp-json\/wp\/v2\/posts\/11872","targetHints":{"allow":["GET"]}}],"collection":[{"href":"https:\/\/lasentinelle.dz\/index.php\/wp-json\/wp\/v2\/posts"}],"about":[{"href":"https:\/\/lasentinelle.dz\/index.php\/wp-json\/wp\/v2\/types\/post"}],"author":[{"embeddable":true,"href":"https:\/\/lasentinelle.dz\/index.php\/wp-json\/wp\/v2\/users\/3"}],"replies":[{"embeddable":true,"href":"https:\/\/lasentinelle.dz\/index.php\/wp-json\/wp\/v2\/comments?post=11872"}],"version-history":[{"count":1,"href":"https:\/\/lasentinelle.dz\/index.php\/wp-json\/wp\/v2\/posts\/11872\/revisions"}],"predecessor-version":[{"id":11881,"href":"https:\/\/lasentinelle.dz\/index.php\/wp-json\/wp\/v2\/posts\/11872\/revisions\/11881"}],"wp:featuredmedia":[{"embeddable":true,"href":"https:\/\/lasentinelle.dz\/index.php\/wp-json\/wp\/v2\/media\/11882"}],"wp:attachment":[{"href":"https:\/\/lasentinelle.dz\/index.php\/wp-json\/wp\/v2\/media?parent=11872"}],"wp:term":[{"taxonomy":"category","embeddable":true,"href":"https:\/\/lasentinelle.dz\/index.php\/wp-json\/wp\/v2\/categories?post=11872"},{"taxonomy":"post_tag","embeddable":true,"href":"https:\/\/lasentinelle.dz\/index.php\/wp-json\/wp\/v2\/tags?post=11872"}],"curies":[{"name":"wp","href":"https:\/\/api.w.org\/{rel}","templated":true}]}}