{"id":11924,"date":"2021-10-31T00:01:00","date_gmt":"2021-10-30T23:01:00","guid":{"rendered":"https:\/\/lasentinelle.dz\/?p=11924"},"modified":"2021-10-30T16:24:54","modified_gmt":"2021-10-30T15:24:54","slug":"medea-la-poignee-dhommes-qui-embrasa-la-zone-ii","status":"publish","type":"post","link":"https:\/\/lasentinelle.dz\/index.php\/2021\/10\/31\/medea-la-poignee-dhommes-qui-embrasa-la-zone-ii\/","title":{"rendered":"M\u00e9d\u00e9a : La poign\u00e9e d&rsquo;hommes qui embrasa la zone II"},"content":{"rendered":"\n<p>La r\u00e9gion de M\u00e9d\u00e9a, que l&rsquo;arm\u00e9e coloniale fran\u00e7aise pensait \u00e0 tort contr\u00f4ler, ne tarda pas \u00e0 rallier le guerre de lib\u00e9ration nationale, d\u00e9clench\u00e9e le 1er novembre, gr\u00e2ce au courage et la d\u00e9termination d&rsquo;une poign\u00e9e d&rsquo;hommes, dirig\u00e9s par le martyr Tayeb Bougasmi, connu sous le nom de Tayeb El-Djoughlali.<\/p>\n\n\n\n<p>Le retentissement des attaques conduites par les pr\u00e9curseurs du combat lib\u00e9rateur, notamment dans les monts de l&rsquo;Aur\u00e8s, contre les troupes coloniales fran\u00e7aises, va pr\u00e9cipiter les \u00e9v\u00e8nements dans la r\u00e9gion de M\u00e9d\u00e9a o\u00f9 un groupe d&rsquo;anciens militants infatigables de la cause nationale s&rsquo;attela, sous la conduite du chahid Tayeb El-Djoughlali, tomb\u00e9 au champ d&rsquo;honneur en 1959 \u00e0 \u00ab\u00a0Dar-Chyoukh\u00a0\u00bb (Djelfa), \u00e0 mettre sur pied la premi\u00e8re cellule combattante, selon des archives locaux.<\/p>\n\n\n\n<p>D\u00e9sign\u00e9 par le chahid Boudjemaa Souidani, alors chef de la wilaya IV historique, Tayeb Djoughlali s&#8217;employa, avec l&rsquo;aide de deux autres martyrs, en l&rsquo;occurrence, Benyoucef Kritli et Rachid Ben Sid-Oumou, \u00e0 structurer et organiser les maquis de la r\u00e9gion de M\u00e9d\u00e9a, zone II de la wilaya IV, ainsi qu&rsquo;\u00e0 se pr\u00e9parer militairement pour les missions \u00e0 venir.<\/p>\n\n\n\n<p><strong>Renfort de troupes et organisation de la R\u00e9volution<\/strong><\/p>\n\n\n\n<p>Des \u00e9l\u00e9ments, affili\u00e9s au Parti du Peuple alg\u00e9rien (PPA) et d&rsquo;anciens membres de l&rsquo;Organisation secr\u00e8te (OS), vont constituer le noyau dur en charge de mener des op\u00e9rations militaires sporadiques, \u00e0 partir des maquis d&rsquo;El-Omaria, Tablat et El-Aissaouia, et qui s&rsquo;\u00e9tendront plus tard \u00e0 l&rsquo;ensemble de la zone II, et m\u00eame au-del\u00e0.<\/p>\n\n\n\n<p>Des abris et des refuges sont am\u00e9nag\u00e9s dans les maquis, des armes sont collect\u00e9es aupr\u00e8s des citoyens qui d\u00e9tiennent encore des fusils de chasse, ou r\u00e9cup\u00e9r\u00e9es sur l&rsquo;ennemi, et une op\u00e9ration de recrutement va cibler, les jours qui ont suivi le d\u00e9but de la Guerre de lib\u00e9ration, les personnes de confiance.<\/p>\n\n\n\n<p>Le chahid Rabah Saoudi, dit \u00ab\u00a0Eldjebass\u00a0\u00bb, est charg\u00e9 par Tayeb El-Djoughlali de cette d\u00e9licate mission de recrutement, notent les m\u00eames archives, qui mettent en avant le travail colossal entrepris par le chahid pour attirer de nouvelles recrues et \u00e9toffer, ainsi, les rangs de l&rsquo;Arm\u00e9e de lib\u00e9ration nationale (ALN).<\/p>\n\n\n\n<p>Ce renfort de troupes, qui ira crescendo \u00e0 partir de 1955, va se traduire par une meilleure organisation de la R\u00e9volution au niveau de la zone II, \u00e0 travers la mise en place de structures charg\u00e9es de l&rsquo;enr\u00f4lement et l&rsquo;organisation des unit\u00e9s combattantes, l&rsquo;armement et des finances, est-il mentionn\u00e9.<\/p>\n\n\n\n<p>Des groupes de recrues \u00e9taient envoy\u00e9s, \u00e0 partir de f\u00e9vrier 1956, dans les camps d&rsquo;entrainement install\u00e9s dans les maquis de \u00ab\u00a0Zbarbar\u00a0\u00bb (Bouira), et, une fois leur stage termin\u00e9, ces derniers furent dispatch\u00e9s au sein des unit\u00e9s op\u00e9rationnelles affect\u00e9es au niveau de \u00ab\u00a0Djebel Zeccar\u00a0\u00bb, \u00ab\u00a0Mouzaia\u00a0\u00bb, \u00ab\u00a0Ouarsenis\u00a0\u00bb et dans diff\u00e9rentes zones de combats, situ\u00e9es dans la r\u00e9gion de M\u00e9d\u00e9a et ses environs, rapportent les archives.<\/p>\n\n\n\n<p>D&rsquo;autres groupes feront leur apparition, d&rsquo;abord \u00e0 Tablat, sous la conduite du chahid Rabah Mokrani, connu sous son nom de guerre de \u00ab\u00a0Si-Lakhdar\u00a0\u00bb, commandant de l&rsquo;ALN, mort au combat le 5 Mai 1958, \u00e0 \u00ab\u00a0Djbel Boulegroune\u00a0\u00bb, commune de Djouab, \u00e0 l&rsquo;est de M\u00e9d\u00e9a, puis \u00e0 Berrouaghia, autre grand fief de la R\u00e9volution, dirig\u00e9 par le chahid Ibrahim El-Aid, alors qu&rsquo;un troisi\u00e8me groupe \u00e9cumera, \u00e0 partir de l&rsquo;ann\u00e9e 1956, la vaste \u00e9tendue steppique de la commune de Ain-Boucif, sous la direction du chahid Mohamed El-Kerarchi.<\/p>\n\n\n\n<p>Malgr\u00e9 la sup\u00e9riorit\u00e9 militaire de l&rsquo;ennemi, ces cellules combattantes ont r\u00e9ussi \u00e0 mener, avec succ\u00e8s, des dizaines d&rsquo;op\u00e9rations militaires, entre juin 1955 et la fin 1956.<\/p>\n\n\n\n<p>Les archives de cette p\u00e9riode font \u00e9tat de pr\u00e8s d&rsquo;une vingtaine d&rsquo;attaques ou d&rsquo;accrochages men\u00e9s contre les troupes de l&rsquo;arm\u00e9e d&rsquo;occupation fran\u00e7aise, en sus de dizaines d&#8217;embuscades, de sabotages d&rsquo;infrastructures militaires et d&rsquo;actions ciblant des militaires ou des policiers.<\/p>\n\n\n\n<p><strong>APS<\/strong><\/p>\n","protected":false},"excerpt":{"rendered":"<p>La r\u00e9gion de M\u00e9d\u00e9a, que l&rsquo;arm\u00e9e coloniale fran\u00e7aise pensait \u00e0 tort contr\u00f4ler, ne tarda pas \u00e0 rallier le guerre de<\/p>\n","protected":false},"author":3,"featured_media":0,"comment_status":"open","ping_status":"closed","sticky":false,"template":"","format":"standard","meta":{"colormag_page_container_layout":"default_layout","colormag_page_sidebar_layout":"default_layout","om_disable_all_campaigns":false,"_monsterinsights_skip_tracking":false,"_monsterinsights_sitenote_active":false,"_monsterinsights_sitenote_note":"","_monsterinsights_sitenote_category":0,"footnotes":"","_wpscppro_dont_share_socialmedia":false,"_wpscppro_custom_social_share_image":0,"_facebook_share_type":"","_twitter_share_type":"","_linkedin_share_type":"","_pinterest_share_type":"","_linkedin_share_type_page":"","_instagram_share_type":"","_medium_share_type":"","_threads_share_type":"","_google_business_share_type":"","_selected_social_profile":[],"_wpsp_enable_custom_social_template":false,"_wpsp_social_scheduling":{"enabled":false,"datetime":null,"platforms":[],"status":"template_only","dateOption":"today","timeOption":"now","customDays":"","customHours":"","customDate":"","customTime":"","schedulingType":"absolute"},"_wpsp_active_default_template":true},"categories":[27],"tags":[],"class_list":["post-11924","post","type-post","status-publish","format-standard","hentry","category-actualite"],"aioseo_notices":[],"yoast_head":"<!-- This site is optimized with the Yoast SEO plugin v27.5 - https:\/\/yoast.com\/product\/yoast-seo-wordpress\/ -->\n<title>M\u00e9d\u00e9a : La poign\u00e9e d&#039;hommes qui embrasa la zone II - La Sentinelle<\/title>\n<meta name=\"robots\" content=\"index, follow, max-snippet:-1, max-image-preview:large, max-video-preview:-1\" \/>\n<link rel=\"canonical\" href=\"https:\/\/lasentinelle.dz\/index.php\/2021\/10\/31\/medea-la-poignee-dhommes-qui-embrasa-la-zone-ii\/\" \/>\n<meta property=\"og:locale\" content=\"fr_FR\" \/>\n<meta property=\"og:type\" content=\"article\" \/>\n<meta property=\"og:title\" content=\"M\u00e9d\u00e9a : La poign\u00e9e d&#039;hommes qui embrasa la zone II - La Sentinelle\" \/>\n<meta property=\"og:description\" content=\"La r\u00e9gion de M\u00e9d\u00e9a, que l&rsquo;arm\u00e9e coloniale fran\u00e7aise pensait \u00e0 tort contr\u00f4ler, ne tarda pas \u00e0 rallier le guerre de\" \/>\n<meta property=\"og:url\" content=\"https:\/\/lasentinelle.dz\/index.php\/2021\/10\/31\/medea-la-poignee-dhommes-qui-embrasa-la-zone-ii\/\" \/>\n<meta property=\"og:site_name\" content=\"La Sentinelle\" \/>\n<meta property=\"article:publisher\" content=\"https:\/\/www.facebook.com\/La-Sentinelle-104059864394773\" \/>\n<meta property=\"article:published_time\" content=\"2021-10-30T23:01:00+00:00\" \/>\n<meta name=\"author\" content=\"La Sentinelle\" \/>\n<meta name=\"twitter:card\" content=\"summary_large_image\" \/>\n<meta name=\"twitter:label1\" content=\"\u00c9crit par\" \/>\n\t<meta name=\"twitter:data1\" content=\"La Sentinelle\" \/>\n\t<meta name=\"twitter:label2\" content=\"Dur\u00e9e de lecture estim\u00e9e\" \/>\n\t<meta name=\"twitter:data2\" content=\"3 minutes\" \/>\n<script type=\"application\/ld+json\" class=\"yoast-schema-graph\">{\"@context\":\"https:\\\/\\\/schema.org\",\"@graph\":[{\"@type\":\"Article\",\"@id\":\"https:\\\/\\\/lasentinelle.dz\\\/index.php\\\/2021\\\/10\\\/31\\\/medea-la-poignee-dhommes-qui-embrasa-la-zone-ii\\\/#article\",\"isPartOf\":{\"@id\":\"https:\\\/\\\/lasentinelle.dz\\\/index.php\\\/2021\\\/10\\\/31\\\/medea-la-poignee-dhommes-qui-embrasa-la-zone-ii\\\/\"},\"author\":{\"name\":\"La Sentinelle\",\"@id\":\"https:\\\/\\\/lasentinelle.dz\\\/#\\\/schema\\\/person\\\/d865044e22e70a75174ce8bcad3acfb3\"},\"headline\":\"M\u00e9d\u00e9a : La poign\u00e9e d&rsquo;hommes qui embrasa la zone II\",\"datePublished\":\"2021-10-30T23:01:00+00:00\",\"mainEntityOfPage\":{\"@id\":\"https:\\\/\\\/lasentinelle.dz\\\/index.php\\\/2021\\\/10\\\/31\\\/medea-la-poignee-dhommes-qui-embrasa-la-zone-ii\\\/\"},\"wordCount\":700,\"commentCount\":0,\"publisher\":{\"@id\":\"https:\\\/\\\/lasentinelle.dz\\\/#organization\"},\"articleSection\":[\"Actualit\u00e9\"],\"inLanguage\":\"fr-FR\",\"potentialAction\":[{\"@type\":\"CommentAction\",\"name\":\"Comment\",\"target\":[\"https:\\\/\\\/lasentinelle.dz\\\/index.php\\\/2021\\\/10\\\/31\\\/medea-la-poignee-dhommes-qui-embrasa-la-zone-ii\\\/#respond\"]}]},{\"@type\":\"WebPage\",\"@id\":\"https:\\\/\\\/lasentinelle.dz\\\/index.php\\\/2021\\\/10\\\/31\\\/medea-la-poignee-dhommes-qui-embrasa-la-zone-ii\\\/\",\"url\":\"https:\\\/\\\/lasentinelle.dz\\\/index.php\\\/2021\\\/10\\\/31\\\/medea-la-poignee-dhommes-qui-embrasa-la-zone-ii\\\/\",\"name\":\"M\u00e9d\u00e9a : La poign\u00e9e d'hommes qui embrasa la zone II - La Sentinelle\",\"isPartOf\":{\"@id\":\"https:\\\/\\\/lasentinelle.dz\\\/#website\"},\"datePublished\":\"2021-10-30T23:01:00+00:00\",\"breadcrumb\":{\"@id\":\"https:\\\/\\\/lasentinelle.dz\\\/index.php\\\/2021\\\/10\\\/31\\\/medea-la-poignee-dhommes-qui-embrasa-la-zone-ii\\\/#breadcrumb\"},\"inLanguage\":\"fr-FR\",\"potentialAction\":[{\"@type\":\"ReadAction\",\"target\":[\"https:\\\/\\\/lasentinelle.dz\\\/index.php\\\/2021\\\/10\\\/31\\\/medea-la-poignee-dhommes-qui-embrasa-la-zone-ii\\\/\"]}]},{\"@type\":\"BreadcrumbList\",\"@id\":\"https:\\\/\\\/lasentinelle.dz\\\/index.php\\\/2021\\\/10\\\/31\\\/medea-la-poignee-dhommes-qui-embrasa-la-zone-ii\\\/#breadcrumb\",\"itemListElement\":[{\"@type\":\"ListItem\",\"position\":1,\"name\":\"Accueil\",\"item\":\"https:\\\/\\\/lasentinelle.dz\\\/\"},{\"@type\":\"ListItem\",\"position\":2,\"name\":\"M\u00e9d\u00e9a : La poign\u00e9e d&rsquo;hommes qui embrasa la zone II\"}]},{\"@type\":\"WebSite\",\"@id\":\"https:\\\/\\\/lasentinelle.dz\\\/#website\",\"url\":\"https:\\\/\\\/lasentinelle.dz\\\/\",\"name\":\"La Sentinelle\",\"description\":\"Quotidien national d&#039;information\",\"publisher\":{\"@id\":\"https:\\\/\\\/lasentinelle.dz\\\/#organization\"},\"potentialAction\":[{\"@type\":\"SearchAction\",\"target\":{\"@type\":\"EntryPoint\",\"urlTemplate\":\"https:\\\/\\\/lasentinelle.dz\\\/?s={search_term_string}\"},\"query-input\":{\"@type\":\"PropertyValueSpecification\",\"valueRequired\":true,\"valueName\":\"search_term_string\"}}],\"inLanguage\":\"fr-FR\"},{\"@type\":\"Organization\",\"@id\":\"https:\\\/\\\/lasentinelle.dz\\\/#organization\",\"name\":\"Quotidien La Sentinelle\",\"url\":\"https:\\\/\\\/lasentinelle.dz\\\/\",\"logo\":{\"@type\":\"ImageObject\",\"inLanguage\":\"fr-FR\",\"@id\":\"https:\\\/\\\/lasentinelle.dz\\\/#\\\/schema\\\/logo\\\/image\\\/\",\"url\":\"https:\\\/\\\/lasentinelle.dz\\\/wp-content\\\/uploads\\\/2021\\\/09\\\/logo-sentinelleSLOGAN-1.png\",\"contentUrl\":\"https:\\\/\\\/lasentinelle.dz\\\/wp-content\\\/uploads\\\/2021\\\/09\\\/logo-sentinelleSLOGAN-1.png\",\"width\":615,\"height\":142,\"caption\":\"Quotidien La Sentinelle\"},\"image\":{\"@id\":\"https:\\\/\\\/lasentinelle.dz\\\/#\\\/schema\\\/logo\\\/image\\\/\"},\"sameAs\":[\"https:\\\/\\\/www.facebook.com\\\/La-Sentinelle-104059864394773\"]},{\"@type\":\"Person\",\"@id\":\"https:\\\/\\\/lasentinelle.dz\\\/#\\\/schema\\\/person\\\/d865044e22e70a75174ce8bcad3acfb3\",\"name\":\"La Sentinelle\",\"image\":{\"@type\":\"ImageObject\",\"inLanguage\":\"fr-FR\",\"@id\":\"https:\\\/\\\/secure.gravatar.com\\\/avatar\\\/57de8e5d4b15d43fb361a71fbb36338450fe67865b528a43dd10ef7c51a20392?s=96&d=mm&r=g\",\"url\":\"https:\\\/\\\/secure.gravatar.com\\\/avatar\\\/57de8e5d4b15d43fb361a71fbb36338450fe67865b528a43dd10ef7c51a20392?s=96&d=mm&r=g\",\"contentUrl\":\"https:\\\/\\\/secure.gravatar.com\\\/avatar\\\/57de8e5d4b15d43fb361a71fbb36338450fe67865b528a43dd10ef7c51a20392?s=96&d=mm&r=g\",\"caption\":\"La Sentinelle\"},\"sameAs\":[\"http:\\\/\\\/www.lasentinelle.dz\"],\"url\":\"https:\\\/\\\/lasentinelle.dz\\\/author\\\/redaction\\\/\"}]}<\/script>\n<!-- \/ Yoast SEO plugin. -->","yoast_head_json":{"title":"M\u00e9d\u00e9a : La poign\u00e9e d'hommes qui embrasa la zone II - La Sentinelle","robots":{"index":"index","follow":"follow","max-snippet":"max-snippet:-1","max-image-preview":"max-image-preview:large","max-video-preview":"max-video-preview:-1"},"canonical":"https:\/\/lasentinelle.dz\/index.php\/2021\/10\/31\/medea-la-poignee-dhommes-qui-embrasa-la-zone-ii\/","og_locale":"fr_FR","og_type":"article","og_title":"M\u00e9d\u00e9a : La poign\u00e9e d'hommes qui embrasa la zone II - La Sentinelle","og_description":"La r\u00e9gion de M\u00e9d\u00e9a, que l&rsquo;arm\u00e9e coloniale fran\u00e7aise pensait \u00e0 tort contr\u00f4ler, ne tarda pas \u00e0 rallier le guerre de","og_url":"https:\/\/lasentinelle.dz\/index.php\/2021\/10\/31\/medea-la-poignee-dhommes-qui-embrasa-la-zone-ii\/","og_site_name":"La Sentinelle","article_publisher":"https:\/\/www.facebook.com\/La-Sentinelle-104059864394773","article_published_time":"2021-10-30T23:01:00+00:00","author":"La Sentinelle","twitter_card":"summary_large_image","twitter_misc":{"\u00c9crit par":"La Sentinelle","Dur\u00e9e de lecture estim\u00e9e":"3 minutes"},"schema":{"@context":"https:\/\/schema.org","@graph":[{"@type":"Article","@id":"https:\/\/lasentinelle.dz\/index.php\/2021\/10\/31\/medea-la-poignee-dhommes-qui-embrasa-la-zone-ii\/#article","isPartOf":{"@id":"https:\/\/lasentinelle.dz\/index.php\/2021\/10\/31\/medea-la-poignee-dhommes-qui-embrasa-la-zone-ii\/"},"author":{"name":"La Sentinelle","@id":"https:\/\/lasentinelle.dz\/#\/schema\/person\/d865044e22e70a75174ce8bcad3acfb3"},"headline":"M\u00e9d\u00e9a : La poign\u00e9e d&rsquo;hommes qui embrasa la zone II","datePublished":"2021-10-30T23:01:00+00:00","mainEntityOfPage":{"@id":"https:\/\/lasentinelle.dz\/index.php\/2021\/10\/31\/medea-la-poignee-dhommes-qui-embrasa-la-zone-ii\/"},"wordCount":700,"commentCount":0,"publisher":{"@id":"https:\/\/lasentinelle.dz\/#organization"},"articleSection":["Actualit\u00e9"],"inLanguage":"fr-FR","potentialAction":[{"@type":"CommentAction","name":"Comment","target":["https:\/\/lasentinelle.dz\/index.php\/2021\/10\/31\/medea-la-poignee-dhommes-qui-embrasa-la-zone-ii\/#respond"]}]},{"@type":"WebPage","@id":"https:\/\/lasentinelle.dz\/index.php\/2021\/10\/31\/medea-la-poignee-dhommes-qui-embrasa-la-zone-ii\/","url":"https:\/\/lasentinelle.dz\/index.php\/2021\/10\/31\/medea-la-poignee-dhommes-qui-embrasa-la-zone-ii\/","name":"M\u00e9d\u00e9a : La poign\u00e9e d'hommes qui embrasa la zone II - La Sentinelle","isPartOf":{"@id":"https:\/\/lasentinelle.dz\/#website"},"datePublished":"2021-10-30T23:01:00+00:00","breadcrumb":{"@id":"https:\/\/lasentinelle.dz\/index.php\/2021\/10\/31\/medea-la-poignee-dhommes-qui-embrasa-la-zone-ii\/#breadcrumb"},"inLanguage":"fr-FR","potentialAction":[{"@type":"ReadAction","target":["https:\/\/lasentinelle.dz\/index.php\/2021\/10\/31\/medea-la-poignee-dhommes-qui-embrasa-la-zone-ii\/"]}]},{"@type":"BreadcrumbList","@id":"https:\/\/lasentinelle.dz\/index.php\/2021\/10\/31\/medea-la-poignee-dhommes-qui-embrasa-la-zone-ii\/#breadcrumb","itemListElement":[{"@type":"ListItem","position":1,"name":"Accueil","item":"https:\/\/lasentinelle.dz\/"},{"@type":"ListItem","position":2,"name":"M\u00e9d\u00e9a : La poign\u00e9e d&rsquo;hommes qui embrasa la zone II"}]},{"@type":"WebSite","@id":"https:\/\/lasentinelle.dz\/#website","url":"https:\/\/lasentinelle.dz\/","name":"La Sentinelle","description":"Quotidien national d&#039;information","publisher":{"@id":"https:\/\/lasentinelle.dz\/#organization"},"potentialAction":[{"@type":"SearchAction","target":{"@type":"EntryPoint","urlTemplate":"https:\/\/lasentinelle.dz\/?s={search_term_string}"},"query-input":{"@type":"PropertyValueSpecification","valueRequired":true,"valueName":"search_term_string"}}],"inLanguage":"fr-FR"},{"@type":"Organization","@id":"https:\/\/lasentinelle.dz\/#organization","name":"Quotidien La Sentinelle","url":"https:\/\/lasentinelle.dz\/","logo":{"@type":"ImageObject","inLanguage":"fr-FR","@id":"https:\/\/lasentinelle.dz\/#\/schema\/logo\/image\/","url":"https:\/\/lasentinelle.dz\/wp-content\/uploads\/2021\/09\/logo-sentinelleSLOGAN-1.png","contentUrl":"https:\/\/lasentinelle.dz\/wp-content\/uploads\/2021\/09\/logo-sentinelleSLOGAN-1.png","width":615,"height":142,"caption":"Quotidien La Sentinelle"},"image":{"@id":"https:\/\/lasentinelle.dz\/#\/schema\/logo\/image\/"},"sameAs":["https:\/\/www.facebook.com\/La-Sentinelle-104059864394773"]},{"@type":"Person","@id":"https:\/\/lasentinelle.dz\/#\/schema\/person\/d865044e22e70a75174ce8bcad3acfb3","name":"La Sentinelle","image":{"@type":"ImageObject","inLanguage":"fr-FR","@id":"https:\/\/secure.gravatar.com\/avatar\/57de8e5d4b15d43fb361a71fbb36338450fe67865b528a43dd10ef7c51a20392?s=96&d=mm&r=g","url":"https:\/\/secure.gravatar.com\/avatar\/57de8e5d4b15d43fb361a71fbb36338450fe67865b528a43dd10ef7c51a20392?s=96&d=mm&r=g","contentUrl":"https:\/\/secure.gravatar.com\/avatar\/57de8e5d4b15d43fb361a71fbb36338450fe67865b528a43dd10ef7c51a20392?s=96&d=mm&r=g","caption":"La Sentinelle"},"sameAs":["http:\/\/www.lasentinelle.dz"],"url":"https:\/\/lasentinelle.dz\/author\/redaction\/"}]}},"_links":{"self":[{"href":"https:\/\/lasentinelle.dz\/index.php\/wp-json\/wp\/v2\/posts\/11924","targetHints":{"allow":["GET"]}}],"collection":[{"href":"https:\/\/lasentinelle.dz\/index.php\/wp-json\/wp\/v2\/posts"}],"about":[{"href":"https:\/\/lasentinelle.dz\/index.php\/wp-json\/wp\/v2\/types\/post"}],"author":[{"embeddable":true,"href":"https:\/\/lasentinelle.dz\/index.php\/wp-json\/wp\/v2\/users\/3"}],"replies":[{"embeddable":true,"href":"https:\/\/lasentinelle.dz\/index.php\/wp-json\/wp\/v2\/comments?post=11924"}],"version-history":[{"count":1,"href":"https:\/\/lasentinelle.dz\/index.php\/wp-json\/wp\/v2\/posts\/11924\/revisions"}],"predecessor-version":[{"id":11929,"href":"https:\/\/lasentinelle.dz\/index.php\/wp-json\/wp\/v2\/posts\/11924\/revisions\/11929"}],"wp:attachment":[{"href":"https:\/\/lasentinelle.dz\/index.php\/wp-json\/wp\/v2\/media?parent=11924"}],"wp:term":[{"taxonomy":"category","embeddable":true,"href":"https:\/\/lasentinelle.dz\/index.php\/wp-json\/wp\/v2\/categories?post=11924"},{"taxonomy":"post_tag","embeddable":true,"href":"https:\/\/lasentinelle.dz\/index.php\/wp-json\/wp\/v2\/tags?post=11924"}],"curies":[{"name":"wp","href":"https:\/\/api.w.org\/{rel}","templated":true}]}}