{"id":11967,"date":"2021-10-31T00:05:00","date_gmt":"2021-10-30T23:05:00","guid":{"rendered":"https:\/\/lasentinelle.dz\/?p=11967"},"modified":"2021-10-30T20:05:11","modified_gmt":"2021-10-30T19:05:11","slug":"reunion-du-gouvernement-de-nouvelles-conditions-imposees-aux-operateurs-en-telecommunications","status":"publish","type":"post","link":"https:\/\/lasentinelle.dz\/index.php\/2021\/10\/31\/reunion-du-gouvernement-de-nouvelles-conditions-imposees-aux-operateurs-en-telecommunications\/","title":{"rendered":"R\u00e9union du Gouvernement : De nouvelles conditions impos\u00e9es aux op\u00e9rateurs en t\u00e9l\u00e9communications"},"content":{"rendered":"\n<p>Un nouveau texte r\u00e9gira les conditions d\u2019octroi dde l\u2019autorisation g\u00e9n\u00e9rale pour l\u2019\u00e9tablissement, l\u2019exploitation et\/ou la fourniture des services de communications \u00e9lectronique au public et les montants des redevances y aff\u00e9rant.<\/p>\n\n\n\n<p>Hier, le Gouvernement a examin\u00e9 lors de sa r\u00e9union hebdomadaire pr\u00e9sid\u00e9e par le Premier ministre et ministre des Finances, A\u00efmeneBenabderrahmane, un projet de D\u00e9cret ex\u00e9cutif fixant les conditions de d\u00e9livrance de l\u2019autorisation g\u00e9n\u00e9rale pour l\u2019\u00e9tablissement, l\u2019exploitation et\/ou la fourniture des services de communications \u00e9lectronique au public et les montants de la contrepartie financi\u00e8re des redevances et des contributions annuelles y aff\u00e9rentes. Selon le communiqu\u00e9 des services du Premier qui sanctionn\u00e9 les travaux de la r\u00e9union, le nouveau texte a pour objectif de simplifier \u00ab&nbsp;les proc\u00e9dures relatives aux conditions de d\u00e9livrance de l\u2019autorisation g\u00e9n\u00e9rale&nbsp;\u00bb ainsi que de stabiliserles \u00ab&nbsp;investissements des op\u00e9rateurs \u00e9conomiques tout en leur garantissant une pr\u00e9visibilit\u00e9 ad\u00e9quate quant \u00e0 leurs investissements&nbsp;\u00bb. En ce qui concerne le volet de la fixation des montants des redevances, \u00ab&nbsp;le texte tient dument compte des sp\u00e9cificit\u00e9s du march\u00e9 national des communications \u00e9lectroniques et s\u2019inscrit dans le sens de la politique du Gouvernement en mati\u00e8re d\u2019incitation \u00e0 l\u2019investissement et de facilitation de l\u2019\u00e9mergence de nouveaux acteurs dans l\u2019\u00e9conomie num\u00e9rique, segment prioritaire du plan de relance \u00e9conomique&nbsp;\u00bb.<\/p>\n\n\n\n<p>Rationalisation des importations<\/p>\n\n\n\n<p>Notons par ailleurs que la r\u00e9union du gouvernement a \u00e9t\u00e9 mise \u00e0 profit pour l\u2019examen de deux textes pr\u00e9sent\u00e9s par le ministre du Commerce et de la Promotion des exportations. Il s\u2019agit en premier lieu du projet de D\u00e9cret ex\u00e9cutif compl\u00e9tant le D\u00e9cret ex\u00e9cutif n 15-306 du 06\/12\/2015 fixant les conditions et les modalit\u00e9s d\u2019application des r\u00e9gimes de licence d\u2019importation ou d\u2019exportation de produits et marchandises.<\/p>\n\n\n\n<p>\u00ab&nbsp;Ce projet de texte s\u2019inscrit dans le cadre du programme du secteur du commerce relatif \u00e0 l\u2019encadrement du commerce ext\u00e9rieur, notamment en mati\u00e8re de rationalisation et d\u2019organisation de l\u2019importation et vise \u00e0 unifier certaines dispositions relatives aux licences automatiques d\u2019importation et ce, conform\u00e9ment aux exigences de l\u2019Ordonnance n 03-04 du 19\/07\/2003, modifi\u00e9e et compl\u00e9t\u00e9e, relative aux r\u00e8gles g\u00e9n\u00e9rales applicables aux op\u00e9rations d\u2019importation et d\u2019exportation des marchandises&nbsp;\u00bb, pr\u00e9cise le communiqu\u00e9.<\/p>\n\n\n\n<p>Kamel Rezig a, par ailleurs, pr\u00e9sent\u00e9 une&nbsp; communicationportant sur la proc\u00e9dure de suspension temporaire d\u2019importation des produits class\u00e9s sous les rubriques tarifaires intitul\u00e9es \u00ab\u00a0Autres\u00a0\u00bb.Cette mesure entre dans le cadre de l\u2019assainissement de la rubrique intitul\u00e9es \u00ab\u00a0Autres\u00a0\u00bb et ce, apr\u00e8s avoir constat\u00e9 un recours exag\u00e9r\u00e9 par certains op\u00e9rateurs \u00e0 la domiciliation de leurs importations sous cette rubrique. Comme elle vise \u00e9galement une meilleure identification et tra\u00e7abilit\u00e9 des op\u00e9rations d\u2019importation et leur ad\u00e9quation avec les besoins r\u00e9els de la demande interne.<\/p>\n\n\n\n<p>Enfin et dans le domaine de l\u2019Industrie, le Gouvernement a entendu une communication sur les mesures prises pour lever les contraintes entravant la mise en exploitation des projets d\u2019investissements achev\u00e9s qui a port\u00e9 sur les travaux men\u00e9s par le Comit\u00e9 national charg\u00e9 du suivi de la situation des projets d\u2019investissement achev\u00e9s, non entr\u00e9e en exploitation, qui ont permis d\u2019\u00e9tablir un recensement exhaustif des projets concern\u00e9s par cette situation ainsi que l\u2019identification des contraintes entravant leur mise en exploitation.A ce titre, le Premier ministre a charg\u00e9 l\u2019ensemble des secteurs concern\u00e9s \u00e0 l\u2019effet d\u2019engager, sans d\u00e9lais, les mesures n\u00e9cessaires en vue de lever toutes les contraintes rencontr\u00e9es, en permettant ainsi l\u2019entr\u00e9e en exploitation desdits projets et ce, avant la fin de l\u2019ann\u00e9e en cours\u00a0\u00bb.<\/p>\n\n\n\n<p>Chokri Hafed<\/p>\n","protected":false},"excerpt":{"rendered":"<p>Un nouveau texte r\u00e9gira les conditions d\u2019octroi dde l\u2019autorisation g\u00e9n\u00e9rale pour l\u2019\u00e9tablissement, l\u2019exploitation et\/ou la fourniture des services de communications<\/p>\n","protected":false},"author":3,"featured_media":11989,"comment_status":"open","ping_status":"closed","sticky":false,"template":"","format":"standard","meta":{"colormag_page_container_layout":"default_layout","colormag_page_sidebar_layout":"default_layout","om_disable_all_campaigns":false,"_monsterinsights_skip_tracking":false,"_monsterinsights_sitenote_active":false,"_monsterinsights_sitenote_note":"","_monsterinsights_sitenote_category":0,"footnotes":"","_wpscppro_dont_share_socialmedia":false,"_wpscppro_custom_social_share_image":0,"_facebook_share_type":"","_twitter_share_type":"","_linkedin_share_type":"","_pinterest_share_type":"","_linkedin_share_type_page":"","_instagram_share_type":"","_medium_share_type":"","_threads_share_type":"","_google_business_share_type":"","_selected_social_profile":[],"_wpsp_enable_custom_social_template":false,"_wpsp_social_scheduling":{"enabled":false,"datetime":null,"platforms":[],"status":"template_only","dateOption":"today","timeOption":"now","customDays":"","customHours":"","customDate":"","customTime":"","schedulingType":"absolute"},"_wpsp_active_default_template":true},"categories":[52,27],"tags":[],"class_list":["post-11967","post","type-post","status-publish","format-standard","has-post-thumbnail","hentry","category-a-la-une","category-actualite"],"aioseo_notices":[],"yoast_head":"<!-- This site is optimized with the Yoast SEO plugin v27.5 - https:\/\/yoast.com\/product\/yoast-seo-wordpress\/ -->\n<title>R\u00e9union du Gouvernement : De nouvelles conditions impos\u00e9es aux op\u00e9rateurs en t\u00e9l\u00e9communications - La Sentinelle<\/title>\n<meta name=\"robots\" content=\"index, follow, max-snippet:-1, max-image-preview:large, max-video-preview:-1\" \/>\n<link rel=\"canonical\" href=\"https:\/\/lasentinelle.dz\/index.php\/2021\/10\/31\/reunion-du-gouvernement-de-nouvelles-conditions-imposees-aux-operateurs-en-telecommunications\/\" \/>\n<meta property=\"og:locale\" content=\"fr_FR\" \/>\n<meta property=\"og:type\" content=\"article\" \/>\n<meta property=\"og:title\" content=\"R\u00e9union du Gouvernement : De nouvelles conditions impos\u00e9es aux op\u00e9rateurs en t\u00e9l\u00e9communications - La Sentinelle\" \/>\n<meta property=\"og:description\" content=\"Un nouveau texte r\u00e9gira les conditions d\u2019octroi dde l\u2019autorisation g\u00e9n\u00e9rale pour l\u2019\u00e9tablissement, l\u2019exploitation et\/ou la fourniture des services de communications\" \/>\n<meta property=\"og:url\" content=\"https:\/\/lasentinelle.dz\/index.php\/2021\/10\/31\/reunion-du-gouvernement-de-nouvelles-conditions-imposees-aux-operateurs-en-telecommunications\/\" \/>\n<meta property=\"og:site_name\" content=\"La Sentinelle\" \/>\n<meta property=\"article:publisher\" content=\"https:\/\/www.facebook.com\/La-Sentinelle-104059864394773\" \/>\n<meta property=\"article:published_time\" content=\"2021-10-30T23:05:00+00:00\" \/>\n<meta property=\"og:image\" content=\"https:\/\/lasentinelle.dz\/wp-content\/uploads\/2021\/10\/4.png\" \/>\n\t<meta property=\"og:image:width\" content=\"1507\" \/>\n\t<meta property=\"og:image:height\" content=\"900\" \/>\n\t<meta property=\"og:image:type\" content=\"image\/png\" \/>\n<meta name=\"author\" content=\"La Sentinelle\" \/>\n<meta name=\"twitter:card\" content=\"summary_large_image\" \/>\n<meta name=\"twitter:label1\" content=\"\u00c9crit par\" \/>\n\t<meta name=\"twitter:data1\" content=\"La Sentinelle\" \/>\n\t<meta name=\"twitter:label2\" content=\"Dur\u00e9e de lecture estim\u00e9e\" \/>\n\t<meta name=\"twitter:data2\" content=\"3 minutes\" \/>\n<script type=\"application\/ld+json\" class=\"yoast-schema-graph\">{\"@context\":\"https:\\\/\\\/schema.org\",\"@graph\":[{\"@type\":\"Article\",\"@id\":\"https:\\\/\\\/lasentinelle.dz\\\/index.php\\\/2021\\\/10\\\/31\\\/reunion-du-gouvernement-de-nouvelles-conditions-imposees-aux-operateurs-en-telecommunications\\\/#article\",\"isPartOf\":{\"@id\":\"https:\\\/\\\/lasentinelle.dz\\\/index.php\\\/2021\\\/10\\\/31\\\/reunion-du-gouvernement-de-nouvelles-conditions-imposees-aux-operateurs-en-telecommunications\\\/\"},\"author\":{\"name\":\"La Sentinelle\",\"@id\":\"https:\\\/\\\/lasentinelle.dz\\\/#\\\/schema\\\/person\\\/d865044e22e70a75174ce8bcad3acfb3\"},\"headline\":\"R\u00e9union du Gouvernement : De nouvelles conditions impos\u00e9es aux op\u00e9rateurs en t\u00e9l\u00e9communications\",\"datePublished\":\"2021-10-30T23:05:00+00:00\",\"mainEntityOfPage\":{\"@id\":\"https:\\\/\\\/lasentinelle.dz\\\/index.php\\\/2021\\\/10\\\/31\\\/reunion-du-gouvernement-de-nouvelles-conditions-imposees-aux-operateurs-en-telecommunications\\\/\"},\"wordCount\":672,\"commentCount\":0,\"publisher\":{\"@id\":\"https:\\\/\\\/lasentinelle.dz\\\/#organization\"},\"image\":{\"@id\":\"https:\\\/\\\/lasentinelle.dz\\\/index.php\\\/2021\\\/10\\\/31\\\/reunion-du-gouvernement-de-nouvelles-conditions-imposees-aux-operateurs-en-telecommunications\\\/#primaryimage\"},\"thumbnailUrl\":\"https:\\\/\\\/lasentinelle.dz\\\/wp-content\\\/uploads\\\/2021\\\/10\\\/4.png\",\"articleSection\":[\"\u00c0 la Une\",\"Actualit\u00e9\"],\"inLanguage\":\"fr-FR\",\"potentialAction\":[{\"@type\":\"CommentAction\",\"name\":\"Comment\",\"target\":[\"https:\\\/\\\/lasentinelle.dz\\\/index.php\\\/2021\\\/10\\\/31\\\/reunion-du-gouvernement-de-nouvelles-conditions-imposees-aux-operateurs-en-telecommunications\\\/#respond\"]}]},{\"@type\":\"WebPage\",\"@id\":\"https:\\\/\\\/lasentinelle.dz\\\/index.php\\\/2021\\\/10\\\/31\\\/reunion-du-gouvernement-de-nouvelles-conditions-imposees-aux-operateurs-en-telecommunications\\\/\",\"url\":\"https:\\\/\\\/lasentinelle.dz\\\/index.php\\\/2021\\\/10\\\/31\\\/reunion-du-gouvernement-de-nouvelles-conditions-imposees-aux-operateurs-en-telecommunications\\\/\",\"name\":\"R\u00e9union du Gouvernement : De nouvelles conditions impos\u00e9es aux op\u00e9rateurs en t\u00e9l\u00e9communications - La Sentinelle\",\"isPartOf\":{\"@id\":\"https:\\\/\\\/lasentinelle.dz\\\/#website\"},\"primaryImageOfPage\":{\"@id\":\"https:\\\/\\\/lasentinelle.dz\\\/index.php\\\/2021\\\/10\\\/31\\\/reunion-du-gouvernement-de-nouvelles-conditions-imposees-aux-operateurs-en-telecommunications\\\/#primaryimage\"},\"image\":{\"@id\":\"https:\\\/\\\/lasentinelle.dz\\\/index.php\\\/2021\\\/10\\\/31\\\/reunion-du-gouvernement-de-nouvelles-conditions-imposees-aux-operateurs-en-telecommunications\\\/#primaryimage\"},\"thumbnailUrl\":\"https:\\\/\\\/lasentinelle.dz\\\/wp-content\\\/uploads\\\/2021\\\/10\\\/4.png\",\"datePublished\":\"2021-10-30T23:05:00+00:00\",\"breadcrumb\":{\"@id\":\"https:\\\/\\\/lasentinelle.dz\\\/index.php\\\/2021\\\/10\\\/31\\\/reunion-du-gouvernement-de-nouvelles-conditions-imposees-aux-operateurs-en-telecommunications\\\/#breadcrumb\"},\"inLanguage\":\"fr-FR\",\"potentialAction\":[{\"@type\":\"ReadAction\",\"target\":[\"https:\\\/\\\/lasentinelle.dz\\\/index.php\\\/2021\\\/10\\\/31\\\/reunion-du-gouvernement-de-nouvelles-conditions-imposees-aux-operateurs-en-telecommunications\\\/\"]}]},{\"@type\":\"ImageObject\",\"inLanguage\":\"fr-FR\",\"@id\":\"https:\\\/\\\/lasentinelle.dz\\\/index.php\\\/2021\\\/10\\\/31\\\/reunion-du-gouvernement-de-nouvelles-conditions-imposees-aux-operateurs-en-telecommunications\\\/#primaryimage\",\"url\":\"https:\\\/\\\/lasentinelle.dz\\\/wp-content\\\/uploads\\\/2021\\\/10\\\/4.png\",\"contentUrl\":\"https:\\\/\\\/lasentinelle.dz\\\/wp-content\\\/uploads\\\/2021\\\/10\\\/4.png\",\"width\":1507,\"height\":900},{\"@type\":\"BreadcrumbList\",\"@id\":\"https:\\\/\\\/lasentinelle.dz\\\/index.php\\\/2021\\\/10\\\/31\\\/reunion-du-gouvernement-de-nouvelles-conditions-imposees-aux-operateurs-en-telecommunications\\\/#breadcrumb\",\"itemListElement\":[{\"@type\":\"ListItem\",\"position\":1,\"name\":\"Accueil\",\"item\":\"https:\\\/\\\/lasentinelle.dz\\\/\"},{\"@type\":\"ListItem\",\"position\":2,\"name\":\"R\u00e9union du Gouvernement : De nouvelles conditions impos\u00e9es aux op\u00e9rateurs en t\u00e9l\u00e9communications\"}]},{\"@type\":\"WebSite\",\"@id\":\"https:\\\/\\\/lasentinelle.dz\\\/#website\",\"url\":\"https:\\\/\\\/lasentinelle.dz\\\/\",\"name\":\"La Sentinelle\",\"description\":\"Quotidien national d&#039;information\",\"publisher\":{\"@id\":\"https:\\\/\\\/lasentinelle.dz\\\/#organization\"},\"potentialAction\":[{\"@type\":\"SearchAction\",\"target\":{\"@type\":\"EntryPoint\",\"urlTemplate\":\"https:\\\/\\\/lasentinelle.dz\\\/?s={search_term_string}\"},\"query-input\":{\"@type\":\"PropertyValueSpecification\",\"valueRequired\":true,\"valueName\":\"search_term_string\"}}],\"inLanguage\":\"fr-FR\"},{\"@type\":\"Organization\",\"@id\":\"https:\\\/\\\/lasentinelle.dz\\\/#organization\",\"name\":\"Quotidien La Sentinelle\",\"url\":\"https:\\\/\\\/lasentinelle.dz\\\/\",\"logo\":{\"@type\":\"ImageObject\",\"inLanguage\":\"fr-FR\",\"@id\":\"https:\\\/\\\/lasentinelle.dz\\\/#\\\/schema\\\/logo\\\/image\\\/\",\"url\":\"https:\\\/\\\/lasentinelle.dz\\\/wp-content\\\/uploads\\\/2021\\\/09\\\/logo-sentinelleSLOGAN-1.png\",\"contentUrl\":\"https:\\\/\\\/lasentinelle.dz\\\/wp-content\\\/uploads\\\/2021\\\/09\\\/logo-sentinelleSLOGAN-1.png\",\"width\":615,\"height\":142,\"caption\":\"Quotidien La Sentinelle\"},\"image\":{\"@id\":\"https:\\\/\\\/lasentinelle.dz\\\/#\\\/schema\\\/logo\\\/image\\\/\"},\"sameAs\":[\"https:\\\/\\\/www.facebook.com\\\/La-Sentinelle-104059864394773\"]},{\"@type\":\"Person\",\"@id\":\"https:\\\/\\\/lasentinelle.dz\\\/#\\\/schema\\\/person\\\/d865044e22e70a75174ce8bcad3acfb3\",\"name\":\"La Sentinelle\",\"image\":{\"@type\":\"ImageObject\",\"inLanguage\":\"fr-FR\",\"@id\":\"https:\\\/\\\/secure.gravatar.com\\\/avatar\\\/57de8e5d4b15d43fb361a71fbb36338450fe67865b528a43dd10ef7c51a20392?s=96&d=mm&r=g\",\"url\":\"https:\\\/\\\/secure.gravatar.com\\\/avatar\\\/57de8e5d4b15d43fb361a71fbb36338450fe67865b528a43dd10ef7c51a20392?s=96&d=mm&r=g\",\"contentUrl\":\"https:\\\/\\\/secure.gravatar.com\\\/avatar\\\/57de8e5d4b15d43fb361a71fbb36338450fe67865b528a43dd10ef7c51a20392?s=96&d=mm&r=g\",\"caption\":\"La Sentinelle\"},\"sameAs\":[\"http:\\\/\\\/www.lasentinelle.dz\"],\"url\":\"https:\\\/\\\/lasentinelle.dz\\\/author\\\/redaction\\\/\"}]}<\/script>\n<!-- \/ Yoast SEO plugin. -->","yoast_head_json":{"title":"R\u00e9union du Gouvernement : De nouvelles conditions impos\u00e9es aux op\u00e9rateurs en t\u00e9l\u00e9communications - La Sentinelle","robots":{"index":"index","follow":"follow","max-snippet":"max-snippet:-1","max-image-preview":"max-image-preview:large","max-video-preview":"max-video-preview:-1"},"canonical":"https:\/\/lasentinelle.dz\/index.php\/2021\/10\/31\/reunion-du-gouvernement-de-nouvelles-conditions-imposees-aux-operateurs-en-telecommunications\/","og_locale":"fr_FR","og_type":"article","og_title":"R\u00e9union du Gouvernement : De nouvelles conditions impos\u00e9es aux op\u00e9rateurs en t\u00e9l\u00e9communications - La Sentinelle","og_description":"Un nouveau texte r\u00e9gira les conditions d\u2019octroi dde l\u2019autorisation g\u00e9n\u00e9rale pour l\u2019\u00e9tablissement, l\u2019exploitation et\/ou la fourniture des services de communications","og_url":"https:\/\/lasentinelle.dz\/index.php\/2021\/10\/31\/reunion-du-gouvernement-de-nouvelles-conditions-imposees-aux-operateurs-en-telecommunications\/","og_site_name":"La Sentinelle","article_publisher":"https:\/\/www.facebook.com\/La-Sentinelle-104059864394773","article_published_time":"2021-10-30T23:05:00+00:00","og_image":[{"width":1507,"height":900,"url":"https:\/\/lasentinelle.dz\/wp-content\/uploads\/2021\/10\/4.png","type":"image\/png"}],"author":"La Sentinelle","twitter_card":"summary_large_image","twitter_misc":{"\u00c9crit par":"La Sentinelle","Dur\u00e9e de lecture estim\u00e9e":"3 minutes"},"schema":{"@context":"https:\/\/schema.org","@graph":[{"@type":"Article","@id":"https:\/\/lasentinelle.dz\/index.php\/2021\/10\/31\/reunion-du-gouvernement-de-nouvelles-conditions-imposees-aux-operateurs-en-telecommunications\/#article","isPartOf":{"@id":"https:\/\/lasentinelle.dz\/index.php\/2021\/10\/31\/reunion-du-gouvernement-de-nouvelles-conditions-imposees-aux-operateurs-en-telecommunications\/"},"author":{"name":"La Sentinelle","@id":"https:\/\/lasentinelle.dz\/#\/schema\/person\/d865044e22e70a75174ce8bcad3acfb3"},"headline":"R\u00e9union du Gouvernement : De nouvelles conditions impos\u00e9es aux op\u00e9rateurs en t\u00e9l\u00e9communications","datePublished":"2021-10-30T23:05:00+00:00","mainEntityOfPage":{"@id":"https:\/\/lasentinelle.dz\/index.php\/2021\/10\/31\/reunion-du-gouvernement-de-nouvelles-conditions-imposees-aux-operateurs-en-telecommunications\/"},"wordCount":672,"commentCount":0,"publisher":{"@id":"https:\/\/lasentinelle.dz\/#organization"},"image":{"@id":"https:\/\/lasentinelle.dz\/index.php\/2021\/10\/31\/reunion-du-gouvernement-de-nouvelles-conditions-imposees-aux-operateurs-en-telecommunications\/#primaryimage"},"thumbnailUrl":"https:\/\/lasentinelle.dz\/wp-content\/uploads\/2021\/10\/4.png","articleSection":["\u00c0 la Une","Actualit\u00e9"],"inLanguage":"fr-FR","potentialAction":[{"@type":"CommentAction","name":"Comment","target":["https:\/\/lasentinelle.dz\/index.php\/2021\/10\/31\/reunion-du-gouvernement-de-nouvelles-conditions-imposees-aux-operateurs-en-telecommunications\/#respond"]}]},{"@type":"WebPage","@id":"https:\/\/lasentinelle.dz\/index.php\/2021\/10\/31\/reunion-du-gouvernement-de-nouvelles-conditions-imposees-aux-operateurs-en-telecommunications\/","url":"https:\/\/lasentinelle.dz\/index.php\/2021\/10\/31\/reunion-du-gouvernement-de-nouvelles-conditions-imposees-aux-operateurs-en-telecommunications\/","name":"R\u00e9union du Gouvernement : De nouvelles conditions impos\u00e9es aux op\u00e9rateurs en t\u00e9l\u00e9communications - La Sentinelle","isPartOf":{"@id":"https:\/\/lasentinelle.dz\/#website"},"primaryImageOfPage":{"@id":"https:\/\/lasentinelle.dz\/index.php\/2021\/10\/31\/reunion-du-gouvernement-de-nouvelles-conditions-imposees-aux-operateurs-en-telecommunications\/#primaryimage"},"image":{"@id":"https:\/\/lasentinelle.dz\/index.php\/2021\/10\/31\/reunion-du-gouvernement-de-nouvelles-conditions-imposees-aux-operateurs-en-telecommunications\/#primaryimage"},"thumbnailUrl":"https:\/\/lasentinelle.dz\/wp-content\/uploads\/2021\/10\/4.png","datePublished":"2021-10-30T23:05:00+00:00","breadcrumb":{"@id":"https:\/\/lasentinelle.dz\/index.php\/2021\/10\/31\/reunion-du-gouvernement-de-nouvelles-conditions-imposees-aux-operateurs-en-telecommunications\/#breadcrumb"},"inLanguage":"fr-FR","potentialAction":[{"@type":"ReadAction","target":["https:\/\/lasentinelle.dz\/index.php\/2021\/10\/31\/reunion-du-gouvernement-de-nouvelles-conditions-imposees-aux-operateurs-en-telecommunications\/"]}]},{"@type":"ImageObject","inLanguage":"fr-FR","@id":"https:\/\/lasentinelle.dz\/index.php\/2021\/10\/31\/reunion-du-gouvernement-de-nouvelles-conditions-imposees-aux-operateurs-en-telecommunications\/#primaryimage","url":"https:\/\/lasentinelle.dz\/wp-content\/uploads\/2021\/10\/4.png","contentUrl":"https:\/\/lasentinelle.dz\/wp-content\/uploads\/2021\/10\/4.png","width":1507,"height":900},{"@type":"BreadcrumbList","@id":"https:\/\/lasentinelle.dz\/index.php\/2021\/10\/31\/reunion-du-gouvernement-de-nouvelles-conditions-imposees-aux-operateurs-en-telecommunications\/#breadcrumb","itemListElement":[{"@type":"ListItem","position":1,"name":"Accueil","item":"https:\/\/lasentinelle.dz\/"},{"@type":"ListItem","position":2,"name":"R\u00e9union du Gouvernement : De nouvelles conditions impos\u00e9es aux op\u00e9rateurs en t\u00e9l\u00e9communications"}]},{"@type":"WebSite","@id":"https:\/\/lasentinelle.dz\/#website","url":"https:\/\/lasentinelle.dz\/","name":"La Sentinelle","description":"Quotidien national d&#039;information","publisher":{"@id":"https:\/\/lasentinelle.dz\/#organization"},"potentialAction":[{"@type":"SearchAction","target":{"@type":"EntryPoint","urlTemplate":"https:\/\/lasentinelle.dz\/?s={search_term_string}"},"query-input":{"@type":"PropertyValueSpecification","valueRequired":true,"valueName":"search_term_string"}}],"inLanguage":"fr-FR"},{"@type":"Organization","@id":"https:\/\/lasentinelle.dz\/#organization","name":"Quotidien La Sentinelle","url":"https:\/\/lasentinelle.dz\/","logo":{"@type":"ImageObject","inLanguage":"fr-FR","@id":"https:\/\/lasentinelle.dz\/#\/schema\/logo\/image\/","url":"https:\/\/lasentinelle.dz\/wp-content\/uploads\/2021\/09\/logo-sentinelleSLOGAN-1.png","contentUrl":"https:\/\/lasentinelle.dz\/wp-content\/uploads\/2021\/09\/logo-sentinelleSLOGAN-1.png","width":615,"height":142,"caption":"Quotidien La Sentinelle"},"image":{"@id":"https:\/\/lasentinelle.dz\/#\/schema\/logo\/image\/"},"sameAs":["https:\/\/www.facebook.com\/La-Sentinelle-104059864394773"]},{"@type":"Person","@id":"https:\/\/lasentinelle.dz\/#\/schema\/person\/d865044e22e70a75174ce8bcad3acfb3","name":"La Sentinelle","image":{"@type":"ImageObject","inLanguage":"fr-FR","@id":"https:\/\/secure.gravatar.com\/avatar\/57de8e5d4b15d43fb361a71fbb36338450fe67865b528a43dd10ef7c51a20392?s=96&d=mm&r=g","url":"https:\/\/secure.gravatar.com\/avatar\/57de8e5d4b15d43fb361a71fbb36338450fe67865b528a43dd10ef7c51a20392?s=96&d=mm&r=g","contentUrl":"https:\/\/secure.gravatar.com\/avatar\/57de8e5d4b15d43fb361a71fbb36338450fe67865b528a43dd10ef7c51a20392?s=96&d=mm&r=g","caption":"La Sentinelle"},"sameAs":["http:\/\/www.lasentinelle.dz"],"url":"https:\/\/lasentinelle.dz\/author\/redaction\/"}]}},"_links":{"self":[{"href":"https:\/\/lasentinelle.dz\/index.php\/wp-json\/wp\/v2\/posts\/11967","targetHints":{"allow":["GET"]}}],"collection":[{"href":"https:\/\/lasentinelle.dz\/index.php\/wp-json\/wp\/v2\/posts"}],"about":[{"href":"https:\/\/lasentinelle.dz\/index.php\/wp-json\/wp\/v2\/types\/post"}],"author":[{"embeddable":true,"href":"https:\/\/lasentinelle.dz\/index.php\/wp-json\/wp\/v2\/users\/3"}],"replies":[{"embeddable":true,"href":"https:\/\/lasentinelle.dz\/index.php\/wp-json\/wp\/v2\/comments?post=11967"}],"version-history":[{"count":1,"href":"https:\/\/lasentinelle.dz\/index.php\/wp-json\/wp\/v2\/posts\/11967\/revisions"}],"predecessor-version":[{"id":11973,"href":"https:\/\/lasentinelle.dz\/index.php\/wp-json\/wp\/v2\/posts\/11967\/revisions\/11973"}],"wp:featuredmedia":[{"embeddable":true,"href":"https:\/\/lasentinelle.dz\/index.php\/wp-json\/wp\/v2\/media\/11989"}],"wp:attachment":[{"href":"https:\/\/lasentinelle.dz\/index.php\/wp-json\/wp\/v2\/media?parent=11967"}],"wp:term":[{"taxonomy":"category","embeddable":true,"href":"https:\/\/lasentinelle.dz\/index.php\/wp-json\/wp\/v2\/categories?post=11967"},{"taxonomy":"post_tag","embeddable":true,"href":"https:\/\/lasentinelle.dz\/index.php\/wp-json\/wp\/v2\/tags?post=11967"}],"curies":[{"name":"wp","href":"https:\/\/api.w.org\/{rel}","templated":true}]}}