{"id":11995,"date":"2021-11-02T00:01:00","date_gmt":"2021-11-01T23:01:00","guid":{"rendered":"https:\/\/lasentinelle.dz\/?p=11995"},"modified":"2021-11-01T16:14:11","modified_gmt":"2021-11-01T15:14:11","slug":"mondiaux-2021-de-kempo-lalgerie-termine-a-la-deuxieme-place","status":"publish","type":"post","link":"https:\/\/lasentinelle.dz\/index.php\/2021\/11\/02\/mondiaux-2021-de-kempo-lalgerie-termine-a-la-deuxieme-place\/","title":{"rendered":"Mondiaux-2021 de Kempo : L&rsquo;Alg\u00e9rie termine \u00e0 la deuxi\u00e8me place"},"content":{"rendered":"\n<p>La s\u00e9lection alg\u00e9rienne de Kempo a termin\u00e9 sa participation aux Mondiaux-2021 d&rsquo;Antalya en Turquie, en deuxi\u00e8me place avec une moisson de 64 m\u00e9dailles dont 17 or, derri\u00e8re l&rsquo;Allemagne, mais devant l&rsquo;Espagne (3e), l&rsquo;Indon\u00e9sie (4e) et la France (5e). Le pr\u00e9sident de la F\u00e9d\u00e9ration alg\u00e9rienne de Kempo, Hichem Ouhlima, pr\u00e9sent avec la d\u00e9l\u00e9gation alg\u00e9rienne en Turquie, a estim\u00e9 que les r\u00e9sultats r\u00e9alis\u00e9s \u00ab\u00a0sont tr\u00e8s positifs, apr\u00e8s une bonne pr\u00e9paration des athl\u00e8tes. Gr\u00e2ce \u00e0 cette moisson, l&rsquo;\u00e9quipe a atteint son objectif de conserver son classement acquis lors de pr\u00e9c\u00e9dente \u00e9dition\u00a0\u00bb. Lors de la troisi\u00e8me et derni\u00e8re journ\u00e9e de cet \u00e9v\u00e9nement, les Alg\u00e9riens ont d\u00e9croch\u00e9 15 m\u00e9dailles (5 or, 6 argent, 4 bronze). La premi\u00e8re journ\u00e9e \u00e9tait aussi prolifique que les autres, avec une r\u00e9alisation de 24 breloques (4 or, 12 argent, 8 bronze), alors le deuxi\u00e8me jour a enregistr\u00e9 l&rsquo;obtention de 25 autres m\u00e9dailles (8 or, 9 argent, 8 bronze). L&rsquo;Alg\u00e9rie a pris part aux Mondiaux d&rsquo;Antalya avec 19 athl\u00e8tes dont six dames. Selon la F\u00e9d\u00e9ration, la d\u00e9l\u00e9gation nationale regagnera le pays demain apr\u00e8s midi. Au dernier Mondial disput\u00e9e \u00e0 Guadalajara en Espagne en avril 2019, l&rsquo;\u00e9quipe nationale avait remport\u00e9 la 3e place, gr\u00e2ce \u00e0 une \u00ab\u00a0r\u00e9colte\u00a0\u00bb de 50 m\u00e9dailles (11 or, 22 argent et 17 bronze), derri\u00e8re la Roumanie (championne du monde) et l&rsquo;Espagne (pays h\u00f4te) vice-championne.<\/p>\n\n\n\n<h3 class=\"wp-block-heading\">APS<\/h3>\n","protected":false},"excerpt":{"rendered":"<p>La s\u00e9lection alg\u00e9rienne de Kempo a termin\u00e9 sa participation aux Mondiaux-2021 d&rsquo;Antalya en Turquie, en deuxi\u00e8me place avec une moisson<\/p>\n","protected":false},"author":3,"featured_media":12007,"comment_status":"open","ping_status":"closed","sticky":false,"template":"","format":"standard","meta":{"colormag_page_container_layout":"default_layout","colormag_page_sidebar_layout":"default_layout","om_disable_all_campaigns":false,"_monsterinsights_skip_tracking":false,"_monsterinsights_sitenote_active":false,"_monsterinsights_sitenote_note":"","_monsterinsights_sitenote_category":0,"footnotes":"","_wpscppro_dont_share_socialmedia":false,"_wpscppro_custom_social_share_image":0,"_facebook_share_type":"","_twitter_share_type":"","_linkedin_share_type":"","_pinterest_share_type":"","_linkedin_share_type_page":"","_instagram_share_type":"","_medium_share_type":"","_threads_share_type":"","_google_business_share_type":"","_selected_social_profile":[],"_wpsp_enable_custom_social_template":false,"_wpsp_social_scheduling":{"enabled":false,"datetime":null,"platforms":[],"status":"template_only","dateOption":"today","timeOption":"now","customDays":"","customHours":"","customDate":"","customTime":"","schedulingType":"absolute"},"_wpsp_active_default_template":true},"categories":[33],"tags":[],"class_list":["post-11995","post","type-post","status-publish","format-standard","has-post-thumbnail","hentry","category-sports"],"aioseo_notices":[],"yoast_head":"<!-- This site is optimized with the Yoast SEO plugin v27.4 - https:\/\/yoast.com\/product\/yoast-seo-wordpress\/ -->\n<title>Mondiaux-2021 de Kempo : L&#039;Alg\u00e9rie termine \u00e0 la deuxi\u00e8me place - La Sentinelle<\/title>\n<meta name=\"robots\" content=\"index, follow, max-snippet:-1, max-image-preview:large, max-video-preview:-1\" \/>\n<link rel=\"canonical\" href=\"https:\/\/lasentinelle.dz\/index.php\/2021\/11\/02\/mondiaux-2021-de-kempo-lalgerie-termine-a-la-deuxieme-place\/\" \/>\n<meta property=\"og:locale\" content=\"fr_FR\" \/>\n<meta property=\"og:type\" content=\"article\" \/>\n<meta property=\"og:title\" content=\"Mondiaux-2021 de Kempo : L&#039;Alg\u00e9rie termine \u00e0 la deuxi\u00e8me place - La Sentinelle\" \/>\n<meta property=\"og:description\" content=\"La s\u00e9lection alg\u00e9rienne de Kempo a termin\u00e9 sa participation aux Mondiaux-2021 d&rsquo;Antalya en Turquie, en deuxi\u00e8me place avec une moisson\" \/>\n<meta property=\"og:url\" content=\"https:\/\/lasentinelle.dz\/index.php\/2021\/11\/02\/mondiaux-2021-de-kempo-lalgerie-termine-a-la-deuxieme-place\/\" \/>\n<meta property=\"og:site_name\" content=\"La Sentinelle\" \/>\n<meta property=\"article:publisher\" content=\"https:\/\/www.facebook.com\/La-Sentinelle-104059864394773\" \/>\n<meta property=\"article:published_time\" content=\"2021-11-01T23:01:00+00:00\" \/>\n<meta property=\"og:image\" content=\"https:\/\/lasentinelle.dz\/wp-content\/uploads\/2021\/11\/Kempo-8-2.jpg\" \/>\n\t<meta property=\"og:image:width\" content=\"720\" \/>\n\t<meta property=\"og:image:height\" content=\"540\" \/>\n\t<meta property=\"og:image:type\" content=\"image\/jpeg\" \/>\n<meta name=\"author\" content=\"La Sentinelle\" \/>\n<meta name=\"twitter:card\" content=\"summary_large_image\" \/>\n<meta name=\"twitter:label1\" content=\"\u00c9crit par\" \/>\n\t<meta name=\"twitter:data1\" content=\"La Sentinelle\" \/>\n\t<meta name=\"twitter:label2\" content=\"Dur\u00e9e de lecture estim\u00e9e\" \/>\n\t<meta name=\"twitter:data2\" content=\"1 minute\" \/>\n<script type=\"application\/ld+json\" class=\"yoast-schema-graph\">{\"@context\":\"https:\\\/\\\/schema.org\",\"@graph\":[{\"@type\":\"Article\",\"@id\":\"https:\\\/\\\/lasentinelle.dz\\\/index.php\\\/2021\\\/11\\\/02\\\/mondiaux-2021-de-kempo-lalgerie-termine-a-la-deuxieme-place\\\/#article\",\"isPartOf\":{\"@id\":\"https:\\\/\\\/lasentinelle.dz\\\/index.php\\\/2021\\\/11\\\/02\\\/mondiaux-2021-de-kempo-lalgerie-termine-a-la-deuxieme-place\\\/\"},\"author\":{\"name\":\"La Sentinelle\",\"@id\":\"https:\\\/\\\/lasentinelle.dz\\\/#\\\/schema\\\/person\\\/d865044e22e70a75174ce8bcad3acfb3\"},\"headline\":\"Mondiaux-2021 de Kempo : L&rsquo;Alg\u00e9rie termine \u00e0 la deuxi\u00e8me place\",\"datePublished\":\"2021-11-01T23:01:00+00:00\",\"mainEntityOfPage\":{\"@id\":\"https:\\\/\\\/lasentinelle.dz\\\/index.php\\\/2021\\\/11\\\/02\\\/mondiaux-2021-de-kempo-lalgerie-termine-a-la-deuxieme-place\\\/\"},\"wordCount\":264,\"commentCount\":0,\"publisher\":{\"@id\":\"https:\\\/\\\/lasentinelle.dz\\\/#organization\"},\"image\":{\"@id\":\"https:\\\/\\\/lasentinelle.dz\\\/index.php\\\/2021\\\/11\\\/02\\\/mondiaux-2021-de-kempo-lalgerie-termine-a-la-deuxieme-place\\\/#primaryimage\"},\"thumbnailUrl\":\"https:\\\/\\\/lasentinelle.dz\\\/wp-content\\\/uploads\\\/2021\\\/11\\\/Kempo-8-2.jpg\",\"articleSection\":[\"Sports\"],\"inLanguage\":\"fr-FR\",\"potentialAction\":[{\"@type\":\"CommentAction\",\"name\":\"Comment\",\"target\":[\"https:\\\/\\\/lasentinelle.dz\\\/index.php\\\/2021\\\/11\\\/02\\\/mondiaux-2021-de-kempo-lalgerie-termine-a-la-deuxieme-place\\\/#respond\"]}]},{\"@type\":\"WebPage\",\"@id\":\"https:\\\/\\\/lasentinelle.dz\\\/index.php\\\/2021\\\/11\\\/02\\\/mondiaux-2021-de-kempo-lalgerie-termine-a-la-deuxieme-place\\\/\",\"url\":\"https:\\\/\\\/lasentinelle.dz\\\/index.php\\\/2021\\\/11\\\/02\\\/mondiaux-2021-de-kempo-lalgerie-termine-a-la-deuxieme-place\\\/\",\"name\":\"Mondiaux-2021 de Kempo : L'Alg\u00e9rie termine \u00e0 la deuxi\u00e8me place - La Sentinelle\",\"isPartOf\":{\"@id\":\"https:\\\/\\\/lasentinelle.dz\\\/#website\"},\"primaryImageOfPage\":{\"@id\":\"https:\\\/\\\/lasentinelle.dz\\\/index.php\\\/2021\\\/11\\\/02\\\/mondiaux-2021-de-kempo-lalgerie-termine-a-la-deuxieme-place\\\/#primaryimage\"},\"image\":{\"@id\":\"https:\\\/\\\/lasentinelle.dz\\\/index.php\\\/2021\\\/11\\\/02\\\/mondiaux-2021-de-kempo-lalgerie-termine-a-la-deuxieme-place\\\/#primaryimage\"},\"thumbnailUrl\":\"https:\\\/\\\/lasentinelle.dz\\\/wp-content\\\/uploads\\\/2021\\\/11\\\/Kempo-8-2.jpg\",\"datePublished\":\"2021-11-01T23:01:00+00:00\",\"breadcrumb\":{\"@id\":\"https:\\\/\\\/lasentinelle.dz\\\/index.php\\\/2021\\\/11\\\/02\\\/mondiaux-2021-de-kempo-lalgerie-termine-a-la-deuxieme-place\\\/#breadcrumb\"},\"inLanguage\":\"fr-FR\",\"potentialAction\":[{\"@type\":\"ReadAction\",\"target\":[\"https:\\\/\\\/lasentinelle.dz\\\/index.php\\\/2021\\\/11\\\/02\\\/mondiaux-2021-de-kempo-lalgerie-termine-a-la-deuxieme-place\\\/\"]}]},{\"@type\":\"ImageObject\",\"inLanguage\":\"fr-FR\",\"@id\":\"https:\\\/\\\/lasentinelle.dz\\\/index.php\\\/2021\\\/11\\\/02\\\/mondiaux-2021-de-kempo-lalgerie-termine-a-la-deuxieme-place\\\/#primaryimage\",\"url\":\"https:\\\/\\\/lasentinelle.dz\\\/wp-content\\\/uploads\\\/2021\\\/11\\\/Kempo-8-2.jpg\",\"contentUrl\":\"https:\\\/\\\/lasentinelle.dz\\\/wp-content\\\/uploads\\\/2021\\\/11\\\/Kempo-8-2.jpg\",\"width\":720,\"height\":540},{\"@type\":\"BreadcrumbList\",\"@id\":\"https:\\\/\\\/lasentinelle.dz\\\/index.php\\\/2021\\\/11\\\/02\\\/mondiaux-2021-de-kempo-lalgerie-termine-a-la-deuxieme-place\\\/#breadcrumb\",\"itemListElement\":[{\"@type\":\"ListItem\",\"position\":1,\"name\":\"Accueil\",\"item\":\"https:\\\/\\\/lasentinelle.dz\\\/\"},{\"@type\":\"ListItem\",\"position\":2,\"name\":\"Mondiaux-2021 de Kempo : L&rsquo;Alg\u00e9rie termine \u00e0 la deuxi\u00e8me place\"}]},{\"@type\":\"WebSite\",\"@id\":\"https:\\\/\\\/lasentinelle.dz\\\/#website\",\"url\":\"https:\\\/\\\/lasentinelle.dz\\\/\",\"name\":\"La Sentinelle\",\"description\":\"Quotidien national d&#039;information\",\"publisher\":{\"@id\":\"https:\\\/\\\/lasentinelle.dz\\\/#organization\"},\"potentialAction\":[{\"@type\":\"SearchAction\",\"target\":{\"@type\":\"EntryPoint\",\"urlTemplate\":\"https:\\\/\\\/lasentinelle.dz\\\/?s={search_term_string}\"},\"query-input\":{\"@type\":\"PropertyValueSpecification\",\"valueRequired\":true,\"valueName\":\"search_term_string\"}}],\"inLanguage\":\"fr-FR\"},{\"@type\":\"Organization\",\"@id\":\"https:\\\/\\\/lasentinelle.dz\\\/#organization\",\"name\":\"Quotidien La Sentinelle\",\"url\":\"https:\\\/\\\/lasentinelle.dz\\\/\",\"logo\":{\"@type\":\"ImageObject\",\"inLanguage\":\"fr-FR\",\"@id\":\"https:\\\/\\\/lasentinelle.dz\\\/#\\\/schema\\\/logo\\\/image\\\/\",\"url\":\"https:\\\/\\\/lasentinelle.dz\\\/wp-content\\\/uploads\\\/2021\\\/09\\\/logo-sentinelleSLOGAN-1.png\",\"contentUrl\":\"https:\\\/\\\/lasentinelle.dz\\\/wp-content\\\/uploads\\\/2021\\\/09\\\/logo-sentinelleSLOGAN-1.png\",\"width\":615,\"height\":142,\"caption\":\"Quotidien La Sentinelle\"},\"image\":{\"@id\":\"https:\\\/\\\/lasentinelle.dz\\\/#\\\/schema\\\/logo\\\/image\\\/\"},\"sameAs\":[\"https:\\\/\\\/www.facebook.com\\\/La-Sentinelle-104059864394773\"]},{\"@type\":\"Person\",\"@id\":\"https:\\\/\\\/lasentinelle.dz\\\/#\\\/schema\\\/person\\\/d865044e22e70a75174ce8bcad3acfb3\",\"name\":\"La Sentinelle\",\"image\":{\"@type\":\"ImageObject\",\"inLanguage\":\"fr-FR\",\"@id\":\"https:\\\/\\\/secure.gravatar.com\\\/avatar\\\/57de8e5d4b15d43fb361a71fbb36338450fe67865b528a43dd10ef7c51a20392?s=96&d=mm&r=g\",\"url\":\"https:\\\/\\\/secure.gravatar.com\\\/avatar\\\/57de8e5d4b15d43fb361a71fbb36338450fe67865b528a43dd10ef7c51a20392?s=96&d=mm&r=g\",\"contentUrl\":\"https:\\\/\\\/secure.gravatar.com\\\/avatar\\\/57de8e5d4b15d43fb361a71fbb36338450fe67865b528a43dd10ef7c51a20392?s=96&d=mm&r=g\",\"caption\":\"La Sentinelle\"},\"sameAs\":[\"http:\\\/\\\/www.lasentinelle.dz\"],\"url\":\"https:\\\/\\\/lasentinelle.dz\\\/author\\\/redaction\\\/\"}]}<\/script>\n<!-- \/ Yoast SEO plugin. -->","yoast_head_json":{"title":"Mondiaux-2021 de Kempo : L'Alg\u00e9rie termine \u00e0 la deuxi\u00e8me place - La Sentinelle","robots":{"index":"index","follow":"follow","max-snippet":"max-snippet:-1","max-image-preview":"max-image-preview:large","max-video-preview":"max-video-preview:-1"},"canonical":"https:\/\/lasentinelle.dz\/index.php\/2021\/11\/02\/mondiaux-2021-de-kempo-lalgerie-termine-a-la-deuxieme-place\/","og_locale":"fr_FR","og_type":"article","og_title":"Mondiaux-2021 de Kempo : L'Alg\u00e9rie termine \u00e0 la deuxi\u00e8me place - La Sentinelle","og_description":"La s\u00e9lection alg\u00e9rienne de Kempo a termin\u00e9 sa participation aux Mondiaux-2021 d&rsquo;Antalya en Turquie, en deuxi\u00e8me place avec une moisson","og_url":"https:\/\/lasentinelle.dz\/index.php\/2021\/11\/02\/mondiaux-2021-de-kempo-lalgerie-termine-a-la-deuxieme-place\/","og_site_name":"La Sentinelle","article_publisher":"https:\/\/www.facebook.com\/La-Sentinelle-104059864394773","article_published_time":"2021-11-01T23:01:00+00:00","og_image":[{"width":720,"height":540,"url":"https:\/\/lasentinelle.dz\/wp-content\/uploads\/2021\/11\/Kempo-8-2.jpg","type":"image\/jpeg"}],"author":"La Sentinelle","twitter_card":"summary_large_image","twitter_misc":{"\u00c9crit par":"La Sentinelle","Dur\u00e9e de lecture estim\u00e9e":"1 minute"},"schema":{"@context":"https:\/\/schema.org","@graph":[{"@type":"Article","@id":"https:\/\/lasentinelle.dz\/index.php\/2021\/11\/02\/mondiaux-2021-de-kempo-lalgerie-termine-a-la-deuxieme-place\/#article","isPartOf":{"@id":"https:\/\/lasentinelle.dz\/index.php\/2021\/11\/02\/mondiaux-2021-de-kempo-lalgerie-termine-a-la-deuxieme-place\/"},"author":{"name":"La Sentinelle","@id":"https:\/\/lasentinelle.dz\/#\/schema\/person\/d865044e22e70a75174ce8bcad3acfb3"},"headline":"Mondiaux-2021 de Kempo : L&rsquo;Alg\u00e9rie termine \u00e0 la deuxi\u00e8me place","datePublished":"2021-11-01T23:01:00+00:00","mainEntityOfPage":{"@id":"https:\/\/lasentinelle.dz\/index.php\/2021\/11\/02\/mondiaux-2021-de-kempo-lalgerie-termine-a-la-deuxieme-place\/"},"wordCount":264,"commentCount":0,"publisher":{"@id":"https:\/\/lasentinelle.dz\/#organization"},"image":{"@id":"https:\/\/lasentinelle.dz\/index.php\/2021\/11\/02\/mondiaux-2021-de-kempo-lalgerie-termine-a-la-deuxieme-place\/#primaryimage"},"thumbnailUrl":"https:\/\/lasentinelle.dz\/wp-content\/uploads\/2021\/11\/Kempo-8-2.jpg","articleSection":["Sports"],"inLanguage":"fr-FR","potentialAction":[{"@type":"CommentAction","name":"Comment","target":["https:\/\/lasentinelle.dz\/index.php\/2021\/11\/02\/mondiaux-2021-de-kempo-lalgerie-termine-a-la-deuxieme-place\/#respond"]}]},{"@type":"WebPage","@id":"https:\/\/lasentinelle.dz\/index.php\/2021\/11\/02\/mondiaux-2021-de-kempo-lalgerie-termine-a-la-deuxieme-place\/","url":"https:\/\/lasentinelle.dz\/index.php\/2021\/11\/02\/mondiaux-2021-de-kempo-lalgerie-termine-a-la-deuxieme-place\/","name":"Mondiaux-2021 de Kempo : L'Alg\u00e9rie termine \u00e0 la deuxi\u00e8me place - La Sentinelle","isPartOf":{"@id":"https:\/\/lasentinelle.dz\/#website"},"primaryImageOfPage":{"@id":"https:\/\/lasentinelle.dz\/index.php\/2021\/11\/02\/mondiaux-2021-de-kempo-lalgerie-termine-a-la-deuxieme-place\/#primaryimage"},"image":{"@id":"https:\/\/lasentinelle.dz\/index.php\/2021\/11\/02\/mondiaux-2021-de-kempo-lalgerie-termine-a-la-deuxieme-place\/#primaryimage"},"thumbnailUrl":"https:\/\/lasentinelle.dz\/wp-content\/uploads\/2021\/11\/Kempo-8-2.jpg","datePublished":"2021-11-01T23:01:00+00:00","breadcrumb":{"@id":"https:\/\/lasentinelle.dz\/index.php\/2021\/11\/02\/mondiaux-2021-de-kempo-lalgerie-termine-a-la-deuxieme-place\/#breadcrumb"},"inLanguage":"fr-FR","potentialAction":[{"@type":"ReadAction","target":["https:\/\/lasentinelle.dz\/index.php\/2021\/11\/02\/mondiaux-2021-de-kempo-lalgerie-termine-a-la-deuxieme-place\/"]}]},{"@type":"ImageObject","inLanguage":"fr-FR","@id":"https:\/\/lasentinelle.dz\/index.php\/2021\/11\/02\/mondiaux-2021-de-kempo-lalgerie-termine-a-la-deuxieme-place\/#primaryimage","url":"https:\/\/lasentinelle.dz\/wp-content\/uploads\/2021\/11\/Kempo-8-2.jpg","contentUrl":"https:\/\/lasentinelle.dz\/wp-content\/uploads\/2021\/11\/Kempo-8-2.jpg","width":720,"height":540},{"@type":"BreadcrumbList","@id":"https:\/\/lasentinelle.dz\/index.php\/2021\/11\/02\/mondiaux-2021-de-kempo-lalgerie-termine-a-la-deuxieme-place\/#breadcrumb","itemListElement":[{"@type":"ListItem","position":1,"name":"Accueil","item":"https:\/\/lasentinelle.dz\/"},{"@type":"ListItem","position":2,"name":"Mondiaux-2021 de Kempo : L&rsquo;Alg\u00e9rie termine \u00e0 la deuxi\u00e8me place"}]},{"@type":"WebSite","@id":"https:\/\/lasentinelle.dz\/#website","url":"https:\/\/lasentinelle.dz\/","name":"La Sentinelle","description":"Quotidien national d&#039;information","publisher":{"@id":"https:\/\/lasentinelle.dz\/#organization"},"potentialAction":[{"@type":"SearchAction","target":{"@type":"EntryPoint","urlTemplate":"https:\/\/lasentinelle.dz\/?s={search_term_string}"},"query-input":{"@type":"PropertyValueSpecification","valueRequired":true,"valueName":"search_term_string"}}],"inLanguage":"fr-FR"},{"@type":"Organization","@id":"https:\/\/lasentinelle.dz\/#organization","name":"Quotidien La Sentinelle","url":"https:\/\/lasentinelle.dz\/","logo":{"@type":"ImageObject","inLanguage":"fr-FR","@id":"https:\/\/lasentinelle.dz\/#\/schema\/logo\/image\/","url":"https:\/\/lasentinelle.dz\/wp-content\/uploads\/2021\/09\/logo-sentinelleSLOGAN-1.png","contentUrl":"https:\/\/lasentinelle.dz\/wp-content\/uploads\/2021\/09\/logo-sentinelleSLOGAN-1.png","width":615,"height":142,"caption":"Quotidien La Sentinelle"},"image":{"@id":"https:\/\/lasentinelle.dz\/#\/schema\/logo\/image\/"},"sameAs":["https:\/\/www.facebook.com\/La-Sentinelle-104059864394773"]},{"@type":"Person","@id":"https:\/\/lasentinelle.dz\/#\/schema\/person\/d865044e22e70a75174ce8bcad3acfb3","name":"La Sentinelle","image":{"@type":"ImageObject","inLanguage":"fr-FR","@id":"https:\/\/secure.gravatar.com\/avatar\/57de8e5d4b15d43fb361a71fbb36338450fe67865b528a43dd10ef7c51a20392?s=96&d=mm&r=g","url":"https:\/\/secure.gravatar.com\/avatar\/57de8e5d4b15d43fb361a71fbb36338450fe67865b528a43dd10ef7c51a20392?s=96&d=mm&r=g","contentUrl":"https:\/\/secure.gravatar.com\/avatar\/57de8e5d4b15d43fb361a71fbb36338450fe67865b528a43dd10ef7c51a20392?s=96&d=mm&r=g","caption":"La Sentinelle"},"sameAs":["http:\/\/www.lasentinelle.dz"],"url":"https:\/\/lasentinelle.dz\/author\/redaction\/"}]}},"_links":{"self":[{"href":"https:\/\/lasentinelle.dz\/index.php\/wp-json\/wp\/v2\/posts\/11995","targetHints":{"allow":["GET"]}}],"collection":[{"href":"https:\/\/lasentinelle.dz\/index.php\/wp-json\/wp\/v2\/posts"}],"about":[{"href":"https:\/\/lasentinelle.dz\/index.php\/wp-json\/wp\/v2\/types\/post"}],"author":[{"embeddable":true,"href":"https:\/\/lasentinelle.dz\/index.php\/wp-json\/wp\/v2\/users\/3"}],"replies":[{"embeddable":true,"href":"https:\/\/lasentinelle.dz\/index.php\/wp-json\/wp\/v2\/comments?post=11995"}],"version-history":[{"count":1,"href":"https:\/\/lasentinelle.dz\/index.php\/wp-json\/wp\/v2\/posts\/11995\/revisions"}],"predecessor-version":[{"id":12006,"href":"https:\/\/lasentinelle.dz\/index.php\/wp-json\/wp\/v2\/posts\/11995\/revisions\/12006"}],"wp:featuredmedia":[{"embeddable":true,"href":"https:\/\/lasentinelle.dz\/index.php\/wp-json\/wp\/v2\/media\/12007"}],"wp:attachment":[{"href":"https:\/\/lasentinelle.dz\/index.php\/wp-json\/wp\/v2\/media?parent=11995"}],"wp:term":[{"taxonomy":"category","embeddable":true,"href":"https:\/\/lasentinelle.dz\/index.php\/wp-json\/wp\/v2\/categories?post=11995"},{"taxonomy":"post_tag","embeddable":true,"href":"https:\/\/lasentinelle.dz\/index.php\/wp-json\/wp\/v2\/tags?post=11995"}],"curies":[{"name":"wp","href":"https:\/\/api.w.org\/{rel}","templated":true}]}}