{"id":12033,"date":"2021-11-02T00:01:00","date_gmt":"2021-11-01T23:01:00","guid":{"rendered":"https:\/\/lasentinelle.dz\/?p=12033"},"modified":"2021-11-01T17:23:53","modified_gmt":"2021-11-01T16:23:53","slug":"elections-locales-tout-est-fin-pret","status":"publish","type":"post","link":"https:\/\/lasentinelle.dz\/index.php\/2021\/11\/02\/elections-locales-tout-est-fin-pret\/","title":{"rendered":"\u00c9lections locales : \u00ab Tout est fin pr\u00eat ! \u00bb"},"content":{"rendered":"\n<p>Le pr\u00e9sident de l\u2019Autorit\u00e9 nationale ind\u00e9pendante des \u00e9lections (ANIE), Mohamed Charfi a indiqu\u00e9, dimanche lors d\u2019une conf\u00e9rence de presse qu\u2019il a anim\u00e9e que le corps \u00e9lectoral s\u2019\u00e9l\u00e8ve \u00e0 23.717.479 \u00e9lecteurs.<\/p>\n\n\n\n<p>Concernant le nombre des nouveaux inscrits sur les listes \u00e9lectorales, le pr\u00e9sident de l\u2019ANIE, avance le chiffre de 669.902 \u00e9lecteurs, contre 474.742 personnes radi\u00e9es des listes, estimant que <strong>\u00abces chiffres \u00e9taient ordinaires expliqu\u00e9es par des raisons objectives, tels que le d\u00e9c\u00e8s, le d\u00e9m\u00e9nagement, les doublons et les cas d\u2019incapacit\u00e9\u00bb.<\/strong><strong><\/strong><\/p>\n\n\n\n<p>Il indiquera \u00e9galement au sujet des documents li\u00e9s \u00e0 la prochaine op\u00e9ration de vote, que <strong>\u00abtoutes les wilayas avaient re\u00e7u leurs quotas, au d\u00e9but du mois de septembre pass\u00e9\u00bb,<\/strong> avan\u00e7ant \u00e0 de propos la distribution 1612500 cartes de vote \u00e0 travers les 58 wilayas du pays et minist\u00e8res concern\u00e9s.<\/p>\n\n\n\n<p>Quant au nombre de cartes retir\u00e9es par le nouveaux inscrits, suite \u00e0 la r\u00e9vision exceptionnelle des listes \u00e9lectorales, il s\u2019\u00e9l\u00e8ve 668.257 cartes contre 951.099 ayant \u00e9t\u00e9 retir\u00e9es de nouveau dans la perspective du scrutin du 27 novembre prochain, indiquant que \u00ab&nbsp;cette d\u00e9marche t\u00e9moigne de la conscience du citoyen quant au devoir d\u2019exprimer sa voix&nbsp;\u00bb. L\u2019orateur aborde par la suite le volet relatif aux pr\u00e9paratifs du prochain scrutin que \u00ab&nbsp;les pr\u00e9paratifs sont en cours, en vue de mener \u00e0 bien ce prochain rendez vous \u00e9lectoral, pr\u00e9cisant que <strong>\u00abtoutes les wilayas ont \u00e9t\u00e9 dot\u00e9es de 145800boites d\u2019encre ind\u00e9l\u00e9bile et de 25432000 enveloppes pour les APC\/APW&nbsp;\u00bb.<\/strong><strong><\/strong><\/p>\n\n\n\n<p>Au sujet de l\u2019encadrement des bureaux de vote, le pr\u00e9sident de l\u2019ANIE a affirm\u00e9 que <strong>\u00abl\u2019op\u00e9ration requiert la mobilisation de 800.000 encadreurs pour 61696 bureaux et 13326 centres de vote\u00bb,<\/strong> relevant dans le m\u00eame contexte que l\u2019ANIE <strong>\u00aba un fichier important d\u2019anciens encadreurs exp\u00e9riment\u00e9s et impartiaux, en plus des nouveaux encadreurs qui ont \u00e9t\u00e9 mobilis\u00e9s par les d\u00e9l\u00e9gations de wilaya et d\u2019une liste de \u2018hofadh el amana\u2019\u00bb.<\/strong><strong><\/strong><\/p>\n\n\n\n<p>Il affirmera dans ce sens que <strong>\u00abl\u2019encadrement est assur\u00e9 \u00e0 94% dans l\u2019attente de la d\u00e9signation de ce qu\u2019il en reste, dans les prochains jours\u00bb.<\/strong><strong><\/strong><\/p>\n\n\n\n<p>Concernant le tirage au sort relatif aux tranches horaires et \u00e0 la diffusion des interventions des partis politiques et des candidats, il a eu lieu selon l\u2019intervenant, \u00ab\u00e9lectroniquement &nbsp;et manuellement au niveau du Centre international des conf\u00e9rences (CIC) en pr\u00e9sence des repr\u00e9sentants des partis et des listes ind\u00e9pendantes&nbsp;\u00bb, indiquant que \u00abcinq p\u00e9riodes d\u2019intervention ont \u00e9t\u00e9 consacr\u00e9es \u00e0 travers la radio et la t\u00e9l\u00e9vision nationales, selon un temps de parole de trois (03) minutes pour chaque intervention\u00bb.<\/p>\n\n\n\n<p>Plus explicite, le Conseiller du pr\u00e9sident de l\u2019ANIE, Abdelhamid Bouhdi a fait \u00e9tat de <strong>\u00abla mobilisation, pour la premi\u00e8re fois, de six (06) chaines de la t\u00e9l\u00e9vision publique et de cinq chaines de la radio nationale avec l\u2019implication de toutes les radios locales, en attendant l\u2019enregistrement \u00e0 partir du lundi 1<sup>er<\/sup>&nbsp;novembre\u00bb.<\/strong><strong><\/strong><\/p>\n\n\n\n<p>La diffusion se fera \u00e0 partir de samedi jusqu\u2019\u00e0 samedi toute la journ\u00e9e, except\u00e9 le vendredi et la diffusion s\u2019arr\u00eate \u00e0 20h pour les radios locales, explique ce responsable en affirmant que <strong>\u00able volume horaire est de 318hpour la t\u00e9l\u00e9vision et 315hpour la radio nationale et 1565 pour les radios locales, et le volume horaire global est estim\u00e9 \u00e0 2197 heures en plein campagne \u00e9lectorale\u00bb.<\/strong><strong><\/strong><\/p>\n\n\n\n<p>Il a \u00e9galement fait \u00e9tat de <strong>\u00abla possibilit\u00e9 pour les listes \u00e9lectorales en dehors d\u2019Alger d\u2019enregistrer leurs \u00e9missions dans les radios locales, afin d\u2019\u00e9viter de longs d\u00e9placements&nbsp;\u00bb, indiquant \u00e0 ce propos que \u00ab&nbsp;les studios de la radio et de la t\u00e9l\u00e9vision, sis au si\u00e8ge de l\u2019ANIE, seront \u00e0 la disposition des listes \u00e9lectorales \u00e0 partir de ce lundi (hier ndlr)\u00bb.<\/strong><strong><\/strong><\/p>\n\n\n\n<p>Concernant le tirage au sort, l\u2019autorit\u00e9 ind\u00e9pendante des \u00e9lections, a attribu\u00e9 pour chaque liste <strong>\u00abun num\u00e9ro d\u2019identification, d\u2019autant que les listes partisanes sont num\u00e9rot\u00e9es de 001 jusqu\u2019\u00e0 100 alors que les listes ind\u00e9pendantes portent les num\u00e9ros 101 et plus pour faciliter l\u2019op\u00e9ration, en sus d\u2019un num\u00e9ro d\u2019identification pour les assembl\u00e9es pour les assembl\u00e9es communales et de wilaya\u00bb.<\/strong><strong><\/strong><\/p>\n\n\n\n<p>Ce responsable indique dans le m\u00eame ordre d\u2019id\u00e9e qu\u2019 <strong>\u00abun spot publicitaire sur les \u00e9lections (APC\/APW) a \u00e9t\u00e9 projet\u00e9 pour appeler les citoyens \u00e0 aller aux urnes en vue d\u2019op\u00e9rer le changement escompt\u00e9\u00bb,<\/strong> rappelant que la campagne \u00e9lectorale sera lanc\u00e9e le jeudi 4 novembre et prendra fin le 23 du m\u00eame mois.<\/p>\n\n\n\n<p><strong>Idir Yaghmoracen<\/strong><\/p>\n","protected":false},"excerpt":{"rendered":"<p>Le pr\u00e9sident de l\u2019Autorit\u00e9 nationale ind\u00e9pendante des \u00e9lections (ANIE), Mohamed Charfi a indiqu\u00e9, dimanche lors d\u2019une conf\u00e9rence de presse qu\u2019il<\/p>\n","protected":false},"author":3,"featured_media":12037,"comment_status":"open","ping_status":"closed","sticky":false,"template":"","format":"standard","meta":{"colormag_page_container_layout":"default_layout","colormag_page_sidebar_layout":"default_layout","om_disable_all_campaigns":false,"_monsterinsights_skip_tracking":false,"_monsterinsights_sitenote_active":false,"_monsterinsights_sitenote_note":"","_monsterinsights_sitenote_category":0,"footnotes":"","_wpscppro_dont_share_socialmedia":false,"_wpscppro_custom_social_share_image":0,"_facebook_share_type":"","_twitter_share_type":"","_linkedin_share_type":"","_pinterest_share_type":"","_linkedin_share_type_page":"","_instagram_share_type":"","_medium_share_type":"","_threads_share_type":"","_google_business_share_type":"","_selected_social_profile":[],"_wpsp_enable_custom_social_template":false,"_wpsp_social_scheduling":{"enabled":false,"datetime":null,"platforms":[],"status":"template_only","dateOption":"today","timeOption":"now","customDays":"","customHours":"","customDate":"","customTime":"","schedulingType":"absolute"},"_wpsp_active_default_template":true},"categories":[27],"tags":[],"class_list":["post-12033","post","type-post","status-publish","format-standard","has-post-thumbnail","hentry","category-actualite"],"aioseo_notices":[],"yoast_head":"<!-- This site is optimized with the Yoast SEO plugin v27.5 - https:\/\/yoast.com\/product\/yoast-seo-wordpress\/ -->\n<title>\u00c9lections locales : \u00ab Tout est fin pr\u00eat ! \u00bb - La Sentinelle<\/title>\n<meta name=\"robots\" content=\"index, follow, max-snippet:-1, max-image-preview:large, max-video-preview:-1\" \/>\n<link rel=\"canonical\" href=\"https:\/\/lasentinelle.dz\/index.php\/2021\/11\/02\/elections-locales-tout-est-fin-pret\/\" \/>\n<meta property=\"og:locale\" content=\"fr_FR\" \/>\n<meta property=\"og:type\" content=\"article\" \/>\n<meta property=\"og:title\" content=\"\u00c9lections locales : \u00ab Tout est fin pr\u00eat ! \u00bb - La Sentinelle\" \/>\n<meta property=\"og:description\" content=\"Le pr\u00e9sident de l\u2019Autorit\u00e9 nationale ind\u00e9pendante des \u00e9lections (ANIE), Mohamed Charfi a indiqu\u00e9, dimanche lors d\u2019une conf\u00e9rence de presse qu\u2019il\" \/>\n<meta property=\"og:url\" content=\"https:\/\/lasentinelle.dz\/index.php\/2021\/11\/02\/elections-locales-tout-est-fin-pret\/\" \/>\n<meta property=\"og:site_name\" content=\"La Sentinelle\" \/>\n<meta property=\"article:publisher\" content=\"https:\/\/www.facebook.com\/La-Sentinelle-104059864394773\" \/>\n<meta property=\"article:published_time\" content=\"2021-11-01T23:01:00+00:00\" \/>\n<meta property=\"og:image\" content=\"https:\/\/lasentinelle.dz\/wp-content\/uploads\/2021\/11\/image_2021-11-01_172341.png\" \/>\n\t<meta property=\"og:image:width\" content=\"660\" \/>\n\t<meta property=\"og:image:height\" content=\"330\" \/>\n\t<meta property=\"og:image:type\" content=\"image\/png\" \/>\n<meta name=\"author\" content=\"La Sentinelle\" \/>\n<meta name=\"twitter:card\" content=\"summary_large_image\" \/>\n<meta name=\"twitter:label1\" content=\"\u00c9crit par\" \/>\n\t<meta name=\"twitter:data1\" content=\"La Sentinelle\" \/>\n\t<meta name=\"twitter:label2\" content=\"Dur\u00e9e de lecture estim\u00e9e\" \/>\n\t<meta name=\"twitter:data2\" content=\"4 minutes\" \/>\n<script type=\"application\/ld+json\" class=\"yoast-schema-graph\">{\"@context\":\"https:\\\/\\\/schema.org\",\"@graph\":[{\"@type\":\"Article\",\"@id\":\"https:\\\/\\\/lasentinelle.dz\\\/index.php\\\/2021\\\/11\\\/02\\\/elections-locales-tout-est-fin-pret\\\/#article\",\"isPartOf\":{\"@id\":\"https:\\\/\\\/lasentinelle.dz\\\/index.php\\\/2021\\\/11\\\/02\\\/elections-locales-tout-est-fin-pret\\\/\"},\"author\":{\"name\":\"La Sentinelle\",\"@id\":\"https:\\\/\\\/lasentinelle.dz\\\/#\\\/schema\\\/person\\\/d865044e22e70a75174ce8bcad3acfb3\"},\"headline\":\"\u00c9lections locales : \u00ab Tout est fin pr\u00eat ! \u00bb\",\"datePublished\":\"2021-11-01T23:01:00+00:00\",\"mainEntityOfPage\":{\"@id\":\"https:\\\/\\\/lasentinelle.dz\\\/index.php\\\/2021\\\/11\\\/02\\\/elections-locales-tout-est-fin-pret\\\/\"},\"wordCount\":778,\"commentCount\":0,\"publisher\":{\"@id\":\"https:\\\/\\\/lasentinelle.dz\\\/#organization\"},\"image\":{\"@id\":\"https:\\\/\\\/lasentinelle.dz\\\/index.php\\\/2021\\\/11\\\/02\\\/elections-locales-tout-est-fin-pret\\\/#primaryimage\"},\"thumbnailUrl\":\"https:\\\/\\\/lasentinelle.dz\\\/wp-content\\\/uploads\\\/2021\\\/11\\\/image_2021-11-01_172341.png\",\"articleSection\":[\"Actualit\u00e9\"],\"inLanguage\":\"fr-FR\",\"potentialAction\":[{\"@type\":\"CommentAction\",\"name\":\"Comment\",\"target\":[\"https:\\\/\\\/lasentinelle.dz\\\/index.php\\\/2021\\\/11\\\/02\\\/elections-locales-tout-est-fin-pret\\\/#respond\"]}]},{\"@type\":\"WebPage\",\"@id\":\"https:\\\/\\\/lasentinelle.dz\\\/index.php\\\/2021\\\/11\\\/02\\\/elections-locales-tout-est-fin-pret\\\/\",\"url\":\"https:\\\/\\\/lasentinelle.dz\\\/index.php\\\/2021\\\/11\\\/02\\\/elections-locales-tout-est-fin-pret\\\/\",\"name\":\"\u00c9lections locales : \u00ab Tout est fin pr\u00eat ! \u00bb - La Sentinelle\",\"isPartOf\":{\"@id\":\"https:\\\/\\\/lasentinelle.dz\\\/#website\"},\"primaryImageOfPage\":{\"@id\":\"https:\\\/\\\/lasentinelle.dz\\\/index.php\\\/2021\\\/11\\\/02\\\/elections-locales-tout-est-fin-pret\\\/#primaryimage\"},\"image\":{\"@id\":\"https:\\\/\\\/lasentinelle.dz\\\/index.php\\\/2021\\\/11\\\/02\\\/elections-locales-tout-est-fin-pret\\\/#primaryimage\"},\"thumbnailUrl\":\"https:\\\/\\\/lasentinelle.dz\\\/wp-content\\\/uploads\\\/2021\\\/11\\\/image_2021-11-01_172341.png\",\"datePublished\":\"2021-11-01T23:01:00+00:00\",\"breadcrumb\":{\"@id\":\"https:\\\/\\\/lasentinelle.dz\\\/index.php\\\/2021\\\/11\\\/02\\\/elections-locales-tout-est-fin-pret\\\/#breadcrumb\"},\"inLanguage\":\"fr-FR\",\"potentialAction\":[{\"@type\":\"ReadAction\",\"target\":[\"https:\\\/\\\/lasentinelle.dz\\\/index.php\\\/2021\\\/11\\\/02\\\/elections-locales-tout-est-fin-pret\\\/\"]}]},{\"@type\":\"ImageObject\",\"inLanguage\":\"fr-FR\",\"@id\":\"https:\\\/\\\/lasentinelle.dz\\\/index.php\\\/2021\\\/11\\\/02\\\/elections-locales-tout-est-fin-pret\\\/#primaryimage\",\"url\":\"https:\\\/\\\/lasentinelle.dz\\\/wp-content\\\/uploads\\\/2021\\\/11\\\/image_2021-11-01_172341.png\",\"contentUrl\":\"https:\\\/\\\/lasentinelle.dz\\\/wp-content\\\/uploads\\\/2021\\\/11\\\/image_2021-11-01_172341.png\",\"width\":660,\"height\":330},{\"@type\":\"BreadcrumbList\",\"@id\":\"https:\\\/\\\/lasentinelle.dz\\\/index.php\\\/2021\\\/11\\\/02\\\/elections-locales-tout-est-fin-pret\\\/#breadcrumb\",\"itemListElement\":[{\"@type\":\"ListItem\",\"position\":1,\"name\":\"Accueil\",\"item\":\"https:\\\/\\\/lasentinelle.dz\\\/\"},{\"@type\":\"ListItem\",\"position\":2,\"name\":\"\u00c9lections locales : \u00ab Tout est fin pr\u00eat ! \u00bb\"}]},{\"@type\":\"WebSite\",\"@id\":\"https:\\\/\\\/lasentinelle.dz\\\/#website\",\"url\":\"https:\\\/\\\/lasentinelle.dz\\\/\",\"name\":\"La Sentinelle\",\"description\":\"Quotidien national d&#039;information\",\"publisher\":{\"@id\":\"https:\\\/\\\/lasentinelle.dz\\\/#organization\"},\"potentialAction\":[{\"@type\":\"SearchAction\",\"target\":{\"@type\":\"EntryPoint\",\"urlTemplate\":\"https:\\\/\\\/lasentinelle.dz\\\/?s={search_term_string}\"},\"query-input\":{\"@type\":\"PropertyValueSpecification\",\"valueRequired\":true,\"valueName\":\"search_term_string\"}}],\"inLanguage\":\"fr-FR\"},{\"@type\":\"Organization\",\"@id\":\"https:\\\/\\\/lasentinelle.dz\\\/#organization\",\"name\":\"Quotidien La Sentinelle\",\"url\":\"https:\\\/\\\/lasentinelle.dz\\\/\",\"logo\":{\"@type\":\"ImageObject\",\"inLanguage\":\"fr-FR\",\"@id\":\"https:\\\/\\\/lasentinelle.dz\\\/#\\\/schema\\\/logo\\\/image\\\/\",\"url\":\"https:\\\/\\\/lasentinelle.dz\\\/wp-content\\\/uploads\\\/2021\\\/09\\\/logo-sentinelleSLOGAN-1.png\",\"contentUrl\":\"https:\\\/\\\/lasentinelle.dz\\\/wp-content\\\/uploads\\\/2021\\\/09\\\/logo-sentinelleSLOGAN-1.png\",\"width\":615,\"height\":142,\"caption\":\"Quotidien La Sentinelle\"},\"image\":{\"@id\":\"https:\\\/\\\/lasentinelle.dz\\\/#\\\/schema\\\/logo\\\/image\\\/\"},\"sameAs\":[\"https:\\\/\\\/www.facebook.com\\\/La-Sentinelle-104059864394773\"]},{\"@type\":\"Person\",\"@id\":\"https:\\\/\\\/lasentinelle.dz\\\/#\\\/schema\\\/person\\\/d865044e22e70a75174ce8bcad3acfb3\",\"name\":\"La Sentinelle\",\"image\":{\"@type\":\"ImageObject\",\"inLanguage\":\"fr-FR\",\"@id\":\"https:\\\/\\\/secure.gravatar.com\\\/avatar\\\/57de8e5d4b15d43fb361a71fbb36338450fe67865b528a43dd10ef7c51a20392?s=96&d=mm&r=g\",\"url\":\"https:\\\/\\\/secure.gravatar.com\\\/avatar\\\/57de8e5d4b15d43fb361a71fbb36338450fe67865b528a43dd10ef7c51a20392?s=96&d=mm&r=g\",\"contentUrl\":\"https:\\\/\\\/secure.gravatar.com\\\/avatar\\\/57de8e5d4b15d43fb361a71fbb36338450fe67865b528a43dd10ef7c51a20392?s=96&d=mm&r=g\",\"caption\":\"La Sentinelle\"},\"sameAs\":[\"http:\\\/\\\/www.lasentinelle.dz\"],\"url\":\"https:\\\/\\\/lasentinelle.dz\\\/author\\\/redaction\\\/\"}]}<\/script>\n<!-- \/ Yoast SEO plugin. -->","yoast_head_json":{"title":"\u00c9lections locales : \u00ab Tout est fin pr\u00eat ! \u00bb - La Sentinelle","robots":{"index":"index","follow":"follow","max-snippet":"max-snippet:-1","max-image-preview":"max-image-preview:large","max-video-preview":"max-video-preview:-1"},"canonical":"https:\/\/lasentinelle.dz\/index.php\/2021\/11\/02\/elections-locales-tout-est-fin-pret\/","og_locale":"fr_FR","og_type":"article","og_title":"\u00c9lections locales : \u00ab Tout est fin pr\u00eat ! \u00bb - La Sentinelle","og_description":"Le pr\u00e9sident de l\u2019Autorit\u00e9 nationale ind\u00e9pendante des \u00e9lections (ANIE), Mohamed Charfi a indiqu\u00e9, dimanche lors d\u2019une conf\u00e9rence de presse qu\u2019il","og_url":"https:\/\/lasentinelle.dz\/index.php\/2021\/11\/02\/elections-locales-tout-est-fin-pret\/","og_site_name":"La Sentinelle","article_publisher":"https:\/\/www.facebook.com\/La-Sentinelle-104059864394773","article_published_time":"2021-11-01T23:01:00+00:00","og_image":[{"width":660,"height":330,"url":"https:\/\/lasentinelle.dz\/wp-content\/uploads\/2021\/11\/image_2021-11-01_172341.png","type":"image\/png"}],"author":"La Sentinelle","twitter_card":"summary_large_image","twitter_misc":{"\u00c9crit par":"La Sentinelle","Dur\u00e9e de lecture estim\u00e9e":"4 minutes"},"schema":{"@context":"https:\/\/schema.org","@graph":[{"@type":"Article","@id":"https:\/\/lasentinelle.dz\/index.php\/2021\/11\/02\/elections-locales-tout-est-fin-pret\/#article","isPartOf":{"@id":"https:\/\/lasentinelle.dz\/index.php\/2021\/11\/02\/elections-locales-tout-est-fin-pret\/"},"author":{"name":"La Sentinelle","@id":"https:\/\/lasentinelle.dz\/#\/schema\/person\/d865044e22e70a75174ce8bcad3acfb3"},"headline":"\u00c9lections locales : \u00ab Tout est fin pr\u00eat ! \u00bb","datePublished":"2021-11-01T23:01:00+00:00","mainEntityOfPage":{"@id":"https:\/\/lasentinelle.dz\/index.php\/2021\/11\/02\/elections-locales-tout-est-fin-pret\/"},"wordCount":778,"commentCount":0,"publisher":{"@id":"https:\/\/lasentinelle.dz\/#organization"},"image":{"@id":"https:\/\/lasentinelle.dz\/index.php\/2021\/11\/02\/elections-locales-tout-est-fin-pret\/#primaryimage"},"thumbnailUrl":"https:\/\/lasentinelle.dz\/wp-content\/uploads\/2021\/11\/image_2021-11-01_172341.png","articleSection":["Actualit\u00e9"],"inLanguage":"fr-FR","potentialAction":[{"@type":"CommentAction","name":"Comment","target":["https:\/\/lasentinelle.dz\/index.php\/2021\/11\/02\/elections-locales-tout-est-fin-pret\/#respond"]}]},{"@type":"WebPage","@id":"https:\/\/lasentinelle.dz\/index.php\/2021\/11\/02\/elections-locales-tout-est-fin-pret\/","url":"https:\/\/lasentinelle.dz\/index.php\/2021\/11\/02\/elections-locales-tout-est-fin-pret\/","name":"\u00c9lections locales : \u00ab Tout est fin pr\u00eat ! \u00bb - La Sentinelle","isPartOf":{"@id":"https:\/\/lasentinelle.dz\/#website"},"primaryImageOfPage":{"@id":"https:\/\/lasentinelle.dz\/index.php\/2021\/11\/02\/elections-locales-tout-est-fin-pret\/#primaryimage"},"image":{"@id":"https:\/\/lasentinelle.dz\/index.php\/2021\/11\/02\/elections-locales-tout-est-fin-pret\/#primaryimage"},"thumbnailUrl":"https:\/\/lasentinelle.dz\/wp-content\/uploads\/2021\/11\/image_2021-11-01_172341.png","datePublished":"2021-11-01T23:01:00+00:00","breadcrumb":{"@id":"https:\/\/lasentinelle.dz\/index.php\/2021\/11\/02\/elections-locales-tout-est-fin-pret\/#breadcrumb"},"inLanguage":"fr-FR","potentialAction":[{"@type":"ReadAction","target":["https:\/\/lasentinelle.dz\/index.php\/2021\/11\/02\/elections-locales-tout-est-fin-pret\/"]}]},{"@type":"ImageObject","inLanguage":"fr-FR","@id":"https:\/\/lasentinelle.dz\/index.php\/2021\/11\/02\/elections-locales-tout-est-fin-pret\/#primaryimage","url":"https:\/\/lasentinelle.dz\/wp-content\/uploads\/2021\/11\/image_2021-11-01_172341.png","contentUrl":"https:\/\/lasentinelle.dz\/wp-content\/uploads\/2021\/11\/image_2021-11-01_172341.png","width":660,"height":330},{"@type":"BreadcrumbList","@id":"https:\/\/lasentinelle.dz\/index.php\/2021\/11\/02\/elections-locales-tout-est-fin-pret\/#breadcrumb","itemListElement":[{"@type":"ListItem","position":1,"name":"Accueil","item":"https:\/\/lasentinelle.dz\/"},{"@type":"ListItem","position":2,"name":"\u00c9lections locales : \u00ab Tout est fin pr\u00eat ! \u00bb"}]},{"@type":"WebSite","@id":"https:\/\/lasentinelle.dz\/#website","url":"https:\/\/lasentinelle.dz\/","name":"La Sentinelle","description":"Quotidien national d&#039;information","publisher":{"@id":"https:\/\/lasentinelle.dz\/#organization"},"potentialAction":[{"@type":"SearchAction","target":{"@type":"EntryPoint","urlTemplate":"https:\/\/lasentinelle.dz\/?s={search_term_string}"},"query-input":{"@type":"PropertyValueSpecification","valueRequired":true,"valueName":"search_term_string"}}],"inLanguage":"fr-FR"},{"@type":"Organization","@id":"https:\/\/lasentinelle.dz\/#organization","name":"Quotidien La Sentinelle","url":"https:\/\/lasentinelle.dz\/","logo":{"@type":"ImageObject","inLanguage":"fr-FR","@id":"https:\/\/lasentinelle.dz\/#\/schema\/logo\/image\/","url":"https:\/\/lasentinelle.dz\/wp-content\/uploads\/2021\/09\/logo-sentinelleSLOGAN-1.png","contentUrl":"https:\/\/lasentinelle.dz\/wp-content\/uploads\/2021\/09\/logo-sentinelleSLOGAN-1.png","width":615,"height":142,"caption":"Quotidien La Sentinelle"},"image":{"@id":"https:\/\/lasentinelle.dz\/#\/schema\/logo\/image\/"},"sameAs":["https:\/\/www.facebook.com\/La-Sentinelle-104059864394773"]},{"@type":"Person","@id":"https:\/\/lasentinelle.dz\/#\/schema\/person\/d865044e22e70a75174ce8bcad3acfb3","name":"La Sentinelle","image":{"@type":"ImageObject","inLanguage":"fr-FR","@id":"https:\/\/secure.gravatar.com\/avatar\/57de8e5d4b15d43fb361a71fbb36338450fe67865b528a43dd10ef7c51a20392?s=96&d=mm&r=g","url":"https:\/\/secure.gravatar.com\/avatar\/57de8e5d4b15d43fb361a71fbb36338450fe67865b528a43dd10ef7c51a20392?s=96&d=mm&r=g","contentUrl":"https:\/\/secure.gravatar.com\/avatar\/57de8e5d4b15d43fb361a71fbb36338450fe67865b528a43dd10ef7c51a20392?s=96&d=mm&r=g","caption":"La Sentinelle"},"sameAs":["http:\/\/www.lasentinelle.dz"],"url":"https:\/\/lasentinelle.dz\/author\/redaction\/"}]}},"_links":{"self":[{"href":"https:\/\/lasentinelle.dz\/index.php\/wp-json\/wp\/v2\/posts\/12033","targetHints":{"allow":["GET"]}}],"collection":[{"href":"https:\/\/lasentinelle.dz\/index.php\/wp-json\/wp\/v2\/posts"}],"about":[{"href":"https:\/\/lasentinelle.dz\/index.php\/wp-json\/wp\/v2\/types\/post"}],"author":[{"embeddable":true,"href":"https:\/\/lasentinelle.dz\/index.php\/wp-json\/wp\/v2\/users\/3"}],"replies":[{"embeddable":true,"href":"https:\/\/lasentinelle.dz\/index.php\/wp-json\/wp\/v2\/comments?post=12033"}],"version-history":[{"count":1,"href":"https:\/\/lasentinelle.dz\/index.php\/wp-json\/wp\/v2\/posts\/12033\/revisions"}],"predecessor-version":[{"id":12038,"href":"https:\/\/lasentinelle.dz\/index.php\/wp-json\/wp\/v2\/posts\/12033\/revisions\/12038"}],"wp:featuredmedia":[{"embeddable":true,"href":"https:\/\/lasentinelle.dz\/index.php\/wp-json\/wp\/v2\/media\/12037"}],"wp:attachment":[{"href":"https:\/\/lasentinelle.dz\/index.php\/wp-json\/wp\/v2\/media?parent=12033"}],"wp:term":[{"taxonomy":"category","embeddable":true,"href":"https:\/\/lasentinelle.dz\/index.php\/wp-json\/wp\/v2\/categories?post=12033"},{"taxonomy":"post_tag","embeddable":true,"href":"https:\/\/lasentinelle.dz\/index.php\/wp-json\/wp\/v2\/tags?post=12033"}],"curies":[{"name":"wp","href":"https:\/\/api.w.org\/{rel}","templated":true}]}}