{"id":12040,"date":"2021-11-02T00:01:00","date_gmt":"2021-11-01T23:01:00","guid":{"rendered":"https:\/\/lasentinelle.dz\/?p=12040"},"modified":"2021-11-01T18:17:24","modified_gmt":"2021-11-01T17:17:24","slug":"le-ministre-des-moudjahidines-et-des-ayants-droit-a-laps-2021-est-lannee-de-la-memoire","status":"publish","type":"post","link":"https:\/\/lasentinelle.dz\/index.php\/2021\/11\/02\/le-ministre-des-moudjahidines-et-des-ayants-droit-a-laps-2021-est-lannee-de-la-memoire\/","title":{"rendered":"Le ministre des Moudjahidines et des Ayants-droit \u00e0 l&rsquo;APS : \u00ab 2021 est l\u2019ann\u00e9e de la m\u00e9moire \u00bb"},"content":{"rendered":"\n<p>Le ministre des Moudjahidine et des Ayants droit, Laid Rebiga a,&nbsp;dans un entretien accord\u00e9 \u00e0 l&rsquo;APS, indiqu\u00e9 que&nbsp;le Pr\u00e9sident de la R\u00e9publique, Abdelmadjid Tebboune a donn\u00e9 \u00e0 la M\u00e9moire nationale \u00ab\u00a0la place qui lui sied\u00a0\u00bb, lui qui a \u00e9t\u00e9&nbsp;toujours \u00ab\u00a0soucieux\u00a0\u00bb de l&rsquo;image de l&rsquo;Alg\u00e9rie, \u00ab\u00a0grande\u00a0\u00bb par son histoire, ses institutions et ses hommes nationalistes fid\u00e8les.&nbsp;Continuant sur sa lanc\u00e9e, le ministre a soulign\u00e9 que \u00abcet int\u00e9r\u00eat du Pr\u00e9sident Abdelmadjid Tebboune &nbsp;est un signe de&nbsp;reconnaissance aux \u00e9normes sacrifices consentis par le peuple alg\u00e9rien pour sa libert\u00e9 et son ind\u00e9pendance et \u00e0 la m\u00e9moire des chouhada ainsi qu&rsquo;en cons\u00e9cration des valeurs du Premier Novembre 1954&Prime;.<\/p>\n\n\n\n<p>Evoquant les explosions nucl\u00e9aires dans le sud alg\u00e9rien, les disparus de la guerre de lib\u00e9ration, les archives et la r\u00e9cup\u00e9ration des cr\u00e2nes et des restes mortuaires des chouhada conserv\u00e9s dans l&rsquo;autre rive, M. Abdelmadjid Tebboune a assur\u00e9 que \u00ab\u00a0le traitement des dossiers li\u00e9s \u00e0 la M\u00e9moire suivait son cours\u00a0\u00bb mais actuellement en souffrance alors qu&rsquo;il \u00a0\u00bb faisaient auparavant l&rsquo;objet de discussions communes dans le cadre des commissions de haut niveau et des groupes de travail install\u00e9s \u00e0 cet effet\u00a0\u00bb, a affirm\u00e9 \u00e0 ce chapitre M. Rebiga qui a fait savoir que&nbsp;son d\u00e9partement &nbsp;\u00ab\u00a0s&rsquo;appr\u00eate \u00e0 mettre en place des approches scientifiques bas\u00e9es sur les faits historiques, la recherche acad\u00e9mique et les donn\u00e9es num\u00e9riques concernant les Alg\u00e9riens d\u00e9plac\u00e9s et exil\u00e9s durant l&rsquo;\u00e9poque coloniale, et d&rsquo;autres questions li\u00e9es au dossier des crimes du colonialisme abject de 1830 jusqu&rsquo;\u00e0 1962\u00a0\u00bb.<\/p>\n\n\n\n<p>Par ailleurs, soulignant \u00ab\u00a0le r\u00f4le primordial des m\u00e9dias face \u00e0 la guerre de la m\u00e9moire et toutes les cyberguerres m\u00e9diatiques\u00a0\u00bb, le ministre des Moudjahidines et des Ayants droit a estim\u00e9 que \u00ab\u00a0les d\u00e9marches pour l&rsquo;ancrage de la M\u00e9moire nationale dans l&rsquo;esprit des nouvelles g\u00e9n\u00e9rations est un processus qui ne saurait se concr\u00e9tiser sans l&rsquo;apport, essentiel&nbsp;d&rsquo;ailleurs, de tous les secteurs, les instances et les institutions communautaires\u00a0\u00bb. Toujours au m\u00eame chapitre, M. Rebigua qui a soulign\u00e9 que \u00ab\u00a0la c\u00e9l\u00e9bration de cet anniversaire \u00ab\u00a0intervient dans une conjoncture marqu\u00e9e par les d\u00e9fis de la M\u00e9moire, sans cesse d\u00e9fendue par les enfants de l&rsquo;Alg\u00e9rie, notamment ces derniers jours apr\u00e8s l&rsquo;acharnement observ\u00e9 sur l&rsquo;histoire de notre glorieuse nation\u00a0\u00bb n&rsquo;a pas omis de noter le th\u00e8me choisi pour c\u00e9l\u00e9brer ce 67e anniversaire de d\u00e9clenchement de la Glorieuse guerre de r\u00e9volution qui est \u00ab\u00a0des gloires sur les pas des a\u00efeux\u00a0\u00bb. D&rsquo;ailleurs, explique M. Rebigua, \u00ab\u00a0l&rsquo;ann\u00e9e 2021 a \u00e9t\u00e9 une ann\u00e9e de M\u00e9moire par excellence, \u00e0 l&rsquo;instar de 2020 o\u00f9 l&rsquo;on a assist\u00e9 \u00e0 une op\u00e9ration historique initi\u00e9e par le pr\u00e9sident de la R\u00e9publique pour la restitution des cr\u00e2nes des chouhada de la r\u00e9sistance populaire, l&rsquo;institution du 8 mai de chaque ann\u00e9e journ\u00e9e nationale de la M\u00e9moire et la cr\u00e9ation d&rsquo;une cha\u00eene de t\u00e9l\u00e9vision consacr\u00e9e \u00e0 la M\u00e9moire\u00a0\u00bb. Des &nbsp;d\u00e9cisions toutes aussi importantes, ajoute-t-il, &nbsp;ayant \u00e9t\u00e9 concr\u00e9tis\u00e9es sur terrain et largement salu\u00e9es par le peuple alg\u00e9rien et les sp\u00e9cialistes. Ces d\u00e9cisions&nbsp;\u00ab\u00a0clairvoyantes\u00a0\u00bb et cette \u00ab\u00a0forte\u00a0\u00bb volont\u00e9 politique ont \u00ab\u00a0encourag\u00e9 notre d\u00e9partement minist\u00e9riel \u00e0 poursuivre le soutien des d\u00e9marches s\u00e9rieuses pour l&rsquo;\u00e9criture de l&rsquo;histoire de notre Glorieuse guerre de lib\u00e9ration, et ce, compte tenu de son r\u00f4le dans l&rsquo;\u00e9dification et le renforcement du syst\u00e8me des valeurs, la construction d&rsquo;une personnalit\u00e9 et l&rsquo;approfondissement de l&rsquo;identit\u00e9 nationale conform\u00e9ment \u00e0 la teneur de la Constitution\u00a0\u00bb a-t-il relev\u00e9 tout en annon\u00e7ant la mise sur pied d'\u00a0\u00bbune feuille de route pr\u00e9voyant l&rsquo;organisation de colloques internationaux et nationaux ainsi que des conf\u00e9rences historiques et des journ\u00e9es d&rsquo;\u00e9tude portant sur des probl\u00e9matiques acad\u00e9miques et historiques avec la participation de&nbsp;moudjahidine, de professeurs universitaires et de chercheurs\u00a0\u00bb.<\/p>\n\n\n\n<p><strong>&nbsp;Akli Amor<\/strong><strong><\/strong><\/p>\n","protected":false},"excerpt":{"rendered":"<p>Le ministre des Moudjahidine et des Ayants droit, Laid Rebiga a,&nbsp;dans un entretien accord\u00e9 \u00e0 l&rsquo;APS, indiqu\u00e9 que&nbsp;le Pr\u00e9sident de<\/p>\n","protected":false},"author":3,"featured_media":12047,"comment_status":"open","ping_status":"closed","sticky":false,"template":"","format":"standard","meta":{"colormag_page_container_layout":"default_layout","colormag_page_sidebar_layout":"default_layout","om_disable_all_campaigns":false,"_monsterinsights_skip_tracking":false,"_monsterinsights_sitenote_active":false,"_monsterinsights_sitenote_note":"","_monsterinsights_sitenote_category":0,"footnotes":"","_wpscppro_dont_share_socialmedia":false,"_wpscppro_custom_social_share_image":0,"_facebook_share_type":"","_twitter_share_type":"","_linkedin_share_type":"","_pinterest_share_type":"","_linkedin_share_type_page":"","_instagram_share_type":"","_medium_share_type":"","_threads_share_type":"","_google_business_share_type":"","_selected_social_profile":[],"_wpsp_enable_custom_social_template":false,"_wpsp_social_scheduling":{"enabled":false,"datetime":null,"platforms":[],"status":"template_only","dateOption":"today","timeOption":"now","customDays":"","customHours":"","customDate":"","customTime":"","schedulingType":"absolute"},"_wpsp_active_default_template":true},"categories":[27],"tags":[],"class_list":["post-12040","post","type-post","status-publish","format-standard","has-post-thumbnail","hentry","category-actualite"],"aioseo_notices":[],"yoast_head":"<!-- This site is optimized with the Yoast SEO plugin v27.5 - https:\/\/yoast.com\/product\/yoast-seo-wordpress\/ -->\n<title>Le ministre des Moudjahidines et des Ayants-droit \u00e0 l&#039;APS : \u00ab 2021 est l\u2019ann\u00e9e de la m\u00e9moire \u00bb - La Sentinelle<\/title>\n<meta name=\"robots\" content=\"index, follow, max-snippet:-1, max-image-preview:large, max-video-preview:-1\" \/>\n<link rel=\"canonical\" href=\"https:\/\/lasentinelle.dz\/index.php\/2021\/11\/02\/le-ministre-des-moudjahidines-et-des-ayants-droit-a-laps-2021-est-lannee-de-la-memoire\/\" \/>\n<meta property=\"og:locale\" content=\"fr_FR\" \/>\n<meta property=\"og:type\" content=\"article\" \/>\n<meta property=\"og:title\" content=\"Le ministre des Moudjahidines et des Ayants-droit \u00e0 l&#039;APS : \u00ab 2021 est l\u2019ann\u00e9e de la m\u00e9moire \u00bb - La Sentinelle\" \/>\n<meta property=\"og:description\" content=\"Le ministre des Moudjahidine et des Ayants droit, Laid Rebiga a,&nbsp;dans un entretien accord\u00e9 \u00e0 l&rsquo;APS, indiqu\u00e9 que&nbsp;le Pr\u00e9sident de\" \/>\n<meta property=\"og:url\" content=\"https:\/\/lasentinelle.dz\/index.php\/2021\/11\/02\/le-ministre-des-moudjahidines-et-des-ayants-droit-a-laps-2021-est-lannee-de-la-memoire\/\" \/>\n<meta property=\"og:site_name\" content=\"La Sentinelle\" \/>\n<meta property=\"article:publisher\" content=\"https:\/\/www.facebook.com\/La-Sentinelle-104059864394773\" \/>\n<meta property=\"article:published_time\" content=\"2021-11-01T23:01:00+00:00\" \/>\n<meta property=\"og:image\" content=\"https:\/\/lasentinelle.dz\/wp-content\/uploads\/2021\/11\/image_2021-11-01_181710.png\" \/>\n\t<meta property=\"og:image:width\" content=\"619\" \/>\n\t<meta property=\"og:image:height\" content=\"400\" \/>\n\t<meta property=\"og:image:type\" content=\"image\/png\" \/>\n<meta name=\"author\" content=\"La Sentinelle\" \/>\n<meta name=\"twitter:card\" content=\"summary_large_image\" \/>\n<meta name=\"twitter:label1\" content=\"\u00c9crit par\" \/>\n\t<meta name=\"twitter:data1\" content=\"La Sentinelle\" \/>\n\t<meta name=\"twitter:label2\" content=\"Dur\u00e9e de lecture estim\u00e9e\" \/>\n\t<meta name=\"twitter:data2\" content=\"3 minutes\" \/>\n<script type=\"application\/ld+json\" class=\"yoast-schema-graph\">{\"@context\":\"https:\\\/\\\/schema.org\",\"@graph\":[{\"@type\":\"Article\",\"@id\":\"https:\\\/\\\/lasentinelle.dz\\\/index.php\\\/2021\\\/11\\\/02\\\/le-ministre-des-moudjahidines-et-des-ayants-droit-a-laps-2021-est-lannee-de-la-memoire\\\/#article\",\"isPartOf\":{\"@id\":\"https:\\\/\\\/lasentinelle.dz\\\/index.php\\\/2021\\\/11\\\/02\\\/le-ministre-des-moudjahidines-et-des-ayants-droit-a-laps-2021-est-lannee-de-la-memoire\\\/\"},\"author\":{\"name\":\"La Sentinelle\",\"@id\":\"https:\\\/\\\/lasentinelle.dz\\\/#\\\/schema\\\/person\\\/d865044e22e70a75174ce8bcad3acfb3\"},\"headline\":\"Le ministre des Moudjahidines et des Ayants-droit \u00e0 l&rsquo;APS : \u00ab 2021 est l\u2019ann\u00e9e de la m\u00e9moire \u00bb\",\"datePublished\":\"2021-11-01T23:01:00+00:00\",\"mainEntityOfPage\":{\"@id\":\"https:\\\/\\\/lasentinelle.dz\\\/index.php\\\/2021\\\/11\\\/02\\\/le-ministre-des-moudjahidines-et-des-ayants-droit-a-laps-2021-est-lannee-de-la-memoire\\\/\"},\"wordCount\":727,\"commentCount\":0,\"publisher\":{\"@id\":\"https:\\\/\\\/lasentinelle.dz\\\/#organization\"},\"image\":{\"@id\":\"https:\\\/\\\/lasentinelle.dz\\\/index.php\\\/2021\\\/11\\\/02\\\/le-ministre-des-moudjahidines-et-des-ayants-droit-a-laps-2021-est-lannee-de-la-memoire\\\/#primaryimage\"},\"thumbnailUrl\":\"https:\\\/\\\/lasentinelle.dz\\\/wp-content\\\/uploads\\\/2021\\\/11\\\/image_2021-11-01_181710.png\",\"articleSection\":[\"Actualit\u00e9\"],\"inLanguage\":\"fr-FR\",\"potentialAction\":[{\"@type\":\"CommentAction\",\"name\":\"Comment\",\"target\":[\"https:\\\/\\\/lasentinelle.dz\\\/index.php\\\/2021\\\/11\\\/02\\\/le-ministre-des-moudjahidines-et-des-ayants-droit-a-laps-2021-est-lannee-de-la-memoire\\\/#respond\"]}]},{\"@type\":\"WebPage\",\"@id\":\"https:\\\/\\\/lasentinelle.dz\\\/index.php\\\/2021\\\/11\\\/02\\\/le-ministre-des-moudjahidines-et-des-ayants-droit-a-laps-2021-est-lannee-de-la-memoire\\\/\",\"url\":\"https:\\\/\\\/lasentinelle.dz\\\/index.php\\\/2021\\\/11\\\/02\\\/le-ministre-des-moudjahidines-et-des-ayants-droit-a-laps-2021-est-lannee-de-la-memoire\\\/\",\"name\":\"Le ministre des Moudjahidines et des Ayants-droit \u00e0 l'APS : \u00ab 2021 est l\u2019ann\u00e9e de la m\u00e9moire \u00bb - La Sentinelle\",\"isPartOf\":{\"@id\":\"https:\\\/\\\/lasentinelle.dz\\\/#website\"},\"primaryImageOfPage\":{\"@id\":\"https:\\\/\\\/lasentinelle.dz\\\/index.php\\\/2021\\\/11\\\/02\\\/le-ministre-des-moudjahidines-et-des-ayants-droit-a-laps-2021-est-lannee-de-la-memoire\\\/#primaryimage\"},\"image\":{\"@id\":\"https:\\\/\\\/lasentinelle.dz\\\/index.php\\\/2021\\\/11\\\/02\\\/le-ministre-des-moudjahidines-et-des-ayants-droit-a-laps-2021-est-lannee-de-la-memoire\\\/#primaryimage\"},\"thumbnailUrl\":\"https:\\\/\\\/lasentinelle.dz\\\/wp-content\\\/uploads\\\/2021\\\/11\\\/image_2021-11-01_181710.png\",\"datePublished\":\"2021-11-01T23:01:00+00:00\",\"breadcrumb\":{\"@id\":\"https:\\\/\\\/lasentinelle.dz\\\/index.php\\\/2021\\\/11\\\/02\\\/le-ministre-des-moudjahidines-et-des-ayants-droit-a-laps-2021-est-lannee-de-la-memoire\\\/#breadcrumb\"},\"inLanguage\":\"fr-FR\",\"potentialAction\":[{\"@type\":\"ReadAction\",\"target\":[\"https:\\\/\\\/lasentinelle.dz\\\/index.php\\\/2021\\\/11\\\/02\\\/le-ministre-des-moudjahidines-et-des-ayants-droit-a-laps-2021-est-lannee-de-la-memoire\\\/\"]}]},{\"@type\":\"ImageObject\",\"inLanguage\":\"fr-FR\",\"@id\":\"https:\\\/\\\/lasentinelle.dz\\\/index.php\\\/2021\\\/11\\\/02\\\/le-ministre-des-moudjahidines-et-des-ayants-droit-a-laps-2021-est-lannee-de-la-memoire\\\/#primaryimage\",\"url\":\"https:\\\/\\\/lasentinelle.dz\\\/wp-content\\\/uploads\\\/2021\\\/11\\\/image_2021-11-01_181710.png\",\"contentUrl\":\"https:\\\/\\\/lasentinelle.dz\\\/wp-content\\\/uploads\\\/2021\\\/11\\\/image_2021-11-01_181710.png\",\"width\":619,\"height\":400},{\"@type\":\"BreadcrumbList\",\"@id\":\"https:\\\/\\\/lasentinelle.dz\\\/index.php\\\/2021\\\/11\\\/02\\\/le-ministre-des-moudjahidines-et-des-ayants-droit-a-laps-2021-est-lannee-de-la-memoire\\\/#breadcrumb\",\"itemListElement\":[{\"@type\":\"ListItem\",\"position\":1,\"name\":\"Accueil\",\"item\":\"https:\\\/\\\/lasentinelle.dz\\\/\"},{\"@type\":\"ListItem\",\"position\":2,\"name\":\"Le ministre des Moudjahidines et des Ayants-droit \u00e0 l&rsquo;APS : \u00ab 2021 est l\u2019ann\u00e9e de la m\u00e9moire \u00bb\"}]},{\"@type\":\"WebSite\",\"@id\":\"https:\\\/\\\/lasentinelle.dz\\\/#website\",\"url\":\"https:\\\/\\\/lasentinelle.dz\\\/\",\"name\":\"La Sentinelle\",\"description\":\"Quotidien national d&#039;information\",\"publisher\":{\"@id\":\"https:\\\/\\\/lasentinelle.dz\\\/#organization\"},\"potentialAction\":[{\"@type\":\"SearchAction\",\"target\":{\"@type\":\"EntryPoint\",\"urlTemplate\":\"https:\\\/\\\/lasentinelle.dz\\\/?s={search_term_string}\"},\"query-input\":{\"@type\":\"PropertyValueSpecification\",\"valueRequired\":true,\"valueName\":\"search_term_string\"}}],\"inLanguage\":\"fr-FR\"},{\"@type\":\"Organization\",\"@id\":\"https:\\\/\\\/lasentinelle.dz\\\/#organization\",\"name\":\"Quotidien La Sentinelle\",\"url\":\"https:\\\/\\\/lasentinelle.dz\\\/\",\"logo\":{\"@type\":\"ImageObject\",\"inLanguage\":\"fr-FR\",\"@id\":\"https:\\\/\\\/lasentinelle.dz\\\/#\\\/schema\\\/logo\\\/image\\\/\",\"url\":\"https:\\\/\\\/lasentinelle.dz\\\/wp-content\\\/uploads\\\/2021\\\/09\\\/logo-sentinelleSLOGAN-1.png\",\"contentUrl\":\"https:\\\/\\\/lasentinelle.dz\\\/wp-content\\\/uploads\\\/2021\\\/09\\\/logo-sentinelleSLOGAN-1.png\",\"width\":615,\"height\":142,\"caption\":\"Quotidien La Sentinelle\"},\"image\":{\"@id\":\"https:\\\/\\\/lasentinelle.dz\\\/#\\\/schema\\\/logo\\\/image\\\/\"},\"sameAs\":[\"https:\\\/\\\/www.facebook.com\\\/La-Sentinelle-104059864394773\"]},{\"@type\":\"Person\",\"@id\":\"https:\\\/\\\/lasentinelle.dz\\\/#\\\/schema\\\/person\\\/d865044e22e70a75174ce8bcad3acfb3\",\"name\":\"La Sentinelle\",\"image\":{\"@type\":\"ImageObject\",\"inLanguage\":\"fr-FR\",\"@id\":\"https:\\\/\\\/secure.gravatar.com\\\/avatar\\\/57de8e5d4b15d43fb361a71fbb36338450fe67865b528a43dd10ef7c51a20392?s=96&d=mm&r=g\",\"url\":\"https:\\\/\\\/secure.gravatar.com\\\/avatar\\\/57de8e5d4b15d43fb361a71fbb36338450fe67865b528a43dd10ef7c51a20392?s=96&d=mm&r=g\",\"contentUrl\":\"https:\\\/\\\/secure.gravatar.com\\\/avatar\\\/57de8e5d4b15d43fb361a71fbb36338450fe67865b528a43dd10ef7c51a20392?s=96&d=mm&r=g\",\"caption\":\"La Sentinelle\"},\"sameAs\":[\"http:\\\/\\\/www.lasentinelle.dz\"],\"url\":\"https:\\\/\\\/lasentinelle.dz\\\/author\\\/redaction\\\/\"}]}<\/script>\n<!-- \/ Yoast SEO plugin. -->","yoast_head_json":{"title":"Le ministre des Moudjahidines et des Ayants-droit \u00e0 l'APS : \u00ab 2021 est l\u2019ann\u00e9e de la m\u00e9moire \u00bb - La Sentinelle","robots":{"index":"index","follow":"follow","max-snippet":"max-snippet:-1","max-image-preview":"max-image-preview:large","max-video-preview":"max-video-preview:-1"},"canonical":"https:\/\/lasentinelle.dz\/index.php\/2021\/11\/02\/le-ministre-des-moudjahidines-et-des-ayants-droit-a-laps-2021-est-lannee-de-la-memoire\/","og_locale":"fr_FR","og_type":"article","og_title":"Le ministre des Moudjahidines et des Ayants-droit \u00e0 l'APS : \u00ab 2021 est l\u2019ann\u00e9e de la m\u00e9moire \u00bb - La Sentinelle","og_description":"Le ministre des Moudjahidine et des Ayants droit, Laid Rebiga a,&nbsp;dans un entretien accord\u00e9 \u00e0 l&rsquo;APS, indiqu\u00e9 que&nbsp;le Pr\u00e9sident de","og_url":"https:\/\/lasentinelle.dz\/index.php\/2021\/11\/02\/le-ministre-des-moudjahidines-et-des-ayants-droit-a-laps-2021-est-lannee-de-la-memoire\/","og_site_name":"La Sentinelle","article_publisher":"https:\/\/www.facebook.com\/La-Sentinelle-104059864394773","article_published_time":"2021-11-01T23:01:00+00:00","og_image":[{"width":619,"height":400,"url":"https:\/\/lasentinelle.dz\/wp-content\/uploads\/2021\/11\/image_2021-11-01_181710.png","type":"image\/png"}],"author":"La Sentinelle","twitter_card":"summary_large_image","twitter_misc":{"\u00c9crit par":"La Sentinelle","Dur\u00e9e de lecture estim\u00e9e":"3 minutes"},"schema":{"@context":"https:\/\/schema.org","@graph":[{"@type":"Article","@id":"https:\/\/lasentinelle.dz\/index.php\/2021\/11\/02\/le-ministre-des-moudjahidines-et-des-ayants-droit-a-laps-2021-est-lannee-de-la-memoire\/#article","isPartOf":{"@id":"https:\/\/lasentinelle.dz\/index.php\/2021\/11\/02\/le-ministre-des-moudjahidines-et-des-ayants-droit-a-laps-2021-est-lannee-de-la-memoire\/"},"author":{"name":"La Sentinelle","@id":"https:\/\/lasentinelle.dz\/#\/schema\/person\/d865044e22e70a75174ce8bcad3acfb3"},"headline":"Le ministre des Moudjahidines et des Ayants-droit \u00e0 l&rsquo;APS : \u00ab 2021 est l\u2019ann\u00e9e de la m\u00e9moire \u00bb","datePublished":"2021-11-01T23:01:00+00:00","mainEntityOfPage":{"@id":"https:\/\/lasentinelle.dz\/index.php\/2021\/11\/02\/le-ministre-des-moudjahidines-et-des-ayants-droit-a-laps-2021-est-lannee-de-la-memoire\/"},"wordCount":727,"commentCount":0,"publisher":{"@id":"https:\/\/lasentinelle.dz\/#organization"},"image":{"@id":"https:\/\/lasentinelle.dz\/index.php\/2021\/11\/02\/le-ministre-des-moudjahidines-et-des-ayants-droit-a-laps-2021-est-lannee-de-la-memoire\/#primaryimage"},"thumbnailUrl":"https:\/\/lasentinelle.dz\/wp-content\/uploads\/2021\/11\/image_2021-11-01_181710.png","articleSection":["Actualit\u00e9"],"inLanguage":"fr-FR","potentialAction":[{"@type":"CommentAction","name":"Comment","target":["https:\/\/lasentinelle.dz\/index.php\/2021\/11\/02\/le-ministre-des-moudjahidines-et-des-ayants-droit-a-laps-2021-est-lannee-de-la-memoire\/#respond"]}]},{"@type":"WebPage","@id":"https:\/\/lasentinelle.dz\/index.php\/2021\/11\/02\/le-ministre-des-moudjahidines-et-des-ayants-droit-a-laps-2021-est-lannee-de-la-memoire\/","url":"https:\/\/lasentinelle.dz\/index.php\/2021\/11\/02\/le-ministre-des-moudjahidines-et-des-ayants-droit-a-laps-2021-est-lannee-de-la-memoire\/","name":"Le ministre des Moudjahidines et des Ayants-droit \u00e0 l'APS : \u00ab 2021 est l\u2019ann\u00e9e de la m\u00e9moire \u00bb - La Sentinelle","isPartOf":{"@id":"https:\/\/lasentinelle.dz\/#website"},"primaryImageOfPage":{"@id":"https:\/\/lasentinelle.dz\/index.php\/2021\/11\/02\/le-ministre-des-moudjahidines-et-des-ayants-droit-a-laps-2021-est-lannee-de-la-memoire\/#primaryimage"},"image":{"@id":"https:\/\/lasentinelle.dz\/index.php\/2021\/11\/02\/le-ministre-des-moudjahidines-et-des-ayants-droit-a-laps-2021-est-lannee-de-la-memoire\/#primaryimage"},"thumbnailUrl":"https:\/\/lasentinelle.dz\/wp-content\/uploads\/2021\/11\/image_2021-11-01_181710.png","datePublished":"2021-11-01T23:01:00+00:00","breadcrumb":{"@id":"https:\/\/lasentinelle.dz\/index.php\/2021\/11\/02\/le-ministre-des-moudjahidines-et-des-ayants-droit-a-laps-2021-est-lannee-de-la-memoire\/#breadcrumb"},"inLanguage":"fr-FR","potentialAction":[{"@type":"ReadAction","target":["https:\/\/lasentinelle.dz\/index.php\/2021\/11\/02\/le-ministre-des-moudjahidines-et-des-ayants-droit-a-laps-2021-est-lannee-de-la-memoire\/"]}]},{"@type":"ImageObject","inLanguage":"fr-FR","@id":"https:\/\/lasentinelle.dz\/index.php\/2021\/11\/02\/le-ministre-des-moudjahidines-et-des-ayants-droit-a-laps-2021-est-lannee-de-la-memoire\/#primaryimage","url":"https:\/\/lasentinelle.dz\/wp-content\/uploads\/2021\/11\/image_2021-11-01_181710.png","contentUrl":"https:\/\/lasentinelle.dz\/wp-content\/uploads\/2021\/11\/image_2021-11-01_181710.png","width":619,"height":400},{"@type":"BreadcrumbList","@id":"https:\/\/lasentinelle.dz\/index.php\/2021\/11\/02\/le-ministre-des-moudjahidines-et-des-ayants-droit-a-laps-2021-est-lannee-de-la-memoire\/#breadcrumb","itemListElement":[{"@type":"ListItem","position":1,"name":"Accueil","item":"https:\/\/lasentinelle.dz\/"},{"@type":"ListItem","position":2,"name":"Le ministre des Moudjahidines et des Ayants-droit \u00e0 l&rsquo;APS : \u00ab 2021 est l\u2019ann\u00e9e de la m\u00e9moire \u00bb"}]},{"@type":"WebSite","@id":"https:\/\/lasentinelle.dz\/#website","url":"https:\/\/lasentinelle.dz\/","name":"La Sentinelle","description":"Quotidien national d&#039;information","publisher":{"@id":"https:\/\/lasentinelle.dz\/#organization"},"potentialAction":[{"@type":"SearchAction","target":{"@type":"EntryPoint","urlTemplate":"https:\/\/lasentinelle.dz\/?s={search_term_string}"},"query-input":{"@type":"PropertyValueSpecification","valueRequired":true,"valueName":"search_term_string"}}],"inLanguage":"fr-FR"},{"@type":"Organization","@id":"https:\/\/lasentinelle.dz\/#organization","name":"Quotidien La Sentinelle","url":"https:\/\/lasentinelle.dz\/","logo":{"@type":"ImageObject","inLanguage":"fr-FR","@id":"https:\/\/lasentinelle.dz\/#\/schema\/logo\/image\/","url":"https:\/\/lasentinelle.dz\/wp-content\/uploads\/2021\/09\/logo-sentinelleSLOGAN-1.png","contentUrl":"https:\/\/lasentinelle.dz\/wp-content\/uploads\/2021\/09\/logo-sentinelleSLOGAN-1.png","width":615,"height":142,"caption":"Quotidien La Sentinelle"},"image":{"@id":"https:\/\/lasentinelle.dz\/#\/schema\/logo\/image\/"},"sameAs":["https:\/\/www.facebook.com\/La-Sentinelle-104059864394773"]},{"@type":"Person","@id":"https:\/\/lasentinelle.dz\/#\/schema\/person\/d865044e22e70a75174ce8bcad3acfb3","name":"La Sentinelle","image":{"@type":"ImageObject","inLanguage":"fr-FR","@id":"https:\/\/secure.gravatar.com\/avatar\/57de8e5d4b15d43fb361a71fbb36338450fe67865b528a43dd10ef7c51a20392?s=96&d=mm&r=g","url":"https:\/\/secure.gravatar.com\/avatar\/57de8e5d4b15d43fb361a71fbb36338450fe67865b528a43dd10ef7c51a20392?s=96&d=mm&r=g","contentUrl":"https:\/\/secure.gravatar.com\/avatar\/57de8e5d4b15d43fb361a71fbb36338450fe67865b528a43dd10ef7c51a20392?s=96&d=mm&r=g","caption":"La Sentinelle"},"sameAs":["http:\/\/www.lasentinelle.dz"],"url":"https:\/\/lasentinelle.dz\/author\/redaction\/"}]}},"_links":{"self":[{"href":"https:\/\/lasentinelle.dz\/index.php\/wp-json\/wp\/v2\/posts\/12040","targetHints":{"allow":["GET"]}}],"collection":[{"href":"https:\/\/lasentinelle.dz\/index.php\/wp-json\/wp\/v2\/posts"}],"about":[{"href":"https:\/\/lasentinelle.dz\/index.php\/wp-json\/wp\/v2\/types\/post"}],"author":[{"embeddable":true,"href":"https:\/\/lasentinelle.dz\/index.php\/wp-json\/wp\/v2\/users\/3"}],"replies":[{"embeddable":true,"href":"https:\/\/lasentinelle.dz\/index.php\/wp-json\/wp\/v2\/comments?post=12040"}],"version-history":[{"count":1,"href":"https:\/\/lasentinelle.dz\/index.php\/wp-json\/wp\/v2\/posts\/12040\/revisions"}],"predecessor-version":[{"id":12048,"href":"https:\/\/lasentinelle.dz\/index.php\/wp-json\/wp\/v2\/posts\/12040\/revisions\/12048"}],"wp:featuredmedia":[{"embeddable":true,"href":"https:\/\/lasentinelle.dz\/index.php\/wp-json\/wp\/v2\/media\/12047"}],"wp:attachment":[{"href":"https:\/\/lasentinelle.dz\/index.php\/wp-json\/wp\/v2\/media?parent=12040"}],"wp:term":[{"taxonomy":"category","embeddable":true,"href":"https:\/\/lasentinelle.dz\/index.php\/wp-json\/wp\/v2\/categories?post=12040"},{"taxonomy":"post_tag","embeddable":true,"href":"https:\/\/lasentinelle.dz\/index.php\/wp-json\/wp\/v2\/tags?post=12040"}],"curies":[{"name":"wp","href":"https:\/\/api.w.org\/{rel}","templated":true}]}}